{"id":79445,"date":"2021-05-25T18:01:00","date_gmt":"2021-05-25T16:01:00","guid":{"rendered":"https:\/\/www.monaco-tribune.com\/2021\/05\/la-programmazione-del-monte-carlo-sporting-summer-festival-e-stata-svelata\/"},"modified":"2021-05-25T18:01:11","modified_gmt":"2021-05-25T16:01:11","slug":"la-programmazione-del-monte-carlo-sporting-summer-festival-e-stata-svelata","status":"publish","type":"post","link":"https:\/\/www.monaco-tribune.com\/it\/2021\/05\/la-programmazione-del-monte-carlo-sporting-summer-festival-e-stata-svelata\/","title":{"rendered":"La programmazione del Monte Carlo Sporting Summer Festival \u00e8 stata svelata"},"content":{"rendered":"\n<p><strong>La programmazione del Monte Carlo Sporting Summer Festival, che si terr\u00e0 dal 16 luglio al 14 agosto 2021, \u00e8 finalmente di pubblico dominio. I visitatori non rimarranno di certo delusi!\u00a0<\/strong><\/p>\n\n<p>Da 45 anni, tutte le pi\u00f9 grandi star si ritrovano ogni estate al Monte-Carlo Sporting Summer Festival, organizzato con il patrocinio del Casin\u00f2 di Monte Carlo. Il festival, che l&#8217;anno scorso \u00e8 stato annullato a causa dell&#8217;emergenza sanitaria, quest&#8217;anno ritorner\u00e0 a occupare luoghi emblematici come la Salle des \u00c9toiles, a l\u2019Op\u00e9ra Garnier Monte Carlo, o la Piazza del Casin\u00f2 di Monte Carlo.<\/p>\n\n<p>La pandemia, per\u00f2, ha influito anche quest&#8217;anno sull&#8217;evento, seppur in modo lieve: il programma prevede meno date e la capacit\u00e0 di accoglienza \u00e8 ridotta. Infine, la cena\/spettacolo resta, ma con l&#8217;obbligo del distanziamento sociale. Le misure sanitarie, per quella data, potrebbero anche alleggerirsi e il pubblico potrebbe essere pi\u00f9 numeroso.<\/p>\n\n<h2 class=\"wp-block-heading\" id=\"h-une-programmation-de-qualit\">Una programmazione di qualit\u00e0<\/h2>\n\n<p>Il programma di questa edizione prevede grandi star internazionali, come l&#8217;artista britannico Jamie Cullum che aprir\u00e0 l&#8217;evento. Lo spettacolo <em>The Show, <\/em>il 24 luglio<em>, <\/em>sar\u00e0 un tributo ai grandi successi degli ABBA. Da segnalare anche il ritorno di Paolo Conte il 6 agosto, dopo quattro anni di assenza, e il concerto di Enrique Iglesias il 7 agosto. L&#8217;ultima serata del festival ospiter\u00e0 le Sister Sledge, le celebri interpreti del brano <em>We Are Family<\/em>.<\/p>\n\n<p>Dalla musica disco a quella dance, ce ne sar\u00e0 per tutti i gusti musicali. Inoltre, tre serate speciali saranno dedicate al pubblico internazionale. La musica russa risuoner\u00e0 nella Salle des Etoiles il 31 luglio, con Stas Mikhailov \u2013 Artik &amp; Asti, e il 10 agosto, con l&#8217;esibizione di Valery Meladze, Via Gra e Albina Dzhanabeava. Infine, sar\u00e0 il turno della musica orientale con l&#8217;artista Assi Al Hallani.<\/p>\n\n<p><em>Per maggiori informazioni: <a href=\"https:\/\/www.montecarlosbm.com\/fr\/spectacles\/monte-carlo-sporting-summer-festival\">Monte Carlo Sporting Summer Festival<\/a><\/em><\/p>\n","protected":false},"excerpt":{"rendered":"<p>La programmazione del Monte Carlo Sporting Summer Festival, che si terr\u00e0 dal 16 luglio al 14 agosto 2021, \u00e8 finalmente [&hellip;]<\/p>\n","protected":false},"author":47,"featured_media":79369,"comment_status":"closed","ping_status":"closed","sticky":false,"template":"","format":"standard","meta":{"_acf_changed":false,"footnotes":""},"categories":[1738],"tags":[2889],"post_sectags":[],"post_format":[2471],"class_list":["post-79445","post","type-post","status-publish","format-standard","has-post-thumbnail","hentry","category-notizie","tag-musica","format-evento"],"acf":[],"yoast_head":"<!-- This site is optimized with the Yoast SEO Premium plugin v26.8 (Yoast SEO v27.4) - https:\/\/yoast.com\/product\/yoast-seo-premium-wordpress\/ -->\n<title>La programmazione del Monte Carlo Sporting Summer Festival \u00e8 stata svelata<\/title>\n<meta name=\"description\" content=\"La programmazione del Monte Carlo Sporting Summer Festival, che si terr\u00e0 dal 16 luglio al 14 agosto 2021, \u00e8 finalmente di pubblico dominio. I visitatori\" \/>\n<meta name=\"robots\" content=\"index, follow, max-snippet:-1, max-image-preview:large, max-video-preview:-1\" \/>\n<link rel=\"canonical\" href=\"https:\/\/www.monaco-tribune.com\/it\/2021\/05\/la-programmazione-del-monte-carlo-sporting-summer-festival-e-stata-svelata\/\" \/>\n<meta property=\"og:locale\" content=\"it_IT\" \/>\n<meta property=\"og:type\" content=\"article\" \/>\n<meta property=\"og:title\" content=\"La programmazione del Monte Carlo Sporting Summer Festival \u00e8 stata svelata - Monaco Tribune\" \/>\n<meta property=\"og:description\" content=\"La programmazione del Monte Carlo Sporting Summer Festival, che si terr\u00e0 dal 16 luglio al 14 agosto 2021, \u00e8 finalmente di pubblico dominio. I visitatori\" \/>\n<meta property=\"og:url\" content=\"https:\/\/www.monaco-tribune.com\/it\/2021\/05\/la-programmazione-del-monte-carlo-sporting-summer-festival-e-stata-svelata\/\" \/>\n<meta property=\"og:site_name\" content=\"Monaco Tribune\" \/>\n<meta property=\"article:publisher\" content=\"https:\/\/www.facebook.com\/MonacoTribune\" \/>\n<meta property=\"article:published_time\" content=\"2021-05-25T16:01:00+00:00\" \/>\n<meta property=\"article:modified_time\" content=\"2021-05-25T16:01:11+00:00\" \/>\n<meta property=\"og:image\" content=\"https:\/\/www.monaco-tribune.com\/wp-content\/uploads\/2021\/05\/abba_monaco-montecarlosbm-copy.jpg\" \/>\n\t<meta property=\"og:image:width\" content=\"941\" \/>\n\t<meta property=\"og:image:height\" content=\"610\" \/>\n\t<meta property=\"og:image:type\" content=\"image\/jpeg\" \/>\n<meta name=\"author\" content=\"Agathe Ch\u00e9reau\" \/>\n<meta name=\"twitter:card\" content=\"summary_large_image\" \/>\n<meta name=\"twitter:creator\" content=\"@MonacoTribune\" \/>\n<meta name=\"twitter:site\" content=\"@MonacoTribune\" \/>\n<script type=\"application\/ld+json\" class=\"yoast-schema-graph\">{\"@context\":\"https:\\\/\\\/schema.org\",\"@graph\":[{\"@type\":\"NewsArticle\",\"@id\":\"https:\\\/\\\/www.monaco-tribune.com\\\/it\\\/2021\\\/05\\\/la-programmazione-del-monte-carlo-sporting-summer-festival-e-stata-svelata\\\/#article\",\"isPartOf\":{\"@id\":\"https:\\\/\\\/www.monaco-tribune.com\\\/it\\\/2021\\\/05\\\/la-programmazione-del-monte-carlo-sporting-summer-festival-e-stata-svelata\\\/\"},\"author\":{\"name\":\"Agathe Ch\u00e9reau\",\"@id\":\"https:\\\/\\\/www.monaco-tribune.com\\\/it\\\/#\\\/schema\\\/person\\\/fba2f8d5a098d473c92e84cc43a8f730\"},\"headline\":\"La programmazione del Monte Carlo Sporting Summer Festival \u00e8 stata svelata\",\"datePublished\":\"2021-05-25T16:01:00+00:00\",\"dateModified\":\"2021-05-25T16:01:11+00:00\",\"mainEntityOfPage\":{\"@id\":\"https:\\\/\\\/www.monaco-tribune.com\\\/it\\\/2021\\\/05\\\/la-programmazione-del-monte-carlo-sporting-summer-festival-e-stata-svelata\\\/\"},\"wordCount\":305,\"publisher\":{\"@id\":\"https:\\\/\\\/www.monaco-tribune.com\\\/it\\\/#organization\"},\"image\":{\"@id\":\"https:\\\/\\\/www.monaco-tribune.com\\\/it\\\/2021\\\/05\\\/la-programmazione-del-monte-carlo-sporting-summer-festival-e-stata-svelata\\\/#primaryimage\"},\"thumbnailUrl\":\"https:\\\/\\\/www.monaco-tribune.com\\\/wp-content\\\/uploads\\\/2021\\\/05\\\/abba_monaco-montecarlosbm-copy.jpg\",\"keywords\":[\"Musica\"],\"articleSection\":[\"Notizie\"],\"inLanguage\":\"it-IT\",\"copyrightYear\":\"2021\",\"copyrightHolder\":{\"@id\":\"https:\\\/\\\/www.monaco-tribune.com\\\/#organization\"}},{\"@type\":\"WebPage\",\"@id\":\"https:\\\/\\\/www.monaco-tribune.com\\\/it\\\/2021\\\/05\\\/la-programmazione-del-monte-carlo-sporting-summer-festival-e-stata-svelata\\\/\",\"url\":\"https:\\\/\\\/www.monaco-tribune.com\\\/it\\\/2021\\\/05\\\/la-programmazione-del-monte-carlo-sporting-summer-festival-e-stata-svelata\\\/\",\"name\":\"La programmazione del Monte Carlo Sporting Summer Festival \u00e8 stata svelata\",\"isPartOf\":{\"@id\":\"https:\\\/\\\/www.monaco-tribune.com\\\/it\\\/#website\"},\"primaryImageOfPage\":{\"@id\":\"https:\\\/\\\/www.monaco-tribune.com\\\/it\\\/2021\\\/05\\\/la-programmazione-del-monte-carlo-sporting-summer-festival-e-stata-svelata\\\/#primaryimage\"},\"image\":{\"@id\":\"https:\\\/\\\/www.monaco-tribune.com\\\/it\\\/2021\\\/05\\\/la-programmazione-del-monte-carlo-sporting-summer-festival-e-stata-svelata\\\/#primaryimage\"},\"thumbnailUrl\":\"https:\\\/\\\/www.monaco-tribune.com\\\/wp-content\\\/uploads\\\/2021\\\/05\\\/abba_monaco-montecarlosbm-copy.jpg\",\"datePublished\":\"2021-05-25T16:01:00+00:00\",\"dateModified\":\"2021-05-25T16:01:11+00:00\",\"description\":\"La programmazione del Monte Carlo Sporting Summer Festival, che si terr\u00e0 dal 16 luglio al 14 agosto 2021, \u00e8 finalmente di pubblico dominio. I visitatori\",\"breadcrumb\":{\"@id\":\"https:\\\/\\\/www.monaco-tribune.com\\\/it\\\/2021\\\/05\\\/la-programmazione-del-monte-carlo-sporting-summer-festival-e-stata-svelata\\\/#breadcrumb\"},\"inLanguage\":\"it-IT\",\"potentialAction\":[{\"@type\":\"ReadAction\",\"target\":[\"https:\\\/\\\/www.monaco-tribune.com\\\/it\\\/2021\\\/05\\\/la-programmazione-del-monte-carlo-sporting-summer-festival-e-stata-svelata\\\/\"]}]},{\"@type\":\"ImageObject\",\"inLanguage\":\"it-IT\",\"@id\":\"https:\\\/\\\/www.monaco-tribune.com\\\/it\\\/2021\\\/05\\\/la-programmazione-del-monte-carlo-sporting-summer-festival-e-stata-svelata\\\/#primaryimage\",\"url\":\"https:\\\/\\\/www.monaco-tribune.com\\\/wp-content\\\/uploads\\\/2021\\\/05\\\/abba_monaco-montecarlosbm-copy.jpg\",\"contentUrl\":\"https:\\\/\\\/www.monaco-tribune.com\\\/wp-content\\\/uploads\\\/2021\\\/05\\\/abba_monaco-montecarlosbm-copy.jpg\",\"width\":941,\"height\":610,\"caption\":\"ABBA via Monte-Carlo SBM\"},{\"@type\":\"BreadcrumbList\",\"@id\":\"https:\\\/\\\/www.monaco-tribune.com\\\/it\\\/2021\\\/05\\\/la-programmazione-del-monte-carlo-sporting-summer-festival-e-stata-svelata\\\/#breadcrumb\",\"itemListElement\":[{\"@type\":\"ListItem\",\"position\":1,\"name\":\"Accueil\",\"item\":\"https:\\\/\\\/www.monaco-tribune.com\\\/it\\\/\"},{\"@type\":\"ListItem\",\"position\":2,\"name\":\"La programmazione del Monte Carlo Sporting Summer Festival \u00e8 stata svelata\"}]},{\"@type\":\"WebSite\",\"@id\":\"https:\\\/\\\/www.monaco-tribune.com\\\/it\\\/#website\",\"url\":\"https:\\\/\\\/www.monaco-tribune.com\\\/it\\\/\",\"name\":\"Monaco Tribune\",\"description\":\"Monaco : actualit\u00e9s \u00e9conomiques, politiques, culturelles et sportives de Monaco et de la French Riviera.\",\"publisher\":{\"@id\":\"https:\\\/\\\/www.monaco-tribune.com\\\/it\\\/#organization\"},\"potentialAction\":[{\"@type\":\"SearchAction\",\"target\":{\"@type\":\"EntryPoint\",\"urlTemplate\":\"https:\\\/\\\/www.monaco-tribune.com\\\/it\\\/?s={search_term_string}\"},\"query-input\":{\"@type\":\"PropertyValueSpecification\",\"valueRequired\":true,\"valueName\":\"search_term_string\"}}],\"inLanguage\":\"it-IT\"},{\"@type\":\"Organization\",\"@id\":\"https:\\\/\\\/www.monaco-tribune.com\\\/it\\\/#organization\",\"name\":\"Monaco Tribune\",\"url\":\"https:\\\/\\\/www.monaco-tribune.com\\\/it\\\/\",\"logo\":{\"@type\":\"ImageObject\",\"inLanguage\":\"it-IT\",\"@id\":\"https:\\\/\\\/www.monaco-tribune.com\\\/it\\\/#\\\/schema\\\/logo\\\/image\\\/\",\"url\":\"https:\\\/\\\/www.monaco-tribune.com\\\/wp-content\\\/uploads\\\/2022\\\/11\\\/logo-monaco-tribune.png\",\"contentUrl\":\"https:\\\/\\\/www.monaco-tribune.com\\\/wp-content\\\/uploads\\\/2022\\\/11\\\/logo-monaco-tribune.png\",\"width\":1548,\"height\":600,\"caption\":\"Monaco Tribune\"},\"image\":{\"@id\":\"https:\\\/\\\/www.monaco-tribune.com\\\/it\\\/#\\\/schema\\\/logo\\\/image\\\/\"},\"sameAs\":[\"https:\\\/\\\/www.facebook.com\\\/MonacoTribune\",\"https:\\\/\\\/x.com\\\/MonacoTribune\",\"https:\\\/\\\/www.instagram.com\\\/monacotribune\\\/\",\"https:\\\/\\\/www.linkedin.com\\\/company\\\/monaco-tribune\",\"https:\\\/\\\/www.youtube.com\\\/channel\\\/UCHle1MnG6hw1y4lWKijVbMA\"]},{\"@type\":\"Person\",\"@id\":\"https:\\\/\\\/www.monaco-tribune.com\\\/it\\\/#\\\/schema\\\/person\\\/fba2f8d5a098d473c92e84cc43a8f730\",\"name\":\"Agathe Ch\u00e9reau\",\"image\":{\"@type\":\"ImageObject\",\"inLanguage\":\"it-IT\",\"@id\":\"https:\\\/\\\/secure.gravatar.com\\\/avatar\\\/884b20ed9d4430c24d77a3ad560b1c21da67bd6992531a1971822779f9988ea5?s=96&d=mm&r=g\",\"url\":\"https:\\\/\\\/secure.gravatar.com\\\/avatar\\\/884b20ed9d4430c24d77a3ad560b1c21da67bd6992531a1971822779f9988ea5?s=96&d=mm&r=g\",\"contentUrl\":\"https:\\\/\\\/secure.gravatar.com\\\/avatar\\\/884b20ed9d4430c24d77a3ad560b1c21da67bd6992531a1971822779f9988ea5?s=96&d=mm&r=g\",\"caption\":\"Agathe Ch\u00e9reau\"},\"url\":\"https:\\\/\\\/www.monaco-tribune.com\\\/it\\\/author\\\/agathechereau\\\/\"}]}<\/script>\n<!-- \/ Yoast SEO Premium plugin. -->","yoast_head_json":{"title":"La programmazione del Monte Carlo Sporting Summer Festival \u00e8 stata svelata","description":"La programmazione del Monte Carlo Sporting Summer Festival, che si terr\u00e0 dal 16 luglio al 14 agosto 2021, \u00e8 finalmente di pubblico dominio. I visitatori","robots":{"index":"index","follow":"follow","max-snippet":"max-snippet:-1","max-image-preview":"max-image-preview:large","max-video-preview":"max-video-preview:-1"},"canonical":"https:\/\/www.monaco-tribune.com\/it\/2021\/05\/la-programmazione-del-monte-carlo-sporting-summer-festival-e-stata-svelata\/","og_locale":"it_IT","og_type":"article","og_title":"La programmazione del Monte Carlo Sporting Summer Festival \u00e8 stata svelata - Monaco Tribune","og_description":"La programmazione del Monte Carlo Sporting Summer Festival, che si terr\u00e0 dal 16 luglio al 14 agosto 2021, \u00e8 finalmente di pubblico dominio. I visitatori","og_url":"https:\/\/www.monaco-tribune.com\/it\/2021\/05\/la-programmazione-del-monte-carlo-sporting-summer-festival-e-stata-svelata\/","og_site_name":"Monaco Tribune","article_publisher":"https:\/\/www.facebook.com\/MonacoTribune","article_published_time":"2021-05-25T16:01:00+00:00","article_modified_time":"2021-05-25T16:01:11+00:00","og_image":[{"width":941,"height":610,"url":"https:\/\/www.monaco-tribune.com\/wp-content\/uploads\/2021\/05\/abba_monaco-montecarlosbm-copy.jpg","type":"image\/jpeg"}],"author":"Agathe Ch\u00e9reau","twitter_card":"summary_large_image","twitter_creator":"@MonacoTribune","twitter_site":"@MonacoTribune","schema":{"@context":"https:\/\/schema.org","@graph":[{"@type":"NewsArticle","@id":"https:\/\/www.monaco-tribune.com\/it\/2021\/05\/la-programmazione-del-monte-carlo-sporting-summer-festival-e-stata-svelata\/#article","isPartOf":{"@id":"https:\/\/www.monaco-tribune.com\/it\/2021\/05\/la-programmazione-del-monte-carlo-sporting-summer-festival-e-stata-svelata\/"},"author":{"name":"Agathe Ch\u00e9reau","@id":"https:\/\/www.monaco-tribune.com\/it\/#\/schema\/person\/fba2f8d5a098d473c92e84cc43a8f730"},"headline":"La programmazione del Monte Carlo Sporting Summer Festival \u00e8 stata svelata","datePublished":"2021-05-25T16:01:00+00:00","dateModified":"2021-05-25T16:01:11+00:00","mainEntityOfPage":{"@id":"https:\/\/www.monaco-tribune.com\/it\/2021\/05\/la-programmazione-del-monte-carlo-sporting-summer-festival-e-stata-svelata\/"},"wordCount":305,"publisher":{"@id":"https:\/\/www.monaco-tribune.com\/it\/#organization"},"image":{"@id":"https:\/\/www.monaco-tribune.com\/it\/2021\/05\/la-programmazione-del-monte-carlo-sporting-summer-festival-e-stata-svelata\/#primaryimage"},"thumbnailUrl":"https:\/\/www.monaco-tribune.com\/wp-content\/uploads\/2021\/05\/abba_monaco-montecarlosbm-copy.jpg","keywords":["Musica"],"articleSection":["Notizie"],"inLanguage":"it-IT","copyrightYear":"2021","copyrightHolder":{"@id":"https:\/\/www.monaco-tribune.com\/#organization"}},{"@type":"WebPage","@id":"https:\/\/www.monaco-tribune.com\/it\/2021\/05\/la-programmazione-del-monte-carlo-sporting-summer-festival-e-stata-svelata\/","url":"https:\/\/www.monaco-tribune.com\/it\/2021\/05\/la-programmazione-del-monte-carlo-sporting-summer-festival-e-stata-svelata\/","name":"La programmazione del Monte Carlo Sporting Summer Festival \u00e8 stata svelata","isPartOf":{"@id":"https:\/\/www.monaco-tribune.com\/it\/#website"},"primaryImageOfPage":{"@id":"https:\/\/www.monaco-tribune.com\/it\/2021\/05\/la-programmazione-del-monte-carlo-sporting-summer-festival-e-stata-svelata\/#primaryimage"},"image":{"@id":"https:\/\/www.monaco-tribune.com\/it\/2021\/05\/la-programmazione-del-monte-carlo-sporting-summer-festival-e-stata-svelata\/#primaryimage"},"thumbnailUrl":"https:\/\/www.monaco-tribune.com\/wp-content\/uploads\/2021\/05\/abba_monaco-montecarlosbm-copy.jpg","datePublished":"2021-05-25T16:01:00+00:00","dateModified":"2021-05-25T16:01:11+00:00","description":"La programmazione del Monte Carlo Sporting Summer Festival, che si terr\u00e0 dal 16 luglio al 14 agosto 2021, \u00e8 finalmente di pubblico dominio. I visitatori","breadcrumb":{"@id":"https:\/\/www.monaco-tribune.com\/it\/2021\/05\/la-programmazione-del-monte-carlo-sporting-summer-festival-e-stata-svelata\/#breadcrumb"},"inLanguage":"it-IT","potentialAction":[{"@type":"ReadAction","target":["https:\/\/www.monaco-tribune.com\/it\/2021\/05\/la-programmazione-del-monte-carlo-sporting-summer-festival-e-stata-svelata\/"]}]},{"@type":"ImageObject","inLanguage":"it-IT","@id":"https:\/\/www.monaco-tribune.com\/it\/2021\/05\/la-programmazione-del-monte-carlo-sporting-summer-festival-e-stata-svelata\/#primaryimage","url":"https:\/\/www.monaco-tribune.com\/wp-content\/uploads\/2021\/05\/abba_monaco-montecarlosbm-copy.jpg","contentUrl":"https:\/\/www.monaco-tribune.com\/wp-content\/uploads\/2021\/05\/abba_monaco-montecarlosbm-copy.jpg","width":941,"height":610,"caption":"ABBA via Monte-Carlo SBM"},{"@type":"BreadcrumbList","@id":"https:\/\/www.monaco-tribune.com\/it\/2021\/05\/la-programmazione-del-monte-carlo-sporting-summer-festival-e-stata-svelata\/#breadcrumb","itemListElement":[{"@type":"ListItem","position":1,"name":"Accueil","item":"https:\/\/www.monaco-tribune.com\/it\/"},{"@type":"ListItem","position":2,"name":"La programmazione del Monte Carlo Sporting Summer Festival \u00e8 stata svelata"}]},{"@type":"WebSite","@id":"https:\/\/www.monaco-tribune.com\/it\/#website","url":"https:\/\/www.monaco-tribune.com\/it\/","name":"Monaco Tribune","description":"Monaco : actualit\u00e9s \u00e9conomiques, politiques, culturelles et sportives de Monaco et de la French Riviera.","publisher":{"@id":"https:\/\/www.monaco-tribune.com\/it\/#organization"},"potentialAction":[{"@type":"SearchAction","target":{"@type":"EntryPoint","urlTemplate":"https:\/\/www.monaco-tribune.com\/it\/?s={search_term_string}"},"query-input":{"@type":"PropertyValueSpecification","valueRequired":true,"valueName":"search_term_string"}}],"inLanguage":"it-IT"},{"@type":"Organization","@id":"https:\/\/www.monaco-tribune.com\/it\/#organization","name":"Monaco Tribune","url":"https:\/\/www.monaco-tribune.com\/it\/","logo":{"@type":"ImageObject","inLanguage":"it-IT","@id":"https:\/\/www.monaco-tribune.com\/it\/#\/schema\/logo\/image\/","url":"https:\/\/www.monaco-tribune.com\/wp-content\/uploads\/2022\/11\/logo-monaco-tribune.png","contentUrl":"https:\/\/www.monaco-tribune.com\/wp-content\/uploads\/2022\/11\/logo-monaco-tribune.png","width":1548,"height":600,"caption":"Monaco Tribune"},"image":{"@id":"https:\/\/www.monaco-tribune.com\/it\/#\/schema\/logo\/image\/"},"sameAs":["https:\/\/www.facebook.com\/MonacoTribune","https:\/\/x.com\/MonacoTribune","https:\/\/www.instagram.com\/monacotribune\/","https:\/\/www.linkedin.com\/company\/monaco-tribune","https:\/\/www.youtube.com\/channel\/UCHle1MnG6hw1y4lWKijVbMA"]},{"@type":"Person","@id":"https:\/\/www.monaco-tribune.com\/it\/#\/schema\/person\/fba2f8d5a098d473c92e84cc43a8f730","name":"Agathe Ch\u00e9reau","image":{"@type":"ImageObject","inLanguage":"it-IT","@id":"https:\/\/secure.gravatar.com\/avatar\/884b20ed9d4430c24d77a3ad560b1c21da67bd6992531a1971822779f9988ea5?s=96&d=mm&r=g","url":"https:\/\/secure.gravatar.com\/avatar\/884b20ed9d4430c24d77a3ad560b1c21da67bd6992531a1971822779f9988ea5?s=96&d=mm&r=g","contentUrl":"https:\/\/secure.gravatar.com\/avatar\/884b20ed9d4430c24d77a3ad560b1c21da67bd6992531a1971822779f9988ea5?s=96&d=mm&r=g","caption":"Agathe Ch\u00e9reau"},"url":"https:\/\/www.monaco-tribune.com\/it\/author\/agathechereau\/"}]}},"_links":{"self":[{"href":"https:\/\/www.monaco-tribune.com\/it\/wp-json\/wp\/v2\/posts\/79445","targetHints":{"allow":["GET"]}}],"collection":[{"href":"https:\/\/www.monaco-tribune.com\/it\/wp-json\/wp\/v2\/posts"}],"about":[{"href":"https:\/\/www.monaco-tribune.com\/it\/wp-json\/wp\/v2\/types\/post"}],"author":[{"embeddable":true,"href":"https:\/\/www.monaco-tribune.com\/it\/wp-json\/wp\/v2\/users\/47"}],"replies":[{"embeddable":true,"href":"https:\/\/www.monaco-tribune.com\/it\/wp-json\/wp\/v2\/comments?post=79445"}],"version-history":[{"count":0,"href":"https:\/\/www.monaco-tribune.com\/it\/wp-json\/wp\/v2\/posts\/79445\/revisions"}],"wp:featuredmedia":[{"embeddable":true,"href":"https:\/\/www.monaco-tribune.com\/it\/wp-json\/wp\/v2\/media\/79369"}],"wp:attachment":[{"href":"https:\/\/www.monaco-tribune.com\/it\/wp-json\/wp\/v2\/media?parent=79445"}],"wp:term":[{"taxonomy":"category","embeddable":true,"href":"https:\/\/www.monaco-tribune.com\/it\/wp-json\/wp\/v2\/categories?post=79445"},{"taxonomy":"post_tag","embeddable":true,"href":"https:\/\/www.monaco-tribune.com\/it\/wp-json\/wp\/v2\/tags?post=79445"},{"taxonomy":"sectag","embeddable":true,"href":"https:\/\/www.monaco-tribune.com\/it\/wp-json\/wp\/v2\/post_sectags?post=79445"},{"taxonomy":"format","embeddable":true,"href":"https:\/\/www.monaco-tribune.com\/it\/wp-json\/wp\/v2\/post_format?post=79445"}],"curies":[{"name":"wp","href":"https:\/\/api.w.org\/{rel}","templated":true}]}}