{"id":79679,"date":"2021-05-26T18:22:53","date_gmt":"2021-05-26T16:22:53","guid":{"rendered":"https:\/\/www.monaco-tribune.com\/2021\/05\/perche-i-francesi-continuano-a-lavorare-a-monaco\/"},"modified":"2021-05-26T18:36:45","modified_gmt":"2021-05-26T16:36:45","slug":"perche-i-francesi-continuano-a-lavorare-a-monaco","status":"publish","type":"post","link":"https:\/\/www.monaco-tribune.com\/it\/2021\/05\/perche-i-francesi-continuano-a-lavorare-a-monaco\/","title":{"rendered":"Perch\u00e9 i francesi continuano a lavorare a Monaco?"},"content":{"rendered":"\n<p><strong>Ogni giorno, diverse migliaia di francesi attraversano la frontiera per andare a lavorare nel Principato.<\/strong><\/p>\n\n<p><a href=\"https:\/\/www.insee.fr\/fr\/statistiques\/4139160#titre-bloc-1\">Secondo uno studio pubblicato dall&#8217;Insee nel 2019<\/a>, il numero di lavoratori frontalieri nelle Alpi Marittime \u00e8 decisamente aumentato, con un incremento del 77% dal 1990 al 2015. Una previdenza sociale pi\u00f9 vantaggiosa, stipendi migliori e un&#8217;ottima pensione: nonostante le incertezze dovute al famoso &#8220;articolo 6&#8221;, Monaco resta un polo particolarmente allettante per i lavoratori internazionali.<\/p>\n\n<p>Jean-Pierre, 63 anni, si gode in serenit\u00e0 la sua pensione monegasca nell&#8217;entroterra nizzardo. &#8220;Ho iniziato a lavorare a Monaco nel 1979 come tagliatore di pellicce da Christan Dior e poi, qualche anno dopo, da Louis Vuitton, dall&#8217;altra parte del marciapiede&#8221;, ricorda questo pensionato francese che, negli anni &#8217;90, ha finalmente trovato il suo posto da Carrefour Monaco come responsabile della ricezionie delle merci.<\/p>\n\n<h2 class=\"wp-block-heading\" id=\"h-des-allocations-familiales-avantageuses\">Assegni familiari vantaggiosi<\/h2>\n\n<p>Per una ventina d&#8217;anni, Jean-Pierre, padre di quattro figli, ha potuto beneficiare degli assegni familiari offerti dal Principato: &#8220;quando i miei figli erano piccoli, la mia famiglia riceveva quasi mille euro di assegni al mese, un sistema tra i pi\u00f9 vantaggiosi che ci ha permesso di vivere degnamente. Mia moglie ha anche potuto fermare la sua attivit\u00e0 professionale per 17 anni, in modo da potersi occupare meglio dei nostri figli, come desiderava&#8221;.<\/p>\n\n<p>Nel 2018, Jean-Pierre decide di prendere la meritata pensione, senza alcuna riduzione, all&#8217;et\u00e0 di sessant&#8217;anni. &#8220;Un sollievo&#8221;, confessa l&#8217;ex impiegato Carrefour che ha lavorato notte e giorno per 26 anni, &#8220;Non avevo pi\u00f9 la stessa energia di prima&#8221;. &#8220;La pensione \u00e8 rimasta quasi invariata rispetto al mio vecchio stipendio, non mi sento di aver perso niente, anzi!&#8221;<\/p>\n\n<blockquote class=\"wp-block-quote is-layout-flow wp-block-quote-is-layout-flow\"><p><em>\u00c8 sempre complicato trovare un alloggio in prossimit\u00e0 di Monaco, come a<\/em> <em>Cap d\u2019Ail o a Beausoleil, dove gli affitti restano molto cari (&#8230;)<\/em><\/p><cite>Antonin, 27 anni, consulente<\/cite><\/blockquote>\n\n<p>&#8220;Lavorare a Monaco, per me \u00e8 il compromesso ideale per non dover scegliere tra la mia carriera nella finanza e la vita sulla Costa Azzurra&#8221;, spiega Antonin, 27 anni, consulente presso KPMG Monaco. &#8220;Tra l&#8217;altro, il mio stipendio \u00e8 uguale a quello che avrei avuto a Parigi&#8221;, sottolinea il ragazzo, residente del comune di Vence, a pi\u00f9 di tre quarti d&#8217;ora di strada. &#8220;\u00c8 sempre complicato trovare un alloggio in prossimit\u00e0 di Monaco, come a Cap d\u2019Ail o a Beausoleil, dove gli affitti restano molto cari, e il Principato non offre purtroppo sussidi per l&#8217;alloggio ai lavoratori frontalieri&#8221;.<\/p>\n\n<p>.<\/p>\n\n<h2 class=\"wp-block-heading\" id=\"h-pr-s-de-deux-tiers-des-actifs-du-secteur-priv-sont-fran-ais\">Quasi i 2\/3 delle attivit\u00e0 del settore privato sono francesi<\/h2>\n\n<p>Anche se le ore di lavoro settimanali salgono a 39 nel Principato, contro le 35 della Francia, gli oneri salariali restano nettamente pi\u00f9 vantaggiosi a Monaco, circa il 13% contro il 23% dei paesi al di l\u00e0 della frontiera. A parit\u00e0 di stipendio lordo, quindi, il netto monegasco resta di certo pi\u00f9 allettante.<\/p>\n\n<p><a href=\"https:\/\/www.imsee.mc\/Population-et-emploi\/Emploi\">Secondo un recente rapporto dell&#8217;IMSEE<\/a>, la maggior parte dei lavoratori del settore privato di Monaco \u00e8 francese, per l&#8217;esattezza, nel 2020 il 62,5% delle attivit\u00e0 del settore \u00e8 risultato appartenere a francesi, contro appena il 15,5% di italiani e l&#8217;1,9% di monegaschi. L&#8217;anno scorso, il 79,3% del personale del settore privato monegasco risiedeva in Francia, soprattutto nelle Alpi Marittime. Si parla di oltre 40.000 persone.<\/p>\n\n<p>A Monaco, moltissimi dipendenti del settore alberghiero approfittano di un sistema di remunerazione particolare, che consiste in una parte fissa e un&#8217;altra variabile che dipende dal fatturato della strutturate in base ai mesi, alla carica dell&#8217;impiegato e alla sua anzianit\u00e0. &#8220;Prima della pandemia, era un bel vantaggio perch\u00e9 questa entrata variabile poteva arrivare a 300 euro in inverno e soprattutto raddoppiare in certi periodi della stagione turistica&#8221;, spiega una giovane impiegata di un hotel monegasco di lusso.<\/p>\n\n<h2 class=\"wp-block-heading\" id=\"h-80-d-une-consultation-chez-le-m-decin-est-rembours-e\">Rimborsi per le visite mediche fino all&#8217;80%<\/h2>\n\n<p>Come tutti i francesi che lavorano nel Principato, anche questa dipendente beneficia del sistema di previdenza sociale monegasco, che &#8220;ha stilato una lista di medici convenzionati&#8221;. Medici di base, dentisti, ginecologi: &#8220;a Nizza, non manca la scelta!&#8221;<\/p>\n\n<p>La previdenza sociale monegasca resta una delle pi\u00f9 vantaggiose, visto che le visite mediche sono rimborsate fino all&#8217;80%, contro il 70% previsto dal sistema francese. &#8220;Quando ci rivolgiamo a medici non convenzionati con il Principato, come per esempio succede con il pediatra di mia figlia, il rimborso \u00e8 tre volte pi\u00f9 basso&#8221;, afferma Olivier Cardot, segretario generale dell&#8217;Unione dei sindacati di Monaco, che ha iniziato a lavorare nel Principato nel 1997.<\/p>\n\n<blockquote class=\"wp-block-quote is-layout-flow wp-block-quote-is-layout-flow\"><p>L&#8217;articolo 6? Una spada di Damocle sempre sulle nostre teste!<\/p><cite>Olivier Cardot, segretario generale dell&#8217;Unione dei sindacati di Monaco<\/cite><\/blockquote>\n\n<h2 class=\"wp-block-heading\" id=\"h-l-article-6-n-est-jamais-tr-s-loin\">L&#8217;articolo 6 \u00e8 sempre dietro l&#8217;angolo&#8230;<\/h2>\n\n<p>Nonostante tutti questi vantaggi evidenti, &#8220;l&#8217;articolo 6&#8221;, quello che permette al datore di lavoro di licenziare un dipendente con contratto a tempo indeterminato dall&#8217;oggi al domani e senza alcuna ragione, pu\u00f2 rendere la vita degli impiegati difficile. &#8220;Una spada di Damocle che pende sempre sulle loro teste!&#8221; Alcuni lavoratori non osano rifiutare le richieste del loro capo per paura di essere licenziati: &#8220;per esempio, anche se lavorare la domenica \u00e8 una scelta volontaria, l&#8217;articolo 6 \u00e8 sempre dietro l&#8217;angolo!&#8221;<\/p>\n\n<p>&#8220;L&#8217;uso che alcuni ne fanno \u00e8 disastroso&#8221;, avverte Olivier Cardot, che a volte ha assistito a &#8220;licenziamenti brutali e senza mezzi termini&#8221;. Un paradosso per Monaco, &#8220;dove chi ha un contratto a tempo determinato pu\u00f2 essere licenziato solo in caso di giustificato motivo, questioni gravi o forza maggiore&#8221;.<\/p>\n\n<p><strong>&gt;&gt; LEGGI ANCHE: <\/strong><a href=\"https:\/\/www.monaco-tribune.com\/it\/2021\/04\/i-settori-che-assumono-di-piu-a-monaco-ecco-quali-sono\/\">I settori che assumono di pi\u00f9 a Monaco? Ecco quali sono<\/a><\/p>\n","protected":false},"excerpt":{"rendered":"<p>Ogni giorno, diverse migliaia di francesi attraversano la frontiera per andare a lavorare nel Principato. Secondo uno studio pubblicato dall&#8217;Insee [&hellip;]<\/p>\n","protected":false},"author":50,"featured_media":79529,"comment_status":"closed","ping_status":"closed","sticky":false,"template":"","format":"standard","meta":{"_acf_changed":false,"footnotes":""},"categories":[1826,1738,1752],"tags":[3140],"post_sectags":[],"post_format":[2475],"class_list":["post-79679","post","type-post","status-publish","format-standard","has-post-thumbnail","hentry","category-la-nostra-scelta","category-notizie","category-societa","tag-lavoro","format-inchiesta"],"acf":[],"yoast_head":"<!-- This site is optimized with the Yoast SEO Premium plugin v26.8 (Yoast SEO v27.5) - https:\/\/yoast.com\/product\/yoast-seo-premium-wordpress\/ -->\n<title>Perch\u00e9 i francesi continuano a lavorare a Monaco?<\/title>\n<meta name=\"description\" content=\"Ogni giorno, diverse migliaia di francesi attraversano la frontiera per andare a lavorare nel Principato. Secondo uno studio pubblicato dall&#039;Insee nel\" \/>\n<meta name=\"robots\" content=\"index, follow, max-snippet:-1, max-image-preview:large, max-video-preview:-1\" \/>\n<link rel=\"canonical\" href=\"https:\/\/www.monaco-tribune.com\/it\/2021\/05\/perche-i-francesi-continuano-a-lavorare-a-monaco\/\" \/>\n<meta property=\"og:locale\" content=\"it_IT\" \/>\n<meta property=\"og:type\" content=\"article\" \/>\n<meta property=\"og:title\" content=\"Perch\u00e9 i francesi continuano a lavorare a Monaco? - Monaco Tribune\" \/>\n<meta property=\"og:description\" content=\"Ogni giorno, diverse migliaia di francesi attraversano la frontiera per andare a lavorare nel Principato. Secondo uno studio pubblicato dall&#039;Insee nel\" \/>\n<meta property=\"og:url\" content=\"https:\/\/www.monaco-tribune.com\/it\/2021\/05\/perche-i-francesi-continuano-a-lavorare-a-monaco\/\" \/>\n<meta property=\"og:site_name\" content=\"Monaco Tribune\" \/>\n<meta property=\"article:publisher\" content=\"https:\/\/www.facebook.com\/MonacoTribune\" \/>\n<meta property=\"article:published_time\" content=\"2021-05-26T16:22:53+00:00\" \/>\n<meta property=\"article:modified_time\" content=\"2021-05-26T16:36:45+00:00\" \/>\n<meta property=\"og:image\" content=\"https:\/\/www.monaco-tribune.com\/wp-content\/uploads\/2021\/05\/travailler-a-monaco.jpeg\" \/>\n\t<meta property=\"og:image:width\" content=\"1024\" \/>\n\t<meta property=\"og:image:height\" content=\"594\" \/>\n\t<meta property=\"og:image:type\" content=\"image\/jpeg\" \/>\n<meta name=\"author\" content=\"Aliz\u00e9e Mosconi\" \/>\n<meta name=\"twitter:card\" content=\"summary_large_image\" \/>\n<meta name=\"twitter:creator\" content=\"@MonacoTribune\" \/>\n<meta name=\"twitter:site\" content=\"@MonacoTribune\" \/>\n<script type=\"application\/ld+json\" class=\"yoast-schema-graph\">{\"@context\":\"https:\\\/\\\/schema.org\",\"@graph\":[{\"@type\":\"NewsArticle\",\"@id\":\"https:\\\/\\\/www.monaco-tribune.com\\\/it\\\/2021\\\/05\\\/perche-i-francesi-continuano-a-lavorare-a-monaco\\\/#article\",\"isPartOf\":{\"@id\":\"https:\\\/\\\/www.monaco-tribune.com\\\/it\\\/2021\\\/05\\\/perche-i-francesi-continuano-a-lavorare-a-monaco\\\/\"},\"author\":{\"name\":\"Aliz\u00e9e Mosconi\",\"@id\":\"https:\\\/\\\/www.monaco-tribune.com\\\/it\\\/#\\\/schema\\\/person\\\/bb7eedbeede1d20ce8d51e52bde2c1e8\"},\"headline\":\"Perch\u00e9 i francesi continuano a lavorare a Monaco?\",\"datePublished\":\"2021-05-26T16:22:53+00:00\",\"dateModified\":\"2021-05-26T16:36:45+00:00\",\"mainEntityOfPage\":{\"@id\":\"https:\\\/\\\/www.monaco-tribune.com\\\/it\\\/2021\\\/05\\\/perche-i-francesi-continuano-a-lavorare-a-monaco\\\/\"},\"wordCount\":870,\"publisher\":{\"@id\":\"https:\\\/\\\/www.monaco-tribune.com\\\/it\\\/#organization\"},\"image\":{\"@id\":\"https:\\\/\\\/www.monaco-tribune.com\\\/it\\\/2021\\\/05\\\/perche-i-francesi-continuano-a-lavorare-a-monaco\\\/#primaryimage\"},\"thumbnailUrl\":\"https:\\\/\\\/www.monaco-tribune.com\\\/wp-content\\\/uploads\\\/2021\\\/05\\\/travailler-a-monaco.jpeg\",\"keywords\":[\"Lavoro\"],\"articleSection\":[\"La nostra scelta\",\"Notizie\",\"Societ\u00e0\"],\"inLanguage\":\"it-IT\",\"copyrightYear\":\"2021\",\"copyrightHolder\":{\"@id\":\"https:\\\/\\\/www.monaco-tribune.com\\\/#organization\"}},{\"@type\":\"WebPage\",\"@id\":\"https:\\\/\\\/www.monaco-tribune.com\\\/it\\\/2021\\\/05\\\/perche-i-francesi-continuano-a-lavorare-a-monaco\\\/\",\"url\":\"https:\\\/\\\/www.monaco-tribune.com\\\/it\\\/2021\\\/05\\\/perche-i-francesi-continuano-a-lavorare-a-monaco\\\/\",\"name\":\"Perch\u00e9 i francesi continuano a lavorare a Monaco?\",\"isPartOf\":{\"@id\":\"https:\\\/\\\/www.monaco-tribune.com\\\/it\\\/#website\"},\"primaryImageOfPage\":{\"@id\":\"https:\\\/\\\/www.monaco-tribune.com\\\/it\\\/2021\\\/05\\\/perche-i-francesi-continuano-a-lavorare-a-monaco\\\/#primaryimage\"},\"image\":{\"@id\":\"https:\\\/\\\/www.monaco-tribune.com\\\/it\\\/2021\\\/05\\\/perche-i-francesi-continuano-a-lavorare-a-monaco\\\/#primaryimage\"},\"thumbnailUrl\":\"https:\\\/\\\/www.monaco-tribune.com\\\/wp-content\\\/uploads\\\/2021\\\/05\\\/travailler-a-monaco.jpeg\",\"datePublished\":\"2021-05-26T16:22:53+00:00\",\"dateModified\":\"2021-05-26T16:36:45+00:00\",\"description\":\"Ogni giorno, diverse migliaia di francesi attraversano la frontiera per andare a lavorare nel Principato. Secondo uno studio pubblicato dall'Insee nel\",\"breadcrumb\":{\"@id\":\"https:\\\/\\\/www.monaco-tribune.com\\\/it\\\/2021\\\/05\\\/perche-i-francesi-continuano-a-lavorare-a-monaco\\\/#breadcrumb\"},\"inLanguage\":\"it-IT\",\"potentialAction\":[{\"@type\":\"ReadAction\",\"target\":[\"https:\\\/\\\/www.monaco-tribune.com\\\/it\\\/2021\\\/05\\\/perche-i-francesi-continuano-a-lavorare-a-monaco\\\/\"]}]},{\"@type\":\"ImageObject\",\"inLanguage\":\"it-IT\",\"@id\":\"https:\\\/\\\/www.monaco-tribune.com\\\/it\\\/2021\\\/05\\\/perche-i-francesi-continuano-a-lavorare-a-monaco\\\/#primaryimage\",\"url\":\"https:\\\/\\\/www.monaco-tribune.com\\\/wp-content\\\/uploads\\\/2021\\\/05\\\/travailler-a-monaco.jpeg\",\"contentUrl\":\"https:\\\/\\\/www.monaco-tribune.com\\\/wp-content\\\/uploads\\\/2021\\\/05\\\/travailler-a-monaco.jpeg\",\"width\":1024,\"height\":594,\"caption\":\"Monaco Tribune\"},{\"@type\":\"BreadcrumbList\",\"@id\":\"https:\\\/\\\/www.monaco-tribune.com\\\/it\\\/2021\\\/05\\\/perche-i-francesi-continuano-a-lavorare-a-monaco\\\/#breadcrumb\",\"itemListElement\":[{\"@type\":\"ListItem\",\"position\":1,\"name\":\"Accueil\",\"item\":\"https:\\\/\\\/www.monaco-tribune.com\\\/it\\\/\"},{\"@type\":\"ListItem\",\"position\":2,\"name\":\"Perch\u00e9 i francesi continuano a lavorare a Monaco?\"}]},{\"@type\":\"WebSite\",\"@id\":\"https:\\\/\\\/www.monaco-tribune.com\\\/it\\\/#website\",\"url\":\"https:\\\/\\\/www.monaco-tribune.com\\\/it\\\/\",\"name\":\"Monaco Tribune\",\"description\":\"Monaco : actualit\u00e9s \u00e9conomiques, politiques, culturelles et sportives de Monaco et de la French Riviera.\",\"publisher\":{\"@id\":\"https:\\\/\\\/www.monaco-tribune.com\\\/it\\\/#organization\"},\"potentialAction\":[{\"@type\":\"SearchAction\",\"target\":{\"@type\":\"EntryPoint\",\"urlTemplate\":\"https:\\\/\\\/www.monaco-tribune.com\\\/it\\\/?s={search_term_string}\"},\"query-input\":{\"@type\":\"PropertyValueSpecification\",\"valueRequired\":true,\"valueName\":\"search_term_string\"}}],\"inLanguage\":\"it-IT\"},{\"@type\":\"Organization\",\"@id\":\"https:\\\/\\\/www.monaco-tribune.com\\\/it\\\/#organization\",\"name\":\"Monaco Tribune\",\"url\":\"https:\\\/\\\/www.monaco-tribune.com\\\/it\\\/\",\"logo\":{\"@type\":\"ImageObject\",\"inLanguage\":\"it-IT\",\"@id\":\"https:\\\/\\\/www.monaco-tribune.com\\\/it\\\/#\\\/schema\\\/logo\\\/image\\\/\",\"url\":\"https:\\\/\\\/www.monaco-tribune.com\\\/wp-content\\\/uploads\\\/2022\\\/11\\\/logo-monaco-tribune.png\",\"contentUrl\":\"https:\\\/\\\/www.monaco-tribune.com\\\/wp-content\\\/uploads\\\/2022\\\/11\\\/logo-monaco-tribune.png\",\"width\":1548,\"height\":600,\"caption\":\"Monaco Tribune\"},\"image\":{\"@id\":\"https:\\\/\\\/www.monaco-tribune.com\\\/it\\\/#\\\/schema\\\/logo\\\/image\\\/\"},\"sameAs\":[\"https:\\\/\\\/www.facebook.com\\\/MonacoTribune\",\"https:\\\/\\\/x.com\\\/MonacoTribune\",\"https:\\\/\\\/www.instagram.com\\\/monacotribune\\\/\",\"https:\\\/\\\/www.linkedin.com\\\/company\\\/monaco-tribune\",\"https:\\\/\\\/www.youtube.com\\\/channel\\\/UCHle1MnG6hw1y4lWKijVbMA\"]},{\"@type\":\"Person\",\"@id\":\"https:\\\/\\\/www.monaco-tribune.com\\\/it\\\/#\\\/schema\\\/person\\\/bb7eedbeede1d20ce8d51e52bde2c1e8\",\"name\":\"Aliz\u00e9e Mosconi\",\"image\":{\"@type\":\"ImageObject\",\"inLanguage\":\"it-IT\",\"@id\":\"https:\\\/\\\/secure.gravatar.com\\\/avatar\\\/a01ecf8f75ca312b8db6f53ca7d56a4f7d4dd75acdd7f8605efab1d10294a17f?s=96&d=mm&r=g\",\"url\":\"https:\\\/\\\/secure.gravatar.com\\\/avatar\\\/a01ecf8f75ca312b8db6f53ca7d56a4f7d4dd75acdd7f8605efab1d10294a17f?s=96&d=mm&r=g\",\"contentUrl\":\"https:\\\/\\\/secure.gravatar.com\\\/avatar\\\/a01ecf8f75ca312b8db6f53ca7d56a4f7d4dd75acdd7f8605efab1d10294a17f?s=96&d=mm&r=g\",\"caption\":\"Aliz\u00e9e Mosconi\"},\"url\":\"https:\\\/\\\/www.monaco-tribune.com\\\/it\\\/author\\\/alizeemosconi\\\/\"}]}<\/script>\n<!-- \/ Yoast SEO Premium plugin. -->","yoast_head_json":{"title":"Perch\u00e9 i francesi continuano a lavorare a Monaco?","description":"Ogni giorno, diverse migliaia di francesi attraversano la frontiera per andare a lavorare nel Principato. Secondo uno studio pubblicato dall'Insee nel","robots":{"index":"index","follow":"follow","max-snippet":"max-snippet:-1","max-image-preview":"max-image-preview:large","max-video-preview":"max-video-preview:-1"},"canonical":"https:\/\/www.monaco-tribune.com\/it\/2021\/05\/perche-i-francesi-continuano-a-lavorare-a-monaco\/","og_locale":"it_IT","og_type":"article","og_title":"Perch\u00e9 i francesi continuano a lavorare a Monaco? - Monaco Tribune","og_description":"Ogni giorno, diverse migliaia di francesi attraversano la frontiera per andare a lavorare nel Principato. Secondo uno studio pubblicato dall'Insee nel","og_url":"https:\/\/www.monaco-tribune.com\/it\/2021\/05\/perche-i-francesi-continuano-a-lavorare-a-monaco\/","og_site_name":"Monaco Tribune","article_publisher":"https:\/\/www.facebook.com\/MonacoTribune","article_published_time":"2021-05-26T16:22:53+00:00","article_modified_time":"2021-05-26T16:36:45+00:00","og_image":[{"width":1024,"height":594,"url":"https:\/\/www.monaco-tribune.com\/wp-content\/uploads\/2021\/05\/travailler-a-monaco.jpeg","type":"image\/jpeg"}],"author":"Aliz\u00e9e Mosconi","twitter_card":"summary_large_image","twitter_creator":"@MonacoTribune","twitter_site":"@MonacoTribune","schema":{"@context":"https:\/\/schema.org","@graph":[{"@type":"NewsArticle","@id":"https:\/\/www.monaco-tribune.com\/it\/2021\/05\/perche-i-francesi-continuano-a-lavorare-a-monaco\/#article","isPartOf":{"@id":"https:\/\/www.monaco-tribune.com\/it\/2021\/05\/perche-i-francesi-continuano-a-lavorare-a-monaco\/"},"author":{"name":"Aliz\u00e9e Mosconi","@id":"https:\/\/www.monaco-tribune.com\/it\/#\/schema\/person\/bb7eedbeede1d20ce8d51e52bde2c1e8"},"headline":"Perch\u00e9 i francesi continuano a lavorare a Monaco?","datePublished":"2021-05-26T16:22:53+00:00","dateModified":"2021-05-26T16:36:45+00:00","mainEntityOfPage":{"@id":"https:\/\/www.monaco-tribune.com\/it\/2021\/05\/perche-i-francesi-continuano-a-lavorare-a-monaco\/"},"wordCount":870,"publisher":{"@id":"https:\/\/www.monaco-tribune.com\/it\/#organization"},"image":{"@id":"https:\/\/www.monaco-tribune.com\/it\/2021\/05\/perche-i-francesi-continuano-a-lavorare-a-monaco\/#primaryimage"},"thumbnailUrl":"https:\/\/www.monaco-tribune.com\/wp-content\/uploads\/2021\/05\/travailler-a-monaco.jpeg","keywords":["Lavoro"],"articleSection":["La nostra scelta","Notizie","Societ\u00e0"],"inLanguage":"it-IT","copyrightYear":"2021","copyrightHolder":{"@id":"https:\/\/www.monaco-tribune.com\/#organization"}},{"@type":"WebPage","@id":"https:\/\/www.monaco-tribune.com\/it\/2021\/05\/perche-i-francesi-continuano-a-lavorare-a-monaco\/","url":"https:\/\/www.monaco-tribune.com\/it\/2021\/05\/perche-i-francesi-continuano-a-lavorare-a-monaco\/","name":"Perch\u00e9 i francesi continuano a lavorare a Monaco?","isPartOf":{"@id":"https:\/\/www.monaco-tribune.com\/it\/#website"},"primaryImageOfPage":{"@id":"https:\/\/www.monaco-tribune.com\/it\/2021\/05\/perche-i-francesi-continuano-a-lavorare-a-monaco\/#primaryimage"},"image":{"@id":"https:\/\/www.monaco-tribune.com\/it\/2021\/05\/perche-i-francesi-continuano-a-lavorare-a-monaco\/#primaryimage"},"thumbnailUrl":"https:\/\/www.monaco-tribune.com\/wp-content\/uploads\/2021\/05\/travailler-a-monaco.jpeg","datePublished":"2021-05-26T16:22:53+00:00","dateModified":"2021-05-26T16:36:45+00:00","description":"Ogni giorno, diverse migliaia di francesi attraversano la frontiera per andare a lavorare nel Principato. Secondo uno studio pubblicato dall'Insee nel","breadcrumb":{"@id":"https:\/\/www.monaco-tribune.com\/it\/2021\/05\/perche-i-francesi-continuano-a-lavorare-a-monaco\/#breadcrumb"},"inLanguage":"it-IT","potentialAction":[{"@type":"ReadAction","target":["https:\/\/www.monaco-tribune.com\/it\/2021\/05\/perche-i-francesi-continuano-a-lavorare-a-monaco\/"]}]},{"@type":"ImageObject","inLanguage":"it-IT","@id":"https:\/\/www.monaco-tribune.com\/it\/2021\/05\/perche-i-francesi-continuano-a-lavorare-a-monaco\/#primaryimage","url":"https:\/\/www.monaco-tribune.com\/wp-content\/uploads\/2021\/05\/travailler-a-monaco.jpeg","contentUrl":"https:\/\/www.monaco-tribune.com\/wp-content\/uploads\/2021\/05\/travailler-a-monaco.jpeg","width":1024,"height":594,"caption":"Monaco Tribune"},{"@type":"BreadcrumbList","@id":"https:\/\/www.monaco-tribune.com\/it\/2021\/05\/perche-i-francesi-continuano-a-lavorare-a-monaco\/#breadcrumb","itemListElement":[{"@type":"ListItem","position":1,"name":"Accueil","item":"https:\/\/www.monaco-tribune.com\/it\/"},{"@type":"ListItem","position":2,"name":"Perch\u00e9 i francesi continuano a lavorare a Monaco?"}]},{"@type":"WebSite","@id":"https:\/\/www.monaco-tribune.com\/it\/#website","url":"https:\/\/www.monaco-tribune.com\/it\/","name":"Monaco Tribune","description":"Monaco : actualit\u00e9s \u00e9conomiques, politiques, culturelles et sportives de Monaco et de la French Riviera.","publisher":{"@id":"https:\/\/www.monaco-tribune.com\/it\/#organization"},"potentialAction":[{"@type":"SearchAction","target":{"@type":"EntryPoint","urlTemplate":"https:\/\/www.monaco-tribune.com\/it\/?s={search_term_string}"},"query-input":{"@type":"PropertyValueSpecification","valueRequired":true,"valueName":"search_term_string"}}],"inLanguage":"it-IT"},{"@type":"Organization","@id":"https:\/\/www.monaco-tribune.com\/it\/#organization","name":"Monaco Tribune","url":"https:\/\/www.monaco-tribune.com\/it\/","logo":{"@type":"ImageObject","inLanguage":"it-IT","@id":"https:\/\/www.monaco-tribune.com\/it\/#\/schema\/logo\/image\/","url":"https:\/\/www.monaco-tribune.com\/wp-content\/uploads\/2022\/11\/logo-monaco-tribune.png","contentUrl":"https:\/\/www.monaco-tribune.com\/wp-content\/uploads\/2022\/11\/logo-monaco-tribune.png","width":1548,"height":600,"caption":"Monaco Tribune"},"image":{"@id":"https:\/\/www.monaco-tribune.com\/it\/#\/schema\/logo\/image\/"},"sameAs":["https:\/\/www.facebook.com\/MonacoTribune","https:\/\/x.com\/MonacoTribune","https:\/\/www.instagram.com\/monacotribune\/","https:\/\/www.linkedin.com\/company\/monaco-tribune","https:\/\/www.youtube.com\/channel\/UCHle1MnG6hw1y4lWKijVbMA"]},{"@type":"Person","@id":"https:\/\/www.monaco-tribune.com\/it\/#\/schema\/person\/bb7eedbeede1d20ce8d51e52bde2c1e8","name":"Aliz\u00e9e Mosconi","image":{"@type":"ImageObject","inLanguage":"it-IT","@id":"https:\/\/secure.gravatar.com\/avatar\/a01ecf8f75ca312b8db6f53ca7d56a4f7d4dd75acdd7f8605efab1d10294a17f?s=96&d=mm&r=g","url":"https:\/\/secure.gravatar.com\/avatar\/a01ecf8f75ca312b8db6f53ca7d56a4f7d4dd75acdd7f8605efab1d10294a17f?s=96&d=mm&r=g","contentUrl":"https:\/\/secure.gravatar.com\/avatar\/a01ecf8f75ca312b8db6f53ca7d56a4f7d4dd75acdd7f8605efab1d10294a17f?s=96&d=mm&r=g","caption":"Aliz\u00e9e Mosconi"},"url":"https:\/\/www.monaco-tribune.com\/it\/author\/alizeemosconi\/"}]}},"_links":{"self":[{"href":"https:\/\/www.monaco-tribune.com\/it\/wp-json\/wp\/v2\/posts\/79679","targetHints":{"allow":["GET"]}}],"collection":[{"href":"https:\/\/www.monaco-tribune.com\/it\/wp-json\/wp\/v2\/posts"}],"about":[{"href":"https:\/\/www.monaco-tribune.com\/it\/wp-json\/wp\/v2\/types\/post"}],"author":[{"embeddable":true,"href":"https:\/\/www.monaco-tribune.com\/it\/wp-json\/wp\/v2\/users\/50"}],"replies":[{"embeddable":true,"href":"https:\/\/www.monaco-tribune.com\/it\/wp-json\/wp\/v2\/comments?post=79679"}],"version-history":[{"count":0,"href":"https:\/\/www.monaco-tribune.com\/it\/wp-json\/wp\/v2\/posts\/79679\/revisions"}],"wp:featuredmedia":[{"embeddable":true,"href":"https:\/\/www.monaco-tribune.com\/it\/wp-json\/wp\/v2\/media\/79529"}],"wp:attachment":[{"href":"https:\/\/www.monaco-tribune.com\/it\/wp-json\/wp\/v2\/media?parent=79679"}],"wp:term":[{"taxonomy":"category","embeddable":true,"href":"https:\/\/www.monaco-tribune.com\/it\/wp-json\/wp\/v2\/categories?post=79679"},{"taxonomy":"post_tag","embeddable":true,"href":"https:\/\/www.monaco-tribune.com\/it\/wp-json\/wp\/v2\/tags?post=79679"},{"taxonomy":"sectag","embeddable":true,"href":"https:\/\/www.monaco-tribune.com\/it\/wp-json\/wp\/v2\/post_sectags?post=79679"},{"taxonomy":"format","embeddable":true,"href":"https:\/\/www.monaco-tribune.com\/it\/wp-json\/wp\/v2\/post_format?post=79679"}],"curies":[{"name":"wp","href":"https:\/\/api.w.org\/{rel}","templated":true}]}}