{"id":81771,"date":"2021-06-14T16:14:45","date_gmt":"2021-06-14T14:14:45","guid":{"rendered":"https:\/\/www.monaco-tribune.com\/2021\/06\/video-alla-scoperta-delle-cantine-dellhotel-de-paris-monte-carlo\/"},"modified":"2021-06-14T16:20:00","modified_gmt":"2021-06-14T14:20:00","slug":"video-alla-scoperta-delle-cantine-dellhotel-de-paris-monte-carlo","status":"publish","type":"post","link":"https:\/\/www.monaco-tribune.com\/it\/2021\/06\/video-alla-scoperta-delle-cantine-dellhotel-de-paris-monte-carlo\/","title":{"rendered":"VIDEO. Alla scoperta delle cantine dell&#8217;Hotel de Paris Monte-Carlo"},"content":{"rendered":"\n<p><strong>Gennaro Iorio, <em>Chef de Cave<\/em> dell&#8217;Hotel de Paris, presenta una selezione di tre bottiglie eccezionali tra le sue 4.200 etichette.<\/strong><\/p>\n\n\n\n<p>Nascoste sotto i giardini dell&#8217;Hotel de Paris, le cantine alberghiere pi\u00f9 grandi del mondo hanno aperto le loro porte a Monaco Tribune per un percorso all&#8217;insegna della scoperta e della storia.<\/p>\n\n\n\n<p class=\"has-text-align-left\">Scavate nel 1874, oltre150 anni fa, la loro inaugurazione \u00e8 stata fortemente voluta da Marie Blanc, moglie di Fran\u00e7ois Blanc, fondatore della Soci\u00e9t\u00e9 des Bains de Mer di Monaco. Oggi, sette impiegati lavorano nelle cantine tutto l&#8217;anno, rifornendo 42 ristoranti ed esponendo 350.000 bottiglie.<\/p>\n\n\n\n<p>Seguite Gennaro Iorio, responsabile delle cantine dell&#8217;Hotel de Paris, per scoprire qualche bottiglia e ripercorrere un pezzo di storia.<\/p>\n\n\n\n<figure class=\"wp-block-embed aligncenter is-type-video is-provider-youtube wp-block-embed-youtube wp-embed-aspect-16-9 wp-has-aspect-ratio\"><div class=\"wp-block-embed__wrapper\">\n<iframe title=\"Alla scoperta delle cantine dell\u2019Hotel de Paris Monte-Carlo\" width=\"500\" height=\"281\" src=\"https:\/\/www.youtube.com\/embed\/F0voU9yDApg?feature=oembed\" frameborder=\"0\" allow=\"accelerometer; autoplay; clipboard-write; encrypted-media; gyroscope; picture-in-picture; web-share\" referrerpolicy=\"strict-origin-when-cross-origin\" allowfullscreen><\/iframe>\n<\/div><\/figure>\n\n\n\n<p><strong>&gt;&gt; LEGGI ANCHE: <\/strong><a href=\"https:\/\/www.monaco-tribune.com\/it\/2021\/06\/tra-champagne-cavalli-e-cieli-stellati-gli-incredibili-segreti-dei-piu-famosi-hotel-di-monaco\/\">Tra champagne, cavalli e cieli stellati: gli incredibili segreti dei pi\u00f9 famosi hotel di Monaco<\/a><\/p>\n\n\n\n<p><strong>&gt;&gt; LEGGI ANCHE: <\/strong><a href=\"https:\/\/www.monaco-tribune.com\/it\/2020\/10\/patrice-frank-il-capo-sommelier-della-cantina-di-un-hotel-piu-grande-al-mondo\/\">Patrice Frank, il capo sommelier della cantina di un hotel pi\u00f9 grande al mondo<\/a><\/p>\n","protected":false},"excerpt":{"rendered":"<p>Gennaro Iorio, Chef de Cave dell&#8217;Hotel de Paris, presenta una selezione di tre bottiglie eccezionali tra le sue 4.200 etichette. [&hellip;]<\/p>\n","protected":false},"author":44,"featured_media":81646,"comment_status":"closed","ping_status":"closed","sticky":false,"template":"","format":"standard","meta":{"_acf_changed":false,"footnotes":""},"categories":[1740,1738],"tags":[2885],"post_sectags":[],"post_format":[2484],"class_list":["post-81771","post","type-post","status-publish","format-standard","has-post-thumbnail","hentry","category-cosa-fare","category-notizie","tag-monte-carlo-sbm-it","format-video-it"],"acf":[],"yoast_head":"<!-- This site is optimized with the Yoast SEO Premium plugin v26.8 (Yoast SEO v27.5) - https:\/\/yoast.com\/product\/yoast-seo-premium-wordpress\/ -->\n<title>VIDEO. Alla scoperta delle cantine dell&#039;Hotel de Paris Monte-Carlo<\/title>\n<meta name=\"description\" content=\"Gennaro Iorio, Chef de Cave dell&#039;Hotel de Paris, presenta una selezione di tre bottiglie eccezionali tra le sue 4.200 etichette. Nascoste sotto i giardini\" \/>\n<meta name=\"robots\" content=\"index, follow, max-snippet:-1, max-image-preview:large, max-video-preview:-1\" \/>\n<link rel=\"canonical\" href=\"https:\/\/www.monaco-tribune.com\/it\/2021\/06\/video-alla-scoperta-delle-cantine-dellhotel-de-paris-monte-carlo\/\" \/>\n<meta property=\"og:locale\" content=\"it_IT\" \/>\n<meta property=\"og:type\" content=\"article\" \/>\n<meta property=\"og:title\" content=\"VIDEO. Alla scoperta delle cantine dell&#039;Hotel de Paris Monte-Carlo - Monaco Tribune\" \/>\n<meta property=\"og:description\" content=\"Gennaro Iorio, Chef de Cave dell&#039;Hotel de Paris, presenta una selezione di tre bottiglie eccezionali tra le sue 4.200 etichette. Nascoste sotto i giardini\" \/>\n<meta property=\"og:url\" content=\"https:\/\/www.monaco-tribune.com\/it\/2021\/06\/video-alla-scoperta-delle-cantine-dellhotel-de-paris-monte-carlo\/\" \/>\n<meta property=\"og:site_name\" content=\"Monaco Tribune\" \/>\n<meta property=\"article:publisher\" content=\"https:\/\/www.facebook.com\/MonacoTribune\" \/>\n<meta property=\"article:published_time\" content=\"2021-06-14T14:14:45+00:00\" \/>\n<meta property=\"article:modified_time\" content=\"2021-06-14T14:20:00+00:00\" \/>\n<meta property=\"og:image\" content=\"https:\/\/www.monaco-tribune.com\/wp-content\/uploads\/2021\/06\/les-caves-de-lho\u0302tel-de-paris-monte-carlo.jpg\" \/>\n\t<meta property=\"og:image:width\" content=\"1024\" \/>\n\t<meta property=\"og:image:height\" content=\"702\" \/>\n\t<meta property=\"og:image:type\" content=\"image\/jpeg\" \/>\n<meta name=\"author\" content=\"Beno\u00eet Sorre\" \/>\n<meta name=\"twitter:card\" content=\"summary_large_image\" \/>\n<meta name=\"twitter:creator\" content=\"@MonacoTribune\" \/>\n<meta name=\"twitter:site\" content=\"@MonacoTribune\" \/>\n<script type=\"application\/ld+json\" class=\"yoast-schema-graph\">{\"@context\":\"https:\\\/\\\/schema.org\",\"@graph\":[{\"@type\":\"NewsArticle\",\"@id\":\"https:\\\/\\\/www.monaco-tribune.com\\\/it\\\/2021\\\/06\\\/video-alla-scoperta-delle-cantine-dellhotel-de-paris-monte-carlo\\\/#article\",\"isPartOf\":{\"@id\":\"https:\\\/\\\/www.monaco-tribune.com\\\/it\\\/2021\\\/06\\\/video-alla-scoperta-delle-cantine-dellhotel-de-paris-monte-carlo\\\/\"},\"author\":{\"name\":\"Beno\u00eet Sorre\",\"@id\":\"https:\\\/\\\/www.monaco-tribune.com\\\/it\\\/#\\\/schema\\\/person\\\/98af1072b5bb7bcc9547c46546cadfd5\"},\"headline\":\"VIDEO. Alla scoperta delle cantine dell&#8217;Hotel de Paris Monte-Carlo\",\"datePublished\":\"2021-06-14T14:14:45+00:00\",\"dateModified\":\"2021-06-14T14:20:00+00:00\",\"mainEntityOfPage\":{\"@id\":\"https:\\\/\\\/www.monaco-tribune.com\\\/it\\\/2021\\\/06\\\/video-alla-scoperta-delle-cantine-dellhotel-de-paris-monte-carlo\\\/\"},\"wordCount\":169,\"publisher\":{\"@id\":\"https:\\\/\\\/www.monaco-tribune.com\\\/it\\\/#organization\"},\"image\":{\"@id\":\"https:\\\/\\\/www.monaco-tribune.com\\\/it\\\/2021\\\/06\\\/video-alla-scoperta-delle-cantine-dellhotel-de-paris-monte-carlo\\\/#primaryimage\"},\"thumbnailUrl\":\"https:\\\/\\\/www.monaco-tribune.com\\\/wp-content\\\/uploads\\\/2021\\\/06\\\/les-caves-de-lho\u0302tel-de-paris-monte-carlo.jpg\",\"keywords\":[\"Monte-Carlo SBM\"],\"articleSection\":[\"Cosa fare\",\"Notizie\"],\"inLanguage\":\"it-IT\",\"copyrightYear\":\"2021\",\"copyrightHolder\":{\"@id\":\"https:\\\/\\\/www.monaco-tribune.com\\\/#organization\"}},{\"@type\":\"WebPage\",\"@id\":\"https:\\\/\\\/www.monaco-tribune.com\\\/it\\\/2021\\\/06\\\/video-alla-scoperta-delle-cantine-dellhotel-de-paris-monte-carlo\\\/\",\"url\":\"https:\\\/\\\/www.monaco-tribune.com\\\/it\\\/2021\\\/06\\\/video-alla-scoperta-delle-cantine-dellhotel-de-paris-monte-carlo\\\/\",\"name\":\"VIDEO. Alla scoperta delle cantine dell'Hotel de Paris Monte-Carlo\",\"isPartOf\":{\"@id\":\"https:\\\/\\\/www.monaco-tribune.com\\\/it\\\/#website\"},\"primaryImageOfPage\":{\"@id\":\"https:\\\/\\\/www.monaco-tribune.com\\\/it\\\/2021\\\/06\\\/video-alla-scoperta-delle-cantine-dellhotel-de-paris-monte-carlo\\\/#primaryimage\"},\"image\":{\"@id\":\"https:\\\/\\\/www.monaco-tribune.com\\\/it\\\/2021\\\/06\\\/video-alla-scoperta-delle-cantine-dellhotel-de-paris-monte-carlo\\\/#primaryimage\"},\"thumbnailUrl\":\"https:\\\/\\\/www.monaco-tribune.com\\\/wp-content\\\/uploads\\\/2021\\\/06\\\/les-caves-de-lho\u0302tel-de-paris-monte-carlo.jpg\",\"datePublished\":\"2021-06-14T14:14:45+00:00\",\"dateModified\":\"2021-06-14T14:20:00+00:00\",\"description\":\"Gennaro Iorio, Chef de Cave dell'Hotel de Paris, presenta una selezione di tre bottiglie eccezionali tra le sue 4.200 etichette. Nascoste sotto i giardini\",\"breadcrumb\":{\"@id\":\"https:\\\/\\\/www.monaco-tribune.com\\\/it\\\/2021\\\/06\\\/video-alla-scoperta-delle-cantine-dellhotel-de-paris-monte-carlo\\\/#breadcrumb\"},\"inLanguage\":\"it-IT\",\"potentialAction\":[{\"@type\":\"ReadAction\",\"target\":[\"https:\\\/\\\/www.monaco-tribune.com\\\/it\\\/2021\\\/06\\\/video-alla-scoperta-delle-cantine-dellhotel-de-paris-monte-carlo\\\/\"]}]},{\"@type\":\"ImageObject\",\"inLanguage\":\"it-IT\",\"@id\":\"https:\\\/\\\/www.monaco-tribune.com\\\/it\\\/2021\\\/06\\\/video-alla-scoperta-delle-cantine-dellhotel-de-paris-monte-carlo\\\/#primaryimage\",\"url\":\"https:\\\/\\\/www.monaco-tribune.com\\\/wp-content\\\/uploads\\\/2021\\\/06\\\/les-caves-de-lho\u0302tel-de-paris-monte-carlo.jpg\",\"contentUrl\":\"https:\\\/\\\/www.monaco-tribune.com\\\/wp-content\\\/uploads\\\/2021\\\/06\\\/les-caves-de-lho\u0302tel-de-paris-monte-carlo.jpg\",\"width\":1024,\"height\":702,\"caption\":\"Beno\u00eet Sorre \\\/ Monaco Tribune\"},{\"@type\":\"BreadcrumbList\",\"@id\":\"https:\\\/\\\/www.monaco-tribune.com\\\/it\\\/2021\\\/06\\\/video-alla-scoperta-delle-cantine-dellhotel-de-paris-monte-carlo\\\/#breadcrumb\",\"itemListElement\":[{\"@type\":\"ListItem\",\"position\":1,\"name\":\"Accueil\",\"item\":\"https:\\\/\\\/www.monaco-tribune.com\\\/it\\\/\"},{\"@type\":\"ListItem\",\"position\":2,\"name\":\"VIDEO. Alla scoperta delle cantine dell&rsquo;Hotel de Paris Monte-Carlo\"}]},{\"@type\":\"WebSite\",\"@id\":\"https:\\\/\\\/www.monaco-tribune.com\\\/it\\\/#website\",\"url\":\"https:\\\/\\\/www.monaco-tribune.com\\\/it\\\/\",\"name\":\"Monaco Tribune\",\"description\":\"Monaco : actualit\u00e9s \u00e9conomiques, politiques, culturelles et sportives de Monaco et de la French Riviera.\",\"publisher\":{\"@id\":\"https:\\\/\\\/www.monaco-tribune.com\\\/it\\\/#organization\"},\"potentialAction\":[{\"@type\":\"SearchAction\",\"target\":{\"@type\":\"EntryPoint\",\"urlTemplate\":\"https:\\\/\\\/www.monaco-tribune.com\\\/it\\\/?s={search_term_string}\"},\"query-input\":{\"@type\":\"PropertyValueSpecification\",\"valueRequired\":true,\"valueName\":\"search_term_string\"}}],\"inLanguage\":\"it-IT\"},{\"@type\":\"Organization\",\"@id\":\"https:\\\/\\\/www.monaco-tribune.com\\\/it\\\/#organization\",\"name\":\"Monaco Tribune\",\"url\":\"https:\\\/\\\/www.monaco-tribune.com\\\/it\\\/\",\"logo\":{\"@type\":\"ImageObject\",\"inLanguage\":\"it-IT\",\"@id\":\"https:\\\/\\\/www.monaco-tribune.com\\\/it\\\/#\\\/schema\\\/logo\\\/image\\\/\",\"url\":\"https:\\\/\\\/www.monaco-tribune.com\\\/wp-content\\\/uploads\\\/2022\\\/11\\\/logo-monaco-tribune.png\",\"contentUrl\":\"https:\\\/\\\/www.monaco-tribune.com\\\/wp-content\\\/uploads\\\/2022\\\/11\\\/logo-monaco-tribune.png\",\"width\":1548,\"height\":600,\"caption\":\"Monaco Tribune\"},\"image\":{\"@id\":\"https:\\\/\\\/www.monaco-tribune.com\\\/it\\\/#\\\/schema\\\/logo\\\/image\\\/\"},\"sameAs\":[\"https:\\\/\\\/www.facebook.com\\\/MonacoTribune\",\"https:\\\/\\\/x.com\\\/MonacoTribune\",\"https:\\\/\\\/www.instagram.com\\\/monacotribune\\\/\",\"https:\\\/\\\/www.linkedin.com\\\/company\\\/monaco-tribune\",\"https:\\\/\\\/www.youtube.com\\\/channel\\\/UCHle1MnG6hw1y4lWKijVbMA\"]},{\"@type\":\"Person\",\"@id\":\"https:\\\/\\\/www.monaco-tribune.com\\\/it\\\/#\\\/schema\\\/person\\\/98af1072b5bb7bcc9547c46546cadfd5\",\"name\":\"Beno\u00eet Sorre\",\"image\":{\"@type\":\"ImageObject\",\"inLanguage\":\"it-IT\",\"@id\":\"https:\\\/\\\/secure.gravatar.com\\\/avatar\\\/74c032faefbed44fc1f2f82edec4cd7aeb31bc4b9af028fb8700419677676722?s=96&d=mm&r=g\",\"url\":\"https:\\\/\\\/secure.gravatar.com\\\/avatar\\\/74c032faefbed44fc1f2f82edec4cd7aeb31bc4b9af028fb8700419677676722?s=96&d=mm&r=g\",\"contentUrl\":\"https:\\\/\\\/secure.gravatar.com\\\/avatar\\\/74c032faefbed44fc1f2f82edec4cd7aeb31bc4b9af028fb8700419677676722?s=96&d=mm&r=g\",\"caption\":\"Beno\u00eet Sorre\"},\"url\":\"https:\\\/\\\/www.monaco-tribune.com\\\/it\\\/author\\\/benoitsorre\\\/\"}]}<\/script>\n<!-- \/ Yoast SEO Premium plugin. -->","yoast_head_json":{"title":"VIDEO. Alla scoperta delle cantine dell'Hotel de Paris Monte-Carlo","description":"Gennaro Iorio, Chef de Cave dell'Hotel de Paris, presenta una selezione di tre bottiglie eccezionali tra le sue 4.200 etichette. Nascoste sotto i giardini","robots":{"index":"index","follow":"follow","max-snippet":"max-snippet:-1","max-image-preview":"max-image-preview:large","max-video-preview":"max-video-preview:-1"},"canonical":"https:\/\/www.monaco-tribune.com\/it\/2021\/06\/video-alla-scoperta-delle-cantine-dellhotel-de-paris-monte-carlo\/","og_locale":"it_IT","og_type":"article","og_title":"VIDEO. Alla scoperta delle cantine dell'Hotel de Paris Monte-Carlo - Monaco Tribune","og_description":"Gennaro Iorio, Chef de Cave dell'Hotel de Paris, presenta una selezione di tre bottiglie eccezionali tra le sue 4.200 etichette. Nascoste sotto i giardini","og_url":"https:\/\/www.monaco-tribune.com\/it\/2021\/06\/video-alla-scoperta-delle-cantine-dellhotel-de-paris-monte-carlo\/","og_site_name":"Monaco Tribune","article_publisher":"https:\/\/www.facebook.com\/MonacoTribune","article_published_time":"2021-06-14T14:14:45+00:00","article_modified_time":"2021-06-14T14:20:00+00:00","og_image":[{"width":1024,"height":702,"url":"https:\/\/www.monaco-tribune.com\/wp-content\/uploads\/2021\/06\/les-caves-de-lho\u0302tel-de-paris-monte-carlo.jpg","type":"image\/jpeg"}],"author":"Beno\u00eet Sorre","twitter_card":"summary_large_image","twitter_creator":"@MonacoTribune","twitter_site":"@MonacoTribune","schema":{"@context":"https:\/\/schema.org","@graph":[{"@type":"NewsArticle","@id":"https:\/\/www.monaco-tribune.com\/it\/2021\/06\/video-alla-scoperta-delle-cantine-dellhotel-de-paris-monte-carlo\/#article","isPartOf":{"@id":"https:\/\/www.monaco-tribune.com\/it\/2021\/06\/video-alla-scoperta-delle-cantine-dellhotel-de-paris-monte-carlo\/"},"author":{"name":"Beno\u00eet Sorre","@id":"https:\/\/www.monaco-tribune.com\/it\/#\/schema\/person\/98af1072b5bb7bcc9547c46546cadfd5"},"headline":"VIDEO. Alla scoperta delle cantine dell&#8217;Hotel de Paris Monte-Carlo","datePublished":"2021-06-14T14:14:45+00:00","dateModified":"2021-06-14T14:20:00+00:00","mainEntityOfPage":{"@id":"https:\/\/www.monaco-tribune.com\/it\/2021\/06\/video-alla-scoperta-delle-cantine-dellhotel-de-paris-monte-carlo\/"},"wordCount":169,"publisher":{"@id":"https:\/\/www.monaco-tribune.com\/it\/#organization"},"image":{"@id":"https:\/\/www.monaco-tribune.com\/it\/2021\/06\/video-alla-scoperta-delle-cantine-dellhotel-de-paris-monte-carlo\/#primaryimage"},"thumbnailUrl":"https:\/\/www.monaco-tribune.com\/wp-content\/uploads\/2021\/06\/les-caves-de-lho\u0302tel-de-paris-monte-carlo.jpg","keywords":["Monte-Carlo SBM"],"articleSection":["Cosa fare","Notizie"],"inLanguage":"it-IT","copyrightYear":"2021","copyrightHolder":{"@id":"https:\/\/www.monaco-tribune.com\/#organization"}},{"@type":"WebPage","@id":"https:\/\/www.monaco-tribune.com\/it\/2021\/06\/video-alla-scoperta-delle-cantine-dellhotel-de-paris-monte-carlo\/","url":"https:\/\/www.monaco-tribune.com\/it\/2021\/06\/video-alla-scoperta-delle-cantine-dellhotel-de-paris-monte-carlo\/","name":"VIDEO. Alla scoperta delle cantine dell'Hotel de Paris Monte-Carlo","isPartOf":{"@id":"https:\/\/www.monaco-tribune.com\/it\/#website"},"primaryImageOfPage":{"@id":"https:\/\/www.monaco-tribune.com\/it\/2021\/06\/video-alla-scoperta-delle-cantine-dellhotel-de-paris-monte-carlo\/#primaryimage"},"image":{"@id":"https:\/\/www.monaco-tribune.com\/it\/2021\/06\/video-alla-scoperta-delle-cantine-dellhotel-de-paris-monte-carlo\/#primaryimage"},"thumbnailUrl":"https:\/\/www.monaco-tribune.com\/wp-content\/uploads\/2021\/06\/les-caves-de-lho\u0302tel-de-paris-monte-carlo.jpg","datePublished":"2021-06-14T14:14:45+00:00","dateModified":"2021-06-14T14:20:00+00:00","description":"Gennaro Iorio, Chef de Cave dell'Hotel de Paris, presenta una selezione di tre bottiglie eccezionali tra le sue 4.200 etichette. Nascoste sotto i giardini","breadcrumb":{"@id":"https:\/\/www.monaco-tribune.com\/it\/2021\/06\/video-alla-scoperta-delle-cantine-dellhotel-de-paris-monte-carlo\/#breadcrumb"},"inLanguage":"it-IT","potentialAction":[{"@type":"ReadAction","target":["https:\/\/www.monaco-tribune.com\/it\/2021\/06\/video-alla-scoperta-delle-cantine-dellhotel-de-paris-monte-carlo\/"]}]},{"@type":"ImageObject","inLanguage":"it-IT","@id":"https:\/\/www.monaco-tribune.com\/it\/2021\/06\/video-alla-scoperta-delle-cantine-dellhotel-de-paris-monte-carlo\/#primaryimage","url":"https:\/\/www.monaco-tribune.com\/wp-content\/uploads\/2021\/06\/les-caves-de-lho\u0302tel-de-paris-monte-carlo.jpg","contentUrl":"https:\/\/www.monaco-tribune.com\/wp-content\/uploads\/2021\/06\/les-caves-de-lho\u0302tel-de-paris-monte-carlo.jpg","width":1024,"height":702,"caption":"Beno\u00eet Sorre \/ Monaco Tribune"},{"@type":"BreadcrumbList","@id":"https:\/\/www.monaco-tribune.com\/it\/2021\/06\/video-alla-scoperta-delle-cantine-dellhotel-de-paris-monte-carlo\/#breadcrumb","itemListElement":[{"@type":"ListItem","position":1,"name":"Accueil","item":"https:\/\/www.monaco-tribune.com\/it\/"},{"@type":"ListItem","position":2,"name":"VIDEO. Alla scoperta delle cantine dell&rsquo;Hotel de Paris Monte-Carlo"}]},{"@type":"WebSite","@id":"https:\/\/www.monaco-tribune.com\/it\/#website","url":"https:\/\/www.monaco-tribune.com\/it\/","name":"Monaco Tribune","description":"Monaco : actualit\u00e9s \u00e9conomiques, politiques, culturelles et sportives de Monaco et de la French Riviera.","publisher":{"@id":"https:\/\/www.monaco-tribune.com\/it\/#organization"},"potentialAction":[{"@type":"SearchAction","target":{"@type":"EntryPoint","urlTemplate":"https:\/\/www.monaco-tribune.com\/it\/?s={search_term_string}"},"query-input":{"@type":"PropertyValueSpecification","valueRequired":true,"valueName":"search_term_string"}}],"inLanguage":"it-IT"},{"@type":"Organization","@id":"https:\/\/www.monaco-tribune.com\/it\/#organization","name":"Monaco Tribune","url":"https:\/\/www.monaco-tribune.com\/it\/","logo":{"@type":"ImageObject","inLanguage":"it-IT","@id":"https:\/\/www.monaco-tribune.com\/it\/#\/schema\/logo\/image\/","url":"https:\/\/www.monaco-tribune.com\/wp-content\/uploads\/2022\/11\/logo-monaco-tribune.png","contentUrl":"https:\/\/www.monaco-tribune.com\/wp-content\/uploads\/2022\/11\/logo-monaco-tribune.png","width":1548,"height":600,"caption":"Monaco Tribune"},"image":{"@id":"https:\/\/www.monaco-tribune.com\/it\/#\/schema\/logo\/image\/"},"sameAs":["https:\/\/www.facebook.com\/MonacoTribune","https:\/\/x.com\/MonacoTribune","https:\/\/www.instagram.com\/monacotribune\/","https:\/\/www.linkedin.com\/company\/monaco-tribune","https:\/\/www.youtube.com\/channel\/UCHle1MnG6hw1y4lWKijVbMA"]},{"@type":"Person","@id":"https:\/\/www.monaco-tribune.com\/it\/#\/schema\/person\/98af1072b5bb7bcc9547c46546cadfd5","name":"Beno\u00eet Sorre","image":{"@type":"ImageObject","inLanguage":"it-IT","@id":"https:\/\/secure.gravatar.com\/avatar\/74c032faefbed44fc1f2f82edec4cd7aeb31bc4b9af028fb8700419677676722?s=96&d=mm&r=g","url":"https:\/\/secure.gravatar.com\/avatar\/74c032faefbed44fc1f2f82edec4cd7aeb31bc4b9af028fb8700419677676722?s=96&d=mm&r=g","contentUrl":"https:\/\/secure.gravatar.com\/avatar\/74c032faefbed44fc1f2f82edec4cd7aeb31bc4b9af028fb8700419677676722?s=96&d=mm&r=g","caption":"Beno\u00eet Sorre"},"url":"https:\/\/www.monaco-tribune.com\/it\/author\/benoitsorre\/"}]}},"_links":{"self":[{"href":"https:\/\/www.monaco-tribune.com\/it\/wp-json\/wp\/v2\/posts\/81771","targetHints":{"allow":["GET"]}}],"collection":[{"href":"https:\/\/www.monaco-tribune.com\/it\/wp-json\/wp\/v2\/posts"}],"about":[{"href":"https:\/\/www.monaco-tribune.com\/it\/wp-json\/wp\/v2\/types\/post"}],"author":[{"embeddable":true,"href":"https:\/\/www.monaco-tribune.com\/it\/wp-json\/wp\/v2\/users\/44"}],"replies":[{"embeddable":true,"href":"https:\/\/www.monaco-tribune.com\/it\/wp-json\/wp\/v2\/comments?post=81771"}],"version-history":[{"count":0,"href":"https:\/\/www.monaco-tribune.com\/it\/wp-json\/wp\/v2\/posts\/81771\/revisions"}],"wp:featuredmedia":[{"embeddable":true,"href":"https:\/\/www.monaco-tribune.com\/it\/wp-json\/wp\/v2\/media\/81646"}],"wp:attachment":[{"href":"https:\/\/www.monaco-tribune.com\/it\/wp-json\/wp\/v2\/media?parent=81771"}],"wp:term":[{"taxonomy":"category","embeddable":true,"href":"https:\/\/www.monaco-tribune.com\/it\/wp-json\/wp\/v2\/categories?post=81771"},{"taxonomy":"post_tag","embeddable":true,"href":"https:\/\/www.monaco-tribune.com\/it\/wp-json\/wp\/v2\/tags?post=81771"},{"taxonomy":"sectag","embeddable":true,"href":"https:\/\/www.monaco-tribune.com\/it\/wp-json\/wp\/v2\/post_sectags?post=81771"},{"taxonomy":"format","embeddable":true,"href":"https:\/\/www.monaco-tribune.com\/it\/wp-json\/wp\/v2\/post_format?post=81771"}],"curies":[{"name":"wp","href":"https:\/\/api.w.org\/{rel}","templated":true}]}}