{"id":81834,"date":"2021-06-14T18:35:44","date_gmt":"2021-06-14T16:35:44","guid":{"rendered":"https:\/\/www.monaco-tribune.com\/2021\/06\/stella-almondo-la-giovane-stella-nascente-del-pianoforte\/"},"modified":"2021-06-25T15:29:20","modified_gmt":"2021-06-25T13:29:20","slug":"stella-almondo-la-giovane-stella-nascente-del-pianoforte","status":"publish","type":"post","link":"https:\/\/www.monaco-tribune.com\/it\/2021\/06\/stella-almondo-la-giovane-stella-nascente-del-pianoforte\/","title":{"rendered":"Stella Almondo. La giovane &#8220;stella&#8221; nascente del pianoforte"},"content":{"rendered":"\n<p><strong>Ad appena quindici anni, la pianista Stella Almondo si esibisce gi\u00e0 sulla scena internazionale, da Monaco fino a Mosca, e ora anche sul piccolo schermo. La sua sensibilit\u00e0 trasporta gli spettatori indietro nel tempo, per rivivere le opere di Fr\u00e9d\u00e9ric Chopin e rendere ancora pi\u00f9 sublimi quelle di Franz Liszt.<\/strong><\/p>\n\n\n\n<p>Le sue giornate sono ritmate dalle note del piano e cullate dalle onde del Mediterraneo. &#8220;\u00c8 di fronte a questo blu infinito che traggo ispirazione&#8221;, confessa Stella Almondo. La giovane monegasca, oggi si divide tra la Costa Azzurra e Parigi: &#8220;il liceo a Cannes, il conservatorio a Nizza e le lezioni settimanali alla Schola Cantorum a pochi passi dai Giardini di Lussemburgo (a Parigi)&#8221;. \u00c8 qui che Stella Almondo perfeziona la sua arte, tutta orecchie davanti ai preziosi consigli del suo professore, il famoso pianista russo Igor Lazko.<\/p>\n\n\n\n<h2 class=\"wp-block-heading\" id=\"h-cuore-sensibile-e-orecchio-musicale\">Cuore sensibile e orecchio musicale<\/h2>\n\n\n\n<p>Da Tchaikovsky a Franz Liszt, la ragazza assapora il romanticismo di queste arie geniali che hanno attraversato i secoli, con la loro ricca tavolozza di emozioni e il male di vivere ancora oggi trasmesso dagli spartiti. &#8220;Sono una persona molto sensibile&#8221;, ci confida Stella Almondo, &#8220;amo lasciarmi trasportare dalle emozioni&#8221; e interpretarle al piano per trarne il meglio.<\/p>\n\n\n\n<div class=\"wp-block-image\"><figure class=\"aligncenter size-large\"><img loading=\"lazy\" decoding=\"async\" width=\"1024\" height=\"683\" src=\"https:\/\/www.monaco-tribune.com\/wp-content\/uploads\/2021\/06\/stella-2-2-1024x683.jpg\" alt=\"\" class=\"wp-image-81560\" srcset=\"https:\/\/www.monaco-tribune.com\/wp-content\/uploads\/2021\/06\/stella-2-2-1024x683.jpg 1024w, https:\/\/www.monaco-tribune.com\/wp-content\/uploads\/2021\/06\/stella-2-2-450x300.jpg 450w, https:\/\/www.monaco-tribune.com\/wp-content\/uploads\/2021\/06\/stella-2-2-225x150.jpg 225w, https:\/\/www.monaco-tribune.com\/wp-content\/uploads\/2021\/06\/stella-2-2-768x512.jpg 768w, https:\/\/www.monaco-tribune.com\/wp-content\/uploads\/2021\/06\/stella-2-2-1536x1025.jpg 1536w, https:\/\/www.monaco-tribune.com\/wp-content\/uploads\/2021\/06\/stella-2-2-175x117.jpg 175w, https:\/\/www.monaco-tribune.com\/wp-content\/uploads\/2021\/06\/stella-2-2.jpg 2000w\" sizes=\"auto, (max-width: 1024px) 100vw, 1024px\" \/><figcaption>Al piano, Stella Almondo si immagina paesaggi mediterranei e storie \/ \u00a9 Aliz\u00e9e Mosconi<\/figcaption><\/figure><\/div>\n\n\n\n<p>&#8220;Dietro la tastiera, immagino tantissime storie, paesaggi, spesso nel Mediterraneo, e a volte un mondo di colori&#8221;. Un momento di evasione in cui l&#8217;anima vagabonda da una nota all&#8217;altra, danzando sulle melodie e vibrando al suono degli accordi. &#8220;\u00c8 qui che do il meglio di me&#8221;, ammette la giovane artista.<\/p>\n\n\n\n<p>Perfezionista nell&#8217;anima, Stella Almondo non tiene pi\u00f9 il conto delle ore che passa davanti al piano, forse &#8220;una ventina a settimana&#8221;. La passione \u00e8 importante, certo, ma prima di tutto ci vuole impegno. &#8220;Non c&#8217;\u00e8 nessun segreto, bisogna lavorare sodo: ho la fortuna di avere talento, che rende le cose pi\u00f9 facili, ma questo da solo non basta!&#8221;<\/p>\n\n\n\n<blockquote class=\"wp-block-quote is-layout-flow wp-block-quote-is-layout-flow\"><p><em>La vedo ancora da bambina avvicinarsi alle siepi del nostro vecchio giardino per ascoltare le melodie che provenivano dalla casa di fronte, dove abitava un musicista<\/em><\/p><cite>Nathalie Bijou, madre della pianista prodigio<\/cite><\/blockquote>\n\n\n\n<p>&#8220;A casa, il piano suona continuamente&#8221;, afferma Nathalie Bijou, madre della giovane prodigio. &#8220;La passione per questo strumento richiede un enorme investimento. Ammiro molto il suo impegno e la sua tenacia. Mi lascia esterrefatta!&#8221;<\/p>\n\n\n\n<div class=\"wp-block-image\"><figure class=\"alignright size-medium\"><img loading=\"lazy\" decoding=\"async\" width=\"450\" height=\"300\" src=\"https:\/\/www.monaco-tribune.com\/wp-content\/uploads\/2021\/06\/stella-3-2-450x300.jpg\" alt=\"\" class=\"wp-image-81555\" srcset=\"https:\/\/www.monaco-tribune.com\/wp-content\/uploads\/2021\/06\/stella-3-2-450x300.jpg 450w, https:\/\/www.monaco-tribune.com\/wp-content\/uploads\/2021\/06\/stella-3-2-1024x682.jpg 1024w, https:\/\/www.monaco-tribune.com\/wp-content\/uploads\/2021\/06\/stella-3-2-225x150.jpg 225w, https:\/\/www.monaco-tribune.com\/wp-content\/uploads\/2021\/06\/stella-3-2-768x512.jpg 768w, https:\/\/www.monaco-tribune.com\/wp-content\/uploads\/2021\/06\/stella-3-2-1536x1024.jpg 1536w, https:\/\/www.monaco-tribune.com\/wp-content\/uploads\/2021\/06\/stella-3-2-175x117.jpg 175w, https:\/\/www.monaco-tribune.com\/wp-content\/uploads\/2021\/06\/stella-3-2.jpg 2000w\" sizes=\"auto, (max-width: 450px) 100vw, 450px\" \/><figcaption>Stella Almondo ha perso il conto delle ore che passa davanti al piano \/&nbsp;<em>\u00a9<\/em>&nbsp;Aliz\u00e9e Mosconi<\/figcaption><\/figure><\/div>\n\n\n\n<p>&#8220;La vedo ancora da bambina avvicinarsi alle siepi del nostro vecchio giardino per ascoltare le melodie che provenivano dalla casa di fronte, dove abitava un musicista&#8221;, ricorda Nathalie Bijou, che sostiene la figlia in questa passione che la accompagna dalla pi\u00f9 tenera et\u00e0. &#8220;Da piccola, riproducevo gi\u00e0 le canzoni dei film d&#8217;animazione Walt Disney su un pianoforte per bambini&#8221;, ricorda Stella. &#8220;Ho suonato a orecchio fino all&#8217;et\u00e0 di dieci anni&#8221;.<\/p>\n\n\n\n<p><strong>&gt;&gt; LEGGI ANCHE: <\/strong><a href=\"https:\/\/www.monaco-tribune.com\/it\/2021\/02\/alessandra-tognoloni-balletto-di-monte-carlo-se-togli-larte-ti-ritrovi-una-vita-vuota\/\">Alessandra Tognoloni, i Balletti di Monte-Carlo: \u201cSe togli l\u2019arte, ti ritrovi una vita vuota\u201d<\/a><\/p>\n\n\n\n<h2 class=\"wp-block-heading\" id=\"h-dal-solfeggio-alle-esibizioni\">Dal solfeggio alle esibizioni<\/h2>\n\n\n\n<p>Seguiranno poi le lezioni di solfeggio, le prime scale e la gioia dei successi. &#8220;Fr\u00e9d\u00e9ric Chopin le ha portato fortuna!&#8221; racconta divertita Nathalie Bijou. Nel 2018, dopo aver suonato diversi pezzi del celebre artista, Stella Almondo si aggiudica il Concorso Giovane Chopin in Svizzera. &#8220;Da qui \u00e8 cominciato tutto&#8221;.<\/p>\n\n\n\n<p>Sugli scaffali della sua cameretta, iniziano ad accumularsi i trofei, tra cui quello di Best Talent Music dell&#8217;anno, ricevuto il 10 maggio in occasione del Gala Maria Callas a Monaco.<\/p>\n\n\n\n<p>A dicembre 2020, Stella Almondo fa la sua comparsa sul piccolo schermo, nella trasmissione <em>Prodiges<\/em> andata in onda in Francia sul canale France 2. &#8220;Un evento seguito da milioni di telespettatori&#8221;, ricorda la finalista ancora emozionata per l&#8217;esperienza ed entusiasta delle numerose critiche positive grazie al quale ha potuto migliorarsi.<\/p>\n\n\n\n<figure class=\"wp-block-embed aligncenter is-type-video is-provider-youtube wp-block-embed-youtube wp-embed-aspect-16-9 wp-has-aspect-ratio\"><div class=\"wp-block-embed__wrapper\">\n<iframe title=\"Stella Almondo: la monegasca prodigio del pianoforte\" width=\"500\" height=\"281\" src=\"https:\/\/www.youtube.com\/embed\/54LNJbBAylE?feature=oembed\" frameborder=\"0\" allow=\"accelerometer; autoplay; clipboard-write; encrypted-media; gyroscope; picture-in-picture; web-share\" referrerpolicy=\"strict-origin-when-cross-origin\" allowfullscreen><\/iframe>\n<\/div><\/figure>\n\n\n\n<h2 class=\"wp-block-heading\" id=\"h-mai-senza-pianoforte\">Mai senza pianoforte<\/h2>\n\n\n\n<p>Il suo &#8220;migliore amico&#8221;? Il pianoforte blu nella sua cameretta posizionato di fronte a un pubblico di peluche. &#8220;Per me gli oggetti hanno un forte valore sentimentale&#8221;. \u00c8 qui che Stella Almondo si esercita con attenzione sui suoi spartiti, ricoperti di appunti e commenti. Fogli preziosi da memorizzare prima del prossimo concerto.<\/p>\n\n\n\n<p>&#8220;Quando passo diverse ore sulla stessa battuta, mi lascio prendere dalla frustrazione: il piano richiede molta concentrazione e molto lavoro su se stessi&#8221;. Ogni nota deve essere precisa. &#8220;La parte pi\u00f9 complicata \u00e8 farla sembrare una cosa semplicissima!&#8221;<\/p>\n\n\n\n<p>&#8220;Mi sto impegnando molto per realizzare il mio sogno professionale, perch\u00e9 non voglio avere alcun rimpianto in futuro&#8221;, conclude la pianista di talento. Stella Almondo \u00e8 rimasta piacevolmente colpita dal sostegno che riceve ogni giorno, soprattutto quello dei diversi membri del Governo del Principe, come Isabelle Bonnal, Commissario generale alla Direzione dell&#8217;istruzione nazionale, della giovent\u00f9 e degli sport, e Fran\u00e7oise Gamerdinger, Direttrice degli affari culturali.<\/p>\n\n\n\n<div class=\"wp-block-image\"><figure class=\"aligncenter size-large\"><img loading=\"lazy\" decoding=\"async\" width=\"1024\" height=\"682\" src=\"https:\/\/www.monaco-tribune.com\/wp-content\/uploads\/2021\/06\/stella-4-2-1024x682.jpg\" alt=\"\" class=\"wp-image-81564\" srcset=\"https:\/\/www.monaco-tribune.com\/wp-content\/uploads\/2021\/06\/stella-4-2-1024x682.jpg 1024w, https:\/\/www.monaco-tribune.com\/wp-content\/uploads\/2021\/06\/stella-4-2-450x300.jpg 450w, https:\/\/www.monaco-tribune.com\/wp-content\/uploads\/2021\/06\/stella-4-2-225x150.jpg 225w, https:\/\/www.monaco-tribune.com\/wp-content\/uploads\/2021\/06\/stella-4-2-768x512.jpg 768w, https:\/\/www.monaco-tribune.com\/wp-content\/uploads\/2021\/06\/stella-4-2-1536x1024.jpg 1536w, https:\/\/www.monaco-tribune.com\/wp-content\/uploads\/2021\/06\/stella-4-2-175x117.jpg 175w, https:\/\/www.monaco-tribune.com\/wp-content\/uploads\/2021\/06\/stella-4-2.jpg 2000w\" sizes=\"auto, (max-width: 1024px) 100vw, 1024px\" \/><figcaption>Secondo Stella Almondo la perseveranza, il lavoro e la concentrazione sono essenziali \/ \u00a9 Aliz\u00e9e Mosconi<\/figcaption><\/figure><\/div>\n\n\n\n<p><strong>&gt;&gt; LEGGI ANCHE: <\/strong><a href=\"https:\/\/www.monaco-tribune.com\/it\/2021\/01\/alexandre-kantorow-il-genio-del-piano-che-non-si-e-lasciato-influenzare-dal-successo\/\">Alexandre Kantorow, il genio del piano che non si \u00e8 lasciato influenzare dal successo<\/a><\/p>\n","protected":false},"excerpt":{"rendered":"<p>Ad appena quindici anni, la pianista Stella Almondo si esibisce gi\u00e0 sulla scena internazionale, da Monaco fino a Mosca, e [&hellip;]<\/p>\n","protected":false},"author":50,"featured_media":81544,"comment_status":"closed","ping_status":"closed","sticky":false,"template":"","format":"standard","meta":{"_acf_changed":false,"footnotes":""},"categories":[1740,1826,1738],"tags":[2889],"post_sectags":[],"post_format":[2480],"class_list":["post-81834","post","type-post","status-publish","format-standard","has-post-thumbnail","hentry","category-cosa-fare","category-la-nostra-scelta","category-notizie","tag-musica","format-profilo"],"acf":[],"yoast_head":"<!-- This site is optimized with the Yoast SEO Premium plugin v26.8 (Yoast SEO v27.4) - https:\/\/yoast.com\/product\/yoast-seo-premium-wordpress\/ -->\n<title>Stella Almondo. La giovane &quot;stella&quot; nascente del pianoforte<\/title>\n<meta name=\"description\" content=\"Ad appena quindici anni, la pianista Stella Almondo si esibisce gi\u00e0 sulla scena internazionale, da Monaco fino a Mosca, e ora anche sul piccolo schermo.\" \/>\n<meta name=\"robots\" content=\"index, follow, max-snippet:-1, max-image-preview:large, max-video-preview:-1\" \/>\n<link rel=\"canonical\" href=\"https:\/\/www.monaco-tribune.com\/it\/2021\/06\/stella-almondo-la-giovane-stella-nascente-del-pianoforte\/\" \/>\n<meta property=\"og:locale\" content=\"it_IT\" \/>\n<meta property=\"og:type\" content=\"article\" \/>\n<meta property=\"og:title\" content=\"Stella Almondo. La giovane &quot;stella&quot; nascente del pianoforte - Monaco Tribune\" \/>\n<meta property=\"og:description\" content=\"Ad appena quindici anni, la pianista Stella Almondo si esibisce gi\u00e0 sulla scena internazionale, da Monaco fino a Mosca, e ora anche sul piccolo schermo.\" \/>\n<meta property=\"og:url\" content=\"https:\/\/www.monaco-tribune.com\/it\/2021\/06\/stella-almondo-la-giovane-stella-nascente-del-pianoforte\/\" \/>\n<meta property=\"og:site_name\" content=\"Monaco Tribune\" \/>\n<meta property=\"article:publisher\" content=\"https:\/\/www.facebook.com\/MonacoTribune\" \/>\n<meta property=\"article:published_time\" content=\"2021-06-14T16:35:44+00:00\" \/>\n<meta property=\"article:modified_time\" content=\"2021-06-25T13:29:20+00:00\" \/>\n<meta property=\"og:image\" content=\"https:\/\/www.monaco-tribune.com\/wp-content\/uploads\/2021\/06\/stella-1-2.jpg\" \/>\n\t<meta property=\"og:image:width\" content=\"2000\" \/>\n\t<meta property=\"og:image:height\" content=\"1279\" \/>\n\t<meta property=\"og:image:type\" content=\"image\/jpeg\" \/>\n<meta name=\"author\" content=\"Aliz\u00e9e Mosconi\" \/>\n<meta name=\"twitter:card\" content=\"summary_large_image\" \/>\n<meta name=\"twitter:creator\" content=\"@MonacoTribune\" \/>\n<meta name=\"twitter:site\" content=\"@MonacoTribune\" \/>\n<script type=\"application\/ld+json\" class=\"yoast-schema-graph\">{\"@context\":\"https:\\\/\\\/schema.org\",\"@graph\":[{\"@type\":\"NewsArticle\",\"@id\":\"https:\\\/\\\/www.monaco-tribune.com\\\/it\\\/2021\\\/06\\\/stella-almondo-la-giovane-stella-nascente-del-pianoforte\\\/#article\",\"isPartOf\":{\"@id\":\"https:\\\/\\\/www.monaco-tribune.com\\\/it\\\/2021\\\/06\\\/stella-almondo-la-giovane-stella-nascente-del-pianoforte\\\/\"},\"author\":{\"name\":\"Aliz\u00e9e Mosconi\",\"@id\":\"https:\\\/\\\/www.monaco-tribune.com\\\/it\\\/#\\\/schema\\\/person\\\/bb7eedbeede1d20ce8d51e52bde2c1e8\"},\"headline\":\"Stella Almondo. La giovane &#8220;stella&#8221; nascente del pianoforte\",\"datePublished\":\"2021-06-14T16:35:44+00:00\",\"dateModified\":\"2021-06-25T13:29:20+00:00\",\"mainEntityOfPage\":{\"@id\":\"https:\\\/\\\/www.monaco-tribune.com\\\/it\\\/2021\\\/06\\\/stella-almondo-la-giovane-stella-nascente-del-pianoforte\\\/\"},\"wordCount\":831,\"publisher\":{\"@id\":\"https:\\\/\\\/www.monaco-tribune.com\\\/it\\\/#organization\"},\"image\":{\"@id\":\"https:\\\/\\\/www.monaco-tribune.com\\\/it\\\/2021\\\/06\\\/stella-almondo-la-giovane-stella-nascente-del-pianoforte\\\/#primaryimage\"},\"thumbnailUrl\":\"https:\\\/\\\/www.monaco-tribune.com\\\/wp-content\\\/uploads\\\/2021\\\/06\\\/stella-1-2.jpg\",\"keywords\":[\"Musica\"],\"articleSection\":[\"Cosa fare\",\"La nostra scelta\",\"Notizie\"],\"inLanguage\":\"it-IT\",\"copyrightYear\":\"2021\",\"copyrightHolder\":{\"@id\":\"https:\\\/\\\/www.monaco-tribune.com\\\/#organization\"}},{\"@type\":\"WebPage\",\"@id\":\"https:\\\/\\\/www.monaco-tribune.com\\\/it\\\/2021\\\/06\\\/stella-almondo-la-giovane-stella-nascente-del-pianoforte\\\/\",\"url\":\"https:\\\/\\\/www.monaco-tribune.com\\\/it\\\/2021\\\/06\\\/stella-almondo-la-giovane-stella-nascente-del-pianoforte\\\/\",\"name\":\"Stella Almondo. La giovane \\\"stella\\\" nascente del pianoforte\",\"isPartOf\":{\"@id\":\"https:\\\/\\\/www.monaco-tribune.com\\\/it\\\/#website\"},\"primaryImageOfPage\":{\"@id\":\"https:\\\/\\\/www.monaco-tribune.com\\\/it\\\/2021\\\/06\\\/stella-almondo-la-giovane-stella-nascente-del-pianoforte\\\/#primaryimage\"},\"image\":{\"@id\":\"https:\\\/\\\/www.monaco-tribune.com\\\/it\\\/2021\\\/06\\\/stella-almondo-la-giovane-stella-nascente-del-pianoforte\\\/#primaryimage\"},\"thumbnailUrl\":\"https:\\\/\\\/www.monaco-tribune.com\\\/wp-content\\\/uploads\\\/2021\\\/06\\\/stella-1-2.jpg\",\"datePublished\":\"2021-06-14T16:35:44+00:00\",\"dateModified\":\"2021-06-25T13:29:20+00:00\",\"description\":\"Ad appena quindici anni, la pianista Stella Almondo si esibisce gi\u00e0 sulla scena internazionale, da Monaco fino a Mosca, e ora anche sul piccolo schermo.\",\"breadcrumb\":{\"@id\":\"https:\\\/\\\/www.monaco-tribune.com\\\/it\\\/2021\\\/06\\\/stella-almondo-la-giovane-stella-nascente-del-pianoforte\\\/#breadcrumb\"},\"inLanguage\":\"it-IT\",\"potentialAction\":[{\"@type\":\"ReadAction\",\"target\":[\"https:\\\/\\\/www.monaco-tribune.com\\\/it\\\/2021\\\/06\\\/stella-almondo-la-giovane-stella-nascente-del-pianoforte\\\/\"]}]},{\"@type\":\"ImageObject\",\"inLanguage\":\"it-IT\",\"@id\":\"https:\\\/\\\/www.monaco-tribune.com\\\/it\\\/2021\\\/06\\\/stella-almondo-la-giovane-stella-nascente-del-pianoforte\\\/#primaryimage\",\"url\":\"https:\\\/\\\/www.monaco-tribune.com\\\/wp-content\\\/uploads\\\/2021\\\/06\\\/stella-1-2.jpg\",\"contentUrl\":\"https:\\\/\\\/www.monaco-tribune.com\\\/wp-content\\\/uploads\\\/2021\\\/06\\\/stella-1-2.jpg\",\"width\":2000,\"height\":1279,\"caption\":\"Aliz\u00e9e Mosconi \\\/ Primo piano di Stella Almondo, quindici anni e gi\u00e0 pianista di talento.\"},{\"@type\":\"BreadcrumbList\",\"@id\":\"https:\\\/\\\/www.monaco-tribune.com\\\/it\\\/2021\\\/06\\\/stella-almondo-la-giovane-stella-nascente-del-pianoforte\\\/#breadcrumb\",\"itemListElement\":[{\"@type\":\"ListItem\",\"position\":1,\"name\":\"Accueil\",\"item\":\"https:\\\/\\\/www.monaco-tribune.com\\\/it\\\/\"},{\"@type\":\"ListItem\",\"position\":2,\"name\":\"Stella Almondo. La giovane \u00ab\u00a0stella\u00a0\u00bb nascente del pianoforte\"}]},{\"@type\":\"WebSite\",\"@id\":\"https:\\\/\\\/www.monaco-tribune.com\\\/it\\\/#website\",\"url\":\"https:\\\/\\\/www.monaco-tribune.com\\\/it\\\/\",\"name\":\"Monaco Tribune\",\"description\":\"Monaco : actualit\u00e9s \u00e9conomiques, politiques, culturelles et sportives de Monaco et de la French Riviera.\",\"publisher\":{\"@id\":\"https:\\\/\\\/www.monaco-tribune.com\\\/it\\\/#organization\"},\"potentialAction\":[{\"@type\":\"SearchAction\",\"target\":{\"@type\":\"EntryPoint\",\"urlTemplate\":\"https:\\\/\\\/www.monaco-tribune.com\\\/it\\\/?s={search_term_string}\"},\"query-input\":{\"@type\":\"PropertyValueSpecification\",\"valueRequired\":true,\"valueName\":\"search_term_string\"}}],\"inLanguage\":\"it-IT\"},{\"@type\":\"Organization\",\"@id\":\"https:\\\/\\\/www.monaco-tribune.com\\\/it\\\/#organization\",\"name\":\"Monaco Tribune\",\"url\":\"https:\\\/\\\/www.monaco-tribune.com\\\/it\\\/\",\"logo\":{\"@type\":\"ImageObject\",\"inLanguage\":\"it-IT\",\"@id\":\"https:\\\/\\\/www.monaco-tribune.com\\\/it\\\/#\\\/schema\\\/logo\\\/image\\\/\",\"url\":\"https:\\\/\\\/www.monaco-tribune.com\\\/wp-content\\\/uploads\\\/2022\\\/11\\\/logo-monaco-tribune.png\",\"contentUrl\":\"https:\\\/\\\/www.monaco-tribune.com\\\/wp-content\\\/uploads\\\/2022\\\/11\\\/logo-monaco-tribune.png\",\"width\":1548,\"height\":600,\"caption\":\"Monaco Tribune\"},\"image\":{\"@id\":\"https:\\\/\\\/www.monaco-tribune.com\\\/it\\\/#\\\/schema\\\/logo\\\/image\\\/\"},\"sameAs\":[\"https:\\\/\\\/www.facebook.com\\\/MonacoTribune\",\"https:\\\/\\\/x.com\\\/MonacoTribune\",\"https:\\\/\\\/www.instagram.com\\\/monacotribune\\\/\",\"https:\\\/\\\/www.linkedin.com\\\/company\\\/monaco-tribune\",\"https:\\\/\\\/www.youtube.com\\\/channel\\\/UCHle1MnG6hw1y4lWKijVbMA\"]},{\"@type\":\"Person\",\"@id\":\"https:\\\/\\\/www.monaco-tribune.com\\\/it\\\/#\\\/schema\\\/person\\\/bb7eedbeede1d20ce8d51e52bde2c1e8\",\"name\":\"Aliz\u00e9e Mosconi\",\"image\":{\"@type\":\"ImageObject\",\"inLanguage\":\"it-IT\",\"@id\":\"https:\\\/\\\/secure.gravatar.com\\\/avatar\\\/a01ecf8f75ca312b8db6f53ca7d56a4f7d4dd75acdd7f8605efab1d10294a17f?s=96&d=mm&r=g\",\"url\":\"https:\\\/\\\/secure.gravatar.com\\\/avatar\\\/a01ecf8f75ca312b8db6f53ca7d56a4f7d4dd75acdd7f8605efab1d10294a17f?s=96&d=mm&r=g\",\"contentUrl\":\"https:\\\/\\\/secure.gravatar.com\\\/avatar\\\/a01ecf8f75ca312b8db6f53ca7d56a4f7d4dd75acdd7f8605efab1d10294a17f?s=96&d=mm&r=g\",\"caption\":\"Aliz\u00e9e Mosconi\"},\"url\":\"https:\\\/\\\/www.monaco-tribune.com\\\/it\\\/author\\\/alizeemosconi\\\/\"}]}<\/script>\n<!-- \/ Yoast SEO Premium plugin. -->","yoast_head_json":{"title":"Stella Almondo. La giovane \"stella\" nascente del pianoforte","description":"Ad appena quindici anni, la pianista Stella Almondo si esibisce gi\u00e0 sulla scena internazionale, da Monaco fino a Mosca, e ora anche sul piccolo schermo.","robots":{"index":"index","follow":"follow","max-snippet":"max-snippet:-1","max-image-preview":"max-image-preview:large","max-video-preview":"max-video-preview:-1"},"canonical":"https:\/\/www.monaco-tribune.com\/it\/2021\/06\/stella-almondo-la-giovane-stella-nascente-del-pianoforte\/","og_locale":"it_IT","og_type":"article","og_title":"Stella Almondo. La giovane \"stella\" nascente del pianoforte - Monaco Tribune","og_description":"Ad appena quindici anni, la pianista Stella Almondo si esibisce gi\u00e0 sulla scena internazionale, da Monaco fino a Mosca, e ora anche sul piccolo schermo.","og_url":"https:\/\/www.monaco-tribune.com\/it\/2021\/06\/stella-almondo-la-giovane-stella-nascente-del-pianoforte\/","og_site_name":"Monaco Tribune","article_publisher":"https:\/\/www.facebook.com\/MonacoTribune","article_published_time":"2021-06-14T16:35:44+00:00","article_modified_time":"2021-06-25T13:29:20+00:00","og_image":[{"width":2000,"height":1279,"url":"https:\/\/www.monaco-tribune.com\/wp-content\/uploads\/2021\/06\/stella-1-2.jpg","type":"image\/jpeg"}],"author":"Aliz\u00e9e Mosconi","twitter_card":"summary_large_image","twitter_creator":"@MonacoTribune","twitter_site":"@MonacoTribune","schema":{"@context":"https:\/\/schema.org","@graph":[{"@type":"NewsArticle","@id":"https:\/\/www.monaco-tribune.com\/it\/2021\/06\/stella-almondo-la-giovane-stella-nascente-del-pianoforte\/#article","isPartOf":{"@id":"https:\/\/www.monaco-tribune.com\/it\/2021\/06\/stella-almondo-la-giovane-stella-nascente-del-pianoforte\/"},"author":{"name":"Aliz\u00e9e Mosconi","@id":"https:\/\/www.monaco-tribune.com\/it\/#\/schema\/person\/bb7eedbeede1d20ce8d51e52bde2c1e8"},"headline":"Stella Almondo. La giovane &#8220;stella&#8221; nascente del pianoforte","datePublished":"2021-06-14T16:35:44+00:00","dateModified":"2021-06-25T13:29:20+00:00","mainEntityOfPage":{"@id":"https:\/\/www.monaco-tribune.com\/it\/2021\/06\/stella-almondo-la-giovane-stella-nascente-del-pianoforte\/"},"wordCount":831,"publisher":{"@id":"https:\/\/www.monaco-tribune.com\/it\/#organization"},"image":{"@id":"https:\/\/www.monaco-tribune.com\/it\/2021\/06\/stella-almondo-la-giovane-stella-nascente-del-pianoforte\/#primaryimage"},"thumbnailUrl":"https:\/\/www.monaco-tribune.com\/wp-content\/uploads\/2021\/06\/stella-1-2.jpg","keywords":["Musica"],"articleSection":["Cosa fare","La nostra scelta","Notizie"],"inLanguage":"it-IT","copyrightYear":"2021","copyrightHolder":{"@id":"https:\/\/www.monaco-tribune.com\/#organization"}},{"@type":"WebPage","@id":"https:\/\/www.monaco-tribune.com\/it\/2021\/06\/stella-almondo-la-giovane-stella-nascente-del-pianoforte\/","url":"https:\/\/www.monaco-tribune.com\/it\/2021\/06\/stella-almondo-la-giovane-stella-nascente-del-pianoforte\/","name":"Stella Almondo. La giovane \"stella\" nascente del pianoforte","isPartOf":{"@id":"https:\/\/www.monaco-tribune.com\/it\/#website"},"primaryImageOfPage":{"@id":"https:\/\/www.monaco-tribune.com\/it\/2021\/06\/stella-almondo-la-giovane-stella-nascente-del-pianoforte\/#primaryimage"},"image":{"@id":"https:\/\/www.monaco-tribune.com\/it\/2021\/06\/stella-almondo-la-giovane-stella-nascente-del-pianoforte\/#primaryimage"},"thumbnailUrl":"https:\/\/www.monaco-tribune.com\/wp-content\/uploads\/2021\/06\/stella-1-2.jpg","datePublished":"2021-06-14T16:35:44+00:00","dateModified":"2021-06-25T13:29:20+00:00","description":"Ad appena quindici anni, la pianista Stella Almondo si esibisce gi\u00e0 sulla scena internazionale, da Monaco fino a Mosca, e ora anche sul piccolo schermo.","breadcrumb":{"@id":"https:\/\/www.monaco-tribune.com\/it\/2021\/06\/stella-almondo-la-giovane-stella-nascente-del-pianoforte\/#breadcrumb"},"inLanguage":"it-IT","potentialAction":[{"@type":"ReadAction","target":["https:\/\/www.monaco-tribune.com\/it\/2021\/06\/stella-almondo-la-giovane-stella-nascente-del-pianoforte\/"]}]},{"@type":"ImageObject","inLanguage":"it-IT","@id":"https:\/\/www.monaco-tribune.com\/it\/2021\/06\/stella-almondo-la-giovane-stella-nascente-del-pianoforte\/#primaryimage","url":"https:\/\/www.monaco-tribune.com\/wp-content\/uploads\/2021\/06\/stella-1-2.jpg","contentUrl":"https:\/\/www.monaco-tribune.com\/wp-content\/uploads\/2021\/06\/stella-1-2.jpg","width":2000,"height":1279,"caption":"Aliz\u00e9e Mosconi \/ Primo piano di Stella Almondo, quindici anni e gi\u00e0 pianista di talento."},{"@type":"BreadcrumbList","@id":"https:\/\/www.monaco-tribune.com\/it\/2021\/06\/stella-almondo-la-giovane-stella-nascente-del-pianoforte\/#breadcrumb","itemListElement":[{"@type":"ListItem","position":1,"name":"Accueil","item":"https:\/\/www.monaco-tribune.com\/it\/"},{"@type":"ListItem","position":2,"name":"Stella Almondo. La giovane \u00ab\u00a0stella\u00a0\u00bb nascente del pianoforte"}]},{"@type":"WebSite","@id":"https:\/\/www.monaco-tribune.com\/it\/#website","url":"https:\/\/www.monaco-tribune.com\/it\/","name":"Monaco Tribune","description":"Monaco : actualit\u00e9s \u00e9conomiques, politiques, culturelles et sportives de Monaco et de la French Riviera.","publisher":{"@id":"https:\/\/www.monaco-tribune.com\/it\/#organization"},"potentialAction":[{"@type":"SearchAction","target":{"@type":"EntryPoint","urlTemplate":"https:\/\/www.monaco-tribune.com\/it\/?s={search_term_string}"},"query-input":{"@type":"PropertyValueSpecification","valueRequired":true,"valueName":"search_term_string"}}],"inLanguage":"it-IT"},{"@type":"Organization","@id":"https:\/\/www.monaco-tribune.com\/it\/#organization","name":"Monaco Tribune","url":"https:\/\/www.monaco-tribune.com\/it\/","logo":{"@type":"ImageObject","inLanguage":"it-IT","@id":"https:\/\/www.monaco-tribune.com\/it\/#\/schema\/logo\/image\/","url":"https:\/\/www.monaco-tribune.com\/wp-content\/uploads\/2022\/11\/logo-monaco-tribune.png","contentUrl":"https:\/\/www.monaco-tribune.com\/wp-content\/uploads\/2022\/11\/logo-monaco-tribune.png","width":1548,"height":600,"caption":"Monaco Tribune"},"image":{"@id":"https:\/\/www.monaco-tribune.com\/it\/#\/schema\/logo\/image\/"},"sameAs":["https:\/\/www.facebook.com\/MonacoTribune","https:\/\/x.com\/MonacoTribune","https:\/\/www.instagram.com\/monacotribune\/","https:\/\/www.linkedin.com\/company\/monaco-tribune","https:\/\/www.youtube.com\/channel\/UCHle1MnG6hw1y4lWKijVbMA"]},{"@type":"Person","@id":"https:\/\/www.monaco-tribune.com\/it\/#\/schema\/person\/bb7eedbeede1d20ce8d51e52bde2c1e8","name":"Aliz\u00e9e Mosconi","image":{"@type":"ImageObject","inLanguage":"it-IT","@id":"https:\/\/secure.gravatar.com\/avatar\/a01ecf8f75ca312b8db6f53ca7d56a4f7d4dd75acdd7f8605efab1d10294a17f?s=96&d=mm&r=g","url":"https:\/\/secure.gravatar.com\/avatar\/a01ecf8f75ca312b8db6f53ca7d56a4f7d4dd75acdd7f8605efab1d10294a17f?s=96&d=mm&r=g","contentUrl":"https:\/\/secure.gravatar.com\/avatar\/a01ecf8f75ca312b8db6f53ca7d56a4f7d4dd75acdd7f8605efab1d10294a17f?s=96&d=mm&r=g","caption":"Aliz\u00e9e Mosconi"},"url":"https:\/\/www.monaco-tribune.com\/it\/author\/alizeemosconi\/"}]}},"_links":{"self":[{"href":"https:\/\/www.monaco-tribune.com\/it\/wp-json\/wp\/v2\/posts\/81834","targetHints":{"allow":["GET"]}}],"collection":[{"href":"https:\/\/www.monaco-tribune.com\/it\/wp-json\/wp\/v2\/posts"}],"about":[{"href":"https:\/\/www.monaco-tribune.com\/it\/wp-json\/wp\/v2\/types\/post"}],"author":[{"embeddable":true,"href":"https:\/\/www.monaco-tribune.com\/it\/wp-json\/wp\/v2\/users\/50"}],"replies":[{"embeddable":true,"href":"https:\/\/www.monaco-tribune.com\/it\/wp-json\/wp\/v2\/comments?post=81834"}],"version-history":[{"count":0,"href":"https:\/\/www.monaco-tribune.com\/it\/wp-json\/wp\/v2\/posts\/81834\/revisions"}],"wp:featuredmedia":[{"embeddable":true,"href":"https:\/\/www.monaco-tribune.com\/it\/wp-json\/wp\/v2\/media\/81544"}],"wp:attachment":[{"href":"https:\/\/www.monaco-tribune.com\/it\/wp-json\/wp\/v2\/media?parent=81834"}],"wp:term":[{"taxonomy":"category","embeddable":true,"href":"https:\/\/www.monaco-tribune.com\/it\/wp-json\/wp\/v2\/categories?post=81834"},{"taxonomy":"post_tag","embeddable":true,"href":"https:\/\/www.monaco-tribune.com\/it\/wp-json\/wp\/v2\/tags?post=81834"},{"taxonomy":"sectag","embeddable":true,"href":"https:\/\/www.monaco-tribune.com\/it\/wp-json\/wp\/v2\/post_sectags?post=81834"},{"taxonomy":"format","embeddable":true,"href":"https:\/\/www.monaco-tribune.com\/it\/wp-json\/wp\/v2\/post_format?post=81834"}],"curies":[{"name":"wp","href":"https:\/\/api.w.org\/{rel}","templated":true}]}}