{"id":82219,"date":"2021-06-16T16:46:31","date_gmt":"2021-06-16T14:46:31","guid":{"rendered":"https:\/\/www.monaco-tribune.com\/2021\/06\/il-palazzo-del-principe-apre-le-porte-ai-concerti-destate\/"},"modified":"2021-06-16T16:46:36","modified_gmt":"2021-06-16T14:46:36","slug":"il-palazzo-del-principe-apre-le-porte-ai-concerti-destate","status":"publish","type":"post","link":"https:\/\/www.monaco-tribune.com\/it\/2021\/06\/il-palazzo-del-principe-apre-le-porte-ai-concerti-destate\/","title":{"rendered":"Il palazzo del Principe apre le porte ai concerti d&#8217;estate"},"content":{"rendered":"\n<p><strong>Sei serate in compagnia della musica classica, con cinque direttori d&#8217;orchestra di diverse nazionalit\u00e0, in un luogo davvero memorabile.<\/strong><\/p>\n\n<p>Al contrario dell&#8217;anno scorso, in cui solo due concerti erano stati mantenuti, questa volta sono previste ben sei date per far sognare gli invitati alla Corte d&#8217;Onore del Palazzo del Principe.<\/p>\n\n<p>Il 15 luglio, Valery Gergiev, direttore d&#8217;orchestra russo, aprir\u00e0 la prima serata, al chiaro di luna, sulle note di Debussy e Berlioz.<\/p>\n\n<p>Si continua il 18 luglio, con la bacchetta del direttore d&#8217;orchestra monegasco Gianluigi Gelmetti che diriger\u00e0 il coro dell&#8217;Orchestra di Parigi e ci far\u00e0 (ri)scoprire le pi\u00f9 belle sinfonie di Mozart.<\/p>\n\n<p>In occasione della serata del 22 luglio, sotto la guida del direttore d&#8217;orchestra ceco, Tom\u00e1\u0161 Netopil, le sorelle Katia e Marielle Lab\u00e8que, entrambe pianiste, vi faranno rivivere le musiche di Poulenc e Smetana.<\/p>\n\n<p>Thomas Hengelbrock, chiuder\u00e0 il mese il 29 di luglio, interpretando le opere di un compositore con cui condivide le origini tedesche, Mendesssohn. La stessa sera gli spettatori saranno anche deliziati dalle melodie di Mozart.<\/p>\n\n<h2 class=\"wp-block-heading\" id=\"h-un-mois-d-ao-t-de-classique-et-de-culture\">Un mese di agosto di musica classica e cultura<\/h2>\n\n<p>Il direttore d&#8217;orchestra giapponese Kazuki Yamada riprender\u00e0 il 1\u00b0 agosto, in compagnia del violino di Sergey Khachatryan, reinterpretando le arie di compositori di diverse nazionalit\u00e0: Takemitsu, giapponese, Schubert, austriaco e Sibelius, finlandese.<\/p>\n\n<p>Infine, ritroveremo ancora una volta \u00a0Kazuki Yamada che, il 5 agosto, diriger\u00e0 l&#8217;ultima serata con\u00a0<a href=\"https:\/\/www.monaco-tribune.com\/it\/2021\/01\/alexandre-kantorow-il-genio-del-piano-che-non-si-e-lasciato-influenzare-dal-successo\/\">Alexandre Kantorow<\/a> al piano. L&#8217;evento si concluder\u00e0 sulle note di Saint-Sa\u00ebns e Bizet.<\/p>\n\n<p><em>Il 15, 18, 22, 29 luglio e l&#8217;1 e il 5 agosto alle 21:30<\/em><\/p>\n\n<p><em>Apertura della biglietteria gioved\u00ec 17 giugno alle ore 10:00<\/em><\/p>\n\n<p><em>Maggiori informazioni sul sito dell&#8217;<a href=\"https:\/\/www.opmc.mc\/concerts-au-palais-princier-2021\/\">Orchestra Filarmonica di Monte-Carlo<\/a>.<\/em><\/p>\n","protected":false},"excerpt":{"rendered":"<p>Sei serate in compagnia della musica classica, con cinque direttori d&#8217;orchestra di diverse nazionalit\u00e0, in un luogo davvero memorabile. Al [&hellip;]<\/p>\n","protected":false},"author":53,"featured_media":82019,"comment_status":"closed","ping_status":"closed","sticky":false,"template":"","format":"standard","meta":{"_acf_changed":false,"footnotes":""},"categories":[1738],"tags":[2889],"post_sectags":[],"post_format":[2471],"class_list":["post-82219","post","type-post","status-publish","format-standard","has-post-thumbnail","hentry","category-notizie","tag-musica","format-evento"],"acf":[],"yoast_head":"<!-- This site is optimized with the Yoast SEO Premium plugin v26.8 (Yoast SEO v27.5) - https:\/\/yoast.com\/product\/yoast-seo-premium-wordpress\/ -->\n<title>Il palazzo del Principe apre le porte ai concerti d&#039;estate<\/title>\n<meta name=\"description\" content=\"Sei serate in compagnia della musica classica, con cinque direttori d&#039;orchestra di diverse nazionalit\u00e0, in un luogo davvero memorabile. Al contrario\" \/>\n<meta name=\"robots\" content=\"index, follow, max-snippet:-1, max-image-preview:large, max-video-preview:-1\" \/>\n<link rel=\"canonical\" href=\"https:\/\/www.monaco-tribune.com\/it\/2021\/06\/il-palazzo-del-principe-apre-le-porte-ai-concerti-destate\/\" \/>\n<meta property=\"og:locale\" content=\"it_IT\" \/>\n<meta property=\"og:type\" content=\"article\" \/>\n<meta property=\"og:title\" content=\"Il palazzo del Principe apre le porte ai concerti d&#039;estate - Monaco Tribune\" \/>\n<meta property=\"og:description\" content=\"Sei serate in compagnia della musica classica, con cinque direttori d&#039;orchestra di diverse nazionalit\u00e0, in un luogo davvero memorabile. Al contrario\" \/>\n<meta property=\"og:url\" content=\"https:\/\/www.monaco-tribune.com\/it\/2021\/06\/il-palazzo-del-principe-apre-le-porte-ai-concerti-destate\/\" \/>\n<meta property=\"og:site_name\" content=\"Monaco Tribune\" \/>\n<meta property=\"article:publisher\" content=\"https:\/\/www.facebook.com\/MonacoTribune\" \/>\n<meta property=\"article:published_time\" content=\"2021-06-16T14:46:31+00:00\" \/>\n<meta property=\"article:modified_time\" content=\"2021-06-16T14:46:36+00:00\" \/>\n<meta property=\"og:image\" content=\"https:\/\/www.monaco-tribune.com\/wp-content\/uploads\/2021\/06\/opera-de-monte-carlo-palais-princier.jpeg\" \/>\n\t<meta property=\"og:image:width\" content=\"1013\" \/>\n\t<meta property=\"og:image:height\" content=\"674\" \/>\n\t<meta property=\"og:image:type\" content=\"image\/jpeg\" \/>\n<meta name=\"author\" content=\"Alexis Gertaldi\" \/>\n<meta name=\"twitter:card\" content=\"summary_large_image\" \/>\n<meta name=\"twitter:creator\" content=\"@MonacoTribune\" \/>\n<meta name=\"twitter:site\" content=\"@MonacoTribune\" \/>\n<script type=\"application\/ld+json\" class=\"yoast-schema-graph\">{\"@context\":\"https:\\\/\\\/schema.org\",\"@graph\":[{\"@type\":\"NewsArticle\",\"@id\":\"https:\\\/\\\/www.monaco-tribune.com\\\/it\\\/2021\\\/06\\\/il-palazzo-del-principe-apre-le-porte-ai-concerti-destate\\\/#article\",\"isPartOf\":{\"@id\":\"https:\\\/\\\/www.monaco-tribune.com\\\/it\\\/2021\\\/06\\\/il-palazzo-del-principe-apre-le-porte-ai-concerti-destate\\\/\"},\"author\":{\"name\":\"Alexis Gertaldi\",\"@id\":\"https:\\\/\\\/www.monaco-tribune.com\\\/it\\\/#\\\/schema\\\/person\\\/0f67738182cc836268021d893fd4ba73\"},\"headline\":\"Il palazzo del Principe apre le porte ai concerti d&#8217;estate\",\"datePublished\":\"2021-06-16T14:46:31+00:00\",\"dateModified\":\"2021-06-16T14:46:36+00:00\",\"mainEntityOfPage\":{\"@id\":\"https:\\\/\\\/www.monaco-tribune.com\\\/it\\\/2021\\\/06\\\/il-palazzo-del-principe-apre-le-porte-ai-concerti-destate\\\/\"},\"wordCount\":281,\"publisher\":{\"@id\":\"https:\\\/\\\/www.monaco-tribune.com\\\/it\\\/#organization\"},\"image\":{\"@id\":\"https:\\\/\\\/www.monaco-tribune.com\\\/it\\\/2021\\\/06\\\/il-palazzo-del-principe-apre-le-porte-ai-concerti-destate\\\/#primaryimage\"},\"thumbnailUrl\":\"https:\\\/\\\/www.monaco-tribune.com\\\/wp-content\\\/uploads\\\/2021\\\/06\\\/opera-de-monte-carlo-palais-princier.jpeg\",\"keywords\":[\"Musica\"],\"articleSection\":[\"Notizie\"],\"inLanguage\":\"it-IT\",\"copyrightYear\":\"2021\",\"copyrightHolder\":{\"@id\":\"https:\\\/\\\/www.monaco-tribune.com\\\/#organization\"}},{\"@type\":\"WebPage\",\"@id\":\"https:\\\/\\\/www.monaco-tribune.com\\\/it\\\/2021\\\/06\\\/il-palazzo-del-principe-apre-le-porte-ai-concerti-destate\\\/\",\"url\":\"https:\\\/\\\/www.monaco-tribune.com\\\/it\\\/2021\\\/06\\\/il-palazzo-del-principe-apre-le-porte-ai-concerti-destate\\\/\",\"name\":\"Il palazzo del Principe apre le porte ai concerti d'estate\",\"isPartOf\":{\"@id\":\"https:\\\/\\\/www.monaco-tribune.com\\\/it\\\/#website\"},\"primaryImageOfPage\":{\"@id\":\"https:\\\/\\\/www.monaco-tribune.com\\\/it\\\/2021\\\/06\\\/il-palazzo-del-principe-apre-le-porte-ai-concerti-destate\\\/#primaryimage\"},\"image\":{\"@id\":\"https:\\\/\\\/www.monaco-tribune.com\\\/it\\\/2021\\\/06\\\/il-palazzo-del-principe-apre-le-porte-ai-concerti-destate\\\/#primaryimage\"},\"thumbnailUrl\":\"https:\\\/\\\/www.monaco-tribune.com\\\/wp-content\\\/uploads\\\/2021\\\/06\\\/opera-de-monte-carlo-palais-princier.jpeg\",\"datePublished\":\"2021-06-16T14:46:31+00:00\",\"dateModified\":\"2021-06-16T14:46:36+00:00\",\"description\":\"Sei serate in compagnia della musica classica, con cinque direttori d'orchestra di diverse nazionalit\u00e0, in un luogo davvero memorabile. Al contrario\",\"breadcrumb\":{\"@id\":\"https:\\\/\\\/www.monaco-tribune.com\\\/it\\\/2021\\\/06\\\/il-palazzo-del-principe-apre-le-porte-ai-concerti-destate\\\/#breadcrumb\"},\"inLanguage\":\"it-IT\",\"potentialAction\":[{\"@type\":\"ReadAction\",\"target\":[\"https:\\\/\\\/www.monaco-tribune.com\\\/it\\\/2021\\\/06\\\/il-palazzo-del-principe-apre-le-porte-ai-concerti-destate\\\/\"]}]},{\"@type\":\"ImageObject\",\"inLanguage\":\"it-IT\",\"@id\":\"https:\\\/\\\/www.monaco-tribune.com\\\/it\\\/2021\\\/06\\\/il-palazzo-del-principe-apre-le-porte-ai-concerti-destate\\\/#primaryimage\",\"url\":\"https:\\\/\\\/www.monaco-tribune.com\\\/wp-content\\\/uploads\\\/2021\\\/06\\\/opera-de-monte-carlo-palais-princier.jpeg\",\"contentUrl\":\"https:\\\/\\\/www.monaco-tribune.com\\\/wp-content\\\/uploads\\\/2021\\\/06\\\/opera-de-monte-carlo-palais-princier.jpeg\",\"width\":1013,\"height\":674,\"caption\":\"Eric Mathon et Axel Bastello\\\/ Palazzo del Principe\"},{\"@type\":\"BreadcrumbList\",\"@id\":\"https:\\\/\\\/www.monaco-tribune.com\\\/it\\\/2021\\\/06\\\/il-palazzo-del-principe-apre-le-porte-ai-concerti-destate\\\/#breadcrumb\",\"itemListElement\":[{\"@type\":\"ListItem\",\"position\":1,\"name\":\"Accueil\",\"item\":\"https:\\\/\\\/www.monaco-tribune.com\\\/it\\\/\"},{\"@type\":\"ListItem\",\"position\":2,\"name\":\"Il palazzo del Principe apre le porte ai concerti d&rsquo;estate\"}]},{\"@type\":\"WebSite\",\"@id\":\"https:\\\/\\\/www.monaco-tribune.com\\\/it\\\/#website\",\"url\":\"https:\\\/\\\/www.monaco-tribune.com\\\/it\\\/\",\"name\":\"Monaco Tribune\",\"description\":\"Monaco : actualit\u00e9s \u00e9conomiques, politiques, culturelles et sportives de Monaco et de la French Riviera.\",\"publisher\":{\"@id\":\"https:\\\/\\\/www.monaco-tribune.com\\\/it\\\/#organization\"},\"potentialAction\":[{\"@type\":\"SearchAction\",\"target\":{\"@type\":\"EntryPoint\",\"urlTemplate\":\"https:\\\/\\\/www.monaco-tribune.com\\\/it\\\/?s={search_term_string}\"},\"query-input\":{\"@type\":\"PropertyValueSpecification\",\"valueRequired\":true,\"valueName\":\"search_term_string\"}}],\"inLanguage\":\"it-IT\"},{\"@type\":\"Organization\",\"@id\":\"https:\\\/\\\/www.monaco-tribune.com\\\/it\\\/#organization\",\"name\":\"Monaco Tribune\",\"url\":\"https:\\\/\\\/www.monaco-tribune.com\\\/it\\\/\",\"logo\":{\"@type\":\"ImageObject\",\"inLanguage\":\"it-IT\",\"@id\":\"https:\\\/\\\/www.monaco-tribune.com\\\/it\\\/#\\\/schema\\\/logo\\\/image\\\/\",\"url\":\"https:\\\/\\\/www.monaco-tribune.com\\\/wp-content\\\/uploads\\\/2022\\\/11\\\/logo-monaco-tribune.png\",\"contentUrl\":\"https:\\\/\\\/www.monaco-tribune.com\\\/wp-content\\\/uploads\\\/2022\\\/11\\\/logo-monaco-tribune.png\",\"width\":1548,\"height\":600,\"caption\":\"Monaco Tribune\"},\"image\":{\"@id\":\"https:\\\/\\\/www.monaco-tribune.com\\\/it\\\/#\\\/schema\\\/logo\\\/image\\\/\"},\"sameAs\":[\"https:\\\/\\\/www.facebook.com\\\/MonacoTribune\",\"https:\\\/\\\/x.com\\\/MonacoTribune\",\"https:\\\/\\\/www.instagram.com\\\/monacotribune\\\/\",\"https:\\\/\\\/www.linkedin.com\\\/company\\\/monaco-tribune\",\"https:\\\/\\\/www.youtube.com\\\/channel\\\/UCHle1MnG6hw1y4lWKijVbMA\"]},{\"@type\":\"Person\",\"@id\":\"https:\\\/\\\/www.monaco-tribune.com\\\/it\\\/#\\\/schema\\\/person\\\/0f67738182cc836268021d893fd4ba73\",\"name\":\"Alexis Gertaldi\",\"image\":{\"@type\":\"ImageObject\",\"inLanguage\":\"it-IT\",\"@id\":\"https:\\\/\\\/secure.gravatar.com\\\/avatar\\\/21b6ee3415f5367a62f27983f05e4438c99d07dde81a8f97705ac6877cfc19da?s=96&d=mm&r=g\",\"url\":\"https:\\\/\\\/secure.gravatar.com\\\/avatar\\\/21b6ee3415f5367a62f27983f05e4438c99d07dde81a8f97705ac6877cfc19da?s=96&d=mm&r=g\",\"contentUrl\":\"https:\\\/\\\/secure.gravatar.com\\\/avatar\\\/21b6ee3415f5367a62f27983f05e4438c99d07dde81a8f97705ac6877cfc19da?s=96&d=mm&r=g\",\"caption\":\"Alexis Gertaldi\"},\"url\":\"https:\\\/\\\/www.monaco-tribune.com\\\/it\\\/author\\\/alexisgertaldi\\\/\"}]}<\/script>\n<!-- \/ Yoast SEO Premium plugin. -->","yoast_head_json":{"title":"Il palazzo del Principe apre le porte ai concerti d'estate","description":"Sei serate in compagnia della musica classica, con cinque direttori d'orchestra di diverse nazionalit\u00e0, in un luogo davvero memorabile. Al contrario","robots":{"index":"index","follow":"follow","max-snippet":"max-snippet:-1","max-image-preview":"max-image-preview:large","max-video-preview":"max-video-preview:-1"},"canonical":"https:\/\/www.monaco-tribune.com\/it\/2021\/06\/il-palazzo-del-principe-apre-le-porte-ai-concerti-destate\/","og_locale":"it_IT","og_type":"article","og_title":"Il palazzo del Principe apre le porte ai concerti d'estate - Monaco Tribune","og_description":"Sei serate in compagnia della musica classica, con cinque direttori d'orchestra di diverse nazionalit\u00e0, in un luogo davvero memorabile. Al contrario","og_url":"https:\/\/www.monaco-tribune.com\/it\/2021\/06\/il-palazzo-del-principe-apre-le-porte-ai-concerti-destate\/","og_site_name":"Monaco Tribune","article_publisher":"https:\/\/www.facebook.com\/MonacoTribune","article_published_time":"2021-06-16T14:46:31+00:00","article_modified_time":"2021-06-16T14:46:36+00:00","og_image":[{"width":1013,"height":674,"url":"https:\/\/www.monaco-tribune.com\/wp-content\/uploads\/2021\/06\/opera-de-monte-carlo-palais-princier.jpeg","type":"image\/jpeg"}],"author":"Alexis Gertaldi","twitter_card":"summary_large_image","twitter_creator":"@MonacoTribune","twitter_site":"@MonacoTribune","schema":{"@context":"https:\/\/schema.org","@graph":[{"@type":"NewsArticle","@id":"https:\/\/www.monaco-tribune.com\/it\/2021\/06\/il-palazzo-del-principe-apre-le-porte-ai-concerti-destate\/#article","isPartOf":{"@id":"https:\/\/www.monaco-tribune.com\/it\/2021\/06\/il-palazzo-del-principe-apre-le-porte-ai-concerti-destate\/"},"author":{"name":"Alexis Gertaldi","@id":"https:\/\/www.monaco-tribune.com\/it\/#\/schema\/person\/0f67738182cc836268021d893fd4ba73"},"headline":"Il palazzo del Principe apre le porte ai concerti d&#8217;estate","datePublished":"2021-06-16T14:46:31+00:00","dateModified":"2021-06-16T14:46:36+00:00","mainEntityOfPage":{"@id":"https:\/\/www.monaco-tribune.com\/it\/2021\/06\/il-palazzo-del-principe-apre-le-porte-ai-concerti-destate\/"},"wordCount":281,"publisher":{"@id":"https:\/\/www.monaco-tribune.com\/it\/#organization"},"image":{"@id":"https:\/\/www.monaco-tribune.com\/it\/2021\/06\/il-palazzo-del-principe-apre-le-porte-ai-concerti-destate\/#primaryimage"},"thumbnailUrl":"https:\/\/www.monaco-tribune.com\/wp-content\/uploads\/2021\/06\/opera-de-monte-carlo-palais-princier.jpeg","keywords":["Musica"],"articleSection":["Notizie"],"inLanguage":"it-IT","copyrightYear":"2021","copyrightHolder":{"@id":"https:\/\/www.monaco-tribune.com\/#organization"}},{"@type":"WebPage","@id":"https:\/\/www.monaco-tribune.com\/it\/2021\/06\/il-palazzo-del-principe-apre-le-porte-ai-concerti-destate\/","url":"https:\/\/www.monaco-tribune.com\/it\/2021\/06\/il-palazzo-del-principe-apre-le-porte-ai-concerti-destate\/","name":"Il palazzo del Principe apre le porte ai concerti d'estate","isPartOf":{"@id":"https:\/\/www.monaco-tribune.com\/it\/#website"},"primaryImageOfPage":{"@id":"https:\/\/www.monaco-tribune.com\/it\/2021\/06\/il-palazzo-del-principe-apre-le-porte-ai-concerti-destate\/#primaryimage"},"image":{"@id":"https:\/\/www.monaco-tribune.com\/it\/2021\/06\/il-palazzo-del-principe-apre-le-porte-ai-concerti-destate\/#primaryimage"},"thumbnailUrl":"https:\/\/www.monaco-tribune.com\/wp-content\/uploads\/2021\/06\/opera-de-monte-carlo-palais-princier.jpeg","datePublished":"2021-06-16T14:46:31+00:00","dateModified":"2021-06-16T14:46:36+00:00","description":"Sei serate in compagnia della musica classica, con cinque direttori d'orchestra di diverse nazionalit\u00e0, in un luogo davvero memorabile. Al contrario","breadcrumb":{"@id":"https:\/\/www.monaco-tribune.com\/it\/2021\/06\/il-palazzo-del-principe-apre-le-porte-ai-concerti-destate\/#breadcrumb"},"inLanguage":"it-IT","potentialAction":[{"@type":"ReadAction","target":["https:\/\/www.monaco-tribune.com\/it\/2021\/06\/il-palazzo-del-principe-apre-le-porte-ai-concerti-destate\/"]}]},{"@type":"ImageObject","inLanguage":"it-IT","@id":"https:\/\/www.monaco-tribune.com\/it\/2021\/06\/il-palazzo-del-principe-apre-le-porte-ai-concerti-destate\/#primaryimage","url":"https:\/\/www.monaco-tribune.com\/wp-content\/uploads\/2021\/06\/opera-de-monte-carlo-palais-princier.jpeg","contentUrl":"https:\/\/www.monaco-tribune.com\/wp-content\/uploads\/2021\/06\/opera-de-monte-carlo-palais-princier.jpeg","width":1013,"height":674,"caption":"Eric Mathon et Axel Bastello\/ Palazzo del Principe"},{"@type":"BreadcrumbList","@id":"https:\/\/www.monaco-tribune.com\/it\/2021\/06\/il-palazzo-del-principe-apre-le-porte-ai-concerti-destate\/#breadcrumb","itemListElement":[{"@type":"ListItem","position":1,"name":"Accueil","item":"https:\/\/www.monaco-tribune.com\/it\/"},{"@type":"ListItem","position":2,"name":"Il palazzo del Principe apre le porte ai concerti d&rsquo;estate"}]},{"@type":"WebSite","@id":"https:\/\/www.monaco-tribune.com\/it\/#website","url":"https:\/\/www.monaco-tribune.com\/it\/","name":"Monaco Tribune","description":"Monaco : actualit\u00e9s \u00e9conomiques, politiques, culturelles et sportives de Monaco et de la French Riviera.","publisher":{"@id":"https:\/\/www.monaco-tribune.com\/it\/#organization"},"potentialAction":[{"@type":"SearchAction","target":{"@type":"EntryPoint","urlTemplate":"https:\/\/www.monaco-tribune.com\/it\/?s={search_term_string}"},"query-input":{"@type":"PropertyValueSpecification","valueRequired":true,"valueName":"search_term_string"}}],"inLanguage":"it-IT"},{"@type":"Organization","@id":"https:\/\/www.monaco-tribune.com\/it\/#organization","name":"Monaco Tribune","url":"https:\/\/www.monaco-tribune.com\/it\/","logo":{"@type":"ImageObject","inLanguage":"it-IT","@id":"https:\/\/www.monaco-tribune.com\/it\/#\/schema\/logo\/image\/","url":"https:\/\/www.monaco-tribune.com\/wp-content\/uploads\/2022\/11\/logo-monaco-tribune.png","contentUrl":"https:\/\/www.monaco-tribune.com\/wp-content\/uploads\/2022\/11\/logo-monaco-tribune.png","width":1548,"height":600,"caption":"Monaco Tribune"},"image":{"@id":"https:\/\/www.monaco-tribune.com\/it\/#\/schema\/logo\/image\/"},"sameAs":["https:\/\/www.facebook.com\/MonacoTribune","https:\/\/x.com\/MonacoTribune","https:\/\/www.instagram.com\/monacotribune\/","https:\/\/www.linkedin.com\/company\/monaco-tribune","https:\/\/www.youtube.com\/channel\/UCHle1MnG6hw1y4lWKijVbMA"]},{"@type":"Person","@id":"https:\/\/www.monaco-tribune.com\/it\/#\/schema\/person\/0f67738182cc836268021d893fd4ba73","name":"Alexis Gertaldi","image":{"@type":"ImageObject","inLanguage":"it-IT","@id":"https:\/\/secure.gravatar.com\/avatar\/21b6ee3415f5367a62f27983f05e4438c99d07dde81a8f97705ac6877cfc19da?s=96&d=mm&r=g","url":"https:\/\/secure.gravatar.com\/avatar\/21b6ee3415f5367a62f27983f05e4438c99d07dde81a8f97705ac6877cfc19da?s=96&d=mm&r=g","contentUrl":"https:\/\/secure.gravatar.com\/avatar\/21b6ee3415f5367a62f27983f05e4438c99d07dde81a8f97705ac6877cfc19da?s=96&d=mm&r=g","caption":"Alexis Gertaldi"},"url":"https:\/\/www.monaco-tribune.com\/it\/author\/alexisgertaldi\/"}]}},"_links":{"self":[{"href":"https:\/\/www.monaco-tribune.com\/it\/wp-json\/wp\/v2\/posts\/82219","targetHints":{"allow":["GET"]}}],"collection":[{"href":"https:\/\/www.monaco-tribune.com\/it\/wp-json\/wp\/v2\/posts"}],"about":[{"href":"https:\/\/www.monaco-tribune.com\/it\/wp-json\/wp\/v2\/types\/post"}],"author":[{"embeddable":true,"href":"https:\/\/www.monaco-tribune.com\/it\/wp-json\/wp\/v2\/users\/53"}],"replies":[{"embeddable":true,"href":"https:\/\/www.monaco-tribune.com\/it\/wp-json\/wp\/v2\/comments?post=82219"}],"version-history":[{"count":0,"href":"https:\/\/www.monaco-tribune.com\/it\/wp-json\/wp\/v2\/posts\/82219\/revisions"}],"wp:featuredmedia":[{"embeddable":true,"href":"https:\/\/www.monaco-tribune.com\/it\/wp-json\/wp\/v2\/media\/82019"}],"wp:attachment":[{"href":"https:\/\/www.monaco-tribune.com\/it\/wp-json\/wp\/v2\/media?parent=82219"}],"wp:term":[{"taxonomy":"category","embeddable":true,"href":"https:\/\/www.monaco-tribune.com\/it\/wp-json\/wp\/v2\/categories?post=82219"},{"taxonomy":"post_tag","embeddable":true,"href":"https:\/\/www.monaco-tribune.com\/it\/wp-json\/wp\/v2\/tags?post=82219"},{"taxonomy":"sectag","embeddable":true,"href":"https:\/\/www.monaco-tribune.com\/it\/wp-json\/wp\/v2\/post_sectags?post=82219"},{"taxonomy":"format","embeddable":true,"href":"https:\/\/www.monaco-tribune.com\/it\/wp-json\/wp\/v2\/post_format?post=82219"}],"curies":[{"name":"wp","href":"https:\/\/api.w.org\/{rel}","templated":true}]}}