{"id":85017,"date":"2021-07-01T12:05:46","date_gmt":"2021-07-01T10:05:46","guid":{"rendered":"https:\/\/www.monaco-tribune.com\/2021\/07\/romain-goiran-larte-di-sapersi-rialzare\/"},"modified":"2021-07-01T12:07:07","modified_gmt":"2021-07-01T10:07:07","slug":"romain-goiran-larte-di-sapersi-rialzare","status":"publish","type":"post","link":"https:\/\/www.monaco-tribune.com\/it\/2021\/07\/romain-goiran-larte-di-sapersi-rialzare\/","title":{"rendered":"Romain Goiran: l\u2019arte di sapersi rialzare"},"content":{"rendered":"\n<p><strong>Viso noto del Principato, proveniente da una famiglia che vive a Monaco da oltre 200 anni, vicino a Louis Ducruet e giovane padre di famiglia, Romain Goiran ha gi\u00e0 vissuto diverse vite. A 33 anni, il giovane appassionato di calcio e arti marziali \u00e8 diventato un promoter di boxe. <\/strong><\/p>\n\n\n\n<p>Il telefono non l\u2019ha mai lasciato tranquillo. Dopo un\u2019ora di chiacchierata, le notifiche hanno inondato lo schermo. Nelle giornate sovraccariche di Romain Goiran, ogni minuto conta. Quindi, dopo sessanta minuti di confidenze a cuore aperto, l\u2019unico rimedio \u00e8 recuperare il tempo perso.<\/p>\n\n\n\n<p>\u201cNon fare niente? Non rientra tra le mie abitudini. Non ci riesco. Neanche in vacanza riesco a godermi il tempo libero\u201d.<\/p>\n\n\n\n<h2 class=\"wp-block-heading\" id=\"h-l-imprenditoria-uno-stile-di-vita\">L\u2019imprenditoria, uno stile di vita<\/h2>\n\n\n\n<p>Le giornate lavorative di 16 ore fanno parte del quotidiano dell\u2019imprenditore di 33 anni fin dalla pi\u00f9 giovane et\u00e0. E non \u00e8 stata certo la nascita del figlio a sconvolgergli le giornate: \u201c\u00c8 tutta una questione di organizzazione\u201d, afferma.<\/p>\n\n\n\n<p>I sacrifici sicuramente non mancano. Per essere il protagonista della propria storia, senza mai fare da spettatore di quella degli altri, Romain Goiran ha messo da parte la sua vita privata. Senza rimpianti. \u201cLe grigliate tra amici, le partite di calcio, sono belle. A volte mi mancano. Ma il successo ha un prezzo\u201d.<\/p>\n\n\n\n<blockquote class=\"wp-block-quote is-layout-flow wp-block-quote-is-layout-flow\"><p>Ho iniziato a fare affari nel garage dei miei genitori. Compravo scooter e pezzi di ricambio e poi li rivendevo.<\/p><\/blockquote>\n\n\n\n<p>Nato a Monaco da una famiglia felice, frequenta la scuola Charles III fino a 15 anni, quando la sua vita, tra la passione per la boxe e il calcio, subisce il primo intoppo: \u201cLa scuola mi ha scoraggiato. Sono stato orientato verso il liceo tecnico alberghiero di Monaco. Ma non era fatto per me\u201d.<\/p>\n\n\n\n<h2 class=\"wp-block-heading\" id=\"h-cadere-per-rialzarsi-meglio\">Cadere per rialzarsi meglio<\/h2>\n\n\n\n<p>Il suo motto? Farcela da solo. \u201cHo iniziato a fare affari nel garage dei miei genitori. Compravo scooter e pezzi di ricambio e poi li rivendevo. Volevo i miei soldi. A me e ad alcuni amici, piaceva vendere e comprare\u201d.<\/p>\n\n\n\n<p>Appena uscito dal liceo, il ragazzo da poco maggiorenne inizia a fare diversi lavoretti. Fattorino, barman e infine guardiano del Casin\u00f2 di Monte-Carlo. \u201cDovevo controllare chi era maggiorenne e chi no. Spesso mi chiedevano se lo fossi io, visto che avevo l\u2019aspetto di un quattordicenne\u201d.<\/p>\n\n\n\n<blockquote class=\"wp-block-quote is-layout-flow wp-block-quote-is-layout-flow\"><p>Non avevo necessariamente l\u2019occhio, ma sapevo scovare profili di giocatori interessanti.<\/p><\/blockquote>\n\n\n\n<p>Poco tempo dopo, il padre fonda una societ\u00e0 di agenti sportivi e gli propone di seguirlo. \u201cFacevo il segretario. Presto, per\u00f2, sono arrivato a scoprire alcuni giocatori. Non avevo necessariamente l\u2019occhio, ma sapevo scovare profili di giocatori interessanti\u201d.<\/p>\n\n\n\n<h2 class=\"wp-block-heading\" id=\"h-dal-calcio-alla-moda\">Dal calcio alla moda\u2026<\/h2>\n\n\n\n<p>Parallelamente al lavoro da agente in erba, Romain Goiran continua a fare incontri interessanti. Uno di questi \u00e8 Jean-Marie de Saint Ange, fondatore della maison di moda \u201cSaint Ange\u201d. Il giovane pieno di talento, trova una galleria chiusa a Monaco e cos\u00ec il brand si stabilisce nel Principato. Romain si occuper\u00e0 di gestire il negozio, \u201cfino a che un giorno non avevo pi\u00f9 merce. Dovevo vendere abiti XL a ragazzi che vestivano S\u201d, racconta il giovane imprenditore.<\/p>\n\n\n\n<div class=\"wp-block-image\"><figure class=\"aligncenter size-large\"><img loading=\"lazy\" decoding=\"async\" width=\"1024\" height=\"660\" src=\"https:\/\/www.monaco-tribune.com\/wp-content\/uploads\/2021\/06\/romain-goiran.jpg\" alt=\"\" class=\"wp-image-84655\" srcset=\"https:\/\/www.monaco-tribune.com\/wp-content\/uploads\/2021\/06\/romain-goiran.jpg 1024w, https:\/\/www.monaco-tribune.com\/wp-content\/uploads\/2021\/06\/romain-goiran-465x300.jpg 465w, https:\/\/www.monaco-tribune.com\/wp-content\/uploads\/2021\/06\/romain-goiran-233x150.jpg 233w, https:\/\/www.monaco-tribune.com\/wp-content\/uploads\/2021\/06\/romain-goiran-768x495.jpg 768w, https:\/\/www.monaco-tribune.com\/wp-content\/uploads\/2021\/06\/romain-goiran-175x113.jpg 175w\" sizes=\"auto, (max-width: 1024px) 100vw, 1024px\" \/><figcaption>Romain Goiran \u00e8 stato premiato dalla Jeune Chambre \u00c9conomique nel 2015<\/figcaption><\/figure><\/div>\n\n\n\n<p>L\u2019aneddoto scatena una risata, ma il giovane manager aveva un affitto da pagare, anche piuttosto elevato. Per fortuna, la sua attivit\u00e0 da agente sportivo non l\u2019abbandona. Poi, arriva il momento di <em>Youdome<\/em>, premiata dalla Jeune Chambre \u00c9conomique nel 2015. L\u2019idea \u00e8 quella di un grande scanner, a forma di cupola, in grado di rilevare tutte le misure del corpo umano. Uno strumento che attira l\u2019attenzione dell\u2019AS Monaco e delle compagnie di danza di Monte-Carlo.<\/p>\n\n\n\n<blockquote class=\"wp-block-quote is-layout-flow wp-block-quote-is-layout-flow\"><p>Un giorno, rientrando nei miei uffici, era tutto scomparso<\/p><\/blockquote>\n\n\n\n<p>\u201cTutti i giocatori dell\u2019AS Monaco hanno utilizzato il macchinario\u201d, ci racconta. \u201cAvevamo appena vinto il premio come giovane impresa e avevamo firmato le nostre prime collaborazioni. Ma un giorno, rientrando nei miei uffici, era tutto scomparso\u201d. Il suo socio dell\u2019epoca, che non vuole pi\u00f9 neanche nominare, l\u2019ha tradito.<\/p>\n\n\n\n<h2 class=\"wp-block-heading\" id=\"h-per-finire-alla-boxe\">\u2026per finire alla boxe!<\/h2>\n\n\n\n<p>Nonostante non gli sia rimasto pi\u00f9 nulla, il monegasco non si lascia abbattere. Dopo una parentesi come supervisore presso la scuola di R\u00e9voires, il cofondatore di <em>Youdome<\/em> si rimette in affari lanciando <em>Ambitious Monte-Carlo<\/em>, un\u2019agenzia specializzata nel management sportivo.<\/p>\n\n\n\n<p><strong>&gt;&gt; LEGGI ANCHE: <\/strong><a href=\"https:\/\/www.monaco-tribune.com\/it\/2021\/03\/intervista-a-erwan-grimaud-costruttore-e-pilota-di-droni\/\">Intervista a Erwan Grimaud, costruttore e pilota di droni<\/a><\/p>\n\n\n\n<p>\u00c8 l\u2019occasione giusta per ricontattare il suo primo maestro di boxe di quando aveva 8 anni. Un certo Jean-Marc Toesca, ex carabiniere del Principe e allenatore di boxe riconosciuto. \u201cAbbiamo cominciato con Ti\u00e9mou\u00e9 Bakayoko. Suo fratello voleva che mi occupassi di lui. Per essere performante sul campo, un giocatore deve avere la testa apposto\u201d.<\/p>\n\n\n\n<blockquote class=\"wp-block-quote is-layout-flow wp-block-quote-is-layout-flow\"><p>Florentino Luis e Gelson Martins sono venuti ad allenarsi da noi diverse volte.<\/p><\/blockquote>\n\n\n\n<p>Tra boxe, yoga e qi gong, il giocatore francese ritrova la grinta e conquista il successo che tutti conosciamo. Cos\u00ec, i giocatori dell\u2019AS Monaco cominciano a bussare alla porta dell\u2019agenzia. L\u2019emergenza sanitaria, per\u00f2, costringe <em>Ambitious Monte-Carlo<\/em> a trovare una casa: un tendone in un campo da tennis di una residenza secondaria del padre di Romain, a Beausoleil.<\/p>\n\n\n\n<h2 class=\"wp-block-heading\" id=\"h-al-servizio-di-louis-ducruet\">Al servizio di Louis Ducruet<\/h2>\n\n\n\n<p>Sotto questo tendone, si trovano un ring di boxe, delle cinture e una maglia autografata da Florentino Luis. \u201cLui e Gelson Martins sono venuti diverse volte questa stagione\u201d. La nuova sfida intrapresa da Romain Goiran \u00e8 far parte della rinascita della boxe, affiancando il suo ruolo di consigliere privato per Louis Ducruet.<\/p>\n\n\n\n<p><strong>&gt;&gt; LEGGI ANCHE:<\/strong> <a href=\"https:\/\/www.monaco-tribune.com\/it\/2021\/05\/sonia-irvine-tra-gran-premi-e-beneficenza\/\">Sonia Irvine, tra Gran Premi e beneficenza<\/a><\/p>\n\n\n\n<p>\u201cCollaboriamo da oltre un anno e mezzo\u201d. Impegnato nel gestire gli interessi del figlio della Principessa St\u00e9phanie di Monaco, Romain Goiran si appresta a vivere il suo primo evento nei panni di promoter, il suo nuovo ruolo.<\/p>\n\n\n\n<p>Con \u201cChill Out On The Bay\u201d, un evento di boxe organizzato su una spiaggia privata a Calvi, in Corsica, e inizialmente previsto a dicembre scorso sulle terrazze dello Yacht Club di Monaco, il promoter monegasco pone le fondamenta per costruire la sua nuova carriera. \u201cNon so ancora dove mi porter\u00e0 tutto questo\u201d.<\/p>\n","protected":false},"excerpt":{"rendered":"<p>Viso noto del Principato, proveniente da una famiglia che vive a Monaco da oltre 200 anni, vicino a Louis Ducruet [&hellip;]<\/p>\n","protected":false},"author":24,"featured_media":84066,"comment_status":"closed","ping_status":"closed","sticky":false,"template":"","format":"standard","meta":{"_acf_changed":false,"footnotes":""},"categories":[1826,1738,1743],"tags":[],"post_sectags":[],"post_format":[2480],"class_list":["post-85017","post","type-post","status-publish","format-standard","has-post-thumbnail","hentry","category-la-nostra-scelta","category-notizie","category-sport-it","format-profilo"],"acf":[],"yoast_head":"<!-- This site is optimized with the Yoast SEO Premium plugin v26.8 (Yoast SEO v27.5) - https:\/\/yoast.com\/product\/yoast-seo-premium-wordpress\/ -->\n<title>Romain Goiran: l\u2019arte di sapersi rialzare<\/title>\n<meta name=\"description\" content=\"Viso noto del Principato, proveniente da una famiglia che vive a Monaco da oltre 200 anni, vicino a Louis Ducruet e giovane padre di famiglia, Romain\" \/>\n<meta name=\"robots\" content=\"index, follow, max-snippet:-1, max-image-preview:large, max-video-preview:-1\" \/>\n<link rel=\"canonical\" href=\"https:\/\/www.monaco-tribune.com\/it\/2021\/07\/romain-goiran-larte-di-sapersi-rialzare\/\" \/>\n<meta property=\"og:locale\" content=\"it_IT\" \/>\n<meta property=\"og:type\" content=\"article\" \/>\n<meta property=\"og:title\" content=\"Romain Goiran: l\u2019arte di sapersi rialzare - Monaco Tribune\" \/>\n<meta property=\"og:description\" content=\"Viso noto del Principato, proveniente da una famiglia che vive a Monaco da oltre 200 anni, vicino a Louis Ducruet e giovane padre di famiglia, Romain\" \/>\n<meta property=\"og:url\" content=\"https:\/\/www.monaco-tribune.com\/it\/2021\/07\/romain-goiran-larte-di-sapersi-rialzare\/\" \/>\n<meta property=\"og:site_name\" content=\"Monaco Tribune\" \/>\n<meta property=\"article:publisher\" content=\"https:\/\/www.facebook.com\/MonacoTribune\" \/>\n<meta property=\"article:published_time\" content=\"2021-07-01T10:05:46+00:00\" \/>\n<meta property=\"article:modified_time\" content=\"2021-07-01T10:07:07+00:00\" \/>\n<meta property=\"og:image\" content=\"https:\/\/www.monaco-tribune.com\/wp-content\/uploads\/2021\/06\/romain-goiran-min.jpg\" \/>\n\t<meta property=\"og:image:width\" content=\"1024\" \/>\n\t<meta property=\"og:image:height\" content=\"663\" \/>\n\t<meta property=\"og:image:type\" content=\"image\/jpeg\" \/>\n<meta name=\"author\" content=\"Romain Boisaubert\" \/>\n<meta name=\"twitter:card\" content=\"summary_large_image\" \/>\n<meta name=\"twitter:creator\" content=\"@MonacoTribune\" \/>\n<meta name=\"twitter:site\" content=\"@MonacoTribune\" \/>\n<script type=\"application\/ld+json\" class=\"yoast-schema-graph\">{\"@context\":\"https:\\\/\\\/schema.org\",\"@graph\":[{\"@type\":\"NewsArticle\",\"@id\":\"https:\\\/\\\/www.monaco-tribune.com\\\/it\\\/2021\\\/07\\\/romain-goiran-larte-di-sapersi-rialzare\\\/#article\",\"isPartOf\":{\"@id\":\"https:\\\/\\\/www.monaco-tribune.com\\\/it\\\/2021\\\/07\\\/romain-goiran-larte-di-sapersi-rialzare\\\/\"},\"author\":{\"name\":\"Romain Boisaubert\",\"@id\":\"https:\\\/\\\/www.monaco-tribune.com\\\/it\\\/#\\\/schema\\\/person\\\/330a3732947cf8cb41b2533a0eadd62e\"},\"headline\":\"Romain Goiran: l\u2019arte di sapersi rialzare\",\"datePublished\":\"2021-07-01T10:05:46+00:00\",\"dateModified\":\"2021-07-01T10:07:07+00:00\",\"mainEntityOfPage\":{\"@id\":\"https:\\\/\\\/www.monaco-tribune.com\\\/it\\\/2021\\\/07\\\/romain-goiran-larte-di-sapersi-rialzare\\\/\"},\"wordCount\":995,\"publisher\":{\"@id\":\"https:\\\/\\\/www.monaco-tribune.com\\\/it\\\/#organization\"},\"image\":{\"@id\":\"https:\\\/\\\/www.monaco-tribune.com\\\/it\\\/2021\\\/07\\\/romain-goiran-larte-di-sapersi-rialzare\\\/#primaryimage\"},\"thumbnailUrl\":\"https:\\\/\\\/www.monaco-tribune.com\\\/wp-content\\\/uploads\\\/2021\\\/06\\\/romain-goiran-min.jpg\",\"articleSection\":[\"La nostra scelta\",\"Notizie\",\"Sport\"],\"inLanguage\":\"it-IT\",\"copyrightYear\":\"2021\",\"copyrightHolder\":{\"@id\":\"https:\\\/\\\/www.monaco-tribune.com\\\/#organization\"}},{\"@type\":\"WebPage\",\"@id\":\"https:\\\/\\\/www.monaco-tribune.com\\\/it\\\/2021\\\/07\\\/romain-goiran-larte-di-sapersi-rialzare\\\/\",\"url\":\"https:\\\/\\\/www.monaco-tribune.com\\\/it\\\/2021\\\/07\\\/romain-goiran-larte-di-sapersi-rialzare\\\/\",\"name\":\"Romain Goiran: l\u2019arte di sapersi rialzare\",\"isPartOf\":{\"@id\":\"https:\\\/\\\/www.monaco-tribune.com\\\/it\\\/#website\"},\"primaryImageOfPage\":{\"@id\":\"https:\\\/\\\/www.monaco-tribune.com\\\/it\\\/2021\\\/07\\\/romain-goiran-larte-di-sapersi-rialzare\\\/#primaryimage\"},\"image\":{\"@id\":\"https:\\\/\\\/www.monaco-tribune.com\\\/it\\\/2021\\\/07\\\/romain-goiran-larte-di-sapersi-rialzare\\\/#primaryimage\"},\"thumbnailUrl\":\"https:\\\/\\\/www.monaco-tribune.com\\\/wp-content\\\/uploads\\\/2021\\\/06\\\/romain-goiran-min.jpg\",\"datePublished\":\"2021-07-01T10:05:46+00:00\",\"dateModified\":\"2021-07-01T10:07:07+00:00\",\"description\":\"Viso noto del Principato, proveniente da una famiglia che vive a Monaco da oltre 200 anni, vicino a Louis Ducruet e giovane padre di famiglia, Romain\",\"breadcrumb\":{\"@id\":\"https:\\\/\\\/www.monaco-tribune.com\\\/it\\\/2021\\\/07\\\/romain-goiran-larte-di-sapersi-rialzare\\\/#breadcrumb\"},\"inLanguage\":\"it-IT\",\"potentialAction\":[{\"@type\":\"ReadAction\",\"target\":[\"https:\\\/\\\/www.monaco-tribune.com\\\/it\\\/2021\\\/07\\\/romain-goiran-larte-di-sapersi-rialzare\\\/\"]}]},{\"@type\":\"ImageObject\",\"inLanguage\":\"it-IT\",\"@id\":\"https:\\\/\\\/www.monaco-tribune.com\\\/it\\\/2021\\\/07\\\/romain-goiran-larte-di-sapersi-rialzare\\\/#primaryimage\",\"url\":\"https:\\\/\\\/www.monaco-tribune.com\\\/wp-content\\\/uploads\\\/2021\\\/06\\\/romain-goiran-min.jpg\",\"contentUrl\":\"https:\\\/\\\/www.monaco-tribune.com\\\/wp-content\\\/uploads\\\/2021\\\/06\\\/romain-goiran-min.jpg\",\"width\":1024,\"height\":663,\"caption\":\"Monaco Tribune\"},{\"@type\":\"BreadcrumbList\",\"@id\":\"https:\\\/\\\/www.monaco-tribune.com\\\/it\\\/2021\\\/07\\\/romain-goiran-larte-di-sapersi-rialzare\\\/#breadcrumb\",\"itemListElement\":[{\"@type\":\"ListItem\",\"position\":1,\"name\":\"Accueil\",\"item\":\"https:\\\/\\\/www.monaco-tribune.com\\\/it\\\/\"},{\"@type\":\"ListItem\",\"position\":2,\"name\":\"Romain Goiran: l\u2019arte di sapersi rialzare\"}]},{\"@type\":\"WebSite\",\"@id\":\"https:\\\/\\\/www.monaco-tribune.com\\\/it\\\/#website\",\"url\":\"https:\\\/\\\/www.monaco-tribune.com\\\/it\\\/\",\"name\":\"Monaco Tribune\",\"description\":\"Monaco : actualit\u00e9s \u00e9conomiques, politiques, culturelles et sportives de Monaco et de la French Riviera.\",\"publisher\":{\"@id\":\"https:\\\/\\\/www.monaco-tribune.com\\\/it\\\/#organization\"},\"potentialAction\":[{\"@type\":\"SearchAction\",\"target\":{\"@type\":\"EntryPoint\",\"urlTemplate\":\"https:\\\/\\\/www.monaco-tribune.com\\\/it\\\/?s={search_term_string}\"},\"query-input\":{\"@type\":\"PropertyValueSpecification\",\"valueRequired\":true,\"valueName\":\"search_term_string\"}}],\"inLanguage\":\"it-IT\"},{\"@type\":\"Organization\",\"@id\":\"https:\\\/\\\/www.monaco-tribune.com\\\/it\\\/#organization\",\"name\":\"Monaco Tribune\",\"url\":\"https:\\\/\\\/www.monaco-tribune.com\\\/it\\\/\",\"logo\":{\"@type\":\"ImageObject\",\"inLanguage\":\"it-IT\",\"@id\":\"https:\\\/\\\/www.monaco-tribune.com\\\/it\\\/#\\\/schema\\\/logo\\\/image\\\/\",\"url\":\"https:\\\/\\\/www.monaco-tribune.com\\\/wp-content\\\/uploads\\\/2022\\\/11\\\/logo-monaco-tribune.png\",\"contentUrl\":\"https:\\\/\\\/www.monaco-tribune.com\\\/wp-content\\\/uploads\\\/2022\\\/11\\\/logo-monaco-tribune.png\",\"width\":1548,\"height\":600,\"caption\":\"Monaco Tribune\"},\"image\":{\"@id\":\"https:\\\/\\\/www.monaco-tribune.com\\\/it\\\/#\\\/schema\\\/logo\\\/image\\\/\"},\"sameAs\":[\"https:\\\/\\\/www.facebook.com\\\/MonacoTribune\",\"https:\\\/\\\/x.com\\\/MonacoTribune\",\"https:\\\/\\\/www.instagram.com\\\/monacotribune\\\/\",\"https:\\\/\\\/www.linkedin.com\\\/company\\\/monaco-tribune\",\"https:\\\/\\\/www.youtube.com\\\/channel\\\/UCHle1MnG6hw1y4lWKijVbMA\"]},{\"@type\":\"Person\",\"@id\":\"https:\\\/\\\/www.monaco-tribune.com\\\/it\\\/#\\\/schema\\\/person\\\/330a3732947cf8cb41b2533a0eadd62e\",\"name\":\"Romain Boisaubert\",\"image\":{\"@type\":\"ImageObject\",\"inLanguage\":\"it-IT\",\"@id\":\"https:\\\/\\\/secure.gravatar.com\\\/avatar\\\/f8b90d41f1eabd1cbe4cf59e09d8db41a697d51919bf2dfe727589a24a4a4d54?s=96&d=mm&r=g\",\"url\":\"https:\\\/\\\/secure.gravatar.com\\\/avatar\\\/f8b90d41f1eabd1cbe4cf59e09d8db41a697d51919bf2dfe727589a24a4a4d54?s=96&d=mm&r=g\",\"contentUrl\":\"https:\\\/\\\/secure.gravatar.com\\\/avatar\\\/f8b90d41f1eabd1cbe4cf59e09d8db41a697d51919bf2dfe727589a24a4a4d54?s=96&d=mm&r=g\",\"caption\":\"Romain Boisaubert\"},\"description\":\"Test bio\",\"url\":\"https:\\\/\\\/www.monaco-tribune.com\\\/it\\\/author\\\/romain-boisaubert\\\/\"}]}<\/script>\n<!-- \/ Yoast SEO Premium plugin. -->","yoast_head_json":{"title":"Romain Goiran: l\u2019arte di sapersi rialzare","description":"Viso noto del Principato, proveniente da una famiglia che vive a Monaco da oltre 200 anni, vicino a Louis Ducruet e giovane padre di famiglia, Romain","robots":{"index":"index","follow":"follow","max-snippet":"max-snippet:-1","max-image-preview":"max-image-preview:large","max-video-preview":"max-video-preview:-1"},"canonical":"https:\/\/www.monaco-tribune.com\/it\/2021\/07\/romain-goiran-larte-di-sapersi-rialzare\/","og_locale":"it_IT","og_type":"article","og_title":"Romain Goiran: l\u2019arte di sapersi rialzare - Monaco Tribune","og_description":"Viso noto del Principato, proveniente da una famiglia che vive a Monaco da oltre 200 anni, vicino a Louis Ducruet e giovane padre di famiglia, Romain","og_url":"https:\/\/www.monaco-tribune.com\/it\/2021\/07\/romain-goiran-larte-di-sapersi-rialzare\/","og_site_name":"Monaco Tribune","article_publisher":"https:\/\/www.facebook.com\/MonacoTribune","article_published_time":"2021-07-01T10:05:46+00:00","article_modified_time":"2021-07-01T10:07:07+00:00","og_image":[{"width":1024,"height":663,"url":"https:\/\/www.monaco-tribune.com\/wp-content\/uploads\/2021\/06\/romain-goiran-min.jpg","type":"image\/jpeg"}],"author":"Romain Boisaubert","twitter_card":"summary_large_image","twitter_creator":"@MonacoTribune","twitter_site":"@MonacoTribune","schema":{"@context":"https:\/\/schema.org","@graph":[{"@type":"NewsArticle","@id":"https:\/\/www.monaco-tribune.com\/it\/2021\/07\/romain-goiran-larte-di-sapersi-rialzare\/#article","isPartOf":{"@id":"https:\/\/www.monaco-tribune.com\/it\/2021\/07\/romain-goiran-larte-di-sapersi-rialzare\/"},"author":{"name":"Romain Boisaubert","@id":"https:\/\/www.monaco-tribune.com\/it\/#\/schema\/person\/330a3732947cf8cb41b2533a0eadd62e"},"headline":"Romain Goiran: l\u2019arte di sapersi rialzare","datePublished":"2021-07-01T10:05:46+00:00","dateModified":"2021-07-01T10:07:07+00:00","mainEntityOfPage":{"@id":"https:\/\/www.monaco-tribune.com\/it\/2021\/07\/romain-goiran-larte-di-sapersi-rialzare\/"},"wordCount":995,"publisher":{"@id":"https:\/\/www.monaco-tribune.com\/it\/#organization"},"image":{"@id":"https:\/\/www.monaco-tribune.com\/it\/2021\/07\/romain-goiran-larte-di-sapersi-rialzare\/#primaryimage"},"thumbnailUrl":"https:\/\/www.monaco-tribune.com\/wp-content\/uploads\/2021\/06\/romain-goiran-min.jpg","articleSection":["La nostra scelta","Notizie","Sport"],"inLanguage":"it-IT","copyrightYear":"2021","copyrightHolder":{"@id":"https:\/\/www.monaco-tribune.com\/#organization"}},{"@type":"WebPage","@id":"https:\/\/www.monaco-tribune.com\/it\/2021\/07\/romain-goiran-larte-di-sapersi-rialzare\/","url":"https:\/\/www.monaco-tribune.com\/it\/2021\/07\/romain-goiran-larte-di-sapersi-rialzare\/","name":"Romain Goiran: l\u2019arte di sapersi rialzare","isPartOf":{"@id":"https:\/\/www.monaco-tribune.com\/it\/#website"},"primaryImageOfPage":{"@id":"https:\/\/www.monaco-tribune.com\/it\/2021\/07\/romain-goiran-larte-di-sapersi-rialzare\/#primaryimage"},"image":{"@id":"https:\/\/www.monaco-tribune.com\/it\/2021\/07\/romain-goiran-larte-di-sapersi-rialzare\/#primaryimage"},"thumbnailUrl":"https:\/\/www.monaco-tribune.com\/wp-content\/uploads\/2021\/06\/romain-goiran-min.jpg","datePublished":"2021-07-01T10:05:46+00:00","dateModified":"2021-07-01T10:07:07+00:00","description":"Viso noto del Principato, proveniente da una famiglia che vive a Monaco da oltre 200 anni, vicino a Louis Ducruet e giovane padre di famiglia, Romain","breadcrumb":{"@id":"https:\/\/www.monaco-tribune.com\/it\/2021\/07\/romain-goiran-larte-di-sapersi-rialzare\/#breadcrumb"},"inLanguage":"it-IT","potentialAction":[{"@type":"ReadAction","target":["https:\/\/www.monaco-tribune.com\/it\/2021\/07\/romain-goiran-larte-di-sapersi-rialzare\/"]}]},{"@type":"ImageObject","inLanguage":"it-IT","@id":"https:\/\/www.monaco-tribune.com\/it\/2021\/07\/romain-goiran-larte-di-sapersi-rialzare\/#primaryimage","url":"https:\/\/www.monaco-tribune.com\/wp-content\/uploads\/2021\/06\/romain-goiran-min.jpg","contentUrl":"https:\/\/www.monaco-tribune.com\/wp-content\/uploads\/2021\/06\/romain-goiran-min.jpg","width":1024,"height":663,"caption":"Monaco Tribune"},{"@type":"BreadcrumbList","@id":"https:\/\/www.monaco-tribune.com\/it\/2021\/07\/romain-goiran-larte-di-sapersi-rialzare\/#breadcrumb","itemListElement":[{"@type":"ListItem","position":1,"name":"Accueil","item":"https:\/\/www.monaco-tribune.com\/it\/"},{"@type":"ListItem","position":2,"name":"Romain Goiran: l\u2019arte di sapersi rialzare"}]},{"@type":"WebSite","@id":"https:\/\/www.monaco-tribune.com\/it\/#website","url":"https:\/\/www.monaco-tribune.com\/it\/","name":"Monaco Tribune","description":"Monaco : actualit\u00e9s \u00e9conomiques, politiques, culturelles et sportives de Monaco et de la French Riviera.","publisher":{"@id":"https:\/\/www.monaco-tribune.com\/it\/#organization"},"potentialAction":[{"@type":"SearchAction","target":{"@type":"EntryPoint","urlTemplate":"https:\/\/www.monaco-tribune.com\/it\/?s={search_term_string}"},"query-input":{"@type":"PropertyValueSpecification","valueRequired":true,"valueName":"search_term_string"}}],"inLanguage":"it-IT"},{"@type":"Organization","@id":"https:\/\/www.monaco-tribune.com\/it\/#organization","name":"Monaco Tribune","url":"https:\/\/www.monaco-tribune.com\/it\/","logo":{"@type":"ImageObject","inLanguage":"it-IT","@id":"https:\/\/www.monaco-tribune.com\/it\/#\/schema\/logo\/image\/","url":"https:\/\/www.monaco-tribune.com\/wp-content\/uploads\/2022\/11\/logo-monaco-tribune.png","contentUrl":"https:\/\/www.monaco-tribune.com\/wp-content\/uploads\/2022\/11\/logo-monaco-tribune.png","width":1548,"height":600,"caption":"Monaco Tribune"},"image":{"@id":"https:\/\/www.monaco-tribune.com\/it\/#\/schema\/logo\/image\/"},"sameAs":["https:\/\/www.facebook.com\/MonacoTribune","https:\/\/x.com\/MonacoTribune","https:\/\/www.instagram.com\/monacotribune\/","https:\/\/www.linkedin.com\/company\/monaco-tribune","https:\/\/www.youtube.com\/channel\/UCHle1MnG6hw1y4lWKijVbMA"]},{"@type":"Person","@id":"https:\/\/www.monaco-tribune.com\/it\/#\/schema\/person\/330a3732947cf8cb41b2533a0eadd62e","name":"Romain Boisaubert","image":{"@type":"ImageObject","inLanguage":"it-IT","@id":"https:\/\/secure.gravatar.com\/avatar\/f8b90d41f1eabd1cbe4cf59e09d8db41a697d51919bf2dfe727589a24a4a4d54?s=96&d=mm&r=g","url":"https:\/\/secure.gravatar.com\/avatar\/f8b90d41f1eabd1cbe4cf59e09d8db41a697d51919bf2dfe727589a24a4a4d54?s=96&d=mm&r=g","contentUrl":"https:\/\/secure.gravatar.com\/avatar\/f8b90d41f1eabd1cbe4cf59e09d8db41a697d51919bf2dfe727589a24a4a4d54?s=96&d=mm&r=g","caption":"Romain Boisaubert"},"description":"Test bio","url":"https:\/\/www.monaco-tribune.com\/it\/author\/romain-boisaubert\/"}]}},"_links":{"self":[{"href":"https:\/\/www.monaco-tribune.com\/it\/wp-json\/wp\/v2\/posts\/85017","targetHints":{"allow":["GET"]}}],"collection":[{"href":"https:\/\/www.monaco-tribune.com\/it\/wp-json\/wp\/v2\/posts"}],"about":[{"href":"https:\/\/www.monaco-tribune.com\/it\/wp-json\/wp\/v2\/types\/post"}],"author":[{"embeddable":true,"href":"https:\/\/www.monaco-tribune.com\/it\/wp-json\/wp\/v2\/users\/24"}],"replies":[{"embeddable":true,"href":"https:\/\/www.monaco-tribune.com\/it\/wp-json\/wp\/v2\/comments?post=85017"}],"version-history":[{"count":0,"href":"https:\/\/www.monaco-tribune.com\/it\/wp-json\/wp\/v2\/posts\/85017\/revisions"}],"wp:featuredmedia":[{"embeddable":true,"href":"https:\/\/www.monaco-tribune.com\/it\/wp-json\/wp\/v2\/media\/84066"}],"wp:attachment":[{"href":"https:\/\/www.monaco-tribune.com\/it\/wp-json\/wp\/v2\/media?parent=85017"}],"wp:term":[{"taxonomy":"category","embeddable":true,"href":"https:\/\/www.monaco-tribune.com\/it\/wp-json\/wp\/v2\/categories?post=85017"},{"taxonomy":"post_tag","embeddable":true,"href":"https:\/\/www.monaco-tribune.com\/it\/wp-json\/wp\/v2\/tags?post=85017"},{"taxonomy":"sectag","embeddable":true,"href":"https:\/\/www.monaco-tribune.com\/it\/wp-json\/wp\/v2\/post_sectags?post=85017"},{"taxonomy":"format","embeddable":true,"href":"https:\/\/www.monaco-tribune.com\/it\/wp-json\/wp\/v2\/post_format?post=85017"}],"curies":[{"name":"wp","href":"https:\/\/api.w.org\/{rel}","templated":true}]}}