{"id":85077,"date":"2021-07-01T16:09:25","date_gmt":"2021-07-01T14:09:25","guid":{"rendered":"https:\/\/www.monaco-tribune.com\/2021\/07\/las-monaco-svela-le-sue-nuove-maglie-2021-2022\/"},"modified":"2021-07-01T18:26:44","modified_gmt":"2021-07-01T16:26:44","slug":"las-monaco-svela-le-sue-nuove-maglie-2021-2022","status":"publish","type":"post","link":"https:\/\/www.monaco-tribune.com\/it\/2021\/07\/las-monaco-svela-le-sue-nuove-maglie-2021-2022\/","title":{"rendered":"L&#8217;AS Monaco svela le sue nuove maglie 2021-2022"},"content":{"rendered":"\n<p><strong>L&#8217;AS Monaco e Kappa hanno ufficialmente presentato le nuove divise che i giocatori monegaschi useranno in casa e in trasferta nella stagione 2021-2022.<\/strong><\/p>\n\n\n\n<p>Dopo l&#8217;annuncio della comparsa del logo di eToro sulla maglia, nuovo sponsor ufficiale della squadra, l&#8217;AS Monaco ha svelato le divise ufficiali per la stagione 2021-2022.<\/p>\n\n\n\n<p>Qualche settimana dopo aver svelato la sua nuova identit\u00e0 costruita attorno al nuovo marchio RISE. RISK. REPEAT., questo gioved\u00ec la squadra del Principato ha rivelato le maglie &#8220;home&#8221; e &#8220;away&#8221;, pensate insieme a Kappa, in un video che mostra i giocatori della squadra e quelli dell&#8217;Academy in compagnia del rapper belga Krisy.<\/p>\n\n\n\n<h2 class=\"wp-block-heading\" id=\"h-la-diagonale-si-inclina-a-55\">La Diagonale si inclina a 55\u00b0<\/h2>\n\n\n\n<p>L&#8217;AS Monaco e Kappa, nel loro terzo anno consecutivo di collaborazione, hanno elaborato una maglia, strutturata attorno la famosa Diagonale, che sfoggia per la prima volta il nuovo rosso &#8220;tango red&#8221;. La Diagonale storica, pensata dalla Principessa Grace di Monaco 61 anni fa, si inclina a 55\u00b0 e appare solo sul davanti della maglia.<\/p>\n\n\n\n<p>L&#8217;Omini (il logo Kappa) \u00e8 bianco unica tinta, cos\u00ec come lo stemma della squadra sul lato opposto del petto. La corona monegasca \u00e8 sul retro, di preciso sul girocollo, mentre all&#8217;interno dello stesso appare la scritta RISE.RISK.REPEAT., il nuovo marchio dell&#8217;ASM. Completano la divisa un paio di pantaloncini rossi e calze bianche.<\/p>\n\n\n\n<figure class=\"wp-block-embed aligncenter is-type-rich is-provider-twitter wp-block-embed-twitter\"><div class=\"wp-block-embed__wrapper\">\n<blockquote class=\"twitter-tweet\" data-width=\"500\" data-dnt=\"true\"><p lang=\"und\" dir=\"ltr\">\ud835\udfd3\ud835\udfd3\u00b0 \ud83d\udd34\u26aa<br>\ud83c\udd95\ud83d\udc55 <a href=\"https:\/\/twitter.com\/KappaFrance?ref_src=twsrc%5Etfw\">@KappaFrance<\/a> <a href=\"https:\/\/twitter.com\/hashtag\/RiseRiskRepeat?src=hash&amp;ref_src=twsrc%5Etfw\">#RiseRiskRepeat<\/a> <a href=\"https:\/\/twitter.com\/hashtag\/KeepPerforming?src=hash&amp;ref_src=twsrc%5Etfw\">#KeepPerforming<\/a> <a href=\"https:\/\/t.co\/pjboJxRs6C\">pic.twitter.com\/pjboJxRs6C<\/a><\/p>&mdash; AS Monaco \ud83c\uddf2\ud83c\udde8 (@AS_Monaco) <a href=\"https:\/\/twitter.com\/AS_Monaco\/status\/1410508475302621190?ref_src=twsrc%5Etfw\">July 1, 2021<\/a><\/blockquote><script async src=\"https:\/\/platform.twitter.com\/widgets.js\" charset=\"utf-8\"><\/script>\n<\/div><\/figure>\n","protected":false},"excerpt":{"rendered":"<p>L&#8217;AS Monaco e Kappa hanno ufficialmente presentato le nuove divise che i giocatori monegaschi useranno in casa e in trasferta [&hellip;]<\/p>\n","protected":false},"author":24,"featured_media":84988,"comment_status":"closed","ping_status":"closed","sticky":false,"template":"","format":"standard","meta":{"_acf_changed":false,"footnotes":""},"categories":[1738,1743],"tags":[2846],"post_sectags":[],"post_format":[2478],"class_list":["post-85077","post","type-post","status-publish","format-standard","has-post-thumbnail","hentry","category-notizie","category-sport-it","tag-as-monaco-it-2","format-notizia"],"acf":[],"yoast_head":"<!-- This site is optimized with the Yoast SEO Premium plugin v26.8 (Yoast SEO v27.5) - https:\/\/yoast.com\/product\/yoast-seo-premium-wordpress\/ -->\n<title>L&#039;AS Monaco svela le sue nuove maglie 2021-2022<\/title>\n<meta name=\"description\" content=\"L&#039;AS Monaco e Kappa hanno ufficialmente presentato le nuove divise che i giocatori monegaschi useranno in casa e in trasferta nella stagione 2021-2022.\" \/>\n<meta name=\"robots\" content=\"index, follow, max-snippet:-1, max-image-preview:large, max-video-preview:-1\" \/>\n<link rel=\"canonical\" href=\"https:\/\/www.monaco-tribune.com\/it\/2021\/07\/las-monaco-svela-le-sue-nuove-maglie-2021-2022\/\" \/>\n<meta property=\"og:locale\" content=\"it_IT\" \/>\n<meta property=\"og:type\" content=\"article\" \/>\n<meta property=\"og:title\" content=\"L&#039;AS Monaco svela le sue nuove maglie 2021-2022 - Monaco Tribune\" \/>\n<meta property=\"og:description\" content=\"L&#039;AS Monaco e Kappa hanno ufficialmente presentato le nuove divise che i giocatori monegaschi useranno in casa e in trasferta nella stagione 2021-2022.\" \/>\n<meta property=\"og:url\" content=\"https:\/\/www.monaco-tribune.com\/it\/2021\/07\/las-monaco-svela-le-sue-nuove-maglie-2021-2022\/\" \/>\n<meta property=\"og:site_name\" content=\"Monaco Tribune\" \/>\n<meta property=\"article:publisher\" content=\"https:\/\/www.facebook.com\/MonacoTribune\" \/>\n<meta property=\"article:published_time\" content=\"2021-07-01T14:09:25+00:00\" \/>\n<meta property=\"article:modified_time\" content=\"2021-07-01T16:26:44+00:00\" \/>\n<meta property=\"og:image\" content=\"https:\/\/www.monaco-tribune.com\/wp-content\/uploads\/2021\/07\/maillots-2021-2022-as-monaco-min-e1625129121183.jpg\" \/>\n\t<meta property=\"og:image:width\" content=\"1024\" \/>\n\t<meta property=\"og:image:height\" content=\"512\" \/>\n\t<meta property=\"og:image:type\" content=\"image\/jpeg\" \/>\n<meta name=\"author\" content=\"Romain Boisaubert\" \/>\n<meta name=\"twitter:card\" content=\"summary_large_image\" \/>\n<meta name=\"twitter:creator\" content=\"@MonacoTribune\" \/>\n<meta name=\"twitter:site\" content=\"@MonacoTribune\" \/>\n<script type=\"application\/ld+json\" class=\"yoast-schema-graph\">{\"@context\":\"https:\\\/\\\/schema.org\",\"@graph\":[{\"@type\":\"NewsArticle\",\"@id\":\"https:\\\/\\\/www.monaco-tribune.com\\\/it\\\/2021\\\/07\\\/las-monaco-svela-le-sue-nuove-maglie-2021-2022\\\/#article\",\"isPartOf\":{\"@id\":\"https:\\\/\\\/www.monaco-tribune.com\\\/it\\\/2021\\\/07\\\/las-monaco-svela-le-sue-nuove-maglie-2021-2022\\\/\"},\"author\":{\"name\":\"Romain Boisaubert\",\"@id\":\"https:\\\/\\\/www.monaco-tribune.com\\\/it\\\/#\\\/schema\\\/person\\\/330a3732947cf8cb41b2533a0eadd62e\"},\"headline\":\"L&#8217;AS Monaco svela le sue nuove maglie 2021-2022\",\"datePublished\":\"2021-07-01T14:09:25+00:00\",\"dateModified\":\"2021-07-01T16:26:44+00:00\",\"mainEntityOfPage\":{\"@id\":\"https:\\\/\\\/www.monaco-tribune.com\\\/it\\\/2021\\\/07\\\/las-monaco-svela-le-sue-nuove-maglie-2021-2022\\\/\"},\"wordCount\":233,\"publisher\":{\"@id\":\"https:\\\/\\\/www.monaco-tribune.com\\\/it\\\/#organization\"},\"image\":{\"@id\":\"https:\\\/\\\/www.monaco-tribune.com\\\/it\\\/2021\\\/07\\\/las-monaco-svela-le-sue-nuove-maglie-2021-2022\\\/#primaryimage\"},\"thumbnailUrl\":\"https:\\\/\\\/www.monaco-tribune.com\\\/wp-content\\\/uploads\\\/2021\\\/07\\\/maillots-2021-2022-as-monaco-min-e1625129121183.jpg\",\"keywords\":[\"AS Monaco\"],\"articleSection\":[\"Notizie\",\"Sport\"],\"inLanguage\":\"it-IT\",\"copyrightYear\":\"2021\",\"copyrightHolder\":{\"@id\":\"https:\\\/\\\/www.monaco-tribune.com\\\/#organization\"}},{\"@type\":\"WebPage\",\"@id\":\"https:\\\/\\\/www.monaco-tribune.com\\\/it\\\/2021\\\/07\\\/las-monaco-svela-le-sue-nuove-maglie-2021-2022\\\/\",\"url\":\"https:\\\/\\\/www.monaco-tribune.com\\\/it\\\/2021\\\/07\\\/las-monaco-svela-le-sue-nuove-maglie-2021-2022\\\/\",\"name\":\"L'AS Monaco svela le sue nuove maglie 2021-2022\",\"isPartOf\":{\"@id\":\"https:\\\/\\\/www.monaco-tribune.com\\\/it\\\/#website\"},\"primaryImageOfPage\":{\"@id\":\"https:\\\/\\\/www.monaco-tribune.com\\\/it\\\/2021\\\/07\\\/las-monaco-svela-le-sue-nuove-maglie-2021-2022\\\/#primaryimage\"},\"image\":{\"@id\":\"https:\\\/\\\/www.monaco-tribune.com\\\/it\\\/2021\\\/07\\\/las-monaco-svela-le-sue-nuove-maglie-2021-2022\\\/#primaryimage\"},\"thumbnailUrl\":\"https:\\\/\\\/www.monaco-tribune.com\\\/wp-content\\\/uploads\\\/2021\\\/07\\\/maillots-2021-2022-as-monaco-min-e1625129121183.jpg\",\"datePublished\":\"2021-07-01T14:09:25+00:00\",\"dateModified\":\"2021-07-01T16:26:44+00:00\",\"description\":\"L'AS Monaco e Kappa hanno ufficialmente presentato le nuove divise che i giocatori monegaschi useranno in casa e in trasferta nella stagione 2021-2022.\",\"breadcrumb\":{\"@id\":\"https:\\\/\\\/www.monaco-tribune.com\\\/it\\\/2021\\\/07\\\/las-monaco-svela-le-sue-nuove-maglie-2021-2022\\\/#breadcrumb\"},\"inLanguage\":\"it-IT\",\"potentialAction\":[{\"@type\":\"ReadAction\",\"target\":[\"https:\\\/\\\/www.monaco-tribune.com\\\/it\\\/2021\\\/07\\\/las-monaco-svela-le-sue-nuove-maglie-2021-2022\\\/\"]}]},{\"@type\":\"ImageObject\",\"inLanguage\":\"it-IT\",\"@id\":\"https:\\\/\\\/www.monaco-tribune.com\\\/it\\\/2021\\\/07\\\/las-monaco-svela-le-sue-nuove-maglie-2021-2022\\\/#primaryimage\",\"url\":\"https:\\\/\\\/www.monaco-tribune.com\\\/wp-content\\\/uploads\\\/2021\\\/07\\\/maillots-2021-2022-as-monaco-min-e1625129121183.jpg\",\"contentUrl\":\"https:\\\/\\\/www.monaco-tribune.com\\\/wp-content\\\/uploads\\\/2021\\\/07\\\/maillots-2021-2022-as-monaco-min-e1625129121183.jpg\",\"width\":1024,\"height\":512},{\"@type\":\"BreadcrumbList\",\"@id\":\"https:\\\/\\\/www.monaco-tribune.com\\\/it\\\/2021\\\/07\\\/las-monaco-svela-le-sue-nuove-maglie-2021-2022\\\/#breadcrumb\",\"itemListElement\":[{\"@type\":\"ListItem\",\"position\":1,\"name\":\"Accueil\",\"item\":\"https:\\\/\\\/www.monaco-tribune.com\\\/it\\\/\"},{\"@type\":\"ListItem\",\"position\":2,\"name\":\"L&rsquo;AS Monaco svela le sue nuove maglie 2021-2022\"}]},{\"@type\":\"WebSite\",\"@id\":\"https:\\\/\\\/www.monaco-tribune.com\\\/it\\\/#website\",\"url\":\"https:\\\/\\\/www.monaco-tribune.com\\\/it\\\/\",\"name\":\"Monaco Tribune\",\"description\":\"Monaco : actualit\u00e9s \u00e9conomiques, politiques, culturelles et sportives de Monaco et de la French Riviera.\",\"publisher\":{\"@id\":\"https:\\\/\\\/www.monaco-tribune.com\\\/it\\\/#organization\"},\"potentialAction\":[{\"@type\":\"SearchAction\",\"target\":{\"@type\":\"EntryPoint\",\"urlTemplate\":\"https:\\\/\\\/www.monaco-tribune.com\\\/it\\\/?s={search_term_string}\"},\"query-input\":{\"@type\":\"PropertyValueSpecification\",\"valueRequired\":true,\"valueName\":\"search_term_string\"}}],\"inLanguage\":\"it-IT\"},{\"@type\":\"Organization\",\"@id\":\"https:\\\/\\\/www.monaco-tribune.com\\\/it\\\/#organization\",\"name\":\"Monaco Tribune\",\"url\":\"https:\\\/\\\/www.monaco-tribune.com\\\/it\\\/\",\"logo\":{\"@type\":\"ImageObject\",\"inLanguage\":\"it-IT\",\"@id\":\"https:\\\/\\\/www.monaco-tribune.com\\\/it\\\/#\\\/schema\\\/logo\\\/image\\\/\",\"url\":\"https:\\\/\\\/www.monaco-tribune.com\\\/wp-content\\\/uploads\\\/2022\\\/11\\\/logo-monaco-tribune.png\",\"contentUrl\":\"https:\\\/\\\/www.monaco-tribune.com\\\/wp-content\\\/uploads\\\/2022\\\/11\\\/logo-monaco-tribune.png\",\"width\":1548,\"height\":600,\"caption\":\"Monaco Tribune\"},\"image\":{\"@id\":\"https:\\\/\\\/www.monaco-tribune.com\\\/it\\\/#\\\/schema\\\/logo\\\/image\\\/\"},\"sameAs\":[\"https:\\\/\\\/www.facebook.com\\\/MonacoTribune\",\"https:\\\/\\\/x.com\\\/MonacoTribune\",\"https:\\\/\\\/www.instagram.com\\\/monacotribune\\\/\",\"https:\\\/\\\/www.linkedin.com\\\/company\\\/monaco-tribune\",\"https:\\\/\\\/www.youtube.com\\\/channel\\\/UCHle1MnG6hw1y4lWKijVbMA\"]},{\"@type\":\"Person\",\"@id\":\"https:\\\/\\\/www.monaco-tribune.com\\\/it\\\/#\\\/schema\\\/person\\\/330a3732947cf8cb41b2533a0eadd62e\",\"name\":\"Romain Boisaubert\",\"image\":{\"@type\":\"ImageObject\",\"inLanguage\":\"it-IT\",\"@id\":\"https:\\\/\\\/secure.gravatar.com\\\/avatar\\\/f8b90d41f1eabd1cbe4cf59e09d8db41a697d51919bf2dfe727589a24a4a4d54?s=96&d=mm&r=g\",\"url\":\"https:\\\/\\\/secure.gravatar.com\\\/avatar\\\/f8b90d41f1eabd1cbe4cf59e09d8db41a697d51919bf2dfe727589a24a4a4d54?s=96&d=mm&r=g\",\"contentUrl\":\"https:\\\/\\\/secure.gravatar.com\\\/avatar\\\/f8b90d41f1eabd1cbe4cf59e09d8db41a697d51919bf2dfe727589a24a4a4d54?s=96&d=mm&r=g\",\"caption\":\"Romain Boisaubert\"},\"description\":\"Test bio\",\"url\":\"https:\\\/\\\/www.monaco-tribune.com\\\/it\\\/author\\\/romain-boisaubert\\\/\"}]}<\/script>\n<!-- \/ Yoast SEO Premium plugin. -->","yoast_head_json":{"title":"L'AS Monaco svela le sue nuove maglie 2021-2022","description":"L'AS Monaco e Kappa hanno ufficialmente presentato le nuove divise che i giocatori monegaschi useranno in casa e in trasferta nella stagione 2021-2022.","robots":{"index":"index","follow":"follow","max-snippet":"max-snippet:-1","max-image-preview":"max-image-preview:large","max-video-preview":"max-video-preview:-1"},"canonical":"https:\/\/www.monaco-tribune.com\/it\/2021\/07\/las-monaco-svela-le-sue-nuove-maglie-2021-2022\/","og_locale":"it_IT","og_type":"article","og_title":"L'AS Monaco svela le sue nuove maglie 2021-2022 - Monaco Tribune","og_description":"L'AS Monaco e Kappa hanno ufficialmente presentato le nuove divise che i giocatori monegaschi useranno in casa e in trasferta nella stagione 2021-2022.","og_url":"https:\/\/www.monaco-tribune.com\/it\/2021\/07\/las-monaco-svela-le-sue-nuove-maglie-2021-2022\/","og_site_name":"Monaco Tribune","article_publisher":"https:\/\/www.facebook.com\/MonacoTribune","article_published_time":"2021-07-01T14:09:25+00:00","article_modified_time":"2021-07-01T16:26:44+00:00","og_image":[{"width":1024,"height":512,"url":"https:\/\/www.monaco-tribune.com\/wp-content\/uploads\/2021\/07\/maillots-2021-2022-as-monaco-min-e1625129121183.jpg","type":"image\/jpeg"}],"author":"Romain Boisaubert","twitter_card":"summary_large_image","twitter_creator":"@MonacoTribune","twitter_site":"@MonacoTribune","schema":{"@context":"https:\/\/schema.org","@graph":[{"@type":"NewsArticle","@id":"https:\/\/www.monaco-tribune.com\/it\/2021\/07\/las-monaco-svela-le-sue-nuove-maglie-2021-2022\/#article","isPartOf":{"@id":"https:\/\/www.monaco-tribune.com\/it\/2021\/07\/las-monaco-svela-le-sue-nuove-maglie-2021-2022\/"},"author":{"name":"Romain Boisaubert","@id":"https:\/\/www.monaco-tribune.com\/it\/#\/schema\/person\/330a3732947cf8cb41b2533a0eadd62e"},"headline":"L&#8217;AS Monaco svela le sue nuove maglie 2021-2022","datePublished":"2021-07-01T14:09:25+00:00","dateModified":"2021-07-01T16:26:44+00:00","mainEntityOfPage":{"@id":"https:\/\/www.monaco-tribune.com\/it\/2021\/07\/las-monaco-svela-le-sue-nuove-maglie-2021-2022\/"},"wordCount":233,"publisher":{"@id":"https:\/\/www.monaco-tribune.com\/it\/#organization"},"image":{"@id":"https:\/\/www.monaco-tribune.com\/it\/2021\/07\/las-monaco-svela-le-sue-nuove-maglie-2021-2022\/#primaryimage"},"thumbnailUrl":"https:\/\/www.monaco-tribune.com\/wp-content\/uploads\/2021\/07\/maillots-2021-2022-as-monaco-min-e1625129121183.jpg","keywords":["AS Monaco"],"articleSection":["Notizie","Sport"],"inLanguage":"it-IT","copyrightYear":"2021","copyrightHolder":{"@id":"https:\/\/www.monaco-tribune.com\/#organization"}},{"@type":"WebPage","@id":"https:\/\/www.monaco-tribune.com\/it\/2021\/07\/las-monaco-svela-le-sue-nuove-maglie-2021-2022\/","url":"https:\/\/www.monaco-tribune.com\/it\/2021\/07\/las-monaco-svela-le-sue-nuove-maglie-2021-2022\/","name":"L'AS Monaco svela le sue nuove maglie 2021-2022","isPartOf":{"@id":"https:\/\/www.monaco-tribune.com\/it\/#website"},"primaryImageOfPage":{"@id":"https:\/\/www.monaco-tribune.com\/it\/2021\/07\/las-monaco-svela-le-sue-nuove-maglie-2021-2022\/#primaryimage"},"image":{"@id":"https:\/\/www.monaco-tribune.com\/it\/2021\/07\/las-monaco-svela-le-sue-nuove-maglie-2021-2022\/#primaryimage"},"thumbnailUrl":"https:\/\/www.monaco-tribune.com\/wp-content\/uploads\/2021\/07\/maillots-2021-2022-as-monaco-min-e1625129121183.jpg","datePublished":"2021-07-01T14:09:25+00:00","dateModified":"2021-07-01T16:26:44+00:00","description":"L'AS Monaco e Kappa hanno ufficialmente presentato le nuove divise che i giocatori monegaschi useranno in casa e in trasferta nella stagione 2021-2022.","breadcrumb":{"@id":"https:\/\/www.monaco-tribune.com\/it\/2021\/07\/las-monaco-svela-le-sue-nuove-maglie-2021-2022\/#breadcrumb"},"inLanguage":"it-IT","potentialAction":[{"@type":"ReadAction","target":["https:\/\/www.monaco-tribune.com\/it\/2021\/07\/las-monaco-svela-le-sue-nuove-maglie-2021-2022\/"]}]},{"@type":"ImageObject","inLanguage":"it-IT","@id":"https:\/\/www.monaco-tribune.com\/it\/2021\/07\/las-monaco-svela-le-sue-nuove-maglie-2021-2022\/#primaryimage","url":"https:\/\/www.monaco-tribune.com\/wp-content\/uploads\/2021\/07\/maillots-2021-2022-as-monaco-min-e1625129121183.jpg","contentUrl":"https:\/\/www.monaco-tribune.com\/wp-content\/uploads\/2021\/07\/maillots-2021-2022-as-monaco-min-e1625129121183.jpg","width":1024,"height":512},{"@type":"BreadcrumbList","@id":"https:\/\/www.monaco-tribune.com\/it\/2021\/07\/las-monaco-svela-le-sue-nuove-maglie-2021-2022\/#breadcrumb","itemListElement":[{"@type":"ListItem","position":1,"name":"Accueil","item":"https:\/\/www.monaco-tribune.com\/it\/"},{"@type":"ListItem","position":2,"name":"L&rsquo;AS Monaco svela le sue nuove maglie 2021-2022"}]},{"@type":"WebSite","@id":"https:\/\/www.monaco-tribune.com\/it\/#website","url":"https:\/\/www.monaco-tribune.com\/it\/","name":"Monaco Tribune","description":"Monaco : actualit\u00e9s \u00e9conomiques, politiques, culturelles et sportives de Monaco et de la French Riviera.","publisher":{"@id":"https:\/\/www.monaco-tribune.com\/it\/#organization"},"potentialAction":[{"@type":"SearchAction","target":{"@type":"EntryPoint","urlTemplate":"https:\/\/www.monaco-tribune.com\/it\/?s={search_term_string}"},"query-input":{"@type":"PropertyValueSpecification","valueRequired":true,"valueName":"search_term_string"}}],"inLanguage":"it-IT"},{"@type":"Organization","@id":"https:\/\/www.monaco-tribune.com\/it\/#organization","name":"Monaco Tribune","url":"https:\/\/www.monaco-tribune.com\/it\/","logo":{"@type":"ImageObject","inLanguage":"it-IT","@id":"https:\/\/www.monaco-tribune.com\/it\/#\/schema\/logo\/image\/","url":"https:\/\/www.monaco-tribune.com\/wp-content\/uploads\/2022\/11\/logo-monaco-tribune.png","contentUrl":"https:\/\/www.monaco-tribune.com\/wp-content\/uploads\/2022\/11\/logo-monaco-tribune.png","width":1548,"height":600,"caption":"Monaco Tribune"},"image":{"@id":"https:\/\/www.monaco-tribune.com\/it\/#\/schema\/logo\/image\/"},"sameAs":["https:\/\/www.facebook.com\/MonacoTribune","https:\/\/x.com\/MonacoTribune","https:\/\/www.instagram.com\/monacotribune\/","https:\/\/www.linkedin.com\/company\/monaco-tribune","https:\/\/www.youtube.com\/channel\/UCHle1MnG6hw1y4lWKijVbMA"]},{"@type":"Person","@id":"https:\/\/www.monaco-tribune.com\/it\/#\/schema\/person\/330a3732947cf8cb41b2533a0eadd62e","name":"Romain Boisaubert","image":{"@type":"ImageObject","inLanguage":"it-IT","@id":"https:\/\/secure.gravatar.com\/avatar\/f8b90d41f1eabd1cbe4cf59e09d8db41a697d51919bf2dfe727589a24a4a4d54?s=96&d=mm&r=g","url":"https:\/\/secure.gravatar.com\/avatar\/f8b90d41f1eabd1cbe4cf59e09d8db41a697d51919bf2dfe727589a24a4a4d54?s=96&d=mm&r=g","contentUrl":"https:\/\/secure.gravatar.com\/avatar\/f8b90d41f1eabd1cbe4cf59e09d8db41a697d51919bf2dfe727589a24a4a4d54?s=96&d=mm&r=g","caption":"Romain Boisaubert"},"description":"Test bio","url":"https:\/\/www.monaco-tribune.com\/it\/author\/romain-boisaubert\/"}]}},"_links":{"self":[{"href":"https:\/\/www.monaco-tribune.com\/it\/wp-json\/wp\/v2\/posts\/85077","targetHints":{"allow":["GET"]}}],"collection":[{"href":"https:\/\/www.monaco-tribune.com\/it\/wp-json\/wp\/v2\/posts"}],"about":[{"href":"https:\/\/www.monaco-tribune.com\/it\/wp-json\/wp\/v2\/types\/post"}],"author":[{"embeddable":true,"href":"https:\/\/www.monaco-tribune.com\/it\/wp-json\/wp\/v2\/users\/24"}],"replies":[{"embeddable":true,"href":"https:\/\/www.monaco-tribune.com\/it\/wp-json\/wp\/v2\/comments?post=85077"}],"version-history":[{"count":0,"href":"https:\/\/www.monaco-tribune.com\/it\/wp-json\/wp\/v2\/posts\/85077\/revisions"}],"wp:featuredmedia":[{"embeddable":true,"href":"https:\/\/www.monaco-tribune.com\/it\/wp-json\/wp\/v2\/media\/84988"}],"wp:attachment":[{"href":"https:\/\/www.monaco-tribune.com\/it\/wp-json\/wp\/v2\/media?parent=85077"}],"wp:term":[{"taxonomy":"category","embeddable":true,"href":"https:\/\/www.monaco-tribune.com\/it\/wp-json\/wp\/v2\/categories?post=85077"},{"taxonomy":"post_tag","embeddable":true,"href":"https:\/\/www.monaco-tribune.com\/it\/wp-json\/wp\/v2\/tags?post=85077"},{"taxonomy":"sectag","embeddable":true,"href":"https:\/\/www.monaco-tribune.com\/it\/wp-json\/wp\/v2\/post_sectags?post=85077"},{"taxonomy":"format","embeddable":true,"href":"https:\/\/www.monaco-tribune.com\/it\/wp-json\/wp\/v2\/post_format?post=85077"}],"curies":[{"name":"wp","href":"https:\/\/api.w.org\/{rel}","templated":true}]}}