{"id":85530,"date":"2021-07-05T17:20:18","date_gmt":"2021-07-05T15:20:18","guid":{"rendered":"https:\/\/www.monaco-tribune.com\/2021\/07\/saldi-estivi-a-monaco-i-negozi-del-principato-hanno-bisogno-di-voi\/"},"modified":"2021-07-05T17:27:02","modified_gmt":"2021-07-05T15:27:02","slug":"saldi-estivi-a-monaco-i-negozi-del-principato-hanno-bisogno-di-voi","status":"publish","type":"post","link":"https:\/\/www.monaco-tribune.com\/it\/2021\/07\/saldi-estivi-a-monaco-i-negozi-del-principato-hanno-bisogno-di-voi\/","title":{"rendered":"Saldi estivi a Monaco: i negozi del Principato hanno bisogno di voi!"},"content":{"rendered":"\n<p>Nonostante gli sconti notevoli in mostra sulle vetrine dei negozi di pr\u00eat-\u00e0-porter di Monaco, le strade sono perlopi\u00f9 deserte. I capi all&#8217;ultima moda non mancano, ma il personale \u00e8 scoraggiato per la mancanza di affluenza di quest&#8217;anno.<\/p>\n\n\n\n<p>&#8220;\u00c8 tutto molto tranquillo. Ci sono stati quattro monegaschi in due giorni che hanno acquistato capi di abbigliamento. Tutto qui&#8221;, confessa una commessa di Monte-Carlo Fashion, in rue Grimaldi. Capi multicolore e abiti scintillanti adornano la vetrina, ma, purtroppo, la presentazione accattivante e i saldi al 50% non sembrano attirare la folla.<\/p>\n\n\n\n<p>&#8220;Non si vedono pi\u00f9 crociere&#8221;, afferma una signora che lavora al Men Store Monaco, dove trovate abbigliamento in sconto dalla taglia XS alla 4XL. Dato che solitamente la maggior parte dei clienti sono turisti, ora pi\u00f9 che mai le aziende contano sugli acquirenti locali, visto che le restrizioni di viaggio non consentono ancora di recarsi ovunque.<\/p>\n\n\n\n<h2 class=\"wp-block-heading\" id=\"h-i-negozi-del-principato-hanno-bisogno-di-voi\">I negozi del Principato hanno bisogno di voi<\/h2>\n\n\n\n<p>Dopo un anno difficile, ora \u00e8 pi\u00f9 importante che mai acquistare locale. Un po&#8217; pi\u00f9 in l\u00e0, in rue Princesse Caroline, il proprietario di un negozio di abbigliamento per bambini ci racconta che &#8220;le persone utilizzano tantissimo Amazon ormai, e, visto che tutti lavorano da casa, nessuno viene pi\u00f9 a fare acquisti all&#8217;ora di pranzo&#8221;.<\/p>\n\n\n\n<p>&#8220;Basta guardare fuori, le strade sono vuote&#8230; non \u00e8 quello che succede di solito con i saldi&#8221;, racconta un&#8217;altra signora, che tenta di attirare i clienti con un sconto del 30% nel negozio di scarpe Capucine&#8217;s.<\/p>\n\n\n\n<div class=\"wp-block-image\"><figure class=\"aligncenter size-large is-resized\"><img loading=\"lazy\" decoding=\"async\" src=\"https:\/\/www.monaco-tribune.com\/wp-content\/uploads\/2021\/07\/k1600_p1010860-1024x649.jpg\" alt=\"\" class=\"wp-image-85251\" width=\"1000\" height=\"600\"\/><figcaption>Monte Carlo Fashion Store \u00a9 Simon Zwierniak<\/figcaption><\/figure><\/div>\n\n\n\n<p>Passando davanti al Fashon Market, n\u00e9 le scarpe scintillanti che brillano sotto il sole, n\u00e9 gli sconti del 70% pubblicizzati in vetrina bastano ad attirare i clienti. Guardando da dietro il vetro, i dipendenti attendono con pazienza che gli abitanti del quartiere arrivino per fare un po&#8217; di acquisti.<\/p>\n\n\n\n<h2 class=\"wp-block-heading\" id=\"h-prezzi-sempre-pi-bassi-ogni-settimana\">Prezzi sempre pi\u00f9 bassi ogni settimana<\/h2>\n\n\n\n<p>Dai bikini alle tutine per neonati, dalle borse ai cappelli, i negozi di abbigliamento di Monaco offrono ottimi affari per tutti i gusti. Indicando la fila di borse invendute, di cui la maggior parte al 50%, la commessa della pelletteria Legend spera che gli affari esplodano nei prossimi giorni. &#8220;Spero che ci siano pi\u00f9 persone domani, soprattutto con il Jumping International. Incrociamo le dita!&#8221;, sorride, con la speranza che gli eventi di quest&#8217;estate contribuiscano a dare una scossa agli affari.<\/p>\n\n\n\n<h2 class=\"wp-block-heading\" id=\"h-rinnovate-il-vostro-guardaroba\">Rinnovate il vostro guardaroba<\/h2>\n\n\n\n<p>Perch\u00e9 non fare un salto da Sandro per dare un tocco di colore al vostro guardaroba dell&#8217;estate? Arancioni e gialli accessi saltano agli occhi sugli stand, con una vasta scelta che va da abiti a gonne, passando per gli accessori. Avete bisogno di un nuovo paio di tacchi per far festa? Monaco ha il negozio che fa al caso vostro! Anche se gi\u00e0 trovate sconti interessanti, i prezzi continueranno a calare ogni settimana. Secondo la commessa, i saldi pi\u00f9 importanti saranno tra il 6 e il 10 luglio. Poco distante, anche BYK propone la sua collezione di abbigliamento in saldo, con sconti che vanno dal 30 al 40% su gran parte degli articoli.<\/p>\n\n\n\n<p>Quest&#8217;estate, non perdetevi le vetrine di Monaco e approfittate dei saldi per fare ottimi acquisti!<\/p>\n","protected":false},"excerpt":{"rendered":"<p>Nonostante gli sconti notevoli in mostra sulle vetrine dei negozi di pr\u00eat-\u00e0-porter di Monaco, le strade sono perlopi\u00f9 deserte. I [&hellip;]<\/p>\n","protected":false},"author":46,"featured_media":85231,"comment_status":"closed","ping_status":"closed","sticky":false,"template":"","format":"standard","meta":{"_acf_changed":false,"footnotes":""},"categories":[1739,1826,1738],"tags":[2936],"post_sectags":[],"post_format":[2478],"class_list":["post-85530","post","type-post","status-publish","format-standard","has-post-thumbnail","hentry","category-business-it","category-la-nostra-scelta","category-notizie","tag-commercio-locale","format-notizia"],"acf":[],"yoast_head":"<!-- This site is optimized with the Yoast SEO Premium plugin v26.8 (Yoast SEO v27.5) - https:\/\/yoast.com\/product\/yoast-seo-premium-wordpress\/ -->\n<title>Saldi estivi a Monaco: i negozi del Principato hanno bisogno di voi!<\/title>\n<meta name=\"description\" content=\"Nonostante gli sconti notevoli in mostra sulle vetrine dei negozi di pr\u00eat-\u00e0-porter di Monaco, le strade sono perlopi\u00f9 deserte. I capi all&#039;ultima moda non\" \/>\n<meta name=\"robots\" content=\"index, follow, max-snippet:-1, max-image-preview:large, max-video-preview:-1\" \/>\n<link rel=\"canonical\" href=\"https:\/\/www.monaco-tribune.com\/it\/2021\/07\/saldi-estivi-a-monaco-i-negozi-del-principato-hanno-bisogno-di-voi\/\" \/>\n<meta property=\"og:locale\" content=\"it_IT\" \/>\n<meta property=\"og:type\" content=\"article\" \/>\n<meta property=\"og:title\" content=\"Saldi estivi a Monaco: i negozi del Principato hanno bisogno di voi! - Monaco Tribune\" \/>\n<meta property=\"og:description\" content=\"Nonostante gli sconti notevoli in mostra sulle vetrine dei negozi di pr\u00eat-\u00e0-porter di Monaco, le strade sono perlopi\u00f9 deserte. I capi all&#039;ultima moda non\" \/>\n<meta property=\"og:url\" content=\"https:\/\/www.monaco-tribune.com\/it\/2021\/07\/saldi-estivi-a-monaco-i-negozi-del-principato-hanno-bisogno-di-voi\/\" \/>\n<meta property=\"og:site_name\" content=\"Monaco Tribune\" \/>\n<meta property=\"article:publisher\" content=\"https:\/\/www.facebook.com\/MonacoTribune\" \/>\n<meta property=\"article:published_time\" content=\"2021-07-05T15:20:18+00:00\" \/>\n<meta property=\"article:modified_time\" content=\"2021-07-05T15:27:02+00:00\" \/>\n<meta property=\"og:image\" content=\"https:\/\/www.monaco-tribune.com\/wp-content\/uploads\/2021\/07\/byk-better.jpeg\" \/>\n\t<meta property=\"og:image:width\" content=\"1600\" \/>\n\t<meta property=\"og:image:height\" content=\"900\" \/>\n\t<meta property=\"og:image:type\" content=\"image\/jpeg\" \/>\n<meta name=\"author\" content=\"Meg Johnson\" \/>\n<meta name=\"twitter:card\" content=\"summary_large_image\" \/>\n<meta name=\"twitter:creator\" content=\"@MonacoTribune\" \/>\n<meta name=\"twitter:site\" content=\"@MonacoTribune\" \/>\n<script type=\"application\/ld+json\" class=\"yoast-schema-graph\">{\"@context\":\"https:\\\/\\\/schema.org\",\"@graph\":[{\"@type\":\"NewsArticle\",\"@id\":\"https:\\\/\\\/www.monaco-tribune.com\\\/it\\\/2021\\\/07\\\/saldi-estivi-a-monaco-i-negozi-del-principato-hanno-bisogno-di-voi\\\/#article\",\"isPartOf\":{\"@id\":\"https:\\\/\\\/www.monaco-tribune.com\\\/it\\\/2021\\\/07\\\/saldi-estivi-a-monaco-i-negozi-del-principato-hanno-bisogno-di-voi\\\/\"},\"author\":{\"name\":\"Meg Johnson\",\"@id\":\"https:\\\/\\\/www.monaco-tribune.com\\\/it\\\/#\\\/schema\\\/person\\\/a5b96fbf65e3742d7f09d511490d76f5\"},\"headline\":\"Saldi estivi a Monaco: i negozi del Principato hanno bisogno di voi!\",\"datePublished\":\"2021-07-05T15:20:18+00:00\",\"dateModified\":\"2021-07-05T15:27:02+00:00\",\"mainEntityOfPage\":{\"@id\":\"https:\\\/\\\/www.monaco-tribune.com\\\/it\\\/2021\\\/07\\\/saldi-estivi-a-monaco-i-negozi-del-principato-hanno-bisogno-di-voi\\\/\"},\"wordCount\":527,\"publisher\":{\"@id\":\"https:\\\/\\\/www.monaco-tribune.com\\\/it\\\/#organization\"},\"image\":{\"@id\":\"https:\\\/\\\/www.monaco-tribune.com\\\/it\\\/2021\\\/07\\\/saldi-estivi-a-monaco-i-negozi-del-principato-hanno-bisogno-di-voi\\\/#primaryimage\"},\"thumbnailUrl\":\"https:\\\/\\\/www.monaco-tribune.com\\\/wp-content\\\/uploads\\\/2021\\\/07\\\/byk-better.jpeg\",\"keywords\":[\"Commercio locale\"],\"articleSection\":[\"Business\",\"La nostra scelta\",\"Notizie\"],\"inLanguage\":\"it-IT\",\"copyrightYear\":\"2021\",\"copyrightHolder\":{\"@id\":\"https:\\\/\\\/www.monaco-tribune.com\\\/#organization\"}},{\"@type\":\"WebPage\",\"@id\":\"https:\\\/\\\/www.monaco-tribune.com\\\/it\\\/2021\\\/07\\\/saldi-estivi-a-monaco-i-negozi-del-principato-hanno-bisogno-di-voi\\\/\",\"url\":\"https:\\\/\\\/www.monaco-tribune.com\\\/it\\\/2021\\\/07\\\/saldi-estivi-a-monaco-i-negozi-del-principato-hanno-bisogno-di-voi\\\/\",\"name\":\"Saldi estivi a Monaco: i negozi del Principato hanno bisogno di voi!\",\"isPartOf\":{\"@id\":\"https:\\\/\\\/www.monaco-tribune.com\\\/it\\\/#website\"},\"primaryImageOfPage\":{\"@id\":\"https:\\\/\\\/www.monaco-tribune.com\\\/it\\\/2021\\\/07\\\/saldi-estivi-a-monaco-i-negozi-del-principato-hanno-bisogno-di-voi\\\/#primaryimage\"},\"image\":{\"@id\":\"https:\\\/\\\/www.monaco-tribune.com\\\/it\\\/2021\\\/07\\\/saldi-estivi-a-monaco-i-negozi-del-principato-hanno-bisogno-di-voi\\\/#primaryimage\"},\"thumbnailUrl\":\"https:\\\/\\\/www.monaco-tribune.com\\\/wp-content\\\/uploads\\\/2021\\\/07\\\/byk-better.jpeg\",\"datePublished\":\"2021-07-05T15:20:18+00:00\",\"dateModified\":\"2021-07-05T15:27:02+00:00\",\"description\":\"Nonostante gli sconti notevoli in mostra sulle vetrine dei negozi di pr\u00eat-\u00e0-porter di Monaco, le strade sono perlopi\u00f9 deserte. I capi all'ultima moda non\",\"breadcrumb\":{\"@id\":\"https:\\\/\\\/www.monaco-tribune.com\\\/it\\\/2021\\\/07\\\/saldi-estivi-a-monaco-i-negozi-del-principato-hanno-bisogno-di-voi\\\/#breadcrumb\"},\"inLanguage\":\"it-IT\",\"potentialAction\":[{\"@type\":\"ReadAction\",\"target\":[\"https:\\\/\\\/www.monaco-tribune.com\\\/it\\\/2021\\\/07\\\/saldi-estivi-a-monaco-i-negozi-del-principato-hanno-bisogno-di-voi\\\/\"]}]},{\"@type\":\"ImageObject\",\"inLanguage\":\"it-IT\",\"@id\":\"https:\\\/\\\/www.monaco-tribune.com\\\/it\\\/2021\\\/07\\\/saldi-estivi-a-monaco-i-negozi-del-principato-hanno-bisogno-di-voi\\\/#primaryimage\",\"url\":\"https:\\\/\\\/www.monaco-tribune.com\\\/wp-content\\\/uploads\\\/2021\\\/07\\\/byk-better.jpeg\",\"contentUrl\":\"https:\\\/\\\/www.monaco-tribune.com\\\/wp-content\\\/uploads\\\/2021\\\/07\\\/byk-better.jpeg\",\"width\":1600,\"height\":900,\"caption\":\"Simon Zwierniak \\\/ BYK store\"},{\"@type\":\"BreadcrumbList\",\"@id\":\"https:\\\/\\\/www.monaco-tribune.com\\\/it\\\/2021\\\/07\\\/saldi-estivi-a-monaco-i-negozi-del-principato-hanno-bisogno-di-voi\\\/#breadcrumb\",\"itemListElement\":[{\"@type\":\"ListItem\",\"position\":1,\"name\":\"Accueil\",\"item\":\"https:\\\/\\\/www.monaco-tribune.com\\\/it\\\/\"},{\"@type\":\"ListItem\",\"position\":2,\"name\":\"Saldi estivi a Monaco: i negozi del Principato hanno bisogno di voi!\"}]},{\"@type\":\"WebSite\",\"@id\":\"https:\\\/\\\/www.monaco-tribune.com\\\/it\\\/#website\",\"url\":\"https:\\\/\\\/www.monaco-tribune.com\\\/it\\\/\",\"name\":\"Monaco Tribune\",\"description\":\"Monaco : actualit\u00e9s \u00e9conomiques, politiques, culturelles et sportives de Monaco et de la French Riviera.\",\"publisher\":{\"@id\":\"https:\\\/\\\/www.monaco-tribune.com\\\/it\\\/#organization\"},\"potentialAction\":[{\"@type\":\"SearchAction\",\"target\":{\"@type\":\"EntryPoint\",\"urlTemplate\":\"https:\\\/\\\/www.monaco-tribune.com\\\/it\\\/?s={search_term_string}\"},\"query-input\":{\"@type\":\"PropertyValueSpecification\",\"valueRequired\":true,\"valueName\":\"search_term_string\"}}],\"inLanguage\":\"it-IT\"},{\"@type\":\"Organization\",\"@id\":\"https:\\\/\\\/www.monaco-tribune.com\\\/it\\\/#organization\",\"name\":\"Monaco Tribune\",\"url\":\"https:\\\/\\\/www.monaco-tribune.com\\\/it\\\/\",\"logo\":{\"@type\":\"ImageObject\",\"inLanguage\":\"it-IT\",\"@id\":\"https:\\\/\\\/www.monaco-tribune.com\\\/it\\\/#\\\/schema\\\/logo\\\/image\\\/\",\"url\":\"https:\\\/\\\/www.monaco-tribune.com\\\/wp-content\\\/uploads\\\/2022\\\/11\\\/logo-monaco-tribune.png\",\"contentUrl\":\"https:\\\/\\\/www.monaco-tribune.com\\\/wp-content\\\/uploads\\\/2022\\\/11\\\/logo-monaco-tribune.png\",\"width\":1548,\"height\":600,\"caption\":\"Monaco Tribune\"},\"image\":{\"@id\":\"https:\\\/\\\/www.monaco-tribune.com\\\/it\\\/#\\\/schema\\\/logo\\\/image\\\/\"},\"sameAs\":[\"https:\\\/\\\/www.facebook.com\\\/MonacoTribune\",\"https:\\\/\\\/x.com\\\/MonacoTribune\",\"https:\\\/\\\/www.instagram.com\\\/monacotribune\\\/\",\"https:\\\/\\\/www.linkedin.com\\\/company\\\/monaco-tribune\",\"https:\\\/\\\/www.youtube.com\\\/channel\\\/UCHle1MnG6hw1y4lWKijVbMA\"]},{\"@type\":\"Person\",\"@id\":\"https:\\\/\\\/www.monaco-tribune.com\\\/it\\\/#\\\/schema\\\/person\\\/a5b96fbf65e3742d7f09d511490d76f5\",\"name\":\"Meg Johnson\",\"image\":{\"@type\":\"ImageObject\",\"inLanguage\":\"it-IT\",\"@id\":\"https:\\\/\\\/secure.gravatar.com\\\/avatar\\\/82c5d90b38700bd0e2524279ba496116ee44a564e5923a2c3e336042bf69a8af?s=96&d=mm&r=g\",\"url\":\"https:\\\/\\\/secure.gravatar.com\\\/avatar\\\/82c5d90b38700bd0e2524279ba496116ee44a564e5923a2c3e336042bf69a8af?s=96&d=mm&r=g\",\"contentUrl\":\"https:\\\/\\\/secure.gravatar.com\\\/avatar\\\/82c5d90b38700bd0e2524279ba496116ee44a564e5923a2c3e336042bf69a8af?s=96&d=mm&r=g\",\"caption\":\"Meg Johnson\"},\"url\":\"https:\\\/\\\/www.monaco-tribune.com\\\/it\\\/author\\\/meganjohnson\\\/\"}]}<\/script>\n<!-- \/ Yoast SEO Premium plugin. -->","yoast_head_json":{"title":"Saldi estivi a Monaco: i negozi del Principato hanno bisogno di voi!","description":"Nonostante gli sconti notevoli in mostra sulle vetrine dei negozi di pr\u00eat-\u00e0-porter di Monaco, le strade sono perlopi\u00f9 deserte. I capi all'ultima moda non","robots":{"index":"index","follow":"follow","max-snippet":"max-snippet:-1","max-image-preview":"max-image-preview:large","max-video-preview":"max-video-preview:-1"},"canonical":"https:\/\/www.monaco-tribune.com\/it\/2021\/07\/saldi-estivi-a-monaco-i-negozi-del-principato-hanno-bisogno-di-voi\/","og_locale":"it_IT","og_type":"article","og_title":"Saldi estivi a Monaco: i negozi del Principato hanno bisogno di voi! - Monaco Tribune","og_description":"Nonostante gli sconti notevoli in mostra sulle vetrine dei negozi di pr\u00eat-\u00e0-porter di Monaco, le strade sono perlopi\u00f9 deserte. I capi all'ultima moda non","og_url":"https:\/\/www.monaco-tribune.com\/it\/2021\/07\/saldi-estivi-a-monaco-i-negozi-del-principato-hanno-bisogno-di-voi\/","og_site_name":"Monaco Tribune","article_publisher":"https:\/\/www.facebook.com\/MonacoTribune","article_published_time":"2021-07-05T15:20:18+00:00","article_modified_time":"2021-07-05T15:27:02+00:00","og_image":[{"width":1600,"height":900,"url":"https:\/\/www.monaco-tribune.com\/wp-content\/uploads\/2021\/07\/byk-better.jpeg","type":"image\/jpeg"}],"author":"Meg Johnson","twitter_card":"summary_large_image","twitter_creator":"@MonacoTribune","twitter_site":"@MonacoTribune","schema":{"@context":"https:\/\/schema.org","@graph":[{"@type":"NewsArticle","@id":"https:\/\/www.monaco-tribune.com\/it\/2021\/07\/saldi-estivi-a-monaco-i-negozi-del-principato-hanno-bisogno-di-voi\/#article","isPartOf":{"@id":"https:\/\/www.monaco-tribune.com\/it\/2021\/07\/saldi-estivi-a-monaco-i-negozi-del-principato-hanno-bisogno-di-voi\/"},"author":{"name":"Meg Johnson","@id":"https:\/\/www.monaco-tribune.com\/it\/#\/schema\/person\/a5b96fbf65e3742d7f09d511490d76f5"},"headline":"Saldi estivi a Monaco: i negozi del Principato hanno bisogno di voi!","datePublished":"2021-07-05T15:20:18+00:00","dateModified":"2021-07-05T15:27:02+00:00","mainEntityOfPage":{"@id":"https:\/\/www.monaco-tribune.com\/it\/2021\/07\/saldi-estivi-a-monaco-i-negozi-del-principato-hanno-bisogno-di-voi\/"},"wordCount":527,"publisher":{"@id":"https:\/\/www.monaco-tribune.com\/it\/#organization"},"image":{"@id":"https:\/\/www.monaco-tribune.com\/it\/2021\/07\/saldi-estivi-a-monaco-i-negozi-del-principato-hanno-bisogno-di-voi\/#primaryimage"},"thumbnailUrl":"https:\/\/www.monaco-tribune.com\/wp-content\/uploads\/2021\/07\/byk-better.jpeg","keywords":["Commercio locale"],"articleSection":["Business","La nostra scelta","Notizie"],"inLanguage":"it-IT","copyrightYear":"2021","copyrightHolder":{"@id":"https:\/\/www.monaco-tribune.com\/#organization"}},{"@type":"WebPage","@id":"https:\/\/www.monaco-tribune.com\/it\/2021\/07\/saldi-estivi-a-monaco-i-negozi-del-principato-hanno-bisogno-di-voi\/","url":"https:\/\/www.monaco-tribune.com\/it\/2021\/07\/saldi-estivi-a-monaco-i-negozi-del-principato-hanno-bisogno-di-voi\/","name":"Saldi estivi a Monaco: i negozi del Principato hanno bisogno di voi!","isPartOf":{"@id":"https:\/\/www.monaco-tribune.com\/it\/#website"},"primaryImageOfPage":{"@id":"https:\/\/www.monaco-tribune.com\/it\/2021\/07\/saldi-estivi-a-monaco-i-negozi-del-principato-hanno-bisogno-di-voi\/#primaryimage"},"image":{"@id":"https:\/\/www.monaco-tribune.com\/it\/2021\/07\/saldi-estivi-a-monaco-i-negozi-del-principato-hanno-bisogno-di-voi\/#primaryimage"},"thumbnailUrl":"https:\/\/www.monaco-tribune.com\/wp-content\/uploads\/2021\/07\/byk-better.jpeg","datePublished":"2021-07-05T15:20:18+00:00","dateModified":"2021-07-05T15:27:02+00:00","description":"Nonostante gli sconti notevoli in mostra sulle vetrine dei negozi di pr\u00eat-\u00e0-porter di Monaco, le strade sono perlopi\u00f9 deserte. I capi all'ultima moda non","breadcrumb":{"@id":"https:\/\/www.monaco-tribune.com\/it\/2021\/07\/saldi-estivi-a-monaco-i-negozi-del-principato-hanno-bisogno-di-voi\/#breadcrumb"},"inLanguage":"it-IT","potentialAction":[{"@type":"ReadAction","target":["https:\/\/www.monaco-tribune.com\/it\/2021\/07\/saldi-estivi-a-monaco-i-negozi-del-principato-hanno-bisogno-di-voi\/"]}]},{"@type":"ImageObject","inLanguage":"it-IT","@id":"https:\/\/www.monaco-tribune.com\/it\/2021\/07\/saldi-estivi-a-monaco-i-negozi-del-principato-hanno-bisogno-di-voi\/#primaryimage","url":"https:\/\/www.monaco-tribune.com\/wp-content\/uploads\/2021\/07\/byk-better.jpeg","contentUrl":"https:\/\/www.monaco-tribune.com\/wp-content\/uploads\/2021\/07\/byk-better.jpeg","width":1600,"height":900,"caption":"Simon Zwierniak \/ BYK store"},{"@type":"BreadcrumbList","@id":"https:\/\/www.monaco-tribune.com\/it\/2021\/07\/saldi-estivi-a-monaco-i-negozi-del-principato-hanno-bisogno-di-voi\/#breadcrumb","itemListElement":[{"@type":"ListItem","position":1,"name":"Accueil","item":"https:\/\/www.monaco-tribune.com\/it\/"},{"@type":"ListItem","position":2,"name":"Saldi estivi a Monaco: i negozi del Principato hanno bisogno di voi!"}]},{"@type":"WebSite","@id":"https:\/\/www.monaco-tribune.com\/it\/#website","url":"https:\/\/www.monaco-tribune.com\/it\/","name":"Monaco Tribune","description":"Monaco : actualit\u00e9s \u00e9conomiques, politiques, culturelles et sportives de Monaco et de la French Riviera.","publisher":{"@id":"https:\/\/www.monaco-tribune.com\/it\/#organization"},"potentialAction":[{"@type":"SearchAction","target":{"@type":"EntryPoint","urlTemplate":"https:\/\/www.monaco-tribune.com\/it\/?s={search_term_string}"},"query-input":{"@type":"PropertyValueSpecification","valueRequired":true,"valueName":"search_term_string"}}],"inLanguage":"it-IT"},{"@type":"Organization","@id":"https:\/\/www.monaco-tribune.com\/it\/#organization","name":"Monaco Tribune","url":"https:\/\/www.monaco-tribune.com\/it\/","logo":{"@type":"ImageObject","inLanguage":"it-IT","@id":"https:\/\/www.monaco-tribune.com\/it\/#\/schema\/logo\/image\/","url":"https:\/\/www.monaco-tribune.com\/wp-content\/uploads\/2022\/11\/logo-monaco-tribune.png","contentUrl":"https:\/\/www.monaco-tribune.com\/wp-content\/uploads\/2022\/11\/logo-monaco-tribune.png","width":1548,"height":600,"caption":"Monaco Tribune"},"image":{"@id":"https:\/\/www.monaco-tribune.com\/it\/#\/schema\/logo\/image\/"},"sameAs":["https:\/\/www.facebook.com\/MonacoTribune","https:\/\/x.com\/MonacoTribune","https:\/\/www.instagram.com\/monacotribune\/","https:\/\/www.linkedin.com\/company\/monaco-tribune","https:\/\/www.youtube.com\/channel\/UCHle1MnG6hw1y4lWKijVbMA"]},{"@type":"Person","@id":"https:\/\/www.monaco-tribune.com\/it\/#\/schema\/person\/a5b96fbf65e3742d7f09d511490d76f5","name":"Meg Johnson","image":{"@type":"ImageObject","inLanguage":"it-IT","@id":"https:\/\/secure.gravatar.com\/avatar\/82c5d90b38700bd0e2524279ba496116ee44a564e5923a2c3e336042bf69a8af?s=96&d=mm&r=g","url":"https:\/\/secure.gravatar.com\/avatar\/82c5d90b38700bd0e2524279ba496116ee44a564e5923a2c3e336042bf69a8af?s=96&d=mm&r=g","contentUrl":"https:\/\/secure.gravatar.com\/avatar\/82c5d90b38700bd0e2524279ba496116ee44a564e5923a2c3e336042bf69a8af?s=96&d=mm&r=g","caption":"Meg Johnson"},"url":"https:\/\/www.monaco-tribune.com\/it\/author\/meganjohnson\/"}]}},"_links":{"self":[{"href":"https:\/\/www.monaco-tribune.com\/it\/wp-json\/wp\/v2\/posts\/85530","targetHints":{"allow":["GET"]}}],"collection":[{"href":"https:\/\/www.monaco-tribune.com\/it\/wp-json\/wp\/v2\/posts"}],"about":[{"href":"https:\/\/www.monaco-tribune.com\/it\/wp-json\/wp\/v2\/types\/post"}],"author":[{"embeddable":true,"href":"https:\/\/www.monaco-tribune.com\/it\/wp-json\/wp\/v2\/users\/46"}],"replies":[{"embeddable":true,"href":"https:\/\/www.monaco-tribune.com\/it\/wp-json\/wp\/v2\/comments?post=85530"}],"version-history":[{"count":0,"href":"https:\/\/www.monaco-tribune.com\/it\/wp-json\/wp\/v2\/posts\/85530\/revisions"}],"wp:featuredmedia":[{"embeddable":true,"href":"https:\/\/www.monaco-tribune.com\/it\/wp-json\/wp\/v2\/media\/85231"}],"wp:attachment":[{"href":"https:\/\/www.monaco-tribune.com\/it\/wp-json\/wp\/v2\/media?parent=85530"}],"wp:term":[{"taxonomy":"category","embeddable":true,"href":"https:\/\/www.monaco-tribune.com\/it\/wp-json\/wp\/v2\/categories?post=85530"},{"taxonomy":"post_tag","embeddable":true,"href":"https:\/\/www.monaco-tribune.com\/it\/wp-json\/wp\/v2\/tags?post=85530"},{"taxonomy":"sectag","embeddable":true,"href":"https:\/\/www.monaco-tribune.com\/it\/wp-json\/wp\/v2\/post_sectags?post=85530"},{"taxonomy":"format","embeddable":true,"href":"https:\/\/www.monaco-tribune.com\/it\/wp-json\/wp\/v2\/post_format?post=85530"}],"curies":[{"name":"wp","href":"https:\/\/api.w.org\/{rel}","templated":true}]}}