{"id":85781,"date":"2021-07-06T16:40:08","date_gmt":"2021-07-06T14:40:08","guid":{"rendered":"https:\/\/www.monaco-tribune.com\/2021\/07\/il-nuovo-complesso-balneare-del-larvotto-apre-i-battenti\/"},"modified":"2021-07-06T16:42:24","modified_gmt":"2021-07-06T14:42:24","slug":"il-nuovo-complesso-balneare-del-larvotto-apre-i-battenti","status":"publish","type":"post","link":"https:\/\/www.monaco-tribune.com\/it\/2021\/07\/il-nuovo-complesso-balneare-del-larvotto-apre-i-battenti\/","title":{"rendered":"Il nuovo complesso balneare del Larvotto apre i battenti"},"content":{"rendered":"\n<p><strong>Il Principe Sovrano ha inaugurato sabato 3 luglio il nuovo complesso balneare del Larvotto.<\/strong><\/p>\n\n\n\n<p>Dopo 22 mesi d&#8217;attesa, la riapertura del Larvotto si rivela un successo: la popolazione si riversa sul nuovo spazio pubblico, sul lungomare o sui 14 000 m\u00b2 di spiaggia per non fumatori. Anche i dehors nuovi di zecca dei ristoranti si riempiono di clienti.<\/p>\n\n\n\n<p>Il nuovo complesso firmato Renzo Piano, celebre architetto italiano (autore del Centro Pompidou di Parigi e vincitore del Premio Pritzker del 1998), sar\u00e0 definitivamente operativo all&#8217;inizio del 2022. Nel frattempo, \u00e8 gi\u00e0 possibile passeggiare nel nuovo spazio modernizzato del Larvotto.<\/p>\n\n\n\n<h2 class=\"wp-block-heading\" id=\"h-uno-spazio-totalmente-rivisitato\">Uno spazio totalmente rivisitato<\/h2>\n\n\n\n<p>Questo luogo emblematico del Principato \u00e8 stato trasformato con l&#8217;obiettivo di &#8220;recuperare lo spazio pubblico&#8221;, secondo Jean-Luc Payo, direttore della Pianificazione Urbana. Per l&#8217;occasione, la zona \u00e8 stata dotata di una pista ciclabile, di pi\u00f9 di 130 alberi per offrire un po&#8217; d&#8217;ombra e di diversi servizi come l&#8217;asilo, la palestra e la Scuola dell&#8217;Acqua. \u00c8 tornato disponibile anche lo spazio Handiplage, dedicato a disabili e persone con difficolt\u00e0 motorie.<\/p>\n\n\n\n<p>Cattiva notizia, invece, per i fan di beach-volley: il campo non esiste pi\u00f9.<\/p>\n\n\n\n<p><strong>&gt;&gt; LEGGI ANCHE: <\/strong><a href=\"https:\/\/www.monaco-tribune.com\/it\/2021\/05\/las-monaco-volley-ball-unistituzione-che-rischia-di-scomparire\/\">L\u2019AS Monaco Volley-ball, un\u2019istituzione che rischia di scomparire<\/a><\/p>\n","protected":false},"excerpt":{"rendered":"<p>Il Principe Sovrano ha inaugurato sabato 3 luglio il nuovo complesso balneare del Larvotto. Dopo 22 mesi d&#8217;attesa, la riapertura [&hellip;]<\/p>\n","protected":false},"author":54,"featured_media":85482,"comment_status":"closed","ping_status":"closed","sticky":false,"template":"","format":"standard","meta":{"_acf_changed":false,"footnotes":""},"categories":[1740,1738],"tags":[],"post_sectags":[],"post_format":[2478],"class_list":["post-85781","post","type-post","status-publish","format-standard","has-post-thumbnail","hentry","category-cosa-fare","category-notizie","format-notizia"],"acf":[],"yoast_head":"<!-- This site is optimized with the Yoast SEO Premium plugin v26.8 (Yoast SEO v27.4) - https:\/\/yoast.com\/product\/yoast-seo-premium-wordpress\/ -->\n<title>Il nuovo complesso balneare del Larvotto apre i battenti<\/title>\n<meta name=\"description\" content=\"Il Principe Sovrano ha inaugurato sabato 3 luglio il nuovo complesso balneare del Larvotto. Dopo 22 mesi d&#039;attesa, la riapertura del Larvotto si rivela un\" \/>\n<meta name=\"robots\" content=\"index, follow, max-snippet:-1, max-image-preview:large, max-video-preview:-1\" \/>\n<link rel=\"canonical\" href=\"https:\/\/www.monaco-tribune.com\/it\/2021\/07\/il-nuovo-complesso-balneare-del-larvotto-apre-i-battenti\/\" \/>\n<meta property=\"og:locale\" content=\"it_IT\" \/>\n<meta property=\"og:type\" content=\"article\" \/>\n<meta property=\"og:title\" content=\"Il nuovo complesso balneare del Larvotto apre i battenti - Monaco Tribune\" \/>\n<meta property=\"og:description\" content=\"Il Principe Sovrano ha inaugurato sabato 3 luglio il nuovo complesso balneare del Larvotto. Dopo 22 mesi d&#039;attesa, la riapertura del Larvotto si rivela un\" \/>\n<meta property=\"og:url\" content=\"https:\/\/www.monaco-tribune.com\/it\/2021\/07\/il-nuovo-complesso-balneare-del-larvotto-apre-i-battenti\/\" \/>\n<meta property=\"og:site_name\" content=\"Monaco Tribune\" \/>\n<meta property=\"article:publisher\" content=\"https:\/\/www.facebook.com\/MonacoTribune\" \/>\n<meta property=\"article:published_time\" content=\"2021-07-06T14:40:08+00:00\" \/>\n<meta property=\"article:modified_time\" content=\"2021-07-06T14:42:24+00:00\" \/>\n<meta property=\"og:image\" content=\"https:\/\/www.monaco-tribune.com\/wp-content\/uploads\/2021\/07\/larvotto-ouverture-plage-complexe-balneaire.jpg\" \/>\n\t<meta property=\"og:image:width\" content=\"960\" \/>\n\t<meta property=\"og:image:height\" content=\"640\" \/>\n\t<meta property=\"og:image:type\" content=\"image\/jpeg\" \/>\n<meta name=\"author\" content=\"Simon Zwierniak\" \/>\n<meta name=\"twitter:card\" content=\"summary_large_image\" \/>\n<meta name=\"twitter:creator\" content=\"@MonacoTribune\" \/>\n<meta name=\"twitter:site\" content=\"@MonacoTribune\" \/>\n<script type=\"application\/ld+json\" class=\"yoast-schema-graph\">{\"@context\":\"https:\\\/\\\/schema.org\",\"@graph\":[{\"@type\":\"NewsArticle\",\"@id\":\"https:\\\/\\\/www.monaco-tribune.com\\\/it\\\/2021\\\/07\\\/il-nuovo-complesso-balneare-del-larvotto-apre-i-battenti\\\/#article\",\"isPartOf\":{\"@id\":\"https:\\\/\\\/www.monaco-tribune.com\\\/it\\\/2021\\\/07\\\/il-nuovo-complesso-balneare-del-larvotto-apre-i-battenti\\\/\"},\"author\":{\"name\":\"Simon Zwierniak\",\"@id\":\"https:\\\/\\\/www.monaco-tribune.com\\\/it\\\/#\\\/schema\\\/person\\\/8999750e061d77476d5caf542c77c841\"},\"headline\":\"Il nuovo complesso balneare del Larvotto apre i battenti\",\"datePublished\":\"2021-07-06T14:40:08+00:00\",\"dateModified\":\"2021-07-06T14:42:24+00:00\",\"mainEntityOfPage\":{\"@id\":\"https:\\\/\\\/www.monaco-tribune.com\\\/it\\\/2021\\\/07\\\/il-nuovo-complesso-balneare-del-larvotto-apre-i-battenti\\\/\"},\"wordCount\":204,\"publisher\":{\"@id\":\"https:\\\/\\\/www.monaco-tribune.com\\\/it\\\/#organization\"},\"image\":{\"@id\":\"https:\\\/\\\/www.monaco-tribune.com\\\/it\\\/2021\\\/07\\\/il-nuovo-complesso-balneare-del-larvotto-apre-i-battenti\\\/#primaryimage\"},\"thumbnailUrl\":\"https:\\\/\\\/www.monaco-tribune.com\\\/wp-content\\\/uploads\\\/2021\\\/07\\\/larvotto-ouverture-plage-complexe-balneaire-e1690535536381.jpg\",\"articleSection\":[\"Cosa fare\",\"Notizie\"],\"inLanguage\":\"it-IT\",\"copyrightYear\":\"2021\",\"copyrightHolder\":{\"@id\":\"https:\\\/\\\/www.monaco-tribune.com\\\/#organization\"}},{\"@type\":\"WebPage\",\"@id\":\"https:\\\/\\\/www.monaco-tribune.com\\\/it\\\/2021\\\/07\\\/il-nuovo-complesso-balneare-del-larvotto-apre-i-battenti\\\/\",\"url\":\"https:\\\/\\\/www.monaco-tribune.com\\\/it\\\/2021\\\/07\\\/il-nuovo-complesso-balneare-del-larvotto-apre-i-battenti\\\/\",\"name\":\"Il nuovo complesso balneare del Larvotto apre i battenti\",\"isPartOf\":{\"@id\":\"https:\\\/\\\/www.monaco-tribune.com\\\/it\\\/#website\"},\"primaryImageOfPage\":{\"@id\":\"https:\\\/\\\/www.monaco-tribune.com\\\/it\\\/2021\\\/07\\\/il-nuovo-complesso-balneare-del-larvotto-apre-i-battenti\\\/#primaryimage\"},\"image\":{\"@id\":\"https:\\\/\\\/www.monaco-tribune.com\\\/it\\\/2021\\\/07\\\/il-nuovo-complesso-balneare-del-larvotto-apre-i-battenti\\\/#primaryimage\"},\"thumbnailUrl\":\"https:\\\/\\\/www.monaco-tribune.com\\\/wp-content\\\/uploads\\\/2021\\\/07\\\/larvotto-ouverture-plage-complexe-balneaire-e1690535536381.jpg\",\"datePublished\":\"2021-07-06T14:40:08+00:00\",\"dateModified\":\"2021-07-06T14:42:24+00:00\",\"description\":\"Il Principe Sovrano ha inaugurato sabato 3 luglio il nuovo complesso balneare del Larvotto. Dopo 22 mesi d'attesa, la riapertura del Larvotto si rivela un\",\"breadcrumb\":{\"@id\":\"https:\\\/\\\/www.monaco-tribune.com\\\/it\\\/2021\\\/07\\\/il-nuovo-complesso-balneare-del-larvotto-apre-i-battenti\\\/#breadcrumb\"},\"inLanguage\":\"it-IT\",\"potentialAction\":[{\"@type\":\"ReadAction\",\"target\":[\"https:\\\/\\\/www.monaco-tribune.com\\\/it\\\/2021\\\/07\\\/il-nuovo-complesso-balneare-del-larvotto-apre-i-battenti\\\/\"]}]},{\"@type\":\"ImageObject\",\"inLanguage\":\"it-IT\",\"@id\":\"https:\\\/\\\/www.monaco-tribune.com\\\/it\\\/2021\\\/07\\\/il-nuovo-complesso-balneare-del-larvotto-apre-i-battenti\\\/#primaryimage\",\"url\":\"https:\\\/\\\/www.monaco-tribune.com\\\/wp-content\\\/uploads\\\/2021\\\/07\\\/larvotto-ouverture-plage-complexe-balneaire-e1690535536381.jpg\",\"contentUrl\":\"https:\\\/\\\/www.monaco-tribune.com\\\/wp-content\\\/uploads\\\/2021\\\/07\\\/larvotto-ouverture-plage-complexe-balneaire-e1690535536381.jpg\",\"width\":960,\"height\":640,\"caption\":\"Alcuni si godono la spiaggia del Larvotto la mattina presto. \u00a9 Governo del Principe\"},{\"@type\":\"BreadcrumbList\",\"@id\":\"https:\\\/\\\/www.monaco-tribune.com\\\/it\\\/2021\\\/07\\\/il-nuovo-complesso-balneare-del-larvotto-apre-i-battenti\\\/#breadcrumb\",\"itemListElement\":[{\"@type\":\"ListItem\",\"position\":1,\"name\":\"Accueil\",\"item\":\"https:\\\/\\\/www.monaco-tribune.com\\\/it\\\/\"},{\"@type\":\"ListItem\",\"position\":2,\"name\":\"Il nuovo complesso balneare del Larvotto apre i battenti\"}]},{\"@type\":\"WebSite\",\"@id\":\"https:\\\/\\\/www.monaco-tribune.com\\\/it\\\/#website\",\"url\":\"https:\\\/\\\/www.monaco-tribune.com\\\/it\\\/\",\"name\":\"Monaco Tribune\",\"description\":\"Monaco : actualit\u00e9s \u00e9conomiques, politiques, culturelles et sportives de Monaco et de la French Riviera.\",\"publisher\":{\"@id\":\"https:\\\/\\\/www.monaco-tribune.com\\\/it\\\/#organization\"},\"potentialAction\":[{\"@type\":\"SearchAction\",\"target\":{\"@type\":\"EntryPoint\",\"urlTemplate\":\"https:\\\/\\\/www.monaco-tribune.com\\\/it\\\/?s={search_term_string}\"},\"query-input\":{\"@type\":\"PropertyValueSpecification\",\"valueRequired\":true,\"valueName\":\"search_term_string\"}}],\"inLanguage\":\"it-IT\"},{\"@type\":\"Organization\",\"@id\":\"https:\\\/\\\/www.monaco-tribune.com\\\/it\\\/#organization\",\"name\":\"Monaco Tribune\",\"url\":\"https:\\\/\\\/www.monaco-tribune.com\\\/it\\\/\",\"logo\":{\"@type\":\"ImageObject\",\"inLanguage\":\"it-IT\",\"@id\":\"https:\\\/\\\/www.monaco-tribune.com\\\/it\\\/#\\\/schema\\\/logo\\\/image\\\/\",\"url\":\"https:\\\/\\\/www.monaco-tribune.com\\\/wp-content\\\/uploads\\\/2022\\\/11\\\/logo-monaco-tribune.png\",\"contentUrl\":\"https:\\\/\\\/www.monaco-tribune.com\\\/wp-content\\\/uploads\\\/2022\\\/11\\\/logo-monaco-tribune.png\",\"width\":1548,\"height\":600,\"caption\":\"Monaco Tribune\"},\"image\":{\"@id\":\"https:\\\/\\\/www.monaco-tribune.com\\\/it\\\/#\\\/schema\\\/logo\\\/image\\\/\"},\"sameAs\":[\"https:\\\/\\\/www.facebook.com\\\/MonacoTribune\",\"https:\\\/\\\/x.com\\\/MonacoTribune\",\"https:\\\/\\\/www.instagram.com\\\/monacotribune\\\/\",\"https:\\\/\\\/www.linkedin.com\\\/company\\\/monaco-tribune\",\"https:\\\/\\\/www.youtube.com\\\/channel\\\/UCHle1MnG6hw1y4lWKijVbMA\"]},{\"@type\":\"Person\",\"@id\":\"https:\\\/\\\/www.monaco-tribune.com\\\/it\\\/#\\\/schema\\\/person\\\/8999750e061d77476d5caf542c77c841\",\"name\":\"Simon Zwierniak\",\"image\":{\"@type\":\"ImageObject\",\"inLanguage\":\"it-IT\",\"@id\":\"https:\\\/\\\/secure.gravatar.com\\\/avatar\\\/4996370fc4436ccbc5a09f3a9d6393bb07b46b707a1982d1874380fb0c5458de?s=96&d=mm&r=g\",\"url\":\"https:\\\/\\\/secure.gravatar.com\\\/avatar\\\/4996370fc4436ccbc5a09f3a9d6393bb07b46b707a1982d1874380fb0c5458de?s=96&d=mm&r=g\",\"contentUrl\":\"https:\\\/\\\/secure.gravatar.com\\\/avatar\\\/4996370fc4436ccbc5a09f3a9d6393bb07b46b707a1982d1874380fb0c5458de?s=96&d=mm&r=g\",\"caption\":\"Simon Zwierniak\"},\"url\":\"https:\\\/\\\/www.monaco-tribune.com\\\/it\\\/author\\\/simonzwierniak\\\/\"}]}<\/script>\n<!-- \/ Yoast SEO Premium plugin. -->","yoast_head_json":{"title":"Il nuovo complesso balneare del Larvotto apre i battenti","description":"Il Principe Sovrano ha inaugurato sabato 3 luglio il nuovo complesso balneare del Larvotto. Dopo 22 mesi d'attesa, la riapertura del Larvotto si rivela un","robots":{"index":"index","follow":"follow","max-snippet":"max-snippet:-1","max-image-preview":"max-image-preview:large","max-video-preview":"max-video-preview:-1"},"canonical":"https:\/\/www.monaco-tribune.com\/it\/2021\/07\/il-nuovo-complesso-balneare-del-larvotto-apre-i-battenti\/","og_locale":"it_IT","og_type":"article","og_title":"Il nuovo complesso balneare del Larvotto apre i battenti - Monaco Tribune","og_description":"Il Principe Sovrano ha inaugurato sabato 3 luglio il nuovo complesso balneare del Larvotto. Dopo 22 mesi d'attesa, la riapertura del Larvotto si rivela un","og_url":"https:\/\/www.monaco-tribune.com\/it\/2021\/07\/il-nuovo-complesso-balneare-del-larvotto-apre-i-battenti\/","og_site_name":"Monaco Tribune","article_publisher":"https:\/\/www.facebook.com\/MonacoTribune","article_published_time":"2021-07-06T14:40:08+00:00","article_modified_time":"2021-07-06T14:42:24+00:00","og_image":[{"width":960,"height":640,"url":"https:\/\/www.monaco-tribune.com\/wp-content\/uploads\/2021\/07\/larvotto-ouverture-plage-complexe-balneaire.jpg","type":"image\/jpeg"}],"author":"Simon Zwierniak","twitter_card":"summary_large_image","twitter_creator":"@MonacoTribune","twitter_site":"@MonacoTribune","schema":{"@context":"https:\/\/schema.org","@graph":[{"@type":"NewsArticle","@id":"https:\/\/www.monaco-tribune.com\/it\/2021\/07\/il-nuovo-complesso-balneare-del-larvotto-apre-i-battenti\/#article","isPartOf":{"@id":"https:\/\/www.monaco-tribune.com\/it\/2021\/07\/il-nuovo-complesso-balneare-del-larvotto-apre-i-battenti\/"},"author":{"name":"Simon Zwierniak","@id":"https:\/\/www.monaco-tribune.com\/it\/#\/schema\/person\/8999750e061d77476d5caf542c77c841"},"headline":"Il nuovo complesso balneare del Larvotto apre i battenti","datePublished":"2021-07-06T14:40:08+00:00","dateModified":"2021-07-06T14:42:24+00:00","mainEntityOfPage":{"@id":"https:\/\/www.monaco-tribune.com\/it\/2021\/07\/il-nuovo-complesso-balneare-del-larvotto-apre-i-battenti\/"},"wordCount":204,"publisher":{"@id":"https:\/\/www.monaco-tribune.com\/it\/#organization"},"image":{"@id":"https:\/\/www.monaco-tribune.com\/it\/2021\/07\/il-nuovo-complesso-balneare-del-larvotto-apre-i-battenti\/#primaryimage"},"thumbnailUrl":"https:\/\/www.monaco-tribune.com\/wp-content\/uploads\/2021\/07\/larvotto-ouverture-plage-complexe-balneaire-e1690535536381.jpg","articleSection":["Cosa fare","Notizie"],"inLanguage":"it-IT","copyrightYear":"2021","copyrightHolder":{"@id":"https:\/\/www.monaco-tribune.com\/#organization"}},{"@type":"WebPage","@id":"https:\/\/www.monaco-tribune.com\/it\/2021\/07\/il-nuovo-complesso-balneare-del-larvotto-apre-i-battenti\/","url":"https:\/\/www.monaco-tribune.com\/it\/2021\/07\/il-nuovo-complesso-balneare-del-larvotto-apre-i-battenti\/","name":"Il nuovo complesso balneare del Larvotto apre i battenti","isPartOf":{"@id":"https:\/\/www.monaco-tribune.com\/it\/#website"},"primaryImageOfPage":{"@id":"https:\/\/www.monaco-tribune.com\/it\/2021\/07\/il-nuovo-complesso-balneare-del-larvotto-apre-i-battenti\/#primaryimage"},"image":{"@id":"https:\/\/www.monaco-tribune.com\/it\/2021\/07\/il-nuovo-complesso-balneare-del-larvotto-apre-i-battenti\/#primaryimage"},"thumbnailUrl":"https:\/\/www.monaco-tribune.com\/wp-content\/uploads\/2021\/07\/larvotto-ouverture-plage-complexe-balneaire-e1690535536381.jpg","datePublished":"2021-07-06T14:40:08+00:00","dateModified":"2021-07-06T14:42:24+00:00","description":"Il Principe Sovrano ha inaugurato sabato 3 luglio il nuovo complesso balneare del Larvotto. Dopo 22 mesi d'attesa, la riapertura del Larvotto si rivela un","breadcrumb":{"@id":"https:\/\/www.monaco-tribune.com\/it\/2021\/07\/il-nuovo-complesso-balneare-del-larvotto-apre-i-battenti\/#breadcrumb"},"inLanguage":"it-IT","potentialAction":[{"@type":"ReadAction","target":["https:\/\/www.monaco-tribune.com\/it\/2021\/07\/il-nuovo-complesso-balneare-del-larvotto-apre-i-battenti\/"]}]},{"@type":"ImageObject","inLanguage":"it-IT","@id":"https:\/\/www.monaco-tribune.com\/it\/2021\/07\/il-nuovo-complesso-balneare-del-larvotto-apre-i-battenti\/#primaryimage","url":"https:\/\/www.monaco-tribune.com\/wp-content\/uploads\/2021\/07\/larvotto-ouverture-plage-complexe-balneaire-e1690535536381.jpg","contentUrl":"https:\/\/www.monaco-tribune.com\/wp-content\/uploads\/2021\/07\/larvotto-ouverture-plage-complexe-balneaire-e1690535536381.jpg","width":960,"height":640,"caption":"Alcuni si godono la spiaggia del Larvotto la mattina presto. \u00a9 Governo del Principe"},{"@type":"BreadcrumbList","@id":"https:\/\/www.monaco-tribune.com\/it\/2021\/07\/il-nuovo-complesso-balneare-del-larvotto-apre-i-battenti\/#breadcrumb","itemListElement":[{"@type":"ListItem","position":1,"name":"Accueil","item":"https:\/\/www.monaco-tribune.com\/it\/"},{"@type":"ListItem","position":2,"name":"Il nuovo complesso balneare del Larvotto apre i battenti"}]},{"@type":"WebSite","@id":"https:\/\/www.monaco-tribune.com\/it\/#website","url":"https:\/\/www.monaco-tribune.com\/it\/","name":"Monaco Tribune","description":"Monaco : actualit\u00e9s \u00e9conomiques, politiques, culturelles et sportives de Monaco et de la French Riviera.","publisher":{"@id":"https:\/\/www.monaco-tribune.com\/it\/#organization"},"potentialAction":[{"@type":"SearchAction","target":{"@type":"EntryPoint","urlTemplate":"https:\/\/www.monaco-tribune.com\/it\/?s={search_term_string}"},"query-input":{"@type":"PropertyValueSpecification","valueRequired":true,"valueName":"search_term_string"}}],"inLanguage":"it-IT"},{"@type":"Organization","@id":"https:\/\/www.monaco-tribune.com\/it\/#organization","name":"Monaco Tribune","url":"https:\/\/www.monaco-tribune.com\/it\/","logo":{"@type":"ImageObject","inLanguage":"it-IT","@id":"https:\/\/www.monaco-tribune.com\/it\/#\/schema\/logo\/image\/","url":"https:\/\/www.monaco-tribune.com\/wp-content\/uploads\/2022\/11\/logo-monaco-tribune.png","contentUrl":"https:\/\/www.monaco-tribune.com\/wp-content\/uploads\/2022\/11\/logo-monaco-tribune.png","width":1548,"height":600,"caption":"Monaco Tribune"},"image":{"@id":"https:\/\/www.monaco-tribune.com\/it\/#\/schema\/logo\/image\/"},"sameAs":["https:\/\/www.facebook.com\/MonacoTribune","https:\/\/x.com\/MonacoTribune","https:\/\/www.instagram.com\/monacotribune\/","https:\/\/www.linkedin.com\/company\/monaco-tribune","https:\/\/www.youtube.com\/channel\/UCHle1MnG6hw1y4lWKijVbMA"]},{"@type":"Person","@id":"https:\/\/www.monaco-tribune.com\/it\/#\/schema\/person\/8999750e061d77476d5caf542c77c841","name":"Simon Zwierniak","image":{"@type":"ImageObject","inLanguage":"it-IT","@id":"https:\/\/secure.gravatar.com\/avatar\/4996370fc4436ccbc5a09f3a9d6393bb07b46b707a1982d1874380fb0c5458de?s=96&d=mm&r=g","url":"https:\/\/secure.gravatar.com\/avatar\/4996370fc4436ccbc5a09f3a9d6393bb07b46b707a1982d1874380fb0c5458de?s=96&d=mm&r=g","contentUrl":"https:\/\/secure.gravatar.com\/avatar\/4996370fc4436ccbc5a09f3a9d6393bb07b46b707a1982d1874380fb0c5458de?s=96&d=mm&r=g","caption":"Simon Zwierniak"},"url":"https:\/\/www.monaco-tribune.com\/it\/author\/simonzwierniak\/"}]}},"_links":{"self":[{"href":"https:\/\/www.monaco-tribune.com\/it\/wp-json\/wp\/v2\/posts\/85781","targetHints":{"allow":["GET"]}}],"collection":[{"href":"https:\/\/www.monaco-tribune.com\/it\/wp-json\/wp\/v2\/posts"}],"about":[{"href":"https:\/\/www.monaco-tribune.com\/it\/wp-json\/wp\/v2\/types\/post"}],"author":[{"embeddable":true,"href":"https:\/\/www.monaco-tribune.com\/it\/wp-json\/wp\/v2\/users\/54"}],"replies":[{"embeddable":true,"href":"https:\/\/www.monaco-tribune.com\/it\/wp-json\/wp\/v2\/comments?post=85781"}],"version-history":[{"count":0,"href":"https:\/\/www.monaco-tribune.com\/it\/wp-json\/wp\/v2\/posts\/85781\/revisions"}],"wp:featuredmedia":[{"embeddable":true,"href":"https:\/\/www.monaco-tribune.com\/it\/wp-json\/wp\/v2\/media\/85482"}],"wp:attachment":[{"href":"https:\/\/www.monaco-tribune.com\/it\/wp-json\/wp\/v2\/media?parent=85781"}],"wp:term":[{"taxonomy":"category","embeddable":true,"href":"https:\/\/www.monaco-tribune.com\/it\/wp-json\/wp\/v2\/categories?post=85781"},{"taxonomy":"post_tag","embeddable":true,"href":"https:\/\/www.monaco-tribune.com\/it\/wp-json\/wp\/v2\/tags?post=85781"},{"taxonomy":"sectag","embeddable":true,"href":"https:\/\/www.monaco-tribune.com\/it\/wp-json\/wp\/v2\/post_sectags?post=85781"},{"taxonomy":"format","embeddable":true,"href":"https:\/\/www.monaco-tribune.com\/it\/wp-json\/wp\/v2\/post_format?post=85781"}],"curies":[{"name":"wp","href":"https:\/\/api.w.org\/{rel}","templated":true}]}}