{"id":86624,"date":"2021-07-12T18:03:20","date_gmt":"2021-07-12T16:03:20","guid":{"rendered":"https:\/\/www.monaco-tribune.com\/2021\/07\/la-principessa-charlene-rompe-il-silenzio-sulla-sua-assenza-da-monaco\/"},"modified":"2021-08-05T13:23:18","modified_gmt":"2021-08-05T11:23:18","slug":"la-principessa-charlene-rompe-il-silenzio-sulla-sua-assenza-da-monaco","status":"publish","type":"post","link":"https:\/\/www.monaco-tribune.com\/it\/2021\/07\/la-principessa-charlene-rompe-il-silenzio-sulla-sua-assenza-da-monaco\/","title":{"rendered":"La Principessa Charl\u00e8ne rompe il silenzio sulla sua assenza da Monaco"},"content":{"rendered":"\n<p><strong>Prima il <a href=\"https:\/\/www.monaco-tribune.com\/it\/2021\/05\/principessa-charlene-assente-al-78-gran-premio-di-monaco-a-causa-di-uninfezione\/\">Gran Premio di Monaco<\/a> e poi il suo <a href=\"https:\/\/www.monaco-tribune.com\/it\/2021\/06\/la-principessa-charlene-non-festeggera-i-10-anni-di-matrimonio-con-il-principe-alberto\/\">anniversario di matrimonio<\/a>. Dopo aver contratto un&#8217;infezione ad orecchio, naso e gola durante <a href=\"https:\/\/www.monaco-tribune.com\/it\/2021\/05\/foto-la-principessa-charlene-impegnata-contro-il-bracconaggio\/\">l&#8217;operazione\u00a0contro il bracconaggio in Sud Africa<\/a>, la Principessa Charl\u00e8ne non \u00e8 potuta tornare al Principato per assistere a diversi eventi. Marted\u00ec 6 luglio, ha finalmente raccontato di questi ultimi due mesi.<\/strong><\/p>\n\n<p>\u201c\u00c8 stato un periodo impegnativo\u201d, ha rivelato la Principessa durante un&#8217;intervista concessa al canale sud-africano <a href=\"https:\/\/www.news24.com\/channel\/gossip\/royal-news\/princess-charlene-tells-us-as-she-recovers-in-sa-its-been-a-trying-time-for-me-20210706-2\">Channel24<\/a> la settimana scorsa. \u201cIl momento pi\u00f9 difficile per me \u00e8 stato quando il team medico mi ha informata che non sarei potuta rientrare per il mio 10\u00b0 anniversario di matrimonio\u201d.<\/p>\n\n<p>Insieme da 20 anni, di cui 10 di matrimonio, la coppia principesca avrebbe dovuto dedicare la giornata del 1\u00b0 luglio ai festeggiamenti della propria unione. Mentre la Principessa Charl\u00e8ne resta in Sud Africa per continuare a riprendersi dalle \u201cmolteplici e complicate operazioni\u201d, come spiega la sua Fondazione, il Sovrano e la sua sposa hanno preferito condividere una <a href=\"https:\/\/www.facebook.com\/palaismonaco\/\">mini-serie in dieci episodi<\/a> che ripercorre la loro cerimonia nuziale e la loro vita familiare.<\/p>\n\n<h2 class=\"wp-block-heading\" id=\"h-a-strong-bond-surviving-the-distance\">Un legame forte che sopravvive alla distanza<\/h2>\n\n<p>\u201cAlbert \u00e8 la mia roccia e la mia forza\u201d. Ora che si trovano in continenti diversi, l&#8217;ex nuotatrice olimpica dichiara che \u201csenza il suo amore e il suo sostegno, non sarebbe stata in grado di attraversare questo periodo doloroso\u201d. Sperando di potersi riunire a breve alla famiglia, la madre del Principe Jacques e della Principessa Gabriella fa fatica a sopportare la distanza. \u201cMi mancano tantissimo mio marito e i miei figli\u201d.<\/p>\n","protected":false},"excerpt":{"rendered":"<p>Prima il Gran Premio di Monaco e poi il suo anniversario di matrimonio. Dopo aver contratto un&#8217;infezione ad orecchio, naso [&hellip;]<\/p>\n","protected":false},"author":46,"featured_media":46842,"comment_status":"closed","ping_status":"closed","sticky":false,"template":"","format":"standard","meta":{"_acf_changed":false,"footnotes":""},"categories":[1742,1738],"tags":[],"post_sectags":[],"post_format":[],"class_list":["post-86624","post","type-post","status-publish","format-standard","has-post-thumbnail","hentry","category-famiglia-principesca","category-notizie"],"acf":[],"yoast_head":"<!-- This site is optimized with the Yoast SEO Premium plugin v26.8 (Yoast SEO v27.5) - https:\/\/yoast.com\/product\/yoast-seo-premium-wordpress\/ -->\n<title>La Principessa Charl\u00e8ne rompe il silenzio sulla sua assenza da Monaco<\/title>\n<meta name=\"description\" content=\"Prima il Gran Premio di Monaco e poi il suo anniversario di matrimonio. Dopo aver contratto un&#039;infezione ad orecchio, naso e gola durante\" \/>\n<meta name=\"robots\" content=\"index, follow, max-snippet:-1, max-image-preview:large, max-video-preview:-1\" \/>\n<link rel=\"canonical\" href=\"https:\/\/www.monaco-tribune.com\/it\/2021\/07\/la-principessa-charlene-rompe-il-silenzio-sulla-sua-assenza-da-monaco\/\" \/>\n<meta property=\"og:locale\" content=\"it_IT\" \/>\n<meta property=\"og:type\" content=\"article\" \/>\n<meta property=\"og:title\" content=\"La Principessa Charl\u00e8ne rompe il silenzio sulla sua assenza da Monaco - Monaco Tribune\" \/>\n<meta property=\"og:description\" content=\"Prima il Gran Premio di Monaco e poi il suo anniversario di matrimonio. Dopo aver contratto un&#039;infezione ad orecchio, naso e gola durante\" \/>\n<meta property=\"og:url\" content=\"https:\/\/www.monaco-tribune.com\/it\/2021\/07\/la-principessa-charlene-rompe-il-silenzio-sulla-sua-assenza-da-monaco\/\" \/>\n<meta property=\"og:site_name\" content=\"Monaco Tribune\" \/>\n<meta property=\"article:publisher\" content=\"https:\/\/www.facebook.com\/MonacoTribune\" \/>\n<meta property=\"article:published_time\" content=\"2021-07-12T16:03:20+00:00\" \/>\n<meta property=\"article:modified_time\" content=\"2021-08-05T11:23:18+00:00\" \/>\n<meta property=\"og:image\" content=\"https:\/\/www.monaco-tribune.com\/wp-content\/uploads\/2020\/11\/princess-charlene-min.jpg\" \/>\n\t<meta property=\"og:image:width\" content=\"1200\" \/>\n\t<meta property=\"og:image:height\" content=\"799\" \/>\n\t<meta property=\"og:image:type\" content=\"image\/jpeg\" \/>\n<meta name=\"author\" content=\"Meg Johnson\" \/>\n<meta name=\"twitter:card\" content=\"summary_large_image\" \/>\n<meta name=\"twitter:creator\" content=\"@MonacoTribune\" \/>\n<meta name=\"twitter:site\" content=\"@MonacoTribune\" \/>\n<script type=\"application\/ld+json\" class=\"yoast-schema-graph\">{\"@context\":\"https:\\\/\\\/schema.org\",\"@graph\":[{\"@type\":\"NewsArticle\",\"@id\":\"https:\\\/\\\/www.monaco-tribune.com\\\/it\\\/2021\\\/07\\\/la-principessa-charlene-rompe-il-silenzio-sulla-sua-assenza-da-monaco\\\/#article\",\"isPartOf\":{\"@id\":\"https:\\\/\\\/www.monaco-tribune.com\\\/it\\\/2021\\\/07\\\/la-principessa-charlene-rompe-il-silenzio-sulla-sua-assenza-da-monaco\\\/\"},\"author\":{\"name\":\"Meg Johnson\",\"@id\":\"https:\\\/\\\/www.monaco-tribune.com\\\/it\\\/#\\\/schema\\\/person\\\/a5b96fbf65e3742d7f09d511490d76f5\"},\"headline\":\"La Principessa Charl\u00e8ne rompe il silenzio sulla sua assenza da Monaco\",\"datePublished\":\"2021-07-12T16:03:20+00:00\",\"dateModified\":\"2021-08-05T11:23:18+00:00\",\"mainEntityOfPage\":{\"@id\":\"https:\\\/\\\/www.monaco-tribune.com\\\/it\\\/2021\\\/07\\\/la-principessa-charlene-rompe-il-silenzio-sulla-sua-assenza-da-monaco\\\/\"},\"wordCount\":260,\"publisher\":{\"@id\":\"https:\\\/\\\/www.monaco-tribune.com\\\/it\\\/#organization\"},\"image\":{\"@id\":\"https:\\\/\\\/www.monaco-tribune.com\\\/it\\\/2021\\\/07\\\/la-principessa-charlene-rompe-il-silenzio-sulla-sua-assenza-da-monaco\\\/#primaryimage\"},\"thumbnailUrl\":\"https:\\\/\\\/www.monaco-tribune.com\\\/wp-content\\\/uploads\\\/2020\\\/11\\\/princess-charlene-min.jpg\",\"articleSection\":[\"Famiglia Principesca\",\"Notizie\"],\"inLanguage\":\"it-IT\",\"copyrightYear\":\"2021\",\"copyrightHolder\":{\"@id\":\"https:\\\/\\\/www.monaco-tribune.com\\\/#organization\"}},{\"@type\":\"WebPage\",\"@id\":\"https:\\\/\\\/www.monaco-tribune.com\\\/it\\\/2021\\\/07\\\/la-principessa-charlene-rompe-il-silenzio-sulla-sua-assenza-da-monaco\\\/\",\"url\":\"https:\\\/\\\/www.monaco-tribune.com\\\/it\\\/2021\\\/07\\\/la-principessa-charlene-rompe-il-silenzio-sulla-sua-assenza-da-monaco\\\/\",\"name\":\"La Principessa Charl\u00e8ne rompe il silenzio sulla sua assenza da Monaco\",\"isPartOf\":{\"@id\":\"https:\\\/\\\/www.monaco-tribune.com\\\/it\\\/#website\"},\"primaryImageOfPage\":{\"@id\":\"https:\\\/\\\/www.monaco-tribune.com\\\/it\\\/2021\\\/07\\\/la-principessa-charlene-rompe-il-silenzio-sulla-sua-assenza-da-monaco\\\/#primaryimage\"},\"image\":{\"@id\":\"https:\\\/\\\/www.monaco-tribune.com\\\/it\\\/2021\\\/07\\\/la-principessa-charlene-rompe-il-silenzio-sulla-sua-assenza-da-monaco\\\/#primaryimage\"},\"thumbnailUrl\":\"https:\\\/\\\/www.monaco-tribune.com\\\/wp-content\\\/uploads\\\/2020\\\/11\\\/princess-charlene-min.jpg\",\"datePublished\":\"2021-07-12T16:03:20+00:00\",\"dateModified\":\"2021-08-05T11:23:18+00:00\",\"description\":\"Prima il Gran Premio di Monaco e poi il suo anniversario di matrimonio. Dopo aver contratto un'infezione ad orecchio, naso e gola durante\",\"breadcrumb\":{\"@id\":\"https:\\\/\\\/www.monaco-tribune.com\\\/it\\\/2021\\\/07\\\/la-principessa-charlene-rompe-il-silenzio-sulla-sua-assenza-da-monaco\\\/#breadcrumb\"},\"inLanguage\":\"it-IT\",\"potentialAction\":[{\"@type\":\"ReadAction\",\"target\":[\"https:\\\/\\\/www.monaco-tribune.com\\\/it\\\/2021\\\/07\\\/la-principessa-charlene-rompe-il-silenzio-sulla-sua-assenza-da-monaco\\\/\"]}]},{\"@type\":\"ImageObject\",\"inLanguage\":\"it-IT\",\"@id\":\"https:\\\/\\\/www.monaco-tribune.com\\\/it\\\/2021\\\/07\\\/la-principessa-charlene-rompe-il-silenzio-sulla-sua-assenza-da-monaco\\\/#primaryimage\",\"url\":\"https:\\\/\\\/www.monaco-tribune.com\\\/wp-content\\\/uploads\\\/2020\\\/11\\\/princess-charlene-min.jpg\",\"contentUrl\":\"https:\\\/\\\/www.monaco-tribune.com\\\/wp-content\\\/uploads\\\/2020\\\/11\\\/princess-charlene-min.jpg\",\"width\":1200,\"height\":799,\"caption\":\"Palazzo del Principe di Monaco\"},{\"@type\":\"BreadcrumbList\",\"@id\":\"https:\\\/\\\/www.monaco-tribune.com\\\/it\\\/2021\\\/07\\\/la-principessa-charlene-rompe-il-silenzio-sulla-sua-assenza-da-monaco\\\/#breadcrumb\",\"itemListElement\":[{\"@type\":\"ListItem\",\"position\":1,\"name\":\"Accueil\",\"item\":\"https:\\\/\\\/www.monaco-tribune.com\\\/it\\\/\"},{\"@type\":\"ListItem\",\"position\":2,\"name\":\"La Principessa Charl\u00e8ne rompe il silenzio sulla sua assenza da Monaco\"}]},{\"@type\":\"WebSite\",\"@id\":\"https:\\\/\\\/www.monaco-tribune.com\\\/it\\\/#website\",\"url\":\"https:\\\/\\\/www.monaco-tribune.com\\\/it\\\/\",\"name\":\"Monaco Tribune\",\"description\":\"Monaco : actualit\u00e9s \u00e9conomiques, politiques, culturelles et sportives de Monaco et de la French Riviera.\",\"publisher\":{\"@id\":\"https:\\\/\\\/www.monaco-tribune.com\\\/it\\\/#organization\"},\"potentialAction\":[{\"@type\":\"SearchAction\",\"target\":{\"@type\":\"EntryPoint\",\"urlTemplate\":\"https:\\\/\\\/www.monaco-tribune.com\\\/it\\\/?s={search_term_string}\"},\"query-input\":{\"@type\":\"PropertyValueSpecification\",\"valueRequired\":true,\"valueName\":\"search_term_string\"}}],\"inLanguage\":\"it-IT\"},{\"@type\":\"Organization\",\"@id\":\"https:\\\/\\\/www.monaco-tribune.com\\\/it\\\/#organization\",\"name\":\"Monaco Tribune\",\"url\":\"https:\\\/\\\/www.monaco-tribune.com\\\/it\\\/\",\"logo\":{\"@type\":\"ImageObject\",\"inLanguage\":\"it-IT\",\"@id\":\"https:\\\/\\\/www.monaco-tribune.com\\\/it\\\/#\\\/schema\\\/logo\\\/image\\\/\",\"url\":\"https:\\\/\\\/www.monaco-tribune.com\\\/wp-content\\\/uploads\\\/2022\\\/11\\\/logo-monaco-tribune.png\",\"contentUrl\":\"https:\\\/\\\/www.monaco-tribune.com\\\/wp-content\\\/uploads\\\/2022\\\/11\\\/logo-monaco-tribune.png\",\"width\":1548,\"height\":600,\"caption\":\"Monaco Tribune\"},\"image\":{\"@id\":\"https:\\\/\\\/www.monaco-tribune.com\\\/it\\\/#\\\/schema\\\/logo\\\/image\\\/\"},\"sameAs\":[\"https:\\\/\\\/www.facebook.com\\\/MonacoTribune\",\"https:\\\/\\\/x.com\\\/MonacoTribune\",\"https:\\\/\\\/www.instagram.com\\\/monacotribune\\\/\",\"https:\\\/\\\/www.linkedin.com\\\/company\\\/monaco-tribune\",\"https:\\\/\\\/www.youtube.com\\\/channel\\\/UCHle1MnG6hw1y4lWKijVbMA\"]},{\"@type\":\"Person\",\"@id\":\"https:\\\/\\\/www.monaco-tribune.com\\\/it\\\/#\\\/schema\\\/person\\\/a5b96fbf65e3742d7f09d511490d76f5\",\"name\":\"Meg Johnson\",\"image\":{\"@type\":\"ImageObject\",\"inLanguage\":\"it-IT\",\"@id\":\"https:\\\/\\\/secure.gravatar.com\\\/avatar\\\/82c5d90b38700bd0e2524279ba496116ee44a564e5923a2c3e336042bf69a8af?s=96&d=mm&r=g\",\"url\":\"https:\\\/\\\/secure.gravatar.com\\\/avatar\\\/82c5d90b38700bd0e2524279ba496116ee44a564e5923a2c3e336042bf69a8af?s=96&d=mm&r=g\",\"contentUrl\":\"https:\\\/\\\/secure.gravatar.com\\\/avatar\\\/82c5d90b38700bd0e2524279ba496116ee44a564e5923a2c3e336042bf69a8af?s=96&d=mm&r=g\",\"caption\":\"Meg Johnson\"},\"url\":\"https:\\\/\\\/www.monaco-tribune.com\\\/it\\\/author\\\/meganjohnson\\\/\"}]}<\/script>\n<!-- \/ Yoast SEO Premium plugin. -->","yoast_head_json":{"title":"La Principessa Charl\u00e8ne rompe il silenzio sulla sua assenza da Monaco","description":"Prima il Gran Premio di Monaco e poi il suo anniversario di matrimonio. Dopo aver contratto un'infezione ad orecchio, naso e gola durante","robots":{"index":"index","follow":"follow","max-snippet":"max-snippet:-1","max-image-preview":"max-image-preview:large","max-video-preview":"max-video-preview:-1"},"canonical":"https:\/\/www.monaco-tribune.com\/it\/2021\/07\/la-principessa-charlene-rompe-il-silenzio-sulla-sua-assenza-da-monaco\/","og_locale":"it_IT","og_type":"article","og_title":"La Principessa Charl\u00e8ne rompe il silenzio sulla sua assenza da Monaco - Monaco Tribune","og_description":"Prima il Gran Premio di Monaco e poi il suo anniversario di matrimonio. Dopo aver contratto un'infezione ad orecchio, naso e gola durante","og_url":"https:\/\/www.monaco-tribune.com\/it\/2021\/07\/la-principessa-charlene-rompe-il-silenzio-sulla-sua-assenza-da-monaco\/","og_site_name":"Monaco Tribune","article_publisher":"https:\/\/www.facebook.com\/MonacoTribune","article_published_time":"2021-07-12T16:03:20+00:00","article_modified_time":"2021-08-05T11:23:18+00:00","og_image":[{"width":1200,"height":799,"url":"https:\/\/www.monaco-tribune.com\/wp-content\/uploads\/2020\/11\/princess-charlene-min.jpg","type":"image\/jpeg"}],"author":"Meg Johnson","twitter_card":"summary_large_image","twitter_creator":"@MonacoTribune","twitter_site":"@MonacoTribune","schema":{"@context":"https:\/\/schema.org","@graph":[{"@type":"NewsArticle","@id":"https:\/\/www.monaco-tribune.com\/it\/2021\/07\/la-principessa-charlene-rompe-il-silenzio-sulla-sua-assenza-da-monaco\/#article","isPartOf":{"@id":"https:\/\/www.monaco-tribune.com\/it\/2021\/07\/la-principessa-charlene-rompe-il-silenzio-sulla-sua-assenza-da-monaco\/"},"author":{"name":"Meg Johnson","@id":"https:\/\/www.monaco-tribune.com\/it\/#\/schema\/person\/a5b96fbf65e3742d7f09d511490d76f5"},"headline":"La Principessa Charl\u00e8ne rompe il silenzio sulla sua assenza da Monaco","datePublished":"2021-07-12T16:03:20+00:00","dateModified":"2021-08-05T11:23:18+00:00","mainEntityOfPage":{"@id":"https:\/\/www.monaco-tribune.com\/it\/2021\/07\/la-principessa-charlene-rompe-il-silenzio-sulla-sua-assenza-da-monaco\/"},"wordCount":260,"publisher":{"@id":"https:\/\/www.monaco-tribune.com\/it\/#organization"},"image":{"@id":"https:\/\/www.monaco-tribune.com\/it\/2021\/07\/la-principessa-charlene-rompe-il-silenzio-sulla-sua-assenza-da-monaco\/#primaryimage"},"thumbnailUrl":"https:\/\/www.monaco-tribune.com\/wp-content\/uploads\/2020\/11\/princess-charlene-min.jpg","articleSection":["Famiglia Principesca","Notizie"],"inLanguage":"it-IT","copyrightYear":"2021","copyrightHolder":{"@id":"https:\/\/www.monaco-tribune.com\/#organization"}},{"@type":"WebPage","@id":"https:\/\/www.monaco-tribune.com\/it\/2021\/07\/la-principessa-charlene-rompe-il-silenzio-sulla-sua-assenza-da-monaco\/","url":"https:\/\/www.monaco-tribune.com\/it\/2021\/07\/la-principessa-charlene-rompe-il-silenzio-sulla-sua-assenza-da-monaco\/","name":"La Principessa Charl\u00e8ne rompe il silenzio sulla sua assenza da Monaco","isPartOf":{"@id":"https:\/\/www.monaco-tribune.com\/it\/#website"},"primaryImageOfPage":{"@id":"https:\/\/www.monaco-tribune.com\/it\/2021\/07\/la-principessa-charlene-rompe-il-silenzio-sulla-sua-assenza-da-monaco\/#primaryimage"},"image":{"@id":"https:\/\/www.monaco-tribune.com\/it\/2021\/07\/la-principessa-charlene-rompe-il-silenzio-sulla-sua-assenza-da-monaco\/#primaryimage"},"thumbnailUrl":"https:\/\/www.monaco-tribune.com\/wp-content\/uploads\/2020\/11\/princess-charlene-min.jpg","datePublished":"2021-07-12T16:03:20+00:00","dateModified":"2021-08-05T11:23:18+00:00","description":"Prima il Gran Premio di Monaco e poi il suo anniversario di matrimonio. Dopo aver contratto un'infezione ad orecchio, naso e gola durante","breadcrumb":{"@id":"https:\/\/www.monaco-tribune.com\/it\/2021\/07\/la-principessa-charlene-rompe-il-silenzio-sulla-sua-assenza-da-monaco\/#breadcrumb"},"inLanguage":"it-IT","potentialAction":[{"@type":"ReadAction","target":["https:\/\/www.monaco-tribune.com\/it\/2021\/07\/la-principessa-charlene-rompe-il-silenzio-sulla-sua-assenza-da-monaco\/"]}]},{"@type":"ImageObject","inLanguage":"it-IT","@id":"https:\/\/www.monaco-tribune.com\/it\/2021\/07\/la-principessa-charlene-rompe-il-silenzio-sulla-sua-assenza-da-monaco\/#primaryimage","url":"https:\/\/www.monaco-tribune.com\/wp-content\/uploads\/2020\/11\/princess-charlene-min.jpg","contentUrl":"https:\/\/www.monaco-tribune.com\/wp-content\/uploads\/2020\/11\/princess-charlene-min.jpg","width":1200,"height":799,"caption":"Palazzo del Principe di Monaco"},{"@type":"BreadcrumbList","@id":"https:\/\/www.monaco-tribune.com\/it\/2021\/07\/la-principessa-charlene-rompe-il-silenzio-sulla-sua-assenza-da-monaco\/#breadcrumb","itemListElement":[{"@type":"ListItem","position":1,"name":"Accueil","item":"https:\/\/www.monaco-tribune.com\/it\/"},{"@type":"ListItem","position":2,"name":"La Principessa Charl\u00e8ne rompe il silenzio sulla sua assenza da Monaco"}]},{"@type":"WebSite","@id":"https:\/\/www.monaco-tribune.com\/it\/#website","url":"https:\/\/www.monaco-tribune.com\/it\/","name":"Monaco Tribune","description":"Monaco : actualit\u00e9s \u00e9conomiques, politiques, culturelles et sportives de Monaco et de la French Riviera.","publisher":{"@id":"https:\/\/www.monaco-tribune.com\/it\/#organization"},"potentialAction":[{"@type":"SearchAction","target":{"@type":"EntryPoint","urlTemplate":"https:\/\/www.monaco-tribune.com\/it\/?s={search_term_string}"},"query-input":{"@type":"PropertyValueSpecification","valueRequired":true,"valueName":"search_term_string"}}],"inLanguage":"it-IT"},{"@type":"Organization","@id":"https:\/\/www.monaco-tribune.com\/it\/#organization","name":"Monaco Tribune","url":"https:\/\/www.monaco-tribune.com\/it\/","logo":{"@type":"ImageObject","inLanguage":"it-IT","@id":"https:\/\/www.monaco-tribune.com\/it\/#\/schema\/logo\/image\/","url":"https:\/\/www.monaco-tribune.com\/wp-content\/uploads\/2022\/11\/logo-monaco-tribune.png","contentUrl":"https:\/\/www.monaco-tribune.com\/wp-content\/uploads\/2022\/11\/logo-monaco-tribune.png","width":1548,"height":600,"caption":"Monaco Tribune"},"image":{"@id":"https:\/\/www.monaco-tribune.com\/it\/#\/schema\/logo\/image\/"},"sameAs":["https:\/\/www.facebook.com\/MonacoTribune","https:\/\/x.com\/MonacoTribune","https:\/\/www.instagram.com\/monacotribune\/","https:\/\/www.linkedin.com\/company\/monaco-tribune","https:\/\/www.youtube.com\/channel\/UCHle1MnG6hw1y4lWKijVbMA"]},{"@type":"Person","@id":"https:\/\/www.monaco-tribune.com\/it\/#\/schema\/person\/a5b96fbf65e3742d7f09d511490d76f5","name":"Meg Johnson","image":{"@type":"ImageObject","inLanguage":"it-IT","@id":"https:\/\/secure.gravatar.com\/avatar\/82c5d90b38700bd0e2524279ba496116ee44a564e5923a2c3e336042bf69a8af?s=96&d=mm&r=g","url":"https:\/\/secure.gravatar.com\/avatar\/82c5d90b38700bd0e2524279ba496116ee44a564e5923a2c3e336042bf69a8af?s=96&d=mm&r=g","contentUrl":"https:\/\/secure.gravatar.com\/avatar\/82c5d90b38700bd0e2524279ba496116ee44a564e5923a2c3e336042bf69a8af?s=96&d=mm&r=g","caption":"Meg Johnson"},"url":"https:\/\/www.monaco-tribune.com\/it\/author\/meganjohnson\/"}]}},"_links":{"self":[{"href":"https:\/\/www.monaco-tribune.com\/it\/wp-json\/wp\/v2\/posts\/86624","targetHints":{"allow":["GET"]}}],"collection":[{"href":"https:\/\/www.monaco-tribune.com\/it\/wp-json\/wp\/v2\/posts"}],"about":[{"href":"https:\/\/www.monaco-tribune.com\/it\/wp-json\/wp\/v2\/types\/post"}],"author":[{"embeddable":true,"href":"https:\/\/www.monaco-tribune.com\/it\/wp-json\/wp\/v2\/users\/46"}],"replies":[{"embeddable":true,"href":"https:\/\/www.monaco-tribune.com\/it\/wp-json\/wp\/v2\/comments?post=86624"}],"version-history":[{"count":0,"href":"https:\/\/www.monaco-tribune.com\/it\/wp-json\/wp\/v2\/posts\/86624\/revisions"}],"wp:featuredmedia":[{"embeddable":true,"href":"https:\/\/www.monaco-tribune.com\/it\/wp-json\/wp\/v2\/media\/46842"}],"wp:attachment":[{"href":"https:\/\/www.monaco-tribune.com\/it\/wp-json\/wp\/v2\/media?parent=86624"}],"wp:term":[{"taxonomy":"category","embeddable":true,"href":"https:\/\/www.monaco-tribune.com\/it\/wp-json\/wp\/v2\/categories?post=86624"},{"taxonomy":"post_tag","embeddable":true,"href":"https:\/\/www.monaco-tribune.com\/it\/wp-json\/wp\/v2\/tags?post=86624"},{"taxonomy":"sectag","embeddable":true,"href":"https:\/\/www.monaco-tribune.com\/it\/wp-json\/wp\/v2\/post_sectags?post=86624"},{"taxonomy":"format","embeddable":true,"href":"https:\/\/www.monaco-tribune.com\/it\/wp-json\/wp\/v2\/post_format?post=86624"}],"curies":[{"name":"wp","href":"https:\/\/api.w.org\/{rel}","templated":true}]}}