{"id":87367,"date":"2021-07-19T18:25:56","date_gmt":"2021-07-19T16:25:56","guid":{"rendered":"https:\/\/www.monaco-tribune.com\/2021\/07\/il-mercato-coperto-di-beausoleil-un-luogo-storico-e-moderno\/"},"modified":"2021-07-19T18:32:02","modified_gmt":"2021-07-19T16:32:02","slug":"il-mercato-coperto-di-beausoleil-un-luogo-storico-e-moderno","status":"publish","type":"post","link":"https:\/\/www.monaco-tribune.com\/it\/2021\/07\/il-mercato-coperto-di-beausoleil-un-luogo-storico-e-moderno\/","title":{"rendered":"Il mercato coperto di Beausoleil, un luogo al contempo storico e moderno"},"content":{"rendered":"\n<p><strong>Il mercato coperto di Beausoleil si \u00e8 rifatto il look. Per l&#8217;occasione, siamo andati sul posto per scoprire questo piccolo villaggio pieno di colore.<\/strong><\/p>\n\n\n\n<p>Gli appassionati di architettura riconosceranno l&#8217;omaggio a Gustave Eiffel: struttura in acciaio, che arriva direttamente dal ventre della Tour Eiffel, e facciate in vetro. Un&#8217;accoppiata di tradizione e modernit\u00e0 che si estende a tutto il progetto, dall&#8217;edificio ai commercianti stessi.<\/p>\n\n\n\n<p>&#8220;\u00c8 la fine di un progetto, e l&#8217;inizio di un altro pi\u00f9 grande&#8221;, ci ha confidato M. Curtet, incaricato al commercio del comune di Beausoleil. L&#8217;obiettivo? Ridare vita a tutto il quartiere e offrire alternative agli abitanti, partendo proprio dalla fine dei lavori di ristrutturazione del mercato coperto.<\/p>\n\n\n\n<h2 class=\"wp-block-heading\" id=\"h-un-centro-nevralgico\">Un centro nevralgico<\/h2>\n\n\n\n<p>&#8220;\u00c8 un faro, una vetrina&#8221;, cos\u00ec lo definisce M. Curtet. Il mercato coperto risplende nel quartiere a tutte le ore del giorno.<\/p>\n\n\n\n<p>L&#8217;attivit\u00e0 comincia alle cinque del mattino, con gli stand dei commercianti ambulanti che restano fino alle 13:00. Poi, nel pomeriggio, lo spazio si trasforma in una grande terrazza, dove i clienti possono ristorarsi e rinfrescarsi fino alle 21:00.<\/p>\n\n\n\n<p>&#8220;Il posto \u00e8 importante per la vita locale, i lavori di ristrutturazione sono stati effettuati in alcune parti, in modo da mantenere le attivit\u00e0 nelle altre&#8221;, dichiara M. Michelis, responsabile del servizio patrimonio. Una sfida ben riuscita, visto che per tutta la durata dei lavori, il mercato ha chiuso i battenti solo un giorno.<\/p>\n\n\n\n<div class=\"wp-block-image\"><figure class=\"aligncenter size-large\"><img loading=\"lazy\" decoding=\"async\" width=\"1024\" height=\"683\" src=\"https:\/\/www.monaco-tribune.com\/wp-content\/uploads\/2021\/07\/halle-marchande-beausoleil2-1024x683.jpg\" alt=\"mercato-al-coperto-beausoleil-gustave-eiffel\" class=\"wp-image-87289\" srcset=\"https:\/\/www.monaco-tribune.com\/wp-content\/uploads\/2021\/07\/halle-marchande-beausoleil2-1024x683.jpg 1024w, https:\/\/www.monaco-tribune.com\/wp-content\/uploads\/2021\/07\/halle-marchande-beausoleil2-450x300.jpg 450w, https:\/\/www.monaco-tribune.com\/wp-content\/uploads\/2021\/07\/halle-marchande-beausoleil2-225x150.jpg 225w, https:\/\/www.monaco-tribune.com\/wp-content\/uploads\/2021\/07\/halle-marchande-beausoleil2-768x512.jpg 768w, https:\/\/www.monaco-tribune.com\/wp-content\/uploads\/2021\/07\/halle-marchande-beausoleil2-175x117.jpg 175w, https:\/\/www.monaco-tribune.com\/wp-content\/uploads\/2021\/07\/halle-marchande-beausoleil2.jpg 1200w\" sizes=\"auto, (max-width: 1024px) 100vw, 1024px\" \/><figcaption><em>\u00a9<\/em> Simon Zwierniak \/ Monaco Tribune<\/figcaption><\/figure><\/div>\n\n\n\n<h2 class=\"wp-block-heading\" id=\"h-ospiti-d-onore-i-prodotti-biologici\">Ospiti d&#8217;onore: i prodotti biologici<\/h2>\n\n\n\n<p>L&#8217;ultimo negozio ad aprire le porte \u00e8 stato Naturalia, un supermercato in franchising di prodotti biologici, ripensato per adattarsi alla vita moderna. Con una superficie di 450 m2, \u00e8 il Naturalia pi\u00f9 grande del sud della Francia. A tal proposito, M. Curtet ci ha confidato di quanto questo sia &#8220;stato fondamentale nel progetto. Beausoleil diventer\u00e0 il centro bio della regione&#8221;.<\/p>\n\n\n\n<p>Che dire, invece, della concorrenza tra i prodotti biologici e gli stand di frutta e verdura? Praticamente non esiste: &#8220;alla fine, tutti ne traggono vantaggio&#8221;. Nonostante la pandemia e le restrizioni sanitarie, la clientela non manca: soprattutto gente del posto, ma anche qualche turista.<\/p>\n\n\n\n<div class=\"wp-block-image\"><figure class=\"aligncenter size-large\"><img loading=\"lazy\" decoding=\"async\" width=\"1011\" height=\"674\" src=\"https:\/\/www.monaco-tribune.com\/wp-content\/uploads\/2021\/07\/halle-marchande-beausoleil-naturalia-2.jpg\" alt=\"mercato-al-coperto-beausoleil-naturalia-2\" class=\"wp-image-87303\" srcset=\"https:\/\/www.monaco-tribune.com\/wp-content\/uploads\/2021\/07\/halle-marchande-beausoleil-naturalia-2.jpg 1011w, https:\/\/www.monaco-tribune.com\/wp-content\/uploads\/2021\/07\/halle-marchande-beausoleil-naturalia-2-450x300.jpg 450w, https:\/\/www.monaco-tribune.com\/wp-content\/uploads\/2021\/07\/halle-marchande-beausoleil-naturalia-2-225x150.jpg 225w, https:\/\/www.monaco-tribune.com\/wp-content\/uploads\/2021\/07\/halle-marchande-beausoleil-naturalia-2-768x512.jpg 768w, https:\/\/www.monaco-tribune.com\/wp-content\/uploads\/2021\/07\/halle-marchande-beausoleil-naturalia-2-175x117.jpg 175w\" sizes=\"auto, (max-width: 1011px) 100vw, 1011px\" \/><figcaption>\u00a9 Simon Zwierniak \/ Monaco Tribune<\/figcaption><\/figure><\/div>\n\n\n\n<h2 class=\"wp-block-heading\" id=\"h-un-piccolo-villaggio\">Un piccolo villaggio<\/h2>\n\n\n\n<p>Sotto gli imponenti archi d&#8217;acciaio \u00e8 nato un melting-pot che funziona a meraviglia. Pescivendoli, macellai, salumieri, caff\u00e8 parigini e locali con specialit\u00e0 del posto coesistono e si completano.<\/p>\n\n\n\n<p>Lo spazio mette a disposizione dei tavoli comuni, in cui \u00e8 possibile gustare un tipico piatto nizzardo, un cappuccino al Caf\u00e9 Foufou e per finire assaggiare la frutta dei venditori ambulanti. Il tutto senza mai doversi spostare.<\/p>\n\n\n\n<p>&#8220;C&#8217;\u00e8 un bell&#8217;ambiente, \u00e8 come un piccolo villaggio, tutti si conoscono, si aiutano a vicenda&#8221;, ci confessa un dipendente di Naturalia. In quel momento, entra un cameriere del Caf\u00e9 Foufou, salutato con un gran sorriso. &#8220;Sono qui da sempre, andiamo tutti d&#8217;accordo&#8221;, rilancia la fioraia del mercato.<\/p>\n\n\n\n<p>Unica nota negativa, la variazione dei prezzi. A fianco dei prodotti alimentari a buon mercato, un pranzo al Caf\u00e9 Foufou pu\u00f2 rivelarsi piuttosto costoso, con un conto che raggiunge in fretta i venti euro.<\/p>\n","protected":false},"excerpt":{"rendered":"<p>Il mercato coperto di Beausoleil si \u00e8 rifatto il look. Per l&#8217;occasione, siamo andati sul posto per scoprire questo piccolo [&hellip;]<\/p>\n","protected":false},"author":54,"featured_media":87295,"comment_status":"closed","ping_status":"closed","sticky":false,"template":"","format":"standard","meta":{"_acf_changed":false,"footnotes":""},"categories":[1740,1826],"tags":[2936],"post_sectags":[],"post_format":[2481],"class_list":["post-87367","post","type-post","status-publish","format-standard","has-post-thumbnail","hentry","category-cosa-fare","category-la-nostra-scelta","tag-commercio-locale","format-reportage-it"],"acf":[],"yoast_head":"<!-- This site is optimized with the Yoast SEO Premium plugin v26.8 (Yoast SEO v27.5) - https:\/\/yoast.com\/product\/yoast-seo-premium-wordpress\/ -->\n<title>Il mercato coperto di Beausoleil, un luogo al contempo storico e moderno<\/title>\n<meta name=\"description\" content=\"Il mercato coperto di Beausoleil si \u00e8 rifatto il look. Per l&#039;occasione, siamo andati sul posto per scoprire questo piccolo villaggio pieno di colore. Gli\" \/>\n<meta name=\"robots\" content=\"index, follow, max-snippet:-1, max-image-preview:large, max-video-preview:-1\" \/>\n<link rel=\"canonical\" href=\"https:\/\/www.monaco-tribune.com\/it\/2021\/07\/il-mercato-coperto-di-beausoleil-un-luogo-storico-e-moderno\/\" \/>\n<meta property=\"og:locale\" content=\"it_IT\" \/>\n<meta property=\"og:type\" content=\"article\" \/>\n<meta property=\"og:title\" content=\"Il mercato coperto di Beausoleil, un luogo al contempo storico e moderno - Monaco Tribune\" \/>\n<meta property=\"og:description\" content=\"Il mercato coperto di Beausoleil si \u00e8 rifatto il look. Per l&#039;occasione, siamo andati sul posto per scoprire questo piccolo villaggio pieno di colore. Gli\" \/>\n<meta property=\"og:url\" content=\"https:\/\/www.monaco-tribune.com\/it\/2021\/07\/il-mercato-coperto-di-beausoleil-un-luogo-storico-e-moderno\/\" \/>\n<meta property=\"og:site_name\" content=\"Monaco Tribune\" \/>\n<meta property=\"article:publisher\" content=\"https:\/\/www.facebook.com\/MonacoTribune\" \/>\n<meta property=\"article:published_time\" content=\"2021-07-19T16:25:56+00:00\" \/>\n<meta property=\"article:modified_time\" content=\"2021-07-19T16:32:02+00:00\" \/>\n<meta property=\"og:image\" content=\"https:\/\/www.monaco-tribune.com\/wp-content\/uploads\/2021\/07\/halle-marchande-beausoleil.jpg\" \/>\n\t<meta property=\"og:image:width\" content=\"1200\" \/>\n\t<meta property=\"og:image:height\" content=\"857\" \/>\n\t<meta property=\"og:image:type\" content=\"image\/jpeg\" \/>\n<meta name=\"author\" content=\"Simon Zwierniak\" \/>\n<meta name=\"twitter:card\" content=\"summary_large_image\" \/>\n<meta name=\"twitter:creator\" content=\"@MonacoTribune\" \/>\n<meta name=\"twitter:site\" content=\"@MonacoTribune\" \/>\n<script type=\"application\/ld+json\" class=\"yoast-schema-graph\">{\"@context\":\"https:\\\/\\\/schema.org\",\"@graph\":[{\"@type\":\"NewsArticle\",\"@id\":\"https:\\\/\\\/www.monaco-tribune.com\\\/it\\\/2021\\\/07\\\/il-mercato-coperto-di-beausoleil-un-luogo-storico-e-moderno\\\/#article\",\"isPartOf\":{\"@id\":\"https:\\\/\\\/www.monaco-tribune.com\\\/it\\\/2021\\\/07\\\/il-mercato-coperto-di-beausoleil-un-luogo-storico-e-moderno\\\/\"},\"author\":{\"name\":\"Simon Zwierniak\",\"@id\":\"https:\\\/\\\/www.monaco-tribune.com\\\/it\\\/#\\\/schema\\\/person\\\/8999750e061d77476d5caf542c77c841\"},\"headline\":\"Il mercato coperto di Beausoleil, un luogo al contempo storico e moderno\",\"datePublished\":\"2021-07-19T16:25:56+00:00\",\"dateModified\":\"2021-07-19T16:32:02+00:00\",\"mainEntityOfPage\":{\"@id\":\"https:\\\/\\\/www.monaco-tribune.com\\\/it\\\/2021\\\/07\\\/il-mercato-coperto-di-beausoleil-un-luogo-storico-e-moderno\\\/\"},\"wordCount\":507,\"publisher\":{\"@id\":\"https:\\\/\\\/www.monaco-tribune.com\\\/it\\\/#organization\"},\"image\":{\"@id\":\"https:\\\/\\\/www.monaco-tribune.com\\\/it\\\/2021\\\/07\\\/il-mercato-coperto-di-beausoleil-un-luogo-storico-e-moderno\\\/#primaryimage\"},\"thumbnailUrl\":\"https:\\\/\\\/www.monaco-tribune.com\\\/wp-content\\\/uploads\\\/2021\\\/07\\\/halle-marchande-beausoleil.jpg\",\"keywords\":[\"Commercio locale\"],\"articleSection\":[\"Cosa fare\",\"La nostra scelta\"],\"inLanguage\":\"it-IT\",\"copyrightYear\":\"2021\",\"copyrightHolder\":{\"@id\":\"https:\\\/\\\/www.monaco-tribune.com\\\/#organization\"}},{\"@type\":\"WebPage\",\"@id\":\"https:\\\/\\\/www.monaco-tribune.com\\\/it\\\/2021\\\/07\\\/il-mercato-coperto-di-beausoleil-un-luogo-storico-e-moderno\\\/\",\"url\":\"https:\\\/\\\/www.monaco-tribune.com\\\/it\\\/2021\\\/07\\\/il-mercato-coperto-di-beausoleil-un-luogo-storico-e-moderno\\\/\",\"name\":\"Il mercato coperto di Beausoleil, un luogo al contempo storico e moderno\",\"isPartOf\":{\"@id\":\"https:\\\/\\\/www.monaco-tribune.com\\\/it\\\/#website\"},\"primaryImageOfPage\":{\"@id\":\"https:\\\/\\\/www.monaco-tribune.com\\\/it\\\/2021\\\/07\\\/il-mercato-coperto-di-beausoleil-un-luogo-storico-e-moderno\\\/#primaryimage\"},\"image\":{\"@id\":\"https:\\\/\\\/www.monaco-tribune.com\\\/it\\\/2021\\\/07\\\/il-mercato-coperto-di-beausoleil-un-luogo-storico-e-moderno\\\/#primaryimage\"},\"thumbnailUrl\":\"https:\\\/\\\/www.monaco-tribune.com\\\/wp-content\\\/uploads\\\/2021\\\/07\\\/halle-marchande-beausoleil.jpg\",\"datePublished\":\"2021-07-19T16:25:56+00:00\",\"dateModified\":\"2021-07-19T16:32:02+00:00\",\"description\":\"Il mercato coperto di Beausoleil si \u00e8 rifatto il look. Per l'occasione, siamo andati sul posto per scoprire questo piccolo villaggio pieno di colore. Gli\",\"breadcrumb\":{\"@id\":\"https:\\\/\\\/www.monaco-tribune.com\\\/it\\\/2021\\\/07\\\/il-mercato-coperto-di-beausoleil-un-luogo-storico-e-moderno\\\/#breadcrumb\"},\"inLanguage\":\"it-IT\",\"potentialAction\":[{\"@type\":\"ReadAction\",\"target\":[\"https:\\\/\\\/www.monaco-tribune.com\\\/it\\\/2021\\\/07\\\/il-mercato-coperto-di-beausoleil-un-luogo-storico-e-moderno\\\/\"]}]},{\"@type\":\"ImageObject\",\"inLanguage\":\"it-IT\",\"@id\":\"https:\\\/\\\/www.monaco-tribune.com\\\/it\\\/2021\\\/07\\\/il-mercato-coperto-di-beausoleil-un-luogo-storico-e-moderno\\\/#primaryimage\",\"url\":\"https:\\\/\\\/www.monaco-tribune.com\\\/wp-content\\\/uploads\\\/2021\\\/07\\\/halle-marchande-beausoleil.jpg\",\"contentUrl\":\"https:\\\/\\\/www.monaco-tribune.com\\\/wp-content\\\/uploads\\\/2021\\\/07\\\/halle-marchande-beausoleil.jpg\",\"width\":1200,\"height\":857,\"caption\":\"Simon Zwierniak \\\/ Monaco Tribune\"},{\"@type\":\"BreadcrumbList\",\"@id\":\"https:\\\/\\\/www.monaco-tribune.com\\\/it\\\/2021\\\/07\\\/il-mercato-coperto-di-beausoleil-un-luogo-storico-e-moderno\\\/#breadcrumb\",\"itemListElement\":[{\"@type\":\"ListItem\",\"position\":1,\"name\":\"Accueil\",\"item\":\"https:\\\/\\\/www.monaco-tribune.com\\\/it\\\/\"},{\"@type\":\"ListItem\",\"position\":2,\"name\":\"Il mercato coperto di Beausoleil, un luogo al contempo storico e moderno\"}]},{\"@type\":\"WebSite\",\"@id\":\"https:\\\/\\\/www.monaco-tribune.com\\\/it\\\/#website\",\"url\":\"https:\\\/\\\/www.monaco-tribune.com\\\/it\\\/\",\"name\":\"Monaco Tribune\",\"description\":\"Monaco : actualit\u00e9s \u00e9conomiques, politiques, culturelles et sportives de Monaco et de la French Riviera.\",\"publisher\":{\"@id\":\"https:\\\/\\\/www.monaco-tribune.com\\\/it\\\/#organization\"},\"potentialAction\":[{\"@type\":\"SearchAction\",\"target\":{\"@type\":\"EntryPoint\",\"urlTemplate\":\"https:\\\/\\\/www.monaco-tribune.com\\\/it\\\/?s={search_term_string}\"},\"query-input\":{\"@type\":\"PropertyValueSpecification\",\"valueRequired\":true,\"valueName\":\"search_term_string\"}}],\"inLanguage\":\"it-IT\"},{\"@type\":\"Organization\",\"@id\":\"https:\\\/\\\/www.monaco-tribune.com\\\/it\\\/#organization\",\"name\":\"Monaco Tribune\",\"url\":\"https:\\\/\\\/www.monaco-tribune.com\\\/it\\\/\",\"logo\":{\"@type\":\"ImageObject\",\"inLanguage\":\"it-IT\",\"@id\":\"https:\\\/\\\/www.monaco-tribune.com\\\/it\\\/#\\\/schema\\\/logo\\\/image\\\/\",\"url\":\"https:\\\/\\\/www.monaco-tribune.com\\\/wp-content\\\/uploads\\\/2022\\\/11\\\/logo-monaco-tribune.png\",\"contentUrl\":\"https:\\\/\\\/www.monaco-tribune.com\\\/wp-content\\\/uploads\\\/2022\\\/11\\\/logo-monaco-tribune.png\",\"width\":1548,\"height\":600,\"caption\":\"Monaco Tribune\"},\"image\":{\"@id\":\"https:\\\/\\\/www.monaco-tribune.com\\\/it\\\/#\\\/schema\\\/logo\\\/image\\\/\"},\"sameAs\":[\"https:\\\/\\\/www.facebook.com\\\/MonacoTribune\",\"https:\\\/\\\/x.com\\\/MonacoTribune\",\"https:\\\/\\\/www.instagram.com\\\/monacotribune\\\/\",\"https:\\\/\\\/www.linkedin.com\\\/company\\\/monaco-tribune\",\"https:\\\/\\\/www.youtube.com\\\/channel\\\/UCHle1MnG6hw1y4lWKijVbMA\"]},{\"@type\":\"Person\",\"@id\":\"https:\\\/\\\/www.monaco-tribune.com\\\/it\\\/#\\\/schema\\\/person\\\/8999750e061d77476d5caf542c77c841\",\"name\":\"Simon Zwierniak\",\"image\":{\"@type\":\"ImageObject\",\"inLanguage\":\"it-IT\",\"@id\":\"https:\\\/\\\/secure.gravatar.com\\\/avatar\\\/4996370fc4436ccbc5a09f3a9d6393bb07b46b707a1982d1874380fb0c5458de?s=96&d=mm&r=g\",\"url\":\"https:\\\/\\\/secure.gravatar.com\\\/avatar\\\/4996370fc4436ccbc5a09f3a9d6393bb07b46b707a1982d1874380fb0c5458de?s=96&d=mm&r=g\",\"contentUrl\":\"https:\\\/\\\/secure.gravatar.com\\\/avatar\\\/4996370fc4436ccbc5a09f3a9d6393bb07b46b707a1982d1874380fb0c5458de?s=96&d=mm&r=g\",\"caption\":\"Simon Zwierniak\"},\"url\":\"https:\\\/\\\/www.monaco-tribune.com\\\/it\\\/author\\\/simonzwierniak\\\/\"}]}<\/script>\n<!-- \/ Yoast SEO Premium plugin. -->","yoast_head_json":{"title":"Il mercato coperto di Beausoleil, un luogo al contempo storico e moderno","description":"Il mercato coperto di Beausoleil si \u00e8 rifatto il look. Per l'occasione, siamo andati sul posto per scoprire questo piccolo villaggio pieno di colore. Gli","robots":{"index":"index","follow":"follow","max-snippet":"max-snippet:-1","max-image-preview":"max-image-preview:large","max-video-preview":"max-video-preview:-1"},"canonical":"https:\/\/www.monaco-tribune.com\/it\/2021\/07\/il-mercato-coperto-di-beausoleil-un-luogo-storico-e-moderno\/","og_locale":"it_IT","og_type":"article","og_title":"Il mercato coperto di Beausoleil, un luogo al contempo storico e moderno - Monaco Tribune","og_description":"Il mercato coperto di Beausoleil si \u00e8 rifatto il look. Per l'occasione, siamo andati sul posto per scoprire questo piccolo villaggio pieno di colore. Gli","og_url":"https:\/\/www.monaco-tribune.com\/it\/2021\/07\/il-mercato-coperto-di-beausoleil-un-luogo-storico-e-moderno\/","og_site_name":"Monaco Tribune","article_publisher":"https:\/\/www.facebook.com\/MonacoTribune","article_published_time":"2021-07-19T16:25:56+00:00","article_modified_time":"2021-07-19T16:32:02+00:00","og_image":[{"width":1200,"height":857,"url":"https:\/\/www.monaco-tribune.com\/wp-content\/uploads\/2021\/07\/halle-marchande-beausoleil.jpg","type":"image\/jpeg"}],"author":"Simon Zwierniak","twitter_card":"summary_large_image","twitter_creator":"@MonacoTribune","twitter_site":"@MonacoTribune","schema":{"@context":"https:\/\/schema.org","@graph":[{"@type":"NewsArticle","@id":"https:\/\/www.monaco-tribune.com\/it\/2021\/07\/il-mercato-coperto-di-beausoleil-un-luogo-storico-e-moderno\/#article","isPartOf":{"@id":"https:\/\/www.monaco-tribune.com\/it\/2021\/07\/il-mercato-coperto-di-beausoleil-un-luogo-storico-e-moderno\/"},"author":{"name":"Simon Zwierniak","@id":"https:\/\/www.monaco-tribune.com\/it\/#\/schema\/person\/8999750e061d77476d5caf542c77c841"},"headline":"Il mercato coperto di Beausoleil, un luogo al contempo storico e moderno","datePublished":"2021-07-19T16:25:56+00:00","dateModified":"2021-07-19T16:32:02+00:00","mainEntityOfPage":{"@id":"https:\/\/www.monaco-tribune.com\/it\/2021\/07\/il-mercato-coperto-di-beausoleil-un-luogo-storico-e-moderno\/"},"wordCount":507,"publisher":{"@id":"https:\/\/www.monaco-tribune.com\/it\/#organization"},"image":{"@id":"https:\/\/www.monaco-tribune.com\/it\/2021\/07\/il-mercato-coperto-di-beausoleil-un-luogo-storico-e-moderno\/#primaryimage"},"thumbnailUrl":"https:\/\/www.monaco-tribune.com\/wp-content\/uploads\/2021\/07\/halle-marchande-beausoleil.jpg","keywords":["Commercio locale"],"articleSection":["Cosa fare","La nostra scelta"],"inLanguage":"it-IT","copyrightYear":"2021","copyrightHolder":{"@id":"https:\/\/www.monaco-tribune.com\/#organization"}},{"@type":"WebPage","@id":"https:\/\/www.monaco-tribune.com\/it\/2021\/07\/il-mercato-coperto-di-beausoleil-un-luogo-storico-e-moderno\/","url":"https:\/\/www.monaco-tribune.com\/it\/2021\/07\/il-mercato-coperto-di-beausoleil-un-luogo-storico-e-moderno\/","name":"Il mercato coperto di Beausoleil, un luogo al contempo storico e moderno","isPartOf":{"@id":"https:\/\/www.monaco-tribune.com\/it\/#website"},"primaryImageOfPage":{"@id":"https:\/\/www.monaco-tribune.com\/it\/2021\/07\/il-mercato-coperto-di-beausoleil-un-luogo-storico-e-moderno\/#primaryimage"},"image":{"@id":"https:\/\/www.monaco-tribune.com\/it\/2021\/07\/il-mercato-coperto-di-beausoleil-un-luogo-storico-e-moderno\/#primaryimage"},"thumbnailUrl":"https:\/\/www.monaco-tribune.com\/wp-content\/uploads\/2021\/07\/halle-marchande-beausoleil.jpg","datePublished":"2021-07-19T16:25:56+00:00","dateModified":"2021-07-19T16:32:02+00:00","description":"Il mercato coperto di Beausoleil si \u00e8 rifatto il look. Per l'occasione, siamo andati sul posto per scoprire questo piccolo villaggio pieno di colore. Gli","breadcrumb":{"@id":"https:\/\/www.monaco-tribune.com\/it\/2021\/07\/il-mercato-coperto-di-beausoleil-un-luogo-storico-e-moderno\/#breadcrumb"},"inLanguage":"it-IT","potentialAction":[{"@type":"ReadAction","target":["https:\/\/www.monaco-tribune.com\/it\/2021\/07\/il-mercato-coperto-di-beausoleil-un-luogo-storico-e-moderno\/"]}]},{"@type":"ImageObject","inLanguage":"it-IT","@id":"https:\/\/www.monaco-tribune.com\/it\/2021\/07\/il-mercato-coperto-di-beausoleil-un-luogo-storico-e-moderno\/#primaryimage","url":"https:\/\/www.monaco-tribune.com\/wp-content\/uploads\/2021\/07\/halle-marchande-beausoleil.jpg","contentUrl":"https:\/\/www.monaco-tribune.com\/wp-content\/uploads\/2021\/07\/halle-marchande-beausoleil.jpg","width":1200,"height":857,"caption":"Simon Zwierniak \/ Monaco Tribune"},{"@type":"BreadcrumbList","@id":"https:\/\/www.monaco-tribune.com\/it\/2021\/07\/il-mercato-coperto-di-beausoleil-un-luogo-storico-e-moderno\/#breadcrumb","itemListElement":[{"@type":"ListItem","position":1,"name":"Accueil","item":"https:\/\/www.monaco-tribune.com\/it\/"},{"@type":"ListItem","position":2,"name":"Il mercato coperto di Beausoleil, un luogo al contempo storico e moderno"}]},{"@type":"WebSite","@id":"https:\/\/www.monaco-tribune.com\/it\/#website","url":"https:\/\/www.monaco-tribune.com\/it\/","name":"Monaco Tribune","description":"Monaco : actualit\u00e9s \u00e9conomiques, politiques, culturelles et sportives de Monaco et de la French Riviera.","publisher":{"@id":"https:\/\/www.monaco-tribune.com\/it\/#organization"},"potentialAction":[{"@type":"SearchAction","target":{"@type":"EntryPoint","urlTemplate":"https:\/\/www.monaco-tribune.com\/it\/?s={search_term_string}"},"query-input":{"@type":"PropertyValueSpecification","valueRequired":true,"valueName":"search_term_string"}}],"inLanguage":"it-IT"},{"@type":"Organization","@id":"https:\/\/www.monaco-tribune.com\/it\/#organization","name":"Monaco Tribune","url":"https:\/\/www.monaco-tribune.com\/it\/","logo":{"@type":"ImageObject","inLanguage":"it-IT","@id":"https:\/\/www.monaco-tribune.com\/it\/#\/schema\/logo\/image\/","url":"https:\/\/www.monaco-tribune.com\/wp-content\/uploads\/2022\/11\/logo-monaco-tribune.png","contentUrl":"https:\/\/www.monaco-tribune.com\/wp-content\/uploads\/2022\/11\/logo-monaco-tribune.png","width":1548,"height":600,"caption":"Monaco Tribune"},"image":{"@id":"https:\/\/www.monaco-tribune.com\/it\/#\/schema\/logo\/image\/"},"sameAs":["https:\/\/www.facebook.com\/MonacoTribune","https:\/\/x.com\/MonacoTribune","https:\/\/www.instagram.com\/monacotribune\/","https:\/\/www.linkedin.com\/company\/monaco-tribune","https:\/\/www.youtube.com\/channel\/UCHle1MnG6hw1y4lWKijVbMA"]},{"@type":"Person","@id":"https:\/\/www.monaco-tribune.com\/it\/#\/schema\/person\/8999750e061d77476d5caf542c77c841","name":"Simon Zwierniak","image":{"@type":"ImageObject","inLanguage":"it-IT","@id":"https:\/\/secure.gravatar.com\/avatar\/4996370fc4436ccbc5a09f3a9d6393bb07b46b707a1982d1874380fb0c5458de?s=96&d=mm&r=g","url":"https:\/\/secure.gravatar.com\/avatar\/4996370fc4436ccbc5a09f3a9d6393bb07b46b707a1982d1874380fb0c5458de?s=96&d=mm&r=g","contentUrl":"https:\/\/secure.gravatar.com\/avatar\/4996370fc4436ccbc5a09f3a9d6393bb07b46b707a1982d1874380fb0c5458de?s=96&d=mm&r=g","caption":"Simon Zwierniak"},"url":"https:\/\/www.monaco-tribune.com\/it\/author\/simonzwierniak\/"}]}},"_links":{"self":[{"href":"https:\/\/www.monaco-tribune.com\/it\/wp-json\/wp\/v2\/posts\/87367","targetHints":{"allow":["GET"]}}],"collection":[{"href":"https:\/\/www.monaco-tribune.com\/it\/wp-json\/wp\/v2\/posts"}],"about":[{"href":"https:\/\/www.monaco-tribune.com\/it\/wp-json\/wp\/v2\/types\/post"}],"author":[{"embeddable":true,"href":"https:\/\/www.monaco-tribune.com\/it\/wp-json\/wp\/v2\/users\/54"}],"replies":[{"embeddable":true,"href":"https:\/\/www.monaco-tribune.com\/it\/wp-json\/wp\/v2\/comments?post=87367"}],"version-history":[{"count":0,"href":"https:\/\/www.monaco-tribune.com\/it\/wp-json\/wp\/v2\/posts\/87367\/revisions"}],"wp:featuredmedia":[{"embeddable":true,"href":"https:\/\/www.monaco-tribune.com\/it\/wp-json\/wp\/v2\/media\/87295"}],"wp:attachment":[{"href":"https:\/\/www.monaco-tribune.com\/it\/wp-json\/wp\/v2\/media?parent=87367"}],"wp:term":[{"taxonomy":"category","embeddable":true,"href":"https:\/\/www.monaco-tribune.com\/it\/wp-json\/wp\/v2\/categories?post=87367"},{"taxonomy":"post_tag","embeddable":true,"href":"https:\/\/www.monaco-tribune.com\/it\/wp-json\/wp\/v2\/tags?post=87367"},{"taxonomy":"sectag","embeddable":true,"href":"https:\/\/www.monaco-tribune.com\/it\/wp-json\/wp\/v2\/post_sectags?post=87367"},{"taxonomy":"format","embeddable":true,"href":"https:\/\/www.monaco-tribune.com\/it\/wp-json\/wp\/v2\/post_format?post=87367"}],"curies":[{"name":"wp","href":"https:\/\/api.w.org\/{rel}","templated":true}]}}