{"id":87744,"date":"2021-07-21T19:20:48","date_gmt":"2021-07-21T17:20:48","guid":{"rendered":"https:\/\/www.monaco-tribune.com\/2021\/07\/vaccinazioni-e-pass-sanitario-a-monaco-facciamo-il-punto-della-situazione\/"},"modified":"2021-07-21T19:20:54","modified_gmt":"2021-07-21T17:20:54","slug":"vaccinazioni-e-pass-sanitario-a-monaco-facciamo-il-punto-della-situazione","status":"publish","type":"post","link":"https:\/\/www.monaco-tribune.com\/it\/2021\/07\/vaccinazioni-e-pass-sanitario-a-monaco-facciamo-il-punto-della-situazione\/","title":{"rendered":"Vaccinazioni e pass sanitario a Monaco: facciamo il punto della situazione"},"content":{"rendered":"\n<p><strong>Il Ministro di Stato, Pierre Dartout, e il Consigliere del Governo-Ministro degli affari sociali e della sanit\u00e0, Didier Gamerdinger, hanno presentato la bozza di un progetto di legge per rendere la vaccinazione obbligatoria.<\/strong><\/p>\n\n<p>Gli argomenti della mattinata sono stati due in particolare: l\u2019invito alla vaccinazione e il mantenimento di mascherine e distanziamento. Il Ministro di Stato ha anche condiviso i numeri rassicuranti del Principato: l\u201987% degli over 75 \u00e8 stato vaccinato, mentre la percentuale passa al 67% per la fascia d\u2019et\u00e0 65-75 anni.<\/p>\n\n<p>In generale, il 60% dei maggiori di 12 anni ha ricevuto almeno una dose. \u201cCi avviciniamo al risultato sperato, ovvero l\u2019immunit\u00e0 di gregge. Ma ancora non ci siamo\u201d ha dichiarato il Ministro di Stato. \u00c8 stata anche l\u2019occasione per ricordare che \u00e8 assolutamente necessario vaccinarsi, per proteggere s\u00e9 stessi e gli altri.<\/p>\n\n<h2 class=\"wp-block-heading\" id=\"h-nouveau-projet-de-loi\">Nuovo progetto di legge<\/h2>\n\n<p>Al momento, \u00e8 al vaglio un progetto di legge per rendere la vaccinazione obbligatoria per chi lavora nella sanit\u00e0 o ha rapporti con gli anziani, ovvero la fetta di popolazione pi\u00f9 vulnerabile.<\/p>\n\n<p>\u201cIl nostro obiettivo \u00e8 quello prefissato dal Sovrano [\u2026], di presentare un progetto di legge prima dell\u2019inizio delle vacanze che introducesse l\u2019obbligo di vaccinazione per queste categorie\u201d. La vaccinazione obbligatoria sar\u00e0 estesa alla totalit\u00e0 del personale di queste strutture.<\/p>\n\n<p>Le possibili sanzioni non sono ancora state discusse e saranno comunicate in futuro.<\/p>\n\n<h2 class=\"wp-block-heading\" id=\"h-le-pass-sanitaire\">Il pass sanitario<\/h2>\n\n<p>Almeno il 50% della popolazione monegasca \u00e8 provvista del Monaco Safe Pass, con una forte domanda per il pass sanitario europeo, soprattutto per poter viaggiare. I residenti sembrano essere soddisfatti del certificato: \u201cl\u2019abbiamo ricevuto: veloce ed efficiente!\u201d scrive Monique su Facebook.<\/p>\n\n<p>Un\u2019affermazione condivisa da una coppia monegasca: \u201cMonaco \u00e8 stata velocissima a fornirlo, abbiamo fatto domanda luned\u00ec e l\u2019abbiamo ricevuto venerd\u00ec. Tuttavia, non abbiamo ancora avuto l\u2019occasione di utilizzarlo\u201d.<\/p>\n\n<p>Il pass sembrerebbe quindi indispensabile, visto che dovrebbe essere richiesto sempre pi\u00f9 di frequente: \u201cHo il pass definitivo fin dall\u2019inizio. Non l\u2019ho mai utilizzato da quando ce l\u2019ho, \u00e8 assurdo che non venga chiesto in tutto il Principato\u201d, ci confida, per\u00f2, un giovane monegasco.<\/p>\n\n<p>Una notizia importante \u00e8 che le persone che hanno gi\u00e0 ricevuto la prima dose, possono ricevere la seconda a Monaco ed entrare in possesso del pass. La prima dose, tuttavia, deve essere di un vaccino riconosciuto dall\u2019Agenzia Europea del Farmaco, ovvero PfizerBNT, Moderna, AstraZeneca o Janssen.<\/p>\n\n<p>Inoltre, secondo una fonte del governo, i residenti risultati positivi all\u2019aeroporto di Nizza dovranno rispettare le stesse regole del Principato, ovvero entrare in quarantena. Non appena il test risulter\u00e0 negativo, il certificato di guarigione sar\u00e0 inviato in debita forma. Per i residenti che sono risultati positivi all&#8217;estero, ma dopo essere guariti (test PCR positivo di +15 giorni e -6 mesi e il certificato di guarigione come documenti), queste persone devono richiedere il pass sanitario direttamente sul sito <a href=\"https:\/\/vaccination-covid19.gouv.mc\/demander-son-pass-sanitaire\/demander-son-pass-sanitaire-apres-un-retablissement-a-la-covid-19\">covid19.mc<\/a>.<\/p>\n\n<p><strong>&gt;&gt; LEGGI ANCHE:<\/strong> <a href=\"https:\/\/www.monaco-tribune.com\/it\/2021\/06\/tutte-le-informazioni-sul-green-pass-monegasco\/\">Tutte le informazioni sul green pass monegasco<\/a><\/p>\n","protected":false},"excerpt":{"rendered":"<p>Il Ministro di Stato, Pierre Dartout, e il Consigliere del Governo-Ministro degli affari sociali e della sanit\u00e0, Didier Gamerdinger, hanno [&hellip;]<\/p>\n","protected":false},"author":54,"featured_media":87536,"comment_status":"closed","ping_status":"closed","sticky":false,"template":"","format":"standard","meta":{"_acf_changed":false,"footnotes":""},"categories":[1738],"tags":[2886],"post_sectags":[],"post_format":[2478],"class_list":["post-87744","post","type-post","status-publish","format-standard","has-post-thumbnail","hentry","category-notizie","tag-covid-19-it","format-notizia"],"acf":[],"yoast_head":"<!-- This site is optimized with the Yoast SEO Premium plugin v26.8 (Yoast SEO v27.4) - https:\/\/yoast.com\/product\/yoast-seo-premium-wordpress\/ -->\n<title>Vaccinazioni e pass sanitario a Monaco: facciamo il punto della situazione<\/title>\n<meta name=\"description\" content=\"Il Ministro di Stato, Pierre Dartout, e il Consigliere del Governo-Ministro degli affari sociali e della sanit\u00e0, Didier Gamerdinger, hanno presentato la\" \/>\n<meta name=\"robots\" content=\"index, follow, max-snippet:-1, max-image-preview:large, max-video-preview:-1\" \/>\n<link rel=\"canonical\" href=\"https:\/\/www.monaco-tribune.com\/it\/2021\/07\/vaccinazioni-e-pass-sanitario-a-monaco-facciamo-il-punto-della-situazione\/\" \/>\n<meta property=\"og:locale\" content=\"it_IT\" \/>\n<meta property=\"og:type\" content=\"article\" \/>\n<meta property=\"og:title\" content=\"Vaccinazioni e pass sanitario a Monaco: facciamo il punto della situazione - Monaco Tribune\" \/>\n<meta property=\"og:description\" content=\"Il Ministro di Stato, Pierre Dartout, e il Consigliere del Governo-Ministro degli affari sociali e della sanit\u00e0, Didier Gamerdinger, hanno presentato la\" \/>\n<meta property=\"og:url\" content=\"https:\/\/www.monaco-tribune.com\/it\/2021\/07\/vaccinazioni-e-pass-sanitario-a-monaco-facciamo-il-punto-della-situazione\/\" \/>\n<meta property=\"og:site_name\" content=\"Monaco Tribune\" \/>\n<meta property=\"article:publisher\" content=\"https:\/\/www.facebook.com\/MonacoTribune\" \/>\n<meta property=\"article:published_time\" content=\"2021-07-21T17:20:48+00:00\" \/>\n<meta property=\"article:modified_time\" content=\"2021-07-21T17:20:54+00:00\" \/>\n<meta property=\"og:image\" content=\"https:\/\/www.monaco-tribune.com\/wp-content\/uploads\/2021\/07\/vaccination-pass-sanitaire-e1643017219936.jpg\" \/>\n\t<meta property=\"og:image:width\" content=\"2048\" \/>\n\t<meta property=\"og:image:height\" content=\"1365\" \/>\n\t<meta property=\"og:image:type\" content=\"image\/jpeg\" \/>\n<meta name=\"author\" content=\"Simon Zwierniak\" \/>\n<meta name=\"twitter:card\" content=\"summary_large_image\" \/>\n<meta name=\"twitter:creator\" content=\"@MonacoTribune\" \/>\n<meta name=\"twitter:site\" content=\"@MonacoTribune\" \/>\n<script type=\"application\/ld+json\" class=\"yoast-schema-graph\">{\"@context\":\"https:\\\/\\\/schema.org\",\"@graph\":[{\"@type\":\"NewsArticle\",\"@id\":\"https:\\\/\\\/www.monaco-tribune.com\\\/it\\\/2021\\\/07\\\/vaccinazioni-e-pass-sanitario-a-monaco-facciamo-il-punto-della-situazione\\\/#article\",\"isPartOf\":{\"@id\":\"https:\\\/\\\/www.monaco-tribune.com\\\/it\\\/2021\\\/07\\\/vaccinazioni-e-pass-sanitario-a-monaco-facciamo-il-punto-della-situazione\\\/\"},\"author\":{\"name\":\"Simon Zwierniak\",\"@id\":\"https:\\\/\\\/www.monaco-tribune.com\\\/it\\\/#\\\/schema\\\/person\\\/8999750e061d77476d5caf542c77c841\"},\"headline\":\"Vaccinazioni e pass sanitario a Monaco: facciamo il punto della situazione\",\"datePublished\":\"2021-07-21T17:20:48+00:00\",\"dateModified\":\"2021-07-21T17:20:54+00:00\",\"mainEntityOfPage\":{\"@id\":\"https:\\\/\\\/www.monaco-tribune.com\\\/it\\\/2021\\\/07\\\/vaccinazioni-e-pass-sanitario-a-monaco-facciamo-il-punto-della-situazione\\\/\"},\"wordCount\":486,\"publisher\":{\"@id\":\"https:\\\/\\\/www.monaco-tribune.com\\\/it\\\/#organization\"},\"image\":{\"@id\":\"https:\\\/\\\/www.monaco-tribune.com\\\/it\\\/2021\\\/07\\\/vaccinazioni-e-pass-sanitario-a-monaco-facciamo-il-punto-della-situazione\\\/#primaryimage\"},\"thumbnailUrl\":\"https:\\\/\\\/www.monaco-tribune.com\\\/wp-content\\\/uploads\\\/2021\\\/07\\\/vaccination-pass-sanitaire-e1643017219936.jpg\",\"keywords\":[\"Covid-19\"],\"articleSection\":[\"Notizie\"],\"inLanguage\":\"it-IT\",\"copyrightYear\":\"2021\",\"copyrightHolder\":{\"@id\":\"https:\\\/\\\/www.monaco-tribune.com\\\/#organization\"}},{\"@type\":\"WebPage\",\"@id\":\"https:\\\/\\\/www.monaco-tribune.com\\\/it\\\/2021\\\/07\\\/vaccinazioni-e-pass-sanitario-a-monaco-facciamo-il-punto-della-situazione\\\/\",\"url\":\"https:\\\/\\\/www.monaco-tribune.com\\\/it\\\/2021\\\/07\\\/vaccinazioni-e-pass-sanitario-a-monaco-facciamo-il-punto-della-situazione\\\/\",\"name\":\"Vaccinazioni e pass sanitario a Monaco: facciamo il punto della situazione\",\"isPartOf\":{\"@id\":\"https:\\\/\\\/www.monaco-tribune.com\\\/it\\\/#website\"},\"primaryImageOfPage\":{\"@id\":\"https:\\\/\\\/www.monaco-tribune.com\\\/it\\\/2021\\\/07\\\/vaccinazioni-e-pass-sanitario-a-monaco-facciamo-il-punto-della-situazione\\\/#primaryimage\"},\"image\":{\"@id\":\"https:\\\/\\\/www.monaco-tribune.com\\\/it\\\/2021\\\/07\\\/vaccinazioni-e-pass-sanitario-a-monaco-facciamo-il-punto-della-situazione\\\/#primaryimage\"},\"thumbnailUrl\":\"https:\\\/\\\/www.monaco-tribune.com\\\/wp-content\\\/uploads\\\/2021\\\/07\\\/vaccination-pass-sanitaire-e1643017219936.jpg\",\"datePublished\":\"2021-07-21T17:20:48+00:00\",\"dateModified\":\"2021-07-21T17:20:54+00:00\",\"description\":\"Il Ministro di Stato, Pierre Dartout, e il Consigliere del Governo-Ministro degli affari sociali e della sanit\u00e0, Didier Gamerdinger, hanno presentato la\",\"breadcrumb\":{\"@id\":\"https:\\\/\\\/www.monaco-tribune.com\\\/it\\\/2021\\\/07\\\/vaccinazioni-e-pass-sanitario-a-monaco-facciamo-il-punto-della-situazione\\\/#breadcrumb\"},\"inLanguage\":\"it-IT\",\"potentialAction\":[{\"@type\":\"ReadAction\",\"target\":[\"https:\\\/\\\/www.monaco-tribune.com\\\/it\\\/2021\\\/07\\\/vaccinazioni-e-pass-sanitario-a-monaco-facciamo-il-punto-della-situazione\\\/\"]}]},{\"@type\":\"ImageObject\",\"inLanguage\":\"it-IT\",\"@id\":\"https:\\\/\\\/www.monaco-tribune.com\\\/it\\\/2021\\\/07\\\/vaccinazioni-e-pass-sanitario-a-monaco-facciamo-il-punto-della-situazione\\\/#primaryimage\",\"url\":\"https:\\\/\\\/www.monaco-tribune.com\\\/wp-content\\\/uploads\\\/2021\\\/07\\\/vaccination-pass-sanitaire-e1643017219936.jpg\",\"contentUrl\":\"https:\\\/\\\/www.monaco-tribune.com\\\/wp-content\\\/uploads\\\/2021\\\/07\\\/vaccination-pass-sanitaire-e1643017219936.jpg\",\"width\":2048,\"height\":1365,\"caption\":\"Governo del Principe\"},{\"@type\":\"BreadcrumbList\",\"@id\":\"https:\\\/\\\/www.monaco-tribune.com\\\/it\\\/2021\\\/07\\\/vaccinazioni-e-pass-sanitario-a-monaco-facciamo-il-punto-della-situazione\\\/#breadcrumb\",\"itemListElement\":[{\"@type\":\"ListItem\",\"position\":1,\"name\":\"Accueil\",\"item\":\"https:\\\/\\\/www.monaco-tribune.com\\\/it\\\/\"},{\"@type\":\"ListItem\",\"position\":2,\"name\":\"Vaccinazioni e pass sanitario a Monaco: facciamo il punto della situazione\"}]},{\"@type\":\"WebSite\",\"@id\":\"https:\\\/\\\/www.monaco-tribune.com\\\/it\\\/#website\",\"url\":\"https:\\\/\\\/www.monaco-tribune.com\\\/it\\\/\",\"name\":\"Monaco Tribune\",\"description\":\"Monaco : actualit\u00e9s \u00e9conomiques, politiques, culturelles et sportives de Monaco et de la French Riviera.\",\"publisher\":{\"@id\":\"https:\\\/\\\/www.monaco-tribune.com\\\/it\\\/#organization\"},\"potentialAction\":[{\"@type\":\"SearchAction\",\"target\":{\"@type\":\"EntryPoint\",\"urlTemplate\":\"https:\\\/\\\/www.monaco-tribune.com\\\/it\\\/?s={search_term_string}\"},\"query-input\":{\"@type\":\"PropertyValueSpecification\",\"valueRequired\":true,\"valueName\":\"search_term_string\"}}],\"inLanguage\":\"it-IT\"},{\"@type\":\"Organization\",\"@id\":\"https:\\\/\\\/www.monaco-tribune.com\\\/it\\\/#organization\",\"name\":\"Monaco Tribune\",\"url\":\"https:\\\/\\\/www.monaco-tribune.com\\\/it\\\/\",\"logo\":{\"@type\":\"ImageObject\",\"inLanguage\":\"it-IT\",\"@id\":\"https:\\\/\\\/www.monaco-tribune.com\\\/it\\\/#\\\/schema\\\/logo\\\/image\\\/\",\"url\":\"https:\\\/\\\/www.monaco-tribune.com\\\/wp-content\\\/uploads\\\/2022\\\/11\\\/logo-monaco-tribune.png\",\"contentUrl\":\"https:\\\/\\\/www.monaco-tribune.com\\\/wp-content\\\/uploads\\\/2022\\\/11\\\/logo-monaco-tribune.png\",\"width\":1548,\"height\":600,\"caption\":\"Monaco Tribune\"},\"image\":{\"@id\":\"https:\\\/\\\/www.monaco-tribune.com\\\/it\\\/#\\\/schema\\\/logo\\\/image\\\/\"},\"sameAs\":[\"https:\\\/\\\/www.facebook.com\\\/MonacoTribune\",\"https:\\\/\\\/x.com\\\/MonacoTribune\",\"https:\\\/\\\/www.instagram.com\\\/monacotribune\\\/\",\"https:\\\/\\\/www.linkedin.com\\\/company\\\/monaco-tribune\",\"https:\\\/\\\/www.youtube.com\\\/channel\\\/UCHle1MnG6hw1y4lWKijVbMA\"]},{\"@type\":\"Person\",\"@id\":\"https:\\\/\\\/www.monaco-tribune.com\\\/it\\\/#\\\/schema\\\/person\\\/8999750e061d77476d5caf542c77c841\",\"name\":\"Simon Zwierniak\",\"image\":{\"@type\":\"ImageObject\",\"inLanguage\":\"it-IT\",\"@id\":\"https:\\\/\\\/secure.gravatar.com\\\/avatar\\\/4996370fc4436ccbc5a09f3a9d6393bb07b46b707a1982d1874380fb0c5458de?s=96&d=mm&r=g\",\"url\":\"https:\\\/\\\/secure.gravatar.com\\\/avatar\\\/4996370fc4436ccbc5a09f3a9d6393bb07b46b707a1982d1874380fb0c5458de?s=96&d=mm&r=g\",\"contentUrl\":\"https:\\\/\\\/secure.gravatar.com\\\/avatar\\\/4996370fc4436ccbc5a09f3a9d6393bb07b46b707a1982d1874380fb0c5458de?s=96&d=mm&r=g\",\"caption\":\"Simon Zwierniak\"},\"url\":\"https:\\\/\\\/www.monaco-tribune.com\\\/it\\\/author\\\/simonzwierniak\\\/\"}]}<\/script>\n<!-- \/ Yoast SEO Premium plugin. -->","yoast_head_json":{"title":"Vaccinazioni e pass sanitario a Monaco: facciamo il punto della situazione","description":"Il Ministro di Stato, Pierre Dartout, e il Consigliere del Governo-Ministro degli affari sociali e della sanit\u00e0, Didier Gamerdinger, hanno presentato la","robots":{"index":"index","follow":"follow","max-snippet":"max-snippet:-1","max-image-preview":"max-image-preview:large","max-video-preview":"max-video-preview:-1"},"canonical":"https:\/\/www.monaco-tribune.com\/it\/2021\/07\/vaccinazioni-e-pass-sanitario-a-monaco-facciamo-il-punto-della-situazione\/","og_locale":"it_IT","og_type":"article","og_title":"Vaccinazioni e pass sanitario a Monaco: facciamo il punto della situazione - Monaco Tribune","og_description":"Il Ministro di Stato, Pierre Dartout, e il Consigliere del Governo-Ministro degli affari sociali e della sanit\u00e0, Didier Gamerdinger, hanno presentato la","og_url":"https:\/\/www.monaco-tribune.com\/it\/2021\/07\/vaccinazioni-e-pass-sanitario-a-monaco-facciamo-il-punto-della-situazione\/","og_site_name":"Monaco Tribune","article_publisher":"https:\/\/www.facebook.com\/MonacoTribune","article_published_time":"2021-07-21T17:20:48+00:00","article_modified_time":"2021-07-21T17:20:54+00:00","og_image":[{"width":2048,"height":1365,"url":"https:\/\/www.monaco-tribune.com\/wp-content\/uploads\/2021\/07\/vaccination-pass-sanitaire-e1643017219936.jpg","type":"image\/jpeg"}],"author":"Simon Zwierniak","twitter_card":"summary_large_image","twitter_creator":"@MonacoTribune","twitter_site":"@MonacoTribune","schema":{"@context":"https:\/\/schema.org","@graph":[{"@type":"NewsArticle","@id":"https:\/\/www.monaco-tribune.com\/it\/2021\/07\/vaccinazioni-e-pass-sanitario-a-monaco-facciamo-il-punto-della-situazione\/#article","isPartOf":{"@id":"https:\/\/www.monaco-tribune.com\/it\/2021\/07\/vaccinazioni-e-pass-sanitario-a-monaco-facciamo-il-punto-della-situazione\/"},"author":{"name":"Simon Zwierniak","@id":"https:\/\/www.monaco-tribune.com\/it\/#\/schema\/person\/8999750e061d77476d5caf542c77c841"},"headline":"Vaccinazioni e pass sanitario a Monaco: facciamo il punto della situazione","datePublished":"2021-07-21T17:20:48+00:00","dateModified":"2021-07-21T17:20:54+00:00","mainEntityOfPage":{"@id":"https:\/\/www.monaco-tribune.com\/it\/2021\/07\/vaccinazioni-e-pass-sanitario-a-monaco-facciamo-il-punto-della-situazione\/"},"wordCount":486,"publisher":{"@id":"https:\/\/www.monaco-tribune.com\/it\/#organization"},"image":{"@id":"https:\/\/www.monaco-tribune.com\/it\/2021\/07\/vaccinazioni-e-pass-sanitario-a-monaco-facciamo-il-punto-della-situazione\/#primaryimage"},"thumbnailUrl":"https:\/\/www.monaco-tribune.com\/wp-content\/uploads\/2021\/07\/vaccination-pass-sanitaire-e1643017219936.jpg","keywords":["Covid-19"],"articleSection":["Notizie"],"inLanguage":"it-IT","copyrightYear":"2021","copyrightHolder":{"@id":"https:\/\/www.monaco-tribune.com\/#organization"}},{"@type":"WebPage","@id":"https:\/\/www.monaco-tribune.com\/it\/2021\/07\/vaccinazioni-e-pass-sanitario-a-monaco-facciamo-il-punto-della-situazione\/","url":"https:\/\/www.monaco-tribune.com\/it\/2021\/07\/vaccinazioni-e-pass-sanitario-a-monaco-facciamo-il-punto-della-situazione\/","name":"Vaccinazioni e pass sanitario a Monaco: facciamo il punto della situazione","isPartOf":{"@id":"https:\/\/www.monaco-tribune.com\/it\/#website"},"primaryImageOfPage":{"@id":"https:\/\/www.monaco-tribune.com\/it\/2021\/07\/vaccinazioni-e-pass-sanitario-a-monaco-facciamo-il-punto-della-situazione\/#primaryimage"},"image":{"@id":"https:\/\/www.monaco-tribune.com\/it\/2021\/07\/vaccinazioni-e-pass-sanitario-a-monaco-facciamo-il-punto-della-situazione\/#primaryimage"},"thumbnailUrl":"https:\/\/www.monaco-tribune.com\/wp-content\/uploads\/2021\/07\/vaccination-pass-sanitaire-e1643017219936.jpg","datePublished":"2021-07-21T17:20:48+00:00","dateModified":"2021-07-21T17:20:54+00:00","description":"Il Ministro di Stato, Pierre Dartout, e il Consigliere del Governo-Ministro degli affari sociali e della sanit\u00e0, Didier Gamerdinger, hanno presentato la","breadcrumb":{"@id":"https:\/\/www.monaco-tribune.com\/it\/2021\/07\/vaccinazioni-e-pass-sanitario-a-monaco-facciamo-il-punto-della-situazione\/#breadcrumb"},"inLanguage":"it-IT","potentialAction":[{"@type":"ReadAction","target":["https:\/\/www.monaco-tribune.com\/it\/2021\/07\/vaccinazioni-e-pass-sanitario-a-monaco-facciamo-il-punto-della-situazione\/"]}]},{"@type":"ImageObject","inLanguage":"it-IT","@id":"https:\/\/www.monaco-tribune.com\/it\/2021\/07\/vaccinazioni-e-pass-sanitario-a-monaco-facciamo-il-punto-della-situazione\/#primaryimage","url":"https:\/\/www.monaco-tribune.com\/wp-content\/uploads\/2021\/07\/vaccination-pass-sanitaire-e1643017219936.jpg","contentUrl":"https:\/\/www.monaco-tribune.com\/wp-content\/uploads\/2021\/07\/vaccination-pass-sanitaire-e1643017219936.jpg","width":2048,"height":1365,"caption":"Governo del Principe"},{"@type":"BreadcrumbList","@id":"https:\/\/www.monaco-tribune.com\/it\/2021\/07\/vaccinazioni-e-pass-sanitario-a-monaco-facciamo-il-punto-della-situazione\/#breadcrumb","itemListElement":[{"@type":"ListItem","position":1,"name":"Accueil","item":"https:\/\/www.monaco-tribune.com\/it\/"},{"@type":"ListItem","position":2,"name":"Vaccinazioni e pass sanitario a Monaco: facciamo il punto della situazione"}]},{"@type":"WebSite","@id":"https:\/\/www.monaco-tribune.com\/it\/#website","url":"https:\/\/www.monaco-tribune.com\/it\/","name":"Monaco Tribune","description":"Monaco : actualit\u00e9s \u00e9conomiques, politiques, culturelles et sportives de Monaco et de la French Riviera.","publisher":{"@id":"https:\/\/www.monaco-tribune.com\/it\/#organization"},"potentialAction":[{"@type":"SearchAction","target":{"@type":"EntryPoint","urlTemplate":"https:\/\/www.monaco-tribune.com\/it\/?s={search_term_string}"},"query-input":{"@type":"PropertyValueSpecification","valueRequired":true,"valueName":"search_term_string"}}],"inLanguage":"it-IT"},{"@type":"Organization","@id":"https:\/\/www.monaco-tribune.com\/it\/#organization","name":"Monaco Tribune","url":"https:\/\/www.monaco-tribune.com\/it\/","logo":{"@type":"ImageObject","inLanguage":"it-IT","@id":"https:\/\/www.monaco-tribune.com\/it\/#\/schema\/logo\/image\/","url":"https:\/\/www.monaco-tribune.com\/wp-content\/uploads\/2022\/11\/logo-monaco-tribune.png","contentUrl":"https:\/\/www.monaco-tribune.com\/wp-content\/uploads\/2022\/11\/logo-monaco-tribune.png","width":1548,"height":600,"caption":"Monaco Tribune"},"image":{"@id":"https:\/\/www.monaco-tribune.com\/it\/#\/schema\/logo\/image\/"},"sameAs":["https:\/\/www.facebook.com\/MonacoTribune","https:\/\/x.com\/MonacoTribune","https:\/\/www.instagram.com\/monacotribune\/","https:\/\/www.linkedin.com\/company\/monaco-tribune","https:\/\/www.youtube.com\/channel\/UCHle1MnG6hw1y4lWKijVbMA"]},{"@type":"Person","@id":"https:\/\/www.monaco-tribune.com\/it\/#\/schema\/person\/8999750e061d77476d5caf542c77c841","name":"Simon Zwierniak","image":{"@type":"ImageObject","inLanguage":"it-IT","@id":"https:\/\/secure.gravatar.com\/avatar\/4996370fc4436ccbc5a09f3a9d6393bb07b46b707a1982d1874380fb0c5458de?s=96&d=mm&r=g","url":"https:\/\/secure.gravatar.com\/avatar\/4996370fc4436ccbc5a09f3a9d6393bb07b46b707a1982d1874380fb0c5458de?s=96&d=mm&r=g","contentUrl":"https:\/\/secure.gravatar.com\/avatar\/4996370fc4436ccbc5a09f3a9d6393bb07b46b707a1982d1874380fb0c5458de?s=96&d=mm&r=g","caption":"Simon Zwierniak"},"url":"https:\/\/www.monaco-tribune.com\/it\/author\/simonzwierniak\/"}]}},"_links":{"self":[{"href":"https:\/\/www.monaco-tribune.com\/it\/wp-json\/wp\/v2\/posts\/87744","targetHints":{"allow":["GET"]}}],"collection":[{"href":"https:\/\/www.monaco-tribune.com\/it\/wp-json\/wp\/v2\/posts"}],"about":[{"href":"https:\/\/www.monaco-tribune.com\/it\/wp-json\/wp\/v2\/types\/post"}],"author":[{"embeddable":true,"href":"https:\/\/www.monaco-tribune.com\/it\/wp-json\/wp\/v2\/users\/54"}],"replies":[{"embeddable":true,"href":"https:\/\/www.monaco-tribune.com\/it\/wp-json\/wp\/v2\/comments?post=87744"}],"version-history":[{"count":0,"href":"https:\/\/www.monaco-tribune.com\/it\/wp-json\/wp\/v2\/posts\/87744\/revisions"}],"wp:featuredmedia":[{"embeddable":true,"href":"https:\/\/www.monaco-tribune.com\/it\/wp-json\/wp\/v2\/media\/87536"}],"wp:attachment":[{"href":"https:\/\/www.monaco-tribune.com\/it\/wp-json\/wp\/v2\/media?parent=87744"}],"wp:term":[{"taxonomy":"category","embeddable":true,"href":"https:\/\/www.monaco-tribune.com\/it\/wp-json\/wp\/v2\/categories?post=87744"},{"taxonomy":"post_tag","embeddable":true,"href":"https:\/\/www.monaco-tribune.com\/it\/wp-json\/wp\/v2\/tags?post=87744"},{"taxonomy":"sectag","embeddable":true,"href":"https:\/\/www.monaco-tribune.com\/it\/wp-json\/wp\/v2\/post_sectags?post=87744"},{"taxonomy":"format","embeddable":true,"href":"https:\/\/www.monaco-tribune.com\/it\/wp-json\/wp\/v2\/post_format?post=87744"}],"curies":[{"name":"wp","href":"https:\/\/api.w.org\/{rel}","templated":true}]}}