{"id":87826,"date":"2021-07-22T14:54:57","date_gmt":"2021-07-22T12:54:57","guid":{"rendered":"https:\/\/www.monaco-tribune.com\/2021\/07\/da-appassionato-di-auto-a-influencer-automotive-intervista-a-sebastien-delanney\/"},"modified":"2021-07-24T18:56:56","modified_gmt":"2021-07-24T16:56:56","slug":"da-appassionato-di-auto-a-influencer-automotive-intervista-a-sebastien-delanney","status":"publish","type":"post","link":"https:\/\/www.monaco-tribune.com\/it\/2021\/07\/da-appassionato-di-auto-a-influencer-automotive-intervista-a-sebastien-delanney\/","title":{"rendered":"Da appassionato di auto a influencer automotive. Intervista a Sebastien Delanney"},"content":{"rendered":"\n<p><strong>A soli 24 anni, Sebastien Delanney \u00e8 diventato uno dei &#8220;car spotter&#8221; pi\u00f9 influenti. Appassionato di macchine fin da bambino, il ragazzo nizzardo gira ormai su una Ferrari 430 Scuderia e una Porsche 911 Turbo S. Il frutto di un duro lavoro che porta avanti dall&#8217;et\u00e0 di 12 anni.<\/strong><\/p>\n\n\n\n<p>L&#8217;accordo era semplice. &#8220;Se avessi preso buoni voti a scuola, i miei genitori mi avrebbero portato a Monaco per fotografare le automobili&#8221;. Il Principato \u00e8 un paradiso per tutti gli amanti delle auto di lusso. &#8220;Mio cugino e mio nonno erano appassionati di macchine. Volevo condividere le mie scoperte con loro&#8221;.<\/p>\n\n\n\n<blockquote class=\"wp-block-quote is-layout-flow wp-block-quote-is-layout-flow\"><p><em>Quando eravamo seduti in un bar all&#8217;aperto, mia madre mi diceva di dirgli tutte le marche delle auto che passavano. A poco a poco, le ho imparate a memoria.<\/em><\/p><\/blockquote>\n\n\n\n<p>La passione \u00e8 cos\u00ec grande, che i bei voti cominciano ad arrivare. &#8220;All&#8217;epoca, non c&#8217;era ancora una piattaforma per condividere le foto.&#8221; Quindi una volta scattate le foto, l&#8217;allora adolescente le postava sul suo canale YouTube. &#8220;Era l&#8217;unico modo perch\u00e9 vedessero le auto&#8221;. Ogni settimana, suo cugino e suo nonno potevano ammirare i suoi scatti. In quel momento, Sebastien Delanney non lo sapeva ancora, ma la sua vita sarebbe presto cambiata.<\/p>\n\n\n\n<p><strong>&gt;&gt; LEGGI ANCHE: <\/strong><a href=\"https:\/\/www.monaco-tribune.com\/it\/2021\/04\/gildo-pastor-e-lamore-di-una-vita-per-le-corse-automobilistiche\/\">Gildo Pastor e l\u2019amore di una vita per le corse automobilistiche<\/a><\/p>\n\n\n\n<p>Il ragazzo, nato a Nizza e cresciuto nella casa di famiglia a La Turbie, decide di continuare l&#8217;avventura. Ormai ha una certa esperienza. &#8220;Per allenare la memoria, mia madre mi aveva fatto memorizzare tutti i modelli delle auto&#8221;, ricorda sorridendo. &#8220;Quando eravamo seduti in un bar all&#8217;aperto, mi diceva di dirgli tutte le marche delle auto che passavano. A poco a poco, le ho imparate a memoria&#8221;. Grazie mamma!<\/p>\n\n\n\n<h2 class=\"wp-block-heading\" id=\"h-sa-cha-ne-youtube-une-activit-tr-s-lucrative\">Il canale YouTube, un&#8217;attivit\u00e0 (molto) remunerativa<\/h2>\n\n\n\n<p>Le visualizzazioni del suo canale YouTube esplodono. Postare foto non \u00e8 pi\u00f9 sufficiente. Per la prima volta, all&#8217;et\u00e0 di 13 anni, &#8220;Seb&#8221; gira la telecamera. &#8220;Quando passavano le macchine, io spiegavo le caratteristiche. E a forza di stare davanti ai garage, ho incontrato un meccanico che mi ha fatto salire su una Ferrari&#8221;. Sebastien Delanney raggiunge cos\u00ec un primo traguardo, quello dei 1.000 iscritti al suo canale YouTube. E con loro arriva anche la monetizzazione. &#8220;Da l\u00ec \u00e8 cambiato tutto&#8230;&#8221;<\/p>\n\n\n\n<div class=\"wp-block-image\"><figure class=\"aligncenter size-large\"><img loading=\"lazy\" decoding=\"async\" width=\"1024\" height=\"652\" src=\"https:\/\/www.monaco-tribune.com\/wp-content\/uploads\/2021\/07\/sebastien-delanney.jpg\" alt=\"\" class=\"wp-image-86145\" srcset=\"https:\/\/www.monaco-tribune.com\/wp-content\/uploads\/2021\/07\/sebastien-delanney.jpg 1024w, https:\/\/www.monaco-tribune.com\/wp-content\/uploads\/2021\/07\/sebastien-delanney-471x300.jpg 471w, https:\/\/www.monaco-tribune.com\/wp-content\/uploads\/2021\/07\/sebastien-delanney-236x150.jpg 236w, https:\/\/www.monaco-tribune.com\/wp-content\/uploads\/2021\/07\/sebastien-delanney-768x489.jpg 768w, https:\/\/www.monaco-tribune.com\/wp-content\/uploads\/2021\/07\/sebastien-delanney-175x111.jpg 175w\" sizes=\"auto, (max-width: 1024px) 100vw, 1024px\" \/><figcaption>Sebastien Delanney e la sua Porsche Turbo S sul promontorio T\u00eate de Chien a La Turbie. <\/figcaption><\/figure><\/div>\n\n\n\n<p>A 15 anni, il ragazzo oltrepassa la Manica, direzione Galles. &#8220;Volevo frequentare una scuola che condividesse le mie idee&#8221;, spiega colui che ha ricevuto un&#8217;istruzione particolare basata sulla pedagogia Freinet. &#8220;Quando tornavo per le vacanze a Monaco, ne approfittavo per filmare e poi montavo in Galles&#8221;. Dopo la sua esperienza oltremanica, l&#8217;appassionato di musica parte alla volta di Madrid per cominciare l&#8217;universit\u00e0 con un anno di anticipo. Ma comincia ad avere qualche dubbio.<\/p>\n\n\n\n<blockquote class=\"wp-block-quote is-layout-flow wp-block-quote-is-layout-flow\"><p><em>Vedevo che alcuni amici pi\u00f9 grandi di me, che avevo conosciuto in Inghilterra, cominciavano a lasciare il lavoro per dedicarsi a tempo pieno al loro canale YouTube.<\/em><\/p><\/blockquote>\n\n\n\n<p>&#8220;Vedevo che alcuni amici pi\u00f9 grandi di me, che avevo conosciuto in Inghilterra, cominciavano a lasciare il lavoro per dedicarsi a tempo pieno al loro canale YouTube. Ho voluto seguire anche io la corrente&#8230;&#8221; La scelta \u00e8 fatta. Si torna alla casa base, direzione La Turbie. &#8220;I miei genitori non erano contenti&#8221;, sorride. &#8220;Mi hanno dato 1.000 euro e mi hanno detto di cavarmela con quelli. Per fortuna, non dovevo pagare l&#8217;affitto&#8221;.<\/p>\n\n\n\n<p><strong>&gt;&gt; LEGGI ANCHE:<\/strong> <a href=\"https:\/\/www.monaco-tribune.com\/it\/2020\/11\/jacky-ickx-ormai-charles-leclerc-e-parte-del-patrimonio-italiano\/\">Intervista a Jacky Ickx: \u201cOrmai Charles Leclerc \u00e8 parte del patrimonio italiano\u201d<\/a><\/p>\n\n\n\n<p>Per fare qualche soldo, tra un montaggio di video e l&#8217;altro, il ragazzo, parente del tennista St\u00e9fanos Tsitsipas, con cui condivide la passione per YouTube e i video, tenta il tutto per tutto. &#8220;Il padre di un mio amico vendeva una Maserati. Io ho fatto da intermediario. Se fossi riuscito a venderla al prezzo che chiedeva, mi sarei potuto tenere la differenza&#8221;. E con la differenza in tasca, il figlio dell&#8217;ex CEO dell&#8217;ATP Europa si dedica giorno e notte al suo canale.<\/p>\n\n\n\n<h2 class=\"wp-block-heading\" id=\"h-lexus-elise-alpine-a110-audi-r8-ferrari-430-scuderia-porsche-turbo-s\">Lexus Elise, Alpine A110, Audi R8, Ferrari 430 Scuderia, Porsche Turbo S&#8230; <\/h2>\n\n\n\n<p>&#8220;Era faticoso. Prenotavo i viaggi, editavo i video, negoziavo con i partner. Se rientravo a casa alle 18:00 per cominciare a montare, ero felice. Di solito, tornavo alle 22:00 e iniziavo a montare per 5 ore&#8221;. I profitti legati alle pubblicit\u00e0 su YouTube cominciano a salire. &#8220;Investivo tutti i miei guadagni nelle auto&#8221;. Lexus Elise, Alpine A110, Audi R8, oggi una Ferrari 430 Scuderia, una Porsche 911 Turbo S e&#8230; la Renault Twizy. &#8220;Per l&#8217;impronta ecologica, per la vita di tutti i giorni&#8221;.<\/p>\n\n\n\n<blockquote class=\"wp-block-quote is-layout-flow wp-block-quote-is-layout-flow\"><p><em>Tutti cominciano a capire il potere dei social, ma pochi sanno come gestirli. Ho voluto approfittare della mia esperienza per seguire start-up e sportivi.<\/em><\/p><\/blockquote>\n\n\n\n<p>Oggi, a capo del suo business, circondato dallo staff, il ragazzo, che si divide tra Ginevra e Monaco ha voluto diversificare. &#8220;Tutti cominciano a capire il potere dei social, ma pochi sanno come gestirli. Ho voluto approfittare della mia esperienza per seguire start-up e sportivi&#8221;. Con il lancio del suo canale in francese (244.000 iscritti), oltre a quello in inglese (220.000 iscritti) e all&#8217;account Instagram (273.000 follower), Sebastien Delanney vede la sua community (&#8220;la sua famiglia&#8221;, come gli piace chiamarla) crescere di giorno in giorno.<\/p>\n\n\n\n<p><strong>&gt;&gt; LEGGI ANCHE: <\/strong><a href=\"https:\/\/www.monaco-tribune.com\/it\/2021\/07\/jean-luc-noaro-benvenuti-a-bordo-di-uno-dei-95-taxi-del-principato\/\">Jean-Luc Noaro, benvenuti a bordo di uno dei 95 taxi del Principato<\/a><\/p>\n\n\n\n<p>Nonostante ci confessi di stare vivendo &#8220;un sogno a occhi aperti&#8221;, in cui ha anche dato vita alla sua marca di scarpe che unisce stile e comodit\u00e0, il nizzardo dall&#8217;accento <em>British<\/em> ha in mente ancora tantissimi progetti. Come contribuire a rendere le supercar elettriche, ma anche partecipare un giorno a una gara automobilistica. &#8220;Sarebbe davvero bello, un modo per mostrare che tutto \u00e8 possibile nella vita&#8221;.&nbsp; D&#8217;altronde, con Sebastien Delanney, tutti i sogni diventano realt\u00e0.<\/p>\n\n\n\n<figure class=\"wp-block-embed aligncenter is-type-video is-provider-youtube wp-block-embed-youtube wp-embed-aspect-16-9 wp-has-aspect-ratio\"><div class=\"wp-block-embed__wrapper\">\n<iframe title=\"Stefanos Tsitsipas R\u00c9AGIT \u00e0 ma Porsche Turbo !!\" width=\"500\" height=\"281\" src=\"https:\/\/www.youtube.com\/embed\/aPASkRwywMU?feature=oembed\" frameborder=\"0\" allow=\"accelerometer; autoplay; clipboard-write; encrypted-media; gyroscope; picture-in-picture; web-share\" referrerpolicy=\"strict-origin-when-cross-origin\" allowfullscreen><\/iframe>\n<\/div><\/figure>\n","protected":false},"excerpt":{"rendered":"<p>A soli 24 anni, Sebastien Delanney \u00e8 diventato uno dei &#8220;car spotter&#8221; pi\u00f9 influenti. Appassionato di macchine fin da bambino, [&hellip;]<\/p>\n","protected":false},"author":24,"featured_media":86149,"comment_status":"closed","ping_status":"closed","sticky":false,"template":"","format":"standard","meta":{"_acf_changed":false,"footnotes":""},"categories":[1826,1738,1743],"tags":[3503],"post_sectags":[],"post_format":[2476],"class_list":["post-87826","post","type-post","status-publish","format-standard","has-post-thumbnail","hentry","category-la-nostra-scelta","category-notizie","category-sport-it","tag-auto-moto-it","format-intervista"],"acf":[],"yoast_head":"<!-- This site is optimized with the Yoast SEO Premium plugin v26.8 (Yoast SEO v27.5) - https:\/\/yoast.com\/product\/yoast-seo-premium-wordpress\/ -->\n<title>Da appassionato di auto a influencer automotive. Intervista a Sebastien Delanney<\/title>\n<meta name=\"description\" content=\"A soli 24 anni, Sebastien Delanney \u00e8 diventato uno dei &quot;car spotter&quot; pi\u00f9 influenti. Appassionato di macchine fin da bambino, il ragazzo nizzardo gira\" \/>\n<meta name=\"robots\" content=\"index, follow, max-snippet:-1, max-image-preview:large, max-video-preview:-1\" \/>\n<link rel=\"canonical\" href=\"https:\/\/www.monaco-tribune.com\/it\/2021\/07\/da-appassionato-di-auto-a-influencer-automotive-intervista-a-sebastien-delanney\/\" \/>\n<meta property=\"og:locale\" content=\"it_IT\" \/>\n<meta property=\"og:type\" content=\"article\" \/>\n<meta property=\"og:title\" content=\"Da appassionato di auto a influencer automotive. Intervista a Sebastien Delanney - Monaco Tribune\" \/>\n<meta property=\"og:description\" content=\"A soli 24 anni, Sebastien Delanney \u00e8 diventato uno dei &quot;car spotter&quot; pi\u00f9 influenti. Appassionato di macchine fin da bambino, il ragazzo nizzardo gira\" \/>\n<meta property=\"og:url\" content=\"https:\/\/www.monaco-tribune.com\/it\/2021\/07\/da-appassionato-di-auto-a-influencer-automotive-intervista-a-sebastien-delanney\/\" \/>\n<meta property=\"og:site_name\" content=\"Monaco Tribune\" \/>\n<meta property=\"article:publisher\" content=\"https:\/\/www.facebook.com\/MonacoTribune\" \/>\n<meta property=\"article:published_time\" content=\"2021-07-22T12:54:57+00:00\" \/>\n<meta property=\"article:modified_time\" content=\"2021-07-24T16:56:56+00:00\" \/>\n<meta property=\"og:image\" content=\"https:\/\/www.monaco-tribune.com\/wp-content\/uploads\/2021\/07\/sebastien-delanney-3.jpg\" \/>\n\t<meta property=\"og:image:width\" content=\"1024\" \/>\n\t<meta property=\"og:image:height\" content=\"714\" \/>\n\t<meta property=\"og:image:type\" content=\"image\/jpeg\" \/>\n<meta name=\"author\" content=\"Romain Boisaubert\" \/>\n<meta name=\"twitter:card\" content=\"summary_large_image\" \/>\n<meta name=\"twitter:creator\" content=\"@MonacoTribune\" \/>\n<meta name=\"twitter:site\" content=\"@MonacoTribune\" \/>\n<script type=\"application\/ld+json\" class=\"yoast-schema-graph\">{\"@context\":\"https:\\\/\\\/schema.org\",\"@graph\":[{\"@type\":\"NewsArticle\",\"@id\":\"https:\\\/\\\/www.monaco-tribune.com\\\/it\\\/2021\\\/07\\\/da-appassionato-di-auto-a-influencer-automotive-intervista-a-sebastien-delanney\\\/#article\",\"isPartOf\":{\"@id\":\"https:\\\/\\\/www.monaco-tribune.com\\\/it\\\/2021\\\/07\\\/da-appassionato-di-auto-a-influencer-automotive-intervista-a-sebastien-delanney\\\/\"},\"author\":{\"name\":\"Romain Boisaubert\",\"@id\":\"https:\\\/\\\/www.monaco-tribune.com\\\/it\\\/#\\\/schema\\\/person\\\/330a3732947cf8cb41b2533a0eadd62e\"},\"headline\":\"Da appassionato di auto a influencer automotive. Intervista a Sebastien Delanney\",\"datePublished\":\"2021-07-22T12:54:57+00:00\",\"dateModified\":\"2021-07-24T16:56:56+00:00\",\"mainEntityOfPage\":{\"@id\":\"https:\\\/\\\/www.monaco-tribune.com\\\/it\\\/2021\\\/07\\\/da-appassionato-di-auto-a-influencer-automotive-intervista-a-sebastien-delanney\\\/\"},\"wordCount\":973,\"publisher\":{\"@id\":\"https:\\\/\\\/www.monaco-tribune.com\\\/it\\\/#organization\"},\"image\":{\"@id\":\"https:\\\/\\\/www.monaco-tribune.com\\\/it\\\/2021\\\/07\\\/da-appassionato-di-auto-a-influencer-automotive-intervista-a-sebastien-delanney\\\/#primaryimage\"},\"thumbnailUrl\":\"https:\\\/\\\/www.monaco-tribune.com\\\/wp-content\\\/uploads\\\/2021\\\/07\\\/sebastien-delanney-3.jpg\",\"keywords\":[\"Auto-moto\"],\"articleSection\":[\"La nostra scelta\",\"Notizie\",\"Sport\"],\"inLanguage\":\"it-IT\",\"copyrightYear\":\"2021\",\"copyrightHolder\":{\"@id\":\"https:\\\/\\\/www.monaco-tribune.com\\\/#organization\"}},{\"@type\":\"WebPage\",\"@id\":\"https:\\\/\\\/www.monaco-tribune.com\\\/it\\\/2021\\\/07\\\/da-appassionato-di-auto-a-influencer-automotive-intervista-a-sebastien-delanney\\\/\",\"url\":\"https:\\\/\\\/www.monaco-tribune.com\\\/it\\\/2021\\\/07\\\/da-appassionato-di-auto-a-influencer-automotive-intervista-a-sebastien-delanney\\\/\",\"name\":\"Da appassionato di auto a influencer automotive. Intervista a Sebastien Delanney\",\"isPartOf\":{\"@id\":\"https:\\\/\\\/www.monaco-tribune.com\\\/it\\\/#website\"},\"primaryImageOfPage\":{\"@id\":\"https:\\\/\\\/www.monaco-tribune.com\\\/it\\\/2021\\\/07\\\/da-appassionato-di-auto-a-influencer-automotive-intervista-a-sebastien-delanney\\\/#primaryimage\"},\"image\":{\"@id\":\"https:\\\/\\\/www.monaco-tribune.com\\\/it\\\/2021\\\/07\\\/da-appassionato-di-auto-a-influencer-automotive-intervista-a-sebastien-delanney\\\/#primaryimage\"},\"thumbnailUrl\":\"https:\\\/\\\/www.monaco-tribune.com\\\/wp-content\\\/uploads\\\/2021\\\/07\\\/sebastien-delanney-3.jpg\",\"datePublished\":\"2021-07-22T12:54:57+00:00\",\"dateModified\":\"2021-07-24T16:56:56+00:00\",\"description\":\"A soli 24 anni, Sebastien Delanney \u00e8 diventato uno dei \\\"car spotter\\\" pi\u00f9 influenti. Appassionato di macchine fin da bambino, il ragazzo nizzardo gira\",\"breadcrumb\":{\"@id\":\"https:\\\/\\\/www.monaco-tribune.com\\\/it\\\/2021\\\/07\\\/da-appassionato-di-auto-a-influencer-automotive-intervista-a-sebastien-delanney\\\/#breadcrumb\"},\"inLanguage\":\"it-IT\",\"potentialAction\":[{\"@type\":\"ReadAction\",\"target\":[\"https:\\\/\\\/www.monaco-tribune.com\\\/it\\\/2021\\\/07\\\/da-appassionato-di-auto-a-influencer-automotive-intervista-a-sebastien-delanney\\\/\"]}]},{\"@type\":\"ImageObject\",\"inLanguage\":\"it-IT\",\"@id\":\"https:\\\/\\\/www.monaco-tribune.com\\\/it\\\/2021\\\/07\\\/da-appassionato-di-auto-a-influencer-automotive-intervista-a-sebastien-delanney\\\/#primaryimage\",\"url\":\"https:\\\/\\\/www.monaco-tribune.com\\\/wp-content\\\/uploads\\\/2021\\\/07\\\/sebastien-delanney-3.jpg\",\"contentUrl\":\"https:\\\/\\\/www.monaco-tribune.com\\\/wp-content\\\/uploads\\\/2021\\\/07\\\/sebastien-delanney-3.jpg\",\"width\":1024,\"height\":714,\"caption\":\"Romain Boisaubert\\\/Monaco-Tribune\"},{\"@type\":\"BreadcrumbList\",\"@id\":\"https:\\\/\\\/www.monaco-tribune.com\\\/it\\\/2021\\\/07\\\/da-appassionato-di-auto-a-influencer-automotive-intervista-a-sebastien-delanney\\\/#breadcrumb\",\"itemListElement\":[{\"@type\":\"ListItem\",\"position\":1,\"name\":\"Accueil\",\"item\":\"https:\\\/\\\/www.monaco-tribune.com\\\/it\\\/\"},{\"@type\":\"ListItem\",\"position\":2,\"name\":\"Da appassionato di auto a influencer automotive. Intervista a Sebastien Delanney\"}]},{\"@type\":\"WebSite\",\"@id\":\"https:\\\/\\\/www.monaco-tribune.com\\\/it\\\/#website\",\"url\":\"https:\\\/\\\/www.monaco-tribune.com\\\/it\\\/\",\"name\":\"Monaco Tribune\",\"description\":\"Monaco : actualit\u00e9s \u00e9conomiques, politiques, culturelles et sportives de Monaco et de la French Riviera.\",\"publisher\":{\"@id\":\"https:\\\/\\\/www.monaco-tribune.com\\\/it\\\/#organization\"},\"potentialAction\":[{\"@type\":\"SearchAction\",\"target\":{\"@type\":\"EntryPoint\",\"urlTemplate\":\"https:\\\/\\\/www.monaco-tribune.com\\\/it\\\/?s={search_term_string}\"},\"query-input\":{\"@type\":\"PropertyValueSpecification\",\"valueRequired\":true,\"valueName\":\"search_term_string\"}}],\"inLanguage\":\"it-IT\"},{\"@type\":\"Organization\",\"@id\":\"https:\\\/\\\/www.monaco-tribune.com\\\/it\\\/#organization\",\"name\":\"Monaco Tribune\",\"url\":\"https:\\\/\\\/www.monaco-tribune.com\\\/it\\\/\",\"logo\":{\"@type\":\"ImageObject\",\"inLanguage\":\"it-IT\",\"@id\":\"https:\\\/\\\/www.monaco-tribune.com\\\/it\\\/#\\\/schema\\\/logo\\\/image\\\/\",\"url\":\"https:\\\/\\\/www.monaco-tribune.com\\\/wp-content\\\/uploads\\\/2022\\\/11\\\/logo-monaco-tribune.png\",\"contentUrl\":\"https:\\\/\\\/www.monaco-tribune.com\\\/wp-content\\\/uploads\\\/2022\\\/11\\\/logo-monaco-tribune.png\",\"width\":1548,\"height\":600,\"caption\":\"Monaco Tribune\"},\"image\":{\"@id\":\"https:\\\/\\\/www.monaco-tribune.com\\\/it\\\/#\\\/schema\\\/logo\\\/image\\\/\"},\"sameAs\":[\"https:\\\/\\\/www.facebook.com\\\/MonacoTribune\",\"https:\\\/\\\/x.com\\\/MonacoTribune\",\"https:\\\/\\\/www.instagram.com\\\/monacotribune\\\/\",\"https:\\\/\\\/www.linkedin.com\\\/company\\\/monaco-tribune\",\"https:\\\/\\\/www.youtube.com\\\/channel\\\/UCHle1MnG6hw1y4lWKijVbMA\"]},{\"@type\":\"Person\",\"@id\":\"https:\\\/\\\/www.monaco-tribune.com\\\/it\\\/#\\\/schema\\\/person\\\/330a3732947cf8cb41b2533a0eadd62e\",\"name\":\"Romain Boisaubert\",\"image\":{\"@type\":\"ImageObject\",\"inLanguage\":\"it-IT\",\"@id\":\"https:\\\/\\\/secure.gravatar.com\\\/avatar\\\/f8b90d41f1eabd1cbe4cf59e09d8db41a697d51919bf2dfe727589a24a4a4d54?s=96&d=mm&r=g\",\"url\":\"https:\\\/\\\/secure.gravatar.com\\\/avatar\\\/f8b90d41f1eabd1cbe4cf59e09d8db41a697d51919bf2dfe727589a24a4a4d54?s=96&d=mm&r=g\",\"contentUrl\":\"https:\\\/\\\/secure.gravatar.com\\\/avatar\\\/f8b90d41f1eabd1cbe4cf59e09d8db41a697d51919bf2dfe727589a24a4a4d54?s=96&d=mm&r=g\",\"caption\":\"Romain Boisaubert\"},\"description\":\"Test bio\",\"url\":\"https:\\\/\\\/www.monaco-tribune.com\\\/it\\\/author\\\/romain-boisaubert\\\/\"}]}<\/script>\n<!-- \/ Yoast SEO Premium plugin. -->","yoast_head_json":{"title":"Da appassionato di auto a influencer automotive. Intervista a Sebastien Delanney","description":"A soli 24 anni, Sebastien Delanney \u00e8 diventato uno dei \"car spotter\" pi\u00f9 influenti. Appassionato di macchine fin da bambino, il ragazzo nizzardo gira","robots":{"index":"index","follow":"follow","max-snippet":"max-snippet:-1","max-image-preview":"max-image-preview:large","max-video-preview":"max-video-preview:-1"},"canonical":"https:\/\/www.monaco-tribune.com\/it\/2021\/07\/da-appassionato-di-auto-a-influencer-automotive-intervista-a-sebastien-delanney\/","og_locale":"it_IT","og_type":"article","og_title":"Da appassionato di auto a influencer automotive. Intervista a Sebastien Delanney - Monaco Tribune","og_description":"A soli 24 anni, Sebastien Delanney \u00e8 diventato uno dei \"car spotter\" pi\u00f9 influenti. Appassionato di macchine fin da bambino, il ragazzo nizzardo gira","og_url":"https:\/\/www.monaco-tribune.com\/it\/2021\/07\/da-appassionato-di-auto-a-influencer-automotive-intervista-a-sebastien-delanney\/","og_site_name":"Monaco Tribune","article_publisher":"https:\/\/www.facebook.com\/MonacoTribune","article_published_time":"2021-07-22T12:54:57+00:00","article_modified_time":"2021-07-24T16:56:56+00:00","og_image":[{"width":1024,"height":714,"url":"https:\/\/www.monaco-tribune.com\/wp-content\/uploads\/2021\/07\/sebastien-delanney-3.jpg","type":"image\/jpeg"}],"author":"Romain Boisaubert","twitter_card":"summary_large_image","twitter_creator":"@MonacoTribune","twitter_site":"@MonacoTribune","schema":{"@context":"https:\/\/schema.org","@graph":[{"@type":"NewsArticle","@id":"https:\/\/www.monaco-tribune.com\/it\/2021\/07\/da-appassionato-di-auto-a-influencer-automotive-intervista-a-sebastien-delanney\/#article","isPartOf":{"@id":"https:\/\/www.monaco-tribune.com\/it\/2021\/07\/da-appassionato-di-auto-a-influencer-automotive-intervista-a-sebastien-delanney\/"},"author":{"name":"Romain Boisaubert","@id":"https:\/\/www.monaco-tribune.com\/it\/#\/schema\/person\/330a3732947cf8cb41b2533a0eadd62e"},"headline":"Da appassionato di auto a influencer automotive. Intervista a Sebastien Delanney","datePublished":"2021-07-22T12:54:57+00:00","dateModified":"2021-07-24T16:56:56+00:00","mainEntityOfPage":{"@id":"https:\/\/www.monaco-tribune.com\/it\/2021\/07\/da-appassionato-di-auto-a-influencer-automotive-intervista-a-sebastien-delanney\/"},"wordCount":973,"publisher":{"@id":"https:\/\/www.monaco-tribune.com\/it\/#organization"},"image":{"@id":"https:\/\/www.monaco-tribune.com\/it\/2021\/07\/da-appassionato-di-auto-a-influencer-automotive-intervista-a-sebastien-delanney\/#primaryimage"},"thumbnailUrl":"https:\/\/www.monaco-tribune.com\/wp-content\/uploads\/2021\/07\/sebastien-delanney-3.jpg","keywords":["Auto-moto"],"articleSection":["La nostra scelta","Notizie","Sport"],"inLanguage":"it-IT","copyrightYear":"2021","copyrightHolder":{"@id":"https:\/\/www.monaco-tribune.com\/#organization"}},{"@type":"WebPage","@id":"https:\/\/www.monaco-tribune.com\/it\/2021\/07\/da-appassionato-di-auto-a-influencer-automotive-intervista-a-sebastien-delanney\/","url":"https:\/\/www.monaco-tribune.com\/it\/2021\/07\/da-appassionato-di-auto-a-influencer-automotive-intervista-a-sebastien-delanney\/","name":"Da appassionato di auto a influencer automotive. Intervista a Sebastien Delanney","isPartOf":{"@id":"https:\/\/www.monaco-tribune.com\/it\/#website"},"primaryImageOfPage":{"@id":"https:\/\/www.monaco-tribune.com\/it\/2021\/07\/da-appassionato-di-auto-a-influencer-automotive-intervista-a-sebastien-delanney\/#primaryimage"},"image":{"@id":"https:\/\/www.monaco-tribune.com\/it\/2021\/07\/da-appassionato-di-auto-a-influencer-automotive-intervista-a-sebastien-delanney\/#primaryimage"},"thumbnailUrl":"https:\/\/www.monaco-tribune.com\/wp-content\/uploads\/2021\/07\/sebastien-delanney-3.jpg","datePublished":"2021-07-22T12:54:57+00:00","dateModified":"2021-07-24T16:56:56+00:00","description":"A soli 24 anni, Sebastien Delanney \u00e8 diventato uno dei \"car spotter\" pi\u00f9 influenti. Appassionato di macchine fin da bambino, il ragazzo nizzardo gira","breadcrumb":{"@id":"https:\/\/www.monaco-tribune.com\/it\/2021\/07\/da-appassionato-di-auto-a-influencer-automotive-intervista-a-sebastien-delanney\/#breadcrumb"},"inLanguage":"it-IT","potentialAction":[{"@type":"ReadAction","target":["https:\/\/www.monaco-tribune.com\/it\/2021\/07\/da-appassionato-di-auto-a-influencer-automotive-intervista-a-sebastien-delanney\/"]}]},{"@type":"ImageObject","inLanguage":"it-IT","@id":"https:\/\/www.monaco-tribune.com\/it\/2021\/07\/da-appassionato-di-auto-a-influencer-automotive-intervista-a-sebastien-delanney\/#primaryimage","url":"https:\/\/www.monaco-tribune.com\/wp-content\/uploads\/2021\/07\/sebastien-delanney-3.jpg","contentUrl":"https:\/\/www.monaco-tribune.com\/wp-content\/uploads\/2021\/07\/sebastien-delanney-3.jpg","width":1024,"height":714,"caption":"Romain Boisaubert\/Monaco-Tribune"},{"@type":"BreadcrumbList","@id":"https:\/\/www.monaco-tribune.com\/it\/2021\/07\/da-appassionato-di-auto-a-influencer-automotive-intervista-a-sebastien-delanney\/#breadcrumb","itemListElement":[{"@type":"ListItem","position":1,"name":"Accueil","item":"https:\/\/www.monaco-tribune.com\/it\/"},{"@type":"ListItem","position":2,"name":"Da appassionato di auto a influencer automotive. Intervista a Sebastien Delanney"}]},{"@type":"WebSite","@id":"https:\/\/www.monaco-tribune.com\/it\/#website","url":"https:\/\/www.monaco-tribune.com\/it\/","name":"Monaco Tribune","description":"Monaco : actualit\u00e9s \u00e9conomiques, politiques, culturelles et sportives de Monaco et de la French Riviera.","publisher":{"@id":"https:\/\/www.monaco-tribune.com\/it\/#organization"},"potentialAction":[{"@type":"SearchAction","target":{"@type":"EntryPoint","urlTemplate":"https:\/\/www.monaco-tribune.com\/it\/?s={search_term_string}"},"query-input":{"@type":"PropertyValueSpecification","valueRequired":true,"valueName":"search_term_string"}}],"inLanguage":"it-IT"},{"@type":"Organization","@id":"https:\/\/www.monaco-tribune.com\/it\/#organization","name":"Monaco Tribune","url":"https:\/\/www.monaco-tribune.com\/it\/","logo":{"@type":"ImageObject","inLanguage":"it-IT","@id":"https:\/\/www.monaco-tribune.com\/it\/#\/schema\/logo\/image\/","url":"https:\/\/www.monaco-tribune.com\/wp-content\/uploads\/2022\/11\/logo-monaco-tribune.png","contentUrl":"https:\/\/www.monaco-tribune.com\/wp-content\/uploads\/2022\/11\/logo-monaco-tribune.png","width":1548,"height":600,"caption":"Monaco Tribune"},"image":{"@id":"https:\/\/www.monaco-tribune.com\/it\/#\/schema\/logo\/image\/"},"sameAs":["https:\/\/www.facebook.com\/MonacoTribune","https:\/\/x.com\/MonacoTribune","https:\/\/www.instagram.com\/monacotribune\/","https:\/\/www.linkedin.com\/company\/monaco-tribune","https:\/\/www.youtube.com\/channel\/UCHle1MnG6hw1y4lWKijVbMA"]},{"@type":"Person","@id":"https:\/\/www.monaco-tribune.com\/it\/#\/schema\/person\/330a3732947cf8cb41b2533a0eadd62e","name":"Romain Boisaubert","image":{"@type":"ImageObject","inLanguage":"it-IT","@id":"https:\/\/secure.gravatar.com\/avatar\/f8b90d41f1eabd1cbe4cf59e09d8db41a697d51919bf2dfe727589a24a4a4d54?s=96&d=mm&r=g","url":"https:\/\/secure.gravatar.com\/avatar\/f8b90d41f1eabd1cbe4cf59e09d8db41a697d51919bf2dfe727589a24a4a4d54?s=96&d=mm&r=g","contentUrl":"https:\/\/secure.gravatar.com\/avatar\/f8b90d41f1eabd1cbe4cf59e09d8db41a697d51919bf2dfe727589a24a4a4d54?s=96&d=mm&r=g","caption":"Romain Boisaubert"},"description":"Test bio","url":"https:\/\/www.monaco-tribune.com\/it\/author\/romain-boisaubert\/"}]}},"_links":{"self":[{"href":"https:\/\/www.monaco-tribune.com\/it\/wp-json\/wp\/v2\/posts\/87826","targetHints":{"allow":["GET"]}}],"collection":[{"href":"https:\/\/www.monaco-tribune.com\/it\/wp-json\/wp\/v2\/posts"}],"about":[{"href":"https:\/\/www.monaco-tribune.com\/it\/wp-json\/wp\/v2\/types\/post"}],"author":[{"embeddable":true,"href":"https:\/\/www.monaco-tribune.com\/it\/wp-json\/wp\/v2\/users\/24"}],"replies":[{"embeddable":true,"href":"https:\/\/www.monaco-tribune.com\/it\/wp-json\/wp\/v2\/comments?post=87826"}],"version-history":[{"count":0,"href":"https:\/\/www.monaco-tribune.com\/it\/wp-json\/wp\/v2\/posts\/87826\/revisions"}],"wp:featuredmedia":[{"embeddable":true,"href":"https:\/\/www.monaco-tribune.com\/it\/wp-json\/wp\/v2\/media\/86149"}],"wp:attachment":[{"href":"https:\/\/www.monaco-tribune.com\/it\/wp-json\/wp\/v2\/media?parent=87826"}],"wp:term":[{"taxonomy":"category","embeddable":true,"href":"https:\/\/www.monaco-tribune.com\/it\/wp-json\/wp\/v2\/categories?post=87826"},{"taxonomy":"post_tag","embeddable":true,"href":"https:\/\/www.monaco-tribune.com\/it\/wp-json\/wp\/v2\/tags?post=87826"},{"taxonomy":"sectag","embeddable":true,"href":"https:\/\/www.monaco-tribune.com\/it\/wp-json\/wp\/v2\/post_sectags?post=87826"},{"taxonomy":"format","embeddable":true,"href":"https:\/\/www.monaco-tribune.com\/it\/wp-json\/wp\/v2\/post_format?post=87826"}],"curies":[{"name":"wp","href":"https:\/\/api.w.org\/{rel}","templated":true}]}}