{"id":88005,"date":"2021-07-23T17:03:37","date_gmt":"2021-07-23T15:03:37","guid":{"rendered":"https:\/\/www.monaco-tribune.com\/2021\/07\/il-jimmyz-monte-carlo-riapre-i-battenti\/"},"modified":"2021-07-23T17:06:07","modified_gmt":"2021-07-23T15:06:07","slug":"il-jimmyz-monte-carlo-riapre-i-battenti","status":"publish","type":"post","link":"https:\/\/www.monaco-tribune.com\/it\/2021\/07\/il-jimmyz-monte-carlo-riapre-i-battenti\/","title":{"rendered":"Il Jimmy&#8217;z Monte-Carlo riapre i battenti"},"content":{"rendered":"\n<p><strong>Il ritorno di una leggenda dopo 16 mesi di assenza.<\/strong><\/p>\n\n\n\n<p>\u00c8 arrivato il momento delle riaperture! Ora, \u00e8 il turno del club iconico di Monte-Carlo, il Jimmy&#8217;z, che ha aperto le porte al pubblico gioved\u00ec 22 luglio.<\/p>\n\n\n\n<p>Dopo 16 mesi di chiusura, il club torna con un&#8217;incredibile programmazione, accompagnata dai suoi DJ residenti, dal corpo di ballo e dagli ospiti internazionali. Anche le serate Go Deep, Urban Jimmy&#8217;z e Pop Heart faranno il loro grande ritorno.<\/p>\n\n\n\n<h2 class=\"wp-block-heading\" id=\"h-rispetto-delle-misure-sanitarie\">Rispetto delle misure sanitarie<\/h2>\n\n\n\n<p>Per entrare, \u00e8 necessario prenotare in anticipo e presentare il pass sanitario (solo sotto forma di QR code). Come gi\u00e0 annunciato nell&#8217;<a href=\"https:\/\/www.monaco-tribune.com\/it\/2021\/07\/da-sabato-discoteche-aperte-a-monaco\/\">alleggerimento delle misure<\/a>, la mascherina non \u00e8 pi\u00f9 obbligatoria all&#8217;interno del locale. Tuttavia, deve essere indossata in fila e bisogna anche rispettare il distanziamento sociale.<\/p>\n\n\n\n<p><em>Jimmy&#8217;z Monte-Carlo, Sporting Monte-Carlo, 26 Avenue Princesse Grace, MC 98000 <\/em><\/p>\n\n\n\n<p><em>Principato di Monaco. <\/em><\/p>\n\n\n\n<p><em>Dal 22 luglio al 28 agosto 2021: da gioved\u00ec al sabato incluso. <\/em><\/p>\n\n\n\n<p><em>Dal 30 agosto al 2 ottobre 2021: dal venerd\u00ec al sabato incluso.<\/em><\/p>\n","protected":false},"excerpt":{"rendered":"<p>Il ritorno di una leggenda dopo 16 mesi di assenza. \u00c8 arrivato il momento delle riaperture! Ora, \u00e8 il turno [&hellip;]<\/p>\n","protected":false},"author":54,"featured_media":87849,"comment_status":"closed","ping_status":"closed","sticky":false,"template":"","format":"standard","meta":{"_acf_changed":false,"footnotes":""},"categories":[1740,1738],"tags":[2885],"post_sectags":[],"post_format":[2478],"class_list":["post-88005","post","type-post","status-publish","format-standard","has-post-thumbnail","hentry","category-cosa-fare","category-notizie","tag-monte-carlo-sbm-it","format-notizia"],"acf":[],"yoast_head":"<!-- This site is optimized with the Yoast SEO Premium plugin v26.8 (Yoast SEO v27.4) - https:\/\/yoast.com\/product\/yoast-seo-premium-wordpress\/ -->\n<title>Il Jimmy&#039;z Monte-Carlo riapre i battenti<\/title>\n<meta name=\"description\" content=\"Il ritorno di una leggenda dopo 16 mesi di assenza. \u00c8 arrivato il momento delle riaperture! Ora, \u00e8 il turno del club iconico di Monte-Carlo, il Jimmy&#039;z,\" \/>\n<meta name=\"robots\" content=\"index, follow, max-snippet:-1, max-image-preview:large, max-video-preview:-1\" \/>\n<link rel=\"canonical\" href=\"https:\/\/www.monaco-tribune.com\/it\/2021\/07\/il-jimmyz-monte-carlo-riapre-i-battenti\/\" \/>\n<meta property=\"og:locale\" content=\"it_IT\" \/>\n<meta property=\"og:type\" content=\"article\" \/>\n<meta property=\"og:title\" content=\"Il Jimmy&#039;z Monte-Carlo riapre i battenti - Monaco Tribune\" \/>\n<meta property=\"og:description\" content=\"Il ritorno di una leggenda dopo 16 mesi di assenza. \u00c8 arrivato il momento delle riaperture! Ora, \u00e8 il turno del club iconico di Monte-Carlo, il Jimmy&#039;z,\" \/>\n<meta property=\"og:url\" content=\"https:\/\/www.monaco-tribune.com\/it\/2021\/07\/il-jimmyz-monte-carlo-riapre-i-battenti\/\" \/>\n<meta property=\"og:site_name\" content=\"Monaco Tribune\" \/>\n<meta property=\"article:publisher\" content=\"https:\/\/www.facebook.com\/MonacoTribune\" \/>\n<meta property=\"article:published_time\" content=\"2021-07-23T15:03:37+00:00\" \/>\n<meta property=\"article:modified_time\" content=\"2021-07-23T15:06:07+00:00\" \/>\n<meta property=\"og:image\" content=\"https:\/\/www.monaco-tribune.com\/wp-content\/uploads\/2021\/07\/reouverture-jimmyz-club-monte-carlo.png\" \/>\n\t<meta property=\"og:image:width\" content=\"570\" \/>\n\t<meta property=\"og:image:height\" content=\"318\" \/>\n\t<meta property=\"og:image:type\" content=\"image\/png\" \/>\n<meta name=\"author\" content=\"Simon Zwierniak\" \/>\n<meta name=\"twitter:card\" content=\"summary_large_image\" \/>\n<meta name=\"twitter:creator\" content=\"@MonacoTribune\" \/>\n<meta name=\"twitter:site\" content=\"@MonacoTribune\" \/>\n<script type=\"application\/ld+json\" class=\"yoast-schema-graph\">{\"@context\":\"https:\\\/\\\/schema.org\",\"@graph\":[{\"@type\":\"NewsArticle\",\"@id\":\"https:\\\/\\\/www.monaco-tribune.com\\\/it\\\/2021\\\/07\\\/il-jimmyz-monte-carlo-riapre-i-battenti\\\/#article\",\"isPartOf\":{\"@id\":\"https:\\\/\\\/www.monaco-tribune.com\\\/it\\\/2021\\\/07\\\/il-jimmyz-monte-carlo-riapre-i-battenti\\\/\"},\"author\":{\"name\":\"Simon Zwierniak\",\"@id\":\"https:\\\/\\\/www.monaco-tribune.com\\\/it\\\/#\\\/schema\\\/person\\\/8999750e061d77476d5caf542c77c841\"},\"headline\":\"Il Jimmy&#8217;z Monte-Carlo riapre i battenti\",\"datePublished\":\"2021-07-23T15:03:37+00:00\",\"dateModified\":\"2021-07-23T15:06:07+00:00\",\"mainEntityOfPage\":{\"@id\":\"https:\\\/\\\/www.monaco-tribune.com\\\/it\\\/2021\\\/07\\\/il-jimmyz-monte-carlo-riapre-i-battenti\\\/\"},\"wordCount\":161,\"publisher\":{\"@id\":\"https:\\\/\\\/www.monaco-tribune.com\\\/it\\\/#organization\"},\"image\":{\"@id\":\"https:\\\/\\\/www.monaco-tribune.com\\\/it\\\/2021\\\/07\\\/il-jimmyz-monte-carlo-riapre-i-battenti\\\/#primaryimage\"},\"thumbnailUrl\":\"https:\\\/\\\/www.monaco-tribune.com\\\/wp-content\\\/uploads\\\/2021\\\/07\\\/reouverture-jimmyz-club-monte-carlo.png\",\"keywords\":[\"Monte-Carlo SBM\"],\"articleSection\":[\"Cosa fare\",\"Notizie\"],\"inLanguage\":\"it-IT\",\"copyrightYear\":\"2021\",\"copyrightHolder\":{\"@id\":\"https:\\\/\\\/www.monaco-tribune.com\\\/#organization\"}},{\"@type\":\"WebPage\",\"@id\":\"https:\\\/\\\/www.monaco-tribune.com\\\/it\\\/2021\\\/07\\\/il-jimmyz-monte-carlo-riapre-i-battenti\\\/\",\"url\":\"https:\\\/\\\/www.monaco-tribune.com\\\/it\\\/2021\\\/07\\\/il-jimmyz-monte-carlo-riapre-i-battenti\\\/\",\"name\":\"Il Jimmy'z Monte-Carlo riapre i battenti\",\"isPartOf\":{\"@id\":\"https:\\\/\\\/www.monaco-tribune.com\\\/it\\\/#website\"},\"primaryImageOfPage\":{\"@id\":\"https:\\\/\\\/www.monaco-tribune.com\\\/it\\\/2021\\\/07\\\/il-jimmyz-monte-carlo-riapre-i-battenti\\\/#primaryimage\"},\"image\":{\"@id\":\"https:\\\/\\\/www.monaco-tribune.com\\\/it\\\/2021\\\/07\\\/il-jimmyz-monte-carlo-riapre-i-battenti\\\/#primaryimage\"},\"thumbnailUrl\":\"https:\\\/\\\/www.monaco-tribune.com\\\/wp-content\\\/uploads\\\/2021\\\/07\\\/reouverture-jimmyz-club-monte-carlo.png\",\"datePublished\":\"2021-07-23T15:03:37+00:00\",\"dateModified\":\"2021-07-23T15:06:07+00:00\",\"description\":\"Il ritorno di una leggenda dopo 16 mesi di assenza. \u00c8 arrivato il momento delle riaperture! Ora, \u00e8 il turno del club iconico di Monte-Carlo, il Jimmy'z,\",\"breadcrumb\":{\"@id\":\"https:\\\/\\\/www.monaco-tribune.com\\\/it\\\/2021\\\/07\\\/il-jimmyz-monte-carlo-riapre-i-battenti\\\/#breadcrumb\"},\"inLanguage\":\"it-IT\",\"potentialAction\":[{\"@type\":\"ReadAction\",\"target\":[\"https:\\\/\\\/www.monaco-tribune.com\\\/it\\\/2021\\\/07\\\/il-jimmyz-monte-carlo-riapre-i-battenti\\\/\"]}]},{\"@type\":\"ImageObject\",\"inLanguage\":\"it-IT\",\"@id\":\"https:\\\/\\\/www.monaco-tribune.com\\\/it\\\/2021\\\/07\\\/il-jimmyz-monte-carlo-riapre-i-battenti\\\/#primaryimage\",\"url\":\"https:\\\/\\\/www.monaco-tribune.com\\\/wp-content\\\/uploads\\\/2021\\\/07\\\/reouverture-jimmyz-club-monte-carlo.png\",\"contentUrl\":\"https:\\\/\\\/www.monaco-tribune.com\\\/wp-content\\\/uploads\\\/2021\\\/07\\\/reouverture-jimmyz-club-monte-carlo.png\",\"width\":570,\"height\":318,\"caption\":\"Jimmy'z Monte-Carlo\"},{\"@type\":\"BreadcrumbList\",\"@id\":\"https:\\\/\\\/www.monaco-tribune.com\\\/it\\\/2021\\\/07\\\/il-jimmyz-monte-carlo-riapre-i-battenti\\\/#breadcrumb\",\"itemListElement\":[{\"@type\":\"ListItem\",\"position\":1,\"name\":\"Accueil\",\"item\":\"https:\\\/\\\/www.monaco-tribune.com\\\/it\\\/\"},{\"@type\":\"ListItem\",\"position\":2,\"name\":\"Il Jimmy&rsquo;z Monte-Carlo riapre i battenti\"}]},{\"@type\":\"WebSite\",\"@id\":\"https:\\\/\\\/www.monaco-tribune.com\\\/it\\\/#website\",\"url\":\"https:\\\/\\\/www.monaco-tribune.com\\\/it\\\/\",\"name\":\"Monaco Tribune\",\"description\":\"Monaco : actualit\u00e9s \u00e9conomiques, politiques, culturelles et sportives de Monaco et de la French Riviera.\",\"publisher\":{\"@id\":\"https:\\\/\\\/www.monaco-tribune.com\\\/it\\\/#organization\"},\"potentialAction\":[{\"@type\":\"SearchAction\",\"target\":{\"@type\":\"EntryPoint\",\"urlTemplate\":\"https:\\\/\\\/www.monaco-tribune.com\\\/it\\\/?s={search_term_string}\"},\"query-input\":{\"@type\":\"PropertyValueSpecification\",\"valueRequired\":true,\"valueName\":\"search_term_string\"}}],\"inLanguage\":\"it-IT\"},{\"@type\":\"Organization\",\"@id\":\"https:\\\/\\\/www.monaco-tribune.com\\\/it\\\/#organization\",\"name\":\"Monaco Tribune\",\"url\":\"https:\\\/\\\/www.monaco-tribune.com\\\/it\\\/\",\"logo\":{\"@type\":\"ImageObject\",\"inLanguage\":\"it-IT\",\"@id\":\"https:\\\/\\\/www.monaco-tribune.com\\\/it\\\/#\\\/schema\\\/logo\\\/image\\\/\",\"url\":\"https:\\\/\\\/www.monaco-tribune.com\\\/wp-content\\\/uploads\\\/2022\\\/11\\\/logo-monaco-tribune.png\",\"contentUrl\":\"https:\\\/\\\/www.monaco-tribune.com\\\/wp-content\\\/uploads\\\/2022\\\/11\\\/logo-monaco-tribune.png\",\"width\":1548,\"height\":600,\"caption\":\"Monaco Tribune\"},\"image\":{\"@id\":\"https:\\\/\\\/www.monaco-tribune.com\\\/it\\\/#\\\/schema\\\/logo\\\/image\\\/\"},\"sameAs\":[\"https:\\\/\\\/www.facebook.com\\\/MonacoTribune\",\"https:\\\/\\\/x.com\\\/MonacoTribune\",\"https:\\\/\\\/www.instagram.com\\\/monacotribune\\\/\",\"https:\\\/\\\/www.linkedin.com\\\/company\\\/monaco-tribune\",\"https:\\\/\\\/www.youtube.com\\\/channel\\\/UCHle1MnG6hw1y4lWKijVbMA\"]},{\"@type\":\"Person\",\"@id\":\"https:\\\/\\\/www.monaco-tribune.com\\\/it\\\/#\\\/schema\\\/person\\\/8999750e061d77476d5caf542c77c841\",\"name\":\"Simon Zwierniak\",\"image\":{\"@type\":\"ImageObject\",\"inLanguage\":\"it-IT\",\"@id\":\"https:\\\/\\\/secure.gravatar.com\\\/avatar\\\/4996370fc4436ccbc5a09f3a9d6393bb07b46b707a1982d1874380fb0c5458de?s=96&d=mm&r=g\",\"url\":\"https:\\\/\\\/secure.gravatar.com\\\/avatar\\\/4996370fc4436ccbc5a09f3a9d6393bb07b46b707a1982d1874380fb0c5458de?s=96&d=mm&r=g\",\"contentUrl\":\"https:\\\/\\\/secure.gravatar.com\\\/avatar\\\/4996370fc4436ccbc5a09f3a9d6393bb07b46b707a1982d1874380fb0c5458de?s=96&d=mm&r=g\",\"caption\":\"Simon Zwierniak\"},\"url\":\"https:\\\/\\\/www.monaco-tribune.com\\\/it\\\/author\\\/simonzwierniak\\\/\"}]}<\/script>\n<!-- \/ Yoast SEO Premium plugin. -->","yoast_head_json":{"title":"Il Jimmy'z Monte-Carlo riapre i battenti","description":"Il ritorno di una leggenda dopo 16 mesi di assenza. \u00c8 arrivato il momento delle riaperture! Ora, \u00e8 il turno del club iconico di Monte-Carlo, il Jimmy'z,","robots":{"index":"index","follow":"follow","max-snippet":"max-snippet:-1","max-image-preview":"max-image-preview:large","max-video-preview":"max-video-preview:-1"},"canonical":"https:\/\/www.monaco-tribune.com\/it\/2021\/07\/il-jimmyz-monte-carlo-riapre-i-battenti\/","og_locale":"it_IT","og_type":"article","og_title":"Il Jimmy'z Monte-Carlo riapre i battenti - Monaco Tribune","og_description":"Il ritorno di una leggenda dopo 16 mesi di assenza. \u00c8 arrivato il momento delle riaperture! Ora, \u00e8 il turno del club iconico di Monte-Carlo, il Jimmy'z,","og_url":"https:\/\/www.monaco-tribune.com\/it\/2021\/07\/il-jimmyz-monte-carlo-riapre-i-battenti\/","og_site_name":"Monaco Tribune","article_publisher":"https:\/\/www.facebook.com\/MonacoTribune","article_published_time":"2021-07-23T15:03:37+00:00","article_modified_time":"2021-07-23T15:06:07+00:00","og_image":[{"width":570,"height":318,"url":"https:\/\/www.monaco-tribune.com\/wp-content\/uploads\/2021\/07\/reouverture-jimmyz-club-monte-carlo.png","type":"image\/png"}],"author":"Simon Zwierniak","twitter_card":"summary_large_image","twitter_creator":"@MonacoTribune","twitter_site":"@MonacoTribune","schema":{"@context":"https:\/\/schema.org","@graph":[{"@type":"NewsArticle","@id":"https:\/\/www.monaco-tribune.com\/it\/2021\/07\/il-jimmyz-monte-carlo-riapre-i-battenti\/#article","isPartOf":{"@id":"https:\/\/www.monaco-tribune.com\/it\/2021\/07\/il-jimmyz-monte-carlo-riapre-i-battenti\/"},"author":{"name":"Simon Zwierniak","@id":"https:\/\/www.monaco-tribune.com\/it\/#\/schema\/person\/8999750e061d77476d5caf542c77c841"},"headline":"Il Jimmy&#8217;z Monte-Carlo riapre i battenti","datePublished":"2021-07-23T15:03:37+00:00","dateModified":"2021-07-23T15:06:07+00:00","mainEntityOfPage":{"@id":"https:\/\/www.monaco-tribune.com\/it\/2021\/07\/il-jimmyz-monte-carlo-riapre-i-battenti\/"},"wordCount":161,"publisher":{"@id":"https:\/\/www.monaco-tribune.com\/it\/#organization"},"image":{"@id":"https:\/\/www.monaco-tribune.com\/it\/2021\/07\/il-jimmyz-monte-carlo-riapre-i-battenti\/#primaryimage"},"thumbnailUrl":"https:\/\/www.monaco-tribune.com\/wp-content\/uploads\/2021\/07\/reouverture-jimmyz-club-monte-carlo.png","keywords":["Monte-Carlo SBM"],"articleSection":["Cosa fare","Notizie"],"inLanguage":"it-IT","copyrightYear":"2021","copyrightHolder":{"@id":"https:\/\/www.monaco-tribune.com\/#organization"}},{"@type":"WebPage","@id":"https:\/\/www.monaco-tribune.com\/it\/2021\/07\/il-jimmyz-monte-carlo-riapre-i-battenti\/","url":"https:\/\/www.monaco-tribune.com\/it\/2021\/07\/il-jimmyz-monte-carlo-riapre-i-battenti\/","name":"Il Jimmy'z Monte-Carlo riapre i battenti","isPartOf":{"@id":"https:\/\/www.monaco-tribune.com\/it\/#website"},"primaryImageOfPage":{"@id":"https:\/\/www.monaco-tribune.com\/it\/2021\/07\/il-jimmyz-monte-carlo-riapre-i-battenti\/#primaryimage"},"image":{"@id":"https:\/\/www.monaco-tribune.com\/it\/2021\/07\/il-jimmyz-monte-carlo-riapre-i-battenti\/#primaryimage"},"thumbnailUrl":"https:\/\/www.monaco-tribune.com\/wp-content\/uploads\/2021\/07\/reouverture-jimmyz-club-monte-carlo.png","datePublished":"2021-07-23T15:03:37+00:00","dateModified":"2021-07-23T15:06:07+00:00","description":"Il ritorno di una leggenda dopo 16 mesi di assenza. \u00c8 arrivato il momento delle riaperture! Ora, \u00e8 il turno del club iconico di Monte-Carlo, il Jimmy'z,","breadcrumb":{"@id":"https:\/\/www.monaco-tribune.com\/it\/2021\/07\/il-jimmyz-monte-carlo-riapre-i-battenti\/#breadcrumb"},"inLanguage":"it-IT","potentialAction":[{"@type":"ReadAction","target":["https:\/\/www.monaco-tribune.com\/it\/2021\/07\/il-jimmyz-monte-carlo-riapre-i-battenti\/"]}]},{"@type":"ImageObject","inLanguage":"it-IT","@id":"https:\/\/www.monaco-tribune.com\/it\/2021\/07\/il-jimmyz-monte-carlo-riapre-i-battenti\/#primaryimage","url":"https:\/\/www.monaco-tribune.com\/wp-content\/uploads\/2021\/07\/reouverture-jimmyz-club-monte-carlo.png","contentUrl":"https:\/\/www.monaco-tribune.com\/wp-content\/uploads\/2021\/07\/reouverture-jimmyz-club-monte-carlo.png","width":570,"height":318,"caption":"Jimmy'z Monte-Carlo"},{"@type":"BreadcrumbList","@id":"https:\/\/www.monaco-tribune.com\/it\/2021\/07\/il-jimmyz-monte-carlo-riapre-i-battenti\/#breadcrumb","itemListElement":[{"@type":"ListItem","position":1,"name":"Accueil","item":"https:\/\/www.monaco-tribune.com\/it\/"},{"@type":"ListItem","position":2,"name":"Il Jimmy&rsquo;z Monte-Carlo riapre i battenti"}]},{"@type":"WebSite","@id":"https:\/\/www.monaco-tribune.com\/it\/#website","url":"https:\/\/www.monaco-tribune.com\/it\/","name":"Monaco Tribune","description":"Monaco : actualit\u00e9s \u00e9conomiques, politiques, culturelles et sportives de Monaco et de la French Riviera.","publisher":{"@id":"https:\/\/www.monaco-tribune.com\/it\/#organization"},"potentialAction":[{"@type":"SearchAction","target":{"@type":"EntryPoint","urlTemplate":"https:\/\/www.monaco-tribune.com\/it\/?s={search_term_string}"},"query-input":{"@type":"PropertyValueSpecification","valueRequired":true,"valueName":"search_term_string"}}],"inLanguage":"it-IT"},{"@type":"Organization","@id":"https:\/\/www.monaco-tribune.com\/it\/#organization","name":"Monaco Tribune","url":"https:\/\/www.monaco-tribune.com\/it\/","logo":{"@type":"ImageObject","inLanguage":"it-IT","@id":"https:\/\/www.monaco-tribune.com\/it\/#\/schema\/logo\/image\/","url":"https:\/\/www.monaco-tribune.com\/wp-content\/uploads\/2022\/11\/logo-monaco-tribune.png","contentUrl":"https:\/\/www.monaco-tribune.com\/wp-content\/uploads\/2022\/11\/logo-monaco-tribune.png","width":1548,"height":600,"caption":"Monaco Tribune"},"image":{"@id":"https:\/\/www.monaco-tribune.com\/it\/#\/schema\/logo\/image\/"},"sameAs":["https:\/\/www.facebook.com\/MonacoTribune","https:\/\/x.com\/MonacoTribune","https:\/\/www.instagram.com\/monacotribune\/","https:\/\/www.linkedin.com\/company\/monaco-tribune","https:\/\/www.youtube.com\/channel\/UCHle1MnG6hw1y4lWKijVbMA"]},{"@type":"Person","@id":"https:\/\/www.monaco-tribune.com\/it\/#\/schema\/person\/8999750e061d77476d5caf542c77c841","name":"Simon Zwierniak","image":{"@type":"ImageObject","inLanguage":"it-IT","@id":"https:\/\/secure.gravatar.com\/avatar\/4996370fc4436ccbc5a09f3a9d6393bb07b46b707a1982d1874380fb0c5458de?s=96&d=mm&r=g","url":"https:\/\/secure.gravatar.com\/avatar\/4996370fc4436ccbc5a09f3a9d6393bb07b46b707a1982d1874380fb0c5458de?s=96&d=mm&r=g","contentUrl":"https:\/\/secure.gravatar.com\/avatar\/4996370fc4436ccbc5a09f3a9d6393bb07b46b707a1982d1874380fb0c5458de?s=96&d=mm&r=g","caption":"Simon Zwierniak"},"url":"https:\/\/www.monaco-tribune.com\/it\/author\/simonzwierniak\/"}]}},"_links":{"self":[{"href":"https:\/\/www.monaco-tribune.com\/it\/wp-json\/wp\/v2\/posts\/88005","targetHints":{"allow":["GET"]}}],"collection":[{"href":"https:\/\/www.monaco-tribune.com\/it\/wp-json\/wp\/v2\/posts"}],"about":[{"href":"https:\/\/www.monaco-tribune.com\/it\/wp-json\/wp\/v2\/types\/post"}],"author":[{"embeddable":true,"href":"https:\/\/www.monaco-tribune.com\/it\/wp-json\/wp\/v2\/users\/54"}],"replies":[{"embeddable":true,"href":"https:\/\/www.monaco-tribune.com\/it\/wp-json\/wp\/v2\/comments?post=88005"}],"version-history":[{"count":0,"href":"https:\/\/www.monaco-tribune.com\/it\/wp-json\/wp\/v2\/posts\/88005\/revisions"}],"wp:featuredmedia":[{"embeddable":true,"href":"https:\/\/www.monaco-tribune.com\/it\/wp-json\/wp\/v2\/media\/87849"}],"wp:attachment":[{"href":"https:\/\/www.monaco-tribune.com\/it\/wp-json\/wp\/v2\/media?parent=88005"}],"wp:term":[{"taxonomy":"category","embeddable":true,"href":"https:\/\/www.monaco-tribune.com\/it\/wp-json\/wp\/v2\/categories?post=88005"},{"taxonomy":"post_tag","embeddable":true,"href":"https:\/\/www.monaco-tribune.com\/it\/wp-json\/wp\/v2\/tags?post=88005"},{"taxonomy":"sectag","embeddable":true,"href":"https:\/\/www.monaco-tribune.com\/it\/wp-json\/wp\/v2\/post_sectags?post=88005"},{"taxonomy":"format","embeddable":true,"href":"https:\/\/www.monaco-tribune.com\/it\/wp-json\/wp\/v2\/post_format?post=88005"}],"curies":[{"name":"wp","href":"https:\/\/api.w.org\/{rel}","templated":true}]}}