{"id":88182,"date":"2021-07-26T17:57:14","date_gmt":"2021-07-26T15:57:14","guid":{"rendered":"https:\/\/www.monaco-tribune.com\/2021\/07\/una-spiaggia-moderna-perfetta-per-monaco-le-vostre-opinioni-sul-complesso-del-larvotto\/"},"modified":"2021-07-30T10:01:16","modified_gmt":"2021-07-30T08:01:16","slug":"una-spiaggia-moderna-perfetta-per-monaco-le-vostre-opinioni-sul-complesso-del-larvotto","status":"publish","type":"post","link":"https:\/\/www.monaco-tribune.com\/it\/2021\/07\/una-spiaggia-moderna-perfetta-per-monaco-le-vostre-opinioni-sul-complesso-del-larvotto\/","title":{"rendered":"&#8220;Una spiaggia moderna, perfetta per Monaco&#8221;. Le vostre opinioni sul complesso del Larvotto"},"content":{"rendered":"\n<p><strong>Che ne pensate del <a href=\"https:\/\/www.monaco-tribune.com\/it\/2021\/07\/il-nuovo-complesso-balneare-del-larvotto-apre-i-battenti\/\">nuovo complesso balneare del Larvotto<\/a>? Siete stati in tantissimi a commentare <a href=\"https:\/\/www.facebook.com\/groups\/monacotribune\">il nostro gruppo<\/a> e <a href=\"https:\/\/www.facebook.com\/MonacoTribune\/?ref=page_internal\">la nostra pagina Facebook<\/a>. La nuova spiaggia sembra soddisfare tutti i gusti.<\/strong><\/p>\n\n\n\n<h2 class=\"wp-block-heading\" id=\"h-un-complesso-bello-e-moderno\">Un complesso bello e moderno<\/h2>\n\n\n\n<p>La maggior parte di voi sembra soddisfatta da questi cambiamenti. Come Christine, secondo cui &#8220;il concept della nuova spiaggia [\u00e8] molto bello e spazioso&#8221;. Marie-H\u00e9l\u00e8ne, invece, ha condiviso <a href=\"https:\/\/www.facebook.com\/groups\/monacotribune\">l&#8217;impazienza di rivedere aprire i suoi ristoranti preferiti<\/a>: &#8220;Molto pi\u00f9 puliti e quindi pi\u00f9 piacevoli di prima, anche se alcune aperture di negozi e ristoranti si fanno attendere&#8221;.<\/p>\n\n\n\n<p>Tra i ristoranti che hanno gi\u00e0 aperto c&#8217;\u00e8 La Note Bleue. Sylvain, che lavora nel locale, condivide la sua gioia: &#8220;Siamo contenti di essere tornati. Eravamo preoccupati a riguardo, ma siamo felicissimi di esserci. Prima lo adoravamo, e ora che ci stiamo abituando alle novit\u00e0 ci piace molto!&#8221;<\/p>\n\n\n\n<blockquote class=\"wp-block-quote is-layout-flow wp-block-quote-is-layout-flow\"><p><em>\u00c8 un vero peccato per le famiglie<\/em><\/p><\/blockquote>\n\n\n\n<p>Tutti questi cambiamenti portano con loro delle scelte. Il campo di pallavolo, per esempio, \u00e8 stato eliminato. Fiona ha espresso un leggero disappunto: &#8220;i ristoranti prima avevano spazi dedicati ai bambini che ora sono scomparsi! \u00c8 un vero peccato per le famiglie. Per il resto, \u00e8 molto bello e moderno&#8221;.<\/p>\n\n\n\n<p>I cambiamenti non sono certo passati inosservati dagli habitu\u00e9 come Lydia, studentessa di lingue a Nizza, con cui abbiamo fatto due chiacchiere sulla spiaggia. &#8220;Ho molti ricordi al Larvotto, quindi mi dispiace un po&#8217; non riconoscere il posto, ha perso un po&#8217; la sua natura e la sua vivacit\u00e0. Ma \u00e8 comunque una spiaggia moderna in linea con Monaco&#8221;.<\/p>\n\n\n\n<div class=\"wp-block-image\"><figure class=\"aligncenter size-large\"><img loading=\"lazy\" decoding=\"async\" width=\"1024\" height=\"768\" src=\"https:\/\/www.monaco-tribune.com\/wp-content\/uploads\/2021\/07\/larvotto-palais-princier-1-1024x768.jpg\" alt=\"larvotto-palazzo-principe\" class=\"wp-image-87976\" srcset=\"https:\/\/www.monaco-tribune.com\/wp-content\/uploads\/2021\/07\/larvotto-palais-princier-1-1024x768.jpg 1024w, https:\/\/www.monaco-tribune.com\/wp-content\/uploads\/2021\/07\/larvotto-palais-princier-1-400x300.jpg 400w, https:\/\/www.monaco-tribune.com\/wp-content\/uploads\/2021\/07\/larvotto-palais-princier-1-200x150.jpg 200w, https:\/\/www.monaco-tribune.com\/wp-content\/uploads\/2021\/07\/larvotto-palais-princier-1-768x576.jpg 768w, https:\/\/www.monaco-tribune.com\/wp-content\/uploads\/2021\/07\/larvotto-palais-princier-1-1536x1152.jpg 1536w, https:\/\/www.monaco-tribune.com\/wp-content\/uploads\/2021\/07\/larvotto-palais-princier-1-175x131.jpg 175w, https:\/\/www.monaco-tribune.com\/wp-content\/uploads\/2021\/07\/larvotto-palais-princier-1.jpg 1750w\" sizes=\"auto, (max-width: 1024px) 100vw, 1024px\" \/><figcaption>\u00a9 Palazzo del principe di Monaco<\/figcaption><\/figure><\/div>\n\n\n\n<h2 class=\"wp-block-heading\" id=\"h-troppo-cemento-e-poca-ombra\">Troppo cemento e poca ombra<\/h2>\n\n\n\n<p>Ghislaine ha riassunto il suo pensiero in un commento: &#8220;Troppo cemento per me&#8221;. Ed \u00e8 la critica pi\u00f9 diffusa. &#8220;\u00c8 pi\u00f9 moderno e sicuramente \u00e8 un bene per i ristoranti, ma \u00e8 difficile trovare l&#8217;ombra per passeggiare sulla spazio in cemento. Non \u00e8 molto piacevole per le famiglie. Avevano la possibilit\u00e0 di fare uno spazio veramente innovativo, per me non ci sono riusciti&#8221;, scrive Serena <a href=\"https:\/\/www.facebook.com\/groups\/monacotribune\">sul nostro gruppo Facebook<\/a>.<\/p>\n\n\n\n<blockquote class=\"wp-block-quote is-layout-flow wp-block-quote-is-layout-flow\"><p><em>I prezzi delle spiagge private sono davvero eccessivi<\/em><\/p><\/blockquote>\n\n\n\n<p>Un pensiero condiviso anche da Marie-H\u00e9l\u00e8ne: &#8220;non c&#8217;\u00e8 molto spazio all&#8217;ombra sulle spiagge pubbliche&#8221;. Secondo Alex, invece, &#8220;manca assolutamente il verde, non c&#8217;\u00e8 neanche un albero. Nel vialetto in basso, ci saranno forse 20 cm d&#8217;ombra verso le 11:30, \u00e8 impossibile ripararsi dal sole durante la giornata, \u00e8 un peccato. A parte questo, \u00e8 riuscito bene, la spiaggia \u00e8 pi\u00f9 grande e pi\u00f9 accessibile di prima.&#8221;<\/p>\n\n\n\n<p>Tra gli altri problemi riscontrati da alcuni, Karine sottolinea &#8220;l&#8217;assenza di docce (ieri non funzionavano!!)&#8221;. C\u00e9line, invece, spiega che &#8220;sarebbe utile avere delle insegne che risaltano agli occhi all&#8217;esterno dei negozi, perch\u00e9 ci si perde un po&#8217; senza sapere cosa \u00e8 dove quando si \u00e8 nel vialetto&#8221;. Infine, secondo Alex, &#8220;i prezzi delle spiagge private sono davvero eccessivi, 30\/40\u20ac per una sdraio per mezza giornata&#8230;&#8221;<\/p>\n\n\n\n<blockquote class=\"wp-block-quote is-layout-flow wp-block-quote-is-layout-flow\"><p><em>Si ha l&#8217;impressione di sdraiarsi in una lettiera per gatti e si esce tutti bianchi<\/em><\/p><\/blockquote>\n\n\n\n<div class=\"wp-block-image\"><figure class=\"aligncenter size-large\"><img loading=\"lazy\" decoding=\"async\" width=\"1024\" height=\"768\" src=\"https:\/\/www.monaco-tribune.com\/wp-content\/uploads\/2021\/07\/larvotto-plais-princier-1024x768.jpg\" alt=\"larvotto-palazzo-principe\" class=\"wp-image-87980\" srcset=\"https:\/\/www.monaco-tribune.com\/wp-content\/uploads\/2021\/07\/larvotto-plais-princier-1024x768.jpg 1024w, https:\/\/www.monaco-tribune.com\/wp-content\/uploads\/2021\/07\/larvotto-plais-princier-400x300.jpg 400w, https:\/\/www.monaco-tribune.com\/wp-content\/uploads\/2021\/07\/larvotto-plais-princier-200x150.jpg 200w, https:\/\/www.monaco-tribune.com\/wp-content\/uploads\/2021\/07\/larvotto-plais-princier-768x576.jpg 768w, https:\/\/www.monaco-tribune.com\/wp-content\/uploads\/2021\/07\/larvotto-plais-princier-1536x1152.jpg 1536w, https:\/\/www.monaco-tribune.com\/wp-content\/uploads\/2021\/07\/larvotto-plais-princier-175x131.jpg 175w, https:\/\/www.monaco-tribune.com\/wp-content\/uploads\/2021\/07\/larvotto-plais-princier.jpg 1750w\" sizes=\"auto, (max-width: 1024px) 100vw, 1024px\" \/><figcaption>\u00a9 Palazzo del Principe di Monaco<\/figcaption><\/figure><\/div>\n\n\n\n<h2 class=\"wp-block-heading\" id=\"h-una-spiaggia-non-fumatori-dolorosa-sotto-i-piedi\">Una spiaggia non fumatori dolorosa sotto i piedi<\/h2>\n\n\n\n<p>Proprio come C\u00e9line, diverse persone sono sorprese di rivedere la ghiaia. &#8220;Visto che non \u00e8 ancora levigata dal tempo, n\u00e9 particolarmente compressa, fa malissimo ai piedi&#8221;. Secondo l&#8217;utente Cpags Pags: &#8220;ne avrebbero dovuto approfittare per mettere della vera sabbia o qualcos&#8217;altro, invece dei sassolini bianchi. Da sdraiati, si ha l&#8217;impressione di essere in una lettiera per gatti e se ne esce tutti bianchi. D\u00e0 la sensazione di sporcizia&#8221;. Dall&#8217;altro lato, Christine sottolinea che &#8220;lo spazio balneare \u00e8 molto piacevole e si pu\u00f2 nuotare tranquillamente! L&#8217;unico problema \u00e8 la ghiaia, che effettivamente poteva essere rimpiazzata con della sabbia fine! Per il resto, mi piace molto!&#8221;<\/p>\n\n\n\n<p>La grande novit\u00e0 del complesso \u00e8 che la spiaggia \u00e8 diventata non fumatori. La decisione rientra nell&#8217;iniziativa &#8220;Monaco Z\u00e9ro M\u00e9got&#8221; (Monaco zero mozziconi). Secondo Christine, &#8220;lo spazio non fumatori \u00e8 perfetto. Ora bisogna vedere se verr\u00e0 usato per fumare!&#8221; Secondo Marie-H\u00e9l\u00e8ne, qualcuno ha gi\u00e0 infranto le regole: &#8220;Quello che non sopporto sono i fumatori nelle spiagge private (cos\u00ec come i cani), potremmo fare, per esempio, una parte di spiaggia privata per fumatori e l&#8217;altra per non fumatori, per rispettare tutti&#8230;&#8221;<\/p>\n\n\n\n<figure class=\"wp-block-embed aligncenter is-type-video is-provider-youtube wp-block-embed-youtube wp-embed-aspect-16-9 wp-has-aspect-ratio\"><div class=\"wp-block-embed__wrapper\">\n<iframe title=\"Il nuovo volto della spiaggia del Larvotto a Monte-Carlo\" width=\"500\" height=\"281\" src=\"https:\/\/www.youtube.com\/embed\/kmuQv2GSpos?feature=oembed\" frameborder=\"0\" allow=\"accelerometer; autoplay; clipboard-write; encrypted-media; gyroscope; picture-in-picture; web-share\" referrerpolicy=\"strict-origin-when-cross-origin\" allowfullscreen><\/iframe>\n<\/div><\/figure>\n","protected":false},"excerpt":{"rendered":"<p>Che ne pensate del nuovo complesso balneare del Larvotto? Siete stati in tantissimi a commentare il nostro gruppo e la [&hellip;]<\/p>\n","protected":false},"author":53,"featured_media":85482,"comment_status":"closed","ping_status":"closed","sticky":false,"template":"","format":"standard","meta":{"_acf_changed":false,"footnotes":""},"categories":[1740,1826],"tags":[3261],"post_sectags":[],"post_format":[2482],"class_list":["post-88182","post","type-post","status-publish","format-standard","has-post-thumbnail","hentry","category-cosa-fare","category-la-nostra-scelta","tag-vita-locale","format-sondaggio"],"acf":[],"yoast_head":"<!-- This site is optimized with the Yoast SEO Premium plugin v26.8 (Yoast SEO v27.5) - https:\/\/yoast.com\/product\/yoast-seo-premium-wordpress\/ -->\n<title>&quot;Una spiaggia moderna, perfetta per Monaco&quot;. Le vostre opinioni sul complesso del Larvotto<\/title>\n<meta name=\"description\" content=\"Che ne pensate del nuovo complesso balneare del Larvotto? Siete stati in tantissimi a commentare il nostro gruppo e la nostra pagina Facebook. La nuova\" \/>\n<meta name=\"robots\" content=\"index, follow, max-snippet:-1, max-image-preview:large, max-video-preview:-1\" \/>\n<link rel=\"canonical\" href=\"https:\/\/www.monaco-tribune.com\/it\/2021\/07\/una-spiaggia-moderna-perfetta-per-monaco-le-vostre-opinioni-sul-complesso-del-larvotto\/\" \/>\n<meta property=\"og:locale\" content=\"it_IT\" \/>\n<meta property=\"og:type\" content=\"article\" \/>\n<meta property=\"og:title\" content=\"&quot;Una spiaggia moderna, perfetta per Monaco&quot;. Le vostre opinioni sul complesso del Larvotto - Monaco Tribune\" \/>\n<meta property=\"og:description\" content=\"Che ne pensate del nuovo complesso balneare del Larvotto? Siete stati in tantissimi a commentare il nostro gruppo e la nostra pagina Facebook. La nuova\" \/>\n<meta property=\"og:url\" content=\"https:\/\/www.monaco-tribune.com\/it\/2021\/07\/una-spiaggia-moderna-perfetta-per-monaco-le-vostre-opinioni-sul-complesso-del-larvotto\/\" \/>\n<meta property=\"og:site_name\" content=\"Monaco Tribune\" \/>\n<meta property=\"article:publisher\" content=\"https:\/\/www.facebook.com\/MonacoTribune\" \/>\n<meta property=\"article:published_time\" content=\"2021-07-26T15:57:14+00:00\" \/>\n<meta property=\"article:modified_time\" content=\"2021-07-30T08:01:16+00:00\" \/>\n<meta property=\"og:image\" content=\"https:\/\/www.monaco-tribune.com\/wp-content\/uploads\/2021\/07\/larvotto-ouverture-plage-complexe-balneaire.jpg\" \/>\n\t<meta property=\"og:image:width\" content=\"960\" \/>\n\t<meta property=\"og:image:height\" content=\"640\" \/>\n\t<meta property=\"og:image:type\" content=\"image\/jpeg\" \/>\n<meta name=\"author\" content=\"Alexis Gertaldi\" \/>\n<meta name=\"twitter:card\" content=\"summary_large_image\" \/>\n<meta name=\"twitter:creator\" content=\"@MonacoTribune\" \/>\n<meta name=\"twitter:site\" content=\"@MonacoTribune\" \/>\n<script type=\"application\/ld+json\" class=\"yoast-schema-graph\">{\"@context\":\"https:\\\/\\\/schema.org\",\"@graph\":[{\"@type\":\"NewsArticle\",\"@id\":\"https:\\\/\\\/www.monaco-tribune.com\\\/it\\\/2021\\\/07\\\/una-spiaggia-moderna-perfetta-per-monaco-le-vostre-opinioni-sul-complesso-del-larvotto\\\/#article\",\"isPartOf\":{\"@id\":\"https:\\\/\\\/www.monaco-tribune.com\\\/it\\\/2021\\\/07\\\/una-spiaggia-moderna-perfetta-per-monaco-le-vostre-opinioni-sul-complesso-del-larvotto\\\/\"},\"author\":{\"name\":\"Alexis Gertaldi\",\"@id\":\"https:\\\/\\\/www.monaco-tribune.com\\\/it\\\/#\\\/schema\\\/person\\\/0f67738182cc836268021d893fd4ba73\"},\"headline\":\"&#8220;Una spiaggia moderna, perfetta per Monaco&#8221;. Le vostre opinioni sul complesso del Larvotto\",\"datePublished\":\"2021-07-26T15:57:14+00:00\",\"dateModified\":\"2021-07-30T08:01:16+00:00\",\"mainEntityOfPage\":{\"@id\":\"https:\\\/\\\/www.monaco-tribune.com\\\/it\\\/2021\\\/07\\\/una-spiaggia-moderna-perfetta-per-monaco-le-vostre-opinioni-sul-complesso-del-larvotto\\\/\"},\"wordCount\":702,\"publisher\":{\"@id\":\"https:\\\/\\\/www.monaco-tribune.com\\\/it\\\/#organization\"},\"image\":{\"@id\":\"https:\\\/\\\/www.monaco-tribune.com\\\/it\\\/2021\\\/07\\\/una-spiaggia-moderna-perfetta-per-monaco-le-vostre-opinioni-sul-complesso-del-larvotto\\\/#primaryimage\"},\"thumbnailUrl\":\"https:\\\/\\\/www.monaco-tribune.com\\\/wp-content\\\/uploads\\\/2021\\\/07\\\/larvotto-ouverture-plage-complexe-balneaire-e1690535536381.jpg\",\"keywords\":[\"Vita locale\"],\"articleSection\":[\"Cosa fare\",\"La nostra scelta\"],\"inLanguage\":\"it-IT\",\"copyrightYear\":\"2021\",\"copyrightHolder\":{\"@id\":\"https:\\\/\\\/www.monaco-tribune.com\\\/#organization\"}},{\"@type\":\"WebPage\",\"@id\":\"https:\\\/\\\/www.monaco-tribune.com\\\/it\\\/2021\\\/07\\\/una-spiaggia-moderna-perfetta-per-monaco-le-vostre-opinioni-sul-complesso-del-larvotto\\\/\",\"url\":\"https:\\\/\\\/www.monaco-tribune.com\\\/it\\\/2021\\\/07\\\/una-spiaggia-moderna-perfetta-per-monaco-le-vostre-opinioni-sul-complesso-del-larvotto\\\/\",\"name\":\"\\\"Una spiaggia moderna, perfetta per Monaco\\\". Le vostre opinioni sul complesso del Larvotto\",\"isPartOf\":{\"@id\":\"https:\\\/\\\/www.monaco-tribune.com\\\/it\\\/#website\"},\"primaryImageOfPage\":{\"@id\":\"https:\\\/\\\/www.monaco-tribune.com\\\/it\\\/2021\\\/07\\\/una-spiaggia-moderna-perfetta-per-monaco-le-vostre-opinioni-sul-complesso-del-larvotto\\\/#primaryimage\"},\"image\":{\"@id\":\"https:\\\/\\\/www.monaco-tribune.com\\\/it\\\/2021\\\/07\\\/una-spiaggia-moderna-perfetta-per-monaco-le-vostre-opinioni-sul-complesso-del-larvotto\\\/#primaryimage\"},\"thumbnailUrl\":\"https:\\\/\\\/www.monaco-tribune.com\\\/wp-content\\\/uploads\\\/2021\\\/07\\\/larvotto-ouverture-plage-complexe-balneaire-e1690535536381.jpg\",\"datePublished\":\"2021-07-26T15:57:14+00:00\",\"dateModified\":\"2021-07-30T08:01:16+00:00\",\"description\":\"Che ne pensate del nuovo complesso balneare del Larvotto? Siete stati in tantissimi a commentare il nostro gruppo e la nostra pagina Facebook. La nuova\",\"breadcrumb\":{\"@id\":\"https:\\\/\\\/www.monaco-tribune.com\\\/it\\\/2021\\\/07\\\/una-spiaggia-moderna-perfetta-per-monaco-le-vostre-opinioni-sul-complesso-del-larvotto\\\/#breadcrumb\"},\"inLanguage\":\"it-IT\",\"potentialAction\":[{\"@type\":\"ReadAction\",\"target\":[\"https:\\\/\\\/www.monaco-tribune.com\\\/it\\\/2021\\\/07\\\/una-spiaggia-moderna-perfetta-per-monaco-le-vostre-opinioni-sul-complesso-del-larvotto\\\/\"]}]},{\"@type\":\"ImageObject\",\"inLanguage\":\"it-IT\",\"@id\":\"https:\\\/\\\/www.monaco-tribune.com\\\/it\\\/2021\\\/07\\\/una-spiaggia-moderna-perfetta-per-monaco-le-vostre-opinioni-sul-complesso-del-larvotto\\\/#primaryimage\",\"url\":\"https:\\\/\\\/www.monaco-tribune.com\\\/wp-content\\\/uploads\\\/2021\\\/07\\\/larvotto-ouverture-plage-complexe-balneaire-e1690535536381.jpg\",\"contentUrl\":\"https:\\\/\\\/www.monaco-tribune.com\\\/wp-content\\\/uploads\\\/2021\\\/07\\\/larvotto-ouverture-plage-complexe-balneaire-e1690535536381.jpg\",\"width\":960,\"height\":640,\"caption\":\"Alcuni si godono la spiaggia del Larvotto la mattina presto. \u00a9 Governo del Principe\"},{\"@type\":\"BreadcrumbList\",\"@id\":\"https:\\\/\\\/www.monaco-tribune.com\\\/it\\\/2021\\\/07\\\/una-spiaggia-moderna-perfetta-per-monaco-le-vostre-opinioni-sul-complesso-del-larvotto\\\/#breadcrumb\",\"itemListElement\":[{\"@type\":\"ListItem\",\"position\":1,\"name\":\"Accueil\",\"item\":\"https:\\\/\\\/www.monaco-tribune.com\\\/it\\\/\"},{\"@type\":\"ListItem\",\"position\":2,\"name\":\"\u00ab\u00a0Una spiaggia moderna, perfetta per Monaco\u00a0\u00bb. Le vostre opinioni sul complesso del Larvotto\"}]},{\"@type\":\"WebSite\",\"@id\":\"https:\\\/\\\/www.monaco-tribune.com\\\/it\\\/#website\",\"url\":\"https:\\\/\\\/www.monaco-tribune.com\\\/it\\\/\",\"name\":\"Monaco Tribune\",\"description\":\"Monaco : actualit\u00e9s \u00e9conomiques, politiques, culturelles et sportives de Monaco et de la French Riviera.\",\"publisher\":{\"@id\":\"https:\\\/\\\/www.monaco-tribune.com\\\/it\\\/#organization\"},\"potentialAction\":[{\"@type\":\"SearchAction\",\"target\":{\"@type\":\"EntryPoint\",\"urlTemplate\":\"https:\\\/\\\/www.monaco-tribune.com\\\/it\\\/?s={search_term_string}\"},\"query-input\":{\"@type\":\"PropertyValueSpecification\",\"valueRequired\":true,\"valueName\":\"search_term_string\"}}],\"inLanguage\":\"it-IT\"},{\"@type\":\"Organization\",\"@id\":\"https:\\\/\\\/www.monaco-tribune.com\\\/it\\\/#organization\",\"name\":\"Monaco Tribune\",\"url\":\"https:\\\/\\\/www.monaco-tribune.com\\\/it\\\/\",\"logo\":{\"@type\":\"ImageObject\",\"inLanguage\":\"it-IT\",\"@id\":\"https:\\\/\\\/www.monaco-tribune.com\\\/it\\\/#\\\/schema\\\/logo\\\/image\\\/\",\"url\":\"https:\\\/\\\/www.monaco-tribune.com\\\/wp-content\\\/uploads\\\/2022\\\/11\\\/logo-monaco-tribune.png\",\"contentUrl\":\"https:\\\/\\\/www.monaco-tribune.com\\\/wp-content\\\/uploads\\\/2022\\\/11\\\/logo-monaco-tribune.png\",\"width\":1548,\"height\":600,\"caption\":\"Monaco Tribune\"},\"image\":{\"@id\":\"https:\\\/\\\/www.monaco-tribune.com\\\/it\\\/#\\\/schema\\\/logo\\\/image\\\/\"},\"sameAs\":[\"https:\\\/\\\/www.facebook.com\\\/MonacoTribune\",\"https:\\\/\\\/x.com\\\/MonacoTribune\",\"https:\\\/\\\/www.instagram.com\\\/monacotribune\\\/\",\"https:\\\/\\\/www.linkedin.com\\\/company\\\/monaco-tribune\",\"https:\\\/\\\/www.youtube.com\\\/channel\\\/UCHle1MnG6hw1y4lWKijVbMA\"]},{\"@type\":\"Person\",\"@id\":\"https:\\\/\\\/www.monaco-tribune.com\\\/it\\\/#\\\/schema\\\/person\\\/0f67738182cc836268021d893fd4ba73\",\"name\":\"Alexis Gertaldi\",\"image\":{\"@type\":\"ImageObject\",\"inLanguage\":\"it-IT\",\"@id\":\"https:\\\/\\\/secure.gravatar.com\\\/avatar\\\/21b6ee3415f5367a62f27983f05e4438c99d07dde81a8f97705ac6877cfc19da?s=96&d=mm&r=g\",\"url\":\"https:\\\/\\\/secure.gravatar.com\\\/avatar\\\/21b6ee3415f5367a62f27983f05e4438c99d07dde81a8f97705ac6877cfc19da?s=96&d=mm&r=g\",\"contentUrl\":\"https:\\\/\\\/secure.gravatar.com\\\/avatar\\\/21b6ee3415f5367a62f27983f05e4438c99d07dde81a8f97705ac6877cfc19da?s=96&d=mm&r=g\",\"caption\":\"Alexis Gertaldi\"},\"url\":\"https:\\\/\\\/www.monaco-tribune.com\\\/it\\\/author\\\/alexisgertaldi\\\/\"}]}<\/script>\n<!-- \/ Yoast SEO Premium plugin. -->","yoast_head_json":{"title":"\"Una spiaggia moderna, perfetta per Monaco\". Le vostre opinioni sul complesso del Larvotto","description":"Che ne pensate del nuovo complesso balneare del Larvotto? Siete stati in tantissimi a commentare il nostro gruppo e la nostra pagina Facebook. La nuova","robots":{"index":"index","follow":"follow","max-snippet":"max-snippet:-1","max-image-preview":"max-image-preview:large","max-video-preview":"max-video-preview:-1"},"canonical":"https:\/\/www.monaco-tribune.com\/it\/2021\/07\/una-spiaggia-moderna-perfetta-per-monaco-le-vostre-opinioni-sul-complesso-del-larvotto\/","og_locale":"it_IT","og_type":"article","og_title":"\"Una spiaggia moderna, perfetta per Monaco\". Le vostre opinioni sul complesso del Larvotto - Monaco Tribune","og_description":"Che ne pensate del nuovo complesso balneare del Larvotto? Siete stati in tantissimi a commentare il nostro gruppo e la nostra pagina Facebook. La nuova","og_url":"https:\/\/www.monaco-tribune.com\/it\/2021\/07\/una-spiaggia-moderna-perfetta-per-monaco-le-vostre-opinioni-sul-complesso-del-larvotto\/","og_site_name":"Monaco Tribune","article_publisher":"https:\/\/www.facebook.com\/MonacoTribune","article_published_time":"2021-07-26T15:57:14+00:00","article_modified_time":"2021-07-30T08:01:16+00:00","og_image":[{"width":960,"height":640,"url":"https:\/\/www.monaco-tribune.com\/wp-content\/uploads\/2021\/07\/larvotto-ouverture-plage-complexe-balneaire.jpg","type":"image\/jpeg"}],"author":"Alexis Gertaldi","twitter_card":"summary_large_image","twitter_creator":"@MonacoTribune","twitter_site":"@MonacoTribune","schema":{"@context":"https:\/\/schema.org","@graph":[{"@type":"NewsArticle","@id":"https:\/\/www.monaco-tribune.com\/it\/2021\/07\/una-spiaggia-moderna-perfetta-per-monaco-le-vostre-opinioni-sul-complesso-del-larvotto\/#article","isPartOf":{"@id":"https:\/\/www.monaco-tribune.com\/it\/2021\/07\/una-spiaggia-moderna-perfetta-per-monaco-le-vostre-opinioni-sul-complesso-del-larvotto\/"},"author":{"name":"Alexis Gertaldi","@id":"https:\/\/www.monaco-tribune.com\/it\/#\/schema\/person\/0f67738182cc836268021d893fd4ba73"},"headline":"&#8220;Una spiaggia moderna, perfetta per Monaco&#8221;. Le vostre opinioni sul complesso del Larvotto","datePublished":"2021-07-26T15:57:14+00:00","dateModified":"2021-07-30T08:01:16+00:00","mainEntityOfPage":{"@id":"https:\/\/www.monaco-tribune.com\/it\/2021\/07\/una-spiaggia-moderna-perfetta-per-monaco-le-vostre-opinioni-sul-complesso-del-larvotto\/"},"wordCount":702,"publisher":{"@id":"https:\/\/www.monaco-tribune.com\/it\/#organization"},"image":{"@id":"https:\/\/www.monaco-tribune.com\/it\/2021\/07\/una-spiaggia-moderna-perfetta-per-monaco-le-vostre-opinioni-sul-complesso-del-larvotto\/#primaryimage"},"thumbnailUrl":"https:\/\/www.monaco-tribune.com\/wp-content\/uploads\/2021\/07\/larvotto-ouverture-plage-complexe-balneaire-e1690535536381.jpg","keywords":["Vita locale"],"articleSection":["Cosa fare","La nostra scelta"],"inLanguage":"it-IT","copyrightYear":"2021","copyrightHolder":{"@id":"https:\/\/www.monaco-tribune.com\/#organization"}},{"@type":"WebPage","@id":"https:\/\/www.monaco-tribune.com\/it\/2021\/07\/una-spiaggia-moderna-perfetta-per-monaco-le-vostre-opinioni-sul-complesso-del-larvotto\/","url":"https:\/\/www.monaco-tribune.com\/it\/2021\/07\/una-spiaggia-moderna-perfetta-per-monaco-le-vostre-opinioni-sul-complesso-del-larvotto\/","name":"\"Una spiaggia moderna, perfetta per Monaco\". Le vostre opinioni sul complesso del Larvotto","isPartOf":{"@id":"https:\/\/www.monaco-tribune.com\/it\/#website"},"primaryImageOfPage":{"@id":"https:\/\/www.monaco-tribune.com\/it\/2021\/07\/una-spiaggia-moderna-perfetta-per-monaco-le-vostre-opinioni-sul-complesso-del-larvotto\/#primaryimage"},"image":{"@id":"https:\/\/www.monaco-tribune.com\/it\/2021\/07\/una-spiaggia-moderna-perfetta-per-monaco-le-vostre-opinioni-sul-complesso-del-larvotto\/#primaryimage"},"thumbnailUrl":"https:\/\/www.monaco-tribune.com\/wp-content\/uploads\/2021\/07\/larvotto-ouverture-plage-complexe-balneaire-e1690535536381.jpg","datePublished":"2021-07-26T15:57:14+00:00","dateModified":"2021-07-30T08:01:16+00:00","description":"Che ne pensate del nuovo complesso balneare del Larvotto? Siete stati in tantissimi a commentare il nostro gruppo e la nostra pagina Facebook. La nuova","breadcrumb":{"@id":"https:\/\/www.monaco-tribune.com\/it\/2021\/07\/una-spiaggia-moderna-perfetta-per-monaco-le-vostre-opinioni-sul-complesso-del-larvotto\/#breadcrumb"},"inLanguage":"it-IT","potentialAction":[{"@type":"ReadAction","target":["https:\/\/www.monaco-tribune.com\/it\/2021\/07\/una-spiaggia-moderna-perfetta-per-monaco-le-vostre-opinioni-sul-complesso-del-larvotto\/"]}]},{"@type":"ImageObject","inLanguage":"it-IT","@id":"https:\/\/www.monaco-tribune.com\/it\/2021\/07\/una-spiaggia-moderna-perfetta-per-monaco-le-vostre-opinioni-sul-complesso-del-larvotto\/#primaryimage","url":"https:\/\/www.monaco-tribune.com\/wp-content\/uploads\/2021\/07\/larvotto-ouverture-plage-complexe-balneaire-e1690535536381.jpg","contentUrl":"https:\/\/www.monaco-tribune.com\/wp-content\/uploads\/2021\/07\/larvotto-ouverture-plage-complexe-balneaire-e1690535536381.jpg","width":960,"height":640,"caption":"Alcuni si godono la spiaggia del Larvotto la mattina presto. \u00a9 Governo del Principe"},{"@type":"BreadcrumbList","@id":"https:\/\/www.monaco-tribune.com\/it\/2021\/07\/una-spiaggia-moderna-perfetta-per-monaco-le-vostre-opinioni-sul-complesso-del-larvotto\/#breadcrumb","itemListElement":[{"@type":"ListItem","position":1,"name":"Accueil","item":"https:\/\/www.monaco-tribune.com\/it\/"},{"@type":"ListItem","position":2,"name":"\u00ab\u00a0Una spiaggia moderna, perfetta per Monaco\u00a0\u00bb. Le vostre opinioni sul complesso del Larvotto"}]},{"@type":"WebSite","@id":"https:\/\/www.monaco-tribune.com\/it\/#website","url":"https:\/\/www.monaco-tribune.com\/it\/","name":"Monaco Tribune","description":"Monaco : actualit\u00e9s \u00e9conomiques, politiques, culturelles et sportives de Monaco et de la French Riviera.","publisher":{"@id":"https:\/\/www.monaco-tribune.com\/it\/#organization"},"potentialAction":[{"@type":"SearchAction","target":{"@type":"EntryPoint","urlTemplate":"https:\/\/www.monaco-tribune.com\/it\/?s={search_term_string}"},"query-input":{"@type":"PropertyValueSpecification","valueRequired":true,"valueName":"search_term_string"}}],"inLanguage":"it-IT"},{"@type":"Organization","@id":"https:\/\/www.monaco-tribune.com\/it\/#organization","name":"Monaco Tribune","url":"https:\/\/www.monaco-tribune.com\/it\/","logo":{"@type":"ImageObject","inLanguage":"it-IT","@id":"https:\/\/www.monaco-tribune.com\/it\/#\/schema\/logo\/image\/","url":"https:\/\/www.monaco-tribune.com\/wp-content\/uploads\/2022\/11\/logo-monaco-tribune.png","contentUrl":"https:\/\/www.monaco-tribune.com\/wp-content\/uploads\/2022\/11\/logo-monaco-tribune.png","width":1548,"height":600,"caption":"Monaco Tribune"},"image":{"@id":"https:\/\/www.monaco-tribune.com\/it\/#\/schema\/logo\/image\/"},"sameAs":["https:\/\/www.facebook.com\/MonacoTribune","https:\/\/x.com\/MonacoTribune","https:\/\/www.instagram.com\/monacotribune\/","https:\/\/www.linkedin.com\/company\/monaco-tribune","https:\/\/www.youtube.com\/channel\/UCHle1MnG6hw1y4lWKijVbMA"]},{"@type":"Person","@id":"https:\/\/www.monaco-tribune.com\/it\/#\/schema\/person\/0f67738182cc836268021d893fd4ba73","name":"Alexis Gertaldi","image":{"@type":"ImageObject","inLanguage":"it-IT","@id":"https:\/\/secure.gravatar.com\/avatar\/21b6ee3415f5367a62f27983f05e4438c99d07dde81a8f97705ac6877cfc19da?s=96&d=mm&r=g","url":"https:\/\/secure.gravatar.com\/avatar\/21b6ee3415f5367a62f27983f05e4438c99d07dde81a8f97705ac6877cfc19da?s=96&d=mm&r=g","contentUrl":"https:\/\/secure.gravatar.com\/avatar\/21b6ee3415f5367a62f27983f05e4438c99d07dde81a8f97705ac6877cfc19da?s=96&d=mm&r=g","caption":"Alexis Gertaldi"},"url":"https:\/\/www.monaco-tribune.com\/it\/author\/alexisgertaldi\/"}]}},"_links":{"self":[{"href":"https:\/\/www.monaco-tribune.com\/it\/wp-json\/wp\/v2\/posts\/88182","targetHints":{"allow":["GET"]}}],"collection":[{"href":"https:\/\/www.monaco-tribune.com\/it\/wp-json\/wp\/v2\/posts"}],"about":[{"href":"https:\/\/www.monaco-tribune.com\/it\/wp-json\/wp\/v2\/types\/post"}],"author":[{"embeddable":true,"href":"https:\/\/www.monaco-tribune.com\/it\/wp-json\/wp\/v2\/users\/53"}],"replies":[{"embeddable":true,"href":"https:\/\/www.monaco-tribune.com\/it\/wp-json\/wp\/v2\/comments?post=88182"}],"version-history":[{"count":0,"href":"https:\/\/www.monaco-tribune.com\/it\/wp-json\/wp\/v2\/posts\/88182\/revisions"}],"wp:featuredmedia":[{"embeddable":true,"href":"https:\/\/www.monaco-tribune.com\/it\/wp-json\/wp\/v2\/media\/85482"}],"wp:attachment":[{"href":"https:\/\/www.monaco-tribune.com\/it\/wp-json\/wp\/v2\/media?parent=88182"}],"wp:term":[{"taxonomy":"category","embeddable":true,"href":"https:\/\/www.monaco-tribune.com\/it\/wp-json\/wp\/v2\/categories?post=88182"},{"taxonomy":"post_tag","embeddable":true,"href":"https:\/\/www.monaco-tribune.com\/it\/wp-json\/wp\/v2\/tags?post=88182"},{"taxonomy":"sectag","embeddable":true,"href":"https:\/\/www.monaco-tribune.com\/it\/wp-json\/wp\/v2\/post_sectags?post=88182"},{"taxonomy":"format","embeddable":true,"href":"https:\/\/www.monaco-tribune.com\/it\/wp-json\/wp\/v2\/post_format?post=88182"}],"curies":[{"name":"wp","href":"https:\/\/api.w.org\/{rel}","templated":true}]}}