{"id":88190,"date":"2021-07-26T18:38:20","date_gmt":"2021-07-26T16:38:20","guid":{"rendered":"https:\/\/www.monaco-tribune.com\/2021\/07\/3-attivita-da-fare-questa-settmana\/"},"modified":"2021-07-26T18:38:26","modified_gmt":"2021-07-26T16:38:26","slug":"3-attivita-da-fare-questa-settmana","status":"publish","type":"post","link":"https:\/\/www.monaco-tribune.com\/it\/2021\/07\/3-attivita-da-fare-questa-settmana\/","title":{"rendered":"3 attivit\u00e0 da fare questa settmana"},"content":{"rendered":"\n<p><strong>Questa settimana vi proponiamo tre luoghi emblematici e tre attivit\u00e0 per triplicare il divertimento nel Principato!<\/strong><\/p>\n\n<h2 class=\"has-text-align-center wp-block-heading\" id=\"h-l-t-au-port-hercule\">Godersi l&#8217;estate a Port Hercule<\/h2>\n\n<p>Fino al 22 agosto, il quai Antoine propone animazioni estive agli habitu\u00e9 e ai nuovi arrivati. Volete fare un giro sulle giostre o sfidare la velocit\u00e0 a bordo di un go-kart? Se siete dei tipi pi\u00f9 sportivi, c&#8217;\u00e8 un campo da basket che vi aspetta per fare due tiri. Quando ne avrete avuto abbastanza, fate un salto allo Stadio Nautico Rainier III dove, seduti su delle panchine ombreggiate, potrete ammirare la mostra &#8220;<a href=\"https:\/\/www.monaco-tribune.com\/it\/2021\/01\/le-opere-di-alberto-giacometti-presto-in-mostra-a-monaco\/\">Alberto Giacometti \u2013 Une r\u00e9trospective, le r\u00e9el merveilleux<\/a>&#8221; e leggere le insegne esplicative.<\/p>\n\n<h2 class=\"has-text-align-center wp-block-heading\">(Ri)scoprire la spiaggia del Larvotto<\/h2>\n\n<p>Dopo diversi mesi d&#8217;attesa, sarebbe un peccato non approfittarne! Dal 3 luglio, il nuovo complesso balneare del Larvotto ha riaperto al pubblico. Uno spazio reinventato che offre una passeggiata e 14.000 m2 di spiaggia non fumatori. Sono disponibili anche diversi servizi, come un asilo nido, una palestra e una scuola di nuoto.<\/p>\n\n<p>Dopo una bella nuotata, perch\u00e9 non rilassarsi un po&#8217; sulle nuove terrazze dei ristoranti?<\/p>\n\n<p>Nonostante sia nuovo di zecca, il complesso ha sollevato <a href=\"https:\/\/www.monaco-tribune.com\/it\/2021\/07\/una-spiaggia-moderna-perfetta-per-monaco-le-vostre-opinioni-sul-complesso-del-larvotto\/\">diverse perplessit\u00e0 tra i nostri lettori&#8230;<\/a><\/p>\n<figure class=\"wp-block-embed aligncenter is-type-video is-provider-youtube wp-block-embed-youtube wp-embed-aspect-16-9 wp-has-aspect-ratio\"><div class=\"wp-block-embed__wrapper\">\r\n<iframe title=\"Le nouveau visage de la Plage du Larvotto \u00e0 Monaco\" width=\"500\" height=\"281\" src=\"https:\/\/www.youtube.com\/embed\/LqhsOYK4kFg?feature=oembed\" frameborder=\"0\" allow=\"accelerometer; autoplay; clipboard-write; encrypted-media; gyroscope; picture-in-picture; web-share\" referrerpolicy=\"strict-origin-when-cross-origin\" allowfullscreen><\/iframe>\r\n<\/div><\/figure>\r\n\n<h2 class=\"has-text-align-center wp-block-heading\">Riscoprire il centro storico di Monaco<\/h2>\n\n<p>Dal 23 luglio, il centro storico di Monaco ospita l&#8217;iniziativa &#8220;Revivez vos quartiers&#8221; (Riscoprite i vostri quartieri). Fino al 20 agosto, tutti i venerd\u00ec dalle 16:00 alle 21:00 potrete partecipare a diverse attivit\u00e0, come i concerti all&#8217;aria aperta, tra cui quello dei Carabinieri del Principe. Tra laboratori creativi, tombole, musicisti, photobooth e animazione, le attivit\u00e0 per i pi\u00f9 piccoli, e non solo, non mancano. Ci sar\u00e0 da divertirsi!<\/p>\n\n<p>Gli eventi sono interamente finanziati dal Governo del Principe, che punta a rilanciare l&#8217;economia e soprattutto il turismo nella Rocca.<\/p>\n","protected":false},"excerpt":{"rendered":"<p>Questa settimana vi proponiamo tre luoghi emblematici e tre attivit\u00e0 per triplicare il divertimento nel Principato! Godersi l&#8217;estate a Port [&hellip;]<\/p>\n","protected":false},"author":53,"featured_media":88117,"comment_status":"closed","ping_status":"closed","sticky":false,"template":"","format":"standard","meta":{"_acf_changed":false,"footnotes":""},"categories":[1740,1738],"tags":[],"post_sectags":[],"post_format":[2471],"class_list":["post-88190","post","type-post","status-publish","format-standard","has-post-thumbnail","hentry","category-cosa-fare","category-notizie","format-evento"],"acf":[],"yoast_head":"<!-- This site is optimized with the Yoast SEO Premium plugin v27.5 (Yoast SEO v27.5) - https:\/\/yoast.com\/product\/yoast-seo-premium-wordpress\/ -->\n<title>3 attivit\u00e0 da fare questa settmana<\/title>\n<meta name=\"description\" content=\"Questa settimana vi proponiamo tre luoghi emblematici e tre attivit\u00e0 per triplicare il divertimento nel Principato! Godersi l&#039;estate a Port Hercule Fino\" \/>\n<meta name=\"robots\" content=\"index, follow, max-snippet:-1, max-image-preview:large, max-video-preview:-1\" \/>\n<link rel=\"canonical\" href=\"https:\/\/www.monaco-tribune.com\/it\/2021\/07\/3-attivita-da-fare-questa-settmana\/\" \/>\n<meta property=\"og:locale\" content=\"it_IT\" \/>\n<meta property=\"og:type\" content=\"article\" \/>\n<meta property=\"og:title\" content=\"3 attivit\u00e0 da fare questa settmana - Monaco Tribune\" \/>\n<meta property=\"og:description\" content=\"Questa settimana vi proponiamo tre luoghi emblematici e tre attivit\u00e0 per triplicare il divertimento nel Principato! Godersi l&#039;estate a Port Hercule Fino\" \/>\n<meta property=\"og:url\" content=\"https:\/\/www.monaco-tribune.com\/it\/2021\/07\/3-attivita-da-fare-questa-settmana\/\" \/>\n<meta property=\"og:site_name\" content=\"Monaco Tribune\" \/>\n<meta property=\"article:publisher\" content=\"https:\/\/www.facebook.com\/MonacoTribune\" \/>\n<meta property=\"article:published_time\" content=\"2021-07-26T16:38:20+00:00\" \/>\n<meta property=\"article:modified_time\" content=\"2021-07-26T16:38:26+00:00\" \/>\n<meta property=\"og:image\" content=\"https:\/\/www.monaco-tribune.com\/wp-content\/uploads\/2021\/07\/quoi-faire-monaco-juillet.jpg\" \/>\n\t<meta property=\"og:image:width\" content=\"1024\" \/>\n\t<meta property=\"og:image:height\" content=\"603\" \/>\n\t<meta property=\"og:image:type\" content=\"image\/jpeg\" \/>\n<meta name=\"author\" content=\"Alexis Gertaldi\" \/>\n<meta name=\"twitter:card\" content=\"summary_large_image\" \/>\n<meta name=\"twitter:creator\" content=\"@MonacoTribune\" \/>\n<meta name=\"twitter:site\" content=\"@MonacoTribune\" \/>\n<script type=\"application\/ld+json\" class=\"yoast-schema-graph\">{\"@context\":\"https:\\\/\\\/schema.org\",\"@graph\":[{\"@type\":\"NewsArticle\",\"@id\":\"https:\\\/\\\/www.monaco-tribune.com\\\/it\\\/2021\\\/07\\\/3-attivita-da-fare-questa-settmana\\\/#article\",\"isPartOf\":{\"@id\":\"https:\\\/\\\/www.monaco-tribune.com\\\/it\\\/2021\\\/07\\\/3-attivita-da-fare-questa-settmana\\\/\"},\"author\":{\"name\":\"Alexis Gertaldi\",\"@id\":\"https:\\\/\\\/www.monaco-tribune.com\\\/it\\\/#\\\/schema\\\/person\\\/0f67738182cc836268021d893fd4ba73\"},\"headline\":\"3 attivit\u00e0 da fare questa settmana\",\"datePublished\":\"2021-07-26T16:38:20+00:00\",\"dateModified\":\"2021-07-26T16:38:26+00:00\",\"mainEntityOfPage\":{\"@id\":\"https:\\\/\\\/www.monaco-tribune.com\\\/it\\\/2021\\\/07\\\/3-attivita-da-fare-questa-settmana\\\/\"},\"wordCount\":303,\"publisher\":{\"@id\":\"https:\\\/\\\/www.monaco-tribune.com\\\/it\\\/#organization\"},\"image\":{\"@id\":\"https:\\\/\\\/www.monaco-tribune.com\\\/it\\\/2021\\\/07\\\/3-attivita-da-fare-questa-settmana\\\/#primaryimage\"},\"thumbnailUrl\":\"https:\\\/\\\/www.monaco-tribune.com\\\/wp-content\\\/uploads\\\/2021\\\/07\\\/quoi-faire-monaco-juillet.jpg\",\"articleSection\":[\"Cosa fare\",\"Notizie\"],\"inLanguage\":\"it-IT\",\"copyrightYear\":\"2021\",\"copyrightHolder\":{\"@id\":\"https:\\\/\\\/www.monaco-tribune.com\\\/#organization\"}},{\"@type\":\"WebPage\",\"@id\":\"https:\\\/\\\/www.monaco-tribune.com\\\/it\\\/2021\\\/07\\\/3-attivita-da-fare-questa-settmana\\\/\",\"url\":\"https:\\\/\\\/www.monaco-tribune.com\\\/it\\\/2021\\\/07\\\/3-attivita-da-fare-questa-settmana\\\/\",\"name\":\"3 attivit\u00e0 da fare questa settmana\",\"isPartOf\":{\"@id\":\"https:\\\/\\\/www.monaco-tribune.com\\\/it\\\/#website\"},\"primaryImageOfPage\":{\"@id\":\"https:\\\/\\\/www.monaco-tribune.com\\\/it\\\/2021\\\/07\\\/3-attivita-da-fare-questa-settmana\\\/#primaryimage\"},\"image\":{\"@id\":\"https:\\\/\\\/www.monaco-tribune.com\\\/it\\\/2021\\\/07\\\/3-attivita-da-fare-questa-settmana\\\/#primaryimage\"},\"thumbnailUrl\":\"https:\\\/\\\/www.monaco-tribune.com\\\/wp-content\\\/uploads\\\/2021\\\/07\\\/quoi-faire-monaco-juillet.jpg\",\"datePublished\":\"2021-07-26T16:38:20+00:00\",\"dateModified\":\"2021-07-26T16:38:26+00:00\",\"description\":\"Questa settimana vi proponiamo tre luoghi emblematici e tre attivit\u00e0 per triplicare il divertimento nel Principato! Godersi l'estate a Port Hercule Fino\",\"breadcrumb\":{\"@id\":\"https:\\\/\\\/www.monaco-tribune.com\\\/it\\\/2021\\\/07\\\/3-attivita-da-fare-questa-settmana\\\/#breadcrumb\"},\"inLanguage\":\"it-IT\",\"potentialAction\":[{\"@type\":\"ReadAction\",\"target\":[\"https:\\\/\\\/www.monaco-tribune.com\\\/it\\\/2021\\\/07\\\/3-attivita-da-fare-questa-settmana\\\/\"]}]},{\"@type\":\"ImageObject\",\"inLanguage\":\"it-IT\",\"@id\":\"https:\\\/\\\/www.monaco-tribune.com\\\/it\\\/2021\\\/07\\\/3-attivita-da-fare-questa-settmana\\\/#primaryimage\",\"url\":\"https:\\\/\\\/www.monaco-tribune.com\\\/wp-content\\\/uploads\\\/2021\\\/07\\\/quoi-faire-monaco-juillet.jpg\",\"contentUrl\":\"https:\\\/\\\/www.monaco-tribune.com\\\/wp-content\\\/uploads\\\/2021\\\/07\\\/quoi-faire-monaco-juillet.jpg\",\"width\":1024,\"height\":603,\"caption\":\"Monaco Tribune\"},{\"@type\":\"BreadcrumbList\",\"@id\":\"https:\\\/\\\/www.monaco-tribune.com\\\/it\\\/2021\\\/07\\\/3-attivita-da-fare-questa-settmana\\\/#breadcrumb\",\"itemListElement\":[{\"@type\":\"ListItem\",\"position\":1,\"name\":\"Accueil\",\"item\":\"https:\\\/\\\/www.monaco-tribune.com\\\/it\\\/\"},{\"@type\":\"ListItem\",\"position\":2,\"name\":\"3 attivit\u00e0 da fare questa settmana\"}]},{\"@type\":\"WebSite\",\"@id\":\"https:\\\/\\\/www.monaco-tribune.com\\\/it\\\/#website\",\"url\":\"https:\\\/\\\/www.monaco-tribune.com\\\/it\\\/\",\"name\":\"Monaco Tribune\",\"description\":\"Monaco : actualit\u00e9s \u00e9conomiques, politiques, culturelles et sportives de Monaco et de la French Riviera.\",\"publisher\":{\"@id\":\"https:\\\/\\\/www.monaco-tribune.com\\\/it\\\/#organization\"},\"potentialAction\":[{\"@type\":\"SearchAction\",\"target\":{\"@type\":\"EntryPoint\",\"urlTemplate\":\"https:\\\/\\\/www.monaco-tribune.com\\\/it\\\/?s={search_term_string}\"},\"query-input\":{\"@type\":\"PropertyValueSpecification\",\"valueRequired\":true,\"valueName\":\"search_term_string\"}}],\"inLanguage\":\"it-IT\"},{\"@type\":\"Organization\",\"@id\":\"https:\\\/\\\/www.monaco-tribune.com\\\/it\\\/#organization\",\"name\":\"Monaco Tribune\",\"url\":\"https:\\\/\\\/www.monaco-tribune.com\\\/it\\\/\",\"logo\":{\"@type\":\"ImageObject\",\"inLanguage\":\"it-IT\",\"@id\":\"https:\\\/\\\/www.monaco-tribune.com\\\/it\\\/#\\\/schema\\\/logo\\\/image\\\/\",\"url\":\"https:\\\/\\\/www.monaco-tribune.com\\\/wp-content\\\/uploads\\\/2022\\\/11\\\/logo-monaco-tribune.png\",\"contentUrl\":\"https:\\\/\\\/www.monaco-tribune.com\\\/wp-content\\\/uploads\\\/2022\\\/11\\\/logo-monaco-tribune.png\",\"width\":1548,\"height\":600,\"caption\":\"Monaco Tribune\"},\"image\":{\"@id\":\"https:\\\/\\\/www.monaco-tribune.com\\\/it\\\/#\\\/schema\\\/logo\\\/image\\\/\"},\"sameAs\":[\"https:\\\/\\\/www.facebook.com\\\/MonacoTribune\",\"https:\\\/\\\/x.com\\\/MonacoTribune\",\"https:\\\/\\\/www.instagram.com\\\/monacotribune\\\/\",\"https:\\\/\\\/www.linkedin.com\\\/company\\\/monaco-tribune\",\"https:\\\/\\\/www.youtube.com\\\/channel\\\/UCHle1MnG6hw1y4lWKijVbMA\"]},{\"@type\":\"Person\",\"@id\":\"https:\\\/\\\/www.monaco-tribune.com\\\/it\\\/#\\\/schema\\\/person\\\/0f67738182cc836268021d893fd4ba73\",\"name\":\"Alexis Gertaldi\",\"image\":{\"@type\":\"ImageObject\",\"inLanguage\":\"it-IT\",\"@id\":\"https:\\\/\\\/secure.gravatar.com\\\/avatar\\\/21b6ee3415f5367a62f27983f05e4438c99d07dde81a8f97705ac6877cfc19da?s=96&d=mm&r=g\",\"url\":\"https:\\\/\\\/secure.gravatar.com\\\/avatar\\\/21b6ee3415f5367a62f27983f05e4438c99d07dde81a8f97705ac6877cfc19da?s=96&d=mm&r=g\",\"contentUrl\":\"https:\\\/\\\/secure.gravatar.com\\\/avatar\\\/21b6ee3415f5367a62f27983f05e4438c99d07dde81a8f97705ac6877cfc19da?s=96&d=mm&r=g\",\"caption\":\"Alexis Gertaldi\"},\"url\":\"https:\\\/\\\/www.monaco-tribune.com\\\/it\\\/author\\\/alexisgertaldi\\\/\"}]}<\/script>\n<!-- \/ Yoast SEO Premium plugin. -->","yoast_head_json":{"title":"3 attivit\u00e0 da fare questa settmana","description":"Questa settimana vi proponiamo tre luoghi emblematici e tre attivit\u00e0 per triplicare il divertimento nel Principato! Godersi l'estate a Port Hercule Fino","robots":{"index":"index","follow":"follow","max-snippet":"max-snippet:-1","max-image-preview":"max-image-preview:large","max-video-preview":"max-video-preview:-1"},"canonical":"https:\/\/www.monaco-tribune.com\/it\/2021\/07\/3-attivita-da-fare-questa-settmana\/","og_locale":"it_IT","og_type":"article","og_title":"3 attivit\u00e0 da fare questa settmana - Monaco Tribune","og_description":"Questa settimana vi proponiamo tre luoghi emblematici e tre attivit\u00e0 per triplicare il divertimento nel Principato! Godersi l'estate a Port Hercule Fino","og_url":"https:\/\/www.monaco-tribune.com\/it\/2021\/07\/3-attivita-da-fare-questa-settmana\/","og_site_name":"Monaco Tribune","article_publisher":"https:\/\/www.facebook.com\/MonacoTribune","article_published_time":"2021-07-26T16:38:20+00:00","article_modified_time":"2021-07-26T16:38:26+00:00","og_image":[{"width":1024,"height":603,"url":"https:\/\/www.monaco-tribune.com\/wp-content\/uploads\/2021\/07\/quoi-faire-monaco-juillet.jpg","type":"image\/jpeg"}],"author":"Alexis Gertaldi","twitter_card":"summary_large_image","twitter_creator":"@MonacoTribune","twitter_site":"@MonacoTribune","schema":{"@context":"https:\/\/schema.org","@graph":[{"@type":"NewsArticle","@id":"https:\/\/www.monaco-tribune.com\/it\/2021\/07\/3-attivita-da-fare-questa-settmana\/#article","isPartOf":{"@id":"https:\/\/www.monaco-tribune.com\/it\/2021\/07\/3-attivita-da-fare-questa-settmana\/"},"author":{"name":"Alexis Gertaldi","@id":"https:\/\/www.monaco-tribune.com\/it\/#\/schema\/person\/0f67738182cc836268021d893fd4ba73"},"headline":"3 attivit\u00e0 da fare questa settmana","datePublished":"2021-07-26T16:38:20+00:00","dateModified":"2021-07-26T16:38:26+00:00","mainEntityOfPage":{"@id":"https:\/\/www.monaco-tribune.com\/it\/2021\/07\/3-attivita-da-fare-questa-settmana\/"},"wordCount":303,"publisher":{"@id":"https:\/\/www.monaco-tribune.com\/it\/#organization"},"image":{"@id":"https:\/\/www.monaco-tribune.com\/it\/2021\/07\/3-attivita-da-fare-questa-settmana\/#primaryimage"},"thumbnailUrl":"https:\/\/www.monaco-tribune.com\/wp-content\/uploads\/2021\/07\/quoi-faire-monaco-juillet.jpg","articleSection":["Cosa fare","Notizie"],"inLanguage":"it-IT","copyrightYear":"2021","copyrightHolder":{"@id":"https:\/\/www.monaco-tribune.com\/#organization"}},{"@type":"WebPage","@id":"https:\/\/www.monaco-tribune.com\/it\/2021\/07\/3-attivita-da-fare-questa-settmana\/","url":"https:\/\/www.monaco-tribune.com\/it\/2021\/07\/3-attivita-da-fare-questa-settmana\/","name":"3 attivit\u00e0 da fare questa settmana","isPartOf":{"@id":"https:\/\/www.monaco-tribune.com\/it\/#website"},"primaryImageOfPage":{"@id":"https:\/\/www.monaco-tribune.com\/it\/2021\/07\/3-attivita-da-fare-questa-settmana\/#primaryimage"},"image":{"@id":"https:\/\/www.monaco-tribune.com\/it\/2021\/07\/3-attivita-da-fare-questa-settmana\/#primaryimage"},"thumbnailUrl":"https:\/\/www.monaco-tribune.com\/wp-content\/uploads\/2021\/07\/quoi-faire-monaco-juillet.jpg","datePublished":"2021-07-26T16:38:20+00:00","dateModified":"2021-07-26T16:38:26+00:00","description":"Questa settimana vi proponiamo tre luoghi emblematici e tre attivit\u00e0 per triplicare il divertimento nel Principato! Godersi l'estate a Port Hercule Fino","breadcrumb":{"@id":"https:\/\/www.monaco-tribune.com\/it\/2021\/07\/3-attivita-da-fare-questa-settmana\/#breadcrumb"},"inLanguage":"it-IT","potentialAction":[{"@type":"ReadAction","target":["https:\/\/www.monaco-tribune.com\/it\/2021\/07\/3-attivita-da-fare-questa-settmana\/"]}]},{"@type":"ImageObject","inLanguage":"it-IT","@id":"https:\/\/www.monaco-tribune.com\/it\/2021\/07\/3-attivita-da-fare-questa-settmana\/#primaryimage","url":"https:\/\/www.monaco-tribune.com\/wp-content\/uploads\/2021\/07\/quoi-faire-monaco-juillet.jpg","contentUrl":"https:\/\/www.monaco-tribune.com\/wp-content\/uploads\/2021\/07\/quoi-faire-monaco-juillet.jpg","width":1024,"height":603,"caption":"Monaco Tribune"},{"@type":"BreadcrumbList","@id":"https:\/\/www.monaco-tribune.com\/it\/2021\/07\/3-attivita-da-fare-questa-settmana\/#breadcrumb","itemListElement":[{"@type":"ListItem","position":1,"name":"Accueil","item":"https:\/\/www.monaco-tribune.com\/it\/"},{"@type":"ListItem","position":2,"name":"3 attivit\u00e0 da fare questa settmana"}]},{"@type":"WebSite","@id":"https:\/\/www.monaco-tribune.com\/it\/#website","url":"https:\/\/www.monaco-tribune.com\/it\/","name":"Monaco Tribune","description":"Monaco : actualit\u00e9s \u00e9conomiques, politiques, culturelles et sportives de Monaco et de la French Riviera.","publisher":{"@id":"https:\/\/www.monaco-tribune.com\/it\/#organization"},"potentialAction":[{"@type":"SearchAction","target":{"@type":"EntryPoint","urlTemplate":"https:\/\/www.monaco-tribune.com\/it\/?s={search_term_string}"},"query-input":{"@type":"PropertyValueSpecification","valueRequired":true,"valueName":"search_term_string"}}],"inLanguage":"it-IT"},{"@type":"Organization","@id":"https:\/\/www.monaco-tribune.com\/it\/#organization","name":"Monaco Tribune","url":"https:\/\/www.monaco-tribune.com\/it\/","logo":{"@type":"ImageObject","inLanguage":"it-IT","@id":"https:\/\/www.monaco-tribune.com\/it\/#\/schema\/logo\/image\/","url":"https:\/\/www.monaco-tribune.com\/wp-content\/uploads\/2022\/11\/logo-monaco-tribune.png","contentUrl":"https:\/\/www.monaco-tribune.com\/wp-content\/uploads\/2022\/11\/logo-monaco-tribune.png","width":1548,"height":600,"caption":"Monaco Tribune"},"image":{"@id":"https:\/\/www.monaco-tribune.com\/it\/#\/schema\/logo\/image\/"},"sameAs":["https:\/\/www.facebook.com\/MonacoTribune","https:\/\/x.com\/MonacoTribune","https:\/\/www.instagram.com\/monacotribune\/","https:\/\/www.linkedin.com\/company\/monaco-tribune","https:\/\/www.youtube.com\/channel\/UCHle1MnG6hw1y4lWKijVbMA"]},{"@type":"Person","@id":"https:\/\/www.monaco-tribune.com\/it\/#\/schema\/person\/0f67738182cc836268021d893fd4ba73","name":"Alexis Gertaldi","image":{"@type":"ImageObject","inLanguage":"it-IT","@id":"https:\/\/secure.gravatar.com\/avatar\/21b6ee3415f5367a62f27983f05e4438c99d07dde81a8f97705ac6877cfc19da?s=96&d=mm&r=g","url":"https:\/\/secure.gravatar.com\/avatar\/21b6ee3415f5367a62f27983f05e4438c99d07dde81a8f97705ac6877cfc19da?s=96&d=mm&r=g","contentUrl":"https:\/\/secure.gravatar.com\/avatar\/21b6ee3415f5367a62f27983f05e4438c99d07dde81a8f97705ac6877cfc19da?s=96&d=mm&r=g","caption":"Alexis Gertaldi"},"url":"https:\/\/www.monaco-tribune.com\/it\/author\/alexisgertaldi\/"}]}},"_links":{"self":[{"href":"https:\/\/www.monaco-tribune.com\/it\/wp-json\/wp\/v2\/posts\/88190","targetHints":{"allow":["GET"]}}],"collection":[{"href":"https:\/\/www.monaco-tribune.com\/it\/wp-json\/wp\/v2\/posts"}],"about":[{"href":"https:\/\/www.monaco-tribune.com\/it\/wp-json\/wp\/v2\/types\/post"}],"author":[{"embeddable":true,"href":"https:\/\/www.monaco-tribune.com\/it\/wp-json\/wp\/v2\/users\/53"}],"replies":[{"embeddable":true,"href":"https:\/\/www.monaco-tribune.com\/it\/wp-json\/wp\/v2\/comments?post=88190"}],"version-history":[{"count":0,"href":"https:\/\/www.monaco-tribune.com\/it\/wp-json\/wp\/v2\/posts\/88190\/revisions"}],"wp:featuredmedia":[{"embeddable":true,"href":"https:\/\/www.monaco-tribune.com\/it\/wp-json\/wp\/v2\/media\/88117"}],"wp:attachment":[{"href":"https:\/\/www.monaco-tribune.com\/it\/wp-json\/wp\/v2\/media?parent=88190"}],"wp:term":[{"taxonomy":"category","embeddable":true,"href":"https:\/\/www.monaco-tribune.com\/it\/wp-json\/wp\/v2\/categories?post=88190"},{"taxonomy":"post_tag","embeddable":true,"href":"https:\/\/www.monaco-tribune.com\/it\/wp-json\/wp\/v2\/tags?post=88190"},{"taxonomy":"sectag","embeddable":true,"href":"https:\/\/www.monaco-tribune.com\/it\/wp-json\/wp\/v2\/post_sectags?post=88190"},{"taxonomy":"format","embeddable":true,"href":"https:\/\/www.monaco-tribune.com\/it\/wp-json\/wp\/v2\/post_format?post=88190"}],"curies":[{"name":"wp","href":"https:\/\/api.w.org\/{rel}","templated":true}]}}