{"id":88499,"date":"2021-07-29T17:40:59","date_gmt":"2021-07-29T15:40:59","guid":{"rendered":"https:\/\/www.monaco-tribune.com\/2021\/07\/obbligo-del-pass-sanitario-previste-manifestazioni-a-monaco\/"},"modified":"2021-07-29T17:42:47","modified_gmt":"2021-07-29T15:42:47","slug":"obbligo-del-pass-sanitario-previste-manifestazioni-a-monaco","status":"publish","type":"post","link":"https:\/\/www.monaco-tribune.com\/it\/2021\/07\/obbligo-del-pass-sanitario-previste-manifestazioni-a-monaco\/","title":{"rendered":"Obbligo del pass sanitario: previste manifestazioni a Monaco"},"content":{"rendered":"\n<p><strong>In seguito delle ultime notizie sull&#8217;obbligo del <a href=\"https:\/\/www.monaco-tribune.com\/it\/2021\/07\/pass-sanitario-obbligatorio-per-tutti-a-monaco\/\">pass sanitario per tutti<\/a>, i no-pass hanno iniziato a manifestare il loro malcontento su Facebook.<\/strong><\/p>\n\n<p>Per ridurre il numero di casi e il numero di pazienti ricoverati, il Principe Sovrano ha deciso di approvare la proposta del Governo di estendere l&#8217;obbligo del <a href=\"https:\/\/www.monaco-tribune.com\/it\/2021\/06\/tutte-le-informazioni-sul-green-pass-monegasco\/\">pass sanitario<\/a>. Da luned\u00ec 23 agosto, la certificazione servir\u00e0 a monegaschi, residenti e dipendenti per accedere ai bar e ai ristoranti.<\/p>\n\n<p>Sulla scia di questa legge, Sharon Rochetin ha creato un gruppo privato Facebook denominato &#8220;<a href=\"https:\/\/www.facebook.com\/groups\/4119320681521562\">Manifestazione pacifica contro il pass sanitario a Monaco<\/a>&#8220;. Ad oggi, il gruppo conta quasi 2.200 membri.<\/p>\n\n<h2 class=\"wp-block-heading\" id=\"h-un-groupe-pour-manifester-et-non-pour-d-battre\">Un gruppo pronto a manifestare e non a discutere<\/h2>\n\n<p>Aprendo la pagina di presentazione del gruppo, le ragioni della sua esistenza sono subito chiare. &#8220;Uniamoci per far sentire il nostro disaccordo con questa misura discriminatoria e ingiustificata&#8221;. Il gruppo punta a riunire tutte le persone che vogliono opporsi alla legge e manifestare pacificamente seguendo le altre manifestazioni in giro per il mondo.<\/p>\n\n<p>Si precisa, inoltre, che il suo scopo non \u00e8 quello di mettere in discussione i vaccini, perch\u00e9 &#8220;ognuno \u00e8 libero di scegliere quello che ritiene pi\u00f9 giusto per la sua salute&#8221;.<\/p>\n","protected":false},"excerpt":{"rendered":"<p>In seguito delle ultime notizie sull&#8217;obbligo del pass sanitario per tutti, i no-pass hanno iniziato a manifestare il loro malcontento [&hellip;]<\/p>\n","protected":false},"author":53,"featured_media":87536,"comment_status":"closed","ping_status":"closed","sticky":false,"template":"","format":"standard","meta":{"_acf_changed":false,"footnotes":""},"categories":[1738],"tags":[2886],"post_sectags":[],"post_format":[2478],"class_list":["post-88499","post","type-post","status-publish","format-standard","has-post-thumbnail","hentry","category-notizie","tag-covid-19-it","format-notizia"],"acf":[],"yoast_head":"<!-- This site is optimized with the Yoast SEO Premium plugin v26.8 (Yoast SEO v27.5) - https:\/\/yoast.com\/product\/yoast-seo-premium-wordpress\/ -->\n<title>Obbligo del pass sanitario: previste manifestazioni a Monaco<\/title>\n<meta name=\"description\" content=\"In seguito delle ultime notizie sull&#039;obbligo del pass sanitario per tutti, i no-pass hanno iniziato a manifestare il loro malcontento su Facebook. Per\" \/>\n<meta name=\"robots\" content=\"index, follow, max-snippet:-1, max-image-preview:large, max-video-preview:-1\" \/>\n<link rel=\"canonical\" href=\"https:\/\/www.monaco-tribune.com\/it\/2021\/07\/obbligo-del-pass-sanitario-previste-manifestazioni-a-monaco\/\" \/>\n<meta property=\"og:locale\" content=\"it_IT\" \/>\n<meta property=\"og:type\" content=\"article\" \/>\n<meta property=\"og:title\" content=\"Obbligo del pass sanitario: previste manifestazioni a Monaco - Monaco Tribune\" \/>\n<meta property=\"og:description\" content=\"In seguito delle ultime notizie sull&#039;obbligo del pass sanitario per tutti, i no-pass hanno iniziato a manifestare il loro malcontento su Facebook. Per\" \/>\n<meta property=\"og:url\" content=\"https:\/\/www.monaco-tribune.com\/it\/2021\/07\/obbligo-del-pass-sanitario-previste-manifestazioni-a-monaco\/\" \/>\n<meta property=\"og:site_name\" content=\"Monaco Tribune\" \/>\n<meta property=\"article:publisher\" content=\"https:\/\/www.facebook.com\/MonacoTribune\" \/>\n<meta property=\"article:published_time\" content=\"2021-07-29T15:40:59+00:00\" \/>\n<meta property=\"article:modified_time\" content=\"2021-07-29T15:42:47+00:00\" \/>\n<meta property=\"og:image\" content=\"https:\/\/www.monaco-tribune.com\/wp-content\/uploads\/2021\/07\/vaccination-pass-sanitaire-e1643017219936.jpg\" \/>\n\t<meta property=\"og:image:width\" content=\"2048\" \/>\n\t<meta property=\"og:image:height\" content=\"1365\" \/>\n\t<meta property=\"og:image:type\" content=\"image\/jpeg\" \/>\n<meta name=\"author\" content=\"Alexis Gertaldi\" \/>\n<meta name=\"twitter:card\" content=\"summary_large_image\" \/>\n<meta name=\"twitter:creator\" content=\"@MonacoTribune\" \/>\n<meta name=\"twitter:site\" content=\"@MonacoTribune\" \/>\n<script type=\"application\/ld+json\" class=\"yoast-schema-graph\">{\"@context\":\"https:\\\/\\\/schema.org\",\"@graph\":[{\"@type\":\"NewsArticle\",\"@id\":\"https:\\\/\\\/www.monaco-tribune.com\\\/it\\\/2021\\\/07\\\/obbligo-del-pass-sanitario-previste-manifestazioni-a-monaco\\\/#article\",\"isPartOf\":{\"@id\":\"https:\\\/\\\/www.monaco-tribune.com\\\/it\\\/2021\\\/07\\\/obbligo-del-pass-sanitario-previste-manifestazioni-a-monaco\\\/\"},\"author\":{\"name\":\"Alexis Gertaldi\",\"@id\":\"https:\\\/\\\/www.monaco-tribune.com\\\/it\\\/#\\\/schema\\\/person\\\/0f67738182cc836268021d893fd4ba73\"},\"headline\":\"Obbligo del pass sanitario: previste manifestazioni a Monaco\",\"datePublished\":\"2021-07-29T15:40:59+00:00\",\"dateModified\":\"2021-07-29T15:42:47+00:00\",\"mainEntityOfPage\":{\"@id\":\"https:\\\/\\\/www.monaco-tribune.com\\\/it\\\/2021\\\/07\\\/obbligo-del-pass-sanitario-previste-manifestazioni-a-monaco\\\/\"},\"wordCount\":199,\"publisher\":{\"@id\":\"https:\\\/\\\/www.monaco-tribune.com\\\/it\\\/#organization\"},\"image\":{\"@id\":\"https:\\\/\\\/www.monaco-tribune.com\\\/it\\\/2021\\\/07\\\/obbligo-del-pass-sanitario-previste-manifestazioni-a-monaco\\\/#primaryimage\"},\"thumbnailUrl\":\"https:\\\/\\\/www.monaco-tribune.com\\\/wp-content\\\/uploads\\\/2021\\\/07\\\/vaccination-pass-sanitaire-e1643017219936.jpg\",\"keywords\":[\"Covid-19\"],\"articleSection\":[\"Notizie\"],\"inLanguage\":\"it-IT\",\"copyrightYear\":\"2021\",\"copyrightHolder\":{\"@id\":\"https:\\\/\\\/www.monaco-tribune.com\\\/#organization\"}},{\"@type\":\"WebPage\",\"@id\":\"https:\\\/\\\/www.monaco-tribune.com\\\/it\\\/2021\\\/07\\\/obbligo-del-pass-sanitario-previste-manifestazioni-a-monaco\\\/\",\"url\":\"https:\\\/\\\/www.monaco-tribune.com\\\/it\\\/2021\\\/07\\\/obbligo-del-pass-sanitario-previste-manifestazioni-a-monaco\\\/\",\"name\":\"Obbligo del pass sanitario: previste manifestazioni a Monaco\",\"isPartOf\":{\"@id\":\"https:\\\/\\\/www.monaco-tribune.com\\\/it\\\/#website\"},\"primaryImageOfPage\":{\"@id\":\"https:\\\/\\\/www.monaco-tribune.com\\\/it\\\/2021\\\/07\\\/obbligo-del-pass-sanitario-previste-manifestazioni-a-monaco\\\/#primaryimage\"},\"image\":{\"@id\":\"https:\\\/\\\/www.monaco-tribune.com\\\/it\\\/2021\\\/07\\\/obbligo-del-pass-sanitario-previste-manifestazioni-a-monaco\\\/#primaryimage\"},\"thumbnailUrl\":\"https:\\\/\\\/www.monaco-tribune.com\\\/wp-content\\\/uploads\\\/2021\\\/07\\\/vaccination-pass-sanitaire-e1643017219936.jpg\",\"datePublished\":\"2021-07-29T15:40:59+00:00\",\"dateModified\":\"2021-07-29T15:42:47+00:00\",\"description\":\"In seguito delle ultime notizie sull'obbligo del pass sanitario per tutti, i no-pass hanno iniziato a manifestare il loro malcontento su Facebook. Per\",\"breadcrumb\":{\"@id\":\"https:\\\/\\\/www.monaco-tribune.com\\\/it\\\/2021\\\/07\\\/obbligo-del-pass-sanitario-previste-manifestazioni-a-monaco\\\/#breadcrumb\"},\"inLanguage\":\"it-IT\",\"potentialAction\":[{\"@type\":\"ReadAction\",\"target\":[\"https:\\\/\\\/www.monaco-tribune.com\\\/it\\\/2021\\\/07\\\/obbligo-del-pass-sanitario-previste-manifestazioni-a-monaco\\\/\"]}]},{\"@type\":\"ImageObject\",\"inLanguage\":\"it-IT\",\"@id\":\"https:\\\/\\\/www.monaco-tribune.com\\\/it\\\/2021\\\/07\\\/obbligo-del-pass-sanitario-previste-manifestazioni-a-monaco\\\/#primaryimage\",\"url\":\"https:\\\/\\\/www.monaco-tribune.com\\\/wp-content\\\/uploads\\\/2021\\\/07\\\/vaccination-pass-sanitaire-e1643017219936.jpg\",\"contentUrl\":\"https:\\\/\\\/www.monaco-tribune.com\\\/wp-content\\\/uploads\\\/2021\\\/07\\\/vaccination-pass-sanitaire-e1643017219936.jpg\",\"width\":2048,\"height\":1365,\"caption\":\"Governo del Principe\"},{\"@type\":\"BreadcrumbList\",\"@id\":\"https:\\\/\\\/www.monaco-tribune.com\\\/it\\\/2021\\\/07\\\/obbligo-del-pass-sanitario-previste-manifestazioni-a-monaco\\\/#breadcrumb\",\"itemListElement\":[{\"@type\":\"ListItem\",\"position\":1,\"name\":\"Accueil\",\"item\":\"https:\\\/\\\/www.monaco-tribune.com\\\/it\\\/\"},{\"@type\":\"ListItem\",\"position\":2,\"name\":\"Obbligo del pass sanitario: previste manifestazioni a Monaco\"}]},{\"@type\":\"WebSite\",\"@id\":\"https:\\\/\\\/www.monaco-tribune.com\\\/it\\\/#website\",\"url\":\"https:\\\/\\\/www.monaco-tribune.com\\\/it\\\/\",\"name\":\"Monaco Tribune\",\"description\":\"Monaco : actualit\u00e9s \u00e9conomiques, politiques, culturelles et sportives de Monaco et de la French Riviera.\",\"publisher\":{\"@id\":\"https:\\\/\\\/www.monaco-tribune.com\\\/it\\\/#organization\"},\"potentialAction\":[{\"@type\":\"SearchAction\",\"target\":{\"@type\":\"EntryPoint\",\"urlTemplate\":\"https:\\\/\\\/www.monaco-tribune.com\\\/it\\\/?s={search_term_string}\"},\"query-input\":{\"@type\":\"PropertyValueSpecification\",\"valueRequired\":true,\"valueName\":\"search_term_string\"}}],\"inLanguage\":\"it-IT\"},{\"@type\":\"Organization\",\"@id\":\"https:\\\/\\\/www.monaco-tribune.com\\\/it\\\/#organization\",\"name\":\"Monaco Tribune\",\"url\":\"https:\\\/\\\/www.monaco-tribune.com\\\/it\\\/\",\"logo\":{\"@type\":\"ImageObject\",\"inLanguage\":\"it-IT\",\"@id\":\"https:\\\/\\\/www.monaco-tribune.com\\\/it\\\/#\\\/schema\\\/logo\\\/image\\\/\",\"url\":\"https:\\\/\\\/www.monaco-tribune.com\\\/wp-content\\\/uploads\\\/2022\\\/11\\\/logo-monaco-tribune.png\",\"contentUrl\":\"https:\\\/\\\/www.monaco-tribune.com\\\/wp-content\\\/uploads\\\/2022\\\/11\\\/logo-monaco-tribune.png\",\"width\":1548,\"height\":600,\"caption\":\"Monaco Tribune\"},\"image\":{\"@id\":\"https:\\\/\\\/www.monaco-tribune.com\\\/it\\\/#\\\/schema\\\/logo\\\/image\\\/\"},\"sameAs\":[\"https:\\\/\\\/www.facebook.com\\\/MonacoTribune\",\"https:\\\/\\\/x.com\\\/MonacoTribune\",\"https:\\\/\\\/www.instagram.com\\\/monacotribune\\\/\",\"https:\\\/\\\/www.linkedin.com\\\/company\\\/monaco-tribune\",\"https:\\\/\\\/www.youtube.com\\\/channel\\\/UCHle1MnG6hw1y4lWKijVbMA\"]},{\"@type\":\"Person\",\"@id\":\"https:\\\/\\\/www.monaco-tribune.com\\\/it\\\/#\\\/schema\\\/person\\\/0f67738182cc836268021d893fd4ba73\",\"name\":\"Alexis Gertaldi\",\"image\":{\"@type\":\"ImageObject\",\"inLanguage\":\"it-IT\",\"@id\":\"https:\\\/\\\/secure.gravatar.com\\\/avatar\\\/21b6ee3415f5367a62f27983f05e4438c99d07dde81a8f97705ac6877cfc19da?s=96&d=mm&r=g\",\"url\":\"https:\\\/\\\/secure.gravatar.com\\\/avatar\\\/21b6ee3415f5367a62f27983f05e4438c99d07dde81a8f97705ac6877cfc19da?s=96&d=mm&r=g\",\"contentUrl\":\"https:\\\/\\\/secure.gravatar.com\\\/avatar\\\/21b6ee3415f5367a62f27983f05e4438c99d07dde81a8f97705ac6877cfc19da?s=96&d=mm&r=g\",\"caption\":\"Alexis Gertaldi\"},\"url\":\"https:\\\/\\\/www.monaco-tribune.com\\\/it\\\/author\\\/alexisgertaldi\\\/\"}]}<\/script>\n<!-- \/ Yoast SEO Premium plugin. -->","yoast_head_json":{"title":"Obbligo del pass sanitario: previste manifestazioni a Monaco","description":"In seguito delle ultime notizie sull'obbligo del pass sanitario per tutti, i no-pass hanno iniziato a manifestare il loro malcontento su Facebook. Per","robots":{"index":"index","follow":"follow","max-snippet":"max-snippet:-1","max-image-preview":"max-image-preview:large","max-video-preview":"max-video-preview:-1"},"canonical":"https:\/\/www.monaco-tribune.com\/it\/2021\/07\/obbligo-del-pass-sanitario-previste-manifestazioni-a-monaco\/","og_locale":"it_IT","og_type":"article","og_title":"Obbligo del pass sanitario: previste manifestazioni a Monaco - Monaco Tribune","og_description":"In seguito delle ultime notizie sull'obbligo del pass sanitario per tutti, i no-pass hanno iniziato a manifestare il loro malcontento su Facebook. Per","og_url":"https:\/\/www.monaco-tribune.com\/it\/2021\/07\/obbligo-del-pass-sanitario-previste-manifestazioni-a-monaco\/","og_site_name":"Monaco Tribune","article_publisher":"https:\/\/www.facebook.com\/MonacoTribune","article_published_time":"2021-07-29T15:40:59+00:00","article_modified_time":"2021-07-29T15:42:47+00:00","og_image":[{"width":2048,"height":1365,"url":"https:\/\/www.monaco-tribune.com\/wp-content\/uploads\/2021\/07\/vaccination-pass-sanitaire-e1643017219936.jpg","type":"image\/jpeg"}],"author":"Alexis Gertaldi","twitter_card":"summary_large_image","twitter_creator":"@MonacoTribune","twitter_site":"@MonacoTribune","schema":{"@context":"https:\/\/schema.org","@graph":[{"@type":"NewsArticle","@id":"https:\/\/www.monaco-tribune.com\/it\/2021\/07\/obbligo-del-pass-sanitario-previste-manifestazioni-a-monaco\/#article","isPartOf":{"@id":"https:\/\/www.monaco-tribune.com\/it\/2021\/07\/obbligo-del-pass-sanitario-previste-manifestazioni-a-monaco\/"},"author":{"name":"Alexis Gertaldi","@id":"https:\/\/www.monaco-tribune.com\/it\/#\/schema\/person\/0f67738182cc836268021d893fd4ba73"},"headline":"Obbligo del pass sanitario: previste manifestazioni a Monaco","datePublished":"2021-07-29T15:40:59+00:00","dateModified":"2021-07-29T15:42:47+00:00","mainEntityOfPage":{"@id":"https:\/\/www.monaco-tribune.com\/it\/2021\/07\/obbligo-del-pass-sanitario-previste-manifestazioni-a-monaco\/"},"wordCount":199,"publisher":{"@id":"https:\/\/www.monaco-tribune.com\/it\/#organization"},"image":{"@id":"https:\/\/www.monaco-tribune.com\/it\/2021\/07\/obbligo-del-pass-sanitario-previste-manifestazioni-a-monaco\/#primaryimage"},"thumbnailUrl":"https:\/\/www.monaco-tribune.com\/wp-content\/uploads\/2021\/07\/vaccination-pass-sanitaire-e1643017219936.jpg","keywords":["Covid-19"],"articleSection":["Notizie"],"inLanguage":"it-IT","copyrightYear":"2021","copyrightHolder":{"@id":"https:\/\/www.monaco-tribune.com\/#organization"}},{"@type":"WebPage","@id":"https:\/\/www.monaco-tribune.com\/it\/2021\/07\/obbligo-del-pass-sanitario-previste-manifestazioni-a-monaco\/","url":"https:\/\/www.monaco-tribune.com\/it\/2021\/07\/obbligo-del-pass-sanitario-previste-manifestazioni-a-monaco\/","name":"Obbligo del pass sanitario: previste manifestazioni a Monaco","isPartOf":{"@id":"https:\/\/www.monaco-tribune.com\/it\/#website"},"primaryImageOfPage":{"@id":"https:\/\/www.monaco-tribune.com\/it\/2021\/07\/obbligo-del-pass-sanitario-previste-manifestazioni-a-monaco\/#primaryimage"},"image":{"@id":"https:\/\/www.monaco-tribune.com\/it\/2021\/07\/obbligo-del-pass-sanitario-previste-manifestazioni-a-monaco\/#primaryimage"},"thumbnailUrl":"https:\/\/www.monaco-tribune.com\/wp-content\/uploads\/2021\/07\/vaccination-pass-sanitaire-e1643017219936.jpg","datePublished":"2021-07-29T15:40:59+00:00","dateModified":"2021-07-29T15:42:47+00:00","description":"In seguito delle ultime notizie sull'obbligo del pass sanitario per tutti, i no-pass hanno iniziato a manifestare il loro malcontento su Facebook. Per","breadcrumb":{"@id":"https:\/\/www.monaco-tribune.com\/it\/2021\/07\/obbligo-del-pass-sanitario-previste-manifestazioni-a-monaco\/#breadcrumb"},"inLanguage":"it-IT","potentialAction":[{"@type":"ReadAction","target":["https:\/\/www.monaco-tribune.com\/it\/2021\/07\/obbligo-del-pass-sanitario-previste-manifestazioni-a-monaco\/"]}]},{"@type":"ImageObject","inLanguage":"it-IT","@id":"https:\/\/www.monaco-tribune.com\/it\/2021\/07\/obbligo-del-pass-sanitario-previste-manifestazioni-a-monaco\/#primaryimage","url":"https:\/\/www.monaco-tribune.com\/wp-content\/uploads\/2021\/07\/vaccination-pass-sanitaire-e1643017219936.jpg","contentUrl":"https:\/\/www.monaco-tribune.com\/wp-content\/uploads\/2021\/07\/vaccination-pass-sanitaire-e1643017219936.jpg","width":2048,"height":1365,"caption":"Governo del Principe"},{"@type":"BreadcrumbList","@id":"https:\/\/www.monaco-tribune.com\/it\/2021\/07\/obbligo-del-pass-sanitario-previste-manifestazioni-a-monaco\/#breadcrumb","itemListElement":[{"@type":"ListItem","position":1,"name":"Accueil","item":"https:\/\/www.monaco-tribune.com\/it\/"},{"@type":"ListItem","position":2,"name":"Obbligo del pass sanitario: previste manifestazioni a Monaco"}]},{"@type":"WebSite","@id":"https:\/\/www.monaco-tribune.com\/it\/#website","url":"https:\/\/www.monaco-tribune.com\/it\/","name":"Monaco Tribune","description":"Monaco : actualit\u00e9s \u00e9conomiques, politiques, culturelles et sportives de Monaco et de la French Riviera.","publisher":{"@id":"https:\/\/www.monaco-tribune.com\/it\/#organization"},"potentialAction":[{"@type":"SearchAction","target":{"@type":"EntryPoint","urlTemplate":"https:\/\/www.monaco-tribune.com\/it\/?s={search_term_string}"},"query-input":{"@type":"PropertyValueSpecification","valueRequired":true,"valueName":"search_term_string"}}],"inLanguage":"it-IT"},{"@type":"Organization","@id":"https:\/\/www.monaco-tribune.com\/it\/#organization","name":"Monaco Tribune","url":"https:\/\/www.monaco-tribune.com\/it\/","logo":{"@type":"ImageObject","inLanguage":"it-IT","@id":"https:\/\/www.monaco-tribune.com\/it\/#\/schema\/logo\/image\/","url":"https:\/\/www.monaco-tribune.com\/wp-content\/uploads\/2022\/11\/logo-monaco-tribune.png","contentUrl":"https:\/\/www.monaco-tribune.com\/wp-content\/uploads\/2022\/11\/logo-monaco-tribune.png","width":1548,"height":600,"caption":"Monaco Tribune"},"image":{"@id":"https:\/\/www.monaco-tribune.com\/it\/#\/schema\/logo\/image\/"},"sameAs":["https:\/\/www.facebook.com\/MonacoTribune","https:\/\/x.com\/MonacoTribune","https:\/\/www.instagram.com\/monacotribune\/","https:\/\/www.linkedin.com\/company\/monaco-tribune","https:\/\/www.youtube.com\/channel\/UCHle1MnG6hw1y4lWKijVbMA"]},{"@type":"Person","@id":"https:\/\/www.monaco-tribune.com\/it\/#\/schema\/person\/0f67738182cc836268021d893fd4ba73","name":"Alexis Gertaldi","image":{"@type":"ImageObject","inLanguage":"it-IT","@id":"https:\/\/secure.gravatar.com\/avatar\/21b6ee3415f5367a62f27983f05e4438c99d07dde81a8f97705ac6877cfc19da?s=96&d=mm&r=g","url":"https:\/\/secure.gravatar.com\/avatar\/21b6ee3415f5367a62f27983f05e4438c99d07dde81a8f97705ac6877cfc19da?s=96&d=mm&r=g","contentUrl":"https:\/\/secure.gravatar.com\/avatar\/21b6ee3415f5367a62f27983f05e4438c99d07dde81a8f97705ac6877cfc19da?s=96&d=mm&r=g","caption":"Alexis Gertaldi"},"url":"https:\/\/www.monaco-tribune.com\/it\/author\/alexisgertaldi\/"}]}},"_links":{"self":[{"href":"https:\/\/www.monaco-tribune.com\/it\/wp-json\/wp\/v2\/posts\/88499","targetHints":{"allow":["GET"]}}],"collection":[{"href":"https:\/\/www.monaco-tribune.com\/it\/wp-json\/wp\/v2\/posts"}],"about":[{"href":"https:\/\/www.monaco-tribune.com\/it\/wp-json\/wp\/v2\/types\/post"}],"author":[{"embeddable":true,"href":"https:\/\/www.monaco-tribune.com\/it\/wp-json\/wp\/v2\/users\/53"}],"replies":[{"embeddable":true,"href":"https:\/\/www.monaco-tribune.com\/it\/wp-json\/wp\/v2\/comments?post=88499"}],"version-history":[{"count":0,"href":"https:\/\/www.monaco-tribune.com\/it\/wp-json\/wp\/v2\/posts\/88499\/revisions"}],"wp:featuredmedia":[{"embeddable":true,"href":"https:\/\/www.monaco-tribune.com\/it\/wp-json\/wp\/v2\/media\/87536"}],"wp:attachment":[{"href":"https:\/\/www.monaco-tribune.com\/it\/wp-json\/wp\/v2\/media?parent=88499"}],"wp:term":[{"taxonomy":"category","embeddable":true,"href":"https:\/\/www.monaco-tribune.com\/it\/wp-json\/wp\/v2\/categories?post=88499"},{"taxonomy":"post_tag","embeddable":true,"href":"https:\/\/www.monaco-tribune.com\/it\/wp-json\/wp\/v2\/tags?post=88499"},{"taxonomy":"sectag","embeddable":true,"href":"https:\/\/www.monaco-tribune.com\/it\/wp-json\/wp\/v2\/post_sectags?post=88499"},{"taxonomy":"format","embeddable":true,"href":"https:\/\/www.monaco-tribune.com\/it\/wp-json\/wp\/v2\/post_format?post=88499"}],"curies":[{"name":"wp","href":"https:\/\/api.w.org\/{rel}","templated":true}]}}