{"id":89764,"date":"2021-08-11T20:05:00","date_gmt":"2021-08-11T18:05:00","guid":{"rendered":"https:\/\/www.monaco-tribune.com\/2021\/08\/incontro-laura-gramaglia-promettente-cavallerizza-monegasca-di-endurance-equestre\/"},"modified":"2021-08-11T20:05:51","modified_gmt":"2021-08-11T18:05:51","slug":"incontro-laura-gramaglia-promettente-cavallerizza-monegasca-di-endurance-equestre","status":"publish","type":"post","link":"https:\/\/www.monaco-tribune.com\/it\/2021\/08\/incontro-laura-gramaglia-promettente-cavallerizza-monegasca-di-endurance-equestre\/","title":{"rendered":"INCONTRO. Laura Gramaglia, promettente cavallerizza monegasca di endurance equestre"},"content":{"rendered":"\n<p><strong>A quasi 18 anni e poco dopo aver ottenuto il diploma di maturit\u00e0 con lode, Laura Gramaglia non finisce di sorprendere. Amante dei cavalli fin dalla pi\u00f9 tenera et\u00e0, la monegasca disputer\u00e0 a settembre il suo primo campionato del mondo (U21) di endurance equestre. Ecco il ritratto di un&#8217;atleta appassionata.<\/strong><\/p>\n\n\n\n<p>Tutto \u00e8 iniziato a qualche chilometro dal Principato, nel cuore del centro equestre di Villeneuve-Loubet, immerso in un&#8217;oasi verde di quasi venticinque ettari. Sua madre ripercorre con il sorriso i bei ricordi delle prime passeggiate di esplorazione con la piccola Laura: \u201cDoveva avere un anno e mezzo. Io avevo un cavallo e ne approfittavo per portarla sulla sella davanti a me. Credo di essere stata io ad averle trasmesso questa passione perch\u00e9 Laura \u00e8 immersa in questo ambiente da sempre.\u201d<\/p>\n\n\n\n<h2 class=\"wp-block-heading\" id=\"h-ore-trascorse-in-sella\">Ore trascorse in sella<\/h2>\n\n\n\n<p>La foto (di seguito) che abbiamo avuto la fortuna di ricevere documenta proprio questo: Laura, dai boccoli rossi, \u00e8 tra le braccia della mamma a cavallo. Sedici anni dopo, Laura Gramaglia sale sola in sella a Raya de Galonne, una cavalla esperta (14 anni) abituata alle competizioni di alto livello, percorrendo i sentieri dell&#8217;entroterra per ore e ore, con distanze che talvolta si avvicinano a quelle percorse dai ciclisti del Tour de France.<\/p>\n\n\n\n<blockquote class=\"wp-block-quote is-layout-flow wp-block-quote-is-layout-flow\"><p>Laura ha una dolcezza che le consente di essere in armonia con l&#8217;animale.<\/p><cite>Henry-David Guedj, allenatore di Laura Gramaglia e membro del Team EFG Monaco<\/cite><\/blockquote>\n\n\n\n<p>\u201cHo scoperto l&#8217;endurance equestre un po&#8217; per caso. Dal giorno in cui ho provato non ho mai smesso\u201d confida la ragazza. Si tratta di una disciplina impegnativa, diversa dal dressage, che consiste nel percorrere lunghe distanze (fino a 160 chilometri) per una durata che raggiunge a volte le otto ore. Prestazioni che possono stupire anche l&#8217;allenatore stesso, Henry-David Guedj, membro del Team\u00a0 EFG Monaco.<\/p>\n\n\n\n<p>\u201cNella vita, sono istruttore di arti marziali. Mi alleno tutti i giorni, ma la prima volta che ho fatto una gara di endurance equestre da 120 km, ho avuto contratture per una settimana\u201d ammette. \u201dVi lascio immaginare cosa possa voler dire per una ragazza di sedici anni&#8230; Questo fa capire quanto siano impressionanti le competenze di Laura in questa disciplina.\u201d<\/p>\n\n\n\n<div class=\"wp-block-image\"><figure class=\"aligncenter size-full\"><img loading=\"lazy\" decoding=\"async\" width=\"1024\" height=\"636\" src=\"https:\/\/www.monaco-tribune.com\/wp-content\/uploads\/2021\/08\/marie-pierre-gramaglia.jpg\" alt=\"Marie Pierre Gramaglia\" class=\"wp-image-89458\" srcset=\"https:\/\/www.monaco-tribune.com\/wp-content\/uploads\/2021\/08\/marie-pierre-gramaglia.jpg 1024w, https:\/\/www.monaco-tribune.com\/wp-content\/uploads\/2021\/08\/marie-pierre-gramaglia-483x300.jpg 483w, https:\/\/www.monaco-tribune.com\/wp-content\/uploads\/2021\/08\/marie-pierre-gramaglia-242x150.jpg 242w, https:\/\/www.monaco-tribune.com\/wp-content\/uploads\/2021\/08\/marie-pierre-gramaglia-768x477.jpg 768w, https:\/\/www.monaco-tribune.com\/wp-content\/uploads\/2021\/08\/marie-pierre-gramaglia-175x109.jpg 175w\" sizes=\"auto, (max-width: 1024px) 100vw, 1024px\" \/><figcaption>Laura Gramaglia e sua mamma, Marie-Pierre Gramaglia. <\/figcaption><\/figure><\/div>\n\n\n\n<p>Durante l&#8217;infanzia, l&#8217;attuale diplomata che si prepara a iniziare gli studi universitari presso la SKEMA Business School non perdeva mai un&#8217;occasione per chiedere dei cavallini di plastica a sua mamma. Sorridendo, quest&#8217;ultima ricorda: \u201cOgni volta che le cadeva un dente, dovevo regalarle un cavallino\u201d. La stessa passione si riflette oggi nel suo contatto con i cavalli. Henry-David Guedj specifica: \u201cLaura ascolta sempre la sua cavalla, ha una dolcezza che le consente di essere in armonia con l&#8217;animale. Questo \u00e8 importante perch\u00e9 nell&#8217;endurance, su grandi distanze, bisogna saper accompagnare il cavallo senza mettergli fretta, indicandogli gli ostacoli come radici o crepacci.\u201d<\/p>\n\n\n\n<h2 class=\"wp-block-heading\">Spirito imprenditoriale<\/h2>\n\n\n\n<p>L&#8217;amore viscerale per gli animali e per i cavalli le ha aperto oggi delle porte ad alto livello. \u201cVorrei fare carriera, ma cerco di restare lucida. Infatti, non tutte le competizioni di endurance equestre prevedono premi\u201c svela questa talentosa disegnatrice, che si sta dedicando da due anni a un progetto personale. Aggiunge: \u201cVorrei aprire la mia azienda: ho un&#8217;idea nel mondo della gastronomia ma preferisco mantenerla segreta per il momento.\u201d<\/p>\n\n\n\n<blockquote class=\"wp-block-quote is-layout-flow wp-block-quote-is-layout-flow\"><p>Laura ha saputo tirar fuori una perseveranza che ammiro molto.<\/p><cite>Marie-Pierre Gramaglia <\/cite><\/blockquote>\n\n\n\n<p>A settembre, dopo aver gi\u00e0 ottenuto dei risultati molto promettenti nella sua disciplina, la cavallerizza monegasca difender\u00e0 i colori del Principato nei Paesi Bassi in occasione del campionato del mondo U21. \u201cSono orgogliosa della donna che \u00e8 diventata: Laura ha perso il pap\u00e0 quando era abbastanza giovane. Ci siamo costruite entrambe da sole e lei ha saputo tirar fuori una perseveranza che ammiro molto\u201d confessa Marie-Pierre Gramaglia.<\/p>\n\n\n\n<p>Ormai pronta a intraprendere la sua carriera sportiva e professionale, Laura Gramaglia potrebbe diventare una delle figure pi\u00f9 importanti dello sport monegasco nei prossimi anni. Sicuramente, la giovane atleta si sta attrezzando al meglio per riuscirci. \u201cLaura segue un programma intenso, con preparazione atletica due volte a settimana e un regime alimentare rigido. Monta a cavallo da due a tre volte a settimana per molte ore\u201d racconta l&#8217;allenatore. Questo \u00e8 il prezzo del successo.<\/p>\n\n\n\n<p><strong>>> LEGGI ANCHE: <\/strong><a href=\"https:\/\/www.monaco-tribune.com\/it\/2021\/04\/dites-nous-lassociazione-dei-liceali-di-monaco-al-servizio-dei-piu-anziani\/\">\u201cDites-nous\u201d: l\u2019associazione dei liceali di Monaco al servizio dei pi\u00f9 anziani<\/a><\/p>\n","protected":false},"excerpt":{"rendered":"<p>A quasi 18 anni e poco dopo aver ottenuto il diploma di maturit\u00e0 con lode, Laura Gramaglia non finisce di [&hellip;]<\/p>\n","protected":false},"author":24,"featured_media":85170,"comment_status":"closed","ping_status":"closed","sticky":false,"template":"","format":"standard","meta":{"_acf_changed":false,"footnotes":""},"categories":[1826,1738,1743],"tags":[],"post_sectags":[],"post_format":[2476],"class_list":["post-89764","post","type-post","status-publish","format-standard","has-post-thumbnail","hentry","category-la-nostra-scelta","category-notizie","category-sport-it","format-intervista"],"acf":[],"yoast_head":"<!-- This site is optimized with the Yoast SEO Premium plugin v26.8 (Yoast SEO v27.4) - https:\/\/yoast.com\/product\/yoast-seo-premium-wordpress\/ -->\n<title>INCONTRO. Laura Gramaglia, promettente cavallerizza monegasca di endurance equestre<\/title>\n<meta name=\"description\" content=\"A quasi 18 anni e poco dopo aver ottenuto il diploma di maturit\u00e0 con lode, Laura Gramaglia non finisce di sorprendere. Amante dei cavalli fin dalla pi\u00f9\" \/>\n<meta name=\"robots\" content=\"index, follow, max-snippet:-1, max-image-preview:large, max-video-preview:-1\" \/>\n<link rel=\"canonical\" href=\"https:\/\/www.monaco-tribune.com\/it\/2021\/08\/incontro-laura-gramaglia-promettente-cavallerizza-monegasca-di-endurance-equestre\/\" \/>\n<meta property=\"og:locale\" content=\"it_IT\" \/>\n<meta property=\"og:type\" content=\"article\" \/>\n<meta property=\"og:title\" content=\"INCONTRO. Laura Gramaglia, promettente cavallerizza monegasca di endurance equestre - Monaco Tribune\" \/>\n<meta property=\"og:description\" content=\"A quasi 18 anni e poco dopo aver ottenuto il diploma di maturit\u00e0 con lode, Laura Gramaglia non finisce di sorprendere. Amante dei cavalli fin dalla pi\u00f9\" \/>\n<meta property=\"og:url\" content=\"https:\/\/www.monaco-tribune.com\/it\/2021\/08\/incontro-laura-gramaglia-promettente-cavallerizza-monegasca-di-endurance-equestre\/\" \/>\n<meta property=\"og:site_name\" content=\"Monaco Tribune\" \/>\n<meta property=\"article:publisher\" content=\"https:\/\/www.facebook.com\/MonacoTribune\" \/>\n<meta property=\"article:published_time\" content=\"2021-08-11T18:05:00+00:00\" \/>\n<meta property=\"article:modified_time\" content=\"2021-08-11T18:05:51+00:00\" \/>\n<meta property=\"og:image\" content=\"https:\/\/www.monaco-tribune.com\/wp-content\/uploads\/2021\/07\/laura-gramaglia-endurance-equestre-e1625212631149.jpg\" \/>\n\t<meta property=\"og:image:width\" content=\"1024\" \/>\n\t<meta property=\"og:image:height\" content=\"683\" \/>\n\t<meta property=\"og:image:type\" content=\"image\/jpeg\" \/>\n<meta name=\"author\" content=\"Romain Boisaubert\" \/>\n<meta name=\"twitter:card\" content=\"summary_large_image\" \/>\n<meta name=\"twitter:creator\" content=\"@MonacoTribune\" \/>\n<meta name=\"twitter:site\" content=\"@MonacoTribune\" \/>\n<script type=\"application\/ld+json\" class=\"yoast-schema-graph\">{\"@context\":\"https:\\\/\\\/schema.org\",\"@graph\":[{\"@type\":\"NewsArticle\",\"@id\":\"https:\\\/\\\/www.monaco-tribune.com\\\/it\\\/2021\\\/08\\\/incontro-laura-gramaglia-promettente-cavallerizza-monegasca-di-endurance-equestre\\\/#article\",\"isPartOf\":{\"@id\":\"https:\\\/\\\/www.monaco-tribune.com\\\/it\\\/2021\\\/08\\\/incontro-laura-gramaglia-promettente-cavallerizza-monegasca-di-endurance-equestre\\\/\"},\"author\":{\"name\":\"Romain Boisaubert\",\"@id\":\"https:\\\/\\\/www.monaco-tribune.com\\\/it\\\/#\\\/schema\\\/person\\\/330a3732947cf8cb41b2533a0eadd62e\"},\"headline\":\"INCONTRO. Laura Gramaglia, promettente cavallerizza monegasca di endurance equestre\",\"datePublished\":\"2021-08-11T18:05:00+00:00\",\"dateModified\":\"2021-08-11T18:05:51+00:00\",\"mainEntityOfPage\":{\"@id\":\"https:\\\/\\\/www.monaco-tribune.com\\\/it\\\/2021\\\/08\\\/incontro-laura-gramaglia-promettente-cavallerizza-monegasca-di-endurance-equestre\\\/\"},\"wordCount\":716,\"publisher\":{\"@id\":\"https:\\\/\\\/www.monaco-tribune.com\\\/it\\\/#organization\"},\"image\":{\"@id\":\"https:\\\/\\\/www.monaco-tribune.com\\\/it\\\/2021\\\/08\\\/incontro-laura-gramaglia-promettente-cavallerizza-monegasca-di-endurance-equestre\\\/#primaryimage\"},\"thumbnailUrl\":\"https:\\\/\\\/www.monaco-tribune.com\\\/wp-content\\\/uploads\\\/2021\\\/07\\\/laura-gramaglia-endurance-equestre-e1625212631149.jpg\",\"articleSection\":[\"La nostra scelta\",\"Notizie\",\"Sport\"],\"inLanguage\":\"it-IT\",\"copyrightYear\":\"2021\",\"copyrightHolder\":{\"@id\":\"https:\\\/\\\/www.monaco-tribune.com\\\/#organization\"}},{\"@type\":\"WebPage\",\"@id\":\"https:\\\/\\\/www.monaco-tribune.com\\\/it\\\/2021\\\/08\\\/incontro-laura-gramaglia-promettente-cavallerizza-monegasca-di-endurance-equestre\\\/\",\"url\":\"https:\\\/\\\/www.monaco-tribune.com\\\/it\\\/2021\\\/08\\\/incontro-laura-gramaglia-promettente-cavallerizza-monegasca-di-endurance-equestre\\\/\",\"name\":\"INCONTRO. Laura Gramaglia, promettente cavallerizza monegasca di endurance equestre\",\"isPartOf\":{\"@id\":\"https:\\\/\\\/www.monaco-tribune.com\\\/it\\\/#website\"},\"primaryImageOfPage\":{\"@id\":\"https:\\\/\\\/www.monaco-tribune.com\\\/it\\\/2021\\\/08\\\/incontro-laura-gramaglia-promettente-cavallerizza-monegasca-di-endurance-equestre\\\/#primaryimage\"},\"image\":{\"@id\":\"https:\\\/\\\/www.monaco-tribune.com\\\/it\\\/2021\\\/08\\\/incontro-laura-gramaglia-promettente-cavallerizza-monegasca-di-endurance-equestre\\\/#primaryimage\"},\"thumbnailUrl\":\"https:\\\/\\\/www.monaco-tribune.com\\\/wp-content\\\/uploads\\\/2021\\\/07\\\/laura-gramaglia-endurance-equestre-e1625212631149.jpg\",\"datePublished\":\"2021-08-11T18:05:00+00:00\",\"dateModified\":\"2021-08-11T18:05:51+00:00\",\"description\":\"A quasi 18 anni e poco dopo aver ottenuto il diploma di maturit\u00e0 con lode, Laura Gramaglia non finisce di sorprendere. Amante dei cavalli fin dalla pi\u00f9\",\"breadcrumb\":{\"@id\":\"https:\\\/\\\/www.monaco-tribune.com\\\/it\\\/2021\\\/08\\\/incontro-laura-gramaglia-promettente-cavallerizza-monegasca-di-endurance-equestre\\\/#breadcrumb\"},\"inLanguage\":\"it-IT\",\"potentialAction\":[{\"@type\":\"ReadAction\",\"target\":[\"https:\\\/\\\/www.monaco-tribune.com\\\/it\\\/2021\\\/08\\\/incontro-laura-gramaglia-promettente-cavallerizza-monegasca-di-endurance-equestre\\\/\"]}]},{\"@type\":\"ImageObject\",\"inLanguage\":\"it-IT\",\"@id\":\"https:\\\/\\\/www.monaco-tribune.com\\\/it\\\/2021\\\/08\\\/incontro-laura-gramaglia-promettente-cavallerizza-monegasca-di-endurance-equestre\\\/#primaryimage\",\"url\":\"https:\\\/\\\/www.monaco-tribune.com\\\/wp-content\\\/uploads\\\/2021\\\/07\\\/laura-gramaglia-endurance-equestre-e1625212631149.jpg\",\"contentUrl\":\"https:\\\/\\\/www.monaco-tribune.com\\\/wp-content\\\/uploads\\\/2021\\\/07\\\/laura-gramaglia-endurance-equestre-e1625212631149.jpg\",\"width\":1024,\"height\":683,\"caption\":\"Laura Gramaglia, in visita al Jumping International Monte-Carlo per sostenere la squadra monegasca\"},{\"@type\":\"BreadcrumbList\",\"@id\":\"https:\\\/\\\/www.monaco-tribune.com\\\/it\\\/2021\\\/08\\\/incontro-laura-gramaglia-promettente-cavallerizza-monegasca-di-endurance-equestre\\\/#breadcrumb\",\"itemListElement\":[{\"@type\":\"ListItem\",\"position\":1,\"name\":\"Accueil\",\"item\":\"https:\\\/\\\/www.monaco-tribune.com\\\/it\\\/\"},{\"@type\":\"ListItem\",\"position\":2,\"name\":\"INCONTRO. Laura Gramaglia, promettente cavallerizza monegasca di endurance equestre\"}]},{\"@type\":\"WebSite\",\"@id\":\"https:\\\/\\\/www.monaco-tribune.com\\\/it\\\/#website\",\"url\":\"https:\\\/\\\/www.monaco-tribune.com\\\/it\\\/\",\"name\":\"Monaco Tribune\",\"description\":\"Monaco : actualit\u00e9s \u00e9conomiques, politiques, culturelles et sportives de Monaco et de la French Riviera.\",\"publisher\":{\"@id\":\"https:\\\/\\\/www.monaco-tribune.com\\\/it\\\/#organization\"},\"potentialAction\":[{\"@type\":\"SearchAction\",\"target\":{\"@type\":\"EntryPoint\",\"urlTemplate\":\"https:\\\/\\\/www.monaco-tribune.com\\\/it\\\/?s={search_term_string}\"},\"query-input\":{\"@type\":\"PropertyValueSpecification\",\"valueRequired\":true,\"valueName\":\"search_term_string\"}}],\"inLanguage\":\"it-IT\"},{\"@type\":\"Organization\",\"@id\":\"https:\\\/\\\/www.monaco-tribune.com\\\/it\\\/#organization\",\"name\":\"Monaco Tribune\",\"url\":\"https:\\\/\\\/www.monaco-tribune.com\\\/it\\\/\",\"logo\":{\"@type\":\"ImageObject\",\"inLanguage\":\"it-IT\",\"@id\":\"https:\\\/\\\/www.monaco-tribune.com\\\/it\\\/#\\\/schema\\\/logo\\\/image\\\/\",\"url\":\"https:\\\/\\\/www.monaco-tribune.com\\\/wp-content\\\/uploads\\\/2022\\\/11\\\/logo-monaco-tribune.png\",\"contentUrl\":\"https:\\\/\\\/www.monaco-tribune.com\\\/wp-content\\\/uploads\\\/2022\\\/11\\\/logo-monaco-tribune.png\",\"width\":1548,\"height\":600,\"caption\":\"Monaco Tribune\"},\"image\":{\"@id\":\"https:\\\/\\\/www.monaco-tribune.com\\\/it\\\/#\\\/schema\\\/logo\\\/image\\\/\"},\"sameAs\":[\"https:\\\/\\\/www.facebook.com\\\/MonacoTribune\",\"https:\\\/\\\/x.com\\\/MonacoTribune\",\"https:\\\/\\\/www.instagram.com\\\/monacotribune\\\/\",\"https:\\\/\\\/www.linkedin.com\\\/company\\\/monaco-tribune\",\"https:\\\/\\\/www.youtube.com\\\/channel\\\/UCHle1MnG6hw1y4lWKijVbMA\"]},{\"@type\":\"Person\",\"@id\":\"https:\\\/\\\/www.monaco-tribune.com\\\/it\\\/#\\\/schema\\\/person\\\/330a3732947cf8cb41b2533a0eadd62e\",\"name\":\"Romain Boisaubert\",\"image\":{\"@type\":\"ImageObject\",\"inLanguage\":\"it-IT\",\"@id\":\"https:\\\/\\\/secure.gravatar.com\\\/avatar\\\/f8b90d41f1eabd1cbe4cf59e09d8db41a697d51919bf2dfe727589a24a4a4d54?s=96&d=mm&r=g\",\"url\":\"https:\\\/\\\/secure.gravatar.com\\\/avatar\\\/f8b90d41f1eabd1cbe4cf59e09d8db41a697d51919bf2dfe727589a24a4a4d54?s=96&d=mm&r=g\",\"contentUrl\":\"https:\\\/\\\/secure.gravatar.com\\\/avatar\\\/f8b90d41f1eabd1cbe4cf59e09d8db41a697d51919bf2dfe727589a24a4a4d54?s=96&d=mm&r=g\",\"caption\":\"Romain Boisaubert\"},\"description\":\"Test bio\",\"url\":\"https:\\\/\\\/www.monaco-tribune.com\\\/it\\\/author\\\/romain-boisaubert\\\/\"}]}<\/script>\n<!-- \/ Yoast SEO Premium plugin. -->","yoast_head_json":{"title":"INCONTRO. Laura Gramaglia, promettente cavallerizza monegasca di endurance equestre","description":"A quasi 18 anni e poco dopo aver ottenuto il diploma di maturit\u00e0 con lode, Laura Gramaglia non finisce di sorprendere. Amante dei cavalli fin dalla pi\u00f9","robots":{"index":"index","follow":"follow","max-snippet":"max-snippet:-1","max-image-preview":"max-image-preview:large","max-video-preview":"max-video-preview:-1"},"canonical":"https:\/\/www.monaco-tribune.com\/it\/2021\/08\/incontro-laura-gramaglia-promettente-cavallerizza-monegasca-di-endurance-equestre\/","og_locale":"it_IT","og_type":"article","og_title":"INCONTRO. Laura Gramaglia, promettente cavallerizza monegasca di endurance equestre - Monaco Tribune","og_description":"A quasi 18 anni e poco dopo aver ottenuto il diploma di maturit\u00e0 con lode, Laura Gramaglia non finisce di sorprendere. Amante dei cavalli fin dalla pi\u00f9","og_url":"https:\/\/www.monaco-tribune.com\/it\/2021\/08\/incontro-laura-gramaglia-promettente-cavallerizza-monegasca-di-endurance-equestre\/","og_site_name":"Monaco Tribune","article_publisher":"https:\/\/www.facebook.com\/MonacoTribune","article_published_time":"2021-08-11T18:05:00+00:00","article_modified_time":"2021-08-11T18:05:51+00:00","og_image":[{"width":1024,"height":683,"url":"https:\/\/www.monaco-tribune.com\/wp-content\/uploads\/2021\/07\/laura-gramaglia-endurance-equestre-e1625212631149.jpg","type":"image\/jpeg"}],"author":"Romain Boisaubert","twitter_card":"summary_large_image","twitter_creator":"@MonacoTribune","twitter_site":"@MonacoTribune","schema":{"@context":"https:\/\/schema.org","@graph":[{"@type":"NewsArticle","@id":"https:\/\/www.monaco-tribune.com\/it\/2021\/08\/incontro-laura-gramaglia-promettente-cavallerizza-monegasca-di-endurance-equestre\/#article","isPartOf":{"@id":"https:\/\/www.monaco-tribune.com\/it\/2021\/08\/incontro-laura-gramaglia-promettente-cavallerizza-monegasca-di-endurance-equestre\/"},"author":{"name":"Romain Boisaubert","@id":"https:\/\/www.monaco-tribune.com\/it\/#\/schema\/person\/330a3732947cf8cb41b2533a0eadd62e"},"headline":"INCONTRO. Laura Gramaglia, promettente cavallerizza monegasca di endurance equestre","datePublished":"2021-08-11T18:05:00+00:00","dateModified":"2021-08-11T18:05:51+00:00","mainEntityOfPage":{"@id":"https:\/\/www.monaco-tribune.com\/it\/2021\/08\/incontro-laura-gramaglia-promettente-cavallerizza-monegasca-di-endurance-equestre\/"},"wordCount":716,"publisher":{"@id":"https:\/\/www.monaco-tribune.com\/it\/#organization"},"image":{"@id":"https:\/\/www.monaco-tribune.com\/it\/2021\/08\/incontro-laura-gramaglia-promettente-cavallerizza-monegasca-di-endurance-equestre\/#primaryimage"},"thumbnailUrl":"https:\/\/www.monaco-tribune.com\/wp-content\/uploads\/2021\/07\/laura-gramaglia-endurance-equestre-e1625212631149.jpg","articleSection":["La nostra scelta","Notizie","Sport"],"inLanguage":"it-IT","copyrightYear":"2021","copyrightHolder":{"@id":"https:\/\/www.monaco-tribune.com\/#organization"}},{"@type":"WebPage","@id":"https:\/\/www.monaco-tribune.com\/it\/2021\/08\/incontro-laura-gramaglia-promettente-cavallerizza-monegasca-di-endurance-equestre\/","url":"https:\/\/www.monaco-tribune.com\/it\/2021\/08\/incontro-laura-gramaglia-promettente-cavallerizza-monegasca-di-endurance-equestre\/","name":"INCONTRO. Laura Gramaglia, promettente cavallerizza monegasca di endurance equestre","isPartOf":{"@id":"https:\/\/www.monaco-tribune.com\/it\/#website"},"primaryImageOfPage":{"@id":"https:\/\/www.monaco-tribune.com\/it\/2021\/08\/incontro-laura-gramaglia-promettente-cavallerizza-monegasca-di-endurance-equestre\/#primaryimage"},"image":{"@id":"https:\/\/www.monaco-tribune.com\/it\/2021\/08\/incontro-laura-gramaglia-promettente-cavallerizza-monegasca-di-endurance-equestre\/#primaryimage"},"thumbnailUrl":"https:\/\/www.monaco-tribune.com\/wp-content\/uploads\/2021\/07\/laura-gramaglia-endurance-equestre-e1625212631149.jpg","datePublished":"2021-08-11T18:05:00+00:00","dateModified":"2021-08-11T18:05:51+00:00","description":"A quasi 18 anni e poco dopo aver ottenuto il diploma di maturit\u00e0 con lode, Laura Gramaglia non finisce di sorprendere. Amante dei cavalli fin dalla pi\u00f9","breadcrumb":{"@id":"https:\/\/www.monaco-tribune.com\/it\/2021\/08\/incontro-laura-gramaglia-promettente-cavallerizza-monegasca-di-endurance-equestre\/#breadcrumb"},"inLanguage":"it-IT","potentialAction":[{"@type":"ReadAction","target":["https:\/\/www.monaco-tribune.com\/it\/2021\/08\/incontro-laura-gramaglia-promettente-cavallerizza-monegasca-di-endurance-equestre\/"]}]},{"@type":"ImageObject","inLanguage":"it-IT","@id":"https:\/\/www.monaco-tribune.com\/it\/2021\/08\/incontro-laura-gramaglia-promettente-cavallerizza-monegasca-di-endurance-equestre\/#primaryimage","url":"https:\/\/www.monaco-tribune.com\/wp-content\/uploads\/2021\/07\/laura-gramaglia-endurance-equestre-e1625212631149.jpg","contentUrl":"https:\/\/www.monaco-tribune.com\/wp-content\/uploads\/2021\/07\/laura-gramaglia-endurance-equestre-e1625212631149.jpg","width":1024,"height":683,"caption":"Laura Gramaglia, in visita al Jumping International Monte-Carlo per sostenere la squadra monegasca"},{"@type":"BreadcrumbList","@id":"https:\/\/www.monaco-tribune.com\/it\/2021\/08\/incontro-laura-gramaglia-promettente-cavallerizza-monegasca-di-endurance-equestre\/#breadcrumb","itemListElement":[{"@type":"ListItem","position":1,"name":"Accueil","item":"https:\/\/www.monaco-tribune.com\/it\/"},{"@type":"ListItem","position":2,"name":"INCONTRO. Laura Gramaglia, promettente cavallerizza monegasca di endurance equestre"}]},{"@type":"WebSite","@id":"https:\/\/www.monaco-tribune.com\/it\/#website","url":"https:\/\/www.monaco-tribune.com\/it\/","name":"Monaco Tribune","description":"Monaco : actualit\u00e9s \u00e9conomiques, politiques, culturelles et sportives de Monaco et de la French Riviera.","publisher":{"@id":"https:\/\/www.monaco-tribune.com\/it\/#organization"},"potentialAction":[{"@type":"SearchAction","target":{"@type":"EntryPoint","urlTemplate":"https:\/\/www.monaco-tribune.com\/it\/?s={search_term_string}"},"query-input":{"@type":"PropertyValueSpecification","valueRequired":true,"valueName":"search_term_string"}}],"inLanguage":"it-IT"},{"@type":"Organization","@id":"https:\/\/www.monaco-tribune.com\/it\/#organization","name":"Monaco Tribune","url":"https:\/\/www.monaco-tribune.com\/it\/","logo":{"@type":"ImageObject","inLanguage":"it-IT","@id":"https:\/\/www.monaco-tribune.com\/it\/#\/schema\/logo\/image\/","url":"https:\/\/www.monaco-tribune.com\/wp-content\/uploads\/2022\/11\/logo-monaco-tribune.png","contentUrl":"https:\/\/www.monaco-tribune.com\/wp-content\/uploads\/2022\/11\/logo-monaco-tribune.png","width":1548,"height":600,"caption":"Monaco Tribune"},"image":{"@id":"https:\/\/www.monaco-tribune.com\/it\/#\/schema\/logo\/image\/"},"sameAs":["https:\/\/www.facebook.com\/MonacoTribune","https:\/\/x.com\/MonacoTribune","https:\/\/www.instagram.com\/monacotribune\/","https:\/\/www.linkedin.com\/company\/monaco-tribune","https:\/\/www.youtube.com\/channel\/UCHle1MnG6hw1y4lWKijVbMA"]},{"@type":"Person","@id":"https:\/\/www.monaco-tribune.com\/it\/#\/schema\/person\/330a3732947cf8cb41b2533a0eadd62e","name":"Romain Boisaubert","image":{"@type":"ImageObject","inLanguage":"it-IT","@id":"https:\/\/secure.gravatar.com\/avatar\/f8b90d41f1eabd1cbe4cf59e09d8db41a697d51919bf2dfe727589a24a4a4d54?s=96&d=mm&r=g","url":"https:\/\/secure.gravatar.com\/avatar\/f8b90d41f1eabd1cbe4cf59e09d8db41a697d51919bf2dfe727589a24a4a4d54?s=96&d=mm&r=g","contentUrl":"https:\/\/secure.gravatar.com\/avatar\/f8b90d41f1eabd1cbe4cf59e09d8db41a697d51919bf2dfe727589a24a4a4d54?s=96&d=mm&r=g","caption":"Romain Boisaubert"},"description":"Test bio","url":"https:\/\/www.monaco-tribune.com\/it\/author\/romain-boisaubert\/"}]}},"_links":{"self":[{"href":"https:\/\/www.monaco-tribune.com\/it\/wp-json\/wp\/v2\/posts\/89764","targetHints":{"allow":["GET"]}}],"collection":[{"href":"https:\/\/www.monaco-tribune.com\/it\/wp-json\/wp\/v2\/posts"}],"about":[{"href":"https:\/\/www.monaco-tribune.com\/it\/wp-json\/wp\/v2\/types\/post"}],"author":[{"embeddable":true,"href":"https:\/\/www.monaco-tribune.com\/it\/wp-json\/wp\/v2\/users\/24"}],"replies":[{"embeddable":true,"href":"https:\/\/www.monaco-tribune.com\/it\/wp-json\/wp\/v2\/comments?post=89764"}],"version-history":[{"count":0,"href":"https:\/\/www.monaco-tribune.com\/it\/wp-json\/wp\/v2\/posts\/89764\/revisions"}],"wp:featuredmedia":[{"embeddable":true,"href":"https:\/\/www.monaco-tribune.com\/it\/wp-json\/wp\/v2\/media\/85170"}],"wp:attachment":[{"href":"https:\/\/www.monaco-tribune.com\/it\/wp-json\/wp\/v2\/media?parent=89764"}],"wp:term":[{"taxonomy":"category","embeddable":true,"href":"https:\/\/www.monaco-tribune.com\/it\/wp-json\/wp\/v2\/categories?post=89764"},{"taxonomy":"post_tag","embeddable":true,"href":"https:\/\/www.monaco-tribune.com\/it\/wp-json\/wp\/v2\/tags?post=89764"},{"taxonomy":"sectag","embeddable":true,"href":"https:\/\/www.monaco-tribune.com\/it\/wp-json\/wp\/v2\/post_sectags?post=89764"},{"taxonomy":"format","embeddable":true,"href":"https:\/\/www.monaco-tribune.com\/it\/wp-json\/wp\/v2\/post_format?post=89764"}],"curies":[{"name":"wp","href":"https:\/\/api.w.org\/{rel}","templated":true}]}}