{"id":89844,"date":"2021-08-12T12:55:02","date_gmt":"2021-08-12T10:55:02","guid":{"rendered":"https:\/\/www.monaco-tribune.com\/2021\/08\/vaccino-obbligatorio-per-il-personale-sanitario-tra-indignazione-e-buon-senso\/"},"modified":"2021-08-12T12:55:04","modified_gmt":"2021-08-12T10:55:04","slug":"vaccino-obbligatorio-per-il-personale-sanitario-tra-indignazione-e-buon-senso","status":"publish","type":"post","link":"https:\/\/www.monaco-tribune.com\/it\/2021\/08\/vaccino-obbligatorio-per-il-personale-sanitario-tra-indignazione-e-buon-senso\/","title":{"rendered":"Vaccino obbligatorio per il personale sanitario: tra indignazione e buon senso"},"content":{"rendered":"\n<p><strong>Nonostante i feroci commenti degli utenti sui social network, le autorit\u00e0 e la maggioranza del personale sanitario considerano la vaccinazione una tappa logica.\u00a0<\/strong><\/p>\n\n<p>Nel Principato, il 66,12% degli operatori sanitari ha ricevuto almeno una dose del vaccino; la percentuale sale a 92% tra i medici. Queste cifre, giudicate insufficienti, hanno spinto il Governo a rendere ufficiale il famoso disegno di <a href=\"https:\/\/www.monaco-tribune.com\/it\/2021\/07\/vaccinazioni-e-pass-sanitario-a-monaco-facciamo-il-punto-della-situazione\/\">legge sulla vaccinazione obbligatoria<\/a>: \u201cIl vaccino contro il COVID-19 non solo permette a chiunque lo riceva di proteggersi in modo molto efficace dalla malattia, ma consente anche di proteggere gli altri, riducendo il rischio di contagio\u201d.<\/p>\n\n<p>Insomma, questa legge (che \u00e8 liberamente disponibile in francese sul <a href=\"https:\/\/www.conseil-national.mc\/2021\/08\/03\/n1043-loi-portant\/\">sito del Consiglio Nazionale<\/a>) riguarder\u00e0 tutte le persone che sono in contatto con la popolazione vulnerabile, ossia il personale sanitario e i dipendenti, i volontari e gli studenti che operano in strutture sanitarie.<\/p>\n\n<p>Si precisa che, nel caso in cui una persona non sia sottoposta in tempo alla vaccinazione, \u201cpu\u00f2 utilizzare, con l&#8217;accordo del datore di lavoro, dei giorni di ferie retribuite o di riposo compensativo\u201d. In caso di sospensione dal lavoro, \u00e8 prevista una retribuzione pari al 50% dello stipendio per un massimo di quattro settimane. Dopo questo termine, la persona non ricever\u00e0 pi\u00f9 alcun tipo di aiuto.<\/p>\n\n<p>La prossima e ultima tappa prima dell&#8217;entrata in vigore della legge consiste in una delibera del Consiglio Nazionale in seduta pubblica, a inizio settembre. A questo proposito il Consiglio Nazionale specifica che la seduta \u201cservir\u00e0 a comprenderne tutti gli aspetti, specialmente i pi\u00f9 delicati a livello umano\u201c e aggiunge che \u201cil Consiglio Nazionale non mancher\u00e0 di apportare tutti gli emendamenti necessari, come sempre con discernimento, umanit\u00e0 e senso di responsabilit\u00e0.\u201d<\/p>\n\n<h2 class=\"wp-block-heading\" id=\"h-un-retour-virulent\">Feedback accesi online<\/h2>\n\n<p>Una parte della popolazione, gi\u00e0 sconcertata dall&#8217;introduzione del <a href=\"https:\/\/www.monaco-tribune.com\/it\/2021\/07\/pass-sanitario-obbligatorio-per-tutti-a-monaco\/\">pass sanitario obbligatorio<\/a>, considera questa legge controversa. Sul gruppo Facebook dedicato alla Manifestazione contro il pass sanitario a Monaco, alcuni utenti esprimono la proprio indignazione: \u201cSi tratta di una violenza inaudita verso il personale sanitario. Non credevo che saremmo arrivati a tanto a Monaco\u201d. Altri si spingono perfino a definire questo approccio \u201capartheid sanitario\u201d.<\/p>\n\n<p>Questo annuncio solleva gli interrogativi e le congetture di alcune persone. Ecco, ad esempio, il commento di un&#8217;altra utente: \u201cNon so come faremo se metteranno in atto questa minaccia! Gi\u00e0 il personale sanitario \u00e8 in burn-out, non si trovano persone da assumere; chi si occuper\u00e0 dei malati??? Perch\u00e9 conosco un sacco di paramedici non vaccinati!\u201d<\/p>\n\n<p>Il Sindacato dei servizi alla persona di Monaco ha rilasciato un comunicato in cui dichiara che \u201calcune aziende di servizi di assistenza alla persona chiedono ai dipendenti se sono vaccinati o meno. Ci\u00f2 viola il segreto sanitario e costituisce un chiaro abuso di potere.\u201d<\/p>\n\n<h2 class=\"wp-block-heading\">L&#8217;opinione di chi lavora sul campo<\/h2>\n\n<p>Tuttavia, i professionisti non sono dello stesso avviso. Fr\u00e9d\u00e9ric Platini, Segretario Generale della Croce Rossa di Monaco, ci ha rilasciato un&#8217;intervista in cui racconta: \u201cAd oggi, mi sembra coerente che il Governo si imponga; lo faccio gi\u00e0 io, chiedendo che il personale che entra nelle case di persone in quarantena e contagiate sia vaccinato.\u201d<\/p>\n\n<p>Riguardo al disegno di legge, Platini aggiunge che \u201cl&#8217;obbligo vaccinale sar\u00e0 applicato anche ai volontari per la loro sicurezza. Mi rifiuto di avere dei contagi dovuti alle condizioni di lavoro nella Croce Rossa, non \u00e8 mai successo durante tutta la pandemia.\u201d E riguardo a chi esercita la libera professione? La logica \u00e8 la stessa: \u201cIn questo caso non c&#8217;\u00e8 in gioco la sicurezza del mio personale, ma quella delle persone a rischio. Aspetto la legge e, una volta che sar\u00e0 entrata in vigore, l&#8217;applicher\u00f2.\u201d<\/p>\n\n<p>Effettivamente, le squadre della Croce Rossa hanno fronteggiato la pandemia fin dall&#8217;inizio. \u201cAbbiamo visto quali sono le conseguenze e c&#8217;eravamo dentro fino al collo quindi mi sembra logico prendere provvedimenti per proteggere s\u00e9 e gli altri.\u201d<\/p>\n\n<p>\u201cCi sar\u00e0 sempre chi oppone resistenza: \u00e8 cos\u00ec ovunque. Tutti hanno il diritto ad avere un opinione, ma io ho soprattutto il diritto di tutelare il mio personale\u201d conclude Fr\u00e9d\u00e9ric Platini.<\/p>\n\n<p>La nostra redazione ha bisogno della vostra opinione sul disegno di legge. Dite la vostra sul nostro gruppo Facebook: <a href=\"https:\/\/www.facebook.com\/groups\/958679198252764\">Monaco: C&#8217;est \u00e0 vous!\u00a0<\/a><\/p>\n","protected":false},"excerpt":{"rendered":"<p>Nonostante i feroci commenti degli utenti sui social network, le autorit\u00e0 e la maggioranza del personale sanitario considerano la vaccinazione [&hellip;]<\/p>\n","protected":false},"author":54,"featured_media":61458,"comment_status":"closed","ping_status":"closed","sticky":false,"template":"","format":"standard","meta":{"_acf_changed":false,"footnotes":""},"categories":[1826],"tags":[2886],"post_sectags":[],"post_format":[2475],"class_list":["post-89844","post","type-post","status-publish","format-standard","has-post-thumbnail","hentry","category-la-nostra-scelta","tag-covid-19-it","format-inchiesta"],"acf":[],"yoast_head":"<!-- This site is optimized with the Yoast SEO Premium plugin v26.8 (Yoast SEO v27.5) - https:\/\/yoast.com\/product\/yoast-seo-premium-wordpress\/ -->\n<title>Vaccino obbligatorio per il personale sanitario: tra indignazione e buon senso<\/title>\n<meta name=\"description\" content=\"Nonostante i feroci commenti degli utenti sui social network, le autorit\u00e0 e la maggioranza del personale sanitario considerano la vaccinazione una tappa\" \/>\n<meta name=\"robots\" content=\"index, follow, max-snippet:-1, max-image-preview:large, max-video-preview:-1\" \/>\n<link rel=\"canonical\" href=\"https:\/\/www.monaco-tribune.com\/it\/2021\/08\/vaccino-obbligatorio-per-il-personale-sanitario-tra-indignazione-e-buon-senso\/\" \/>\n<meta property=\"og:locale\" content=\"it_IT\" \/>\n<meta property=\"og:type\" content=\"article\" \/>\n<meta property=\"og:title\" content=\"Vaccino obbligatorio per il personale sanitario: tra indignazione e buon senso - Monaco Tribune\" \/>\n<meta property=\"og:description\" content=\"Nonostante i feroci commenti degli utenti sui social network, le autorit\u00e0 e la maggioranza del personale sanitario considerano la vaccinazione una tappa\" \/>\n<meta property=\"og:url\" content=\"https:\/\/www.monaco-tribune.com\/it\/2021\/08\/vaccino-obbligatorio-per-il-personale-sanitario-tra-indignazione-e-buon-senso\/\" \/>\n<meta property=\"og:site_name\" content=\"Monaco Tribune\" \/>\n<meta property=\"article:publisher\" content=\"https:\/\/www.facebook.com\/MonacoTribune\" \/>\n<meta property=\"article:published_time\" content=\"2021-08-12T10:55:02+00:00\" \/>\n<meta property=\"article:modified_time\" content=\"2021-08-12T10:55:04+00:00\" \/>\n<meta property=\"og:image\" content=\"https:\/\/www.monaco-tribune.com\/wp-content\/uploads\/2021\/01\/monaco-vaccination-covid.jpg\" \/>\n\t<meta property=\"og:image:width\" content=\"1200\" \/>\n\t<meta property=\"og:image:height\" content=\"711\" \/>\n\t<meta property=\"og:image:type\" content=\"image\/jpeg\" \/>\n<meta name=\"author\" content=\"Simon Zwierniak\" \/>\n<meta name=\"twitter:card\" content=\"summary_large_image\" \/>\n<meta name=\"twitter:creator\" content=\"@MonacoTribune\" \/>\n<meta name=\"twitter:site\" content=\"@MonacoTribune\" \/>\n<script type=\"application\/ld+json\" class=\"yoast-schema-graph\">{\"@context\":\"https:\\\/\\\/schema.org\",\"@graph\":[{\"@type\":\"NewsArticle\",\"@id\":\"https:\\\/\\\/www.monaco-tribune.com\\\/it\\\/2021\\\/08\\\/vaccino-obbligatorio-per-il-personale-sanitario-tra-indignazione-e-buon-senso\\\/#article\",\"isPartOf\":{\"@id\":\"https:\\\/\\\/www.monaco-tribune.com\\\/it\\\/2021\\\/08\\\/vaccino-obbligatorio-per-il-personale-sanitario-tra-indignazione-e-buon-senso\\\/\"},\"author\":{\"name\":\"Simon Zwierniak\",\"@id\":\"https:\\\/\\\/www.monaco-tribune.com\\\/it\\\/#\\\/schema\\\/person\\\/8999750e061d77476d5caf542c77c841\"},\"headline\":\"Vaccino obbligatorio per il personale sanitario: tra indignazione e buon senso\",\"datePublished\":\"2021-08-12T10:55:02+00:00\",\"dateModified\":\"2021-08-12T10:55:04+00:00\",\"mainEntityOfPage\":{\"@id\":\"https:\\\/\\\/www.monaco-tribune.com\\\/it\\\/2021\\\/08\\\/vaccino-obbligatorio-per-il-personale-sanitario-tra-indignazione-e-buon-senso\\\/\"},\"wordCount\":689,\"publisher\":{\"@id\":\"https:\\\/\\\/www.monaco-tribune.com\\\/it\\\/#organization\"},\"image\":{\"@id\":\"https:\\\/\\\/www.monaco-tribune.com\\\/it\\\/2021\\\/08\\\/vaccino-obbligatorio-per-il-personale-sanitario-tra-indignazione-e-buon-senso\\\/#primaryimage\"},\"thumbnailUrl\":\"https:\\\/\\\/www.monaco-tribune.com\\\/wp-content\\\/uploads\\\/2021\\\/01\\\/monaco-vaccination-covid.jpg\",\"keywords\":[\"Covid-19\"],\"articleSection\":[\"La nostra scelta\"],\"inLanguage\":\"it-IT\",\"copyrightYear\":\"2021\",\"copyrightHolder\":{\"@id\":\"https:\\\/\\\/www.monaco-tribune.com\\\/#organization\"}},{\"@type\":\"WebPage\",\"@id\":\"https:\\\/\\\/www.monaco-tribune.com\\\/it\\\/2021\\\/08\\\/vaccino-obbligatorio-per-il-personale-sanitario-tra-indignazione-e-buon-senso\\\/\",\"url\":\"https:\\\/\\\/www.monaco-tribune.com\\\/it\\\/2021\\\/08\\\/vaccino-obbligatorio-per-il-personale-sanitario-tra-indignazione-e-buon-senso\\\/\",\"name\":\"Vaccino obbligatorio per il personale sanitario: tra indignazione e buon senso\",\"isPartOf\":{\"@id\":\"https:\\\/\\\/www.monaco-tribune.com\\\/it\\\/#website\"},\"primaryImageOfPage\":{\"@id\":\"https:\\\/\\\/www.monaco-tribune.com\\\/it\\\/2021\\\/08\\\/vaccino-obbligatorio-per-il-personale-sanitario-tra-indignazione-e-buon-senso\\\/#primaryimage\"},\"image\":{\"@id\":\"https:\\\/\\\/www.monaco-tribune.com\\\/it\\\/2021\\\/08\\\/vaccino-obbligatorio-per-il-personale-sanitario-tra-indignazione-e-buon-senso\\\/#primaryimage\"},\"thumbnailUrl\":\"https:\\\/\\\/www.monaco-tribune.com\\\/wp-content\\\/uploads\\\/2021\\\/01\\\/monaco-vaccination-covid.jpg\",\"datePublished\":\"2021-08-12T10:55:02+00:00\",\"dateModified\":\"2021-08-12T10:55:04+00:00\",\"description\":\"Nonostante i feroci commenti degli utenti sui social network, le autorit\u00e0 e la maggioranza del personale sanitario considerano la vaccinazione una tappa\",\"breadcrumb\":{\"@id\":\"https:\\\/\\\/www.monaco-tribune.com\\\/it\\\/2021\\\/08\\\/vaccino-obbligatorio-per-il-personale-sanitario-tra-indignazione-e-buon-senso\\\/#breadcrumb\"},\"inLanguage\":\"it-IT\",\"potentialAction\":[{\"@type\":\"ReadAction\",\"target\":[\"https:\\\/\\\/www.monaco-tribune.com\\\/it\\\/2021\\\/08\\\/vaccino-obbligatorio-per-il-personale-sanitario-tra-indignazione-e-buon-senso\\\/\"]}]},{\"@type\":\"ImageObject\",\"inLanguage\":\"it-IT\",\"@id\":\"https:\\\/\\\/www.monaco-tribune.com\\\/it\\\/2021\\\/08\\\/vaccino-obbligatorio-per-il-personale-sanitario-tra-indignazione-e-buon-senso\\\/#primaryimage\",\"url\":\"https:\\\/\\\/www.monaco-tribune.com\\\/wp-content\\\/uploads\\\/2021\\\/01\\\/monaco-vaccination-covid.jpg\",\"contentUrl\":\"https:\\\/\\\/www.monaco-tribune.com\\\/wp-content\\\/uploads\\\/2021\\\/01\\\/monaco-vaccination-covid.jpg\",\"width\":1200,\"height\":711,\"caption\":\"Direzione della Comunicazione \\\/ Manuel Vitali\"},{\"@type\":\"BreadcrumbList\",\"@id\":\"https:\\\/\\\/www.monaco-tribune.com\\\/it\\\/2021\\\/08\\\/vaccino-obbligatorio-per-il-personale-sanitario-tra-indignazione-e-buon-senso\\\/#breadcrumb\",\"itemListElement\":[{\"@type\":\"ListItem\",\"position\":1,\"name\":\"Accueil\",\"item\":\"https:\\\/\\\/www.monaco-tribune.com\\\/it\\\/\"},{\"@type\":\"ListItem\",\"position\":2,\"name\":\"Vaccino obbligatorio per il personale sanitario: tra indignazione e buon senso\"}]},{\"@type\":\"WebSite\",\"@id\":\"https:\\\/\\\/www.monaco-tribune.com\\\/it\\\/#website\",\"url\":\"https:\\\/\\\/www.monaco-tribune.com\\\/it\\\/\",\"name\":\"Monaco Tribune\",\"description\":\"Monaco : actualit\u00e9s \u00e9conomiques, politiques, culturelles et sportives de Monaco et de la French Riviera.\",\"publisher\":{\"@id\":\"https:\\\/\\\/www.monaco-tribune.com\\\/it\\\/#organization\"},\"potentialAction\":[{\"@type\":\"SearchAction\",\"target\":{\"@type\":\"EntryPoint\",\"urlTemplate\":\"https:\\\/\\\/www.monaco-tribune.com\\\/it\\\/?s={search_term_string}\"},\"query-input\":{\"@type\":\"PropertyValueSpecification\",\"valueRequired\":true,\"valueName\":\"search_term_string\"}}],\"inLanguage\":\"it-IT\"},{\"@type\":\"Organization\",\"@id\":\"https:\\\/\\\/www.monaco-tribune.com\\\/it\\\/#organization\",\"name\":\"Monaco Tribune\",\"url\":\"https:\\\/\\\/www.monaco-tribune.com\\\/it\\\/\",\"logo\":{\"@type\":\"ImageObject\",\"inLanguage\":\"it-IT\",\"@id\":\"https:\\\/\\\/www.monaco-tribune.com\\\/it\\\/#\\\/schema\\\/logo\\\/image\\\/\",\"url\":\"https:\\\/\\\/www.monaco-tribune.com\\\/wp-content\\\/uploads\\\/2022\\\/11\\\/logo-monaco-tribune.png\",\"contentUrl\":\"https:\\\/\\\/www.monaco-tribune.com\\\/wp-content\\\/uploads\\\/2022\\\/11\\\/logo-monaco-tribune.png\",\"width\":1548,\"height\":600,\"caption\":\"Monaco Tribune\"},\"image\":{\"@id\":\"https:\\\/\\\/www.monaco-tribune.com\\\/it\\\/#\\\/schema\\\/logo\\\/image\\\/\"},\"sameAs\":[\"https:\\\/\\\/www.facebook.com\\\/MonacoTribune\",\"https:\\\/\\\/x.com\\\/MonacoTribune\",\"https:\\\/\\\/www.instagram.com\\\/monacotribune\\\/\",\"https:\\\/\\\/www.linkedin.com\\\/company\\\/monaco-tribune\",\"https:\\\/\\\/www.youtube.com\\\/channel\\\/UCHle1MnG6hw1y4lWKijVbMA\"]},{\"@type\":\"Person\",\"@id\":\"https:\\\/\\\/www.monaco-tribune.com\\\/it\\\/#\\\/schema\\\/person\\\/8999750e061d77476d5caf542c77c841\",\"name\":\"Simon Zwierniak\",\"image\":{\"@type\":\"ImageObject\",\"inLanguage\":\"it-IT\",\"@id\":\"https:\\\/\\\/secure.gravatar.com\\\/avatar\\\/4996370fc4436ccbc5a09f3a9d6393bb07b46b707a1982d1874380fb0c5458de?s=96&d=mm&r=g\",\"url\":\"https:\\\/\\\/secure.gravatar.com\\\/avatar\\\/4996370fc4436ccbc5a09f3a9d6393bb07b46b707a1982d1874380fb0c5458de?s=96&d=mm&r=g\",\"contentUrl\":\"https:\\\/\\\/secure.gravatar.com\\\/avatar\\\/4996370fc4436ccbc5a09f3a9d6393bb07b46b707a1982d1874380fb0c5458de?s=96&d=mm&r=g\",\"caption\":\"Simon Zwierniak\"},\"url\":\"https:\\\/\\\/www.monaco-tribune.com\\\/it\\\/author\\\/simonzwierniak\\\/\"}]}<\/script>\n<!-- \/ Yoast SEO Premium plugin. -->","yoast_head_json":{"title":"Vaccino obbligatorio per il personale sanitario: tra indignazione e buon senso","description":"Nonostante i feroci commenti degli utenti sui social network, le autorit\u00e0 e la maggioranza del personale sanitario considerano la vaccinazione una tappa","robots":{"index":"index","follow":"follow","max-snippet":"max-snippet:-1","max-image-preview":"max-image-preview:large","max-video-preview":"max-video-preview:-1"},"canonical":"https:\/\/www.monaco-tribune.com\/it\/2021\/08\/vaccino-obbligatorio-per-il-personale-sanitario-tra-indignazione-e-buon-senso\/","og_locale":"it_IT","og_type":"article","og_title":"Vaccino obbligatorio per il personale sanitario: tra indignazione e buon senso - Monaco Tribune","og_description":"Nonostante i feroci commenti degli utenti sui social network, le autorit\u00e0 e la maggioranza del personale sanitario considerano la vaccinazione una tappa","og_url":"https:\/\/www.monaco-tribune.com\/it\/2021\/08\/vaccino-obbligatorio-per-il-personale-sanitario-tra-indignazione-e-buon-senso\/","og_site_name":"Monaco Tribune","article_publisher":"https:\/\/www.facebook.com\/MonacoTribune","article_published_time":"2021-08-12T10:55:02+00:00","article_modified_time":"2021-08-12T10:55:04+00:00","og_image":[{"width":1200,"height":711,"url":"https:\/\/www.monaco-tribune.com\/wp-content\/uploads\/2021\/01\/monaco-vaccination-covid.jpg","type":"image\/jpeg"}],"author":"Simon Zwierniak","twitter_card":"summary_large_image","twitter_creator":"@MonacoTribune","twitter_site":"@MonacoTribune","schema":{"@context":"https:\/\/schema.org","@graph":[{"@type":"NewsArticle","@id":"https:\/\/www.monaco-tribune.com\/it\/2021\/08\/vaccino-obbligatorio-per-il-personale-sanitario-tra-indignazione-e-buon-senso\/#article","isPartOf":{"@id":"https:\/\/www.monaco-tribune.com\/it\/2021\/08\/vaccino-obbligatorio-per-il-personale-sanitario-tra-indignazione-e-buon-senso\/"},"author":{"name":"Simon Zwierniak","@id":"https:\/\/www.monaco-tribune.com\/it\/#\/schema\/person\/8999750e061d77476d5caf542c77c841"},"headline":"Vaccino obbligatorio per il personale sanitario: tra indignazione e buon senso","datePublished":"2021-08-12T10:55:02+00:00","dateModified":"2021-08-12T10:55:04+00:00","mainEntityOfPage":{"@id":"https:\/\/www.monaco-tribune.com\/it\/2021\/08\/vaccino-obbligatorio-per-il-personale-sanitario-tra-indignazione-e-buon-senso\/"},"wordCount":689,"publisher":{"@id":"https:\/\/www.monaco-tribune.com\/it\/#organization"},"image":{"@id":"https:\/\/www.monaco-tribune.com\/it\/2021\/08\/vaccino-obbligatorio-per-il-personale-sanitario-tra-indignazione-e-buon-senso\/#primaryimage"},"thumbnailUrl":"https:\/\/www.monaco-tribune.com\/wp-content\/uploads\/2021\/01\/monaco-vaccination-covid.jpg","keywords":["Covid-19"],"articleSection":["La nostra scelta"],"inLanguage":"it-IT","copyrightYear":"2021","copyrightHolder":{"@id":"https:\/\/www.monaco-tribune.com\/#organization"}},{"@type":"WebPage","@id":"https:\/\/www.monaco-tribune.com\/it\/2021\/08\/vaccino-obbligatorio-per-il-personale-sanitario-tra-indignazione-e-buon-senso\/","url":"https:\/\/www.monaco-tribune.com\/it\/2021\/08\/vaccino-obbligatorio-per-il-personale-sanitario-tra-indignazione-e-buon-senso\/","name":"Vaccino obbligatorio per il personale sanitario: tra indignazione e buon senso","isPartOf":{"@id":"https:\/\/www.monaco-tribune.com\/it\/#website"},"primaryImageOfPage":{"@id":"https:\/\/www.monaco-tribune.com\/it\/2021\/08\/vaccino-obbligatorio-per-il-personale-sanitario-tra-indignazione-e-buon-senso\/#primaryimage"},"image":{"@id":"https:\/\/www.monaco-tribune.com\/it\/2021\/08\/vaccino-obbligatorio-per-il-personale-sanitario-tra-indignazione-e-buon-senso\/#primaryimage"},"thumbnailUrl":"https:\/\/www.monaco-tribune.com\/wp-content\/uploads\/2021\/01\/monaco-vaccination-covid.jpg","datePublished":"2021-08-12T10:55:02+00:00","dateModified":"2021-08-12T10:55:04+00:00","description":"Nonostante i feroci commenti degli utenti sui social network, le autorit\u00e0 e la maggioranza del personale sanitario considerano la vaccinazione una tappa","breadcrumb":{"@id":"https:\/\/www.monaco-tribune.com\/it\/2021\/08\/vaccino-obbligatorio-per-il-personale-sanitario-tra-indignazione-e-buon-senso\/#breadcrumb"},"inLanguage":"it-IT","potentialAction":[{"@type":"ReadAction","target":["https:\/\/www.monaco-tribune.com\/it\/2021\/08\/vaccino-obbligatorio-per-il-personale-sanitario-tra-indignazione-e-buon-senso\/"]}]},{"@type":"ImageObject","inLanguage":"it-IT","@id":"https:\/\/www.monaco-tribune.com\/it\/2021\/08\/vaccino-obbligatorio-per-il-personale-sanitario-tra-indignazione-e-buon-senso\/#primaryimage","url":"https:\/\/www.monaco-tribune.com\/wp-content\/uploads\/2021\/01\/monaco-vaccination-covid.jpg","contentUrl":"https:\/\/www.monaco-tribune.com\/wp-content\/uploads\/2021\/01\/monaco-vaccination-covid.jpg","width":1200,"height":711,"caption":"Direzione della Comunicazione \/ Manuel Vitali"},{"@type":"BreadcrumbList","@id":"https:\/\/www.monaco-tribune.com\/it\/2021\/08\/vaccino-obbligatorio-per-il-personale-sanitario-tra-indignazione-e-buon-senso\/#breadcrumb","itemListElement":[{"@type":"ListItem","position":1,"name":"Accueil","item":"https:\/\/www.monaco-tribune.com\/it\/"},{"@type":"ListItem","position":2,"name":"Vaccino obbligatorio per il personale sanitario: tra indignazione e buon senso"}]},{"@type":"WebSite","@id":"https:\/\/www.monaco-tribune.com\/it\/#website","url":"https:\/\/www.monaco-tribune.com\/it\/","name":"Monaco Tribune","description":"Monaco : actualit\u00e9s \u00e9conomiques, politiques, culturelles et sportives de Monaco et de la French Riviera.","publisher":{"@id":"https:\/\/www.monaco-tribune.com\/it\/#organization"},"potentialAction":[{"@type":"SearchAction","target":{"@type":"EntryPoint","urlTemplate":"https:\/\/www.monaco-tribune.com\/it\/?s={search_term_string}"},"query-input":{"@type":"PropertyValueSpecification","valueRequired":true,"valueName":"search_term_string"}}],"inLanguage":"it-IT"},{"@type":"Organization","@id":"https:\/\/www.monaco-tribune.com\/it\/#organization","name":"Monaco Tribune","url":"https:\/\/www.monaco-tribune.com\/it\/","logo":{"@type":"ImageObject","inLanguage":"it-IT","@id":"https:\/\/www.monaco-tribune.com\/it\/#\/schema\/logo\/image\/","url":"https:\/\/www.monaco-tribune.com\/wp-content\/uploads\/2022\/11\/logo-monaco-tribune.png","contentUrl":"https:\/\/www.monaco-tribune.com\/wp-content\/uploads\/2022\/11\/logo-monaco-tribune.png","width":1548,"height":600,"caption":"Monaco Tribune"},"image":{"@id":"https:\/\/www.monaco-tribune.com\/it\/#\/schema\/logo\/image\/"},"sameAs":["https:\/\/www.facebook.com\/MonacoTribune","https:\/\/x.com\/MonacoTribune","https:\/\/www.instagram.com\/monacotribune\/","https:\/\/www.linkedin.com\/company\/monaco-tribune","https:\/\/www.youtube.com\/channel\/UCHle1MnG6hw1y4lWKijVbMA"]},{"@type":"Person","@id":"https:\/\/www.monaco-tribune.com\/it\/#\/schema\/person\/8999750e061d77476d5caf542c77c841","name":"Simon Zwierniak","image":{"@type":"ImageObject","inLanguage":"it-IT","@id":"https:\/\/secure.gravatar.com\/avatar\/4996370fc4436ccbc5a09f3a9d6393bb07b46b707a1982d1874380fb0c5458de?s=96&d=mm&r=g","url":"https:\/\/secure.gravatar.com\/avatar\/4996370fc4436ccbc5a09f3a9d6393bb07b46b707a1982d1874380fb0c5458de?s=96&d=mm&r=g","contentUrl":"https:\/\/secure.gravatar.com\/avatar\/4996370fc4436ccbc5a09f3a9d6393bb07b46b707a1982d1874380fb0c5458de?s=96&d=mm&r=g","caption":"Simon Zwierniak"},"url":"https:\/\/www.monaco-tribune.com\/it\/author\/simonzwierniak\/"}]}},"_links":{"self":[{"href":"https:\/\/www.monaco-tribune.com\/it\/wp-json\/wp\/v2\/posts\/89844","targetHints":{"allow":["GET"]}}],"collection":[{"href":"https:\/\/www.monaco-tribune.com\/it\/wp-json\/wp\/v2\/posts"}],"about":[{"href":"https:\/\/www.monaco-tribune.com\/it\/wp-json\/wp\/v2\/types\/post"}],"author":[{"embeddable":true,"href":"https:\/\/www.monaco-tribune.com\/it\/wp-json\/wp\/v2\/users\/54"}],"replies":[{"embeddable":true,"href":"https:\/\/www.monaco-tribune.com\/it\/wp-json\/wp\/v2\/comments?post=89844"}],"version-history":[{"count":0,"href":"https:\/\/www.monaco-tribune.com\/it\/wp-json\/wp\/v2\/posts\/89844\/revisions"}],"wp:featuredmedia":[{"embeddable":true,"href":"https:\/\/www.monaco-tribune.com\/it\/wp-json\/wp\/v2\/media\/61458"}],"wp:attachment":[{"href":"https:\/\/www.monaco-tribune.com\/it\/wp-json\/wp\/v2\/media?parent=89844"}],"wp:term":[{"taxonomy":"category","embeddable":true,"href":"https:\/\/www.monaco-tribune.com\/it\/wp-json\/wp\/v2\/categories?post=89844"},{"taxonomy":"post_tag","embeddable":true,"href":"https:\/\/www.monaco-tribune.com\/it\/wp-json\/wp\/v2\/tags?post=89844"},{"taxonomy":"sectag","embeddable":true,"href":"https:\/\/www.monaco-tribune.com\/it\/wp-json\/wp\/v2\/post_sectags?post=89844"},{"taxonomy":"format","embeddable":true,"href":"https:\/\/www.monaco-tribune.com\/it\/wp-json\/wp\/v2\/post_format?post=89844"}],"curies":[{"name":"wp","href":"https:\/\/api.w.org\/{rel}","templated":true}]}}