{"id":90016,"date":"2021-08-13T18:25:52","date_gmt":"2021-08-13T16:25:52","guid":{"rendered":"https:\/\/www.monaco-tribune.com\/2021\/08\/covid-19-tasso-di-mortalita-dell11-nel-principato\/"},"modified":"2021-08-24T17:21:53","modified_gmt":"2021-08-24T15:21:53","slug":"covid-19-tasso-di-mortalita-dell11-nel-principato","status":"publish","type":"post","link":"https:\/\/www.monaco-tribune.com\/it\/2021\/08\/covid-19-tasso-di-mortalita-dell11-nel-principato\/","title":{"rendered":"Covid-19: tasso di mortalit\u00e0 dell&#8217;1,1% nel Principato"},"content":{"rendered":"\n<p><strong>L&#8217;istituto di statistica IMSEE ha recentemente pubblicato l&#8217;ultimo studio sull&#8217;evoluzione della situazione sanitaria nel Principato di Monaco.<\/strong><\/p>\n\n\n\n<p>L&#8217;1 agosto, il numero di casi totali di Covid nel Principato era di 2891, ossia il 7,5% della popolazione residente. Tra questi, 97 pazienti erano stati sottoposti alla vaccinazione completa.<\/p>\n\n\n\n<p>Il ricovero \u00e8 stato necessario per l&#8217;8,7% dei pazienti positivi, ossia 251 persone. Di queste, 48 sono state in terapia intensiva. <\/p>\n\n\n\n<p>Il numero di decessi ammonta a 33 persone, 16 uomini e 17 donne, per una percentuale dell&#8217;1,1% sui casi totali. L&#8217;et\u00e0 media di mortalit\u00e0 \u00e8 83,5 anni e circa l&#8217;85% dei residenti deceduti era di et\u00e0 pari o superiore ai 75 anni.<\/p>\n\n\n\n<h2 class=\"wp-block-heading\" id=\"h-la-campagna-vaccinale-comincia-a-dare-i-suoi-frutti\">La campagna vaccinale comincia a dare i suoi frutti <\/h2>\n\n\n\n<p>La campagna \u00e8 iniziata il 31 dicembre 2020 e al 1\u00b0 agosto sono state somministrate circa 23.000 prime dosi e circa 20.000 seconde dosi. Quasi la met\u00e0 delle prime dosi e meno del 55% delle seconde dosi sono state iniettate a residenti dai 55 anni in su.<\/p>\n\n\n\n<p>Per quanto riguarda l&#8217;impatto del vaccino sui casi positivi, si \u00e8 osservato che la percentuale di persone che richiedevano l&#8217;ospedalizzazione era del 49% per i vaccinati con una dose, rispetto al 32% per i non vaccinati, ma si \u00e8 ridotta al 25% per i residenti vaccinati con entrambe le dosi.<\/p>\n\n\n\n<p><strong>&gt;&gt; LEGGI ANCHE: <\/strong><a href=\"https:\/\/www.monaco-tribune.com\/it\/2021\/08\/covid-19-una-nuova-vittima-e-pazienti-sempre-piu-giovani-in-ospedale\/\">Covid-19: una nuova vittima e pazienti sempre pi\u00f9 giovani in ospedale<\/a><\/p>\n\n\n\n<p><strong>&gt;&gt; LEGGI ANCHE: <\/strong><a href=\"https:\/\/www.monaco-tribune.com\/it\/2021\/08\/vaccino-obbligatorio-per-il-personale-sanitario-tra-indignazione-e-buon-senso\/\">Vaccino obbligatorio per il personale sanitario: tra indignazione e buon senso<\/a><\/p>\n","protected":false},"excerpt":{"rendered":"<p>L&#8217;istituto di statistica IMSEE ha recentemente pubblicato l&#8217;ultimo studio sull&#8217;evoluzione della situazione sanitaria nel Principato di Monaco. L&#8217;1 agosto, il [&hellip;]<\/p>\n","protected":false},"author":53,"featured_media":62514,"comment_status":"closed","ping_status":"closed","sticky":false,"template":"","format":"standard","meta":{"_acf_changed":false,"footnotes":""},"categories":[1738],"tags":[2886],"post_sectags":[],"post_format":[2478],"class_list":["post-90016","post","type-post","status-publish","format-standard","has-post-thumbnail","hentry","category-notizie","tag-covid-19-it","format-notizia"],"acf":[],"yoast_head":"<!-- This site is optimized with the Yoast SEO Premium plugin v26.8 (Yoast SEO v27.4) - https:\/\/yoast.com\/product\/yoast-seo-premium-wordpress\/ -->\n<title>Covid-19: tasso di mortalit\u00e0 dell&#039;1,1% nel Principato<\/title>\n<meta name=\"description\" content=\"L&#039;istituto di statistica IMSEE ha recentemente pubblicato l&#039;ultimo studio sull&#039;evoluzione della situazione sanitaria nel Principato di Monaco. L&#039;1 agosto,\" \/>\n<meta name=\"robots\" content=\"index, follow, max-snippet:-1, max-image-preview:large, max-video-preview:-1\" \/>\n<link rel=\"canonical\" href=\"https:\/\/www.monaco-tribune.com\/it\/2021\/08\/covid-19-tasso-di-mortalita-dell11-nel-principato\/\" \/>\n<meta property=\"og:locale\" content=\"it_IT\" \/>\n<meta property=\"og:type\" content=\"article\" \/>\n<meta property=\"og:title\" content=\"Covid-19: tasso di mortalit\u00e0 dell&#039;1,1% nel Principato - Monaco Tribune\" \/>\n<meta property=\"og:description\" content=\"L&#039;istituto di statistica IMSEE ha recentemente pubblicato l&#039;ultimo studio sull&#039;evoluzione della situazione sanitaria nel Principato di Monaco. L&#039;1 agosto,\" \/>\n<meta property=\"og:url\" content=\"https:\/\/www.monaco-tribune.com\/it\/2021\/08\/covid-19-tasso-di-mortalita-dell11-nel-principato\/\" \/>\n<meta property=\"og:site_name\" content=\"Monaco Tribune\" \/>\n<meta property=\"article:publisher\" content=\"https:\/\/www.facebook.com\/MonacoTribune\" \/>\n<meta property=\"article:published_time\" content=\"2021-08-13T16:25:52+00:00\" \/>\n<meta property=\"article:modified_time\" content=\"2021-08-24T15:21:53+00:00\" \/>\n<meta property=\"og:image\" content=\"https:\/\/www.monaco-tribune.com\/wp-content\/uploads\/2021\/01\/de\u0301ce\u0300s-covid-monaco.jpg\" \/>\n\t<meta property=\"og:image:width\" content=\"1200\" \/>\n\t<meta property=\"og:image:height\" content=\"765\" \/>\n\t<meta property=\"og:image:type\" content=\"image\/jpeg\" \/>\n<meta name=\"author\" content=\"Alexis Gertaldi\" \/>\n<meta name=\"twitter:card\" content=\"summary_large_image\" \/>\n<meta name=\"twitter:creator\" content=\"@MonacoTribune\" \/>\n<meta name=\"twitter:site\" content=\"@MonacoTribune\" \/>\n<script type=\"application\/ld+json\" class=\"yoast-schema-graph\">{\"@context\":\"https:\\\/\\\/schema.org\",\"@graph\":[{\"@type\":\"NewsArticle\",\"@id\":\"https:\\\/\\\/www.monaco-tribune.com\\\/it\\\/2021\\\/08\\\/covid-19-tasso-di-mortalita-dell11-nel-principato\\\/#article\",\"isPartOf\":{\"@id\":\"https:\\\/\\\/www.monaco-tribune.com\\\/it\\\/2021\\\/08\\\/covid-19-tasso-di-mortalita-dell11-nel-principato\\\/\"},\"author\":{\"name\":\"Alexis Gertaldi\",\"@id\":\"https:\\\/\\\/www.monaco-tribune.com\\\/it\\\/#\\\/schema\\\/person\\\/0f67738182cc836268021d893fd4ba73\"},\"headline\":\"Covid-19: tasso di mortalit\u00e0 dell&#8217;1,1% nel Principato\",\"datePublished\":\"2021-08-13T16:25:52+00:00\",\"dateModified\":\"2021-08-24T15:21:53+00:00\",\"mainEntityOfPage\":{\"@id\":\"https:\\\/\\\/www.monaco-tribune.com\\\/it\\\/2021\\\/08\\\/covid-19-tasso-di-mortalita-dell11-nel-principato\\\/\"},\"wordCount\":234,\"publisher\":{\"@id\":\"https:\\\/\\\/www.monaco-tribune.com\\\/it\\\/#organization\"},\"image\":{\"@id\":\"https:\\\/\\\/www.monaco-tribune.com\\\/it\\\/2021\\\/08\\\/covid-19-tasso-di-mortalita-dell11-nel-principato\\\/#primaryimage\"},\"thumbnailUrl\":\"https:\\\/\\\/www.monaco-tribune.com\\\/wp-content\\\/uploads\\\/2021\\\/01\\\/de\u0301ce\u0300s-covid-monaco.jpg\",\"keywords\":[\"Covid-19\"],\"articleSection\":[\"Notizie\"],\"inLanguage\":\"it-IT\",\"copyrightYear\":\"2021\",\"copyrightHolder\":{\"@id\":\"https:\\\/\\\/www.monaco-tribune.com\\\/#organization\"}},{\"@type\":\"WebPage\",\"@id\":\"https:\\\/\\\/www.monaco-tribune.com\\\/it\\\/2021\\\/08\\\/covid-19-tasso-di-mortalita-dell11-nel-principato\\\/\",\"url\":\"https:\\\/\\\/www.monaco-tribune.com\\\/it\\\/2021\\\/08\\\/covid-19-tasso-di-mortalita-dell11-nel-principato\\\/\",\"name\":\"Covid-19: tasso di mortalit\u00e0 dell'1,1% nel Principato\",\"isPartOf\":{\"@id\":\"https:\\\/\\\/www.monaco-tribune.com\\\/it\\\/#website\"},\"primaryImageOfPage\":{\"@id\":\"https:\\\/\\\/www.monaco-tribune.com\\\/it\\\/2021\\\/08\\\/covid-19-tasso-di-mortalita-dell11-nel-principato\\\/#primaryimage\"},\"image\":{\"@id\":\"https:\\\/\\\/www.monaco-tribune.com\\\/it\\\/2021\\\/08\\\/covid-19-tasso-di-mortalita-dell11-nel-principato\\\/#primaryimage\"},\"thumbnailUrl\":\"https:\\\/\\\/www.monaco-tribune.com\\\/wp-content\\\/uploads\\\/2021\\\/01\\\/de\u0301ce\u0300s-covid-monaco.jpg\",\"datePublished\":\"2021-08-13T16:25:52+00:00\",\"dateModified\":\"2021-08-24T15:21:53+00:00\",\"description\":\"L'istituto di statistica IMSEE ha recentemente pubblicato l'ultimo studio sull'evoluzione della situazione sanitaria nel Principato di Monaco. L'1 agosto,\",\"breadcrumb\":{\"@id\":\"https:\\\/\\\/www.monaco-tribune.com\\\/it\\\/2021\\\/08\\\/covid-19-tasso-di-mortalita-dell11-nel-principato\\\/#breadcrumb\"},\"inLanguage\":\"it-IT\",\"potentialAction\":[{\"@type\":\"ReadAction\",\"target\":[\"https:\\\/\\\/www.monaco-tribune.com\\\/it\\\/2021\\\/08\\\/covid-19-tasso-di-mortalita-dell11-nel-principato\\\/\"]}]},{\"@type\":\"ImageObject\",\"inLanguage\":\"it-IT\",\"@id\":\"https:\\\/\\\/www.monaco-tribune.com\\\/it\\\/2021\\\/08\\\/covid-19-tasso-di-mortalita-dell11-nel-principato\\\/#primaryimage\",\"url\":\"https:\\\/\\\/www.monaco-tribune.com\\\/wp-content\\\/uploads\\\/2021\\\/01\\\/de\u0301ce\u0300s-covid-monaco.jpg\",\"contentUrl\":\"https:\\\/\\\/www.monaco-tribune.com\\\/wp-content\\\/uploads\\\/2021\\\/01\\\/de\u0301ce\u0300s-covid-monaco.jpg\",\"width\":1200,\"height\":765,\"caption\":\"Unsplash\"},{\"@type\":\"BreadcrumbList\",\"@id\":\"https:\\\/\\\/www.monaco-tribune.com\\\/it\\\/2021\\\/08\\\/covid-19-tasso-di-mortalita-dell11-nel-principato\\\/#breadcrumb\",\"itemListElement\":[{\"@type\":\"ListItem\",\"position\":1,\"name\":\"Accueil\",\"item\":\"https:\\\/\\\/www.monaco-tribune.com\\\/it\\\/\"},{\"@type\":\"ListItem\",\"position\":2,\"name\":\"Covid-19: tasso di mortalit\u00e0 dell&rsquo;1,1% nel Principato\"}]},{\"@type\":\"WebSite\",\"@id\":\"https:\\\/\\\/www.monaco-tribune.com\\\/it\\\/#website\",\"url\":\"https:\\\/\\\/www.monaco-tribune.com\\\/it\\\/\",\"name\":\"Monaco Tribune\",\"description\":\"Monaco : actualit\u00e9s \u00e9conomiques, politiques, culturelles et sportives de Monaco et de la French Riviera.\",\"publisher\":{\"@id\":\"https:\\\/\\\/www.monaco-tribune.com\\\/it\\\/#organization\"},\"potentialAction\":[{\"@type\":\"SearchAction\",\"target\":{\"@type\":\"EntryPoint\",\"urlTemplate\":\"https:\\\/\\\/www.monaco-tribune.com\\\/it\\\/?s={search_term_string}\"},\"query-input\":{\"@type\":\"PropertyValueSpecification\",\"valueRequired\":true,\"valueName\":\"search_term_string\"}}],\"inLanguage\":\"it-IT\"},{\"@type\":\"Organization\",\"@id\":\"https:\\\/\\\/www.monaco-tribune.com\\\/it\\\/#organization\",\"name\":\"Monaco Tribune\",\"url\":\"https:\\\/\\\/www.monaco-tribune.com\\\/it\\\/\",\"logo\":{\"@type\":\"ImageObject\",\"inLanguage\":\"it-IT\",\"@id\":\"https:\\\/\\\/www.monaco-tribune.com\\\/it\\\/#\\\/schema\\\/logo\\\/image\\\/\",\"url\":\"https:\\\/\\\/www.monaco-tribune.com\\\/wp-content\\\/uploads\\\/2022\\\/11\\\/logo-monaco-tribune.png\",\"contentUrl\":\"https:\\\/\\\/www.monaco-tribune.com\\\/wp-content\\\/uploads\\\/2022\\\/11\\\/logo-monaco-tribune.png\",\"width\":1548,\"height\":600,\"caption\":\"Monaco Tribune\"},\"image\":{\"@id\":\"https:\\\/\\\/www.monaco-tribune.com\\\/it\\\/#\\\/schema\\\/logo\\\/image\\\/\"},\"sameAs\":[\"https:\\\/\\\/www.facebook.com\\\/MonacoTribune\",\"https:\\\/\\\/x.com\\\/MonacoTribune\",\"https:\\\/\\\/www.instagram.com\\\/monacotribune\\\/\",\"https:\\\/\\\/www.linkedin.com\\\/company\\\/monaco-tribune\",\"https:\\\/\\\/www.youtube.com\\\/channel\\\/UCHle1MnG6hw1y4lWKijVbMA\"]},{\"@type\":\"Person\",\"@id\":\"https:\\\/\\\/www.monaco-tribune.com\\\/it\\\/#\\\/schema\\\/person\\\/0f67738182cc836268021d893fd4ba73\",\"name\":\"Alexis Gertaldi\",\"image\":{\"@type\":\"ImageObject\",\"inLanguage\":\"it-IT\",\"@id\":\"https:\\\/\\\/secure.gravatar.com\\\/avatar\\\/21b6ee3415f5367a62f27983f05e4438c99d07dde81a8f97705ac6877cfc19da?s=96&d=mm&r=g\",\"url\":\"https:\\\/\\\/secure.gravatar.com\\\/avatar\\\/21b6ee3415f5367a62f27983f05e4438c99d07dde81a8f97705ac6877cfc19da?s=96&d=mm&r=g\",\"contentUrl\":\"https:\\\/\\\/secure.gravatar.com\\\/avatar\\\/21b6ee3415f5367a62f27983f05e4438c99d07dde81a8f97705ac6877cfc19da?s=96&d=mm&r=g\",\"caption\":\"Alexis Gertaldi\"},\"url\":\"https:\\\/\\\/www.monaco-tribune.com\\\/it\\\/author\\\/alexisgertaldi\\\/\"}]}<\/script>\n<!-- \/ Yoast SEO Premium plugin. -->","yoast_head_json":{"title":"Covid-19: tasso di mortalit\u00e0 dell'1,1% nel Principato","description":"L'istituto di statistica IMSEE ha recentemente pubblicato l'ultimo studio sull'evoluzione della situazione sanitaria nel Principato di Monaco. L'1 agosto,","robots":{"index":"index","follow":"follow","max-snippet":"max-snippet:-1","max-image-preview":"max-image-preview:large","max-video-preview":"max-video-preview:-1"},"canonical":"https:\/\/www.monaco-tribune.com\/it\/2021\/08\/covid-19-tasso-di-mortalita-dell11-nel-principato\/","og_locale":"it_IT","og_type":"article","og_title":"Covid-19: tasso di mortalit\u00e0 dell'1,1% nel Principato - Monaco Tribune","og_description":"L'istituto di statistica IMSEE ha recentemente pubblicato l'ultimo studio sull'evoluzione della situazione sanitaria nel Principato di Monaco. L'1 agosto,","og_url":"https:\/\/www.monaco-tribune.com\/it\/2021\/08\/covid-19-tasso-di-mortalita-dell11-nel-principato\/","og_site_name":"Monaco Tribune","article_publisher":"https:\/\/www.facebook.com\/MonacoTribune","article_published_time":"2021-08-13T16:25:52+00:00","article_modified_time":"2021-08-24T15:21:53+00:00","og_image":[{"width":1200,"height":765,"url":"https:\/\/www.monaco-tribune.com\/wp-content\/uploads\/2021\/01\/de\u0301ce\u0300s-covid-monaco.jpg","type":"image\/jpeg"}],"author":"Alexis Gertaldi","twitter_card":"summary_large_image","twitter_creator":"@MonacoTribune","twitter_site":"@MonacoTribune","schema":{"@context":"https:\/\/schema.org","@graph":[{"@type":"NewsArticle","@id":"https:\/\/www.monaco-tribune.com\/it\/2021\/08\/covid-19-tasso-di-mortalita-dell11-nel-principato\/#article","isPartOf":{"@id":"https:\/\/www.monaco-tribune.com\/it\/2021\/08\/covid-19-tasso-di-mortalita-dell11-nel-principato\/"},"author":{"name":"Alexis Gertaldi","@id":"https:\/\/www.monaco-tribune.com\/it\/#\/schema\/person\/0f67738182cc836268021d893fd4ba73"},"headline":"Covid-19: tasso di mortalit\u00e0 dell&#8217;1,1% nel Principato","datePublished":"2021-08-13T16:25:52+00:00","dateModified":"2021-08-24T15:21:53+00:00","mainEntityOfPage":{"@id":"https:\/\/www.monaco-tribune.com\/it\/2021\/08\/covid-19-tasso-di-mortalita-dell11-nel-principato\/"},"wordCount":234,"publisher":{"@id":"https:\/\/www.monaco-tribune.com\/it\/#organization"},"image":{"@id":"https:\/\/www.monaco-tribune.com\/it\/2021\/08\/covid-19-tasso-di-mortalita-dell11-nel-principato\/#primaryimage"},"thumbnailUrl":"https:\/\/www.monaco-tribune.com\/wp-content\/uploads\/2021\/01\/de\u0301ce\u0300s-covid-monaco.jpg","keywords":["Covid-19"],"articleSection":["Notizie"],"inLanguage":"it-IT","copyrightYear":"2021","copyrightHolder":{"@id":"https:\/\/www.monaco-tribune.com\/#organization"}},{"@type":"WebPage","@id":"https:\/\/www.monaco-tribune.com\/it\/2021\/08\/covid-19-tasso-di-mortalita-dell11-nel-principato\/","url":"https:\/\/www.monaco-tribune.com\/it\/2021\/08\/covid-19-tasso-di-mortalita-dell11-nel-principato\/","name":"Covid-19: tasso di mortalit\u00e0 dell'1,1% nel Principato","isPartOf":{"@id":"https:\/\/www.monaco-tribune.com\/it\/#website"},"primaryImageOfPage":{"@id":"https:\/\/www.monaco-tribune.com\/it\/2021\/08\/covid-19-tasso-di-mortalita-dell11-nel-principato\/#primaryimage"},"image":{"@id":"https:\/\/www.monaco-tribune.com\/it\/2021\/08\/covid-19-tasso-di-mortalita-dell11-nel-principato\/#primaryimage"},"thumbnailUrl":"https:\/\/www.monaco-tribune.com\/wp-content\/uploads\/2021\/01\/de\u0301ce\u0300s-covid-monaco.jpg","datePublished":"2021-08-13T16:25:52+00:00","dateModified":"2021-08-24T15:21:53+00:00","description":"L'istituto di statistica IMSEE ha recentemente pubblicato l'ultimo studio sull'evoluzione della situazione sanitaria nel Principato di Monaco. L'1 agosto,","breadcrumb":{"@id":"https:\/\/www.monaco-tribune.com\/it\/2021\/08\/covid-19-tasso-di-mortalita-dell11-nel-principato\/#breadcrumb"},"inLanguage":"it-IT","potentialAction":[{"@type":"ReadAction","target":["https:\/\/www.monaco-tribune.com\/it\/2021\/08\/covid-19-tasso-di-mortalita-dell11-nel-principato\/"]}]},{"@type":"ImageObject","inLanguage":"it-IT","@id":"https:\/\/www.monaco-tribune.com\/it\/2021\/08\/covid-19-tasso-di-mortalita-dell11-nel-principato\/#primaryimage","url":"https:\/\/www.monaco-tribune.com\/wp-content\/uploads\/2021\/01\/de\u0301ce\u0300s-covid-monaco.jpg","contentUrl":"https:\/\/www.monaco-tribune.com\/wp-content\/uploads\/2021\/01\/de\u0301ce\u0300s-covid-monaco.jpg","width":1200,"height":765,"caption":"Unsplash"},{"@type":"BreadcrumbList","@id":"https:\/\/www.monaco-tribune.com\/it\/2021\/08\/covid-19-tasso-di-mortalita-dell11-nel-principato\/#breadcrumb","itemListElement":[{"@type":"ListItem","position":1,"name":"Accueil","item":"https:\/\/www.monaco-tribune.com\/it\/"},{"@type":"ListItem","position":2,"name":"Covid-19: tasso di mortalit\u00e0 dell&rsquo;1,1% nel Principato"}]},{"@type":"WebSite","@id":"https:\/\/www.monaco-tribune.com\/it\/#website","url":"https:\/\/www.monaco-tribune.com\/it\/","name":"Monaco Tribune","description":"Monaco : actualit\u00e9s \u00e9conomiques, politiques, culturelles et sportives de Monaco et de la French Riviera.","publisher":{"@id":"https:\/\/www.monaco-tribune.com\/it\/#organization"},"potentialAction":[{"@type":"SearchAction","target":{"@type":"EntryPoint","urlTemplate":"https:\/\/www.monaco-tribune.com\/it\/?s={search_term_string}"},"query-input":{"@type":"PropertyValueSpecification","valueRequired":true,"valueName":"search_term_string"}}],"inLanguage":"it-IT"},{"@type":"Organization","@id":"https:\/\/www.monaco-tribune.com\/it\/#organization","name":"Monaco Tribune","url":"https:\/\/www.monaco-tribune.com\/it\/","logo":{"@type":"ImageObject","inLanguage":"it-IT","@id":"https:\/\/www.monaco-tribune.com\/it\/#\/schema\/logo\/image\/","url":"https:\/\/www.monaco-tribune.com\/wp-content\/uploads\/2022\/11\/logo-monaco-tribune.png","contentUrl":"https:\/\/www.monaco-tribune.com\/wp-content\/uploads\/2022\/11\/logo-monaco-tribune.png","width":1548,"height":600,"caption":"Monaco Tribune"},"image":{"@id":"https:\/\/www.monaco-tribune.com\/it\/#\/schema\/logo\/image\/"},"sameAs":["https:\/\/www.facebook.com\/MonacoTribune","https:\/\/x.com\/MonacoTribune","https:\/\/www.instagram.com\/monacotribune\/","https:\/\/www.linkedin.com\/company\/monaco-tribune","https:\/\/www.youtube.com\/channel\/UCHle1MnG6hw1y4lWKijVbMA"]},{"@type":"Person","@id":"https:\/\/www.monaco-tribune.com\/it\/#\/schema\/person\/0f67738182cc836268021d893fd4ba73","name":"Alexis Gertaldi","image":{"@type":"ImageObject","inLanguage":"it-IT","@id":"https:\/\/secure.gravatar.com\/avatar\/21b6ee3415f5367a62f27983f05e4438c99d07dde81a8f97705ac6877cfc19da?s=96&d=mm&r=g","url":"https:\/\/secure.gravatar.com\/avatar\/21b6ee3415f5367a62f27983f05e4438c99d07dde81a8f97705ac6877cfc19da?s=96&d=mm&r=g","contentUrl":"https:\/\/secure.gravatar.com\/avatar\/21b6ee3415f5367a62f27983f05e4438c99d07dde81a8f97705ac6877cfc19da?s=96&d=mm&r=g","caption":"Alexis Gertaldi"},"url":"https:\/\/www.monaco-tribune.com\/it\/author\/alexisgertaldi\/"}]}},"_links":{"self":[{"href":"https:\/\/www.monaco-tribune.com\/it\/wp-json\/wp\/v2\/posts\/90016","targetHints":{"allow":["GET"]}}],"collection":[{"href":"https:\/\/www.monaco-tribune.com\/it\/wp-json\/wp\/v2\/posts"}],"about":[{"href":"https:\/\/www.monaco-tribune.com\/it\/wp-json\/wp\/v2\/types\/post"}],"author":[{"embeddable":true,"href":"https:\/\/www.monaco-tribune.com\/it\/wp-json\/wp\/v2\/users\/53"}],"replies":[{"embeddable":true,"href":"https:\/\/www.monaco-tribune.com\/it\/wp-json\/wp\/v2\/comments?post=90016"}],"version-history":[{"count":0,"href":"https:\/\/www.monaco-tribune.com\/it\/wp-json\/wp\/v2\/posts\/90016\/revisions"}],"wp:featuredmedia":[{"embeddable":true,"href":"https:\/\/www.monaco-tribune.com\/it\/wp-json\/wp\/v2\/media\/62514"}],"wp:attachment":[{"href":"https:\/\/www.monaco-tribune.com\/it\/wp-json\/wp\/v2\/media?parent=90016"}],"wp:term":[{"taxonomy":"category","embeddable":true,"href":"https:\/\/www.monaco-tribune.com\/it\/wp-json\/wp\/v2\/categories?post=90016"},{"taxonomy":"post_tag","embeddable":true,"href":"https:\/\/www.monaco-tribune.com\/it\/wp-json\/wp\/v2\/tags?post=90016"},{"taxonomy":"sectag","embeddable":true,"href":"https:\/\/www.monaco-tribune.com\/it\/wp-json\/wp\/v2\/post_sectags?post=90016"},{"taxonomy":"format","embeddable":true,"href":"https:\/\/www.monaco-tribune.com\/it\/wp-json\/wp\/v2\/post_format?post=90016"}],"curies":[{"name":"wp","href":"https:\/\/api.w.org\/{rel}","templated":true}]}}