{"id":90328,"date":"2021-08-17T16:58:11","date_gmt":"2021-08-17T14:58:11","guid":{"rendered":"https:\/\/www.monaco-tribune.com\/2021\/08\/mitron-bakery-grande-successo-per-il-nuovo-panificio-di-mauro-colagreco-a-monaco\/"},"modified":"2021-08-17T17:15:52","modified_gmt":"2021-08-17T15:15:52","slug":"mitron-bakery-grande-successo-per-il-nuovo-panificio-di-mauro-colagreco-a-monaco","status":"publish","type":"post","link":"https:\/\/www.monaco-tribune.com\/it\/2021\/08\/mitron-bakery-grande-successo-per-il-nuovo-panificio-di-mauro-colagreco-a-monaco\/","title":{"rendered":"Mitron Bakery: grande successo per il nuovo panificio di Mauro Colagreco a Monaco"},"content":{"rendered":"\n<p><strong>In occasione dell&#8217;inaugurazione, i clienti hanno preso d&#8217;assalto la nuova panetteria dello chef stellato Colagreco.<\/strong><\/p>\n\n\n\n<p>Dopo Mentone, il nuovo concept di panificio artigianale e sostenibile di Mauro Colagreco arriva anche sul mercato della Condamine, nel cuore pulsante di Monaco. Un&#8217;inaugurazione ben riuscita per questa eccellente panetteria, che ha gi\u00e0 ottenuto l&#8217;approvazione unanime dei monegaschi.<\/p>\n\n\n\n<h2 class=\"wp-block-heading\" id=\"h-ci-hanno-svaligiato\">\u201cCi hanno svaligiato\u201d<\/h2>\n\n\n\n<p>Erano parecchie le persone che si sono presentate, marted\u00ec mattina, all&#8217;inaugurazione del negozio per assaggiare le nuove meraviglie dello chef del \u201cmiglior ristorante al mondo\u201d.<\/p>\n\n\n\n<p>Grande sorpresa per i commessi, che hanno visto un flusso costante di clienti riversarsi nel negozio tutta la mattina, tanto da ritrovarsi quasi senza scorte gi\u00e0 da mezzogiorno. \u201cCi hanno svaligiato, \u00e8 stato un assalto\u201d ammette Jean-Marc P\u00e9cal, gestore della panetteria.<\/p>\n\n\n\n<p>L&#8217;inaugurazione \u00e8 stata un successo, soprattutto considerando che \u00e8 avvenuta in pieno agosto, quando il mercato della Condamine \u00e8 nettamente meno frequentato.<\/p>\n\n\n\n<p>\u201cIl pane \u00e8 davvero eccellente e queste pagnotte tradizionali si conservano almeno 5 giorni, \u00e8 comodissimo!\u201d testimonia una cliente.<\/p>\n\n\n\n<h2 class=\"wp-block-heading\" id=\"h-un-pane-vivo-frutto-della-tradizione-della-panificazione-artigianale\">Un \u201cpane vivo\u201d, frutto della tradizione della panificazione artigianale<\/h2>\n\n\n\n<p>Mitron Bakery nasce dall&#8217;incontro di due appassionati di prodotti di qualit\u00e0: Mauro Colagreco, famoso chef del Mirazur, e Roland Feuillas, panettiere e creatore di \u201cMa\u00eetres de mon moulin\u201d.<\/p>\n\n\n\n<p>Grazie a \u201cMitron Bakery\u201d, Mauro Colagreco vuole rivalorizzare il ruolo del pane ispirandosi alla nostra alimentazione tradizionale. Proprio per ritrovare la qualit\u00e0 dei prodotti di un tempo, riprende \u201cAu baiser du Mitron\u201d, una vera e propria istituzione a Mentone.<\/p>\n\n\n\n<p>Oggi apre a Monaco un secondo panificio che segue un processo di lavorazione tradizionale unico nella regione. Un team di cinque persone lavora quotidianamente alla creazione dei prodotti, dalla produzione della farina fino alla realizzazione dei prodotti finali.<\/p>\n\n\n\n<figure class=\"wp-block-gallery columns-2 is-cropped wp-block-gallery-1 is-layout-flex wp-block-gallery-is-layout-flex\"><ul class=\"blocks-gallery-grid\"><li class=\"blocks-gallery-item\"><figure><img loading=\"lazy\" decoding=\"async\" width=\"750\" height=\"1000\" src=\"https:\/\/www.monaco-tribune.com\/wp-content\/uploads\/2021\/08\/mitron-bakery-1.jpg\" alt=\"\" data-id=\"90279\" data-full-url=\"https:\/\/www.monaco-tribune.com\/wp-content\/uploads\/2021\/08\/mitron-bakery-1.jpg\" data-link=\"https:\/\/www.monaco-tribune.com\/?attachment_id=90279\" class=\"wp-image-90281\" srcset=\"https:\/\/www.monaco-tribune.com\/wp-content\/uploads\/2021\/08\/mitron-bakery-1.jpg 750w, https:\/\/www.monaco-tribune.com\/wp-content\/uploads\/2021\/08\/mitron-bakery-1-225x300.jpg 225w, https:\/\/www.monaco-tribune.com\/wp-content\/uploads\/2021\/08\/mitron-bakery-1-113x150.jpg 113w, https:\/\/www.monaco-tribune.com\/wp-content\/uploads\/2021\/08\/mitron-bakery-1-135x180.jpg 135w\" sizes=\"auto, (max-width: 750px) 100vw, 750px\" \/><figcaption class=\"blocks-gallery-item__caption\">\u00a9 Mitron Bakery<\/figcaption><\/figure><\/li><li class=\"blocks-gallery-item\"><figure><img loading=\"lazy\" decoding=\"async\" width=\"750\" height=\"1000\" src=\"https:\/\/www.monaco-tribune.com\/wp-content\/uploads\/2021\/08\/mitron-bakery-3.jpg\" alt=\"\" data-id=\"90283\" data-full-url=\"https:\/\/www.monaco-tribune.com\/wp-content\/uploads\/2021\/08\/mitron-bakery-3.jpg\" data-link=\"https:\/\/www.monaco-tribune.com\/?attachment_id=90283\" class=\"wp-image-90285\" srcset=\"https:\/\/www.monaco-tribune.com\/wp-content\/uploads\/2021\/08\/mitron-bakery-3.jpg 750w, https:\/\/www.monaco-tribune.com\/wp-content\/uploads\/2021\/08\/mitron-bakery-3-225x300.jpg 225w, https:\/\/www.monaco-tribune.com\/wp-content\/uploads\/2021\/08\/mitron-bakery-3-113x150.jpg 113w, https:\/\/www.monaco-tribune.com\/wp-content\/uploads\/2021\/08\/mitron-bakery-3-135x180.jpg 135w\" sizes=\"auto, (max-width: 750px) 100vw, 750px\" \/><figcaption class=\"blocks-gallery-item__caption\">\u00a9 Mitron Bakery<\/figcaption><\/figure><\/li><li class=\"blocks-gallery-item\"><figure><img loading=\"lazy\" decoding=\"async\" width=\"750\" height=\"1000\" src=\"https:\/\/www.monaco-tribune.com\/wp-content\/uploads\/2021\/08\/mitron-bakery-8.jpg\" alt=\"\" data-id=\"90287\" data-full-url=\"https:\/\/www.monaco-tribune.com\/wp-content\/uploads\/2021\/08\/mitron-bakery-8.jpg\" data-link=\"https:\/\/www.monaco-tribune.com\/?attachment_id=90287\" class=\"wp-image-90289\" srcset=\"https:\/\/www.monaco-tribune.com\/wp-content\/uploads\/2021\/08\/mitron-bakery-8.jpg 750w, https:\/\/www.monaco-tribune.com\/wp-content\/uploads\/2021\/08\/mitron-bakery-8-225x300.jpg 225w, https:\/\/www.monaco-tribune.com\/wp-content\/uploads\/2021\/08\/mitron-bakery-8-113x150.jpg 113w, https:\/\/www.monaco-tribune.com\/wp-content\/uploads\/2021\/08\/mitron-bakery-8-135x180.jpg 135w\" sizes=\"auto, (max-width: 750px) 100vw, 750px\" \/><figcaption class=\"blocks-gallery-item__caption\">\u00a9 Mitron Bakery<\/figcaption><\/figure><\/li><li class=\"blocks-gallery-item\"><figure><img loading=\"lazy\" decoding=\"async\" width=\"750\" height=\"1000\" src=\"https:\/\/www.monaco-tribune.com\/wp-content\/uploads\/2021\/08\/mitron-bakey-4.jpg\" alt=\"\" data-id=\"90291\" data-full-url=\"https:\/\/www.monaco-tribune.com\/wp-content\/uploads\/2021\/08\/mitron-bakey-4.jpg\" data-link=\"https:\/\/www.monaco-tribune.com\/?attachment_id=90291\" class=\"wp-image-90293\" srcset=\"https:\/\/www.monaco-tribune.com\/wp-content\/uploads\/2021\/08\/mitron-bakey-4.jpg 750w, https:\/\/www.monaco-tribune.com\/wp-content\/uploads\/2021\/08\/mitron-bakey-4-225x300.jpg 225w, https:\/\/www.monaco-tribune.com\/wp-content\/uploads\/2021\/08\/mitron-bakey-4-113x150.jpg 113w, https:\/\/www.monaco-tribune.com\/wp-content\/uploads\/2021\/08\/mitron-bakey-4-135x180.jpg 135w\" sizes=\"auto, (max-width: 750px) 100vw, 750px\" \/><figcaption class=\"blocks-gallery-item__caption\">\u00a9 Mitron Bakery<\/figcaption><\/figure><\/li><\/ul><\/figure>\n\n\n\n<p>Vengono quindi macinati diversi tipi di grano tradizionali, che sono poi impiegati nella creazione di prodotti, cotti in seguito in un tradizionale forno a legna.<\/p>\n\n\n\n<p>Per Mauro Colagreco, si tratta di un modo di recuperare la qualit\u00e0 originale del pane, che oggi \u00e8 caratterizzato da un eccesso di glutine che pu\u00f2 purtroppo essere nocivo per la salute dei consumatori. \u201cIl pane [&#8230;] \u00e8 il prodotto pi\u00f9 sano che la nostra societ\u00e0 possa fare, ma purtroppo talvolta \u00e8 anche il pi\u00f9 nocivo per il nostro corpo e per l&#8217;ambiente. Dobbiamo esserne coscienti.\u201d<\/p>\n\n\n\n<p><strong>&gt;&gt; LEGGI ANCHE: <\/strong><a href=\"https:\/\/www.monaco-tribune.com\/it\/2020\/12\/chi-e-mauro-colagreco-chef-stellato-del-miglior-ristorante-al-mondo\/\">Chi \u00e8 Mauro Colagreco, chef stellato del miglior ristorante al mondo<\/a><\/p>\n\n\n\n<p><em>Panificio Mitron Bakery Monaco <\/em><br><em>March\u00e9 de la Condamine, Place d&#8217;Armes, 98000, Monaco <\/em><br><em>Aperto tutti i giorni (tranne il luned\u00ec) dalle 7:30 alle 13:30<\/em><\/p>\n","protected":false},"excerpt":{"rendered":"<p>In occasione dell&#8217;inaugurazione, i clienti hanno preso d&#8217;assalto la nuova panetteria dello chef stellato Colagreco. Dopo Mentone, il nuovo concept [&hellip;]<\/p>\n","protected":false},"author":56,"featured_media":90273,"comment_status":"closed","ping_status":"closed","sticky":false,"template":"","format":"standard","meta":{"_acf_changed":false,"footnotes":""},"categories":[1740,1826,1738],"tags":[2936],"post_sectags":[],"post_format":[2481],"class_list":["post-90328","post","type-post","status-publish","format-standard","has-post-thumbnail","hentry","category-cosa-fare","category-la-nostra-scelta","category-notizie","tag-commercio-locale","format-reportage-it"],"acf":[],"yoast_head":"<!-- This site is optimized with the Yoast SEO Premium plugin v26.8 (Yoast SEO v27.5) - https:\/\/yoast.com\/product\/yoast-seo-premium-wordpress\/ -->\n<title>Mitron Bakery: grande successo per il nuovo panificio di Mauro Colagreco a Monaco<\/title>\n<meta name=\"description\" content=\"In occasione dell&#039;inaugurazione, i clienti hanno preso d&#039;assalto la nuova panetteria dello chef stellato Colagreco. Dopo Mentone, il nuovo concept di\" \/>\n<meta name=\"robots\" content=\"index, follow, max-snippet:-1, max-image-preview:large, max-video-preview:-1\" \/>\n<link rel=\"canonical\" href=\"https:\/\/www.monaco-tribune.com\/it\/2021\/08\/mitron-bakery-grande-successo-per-il-nuovo-panificio-di-mauro-colagreco-a-monaco\/\" \/>\n<meta property=\"og:locale\" content=\"it_IT\" \/>\n<meta property=\"og:type\" content=\"article\" \/>\n<meta property=\"og:title\" content=\"Mitron Bakery: grande successo per il nuovo panificio di Mauro Colagreco a Monaco - Monaco Tribune\" \/>\n<meta property=\"og:description\" content=\"In occasione dell&#039;inaugurazione, i clienti hanno preso d&#039;assalto la nuova panetteria dello chef stellato Colagreco. Dopo Mentone, il nuovo concept di\" \/>\n<meta property=\"og:url\" content=\"https:\/\/www.monaco-tribune.com\/it\/2021\/08\/mitron-bakery-grande-successo-per-il-nuovo-panificio-di-mauro-colagreco-a-monaco\/\" \/>\n<meta property=\"og:site_name\" content=\"Monaco Tribune\" \/>\n<meta property=\"article:publisher\" content=\"https:\/\/www.facebook.com\/MonacoTribune\" \/>\n<meta property=\"article:published_time\" content=\"2021-08-17T14:58:11+00:00\" \/>\n<meta property=\"article:modified_time\" content=\"2021-08-17T15:15:52+00:00\" \/>\n<meta property=\"og:image\" content=\"https:\/\/www.monaco-tribune.com\/wp-content\/uploads\/2021\/08\/mitron-bakery-6.jpg\" \/>\n\t<meta property=\"og:image:width\" content=\"750\" \/>\n\t<meta property=\"og:image:height\" content=\"481\" \/>\n\t<meta property=\"og:image:type\" content=\"image\/jpeg\" \/>\n<meta name=\"author\" content=\"Raoul David\" \/>\n<meta name=\"twitter:card\" content=\"summary_large_image\" \/>\n<meta name=\"twitter:creator\" content=\"@MonacoTribune\" \/>\n<meta name=\"twitter:site\" content=\"@MonacoTribune\" \/>\n<script type=\"application\/ld+json\" class=\"yoast-schema-graph\">{\"@context\":\"https:\\\/\\\/schema.org\",\"@graph\":[{\"@type\":\"NewsArticle\",\"@id\":\"https:\\\/\\\/www.monaco-tribune.com\\\/it\\\/2021\\\/08\\\/mitron-bakery-grande-successo-per-il-nuovo-panificio-di-mauro-colagreco-a-monaco\\\/#article\",\"isPartOf\":{\"@id\":\"https:\\\/\\\/www.monaco-tribune.com\\\/it\\\/2021\\\/08\\\/mitron-bakery-grande-successo-per-il-nuovo-panificio-di-mauro-colagreco-a-monaco\\\/\"},\"author\":{\"name\":\"Raoul David\",\"@id\":\"https:\\\/\\\/www.monaco-tribune.com\\\/it\\\/#\\\/schema\\\/person\\\/62e54f2e6c105f4e86d32eee31c55949\"},\"headline\":\"Mitron Bakery: grande successo per il nuovo panificio di Mauro Colagreco a Monaco\",\"datePublished\":\"2021-08-17T14:58:11+00:00\",\"dateModified\":\"2021-08-17T15:15:52+00:00\",\"mainEntityOfPage\":{\"@id\":\"https:\\\/\\\/www.monaco-tribune.com\\\/it\\\/2021\\\/08\\\/mitron-bakery-grande-successo-per-il-nuovo-panificio-di-mauro-colagreco-a-monaco\\\/\"},\"wordCount\":424,\"publisher\":{\"@id\":\"https:\\\/\\\/www.monaco-tribune.com\\\/it\\\/#organization\"},\"image\":{\"@id\":\"https:\\\/\\\/www.monaco-tribune.com\\\/it\\\/2021\\\/08\\\/mitron-bakery-grande-successo-per-il-nuovo-panificio-di-mauro-colagreco-a-monaco\\\/#primaryimage\"},\"thumbnailUrl\":\"https:\\\/\\\/www.monaco-tribune.com\\\/wp-content\\\/uploads\\\/2021\\\/08\\\/mitron-bakery-6.jpg\",\"keywords\":[\"Commercio locale\"],\"articleSection\":[\"Cosa fare\",\"La nostra scelta\",\"Notizie\"],\"inLanguage\":\"it-IT\",\"copyrightYear\":\"2021\",\"copyrightHolder\":{\"@id\":\"https:\\\/\\\/www.monaco-tribune.com\\\/#organization\"}},{\"@type\":\"WebPage\",\"@id\":\"https:\\\/\\\/www.monaco-tribune.com\\\/it\\\/2021\\\/08\\\/mitron-bakery-grande-successo-per-il-nuovo-panificio-di-mauro-colagreco-a-monaco\\\/\",\"url\":\"https:\\\/\\\/www.monaco-tribune.com\\\/it\\\/2021\\\/08\\\/mitron-bakery-grande-successo-per-il-nuovo-panificio-di-mauro-colagreco-a-monaco\\\/\",\"name\":\"Mitron Bakery: grande successo per il nuovo panificio di Mauro Colagreco a Monaco\",\"isPartOf\":{\"@id\":\"https:\\\/\\\/www.monaco-tribune.com\\\/it\\\/#website\"},\"primaryImageOfPage\":{\"@id\":\"https:\\\/\\\/www.monaco-tribune.com\\\/it\\\/2021\\\/08\\\/mitron-bakery-grande-successo-per-il-nuovo-panificio-di-mauro-colagreco-a-monaco\\\/#primaryimage\"},\"image\":{\"@id\":\"https:\\\/\\\/www.monaco-tribune.com\\\/it\\\/2021\\\/08\\\/mitron-bakery-grande-successo-per-il-nuovo-panificio-di-mauro-colagreco-a-monaco\\\/#primaryimage\"},\"thumbnailUrl\":\"https:\\\/\\\/www.monaco-tribune.com\\\/wp-content\\\/uploads\\\/2021\\\/08\\\/mitron-bakery-6.jpg\",\"datePublished\":\"2021-08-17T14:58:11+00:00\",\"dateModified\":\"2021-08-17T15:15:52+00:00\",\"description\":\"In occasione dell'inaugurazione, i clienti hanno preso d'assalto la nuova panetteria dello chef stellato Colagreco. Dopo Mentone, il nuovo concept di\",\"breadcrumb\":{\"@id\":\"https:\\\/\\\/www.monaco-tribune.com\\\/it\\\/2021\\\/08\\\/mitron-bakery-grande-successo-per-il-nuovo-panificio-di-mauro-colagreco-a-monaco\\\/#breadcrumb\"},\"inLanguage\":\"it-IT\",\"potentialAction\":[{\"@type\":\"ReadAction\",\"target\":[\"https:\\\/\\\/www.monaco-tribune.com\\\/it\\\/2021\\\/08\\\/mitron-bakery-grande-successo-per-il-nuovo-panificio-di-mauro-colagreco-a-monaco\\\/\"]}]},{\"@type\":\"ImageObject\",\"inLanguage\":\"it-IT\",\"@id\":\"https:\\\/\\\/www.monaco-tribune.com\\\/it\\\/2021\\\/08\\\/mitron-bakery-grande-successo-per-il-nuovo-panificio-di-mauro-colagreco-a-monaco\\\/#primaryimage\",\"url\":\"https:\\\/\\\/www.monaco-tribune.com\\\/wp-content\\\/uploads\\\/2021\\\/08\\\/mitron-bakery-6.jpg\",\"contentUrl\":\"https:\\\/\\\/www.monaco-tribune.com\\\/wp-content\\\/uploads\\\/2021\\\/08\\\/mitron-bakery-6.jpg\",\"width\":750,\"height\":481,\"caption\":\"Mitron Bakery\"},{\"@type\":\"BreadcrumbList\",\"@id\":\"https:\\\/\\\/www.monaco-tribune.com\\\/it\\\/2021\\\/08\\\/mitron-bakery-grande-successo-per-il-nuovo-panificio-di-mauro-colagreco-a-monaco\\\/#breadcrumb\",\"itemListElement\":[{\"@type\":\"ListItem\",\"position\":1,\"name\":\"Accueil\",\"item\":\"https:\\\/\\\/www.monaco-tribune.com\\\/it\\\/\"},{\"@type\":\"ListItem\",\"position\":2,\"name\":\"Mitron Bakery: grande successo per il nuovo panificio di Mauro Colagreco a Monaco\"}]},{\"@type\":\"WebSite\",\"@id\":\"https:\\\/\\\/www.monaco-tribune.com\\\/it\\\/#website\",\"url\":\"https:\\\/\\\/www.monaco-tribune.com\\\/it\\\/\",\"name\":\"Monaco Tribune\",\"description\":\"Monaco : actualit\u00e9s \u00e9conomiques, politiques, culturelles et sportives de Monaco et de la French Riviera.\",\"publisher\":{\"@id\":\"https:\\\/\\\/www.monaco-tribune.com\\\/it\\\/#organization\"},\"potentialAction\":[{\"@type\":\"SearchAction\",\"target\":{\"@type\":\"EntryPoint\",\"urlTemplate\":\"https:\\\/\\\/www.monaco-tribune.com\\\/it\\\/?s={search_term_string}\"},\"query-input\":{\"@type\":\"PropertyValueSpecification\",\"valueRequired\":true,\"valueName\":\"search_term_string\"}}],\"inLanguage\":\"it-IT\"},{\"@type\":\"Organization\",\"@id\":\"https:\\\/\\\/www.monaco-tribune.com\\\/it\\\/#organization\",\"name\":\"Monaco Tribune\",\"url\":\"https:\\\/\\\/www.monaco-tribune.com\\\/it\\\/\",\"logo\":{\"@type\":\"ImageObject\",\"inLanguage\":\"it-IT\",\"@id\":\"https:\\\/\\\/www.monaco-tribune.com\\\/it\\\/#\\\/schema\\\/logo\\\/image\\\/\",\"url\":\"https:\\\/\\\/www.monaco-tribune.com\\\/wp-content\\\/uploads\\\/2022\\\/11\\\/logo-monaco-tribune.png\",\"contentUrl\":\"https:\\\/\\\/www.monaco-tribune.com\\\/wp-content\\\/uploads\\\/2022\\\/11\\\/logo-monaco-tribune.png\",\"width\":1548,\"height\":600,\"caption\":\"Monaco Tribune\"},\"image\":{\"@id\":\"https:\\\/\\\/www.monaco-tribune.com\\\/it\\\/#\\\/schema\\\/logo\\\/image\\\/\"},\"sameAs\":[\"https:\\\/\\\/www.facebook.com\\\/MonacoTribune\",\"https:\\\/\\\/x.com\\\/MonacoTribune\",\"https:\\\/\\\/www.instagram.com\\\/monacotribune\\\/\",\"https:\\\/\\\/www.linkedin.com\\\/company\\\/monaco-tribune\",\"https:\\\/\\\/www.youtube.com\\\/channel\\\/UCHle1MnG6hw1y4lWKijVbMA\"]},{\"@type\":\"Person\",\"@id\":\"https:\\\/\\\/www.monaco-tribune.com\\\/it\\\/#\\\/schema\\\/person\\\/62e54f2e6c105f4e86d32eee31c55949\",\"name\":\"Raoul David\",\"image\":{\"@type\":\"ImageObject\",\"inLanguage\":\"it-IT\",\"@id\":\"https:\\\/\\\/secure.gravatar.com\\\/avatar\\\/4e9edd6d2ebd1c4f0d23f12e6fd036fce717cac7690264d13be8d62733823a6d?s=96&d=mm&r=g\",\"url\":\"https:\\\/\\\/secure.gravatar.com\\\/avatar\\\/4e9edd6d2ebd1c4f0d23f12e6fd036fce717cac7690264d13be8d62733823a6d?s=96&d=mm&r=g\",\"contentUrl\":\"https:\\\/\\\/secure.gravatar.com\\\/avatar\\\/4e9edd6d2ebd1c4f0d23f12e6fd036fce717cac7690264d13be8d62733823a6d?s=96&d=mm&r=g\",\"caption\":\"Raoul David\"},\"url\":\"https:\\\/\\\/www.monaco-tribune.com\\\/it\\\/author\\\/raouldavid\\\/\"}]}<\/script>\n<!-- \/ Yoast SEO Premium plugin. -->","yoast_head_json":{"title":"Mitron Bakery: grande successo per il nuovo panificio di Mauro Colagreco a Monaco","description":"In occasione dell'inaugurazione, i clienti hanno preso d'assalto la nuova panetteria dello chef stellato Colagreco. Dopo Mentone, il nuovo concept di","robots":{"index":"index","follow":"follow","max-snippet":"max-snippet:-1","max-image-preview":"max-image-preview:large","max-video-preview":"max-video-preview:-1"},"canonical":"https:\/\/www.monaco-tribune.com\/it\/2021\/08\/mitron-bakery-grande-successo-per-il-nuovo-panificio-di-mauro-colagreco-a-monaco\/","og_locale":"it_IT","og_type":"article","og_title":"Mitron Bakery: grande successo per il nuovo panificio di Mauro Colagreco a Monaco - Monaco Tribune","og_description":"In occasione dell'inaugurazione, i clienti hanno preso d'assalto la nuova panetteria dello chef stellato Colagreco. Dopo Mentone, il nuovo concept di","og_url":"https:\/\/www.monaco-tribune.com\/it\/2021\/08\/mitron-bakery-grande-successo-per-il-nuovo-panificio-di-mauro-colagreco-a-monaco\/","og_site_name":"Monaco Tribune","article_publisher":"https:\/\/www.facebook.com\/MonacoTribune","article_published_time":"2021-08-17T14:58:11+00:00","article_modified_time":"2021-08-17T15:15:52+00:00","og_image":[{"width":750,"height":481,"url":"https:\/\/www.monaco-tribune.com\/wp-content\/uploads\/2021\/08\/mitron-bakery-6.jpg","type":"image\/jpeg"}],"author":"Raoul David","twitter_card":"summary_large_image","twitter_creator":"@MonacoTribune","twitter_site":"@MonacoTribune","schema":{"@context":"https:\/\/schema.org","@graph":[{"@type":"NewsArticle","@id":"https:\/\/www.monaco-tribune.com\/it\/2021\/08\/mitron-bakery-grande-successo-per-il-nuovo-panificio-di-mauro-colagreco-a-monaco\/#article","isPartOf":{"@id":"https:\/\/www.monaco-tribune.com\/it\/2021\/08\/mitron-bakery-grande-successo-per-il-nuovo-panificio-di-mauro-colagreco-a-monaco\/"},"author":{"name":"Raoul David","@id":"https:\/\/www.monaco-tribune.com\/it\/#\/schema\/person\/62e54f2e6c105f4e86d32eee31c55949"},"headline":"Mitron Bakery: grande successo per il nuovo panificio di Mauro Colagreco a Monaco","datePublished":"2021-08-17T14:58:11+00:00","dateModified":"2021-08-17T15:15:52+00:00","mainEntityOfPage":{"@id":"https:\/\/www.monaco-tribune.com\/it\/2021\/08\/mitron-bakery-grande-successo-per-il-nuovo-panificio-di-mauro-colagreco-a-monaco\/"},"wordCount":424,"publisher":{"@id":"https:\/\/www.monaco-tribune.com\/it\/#organization"},"image":{"@id":"https:\/\/www.monaco-tribune.com\/it\/2021\/08\/mitron-bakery-grande-successo-per-il-nuovo-panificio-di-mauro-colagreco-a-monaco\/#primaryimage"},"thumbnailUrl":"https:\/\/www.monaco-tribune.com\/wp-content\/uploads\/2021\/08\/mitron-bakery-6.jpg","keywords":["Commercio locale"],"articleSection":["Cosa fare","La nostra scelta","Notizie"],"inLanguage":"it-IT","copyrightYear":"2021","copyrightHolder":{"@id":"https:\/\/www.monaco-tribune.com\/#organization"}},{"@type":"WebPage","@id":"https:\/\/www.monaco-tribune.com\/it\/2021\/08\/mitron-bakery-grande-successo-per-il-nuovo-panificio-di-mauro-colagreco-a-monaco\/","url":"https:\/\/www.monaco-tribune.com\/it\/2021\/08\/mitron-bakery-grande-successo-per-il-nuovo-panificio-di-mauro-colagreco-a-monaco\/","name":"Mitron Bakery: grande successo per il nuovo panificio di Mauro Colagreco a Monaco","isPartOf":{"@id":"https:\/\/www.monaco-tribune.com\/it\/#website"},"primaryImageOfPage":{"@id":"https:\/\/www.monaco-tribune.com\/it\/2021\/08\/mitron-bakery-grande-successo-per-il-nuovo-panificio-di-mauro-colagreco-a-monaco\/#primaryimage"},"image":{"@id":"https:\/\/www.monaco-tribune.com\/it\/2021\/08\/mitron-bakery-grande-successo-per-il-nuovo-panificio-di-mauro-colagreco-a-monaco\/#primaryimage"},"thumbnailUrl":"https:\/\/www.monaco-tribune.com\/wp-content\/uploads\/2021\/08\/mitron-bakery-6.jpg","datePublished":"2021-08-17T14:58:11+00:00","dateModified":"2021-08-17T15:15:52+00:00","description":"In occasione dell'inaugurazione, i clienti hanno preso d'assalto la nuova panetteria dello chef stellato Colagreco. Dopo Mentone, il nuovo concept di","breadcrumb":{"@id":"https:\/\/www.monaco-tribune.com\/it\/2021\/08\/mitron-bakery-grande-successo-per-il-nuovo-panificio-di-mauro-colagreco-a-monaco\/#breadcrumb"},"inLanguage":"it-IT","potentialAction":[{"@type":"ReadAction","target":["https:\/\/www.monaco-tribune.com\/it\/2021\/08\/mitron-bakery-grande-successo-per-il-nuovo-panificio-di-mauro-colagreco-a-monaco\/"]}]},{"@type":"ImageObject","inLanguage":"it-IT","@id":"https:\/\/www.monaco-tribune.com\/it\/2021\/08\/mitron-bakery-grande-successo-per-il-nuovo-panificio-di-mauro-colagreco-a-monaco\/#primaryimage","url":"https:\/\/www.monaco-tribune.com\/wp-content\/uploads\/2021\/08\/mitron-bakery-6.jpg","contentUrl":"https:\/\/www.monaco-tribune.com\/wp-content\/uploads\/2021\/08\/mitron-bakery-6.jpg","width":750,"height":481,"caption":"Mitron Bakery"},{"@type":"BreadcrumbList","@id":"https:\/\/www.monaco-tribune.com\/it\/2021\/08\/mitron-bakery-grande-successo-per-il-nuovo-panificio-di-mauro-colagreco-a-monaco\/#breadcrumb","itemListElement":[{"@type":"ListItem","position":1,"name":"Accueil","item":"https:\/\/www.monaco-tribune.com\/it\/"},{"@type":"ListItem","position":2,"name":"Mitron Bakery: grande successo per il nuovo panificio di Mauro Colagreco a Monaco"}]},{"@type":"WebSite","@id":"https:\/\/www.monaco-tribune.com\/it\/#website","url":"https:\/\/www.monaco-tribune.com\/it\/","name":"Monaco Tribune","description":"Monaco : actualit\u00e9s \u00e9conomiques, politiques, culturelles et sportives de Monaco et de la French Riviera.","publisher":{"@id":"https:\/\/www.monaco-tribune.com\/it\/#organization"},"potentialAction":[{"@type":"SearchAction","target":{"@type":"EntryPoint","urlTemplate":"https:\/\/www.monaco-tribune.com\/it\/?s={search_term_string}"},"query-input":{"@type":"PropertyValueSpecification","valueRequired":true,"valueName":"search_term_string"}}],"inLanguage":"it-IT"},{"@type":"Organization","@id":"https:\/\/www.monaco-tribune.com\/it\/#organization","name":"Monaco Tribune","url":"https:\/\/www.monaco-tribune.com\/it\/","logo":{"@type":"ImageObject","inLanguage":"it-IT","@id":"https:\/\/www.monaco-tribune.com\/it\/#\/schema\/logo\/image\/","url":"https:\/\/www.monaco-tribune.com\/wp-content\/uploads\/2022\/11\/logo-monaco-tribune.png","contentUrl":"https:\/\/www.monaco-tribune.com\/wp-content\/uploads\/2022\/11\/logo-monaco-tribune.png","width":1548,"height":600,"caption":"Monaco Tribune"},"image":{"@id":"https:\/\/www.monaco-tribune.com\/it\/#\/schema\/logo\/image\/"},"sameAs":["https:\/\/www.facebook.com\/MonacoTribune","https:\/\/x.com\/MonacoTribune","https:\/\/www.instagram.com\/monacotribune\/","https:\/\/www.linkedin.com\/company\/monaco-tribune","https:\/\/www.youtube.com\/channel\/UCHle1MnG6hw1y4lWKijVbMA"]},{"@type":"Person","@id":"https:\/\/www.monaco-tribune.com\/it\/#\/schema\/person\/62e54f2e6c105f4e86d32eee31c55949","name":"Raoul David","image":{"@type":"ImageObject","inLanguage":"it-IT","@id":"https:\/\/secure.gravatar.com\/avatar\/4e9edd6d2ebd1c4f0d23f12e6fd036fce717cac7690264d13be8d62733823a6d?s=96&d=mm&r=g","url":"https:\/\/secure.gravatar.com\/avatar\/4e9edd6d2ebd1c4f0d23f12e6fd036fce717cac7690264d13be8d62733823a6d?s=96&d=mm&r=g","contentUrl":"https:\/\/secure.gravatar.com\/avatar\/4e9edd6d2ebd1c4f0d23f12e6fd036fce717cac7690264d13be8d62733823a6d?s=96&d=mm&r=g","caption":"Raoul David"},"url":"https:\/\/www.monaco-tribune.com\/it\/author\/raouldavid\/"}]}},"_links":{"self":[{"href":"https:\/\/www.monaco-tribune.com\/it\/wp-json\/wp\/v2\/posts\/90328","targetHints":{"allow":["GET"]}}],"collection":[{"href":"https:\/\/www.monaco-tribune.com\/it\/wp-json\/wp\/v2\/posts"}],"about":[{"href":"https:\/\/www.monaco-tribune.com\/it\/wp-json\/wp\/v2\/types\/post"}],"author":[{"embeddable":true,"href":"https:\/\/www.monaco-tribune.com\/it\/wp-json\/wp\/v2\/users\/56"}],"replies":[{"embeddable":true,"href":"https:\/\/www.monaco-tribune.com\/it\/wp-json\/wp\/v2\/comments?post=90328"}],"version-history":[{"count":0,"href":"https:\/\/www.monaco-tribune.com\/it\/wp-json\/wp\/v2\/posts\/90328\/revisions"}],"wp:featuredmedia":[{"embeddable":true,"href":"https:\/\/www.monaco-tribune.com\/it\/wp-json\/wp\/v2\/media\/90273"}],"wp:attachment":[{"href":"https:\/\/www.monaco-tribune.com\/it\/wp-json\/wp\/v2\/media?parent=90328"}],"wp:term":[{"taxonomy":"category","embeddable":true,"href":"https:\/\/www.monaco-tribune.com\/it\/wp-json\/wp\/v2\/categories?post=90328"},{"taxonomy":"post_tag","embeddable":true,"href":"https:\/\/www.monaco-tribune.com\/it\/wp-json\/wp\/v2\/tags?post=90328"},{"taxonomy":"sectag","embeddable":true,"href":"https:\/\/www.monaco-tribune.com\/it\/wp-json\/wp\/v2\/post_sectags?post=90328"},{"taxonomy":"format","embeddable":true,"href":"https:\/\/www.monaco-tribune.com\/it\/wp-json\/wp\/v2\/post_format?post=90328"}],"curies":[{"name":"wp","href":"https:\/\/api.w.org\/{rel}","templated":true}]}}