{"id":90710,"date":"2021-08-19T16:28:02","date_gmt":"2021-08-19T14:28:02","guid":{"rendered":"https:\/\/www.monaco-tribune.com\/2021\/08\/ritratto-bouran-bouery-e-lassociazione-les-amis-du-liban-in-aiuto-di-un-popolo-traumatizzato\/"},"modified":"2021-08-19T16:35:33","modified_gmt":"2021-08-19T14:35:33","slug":"ritratto-bouran-bouery-e-lassociazione-les-amis-du-liban-in-aiuto-di-un-popolo-traumatizzato","status":"publish","type":"post","link":"https:\/\/www.monaco-tribune.com\/it\/2021\/08\/ritratto-bouran-bouery-e-lassociazione-les-amis-du-liban-in-aiuto-di-un-popolo-traumatizzato\/","title":{"rendered":"RITRATTO. Bouran Bouery e l&#8217;associazione Les Amis du Liban, in aiuto di un popolo traumatizzato"},"content":{"rendered":"\n<p><strong>La presidente e fondatrice dell&#8217;associazione Les Amis du Liban (Gli amici del Libano) di Monaco \u00e8 una donna dalle mille risorse. Infermiera, centralinista, hostess, commerciante e ora proprietaria di una societ\u00e0 nel settore degli eventi, Bouran Bouery ha vissuto &#8220;tante vite in una&#8221;. Scoprite il ritratto di una madre di famiglia dal cuore grande.&nbsp;<\/strong><\/p>\n\n\n\n<p>Avete sicuramente gi\u00e0 incontrato questa bomba di energia se siete passati dal Carrefour di Fontvieille. Capelli castani, viso rotondo e colorito abbronzato con un sorriso rassicurante che mette tutti a proprio agio. Dopo aver sperimentato la sua gentilezza, sar\u00e0 facile capire perch\u00e9 la signora Bouery abbia dedicato la sua vita alla beneficienza.<\/p>\n\n\n\n<p>Con l&#8217;aiuto di altri volontari, Boubou (soprannome affettuoso formato dalle sue iniziali) ha appena trascorso sei giorni al Carrefour di Fontvieille. Turni da tredici ore per raccogliere pacchi di pasta, cartoni di latte e bottiglie d&#8217;olio: tutti beni di prima necessit\u00e0 di cui il Libano ha disperatamente bisogno.<\/p>\n\n\n\n<p>Questa iniziativa \u00e8 stata organizzata simbolicamente in occasione del triste anniversario della doppia esplosione nel porto di Beirut, avvenuta il 4 agosto 2020, dove 220 persone hanno perso la vita, un quartiere intero \u00e8 stato raso al suolo, lasciando la popolazione traumatizzata. \u201cPurtroppo i problemi di oggi del Libano sono un bene, in un certo senso, perch\u00e9 aprono gli occhi della gente su un altro problema: quello delle persone che stavano morendo di fame.\u201d<\/p>\n\n\n\n<p><strong>>> LEGGI ANCHE: <\/strong><a href=\"https:\/\/www.monaco-tribune.com\/it\/2021\/01\/covid-19-monaco-ha-mostrato-il-suo-sostegno-ai-paesi-piu-vulnerabili\/\">Covid-19: Monaco e il suo continuo sostegno ai paesi pi\u00f9 vulnerabili<\/a><\/p>\n\n\n\n<div class=\"wp-block-image\"><figure class=\"aligncenter size-large\"><img loading=\"lazy\" decoding=\"async\" width=\"1024\" height=\"731\" src=\"https:\/\/www.monaco-tribune.com\/wp-content\/uploads\/2021\/08\/benevoles-amis-du-liban-1024x731.jpeg\" alt=\"\" class=\"wp-image-90311\" srcset=\"https:\/\/www.monaco-tribune.com\/wp-content\/uploads\/2021\/08\/benevoles-amis-du-liban-1024x731.jpeg 1024w, https:\/\/www.monaco-tribune.com\/wp-content\/uploads\/2021\/08\/benevoles-amis-du-liban-420x300.jpeg 420w, https:\/\/www.monaco-tribune.com\/wp-content\/uploads\/2021\/08\/benevoles-amis-du-liban-210x150.jpeg 210w, https:\/\/www.monaco-tribune.com\/wp-content\/uploads\/2021\/08\/benevoles-amis-du-liban-768x548.jpeg 768w, https:\/\/www.monaco-tribune.com\/wp-content\/uploads\/2021\/08\/benevoles-amis-du-liban-175x125.jpeg 175w, https:\/\/www.monaco-tribune.com\/wp-content\/uploads\/2021\/08\/benevoles-amis-du-liban.jpeg 1417w\" sizes=\"auto, (max-width: 1024px) 100vw, 1024px\" \/><figcaption>Volontari presso il Carrefour di Fontvieille \u00a9 Les Amis du Liban<\/figcaption><\/figure><\/div>\n\n\n\n<h2 class=\"wp-block-heading\">L&#8217;altruismo tramandato di padre in figlia<\/h2>\n\n\n\n<p>Bouran Boury arriva per la prima volta nel Principato come infermiera nel 1987, ancora adolescente, e ci rester\u00e0 due anni prima di tornare sotto le bombe di un Libano in guerra. Lascer\u00e0 l&#8217;ospedale del suo Paese alcuni anni dopo, scioccata dalla sofferenza vissuta. \u201cA Beirut ho visto gente morire davanti ai miei occhi, amici andarsene a causa della guerra, arti mozzati.\u201d<\/p>\n\n\n\n<p>Da quel momento, questa donna, madre di due figli, si \u00e8 data sempre da fare: centralinista in un hotel, hostess al festival di Cannes&#8230; \u201cHo vissuto tante vite in una&#8221;. Appassionata di moda, lancia la sua collezione di vestiti e si trova a capo di tre negozi, prima di rivendere tutto. \u201cDopo 23 anni, avevo voglia di fare altro.\u201d Oggi, Bouran Bouery ha una societ\u00e0 di organizzazione eventi che le lascia pi\u00f9 tempo per dedicarsi alla vita dell&#8217;associazione, soprattutto per effettuare trasferte in Libano per ricevere e organizzare i pacchi di generi alimentari.<\/p>\n\n\n\n<p>Gi\u00e0 dall&#8217;infanzia, Boubou \u00e8 sempre stata attenta agli altri. &#8220;Sono nata con questa caratteristica.&#8221; Tratto ereditato da suo padre, tragicamente deceduto in un incidente d&#8217;auto durante attivit\u00e0 di aiuto umanitario. Questo evento ha plasmato la sua personalit\u00e0 mentre cresceva. \u201cMi sono sempre detta che sono rimasta in vita per compiere una missione\u201d.<\/p>\n\n\n\n<h2 class=\"wp-block-heading\" id=\"h-gli-amici-una-colonna-portante\">Gli amici: una colonna portante<\/h2>\n\n\n\n<p>Una missione che porta avanti brillantemente. L&#8217;associazione Les Amis du Liban nasce nel 2002, e &#8220;non nel 2004 come \u00e8 riportato sui documenti ufficiali&#8221;, insiste la fondatrice. Due anni di lavoro a cui Bouran, giustamente, tiene molto. &#8220;Infatti quando abbiamo festeggiato i dieci anni dell&#8217;associazione il Sovrano mi ha chiesto &#8216;ma sono davvero dieci anni?!'&#8221; ricorda tutta sorridente. L&#8217;associazione gode del sostegno del Principe, collabora con Fight Aids Monaco e con la Croce Rossa, tra le altre.<\/p>\n\n\n\n<p>Di fronte alla miseria vista nel suo Paese, nasce presto l&#8217;idea di una serata di beneficienza. Bouran, accompagnata da un gruppo di amici, raccoglie 35.000 euro. &#8220;Abbiamo subito aiutato una scuola che si occupa di bambini disabili in Libano&#8221;.<\/p>\n\n\n\n<p>Una dei suoi amici \u00e8 la moglie di colui che diventer\u00e0 lo storico padrino dell&#8217;associazione, Didier Deschamps. L&#8217;associazione \u00e8 un esempio di generosit\u00e0 e riunisce principalmente gli amici di Bouran, persone di ogni estrazione sociale. &#8220;Da qui nasce il nome Les Amis du Liban (Gli amici del Libano)&#8221;.<\/p>\n\n\n\n<p>&#8220;Didier non ci ha mai abbandonati; se non fosse stato al nostro fianco, non avremmo mai osato.&#8221; L&#8217;allenatore della nazionale francese supporta il progetto, serata dopo serata, anche in quelle che diventano presto serate di gala, iniziativa dopo iniziativa, fino alla nascita dell&#8217;associazione. Ogni anno, festeggia Natale con i bambini e aiuta a distribuire da 2.000 a 3.000 regali.<\/p>\n\n\n\n<blockquote class=\"wp-block-quote is-layout-flow wp-block-quote-is-layout-flow\"><p>Vediamo la convenienza di tutto ci\u00f2 che facciamo nei bambini, perch\u00e9 li toccher\u00e0 direttamente o indirettamente.<\/p><\/blockquote>\n\n\n\n<div class=\"wp-block-image\"><figure class=\"aligncenter size-full\"><img loading=\"lazy\" decoding=\"async\" width=\"1024\" height=\"683\" src=\"https:\/\/www.monaco-tribune.com\/wp-content\/uploads\/2021\/08\/didier-deschamps-les-amis-du-liban.jpeg\" alt=\"\" class=\"wp-image-90308\" srcset=\"https:\/\/www.monaco-tribune.com\/wp-content\/uploads\/2021\/08\/didier-deschamps-les-amis-du-liban.jpeg 1024w, https:\/\/www.monaco-tribune.com\/wp-content\/uploads\/2021\/08\/didier-deschamps-les-amis-du-liban-450x300.jpeg 450w, https:\/\/www.monaco-tribune.com\/wp-content\/uploads\/2021\/08\/didier-deschamps-les-amis-du-liban-225x150.jpeg 225w, https:\/\/www.monaco-tribune.com\/wp-content\/uploads\/2021\/08\/didier-deschamps-les-amis-du-liban-768x512.jpeg 768w, https:\/\/www.monaco-tribune.com\/wp-content\/uploads\/2021\/08\/didier-deschamps-les-amis-du-liban-175x117.jpeg 175w\" sizes=\"auto, (max-width: 1024px) 100vw, 1024px\" \/><figcaption>Didier Deschamps con i bambini \u00a9 Les Amis du Liban<\/figcaption><\/figure><\/div>\n\n\n\n<h2 class=\"wp-block-heading\">Lavorare in situazioni di emergenza<\/h2>\n\n\n\n<p>Se l&#8217;associazione era inizialmente dedicata ai bambini, Les Amis du Liban agisce ora per tutti i libanesi. &#8220;Vediamo la convenienza di tutto ci\u00f2 che facciamo nei bambini, perch\u00e9 li toccher\u00e0 direttamente o indirettamente.&#8221; L&#8217;associazione si concentra oggi sui servizi essenziali, come la costruzione di scuole, parchi, giardini pubblici, e dispensari nelle citt\u00e0 pi\u00f9 povere. &#8220;Ci occupiamo di salvare le persone dando loro da bere e da mangiare e fornendo accesso alle cure in ospedale. C&#8217;\u00e8 una duplice emergenza: l&#8217;emergenza Covid-19 e l&#8217;emergenza umanitaria&#8221;.<\/p>\n\n\n\n<p>Infine, ogni due settimane da un anno a questa parte, l&#8217;associazione \u00e8 presente anche a Nizza dove distribuisce dei pacchi di generi alimentari ai pi\u00f9 bisognosi. Una domanda in costante crescita dallo scoppio della pandemia. &#8220;La miseria \u00e8 ovunque, non solo in Libano&#8221;, quindi Bouran Bouery, nel suo piccolo, fa del suo meglio per aiutare.<\/p>\n\n\n\n<p>Il nostro incontro si conclude con una visita all&#8217;ufficio, dove la presidente ci regala la maglietta e la mascherina dai colori bianco, rosso e verde. E persino&#8230; un quadro dipinto da un bambino. Dietro questo viso sorridente e questa tristezza profonda, una cosa \u00e8 certa: come Madre Teresa, Boubou non lascer\u00e0 che nessuno se ne vada meno felice di quando \u00e8 arrivato. <\/p>\n\n\n\n<p>Per saperne di pi\u00f9, visita il sito <a href=\"http:\/\/www.lesamisdulibanmonaco.org\/\">dell&#8217;associazione Les Amis du Liban<\/a><\/p>\n","protected":false},"excerpt":{"rendered":"<p>La presidente e fondatrice dell&#8217;associazione Les Amis du Liban (Gli amici del Libano) di Monaco \u00e8 una donna dalle mille [&hellip;]<\/p>\n","protected":false},"author":54,"featured_media":90325,"comment_status":"closed","ping_status":"closed","sticky":false,"template":"","format":"standard","meta":{"_acf_changed":false,"footnotes":""},"categories":[1826,1752],"tags":[2951],"post_sectags":[],"post_format":[2476],"class_list":["post-90710","post","type-post","status-publish","format-standard","has-post-thumbnail","hentry","category-la-nostra-scelta","category-societa","tag-associazioni","format-intervista"],"acf":[],"yoast_head":"<!-- This site is optimized with the Yoast SEO Premium plugin v26.8 (Yoast SEO v27.5) - https:\/\/yoast.com\/product\/yoast-seo-premium-wordpress\/ -->\n<title>RITRATTO. Bouran Bouery e l&#039;associazione Les Amis du Liban, in aiuto di un popolo traumatizzato<\/title>\n<meta name=\"description\" content=\"La presidente e fondatrice dell&#039;associazione Les Amis du Liban (Gli amici del Libano) di Monaco \u00e8 una donna dalle mille risorse. Infermiera,\" \/>\n<meta name=\"robots\" content=\"index, follow, max-snippet:-1, max-image-preview:large, max-video-preview:-1\" \/>\n<link rel=\"canonical\" href=\"https:\/\/www.monaco-tribune.com\/it\/2021\/08\/ritratto-bouran-bouery-e-lassociazione-les-amis-du-liban-in-aiuto-di-un-popolo-traumatizzato\/\" \/>\n<meta property=\"og:locale\" content=\"it_IT\" \/>\n<meta property=\"og:type\" content=\"article\" \/>\n<meta property=\"og:title\" content=\"RITRATTO. Bouran Bouery e l&#039;associazione Les Amis du Liban, in aiuto di un popolo traumatizzato - Monaco Tribune\" \/>\n<meta property=\"og:description\" content=\"La presidente e fondatrice dell&#039;associazione Les Amis du Liban (Gli amici del Libano) di Monaco \u00e8 una donna dalle mille risorse. Infermiera,\" \/>\n<meta property=\"og:url\" content=\"https:\/\/www.monaco-tribune.com\/it\/2021\/08\/ritratto-bouran-bouery-e-lassociazione-les-amis-du-liban-in-aiuto-di-un-popolo-traumatizzato\/\" \/>\n<meta property=\"og:site_name\" content=\"Monaco Tribune\" \/>\n<meta property=\"article:publisher\" content=\"https:\/\/www.facebook.com\/MonacoTribune\" \/>\n<meta property=\"article:published_time\" content=\"2021-08-19T14:28:02+00:00\" \/>\n<meta property=\"article:modified_time\" content=\"2021-08-19T14:35:33+00:00\" \/>\n<meta property=\"og:image\" content=\"https:\/\/www.monaco-tribune.com\/wp-content\/uploads\/2021\/08\/bouran-bouery-amis-du-liban-2-1.jpeg\" \/>\n\t<meta property=\"og:image:width\" content=\"661\" \/>\n\t<meta property=\"og:image:height\" content=\"438\" \/>\n\t<meta property=\"og:image:type\" content=\"image\/jpeg\" \/>\n<meta name=\"author\" content=\"Simon Zwierniak\" \/>\n<meta name=\"twitter:card\" content=\"summary_large_image\" \/>\n<meta name=\"twitter:creator\" content=\"@MonacoTribune\" \/>\n<meta name=\"twitter:site\" content=\"@MonacoTribune\" \/>\n<script type=\"application\/ld+json\" class=\"yoast-schema-graph\">{\"@context\":\"https:\\\/\\\/schema.org\",\"@graph\":[{\"@type\":\"NewsArticle\",\"@id\":\"https:\\\/\\\/www.monaco-tribune.com\\\/it\\\/2021\\\/08\\\/ritratto-bouran-bouery-e-lassociazione-les-amis-du-liban-in-aiuto-di-un-popolo-traumatizzato\\\/#article\",\"isPartOf\":{\"@id\":\"https:\\\/\\\/www.monaco-tribune.com\\\/it\\\/2021\\\/08\\\/ritratto-bouran-bouery-e-lassociazione-les-amis-du-liban-in-aiuto-di-un-popolo-traumatizzato\\\/\"},\"author\":{\"name\":\"Simon Zwierniak\",\"@id\":\"https:\\\/\\\/www.monaco-tribune.com\\\/it\\\/#\\\/schema\\\/person\\\/8999750e061d77476d5caf542c77c841\"},\"headline\":\"RITRATTO. Bouran Bouery e l&#8217;associazione Les Amis du Liban, in aiuto di un popolo traumatizzato\",\"datePublished\":\"2021-08-19T14:28:02+00:00\",\"dateModified\":\"2021-08-19T14:35:33+00:00\",\"mainEntityOfPage\":{\"@id\":\"https:\\\/\\\/www.monaco-tribune.com\\\/it\\\/2021\\\/08\\\/ritratto-bouran-bouery-e-lassociazione-les-amis-du-liban-in-aiuto-di-un-popolo-traumatizzato\\\/\"},\"wordCount\":951,\"publisher\":{\"@id\":\"https:\\\/\\\/www.monaco-tribune.com\\\/it\\\/#organization\"},\"image\":{\"@id\":\"https:\\\/\\\/www.monaco-tribune.com\\\/it\\\/2021\\\/08\\\/ritratto-bouran-bouery-e-lassociazione-les-amis-du-liban-in-aiuto-di-un-popolo-traumatizzato\\\/#primaryimage\"},\"thumbnailUrl\":\"https:\\\/\\\/www.monaco-tribune.com\\\/wp-content\\\/uploads\\\/2021\\\/08\\\/bouran-bouery-amis-du-liban-2-1.jpeg\",\"keywords\":[\"Associazioni\"],\"articleSection\":[\"La nostra scelta\",\"Societ\u00e0\"],\"inLanguage\":\"it-IT\",\"copyrightYear\":\"2021\",\"copyrightHolder\":{\"@id\":\"https:\\\/\\\/www.monaco-tribune.com\\\/#organization\"}},{\"@type\":\"WebPage\",\"@id\":\"https:\\\/\\\/www.monaco-tribune.com\\\/it\\\/2021\\\/08\\\/ritratto-bouran-bouery-e-lassociazione-les-amis-du-liban-in-aiuto-di-un-popolo-traumatizzato\\\/\",\"url\":\"https:\\\/\\\/www.monaco-tribune.com\\\/it\\\/2021\\\/08\\\/ritratto-bouran-bouery-e-lassociazione-les-amis-du-liban-in-aiuto-di-un-popolo-traumatizzato\\\/\",\"name\":\"RITRATTO. Bouran Bouery e l'associazione Les Amis du Liban, in aiuto di un popolo traumatizzato\",\"isPartOf\":{\"@id\":\"https:\\\/\\\/www.monaco-tribune.com\\\/it\\\/#website\"},\"primaryImageOfPage\":{\"@id\":\"https:\\\/\\\/www.monaco-tribune.com\\\/it\\\/2021\\\/08\\\/ritratto-bouran-bouery-e-lassociazione-les-amis-du-liban-in-aiuto-di-un-popolo-traumatizzato\\\/#primaryimage\"},\"image\":{\"@id\":\"https:\\\/\\\/www.monaco-tribune.com\\\/it\\\/2021\\\/08\\\/ritratto-bouran-bouery-e-lassociazione-les-amis-du-liban-in-aiuto-di-un-popolo-traumatizzato\\\/#primaryimage\"},\"thumbnailUrl\":\"https:\\\/\\\/www.monaco-tribune.com\\\/wp-content\\\/uploads\\\/2021\\\/08\\\/bouran-bouery-amis-du-liban-2-1.jpeg\",\"datePublished\":\"2021-08-19T14:28:02+00:00\",\"dateModified\":\"2021-08-19T14:35:33+00:00\",\"description\":\"La presidente e fondatrice dell'associazione Les Amis du Liban (Gli amici del Libano) di Monaco \u00e8 una donna dalle mille risorse. Infermiera,\",\"breadcrumb\":{\"@id\":\"https:\\\/\\\/www.monaco-tribune.com\\\/it\\\/2021\\\/08\\\/ritratto-bouran-bouery-e-lassociazione-les-amis-du-liban-in-aiuto-di-un-popolo-traumatizzato\\\/#breadcrumb\"},\"inLanguage\":\"it-IT\",\"potentialAction\":[{\"@type\":\"ReadAction\",\"target\":[\"https:\\\/\\\/www.monaco-tribune.com\\\/it\\\/2021\\\/08\\\/ritratto-bouran-bouery-e-lassociazione-les-amis-du-liban-in-aiuto-di-un-popolo-traumatizzato\\\/\"]}]},{\"@type\":\"ImageObject\",\"inLanguage\":\"it-IT\",\"@id\":\"https:\\\/\\\/www.monaco-tribune.com\\\/it\\\/2021\\\/08\\\/ritratto-bouran-bouery-e-lassociazione-les-amis-du-liban-in-aiuto-di-un-popolo-traumatizzato\\\/#primaryimage\",\"url\":\"https:\\\/\\\/www.monaco-tribune.com\\\/wp-content\\\/uploads\\\/2021\\\/08\\\/bouran-bouery-amis-du-liban-2-1.jpeg\",\"contentUrl\":\"https:\\\/\\\/www.monaco-tribune.com\\\/wp-content\\\/uploads\\\/2021\\\/08\\\/bouran-bouery-amis-du-liban-2-1.jpeg\",\"width\":661,\"height\":438,\"caption\":\"Les Amis du Liban\"},{\"@type\":\"BreadcrumbList\",\"@id\":\"https:\\\/\\\/www.monaco-tribune.com\\\/it\\\/2021\\\/08\\\/ritratto-bouran-bouery-e-lassociazione-les-amis-du-liban-in-aiuto-di-un-popolo-traumatizzato\\\/#breadcrumb\",\"itemListElement\":[{\"@type\":\"ListItem\",\"position\":1,\"name\":\"Accueil\",\"item\":\"https:\\\/\\\/www.monaco-tribune.com\\\/it\\\/\"},{\"@type\":\"ListItem\",\"position\":2,\"name\":\"RITRATTO. Bouran Bouery e l&rsquo;associazione Les Amis du Liban, in aiuto di un popolo traumatizzato\"}]},{\"@type\":\"WebSite\",\"@id\":\"https:\\\/\\\/www.monaco-tribune.com\\\/it\\\/#website\",\"url\":\"https:\\\/\\\/www.monaco-tribune.com\\\/it\\\/\",\"name\":\"Monaco Tribune\",\"description\":\"Monaco : actualit\u00e9s \u00e9conomiques, politiques, culturelles et sportives de Monaco et de la French Riviera.\",\"publisher\":{\"@id\":\"https:\\\/\\\/www.monaco-tribune.com\\\/it\\\/#organization\"},\"potentialAction\":[{\"@type\":\"SearchAction\",\"target\":{\"@type\":\"EntryPoint\",\"urlTemplate\":\"https:\\\/\\\/www.monaco-tribune.com\\\/it\\\/?s={search_term_string}\"},\"query-input\":{\"@type\":\"PropertyValueSpecification\",\"valueRequired\":true,\"valueName\":\"search_term_string\"}}],\"inLanguage\":\"it-IT\"},{\"@type\":\"Organization\",\"@id\":\"https:\\\/\\\/www.monaco-tribune.com\\\/it\\\/#organization\",\"name\":\"Monaco Tribune\",\"url\":\"https:\\\/\\\/www.monaco-tribune.com\\\/it\\\/\",\"logo\":{\"@type\":\"ImageObject\",\"inLanguage\":\"it-IT\",\"@id\":\"https:\\\/\\\/www.monaco-tribune.com\\\/it\\\/#\\\/schema\\\/logo\\\/image\\\/\",\"url\":\"https:\\\/\\\/www.monaco-tribune.com\\\/wp-content\\\/uploads\\\/2022\\\/11\\\/logo-monaco-tribune.png\",\"contentUrl\":\"https:\\\/\\\/www.monaco-tribune.com\\\/wp-content\\\/uploads\\\/2022\\\/11\\\/logo-monaco-tribune.png\",\"width\":1548,\"height\":600,\"caption\":\"Monaco Tribune\"},\"image\":{\"@id\":\"https:\\\/\\\/www.monaco-tribune.com\\\/it\\\/#\\\/schema\\\/logo\\\/image\\\/\"},\"sameAs\":[\"https:\\\/\\\/www.facebook.com\\\/MonacoTribune\",\"https:\\\/\\\/x.com\\\/MonacoTribune\",\"https:\\\/\\\/www.instagram.com\\\/monacotribune\\\/\",\"https:\\\/\\\/www.linkedin.com\\\/company\\\/monaco-tribune\",\"https:\\\/\\\/www.youtube.com\\\/channel\\\/UCHle1MnG6hw1y4lWKijVbMA\"]},{\"@type\":\"Person\",\"@id\":\"https:\\\/\\\/www.monaco-tribune.com\\\/it\\\/#\\\/schema\\\/person\\\/8999750e061d77476d5caf542c77c841\",\"name\":\"Simon Zwierniak\",\"image\":{\"@type\":\"ImageObject\",\"inLanguage\":\"it-IT\",\"@id\":\"https:\\\/\\\/secure.gravatar.com\\\/avatar\\\/4996370fc4436ccbc5a09f3a9d6393bb07b46b707a1982d1874380fb0c5458de?s=96&d=mm&r=g\",\"url\":\"https:\\\/\\\/secure.gravatar.com\\\/avatar\\\/4996370fc4436ccbc5a09f3a9d6393bb07b46b707a1982d1874380fb0c5458de?s=96&d=mm&r=g\",\"contentUrl\":\"https:\\\/\\\/secure.gravatar.com\\\/avatar\\\/4996370fc4436ccbc5a09f3a9d6393bb07b46b707a1982d1874380fb0c5458de?s=96&d=mm&r=g\",\"caption\":\"Simon Zwierniak\"},\"url\":\"https:\\\/\\\/www.monaco-tribune.com\\\/it\\\/author\\\/simonzwierniak\\\/\"}]}<\/script>\n<!-- \/ Yoast SEO Premium plugin. -->","yoast_head_json":{"title":"RITRATTO. Bouran Bouery e l'associazione Les Amis du Liban, in aiuto di un popolo traumatizzato","description":"La presidente e fondatrice dell'associazione Les Amis du Liban (Gli amici del Libano) di Monaco \u00e8 una donna dalle mille risorse. Infermiera,","robots":{"index":"index","follow":"follow","max-snippet":"max-snippet:-1","max-image-preview":"max-image-preview:large","max-video-preview":"max-video-preview:-1"},"canonical":"https:\/\/www.monaco-tribune.com\/it\/2021\/08\/ritratto-bouran-bouery-e-lassociazione-les-amis-du-liban-in-aiuto-di-un-popolo-traumatizzato\/","og_locale":"it_IT","og_type":"article","og_title":"RITRATTO. Bouran Bouery e l'associazione Les Amis du Liban, in aiuto di un popolo traumatizzato - Monaco Tribune","og_description":"La presidente e fondatrice dell'associazione Les Amis du Liban (Gli amici del Libano) di Monaco \u00e8 una donna dalle mille risorse. Infermiera,","og_url":"https:\/\/www.monaco-tribune.com\/it\/2021\/08\/ritratto-bouran-bouery-e-lassociazione-les-amis-du-liban-in-aiuto-di-un-popolo-traumatizzato\/","og_site_name":"Monaco Tribune","article_publisher":"https:\/\/www.facebook.com\/MonacoTribune","article_published_time":"2021-08-19T14:28:02+00:00","article_modified_time":"2021-08-19T14:35:33+00:00","og_image":[{"width":661,"height":438,"url":"https:\/\/www.monaco-tribune.com\/wp-content\/uploads\/2021\/08\/bouran-bouery-amis-du-liban-2-1.jpeg","type":"image\/jpeg"}],"author":"Simon Zwierniak","twitter_card":"summary_large_image","twitter_creator":"@MonacoTribune","twitter_site":"@MonacoTribune","schema":{"@context":"https:\/\/schema.org","@graph":[{"@type":"NewsArticle","@id":"https:\/\/www.monaco-tribune.com\/it\/2021\/08\/ritratto-bouran-bouery-e-lassociazione-les-amis-du-liban-in-aiuto-di-un-popolo-traumatizzato\/#article","isPartOf":{"@id":"https:\/\/www.monaco-tribune.com\/it\/2021\/08\/ritratto-bouran-bouery-e-lassociazione-les-amis-du-liban-in-aiuto-di-un-popolo-traumatizzato\/"},"author":{"name":"Simon Zwierniak","@id":"https:\/\/www.monaco-tribune.com\/it\/#\/schema\/person\/8999750e061d77476d5caf542c77c841"},"headline":"RITRATTO. Bouran Bouery e l&#8217;associazione Les Amis du Liban, in aiuto di un popolo traumatizzato","datePublished":"2021-08-19T14:28:02+00:00","dateModified":"2021-08-19T14:35:33+00:00","mainEntityOfPage":{"@id":"https:\/\/www.monaco-tribune.com\/it\/2021\/08\/ritratto-bouran-bouery-e-lassociazione-les-amis-du-liban-in-aiuto-di-un-popolo-traumatizzato\/"},"wordCount":951,"publisher":{"@id":"https:\/\/www.monaco-tribune.com\/it\/#organization"},"image":{"@id":"https:\/\/www.monaco-tribune.com\/it\/2021\/08\/ritratto-bouran-bouery-e-lassociazione-les-amis-du-liban-in-aiuto-di-un-popolo-traumatizzato\/#primaryimage"},"thumbnailUrl":"https:\/\/www.monaco-tribune.com\/wp-content\/uploads\/2021\/08\/bouran-bouery-amis-du-liban-2-1.jpeg","keywords":["Associazioni"],"articleSection":["La nostra scelta","Societ\u00e0"],"inLanguage":"it-IT","copyrightYear":"2021","copyrightHolder":{"@id":"https:\/\/www.monaco-tribune.com\/#organization"}},{"@type":"WebPage","@id":"https:\/\/www.monaco-tribune.com\/it\/2021\/08\/ritratto-bouran-bouery-e-lassociazione-les-amis-du-liban-in-aiuto-di-un-popolo-traumatizzato\/","url":"https:\/\/www.monaco-tribune.com\/it\/2021\/08\/ritratto-bouran-bouery-e-lassociazione-les-amis-du-liban-in-aiuto-di-un-popolo-traumatizzato\/","name":"RITRATTO. Bouran Bouery e l'associazione Les Amis du Liban, in aiuto di un popolo traumatizzato","isPartOf":{"@id":"https:\/\/www.monaco-tribune.com\/it\/#website"},"primaryImageOfPage":{"@id":"https:\/\/www.monaco-tribune.com\/it\/2021\/08\/ritratto-bouran-bouery-e-lassociazione-les-amis-du-liban-in-aiuto-di-un-popolo-traumatizzato\/#primaryimage"},"image":{"@id":"https:\/\/www.monaco-tribune.com\/it\/2021\/08\/ritratto-bouran-bouery-e-lassociazione-les-amis-du-liban-in-aiuto-di-un-popolo-traumatizzato\/#primaryimage"},"thumbnailUrl":"https:\/\/www.monaco-tribune.com\/wp-content\/uploads\/2021\/08\/bouran-bouery-amis-du-liban-2-1.jpeg","datePublished":"2021-08-19T14:28:02+00:00","dateModified":"2021-08-19T14:35:33+00:00","description":"La presidente e fondatrice dell'associazione Les Amis du Liban (Gli amici del Libano) di Monaco \u00e8 una donna dalle mille risorse. Infermiera,","breadcrumb":{"@id":"https:\/\/www.monaco-tribune.com\/it\/2021\/08\/ritratto-bouran-bouery-e-lassociazione-les-amis-du-liban-in-aiuto-di-un-popolo-traumatizzato\/#breadcrumb"},"inLanguage":"it-IT","potentialAction":[{"@type":"ReadAction","target":["https:\/\/www.monaco-tribune.com\/it\/2021\/08\/ritratto-bouran-bouery-e-lassociazione-les-amis-du-liban-in-aiuto-di-un-popolo-traumatizzato\/"]}]},{"@type":"ImageObject","inLanguage":"it-IT","@id":"https:\/\/www.monaco-tribune.com\/it\/2021\/08\/ritratto-bouran-bouery-e-lassociazione-les-amis-du-liban-in-aiuto-di-un-popolo-traumatizzato\/#primaryimage","url":"https:\/\/www.monaco-tribune.com\/wp-content\/uploads\/2021\/08\/bouran-bouery-amis-du-liban-2-1.jpeg","contentUrl":"https:\/\/www.monaco-tribune.com\/wp-content\/uploads\/2021\/08\/bouran-bouery-amis-du-liban-2-1.jpeg","width":661,"height":438,"caption":"Les Amis du Liban"},{"@type":"BreadcrumbList","@id":"https:\/\/www.monaco-tribune.com\/it\/2021\/08\/ritratto-bouran-bouery-e-lassociazione-les-amis-du-liban-in-aiuto-di-un-popolo-traumatizzato\/#breadcrumb","itemListElement":[{"@type":"ListItem","position":1,"name":"Accueil","item":"https:\/\/www.monaco-tribune.com\/it\/"},{"@type":"ListItem","position":2,"name":"RITRATTO. Bouran Bouery e l&rsquo;associazione Les Amis du Liban, in aiuto di un popolo traumatizzato"}]},{"@type":"WebSite","@id":"https:\/\/www.monaco-tribune.com\/it\/#website","url":"https:\/\/www.monaco-tribune.com\/it\/","name":"Monaco Tribune","description":"Monaco : actualit\u00e9s \u00e9conomiques, politiques, culturelles et sportives de Monaco et de la French Riviera.","publisher":{"@id":"https:\/\/www.monaco-tribune.com\/it\/#organization"},"potentialAction":[{"@type":"SearchAction","target":{"@type":"EntryPoint","urlTemplate":"https:\/\/www.monaco-tribune.com\/it\/?s={search_term_string}"},"query-input":{"@type":"PropertyValueSpecification","valueRequired":true,"valueName":"search_term_string"}}],"inLanguage":"it-IT"},{"@type":"Organization","@id":"https:\/\/www.monaco-tribune.com\/it\/#organization","name":"Monaco Tribune","url":"https:\/\/www.monaco-tribune.com\/it\/","logo":{"@type":"ImageObject","inLanguage":"it-IT","@id":"https:\/\/www.monaco-tribune.com\/it\/#\/schema\/logo\/image\/","url":"https:\/\/www.monaco-tribune.com\/wp-content\/uploads\/2022\/11\/logo-monaco-tribune.png","contentUrl":"https:\/\/www.monaco-tribune.com\/wp-content\/uploads\/2022\/11\/logo-monaco-tribune.png","width":1548,"height":600,"caption":"Monaco Tribune"},"image":{"@id":"https:\/\/www.monaco-tribune.com\/it\/#\/schema\/logo\/image\/"},"sameAs":["https:\/\/www.facebook.com\/MonacoTribune","https:\/\/x.com\/MonacoTribune","https:\/\/www.instagram.com\/monacotribune\/","https:\/\/www.linkedin.com\/company\/monaco-tribune","https:\/\/www.youtube.com\/channel\/UCHle1MnG6hw1y4lWKijVbMA"]},{"@type":"Person","@id":"https:\/\/www.monaco-tribune.com\/it\/#\/schema\/person\/8999750e061d77476d5caf542c77c841","name":"Simon Zwierniak","image":{"@type":"ImageObject","inLanguage":"it-IT","@id":"https:\/\/secure.gravatar.com\/avatar\/4996370fc4436ccbc5a09f3a9d6393bb07b46b707a1982d1874380fb0c5458de?s=96&d=mm&r=g","url":"https:\/\/secure.gravatar.com\/avatar\/4996370fc4436ccbc5a09f3a9d6393bb07b46b707a1982d1874380fb0c5458de?s=96&d=mm&r=g","contentUrl":"https:\/\/secure.gravatar.com\/avatar\/4996370fc4436ccbc5a09f3a9d6393bb07b46b707a1982d1874380fb0c5458de?s=96&d=mm&r=g","caption":"Simon Zwierniak"},"url":"https:\/\/www.monaco-tribune.com\/it\/author\/simonzwierniak\/"}]}},"_links":{"self":[{"href":"https:\/\/www.monaco-tribune.com\/it\/wp-json\/wp\/v2\/posts\/90710","targetHints":{"allow":["GET"]}}],"collection":[{"href":"https:\/\/www.monaco-tribune.com\/it\/wp-json\/wp\/v2\/posts"}],"about":[{"href":"https:\/\/www.monaco-tribune.com\/it\/wp-json\/wp\/v2\/types\/post"}],"author":[{"embeddable":true,"href":"https:\/\/www.monaco-tribune.com\/it\/wp-json\/wp\/v2\/users\/54"}],"replies":[{"embeddable":true,"href":"https:\/\/www.monaco-tribune.com\/it\/wp-json\/wp\/v2\/comments?post=90710"}],"version-history":[{"count":0,"href":"https:\/\/www.monaco-tribune.com\/it\/wp-json\/wp\/v2\/posts\/90710\/revisions"}],"wp:featuredmedia":[{"embeddable":true,"href":"https:\/\/www.monaco-tribune.com\/it\/wp-json\/wp\/v2\/media\/90325"}],"wp:attachment":[{"href":"https:\/\/www.monaco-tribune.com\/it\/wp-json\/wp\/v2\/media?parent=90710"}],"wp:term":[{"taxonomy":"category","embeddable":true,"href":"https:\/\/www.monaco-tribune.com\/it\/wp-json\/wp\/v2\/categories?post=90710"},{"taxonomy":"post_tag","embeddable":true,"href":"https:\/\/www.monaco-tribune.com\/it\/wp-json\/wp\/v2\/tags?post=90710"},{"taxonomy":"sectag","embeddable":true,"href":"https:\/\/www.monaco-tribune.com\/it\/wp-json\/wp\/v2\/post_sectags?post=90710"},{"taxonomy":"format","embeddable":true,"href":"https:\/\/www.monaco-tribune.com\/it\/wp-json\/wp\/v2\/post_format?post=90710"}],"curies":[{"name":"wp","href":"https:\/\/api.w.org\/{rel}","templated":true}]}}