{"id":90849,"date":"2021-08-20T14:52:42","date_gmt":"2021-08-20T12:52:42","guid":{"rendered":"https:\/\/www.monaco-tribune.com\/2021\/08\/cambiamenti-climatici-come-cambiera-la-vita-nel-principato\/"},"modified":"2021-08-20T14:57:03","modified_gmt":"2021-08-20T12:57:03","slug":"cambiamenti-climatici-come-cambiera-la-vita-nel-principato","status":"publish","type":"post","link":"https:\/\/www.monaco-tribune.com\/it\/2021\/08\/cambiamenti-climatici-come-cambiera-la-vita-nel-principato\/","title":{"rendered":"Cambiamenti climatici: come cambier\u00e0 la vita nel Principato?"},"content":{"rendered":"\n<p><strong>L&#8217;aumento delle temperature potrebbe distruggere il settore turistico.\u00a0<\/strong><\/p>\n\n<p>L&#8217;ultimo rapporto del Gruppo Intergovernativo sui Cambiamenti Climatici (IPCC) insiste particolarmente sull&#8217;aumento delle temperature. A questo proposito, com&#8217;\u00e8 la situazione nella nostra regione? Lo abbiamo chiesto a Nathalie Hilmi, membro del Centro Scientifico di Monaco e ricercatrice dell&#8217;IPCC. Il suo lavoro consiste nell&#8217;identificare i legami tra scienza ed economia.<\/p>\n\n<div class=\"wp-block-image\"><figure class=\"aligncenter size-large\"><img loading=\"lazy\" decoding=\"async\" width=\"1024\" height=\"675\" src=\"https:\/\/www.monaco-tribune.com\/wp-content\/uploads\/2021\/03\/nathalie-hilmi-centre-scientifique-de-monaco-1024x675.jpeg\" alt=\"Nathalie Hilmi Centro Scientifico di Monaco\" class=\"wp-image-73734\" srcset=\"https:\/\/www.monaco-tribune.com\/wp-content\/uploads\/2021\/03\/nathalie-hilmi-centre-scientifique-de-monaco-1024x675.jpeg 1024w, https:\/\/www.monaco-tribune.com\/wp-content\/uploads\/2021\/03\/nathalie-hilmi-centre-scientifique-de-monaco-455x300.jpeg 455w, https:\/\/www.monaco-tribune.com\/wp-content\/uploads\/2021\/03\/nathalie-hilmi-centre-scientifique-de-monaco.jpeg 1200w\" sizes=\"auto, (max-width: 1024px) 100vw, 1024px\" \/><figcaption>Nathalie Hilmi<\/figcaption><\/figure><\/div>\n\n<h2 class=\"wp-block-heading\" id=\"h-l-urgence-climatique\">L&#8217;emergenza climatica<\/h2>\n\n<p>Il primo problema \u00e8 l&#8217;aumento delle temperature. &#8220;Nel Mediterraneo le temperature hanno superato la media planetaria&#8221; spiega Nathalie. &#8220;L&#8217;incremento medio globale \u00e8 dell&#8217;1,1% gradi Celsius. Attualmente, il riscaldamento del bacino del Mediterraneo si attesta a 1,5&#8221;.<\/p>\n\n<p>&#8220;Peraltro, avremo sempre pi\u00f9 siccit\u00e0 e sempre meno vento. Di conseguenza le precipitazioni saranno meno frequenti, con conseguenti rischi ecologici e agroecologici. Meno vento equivale anche a dire che gli investimenti nell&#8217;eolico non saranno cos\u00ec proficui come pensavamo&#8221;.<\/p>\n\n<p>&#8220;Poi si aggiunge il problema delle ondate di caldo, che sono sempre pi\u00f9 frequenti, pi\u00f9 intense e pi\u00f9 lunghe&#8221;. Nella nostra regione si prevedono temperature che si avvicineranno a quelle di Algeri, ossia 40 \u00b0C d&#8217;estate, con un impatto diretto sull&#8217;economia della zona.<\/p>\n\n<p>&#8220;Se i turisti decideranno di scegliere un&#8217;altra destinazione perch\u00e9 pi\u00f9 fresca, a lungo termine finiremo per uccidere un settore che generava profitti&#8221;. Nella regione Provenza-Alpi-Costa Azzurra, il 10% dei lavoratori \u00e8 impiegato nel settore turistico.<\/p>\n\n<p><strong>&gt;&gt; LEGGI ANCHE: <\/strong><a href=\"https:\/\/www.monaco-tribune.com\/it\/2021\/03\/tesori-del-mediterraneo-in-pericolo-il-litorale-inghiottito-dal-mare\/\">Tesori del Mediterraneo in pericolo: il litorale inghiottito dal mare<\/a><\/p>\n\n<p><strong>&gt;&gt; \u00c0 LIRE AUSSI: <\/strong><a href=\"https:\/\/www.monaco-tribune.com\/it\/2021\/01\/allarme-oceani-temperature-da-record-nel-2020\/\">Allarme oceani: temperature da record nel 2020<\/a><\/p>\n\n<h2 class=\"wp-block-heading\">L&#8217;innalzamento dei mari<\/h2>\n\n<p>&#8220;L&#8217;Artide e l&#8217;Antartide continuano a sciogliersi e possiamo osservare l&#8217;aumento di volume delle acque dovuto alle temperature pi\u00f9 elevate. Tutti questi fattori messi insieme comportano un innalzamento dei mari&#8221;, dichiara Nathalie. La ricercatrice sottolinea la gravit\u00e0 della situazione: &#8220;A livello globale, prevediamo un incremento del livello del mare da 43 a 84 cm entro il 2100. Nel Mediterraneo, si pensa che si superer\u00e0 un metro&#8221;.<\/p>\n\n<p>Gli edifici costruiti in riva al mare sono protetti, rassicura la ricercatrice. Tuttavia, le infrastrutture sono concepite per resistere fino a un certo livello. Il quartiere Anse du Port, ad esempio, \u00e8 stato progettato secondo tutte le possibili proiezioni dell&#8217;IPCC.<\/p>\n\n<p>Tuttavia, queste proiezioni hanno dei limiti. &#8220;Le proiezioni sono basate su dei modelli e non sappiamo quale scenario si realizzer\u00e0&#8221;. Nel caso di un miglioramento drastico della situazione, non ci sar\u00e0 nessun rischio. &#8220;Al contrario, se lasciamo che le emissioni di anidride carbonica crescano senza limiti, allora s\u00ec che saremo probabilmente in pericolo&#8221;.<\/p>\n\n<blockquote class=\"wp-block-quote is-layout-flow wp-block-quote-is-layout-flow\"><p>Il rapporto \u00e8 chiaro: il cambiamento climatico \u00e8 dovuto alle attivit\u00e0 umane<\/p><\/blockquote>\n\n<h2 class=\"wp-block-heading\">\u00c8 ancora possibile cambiare rotta<\/h2>\n\n<p>&#8220;La soluzione concreta raccomandata dall&#8217;IPCC \u00e8 quella di ridurre drasticamente le emissioni di CO2. Il rapporto \u00e8 chiaro: il cambiamento climatico \u00e8 dovuto alle attivit\u00e0 umane&#8221;. E per questo, esistono soluzioni a tutti i livelli.<\/p>\n\n<p>Tra queste, Nathalie Hilmi propone di eliminare la CO2 presente nell&#8217;atmosfera utilizzando soluzioni naturali e tecnologiche e di reindirizzare gli investimenti verso le energie rinnovabili. <\/p>\n\n<p>\u00c8 anche possibile agire nella vita di tutti i giorni. &#8220;\u00c8 necessario un cambio di mentalit\u00e0: bisogna che anche il consumatore sia consapevole delle conseguenze di ogni azione che compie&#8221;. Torniamo al principio base dell&#8217;economia: domanda e offerta. &#8220;La domanda viene dal consumatore: il produttore non andr\u00e0 a prendere la frutta e la verdura dall&#8217;altra parte del mondo, se non c&#8217;\u00e8 domanda&#8221;.<\/p>\n\n<p>Il prossimo appuntamento decisivo sar\u00e0 la COP26. Prima di questo summit, Nathalie Hilmi condurr\u00e0 un gruppo di studio dal 12 al 14 ottobre con esperti di scienze naturali, economia e decisori politici. &#8220;Riuniamo queste persone e cerchiamo di riflettere per un paio di giorni&#8221;. Le soluzioni trovate verranno presentate alla COP26. &#8220;Firmate Monaco&#8221;.<\/p>\n\n<p><strong>&gt;&gt; LEGGI ANCHE: <\/strong><a href=\"https:\/\/www.monaco-tribune.com\/it\/2021\/03\/la-blue-economy-e-possibile-intervista-alleconomista-nathalie-hilmi\/\">La Blue economy \u00e8 possibile? Intervista all\u2019economista Nathalie Hilmi<\/a><\/p>\n\n<p><strong>&gt;&gt; LEGGI ANCHE: <\/strong><a href=\"https:\/\/www.monaco-tribune.com\/it\/2021\/02\/cambiamenti-climatici-sulla-costa-azzurra-cosa-ci-riserva-il-futuro\/\">L\u2019impatto dei cambiamenti climatici sulla Costa azzurra: cosa ci riserva il futuro?<\/a><\/p>\n","protected":false},"excerpt":{"rendered":"<p>L&#8217;aumento delle temperature potrebbe distruggere il settore turistico.\u00a0 L&#8217;ultimo rapporto del Gruppo Intergovernativo sui Cambiamenti Climatici (IPCC) insiste particolarmente sull&#8217;aumento [&hellip;]<\/p>\n","protected":false},"author":54,"featured_media":46642,"comment_status":"closed","ping_status":"closed","sticky":false,"template":"","format":"standard","meta":{"_acf_changed":false,"footnotes":""},"categories":[1826,1738,1752],"tags":[3158],"post_sectags":[],"post_format":[2469],"class_list":["post-90849","post","type-post","status-publish","format-standard","has-post-thumbnail","hentry","category-la-nostra-scelta","category-notizie","category-societa","tag-salute","format-analisi"],"acf":[],"yoast_head":"<!-- This site is optimized with the Yoast SEO Premium plugin v26.8 (Yoast SEO v27.5) - https:\/\/yoast.com\/product\/yoast-seo-premium-wordpress\/ -->\n<title>Cambiamenti climatici: come cambier\u00e0 la vita nel Principato?<\/title>\n<meta name=\"description\" content=\"L&#039;aumento delle temperature potrebbe distruggere il settore turistico.\u00a0 L&#039;ultimo rapporto del Gruppo Intergovernativo sui Cambiamenti Climatici (IPCC)\" \/>\n<meta name=\"robots\" content=\"index, follow, max-snippet:-1, max-image-preview:large, max-video-preview:-1\" \/>\n<link rel=\"canonical\" href=\"https:\/\/www.monaco-tribune.com\/it\/2021\/08\/cambiamenti-climatici-come-cambiera-la-vita-nel-principato\/\" \/>\n<meta property=\"og:locale\" content=\"it_IT\" \/>\n<meta property=\"og:type\" content=\"article\" \/>\n<meta property=\"og:title\" content=\"Cambiamenti climatici: come cambier\u00e0 la vita nel Principato? - Monaco Tribune\" \/>\n<meta property=\"og:description\" content=\"L&#039;aumento delle temperature potrebbe distruggere il settore turistico.\u00a0 L&#039;ultimo rapporto del Gruppo Intergovernativo sui Cambiamenti Climatici (IPCC)\" \/>\n<meta property=\"og:url\" content=\"https:\/\/www.monaco-tribune.com\/it\/2021\/08\/cambiamenti-climatici-come-cambiera-la-vita-nel-principato\/\" \/>\n<meta property=\"og:site_name\" content=\"Monaco Tribune\" \/>\n<meta property=\"article:publisher\" content=\"https:\/\/www.facebook.com\/MonacoTribune\" \/>\n<meta property=\"article:published_time\" content=\"2021-08-20T12:52:42+00:00\" \/>\n<meta property=\"article:modified_time\" content=\"2021-08-20T12:57:03+00:00\" \/>\n<meta property=\"og:image\" content=\"https:\/\/www.monaco-tribune.com\/wp-content\/uploads\/2020\/11\/mediterranee\u2013rechauffement-climatique-1.jpg\" \/>\n\t<meta property=\"og:image:width\" content=\"1200\" \/>\n\t<meta property=\"og:image:height\" content=\"795\" \/>\n\t<meta property=\"og:image:type\" content=\"image\/jpeg\" \/>\n<meta name=\"author\" content=\"Simon Zwierniak\" \/>\n<meta name=\"twitter:card\" content=\"summary_large_image\" \/>\n<meta name=\"twitter:creator\" content=\"@MonacoTribune\" \/>\n<meta name=\"twitter:site\" content=\"@MonacoTribune\" \/>\n<script type=\"application\/ld+json\" class=\"yoast-schema-graph\">{\"@context\":\"https:\\\/\\\/schema.org\",\"@graph\":[{\"@type\":\"NewsArticle\",\"@id\":\"https:\\\/\\\/www.monaco-tribune.com\\\/it\\\/2021\\\/08\\\/cambiamenti-climatici-come-cambiera-la-vita-nel-principato\\\/#article\",\"isPartOf\":{\"@id\":\"https:\\\/\\\/www.monaco-tribune.com\\\/it\\\/2021\\\/08\\\/cambiamenti-climatici-come-cambiera-la-vita-nel-principato\\\/\"},\"author\":{\"name\":\"Simon Zwierniak\",\"@id\":\"https:\\\/\\\/www.monaco-tribune.com\\\/it\\\/#\\\/schema\\\/person\\\/8999750e061d77476d5caf542c77c841\"},\"headline\":\"Cambiamenti climatici: come cambier\u00e0 la vita nel Principato?\",\"datePublished\":\"2021-08-20T12:52:42+00:00\",\"dateModified\":\"2021-08-20T12:57:03+00:00\",\"mainEntityOfPage\":{\"@id\":\"https:\\\/\\\/www.monaco-tribune.com\\\/it\\\/2021\\\/08\\\/cambiamenti-climatici-come-cambiera-la-vita-nel-principato\\\/\"},\"wordCount\":629,\"publisher\":{\"@id\":\"https:\\\/\\\/www.monaco-tribune.com\\\/it\\\/#organization\"},\"image\":{\"@id\":\"https:\\\/\\\/www.monaco-tribune.com\\\/it\\\/2021\\\/08\\\/cambiamenti-climatici-come-cambiera-la-vita-nel-principato\\\/#primaryimage\"},\"thumbnailUrl\":\"https:\\\/\\\/www.monaco-tribune.com\\\/wp-content\\\/uploads\\\/2020\\\/11\\\/mediterranee\u2013rechauffement-climatique-1.jpg\",\"keywords\":[\"Salute\"],\"articleSection\":[\"La nostra scelta\",\"Notizie\",\"Societ\u00e0\"],\"inLanguage\":\"it-IT\",\"copyrightYear\":\"2021\",\"copyrightHolder\":{\"@id\":\"https:\\\/\\\/www.monaco-tribune.com\\\/#organization\"}},{\"@type\":\"WebPage\",\"@id\":\"https:\\\/\\\/www.monaco-tribune.com\\\/it\\\/2021\\\/08\\\/cambiamenti-climatici-come-cambiera-la-vita-nel-principato\\\/\",\"url\":\"https:\\\/\\\/www.monaco-tribune.com\\\/it\\\/2021\\\/08\\\/cambiamenti-climatici-come-cambiera-la-vita-nel-principato\\\/\",\"name\":\"Cambiamenti climatici: come cambier\u00e0 la vita nel Principato?\",\"isPartOf\":{\"@id\":\"https:\\\/\\\/www.monaco-tribune.com\\\/it\\\/#website\"},\"primaryImageOfPage\":{\"@id\":\"https:\\\/\\\/www.monaco-tribune.com\\\/it\\\/2021\\\/08\\\/cambiamenti-climatici-come-cambiera-la-vita-nel-principato\\\/#primaryimage\"},\"image\":{\"@id\":\"https:\\\/\\\/www.monaco-tribune.com\\\/it\\\/2021\\\/08\\\/cambiamenti-climatici-come-cambiera-la-vita-nel-principato\\\/#primaryimage\"},\"thumbnailUrl\":\"https:\\\/\\\/www.monaco-tribune.com\\\/wp-content\\\/uploads\\\/2020\\\/11\\\/mediterranee\u2013rechauffement-climatique-1.jpg\",\"datePublished\":\"2021-08-20T12:52:42+00:00\",\"dateModified\":\"2021-08-20T12:57:03+00:00\",\"description\":\"L'aumento delle temperature potrebbe distruggere il settore turistico.\u00a0 L'ultimo rapporto del Gruppo Intergovernativo sui Cambiamenti Climatici (IPCC)\",\"breadcrumb\":{\"@id\":\"https:\\\/\\\/www.monaco-tribune.com\\\/it\\\/2021\\\/08\\\/cambiamenti-climatici-come-cambiera-la-vita-nel-principato\\\/#breadcrumb\"},\"inLanguage\":\"it-IT\",\"potentialAction\":[{\"@type\":\"ReadAction\",\"target\":[\"https:\\\/\\\/www.monaco-tribune.com\\\/it\\\/2021\\\/08\\\/cambiamenti-climatici-come-cambiera-la-vita-nel-principato\\\/\"]}]},{\"@type\":\"ImageObject\",\"inLanguage\":\"it-IT\",\"@id\":\"https:\\\/\\\/www.monaco-tribune.com\\\/it\\\/2021\\\/08\\\/cambiamenti-climatici-come-cambiera-la-vita-nel-principato\\\/#primaryimage\",\"url\":\"https:\\\/\\\/www.monaco-tribune.com\\\/wp-content\\\/uploads\\\/2020\\\/11\\\/mediterranee\u2013rechauffement-climatique-1.jpg\",\"contentUrl\":\"https:\\\/\\\/www.monaco-tribune.com\\\/wp-content\\\/uploads\\\/2020\\\/11\\\/mediterranee\u2013rechauffement-climatique-1.jpg\",\"width\":1200,\"height\":795,\"caption\":\"Kit Suman \\\/ Unsplash\"},{\"@type\":\"BreadcrumbList\",\"@id\":\"https:\\\/\\\/www.monaco-tribune.com\\\/it\\\/2021\\\/08\\\/cambiamenti-climatici-come-cambiera-la-vita-nel-principato\\\/#breadcrumb\",\"itemListElement\":[{\"@type\":\"ListItem\",\"position\":1,\"name\":\"Accueil\",\"item\":\"https:\\\/\\\/www.monaco-tribune.com\\\/it\\\/\"},{\"@type\":\"ListItem\",\"position\":2,\"name\":\"Cambiamenti climatici: come cambier\u00e0 la vita nel Principato?\"}]},{\"@type\":\"WebSite\",\"@id\":\"https:\\\/\\\/www.monaco-tribune.com\\\/it\\\/#website\",\"url\":\"https:\\\/\\\/www.monaco-tribune.com\\\/it\\\/\",\"name\":\"Monaco Tribune\",\"description\":\"Monaco : actualit\u00e9s \u00e9conomiques, politiques, culturelles et sportives de Monaco et de la French Riviera.\",\"publisher\":{\"@id\":\"https:\\\/\\\/www.monaco-tribune.com\\\/it\\\/#organization\"},\"potentialAction\":[{\"@type\":\"SearchAction\",\"target\":{\"@type\":\"EntryPoint\",\"urlTemplate\":\"https:\\\/\\\/www.monaco-tribune.com\\\/it\\\/?s={search_term_string}\"},\"query-input\":{\"@type\":\"PropertyValueSpecification\",\"valueRequired\":true,\"valueName\":\"search_term_string\"}}],\"inLanguage\":\"it-IT\"},{\"@type\":\"Organization\",\"@id\":\"https:\\\/\\\/www.monaco-tribune.com\\\/it\\\/#organization\",\"name\":\"Monaco Tribune\",\"url\":\"https:\\\/\\\/www.monaco-tribune.com\\\/it\\\/\",\"logo\":{\"@type\":\"ImageObject\",\"inLanguage\":\"it-IT\",\"@id\":\"https:\\\/\\\/www.monaco-tribune.com\\\/it\\\/#\\\/schema\\\/logo\\\/image\\\/\",\"url\":\"https:\\\/\\\/www.monaco-tribune.com\\\/wp-content\\\/uploads\\\/2022\\\/11\\\/logo-monaco-tribune.png\",\"contentUrl\":\"https:\\\/\\\/www.monaco-tribune.com\\\/wp-content\\\/uploads\\\/2022\\\/11\\\/logo-monaco-tribune.png\",\"width\":1548,\"height\":600,\"caption\":\"Monaco Tribune\"},\"image\":{\"@id\":\"https:\\\/\\\/www.monaco-tribune.com\\\/it\\\/#\\\/schema\\\/logo\\\/image\\\/\"},\"sameAs\":[\"https:\\\/\\\/www.facebook.com\\\/MonacoTribune\",\"https:\\\/\\\/x.com\\\/MonacoTribune\",\"https:\\\/\\\/www.instagram.com\\\/monacotribune\\\/\",\"https:\\\/\\\/www.linkedin.com\\\/company\\\/monaco-tribune\",\"https:\\\/\\\/www.youtube.com\\\/channel\\\/UCHle1MnG6hw1y4lWKijVbMA\"]},{\"@type\":\"Person\",\"@id\":\"https:\\\/\\\/www.monaco-tribune.com\\\/it\\\/#\\\/schema\\\/person\\\/8999750e061d77476d5caf542c77c841\",\"name\":\"Simon Zwierniak\",\"image\":{\"@type\":\"ImageObject\",\"inLanguage\":\"it-IT\",\"@id\":\"https:\\\/\\\/secure.gravatar.com\\\/avatar\\\/4996370fc4436ccbc5a09f3a9d6393bb07b46b707a1982d1874380fb0c5458de?s=96&d=mm&r=g\",\"url\":\"https:\\\/\\\/secure.gravatar.com\\\/avatar\\\/4996370fc4436ccbc5a09f3a9d6393bb07b46b707a1982d1874380fb0c5458de?s=96&d=mm&r=g\",\"contentUrl\":\"https:\\\/\\\/secure.gravatar.com\\\/avatar\\\/4996370fc4436ccbc5a09f3a9d6393bb07b46b707a1982d1874380fb0c5458de?s=96&d=mm&r=g\",\"caption\":\"Simon Zwierniak\"},\"url\":\"https:\\\/\\\/www.monaco-tribune.com\\\/it\\\/author\\\/simonzwierniak\\\/\"}]}<\/script>\n<!-- \/ Yoast SEO Premium plugin. -->","yoast_head_json":{"title":"Cambiamenti climatici: come cambier\u00e0 la vita nel Principato?","description":"L'aumento delle temperature potrebbe distruggere il settore turistico.\u00a0 L'ultimo rapporto del Gruppo Intergovernativo sui Cambiamenti Climatici (IPCC)","robots":{"index":"index","follow":"follow","max-snippet":"max-snippet:-1","max-image-preview":"max-image-preview:large","max-video-preview":"max-video-preview:-1"},"canonical":"https:\/\/www.monaco-tribune.com\/it\/2021\/08\/cambiamenti-climatici-come-cambiera-la-vita-nel-principato\/","og_locale":"it_IT","og_type":"article","og_title":"Cambiamenti climatici: come cambier\u00e0 la vita nel Principato? - Monaco Tribune","og_description":"L'aumento delle temperature potrebbe distruggere il settore turistico.\u00a0 L'ultimo rapporto del Gruppo Intergovernativo sui Cambiamenti Climatici (IPCC)","og_url":"https:\/\/www.monaco-tribune.com\/it\/2021\/08\/cambiamenti-climatici-come-cambiera-la-vita-nel-principato\/","og_site_name":"Monaco Tribune","article_publisher":"https:\/\/www.facebook.com\/MonacoTribune","article_published_time":"2021-08-20T12:52:42+00:00","article_modified_time":"2021-08-20T12:57:03+00:00","og_image":[{"width":1200,"height":795,"url":"https:\/\/www.monaco-tribune.com\/wp-content\/uploads\/2020\/11\/mediterranee\u2013rechauffement-climatique-1.jpg","type":"image\/jpeg"}],"author":"Simon Zwierniak","twitter_card":"summary_large_image","twitter_creator":"@MonacoTribune","twitter_site":"@MonacoTribune","schema":{"@context":"https:\/\/schema.org","@graph":[{"@type":"NewsArticle","@id":"https:\/\/www.monaco-tribune.com\/it\/2021\/08\/cambiamenti-climatici-come-cambiera-la-vita-nel-principato\/#article","isPartOf":{"@id":"https:\/\/www.monaco-tribune.com\/it\/2021\/08\/cambiamenti-climatici-come-cambiera-la-vita-nel-principato\/"},"author":{"name":"Simon Zwierniak","@id":"https:\/\/www.monaco-tribune.com\/it\/#\/schema\/person\/8999750e061d77476d5caf542c77c841"},"headline":"Cambiamenti climatici: come cambier\u00e0 la vita nel Principato?","datePublished":"2021-08-20T12:52:42+00:00","dateModified":"2021-08-20T12:57:03+00:00","mainEntityOfPage":{"@id":"https:\/\/www.monaco-tribune.com\/it\/2021\/08\/cambiamenti-climatici-come-cambiera-la-vita-nel-principato\/"},"wordCount":629,"publisher":{"@id":"https:\/\/www.monaco-tribune.com\/it\/#organization"},"image":{"@id":"https:\/\/www.monaco-tribune.com\/it\/2021\/08\/cambiamenti-climatici-come-cambiera-la-vita-nel-principato\/#primaryimage"},"thumbnailUrl":"https:\/\/www.monaco-tribune.com\/wp-content\/uploads\/2020\/11\/mediterranee\u2013rechauffement-climatique-1.jpg","keywords":["Salute"],"articleSection":["La nostra scelta","Notizie","Societ\u00e0"],"inLanguage":"it-IT","copyrightYear":"2021","copyrightHolder":{"@id":"https:\/\/www.monaco-tribune.com\/#organization"}},{"@type":"WebPage","@id":"https:\/\/www.monaco-tribune.com\/it\/2021\/08\/cambiamenti-climatici-come-cambiera-la-vita-nel-principato\/","url":"https:\/\/www.monaco-tribune.com\/it\/2021\/08\/cambiamenti-climatici-come-cambiera-la-vita-nel-principato\/","name":"Cambiamenti climatici: come cambier\u00e0 la vita nel Principato?","isPartOf":{"@id":"https:\/\/www.monaco-tribune.com\/it\/#website"},"primaryImageOfPage":{"@id":"https:\/\/www.monaco-tribune.com\/it\/2021\/08\/cambiamenti-climatici-come-cambiera-la-vita-nel-principato\/#primaryimage"},"image":{"@id":"https:\/\/www.monaco-tribune.com\/it\/2021\/08\/cambiamenti-climatici-come-cambiera-la-vita-nel-principato\/#primaryimage"},"thumbnailUrl":"https:\/\/www.monaco-tribune.com\/wp-content\/uploads\/2020\/11\/mediterranee\u2013rechauffement-climatique-1.jpg","datePublished":"2021-08-20T12:52:42+00:00","dateModified":"2021-08-20T12:57:03+00:00","description":"L'aumento delle temperature potrebbe distruggere il settore turistico.\u00a0 L'ultimo rapporto del Gruppo Intergovernativo sui Cambiamenti Climatici (IPCC)","breadcrumb":{"@id":"https:\/\/www.monaco-tribune.com\/it\/2021\/08\/cambiamenti-climatici-come-cambiera-la-vita-nel-principato\/#breadcrumb"},"inLanguage":"it-IT","potentialAction":[{"@type":"ReadAction","target":["https:\/\/www.monaco-tribune.com\/it\/2021\/08\/cambiamenti-climatici-come-cambiera-la-vita-nel-principato\/"]}]},{"@type":"ImageObject","inLanguage":"it-IT","@id":"https:\/\/www.monaco-tribune.com\/it\/2021\/08\/cambiamenti-climatici-come-cambiera-la-vita-nel-principato\/#primaryimage","url":"https:\/\/www.monaco-tribune.com\/wp-content\/uploads\/2020\/11\/mediterranee\u2013rechauffement-climatique-1.jpg","contentUrl":"https:\/\/www.monaco-tribune.com\/wp-content\/uploads\/2020\/11\/mediterranee\u2013rechauffement-climatique-1.jpg","width":1200,"height":795,"caption":"Kit Suman \/ Unsplash"},{"@type":"BreadcrumbList","@id":"https:\/\/www.monaco-tribune.com\/it\/2021\/08\/cambiamenti-climatici-come-cambiera-la-vita-nel-principato\/#breadcrumb","itemListElement":[{"@type":"ListItem","position":1,"name":"Accueil","item":"https:\/\/www.monaco-tribune.com\/it\/"},{"@type":"ListItem","position":2,"name":"Cambiamenti climatici: come cambier\u00e0 la vita nel Principato?"}]},{"@type":"WebSite","@id":"https:\/\/www.monaco-tribune.com\/it\/#website","url":"https:\/\/www.monaco-tribune.com\/it\/","name":"Monaco Tribune","description":"Monaco : actualit\u00e9s \u00e9conomiques, politiques, culturelles et sportives de Monaco et de la French Riviera.","publisher":{"@id":"https:\/\/www.monaco-tribune.com\/it\/#organization"},"potentialAction":[{"@type":"SearchAction","target":{"@type":"EntryPoint","urlTemplate":"https:\/\/www.monaco-tribune.com\/it\/?s={search_term_string}"},"query-input":{"@type":"PropertyValueSpecification","valueRequired":true,"valueName":"search_term_string"}}],"inLanguage":"it-IT"},{"@type":"Organization","@id":"https:\/\/www.monaco-tribune.com\/it\/#organization","name":"Monaco Tribune","url":"https:\/\/www.monaco-tribune.com\/it\/","logo":{"@type":"ImageObject","inLanguage":"it-IT","@id":"https:\/\/www.monaco-tribune.com\/it\/#\/schema\/logo\/image\/","url":"https:\/\/www.monaco-tribune.com\/wp-content\/uploads\/2022\/11\/logo-monaco-tribune.png","contentUrl":"https:\/\/www.monaco-tribune.com\/wp-content\/uploads\/2022\/11\/logo-monaco-tribune.png","width":1548,"height":600,"caption":"Monaco Tribune"},"image":{"@id":"https:\/\/www.monaco-tribune.com\/it\/#\/schema\/logo\/image\/"},"sameAs":["https:\/\/www.facebook.com\/MonacoTribune","https:\/\/x.com\/MonacoTribune","https:\/\/www.instagram.com\/monacotribune\/","https:\/\/www.linkedin.com\/company\/monaco-tribune","https:\/\/www.youtube.com\/channel\/UCHle1MnG6hw1y4lWKijVbMA"]},{"@type":"Person","@id":"https:\/\/www.monaco-tribune.com\/it\/#\/schema\/person\/8999750e061d77476d5caf542c77c841","name":"Simon Zwierniak","image":{"@type":"ImageObject","inLanguage":"it-IT","@id":"https:\/\/secure.gravatar.com\/avatar\/4996370fc4436ccbc5a09f3a9d6393bb07b46b707a1982d1874380fb0c5458de?s=96&d=mm&r=g","url":"https:\/\/secure.gravatar.com\/avatar\/4996370fc4436ccbc5a09f3a9d6393bb07b46b707a1982d1874380fb0c5458de?s=96&d=mm&r=g","contentUrl":"https:\/\/secure.gravatar.com\/avatar\/4996370fc4436ccbc5a09f3a9d6393bb07b46b707a1982d1874380fb0c5458de?s=96&d=mm&r=g","caption":"Simon Zwierniak"},"url":"https:\/\/www.monaco-tribune.com\/it\/author\/simonzwierniak\/"}]}},"_links":{"self":[{"href":"https:\/\/www.monaco-tribune.com\/it\/wp-json\/wp\/v2\/posts\/90849","targetHints":{"allow":["GET"]}}],"collection":[{"href":"https:\/\/www.monaco-tribune.com\/it\/wp-json\/wp\/v2\/posts"}],"about":[{"href":"https:\/\/www.monaco-tribune.com\/it\/wp-json\/wp\/v2\/types\/post"}],"author":[{"embeddable":true,"href":"https:\/\/www.monaco-tribune.com\/it\/wp-json\/wp\/v2\/users\/54"}],"replies":[{"embeddable":true,"href":"https:\/\/www.monaco-tribune.com\/it\/wp-json\/wp\/v2\/comments?post=90849"}],"version-history":[{"count":0,"href":"https:\/\/www.monaco-tribune.com\/it\/wp-json\/wp\/v2\/posts\/90849\/revisions"}],"wp:featuredmedia":[{"embeddable":true,"href":"https:\/\/www.monaco-tribune.com\/it\/wp-json\/wp\/v2\/media\/46642"}],"wp:attachment":[{"href":"https:\/\/www.monaco-tribune.com\/it\/wp-json\/wp\/v2\/media?parent=90849"}],"wp:term":[{"taxonomy":"category","embeddable":true,"href":"https:\/\/www.monaco-tribune.com\/it\/wp-json\/wp\/v2\/categories?post=90849"},{"taxonomy":"post_tag","embeddable":true,"href":"https:\/\/www.monaco-tribune.com\/it\/wp-json\/wp\/v2\/tags?post=90849"},{"taxonomy":"sectag","embeddable":true,"href":"https:\/\/www.monaco-tribune.com\/it\/wp-json\/wp\/v2\/post_sectags?post=90849"},{"taxonomy":"format","embeddable":true,"href":"https:\/\/www.monaco-tribune.com\/it\/wp-json\/wp\/v2\/post_format?post=90849"}],"curies":[{"name":"wp","href":"https:\/\/api.w.org\/{rel}","templated":true}]}}