{"id":90888,"date":"2021-08-20T18:45:51","date_gmt":"2021-08-20T16:45:51","guid":{"rendered":"https:\/\/www.monaco-tribune.com\/2021\/08\/pass-sanitario-ristoranti-controlli-cosa-cambia-a-partire-da-lunedi\/"},"modified":"2021-08-20T18:46:33","modified_gmt":"2021-08-20T16:46:33","slug":"pass-sanitario-ristoranti-controlli-cosa-cambia-a-partire-da-lunedi","status":"publish","type":"post","link":"https:\/\/www.monaco-tribune.com\/it\/2021\/08\/pass-sanitario-ristoranti-controlli-cosa-cambia-a-partire-da-lunedi\/","title":{"rendered":"Pass sanitario, ristoranti, controlli&#8230; Cosa cambia a partire da luned\u00ec?"},"content":{"rendered":"\n<p><strong>Il pass sanitario sar\u00e0 meno stringente e non sar\u00e0 necessario per consumare nei ristoranti all&#8217;aperto per i monegaschi, i residenti e i lavoratori di Monaco.<\/strong><\/p>\n\n<h2 class=\"wp-block-heading\">Niente pass per i tavoli all&#8217;aperto <\/h2>\n\n<p>Da luned\u00ec 23 agosto, l&#8217;obbligo di presentare un pass sanitario sar\u00e0 esteso anche ai monegaschi, ai residenti e ai lavoratori del Principato di et\u00e0 superiore ai 18 anni. Il pass sanitario sar\u00e0 quindi necessario per accedere a bar e ristoranti, ma non sar\u00e0 invece richiesto per sedersi nelle terrazze e nei tavoli completamente all&#8217;aperto. Infatti, il Consiglio Nazionale ha dichiarato che &#8220;la nostra situazione epidemica ed ospedaliera non richiede per forza di allinearsi alle misure prese dai Paesi vicini&#8221;.<\/p>\n\n<h2 class=\"wp-block-heading\">Proroga per i pi\u00f9 giovani<\/h2>\n\n<p>\u00c8 stato previsto un periodo di tempo supplementare per i monegaschi, i residenti o gli studenti del Principato di 16 e 17 anni: hanno ancora un mese per ottenere il pass, se lo desiderano. Fino al 23 settembre, non ne avranno bisogno per accedere a bar e ristoranti. Al contrario che in Francia, il pass sanitario non sar\u00e0 obbligatorio per i giovani tra i 12 e i 15 anni.<\/p>\n\n<h2 class=\"wp-block-heading\" id=\"h-des-contr-les-renforc-s\">Controlli sempre pi\u00f9 rigorosi<\/h2>\n\n<p>La polizia \u00e8 pi\u00f9 presente che mai in corrispondenza delle tre frontiere di Monaco. Le unit\u00e0 di Sicurezza Pubblica controllano ogni persona per verificarne la provenienza. Salvo per chi arriva dal dipartimento delle Alpi Marittime, del Var, e dal comune di Imperia, \u00e8 necessario presentare un pass sanitario per entrare nel Principato.<\/p>\n\n<p>La polizia interviene anche in prossimit\u00e0 dei ristoranti e delle discoteche del Principato per verificare i pass. Questi controlli saranno intensificati a partire da luned\u00ec 23 agosto. <\/p>\n\n<p><strong>&gt;&gt; LEGGI ANCHE:<\/strong> <a href=\"https:\/\/www.monaco-tribune.com\/it\/2021\/07\/pass-sanitario-controlli-a-tappetto-della-polizia\/\">Pass sanitario: controlli a tappeto della polizia<\/a><\/p>\n\n<h2 class=\"wp-block-heading\" id=\"h-comment-obtenir-son-pass\">Come si ottiene il pass?<\/h2>\n\n<p>Per ottenere <a href=\"https:\/\/covid19.mc\/thematiques\/pass-sanitaire\/#7840\">un pass sanitario valido<\/a>, \u00e8 necessario aver completato la vaccinazione, o essere guarito dal Covid-19 (da minimo 11 giorni e massimo 6 mesi), o essere in possesso di un test PCR o antigenico negativo effettuato nelle precedenti 72 ore.<\/p>\n\n<p>Il Governo ribadisce che la vaccinazione \u00e8 il modo pi\u00f9 efficace di proteggere se stessi e gli altri. Inoltre, si ricorda l&#8217;importanza di rispettare le misure igienico-sanitarie e di indossare la mascherina. <\/p>\n\n<p><strong>&gt;&gt; LEGGI ANCHE: <\/strong><a href=\"https:\/\/www.monaco-tribune.com\/it\/2021\/08\/covid-19-tasso-di-mortalita-dell11-nel-principato\/\">Covid-19: tasso di mortalit\u00e0 dell\u20191,1% nel Principato<\/a><\/p>\n","protected":false},"excerpt":{"rendered":"<p>Il pass sanitario sar\u00e0 meno stringente e non sar\u00e0 necessario per consumare nei ristoranti all&#8217;aperto per i monegaschi, i residenti [&hellip;]<\/p>\n","protected":false},"author":53,"featured_media":88579,"comment_status":"closed","ping_status":"closed","sticky":false,"template":"","format":"standard","meta":{"_acf_changed":false,"footnotes":""},"categories":[1738],"tags":[2886],"post_sectags":[],"post_format":[2477],"class_list":["post-90888","post","type-post","status-publish","format-standard","has-post-thumbnail","hentry","category-notizie","tag-covid-19-it","format-info-pratiche"],"acf":[],"yoast_head":"<!-- This site is optimized with the Yoast SEO Premium plugin v26.8 (Yoast SEO v27.5) - https:\/\/yoast.com\/product\/yoast-seo-premium-wordpress\/ -->\n<title>Pass sanitario, ristoranti, controlli... Cosa cambia a partire da luned\u00ec?<\/title>\n<meta name=\"description\" content=\"Il pass sanitario sar\u00e0 meno stringente e non sar\u00e0 necessario per consumare nei ristoranti all&#039;aperto per i monegaschi, i residenti e i lavoratori di\" \/>\n<meta name=\"robots\" content=\"index, follow, max-snippet:-1, max-image-preview:large, max-video-preview:-1\" \/>\n<link rel=\"canonical\" href=\"https:\/\/www.monaco-tribune.com\/it\/2021\/08\/pass-sanitario-ristoranti-controlli-cosa-cambia-a-partire-da-lunedi\/\" \/>\n<meta property=\"og:locale\" content=\"it_IT\" \/>\n<meta property=\"og:type\" content=\"article\" \/>\n<meta property=\"og:title\" content=\"Pass sanitario, ristoranti, controlli... Cosa cambia a partire da luned\u00ec? - Monaco Tribune\" \/>\n<meta property=\"og:description\" content=\"Il pass sanitario sar\u00e0 meno stringente e non sar\u00e0 necessario per consumare nei ristoranti all&#039;aperto per i monegaschi, i residenti e i lavoratori di\" \/>\n<meta property=\"og:url\" content=\"https:\/\/www.monaco-tribune.com\/it\/2021\/08\/pass-sanitario-ristoranti-controlli-cosa-cambia-a-partire-da-lunedi\/\" \/>\n<meta property=\"og:site_name\" content=\"Monaco Tribune\" \/>\n<meta property=\"article:publisher\" content=\"https:\/\/www.facebook.com\/MonacoTribune\" \/>\n<meta property=\"article:published_time\" content=\"2021-08-20T16:45:51+00:00\" \/>\n<meta property=\"article:modified_time\" content=\"2021-08-20T16:46:33+00:00\" \/>\n<meta property=\"og:image\" content=\"https:\/\/www.monaco-tribune.com\/wp-content\/uploads\/2021\/07\/les-premiers-monaco-safe-pass-delivres-aujourd-hui-c-direction-de-la-communication-michael-alesi-02-07-2021_900x900.jpeg\" \/>\n\t<meta property=\"og:image:width\" content=\"900\" \/>\n\t<meta property=\"og:image:height\" content=\"600\" \/>\n\t<meta property=\"og:image:type\" content=\"image\/jpeg\" \/>\n<meta name=\"author\" content=\"Alexis Gertaldi\" \/>\n<meta name=\"twitter:card\" content=\"summary_large_image\" \/>\n<meta name=\"twitter:creator\" content=\"@MonacoTribune\" \/>\n<meta name=\"twitter:site\" content=\"@MonacoTribune\" \/>\n<script type=\"application\/ld+json\" class=\"yoast-schema-graph\">{\"@context\":\"https:\\\/\\\/schema.org\",\"@graph\":[{\"@type\":\"NewsArticle\",\"@id\":\"https:\\\/\\\/www.monaco-tribune.com\\\/it\\\/2021\\\/08\\\/pass-sanitario-ristoranti-controlli-cosa-cambia-a-partire-da-lunedi\\\/#article\",\"isPartOf\":{\"@id\":\"https:\\\/\\\/www.monaco-tribune.com\\\/it\\\/2021\\\/08\\\/pass-sanitario-ristoranti-controlli-cosa-cambia-a-partire-da-lunedi\\\/\"},\"author\":{\"name\":\"Alexis Gertaldi\",\"@id\":\"https:\\\/\\\/www.monaco-tribune.com\\\/it\\\/#\\\/schema\\\/person\\\/0f67738182cc836268021d893fd4ba73\"},\"headline\":\"Pass sanitario, ristoranti, controlli&#8230; Cosa cambia a partire da luned\u00ec?\",\"datePublished\":\"2021-08-20T16:45:51+00:00\",\"dateModified\":\"2021-08-20T16:46:33+00:00\",\"mainEntityOfPage\":{\"@id\":\"https:\\\/\\\/www.monaco-tribune.com\\\/it\\\/2021\\\/08\\\/pass-sanitario-ristoranti-controlli-cosa-cambia-a-partire-da-lunedi\\\/\"},\"wordCount\":366,\"publisher\":{\"@id\":\"https:\\\/\\\/www.monaco-tribune.com\\\/it\\\/#organization\"},\"image\":{\"@id\":\"https:\\\/\\\/www.monaco-tribune.com\\\/it\\\/2021\\\/08\\\/pass-sanitario-ristoranti-controlli-cosa-cambia-a-partire-da-lunedi\\\/#primaryimage\"},\"thumbnailUrl\":\"https:\\\/\\\/www.monaco-tribune.com\\\/wp-content\\\/uploads\\\/2021\\\/07\\\/les-premiers-monaco-safe-pass-delivres-aujourd-hui-c-direction-de-la-communication-michael-alesi-02-07-2021_900x900.jpeg\",\"keywords\":[\"Covid-19\"],\"articleSection\":[\"Notizie\"],\"inLanguage\":\"it-IT\",\"copyrightYear\":\"2021\",\"copyrightHolder\":{\"@id\":\"https:\\\/\\\/www.monaco-tribune.com\\\/#organization\"}},{\"@type\":\"WebPage\",\"@id\":\"https:\\\/\\\/www.monaco-tribune.com\\\/it\\\/2021\\\/08\\\/pass-sanitario-ristoranti-controlli-cosa-cambia-a-partire-da-lunedi\\\/\",\"url\":\"https:\\\/\\\/www.monaco-tribune.com\\\/it\\\/2021\\\/08\\\/pass-sanitario-ristoranti-controlli-cosa-cambia-a-partire-da-lunedi\\\/\",\"name\":\"Pass sanitario, ristoranti, controlli... Cosa cambia a partire da luned\u00ec?\",\"isPartOf\":{\"@id\":\"https:\\\/\\\/www.monaco-tribune.com\\\/it\\\/#website\"},\"primaryImageOfPage\":{\"@id\":\"https:\\\/\\\/www.monaco-tribune.com\\\/it\\\/2021\\\/08\\\/pass-sanitario-ristoranti-controlli-cosa-cambia-a-partire-da-lunedi\\\/#primaryimage\"},\"image\":{\"@id\":\"https:\\\/\\\/www.monaco-tribune.com\\\/it\\\/2021\\\/08\\\/pass-sanitario-ristoranti-controlli-cosa-cambia-a-partire-da-lunedi\\\/#primaryimage\"},\"thumbnailUrl\":\"https:\\\/\\\/www.monaco-tribune.com\\\/wp-content\\\/uploads\\\/2021\\\/07\\\/les-premiers-monaco-safe-pass-delivres-aujourd-hui-c-direction-de-la-communication-michael-alesi-02-07-2021_900x900.jpeg\",\"datePublished\":\"2021-08-20T16:45:51+00:00\",\"dateModified\":\"2021-08-20T16:46:33+00:00\",\"description\":\"Il pass sanitario sar\u00e0 meno stringente e non sar\u00e0 necessario per consumare nei ristoranti all'aperto per i monegaschi, i residenti e i lavoratori di\",\"breadcrumb\":{\"@id\":\"https:\\\/\\\/www.monaco-tribune.com\\\/it\\\/2021\\\/08\\\/pass-sanitario-ristoranti-controlli-cosa-cambia-a-partire-da-lunedi\\\/#breadcrumb\"},\"inLanguage\":\"it-IT\",\"potentialAction\":[{\"@type\":\"ReadAction\",\"target\":[\"https:\\\/\\\/www.monaco-tribune.com\\\/it\\\/2021\\\/08\\\/pass-sanitario-ristoranti-controlli-cosa-cambia-a-partire-da-lunedi\\\/\"]}]},{\"@type\":\"ImageObject\",\"inLanguage\":\"it-IT\",\"@id\":\"https:\\\/\\\/www.monaco-tribune.com\\\/it\\\/2021\\\/08\\\/pass-sanitario-ristoranti-controlli-cosa-cambia-a-partire-da-lunedi\\\/#primaryimage\",\"url\":\"https:\\\/\\\/www.monaco-tribune.com\\\/wp-content\\\/uploads\\\/2021\\\/07\\\/les-premiers-monaco-safe-pass-delivres-aujourd-hui-c-direction-de-la-communication-michael-alesi-02-07-2021_900x900.jpeg\",\"contentUrl\":\"https:\\\/\\\/www.monaco-tribune.com\\\/wp-content\\\/uploads\\\/2021\\\/07\\\/les-premiers-monaco-safe-pass-delivres-aujourd-hui-c-direction-de-la-communication-michael-alesi-02-07-2021_900x900.jpeg\",\"width\":900,\"height\":600,\"caption\":\"Direzione della Comunicazione \\\/ Michael Alesi\"},{\"@type\":\"BreadcrumbList\",\"@id\":\"https:\\\/\\\/www.monaco-tribune.com\\\/it\\\/2021\\\/08\\\/pass-sanitario-ristoranti-controlli-cosa-cambia-a-partire-da-lunedi\\\/#breadcrumb\",\"itemListElement\":[{\"@type\":\"ListItem\",\"position\":1,\"name\":\"Accueil\",\"item\":\"https:\\\/\\\/www.monaco-tribune.com\\\/it\\\/\"},{\"@type\":\"ListItem\",\"position\":2,\"name\":\"Pass sanitario, ristoranti, controlli&#8230; Cosa cambia a partire da luned\u00ec?\"}]},{\"@type\":\"WebSite\",\"@id\":\"https:\\\/\\\/www.monaco-tribune.com\\\/it\\\/#website\",\"url\":\"https:\\\/\\\/www.monaco-tribune.com\\\/it\\\/\",\"name\":\"Monaco Tribune\",\"description\":\"Monaco : actualit\u00e9s \u00e9conomiques, politiques, culturelles et sportives de Monaco et de la French Riviera.\",\"publisher\":{\"@id\":\"https:\\\/\\\/www.monaco-tribune.com\\\/it\\\/#organization\"},\"potentialAction\":[{\"@type\":\"SearchAction\",\"target\":{\"@type\":\"EntryPoint\",\"urlTemplate\":\"https:\\\/\\\/www.monaco-tribune.com\\\/it\\\/?s={search_term_string}\"},\"query-input\":{\"@type\":\"PropertyValueSpecification\",\"valueRequired\":true,\"valueName\":\"search_term_string\"}}],\"inLanguage\":\"it-IT\"},{\"@type\":\"Organization\",\"@id\":\"https:\\\/\\\/www.monaco-tribune.com\\\/it\\\/#organization\",\"name\":\"Monaco Tribune\",\"url\":\"https:\\\/\\\/www.monaco-tribune.com\\\/it\\\/\",\"logo\":{\"@type\":\"ImageObject\",\"inLanguage\":\"it-IT\",\"@id\":\"https:\\\/\\\/www.monaco-tribune.com\\\/it\\\/#\\\/schema\\\/logo\\\/image\\\/\",\"url\":\"https:\\\/\\\/www.monaco-tribune.com\\\/wp-content\\\/uploads\\\/2022\\\/11\\\/logo-monaco-tribune.png\",\"contentUrl\":\"https:\\\/\\\/www.monaco-tribune.com\\\/wp-content\\\/uploads\\\/2022\\\/11\\\/logo-monaco-tribune.png\",\"width\":1548,\"height\":600,\"caption\":\"Monaco Tribune\"},\"image\":{\"@id\":\"https:\\\/\\\/www.monaco-tribune.com\\\/it\\\/#\\\/schema\\\/logo\\\/image\\\/\"},\"sameAs\":[\"https:\\\/\\\/www.facebook.com\\\/MonacoTribune\",\"https:\\\/\\\/x.com\\\/MonacoTribune\",\"https:\\\/\\\/www.instagram.com\\\/monacotribune\\\/\",\"https:\\\/\\\/www.linkedin.com\\\/company\\\/monaco-tribune\",\"https:\\\/\\\/www.youtube.com\\\/channel\\\/UCHle1MnG6hw1y4lWKijVbMA\"]},{\"@type\":\"Person\",\"@id\":\"https:\\\/\\\/www.monaco-tribune.com\\\/it\\\/#\\\/schema\\\/person\\\/0f67738182cc836268021d893fd4ba73\",\"name\":\"Alexis Gertaldi\",\"image\":{\"@type\":\"ImageObject\",\"inLanguage\":\"it-IT\",\"@id\":\"https:\\\/\\\/secure.gravatar.com\\\/avatar\\\/21b6ee3415f5367a62f27983f05e4438c99d07dde81a8f97705ac6877cfc19da?s=96&d=mm&r=g\",\"url\":\"https:\\\/\\\/secure.gravatar.com\\\/avatar\\\/21b6ee3415f5367a62f27983f05e4438c99d07dde81a8f97705ac6877cfc19da?s=96&d=mm&r=g\",\"contentUrl\":\"https:\\\/\\\/secure.gravatar.com\\\/avatar\\\/21b6ee3415f5367a62f27983f05e4438c99d07dde81a8f97705ac6877cfc19da?s=96&d=mm&r=g\",\"caption\":\"Alexis Gertaldi\"},\"url\":\"https:\\\/\\\/www.monaco-tribune.com\\\/it\\\/author\\\/alexisgertaldi\\\/\"}]}<\/script>\n<!-- \/ Yoast SEO Premium plugin. -->","yoast_head_json":{"title":"Pass sanitario, ristoranti, controlli... Cosa cambia a partire da luned\u00ec?","description":"Il pass sanitario sar\u00e0 meno stringente e non sar\u00e0 necessario per consumare nei ristoranti all'aperto per i monegaschi, i residenti e i lavoratori di","robots":{"index":"index","follow":"follow","max-snippet":"max-snippet:-1","max-image-preview":"max-image-preview:large","max-video-preview":"max-video-preview:-1"},"canonical":"https:\/\/www.monaco-tribune.com\/it\/2021\/08\/pass-sanitario-ristoranti-controlli-cosa-cambia-a-partire-da-lunedi\/","og_locale":"it_IT","og_type":"article","og_title":"Pass sanitario, ristoranti, controlli... Cosa cambia a partire da luned\u00ec? - Monaco Tribune","og_description":"Il pass sanitario sar\u00e0 meno stringente e non sar\u00e0 necessario per consumare nei ristoranti all'aperto per i monegaschi, i residenti e i lavoratori di","og_url":"https:\/\/www.monaco-tribune.com\/it\/2021\/08\/pass-sanitario-ristoranti-controlli-cosa-cambia-a-partire-da-lunedi\/","og_site_name":"Monaco Tribune","article_publisher":"https:\/\/www.facebook.com\/MonacoTribune","article_published_time":"2021-08-20T16:45:51+00:00","article_modified_time":"2021-08-20T16:46:33+00:00","og_image":[{"width":900,"height":600,"url":"https:\/\/www.monaco-tribune.com\/wp-content\/uploads\/2021\/07\/les-premiers-monaco-safe-pass-delivres-aujourd-hui-c-direction-de-la-communication-michael-alesi-02-07-2021_900x900.jpeg","type":"image\/jpeg"}],"author":"Alexis Gertaldi","twitter_card":"summary_large_image","twitter_creator":"@MonacoTribune","twitter_site":"@MonacoTribune","schema":{"@context":"https:\/\/schema.org","@graph":[{"@type":"NewsArticle","@id":"https:\/\/www.monaco-tribune.com\/it\/2021\/08\/pass-sanitario-ristoranti-controlli-cosa-cambia-a-partire-da-lunedi\/#article","isPartOf":{"@id":"https:\/\/www.monaco-tribune.com\/it\/2021\/08\/pass-sanitario-ristoranti-controlli-cosa-cambia-a-partire-da-lunedi\/"},"author":{"name":"Alexis Gertaldi","@id":"https:\/\/www.monaco-tribune.com\/it\/#\/schema\/person\/0f67738182cc836268021d893fd4ba73"},"headline":"Pass sanitario, ristoranti, controlli&#8230; Cosa cambia a partire da luned\u00ec?","datePublished":"2021-08-20T16:45:51+00:00","dateModified":"2021-08-20T16:46:33+00:00","mainEntityOfPage":{"@id":"https:\/\/www.monaco-tribune.com\/it\/2021\/08\/pass-sanitario-ristoranti-controlli-cosa-cambia-a-partire-da-lunedi\/"},"wordCount":366,"publisher":{"@id":"https:\/\/www.monaco-tribune.com\/it\/#organization"},"image":{"@id":"https:\/\/www.monaco-tribune.com\/it\/2021\/08\/pass-sanitario-ristoranti-controlli-cosa-cambia-a-partire-da-lunedi\/#primaryimage"},"thumbnailUrl":"https:\/\/www.monaco-tribune.com\/wp-content\/uploads\/2021\/07\/les-premiers-monaco-safe-pass-delivres-aujourd-hui-c-direction-de-la-communication-michael-alesi-02-07-2021_900x900.jpeg","keywords":["Covid-19"],"articleSection":["Notizie"],"inLanguage":"it-IT","copyrightYear":"2021","copyrightHolder":{"@id":"https:\/\/www.monaco-tribune.com\/#organization"}},{"@type":"WebPage","@id":"https:\/\/www.monaco-tribune.com\/it\/2021\/08\/pass-sanitario-ristoranti-controlli-cosa-cambia-a-partire-da-lunedi\/","url":"https:\/\/www.monaco-tribune.com\/it\/2021\/08\/pass-sanitario-ristoranti-controlli-cosa-cambia-a-partire-da-lunedi\/","name":"Pass sanitario, ristoranti, controlli... Cosa cambia a partire da luned\u00ec?","isPartOf":{"@id":"https:\/\/www.monaco-tribune.com\/it\/#website"},"primaryImageOfPage":{"@id":"https:\/\/www.monaco-tribune.com\/it\/2021\/08\/pass-sanitario-ristoranti-controlli-cosa-cambia-a-partire-da-lunedi\/#primaryimage"},"image":{"@id":"https:\/\/www.monaco-tribune.com\/it\/2021\/08\/pass-sanitario-ristoranti-controlli-cosa-cambia-a-partire-da-lunedi\/#primaryimage"},"thumbnailUrl":"https:\/\/www.monaco-tribune.com\/wp-content\/uploads\/2021\/07\/les-premiers-monaco-safe-pass-delivres-aujourd-hui-c-direction-de-la-communication-michael-alesi-02-07-2021_900x900.jpeg","datePublished":"2021-08-20T16:45:51+00:00","dateModified":"2021-08-20T16:46:33+00:00","description":"Il pass sanitario sar\u00e0 meno stringente e non sar\u00e0 necessario per consumare nei ristoranti all'aperto per i monegaschi, i residenti e i lavoratori di","breadcrumb":{"@id":"https:\/\/www.monaco-tribune.com\/it\/2021\/08\/pass-sanitario-ristoranti-controlli-cosa-cambia-a-partire-da-lunedi\/#breadcrumb"},"inLanguage":"it-IT","potentialAction":[{"@type":"ReadAction","target":["https:\/\/www.monaco-tribune.com\/it\/2021\/08\/pass-sanitario-ristoranti-controlli-cosa-cambia-a-partire-da-lunedi\/"]}]},{"@type":"ImageObject","inLanguage":"it-IT","@id":"https:\/\/www.monaco-tribune.com\/it\/2021\/08\/pass-sanitario-ristoranti-controlli-cosa-cambia-a-partire-da-lunedi\/#primaryimage","url":"https:\/\/www.monaco-tribune.com\/wp-content\/uploads\/2021\/07\/les-premiers-monaco-safe-pass-delivres-aujourd-hui-c-direction-de-la-communication-michael-alesi-02-07-2021_900x900.jpeg","contentUrl":"https:\/\/www.monaco-tribune.com\/wp-content\/uploads\/2021\/07\/les-premiers-monaco-safe-pass-delivres-aujourd-hui-c-direction-de-la-communication-michael-alesi-02-07-2021_900x900.jpeg","width":900,"height":600,"caption":"Direzione della Comunicazione \/ Michael Alesi"},{"@type":"BreadcrumbList","@id":"https:\/\/www.monaco-tribune.com\/it\/2021\/08\/pass-sanitario-ristoranti-controlli-cosa-cambia-a-partire-da-lunedi\/#breadcrumb","itemListElement":[{"@type":"ListItem","position":1,"name":"Accueil","item":"https:\/\/www.monaco-tribune.com\/it\/"},{"@type":"ListItem","position":2,"name":"Pass sanitario, ristoranti, controlli&#8230; Cosa cambia a partire da luned\u00ec?"}]},{"@type":"WebSite","@id":"https:\/\/www.monaco-tribune.com\/it\/#website","url":"https:\/\/www.monaco-tribune.com\/it\/","name":"Monaco Tribune","description":"Monaco : actualit\u00e9s \u00e9conomiques, politiques, culturelles et sportives de Monaco et de la French Riviera.","publisher":{"@id":"https:\/\/www.monaco-tribune.com\/it\/#organization"},"potentialAction":[{"@type":"SearchAction","target":{"@type":"EntryPoint","urlTemplate":"https:\/\/www.monaco-tribune.com\/it\/?s={search_term_string}"},"query-input":{"@type":"PropertyValueSpecification","valueRequired":true,"valueName":"search_term_string"}}],"inLanguage":"it-IT"},{"@type":"Organization","@id":"https:\/\/www.monaco-tribune.com\/it\/#organization","name":"Monaco Tribune","url":"https:\/\/www.monaco-tribune.com\/it\/","logo":{"@type":"ImageObject","inLanguage":"it-IT","@id":"https:\/\/www.monaco-tribune.com\/it\/#\/schema\/logo\/image\/","url":"https:\/\/www.monaco-tribune.com\/wp-content\/uploads\/2022\/11\/logo-monaco-tribune.png","contentUrl":"https:\/\/www.monaco-tribune.com\/wp-content\/uploads\/2022\/11\/logo-monaco-tribune.png","width":1548,"height":600,"caption":"Monaco Tribune"},"image":{"@id":"https:\/\/www.monaco-tribune.com\/it\/#\/schema\/logo\/image\/"},"sameAs":["https:\/\/www.facebook.com\/MonacoTribune","https:\/\/x.com\/MonacoTribune","https:\/\/www.instagram.com\/monacotribune\/","https:\/\/www.linkedin.com\/company\/monaco-tribune","https:\/\/www.youtube.com\/channel\/UCHle1MnG6hw1y4lWKijVbMA"]},{"@type":"Person","@id":"https:\/\/www.monaco-tribune.com\/it\/#\/schema\/person\/0f67738182cc836268021d893fd4ba73","name":"Alexis Gertaldi","image":{"@type":"ImageObject","inLanguage":"it-IT","@id":"https:\/\/secure.gravatar.com\/avatar\/21b6ee3415f5367a62f27983f05e4438c99d07dde81a8f97705ac6877cfc19da?s=96&d=mm&r=g","url":"https:\/\/secure.gravatar.com\/avatar\/21b6ee3415f5367a62f27983f05e4438c99d07dde81a8f97705ac6877cfc19da?s=96&d=mm&r=g","contentUrl":"https:\/\/secure.gravatar.com\/avatar\/21b6ee3415f5367a62f27983f05e4438c99d07dde81a8f97705ac6877cfc19da?s=96&d=mm&r=g","caption":"Alexis Gertaldi"},"url":"https:\/\/www.monaco-tribune.com\/it\/author\/alexisgertaldi\/"}]}},"_links":{"self":[{"href":"https:\/\/www.monaco-tribune.com\/it\/wp-json\/wp\/v2\/posts\/90888","targetHints":{"allow":["GET"]}}],"collection":[{"href":"https:\/\/www.monaco-tribune.com\/it\/wp-json\/wp\/v2\/posts"}],"about":[{"href":"https:\/\/www.monaco-tribune.com\/it\/wp-json\/wp\/v2\/types\/post"}],"author":[{"embeddable":true,"href":"https:\/\/www.monaco-tribune.com\/it\/wp-json\/wp\/v2\/users\/53"}],"replies":[{"embeddable":true,"href":"https:\/\/www.monaco-tribune.com\/it\/wp-json\/wp\/v2\/comments?post=90888"}],"version-history":[{"count":0,"href":"https:\/\/www.monaco-tribune.com\/it\/wp-json\/wp\/v2\/posts\/90888\/revisions"}],"wp:featuredmedia":[{"embeddable":true,"href":"https:\/\/www.monaco-tribune.com\/it\/wp-json\/wp\/v2\/media\/88579"}],"wp:attachment":[{"href":"https:\/\/www.monaco-tribune.com\/it\/wp-json\/wp\/v2\/media?parent=90888"}],"wp:term":[{"taxonomy":"category","embeddable":true,"href":"https:\/\/www.monaco-tribune.com\/it\/wp-json\/wp\/v2\/categories?post=90888"},{"taxonomy":"post_tag","embeddable":true,"href":"https:\/\/www.monaco-tribune.com\/it\/wp-json\/wp\/v2\/tags?post=90888"},{"taxonomy":"sectag","embeddable":true,"href":"https:\/\/www.monaco-tribune.com\/it\/wp-json\/wp\/v2\/post_sectags?post=90888"},{"taxonomy":"format","embeddable":true,"href":"https:\/\/www.monaco-tribune.com\/it\/wp-json\/wp\/v2\/post_format?post=90888"}],"curies":[{"name":"wp","href":"https:\/\/api.w.org\/{rel}","templated":true}]}}