{"id":91515,"date":"2021-08-27T11:59:01","date_gmt":"2021-08-27T09:59:01","guid":{"rendered":"https:\/\/www.monaco-tribune.com\/2021\/08\/le-vostre-opinioni-sul-the-maybourne-riviera-il-nuovo-hotel-di-lusso-sul-promontorio-di-monaco\/"},"modified":"2021-08-27T12:00:38","modified_gmt":"2021-08-27T10:00:38","slug":"le-vostre-opinioni-sul-the-maybourne-riviera-il-nuovo-hotel-di-lusso-sul-promontorio-di-monaco","status":"publish","type":"post","link":"https:\/\/www.monaco-tribune.com\/it\/2021\/08\/le-vostre-opinioni-sul-the-maybourne-riviera-il-nuovo-hotel-di-lusso-sul-promontorio-di-monaco\/","title":{"rendered":"Le vostre opinioni sul The Maybourne Riviera, il nuovo hotel di lusso sul promontorio di Monaco"},"content":{"rendered":"\n<p><strong>L&#8217;impresa titanica ha infastidito non poco i residenti, soprattutto per il traffico che ha creato.<\/strong><\/p>\n\n<p>L&#8217;hotel 5 stelle \u00e8 stato oggetto di dibattito fin dall&#8217;apertura del cantiere nel 2006, soprattutto per le problematiche giudiziarie. Dopo <a href=\"https:\/\/www.monaco-tribune.com\/it\/2021\/08\/the-maybourn-riviera-finalmente-portato-a-termine-il-cantiere-da-100-milioni-di-euro\/\">il nostro articolo sulla sua apertura<\/a>, abbiamo raccolto alcuni vostri commenti.<\/p>\n\n<blockquote class=\"wp-block-quote is-layout-flow wp-block-quote-is-layout-flow\"><p>Un leggero terremoto e non rester\u00e0 un bel niente di tutto questo fumo negli occhi<\/p><\/blockquote>\n\n<h2 class=\"wp-block-heading\" id=\"h-disparition-d-une-l-gende\">Il tramonto di una leggenda<\/h2>\n\n<p>&#8220;Dovevano lasciare il nome VISTAERO, era un&#8217;istituzione e il nome era perfetto&#8221;, scrive <a href=\"https:\/\/www.facebook.com\/MonacoTribune\/posts\/1261494060968688?comment_id=1262404940877600\">Fr\u00e9d\u00e9rique<\/a>.<\/p>\n\n<p>Il Vista Palace, infatti, \u00e8 stato riacquistato dal gruppo alberghiero Irlando-Qatari Maybourne Hotel Group, che ha ribattezzato l&#8217;hotel The Maybourne Riviera. Un cambiamento che non ha lasciato tutti soddisfatti.<\/p>\n\n<p>&#8220;Troppo sfarzoso e troppo grande, dovevano lasciare la V e il nome Vistaero era una leggenda&#8221;, afferma <a href=\"https:\/\/www.facebook.com\/MonacoTribune\/posts\/1261494060968688?comment_id=1262241357560625\">Thierry<\/a>. La V, parte della vecchia struttura dell&#8217;edificio, \u00e8 stata anch&#8217;essa abbandonata.<\/p>\n\n<div class=\"wp-block-image\"><figure class=\"aligncenter size-large\"><img loading=\"lazy\" decoding=\"async\" width=\"1024\" height=\"576\" src=\"https:\/\/www.monaco-tribune.com\/wp-content\/uploads\/2021\/08\/vistaero-hotel-vista-palace-1024x576.jpg\" alt=\"\" class=\"wp-image-91139\" srcset=\"https:\/\/www.monaco-tribune.com\/wp-content\/uploads\/2021\/08\/vistaero-hotel-vista-palace-1024x576.jpg 1024w, https:\/\/www.monaco-tribune.com\/wp-content\/uploads\/2021\/08\/vistaero-hotel-vista-palace-533x300.jpg 533w, https:\/\/www.monaco-tribune.com\/wp-content\/uploads\/2021\/08\/vistaero-hotel-vista-palace-267x150.jpg 267w, https:\/\/www.monaco-tribune.com\/wp-content\/uploads\/2021\/08\/vistaero-hotel-vista-palace-768x432.jpg 768w, https:\/\/www.monaco-tribune.com\/wp-content\/uploads\/2021\/08\/vistaero-hotel-vista-palace-175x98.jpg 175w, https:\/\/www.monaco-tribune.com\/wp-content\/uploads\/2021\/08\/vistaero-hotel-vista-palace.jpg 1280w\" sizes=\"auto, (max-width: 1024px) 100vw, 1024px\" \/><figcaption>All&#8217;epoca, il Vista\u00e9ro era una sala da t\u00e8. \u00a9 DR<\/figcaption><\/figure><\/div>\n\n<div class=\"wp-block-image\"><figure class=\"aligncenter size-full\"><img loading=\"lazy\" decoding=\"async\" width=\"1024\" height=\"768\" src=\"https:\/\/www.monaco-tribune.com\/wp-content\/uploads\/2021\/08\/vista-palace-roquebrune.webp\" alt=\"\" class=\"wp-image-91241\" srcset=\"https:\/\/www.monaco-tribune.com\/wp-content\/uploads\/2021\/08\/vista-palace-roquebrune.webp 1024w, https:\/\/www.monaco-tribune.com\/wp-content\/uploads\/2021\/08\/vista-palace-roquebrune-400x300.webp 400w, https:\/\/www.monaco-tribune.com\/wp-content\/uploads\/2021\/08\/vista-palace-roquebrune-200x150.webp 200w, https:\/\/www.monaco-tribune.com\/wp-content\/uploads\/2021\/08\/vista-palace-roquebrune-768x576.webp 768w, https:\/\/www.monaco-tribune.com\/wp-content\/uploads\/2021\/08\/vista-palace-roquebrune-175x131.webp 175w\" sizes=\"auto, (max-width: 1024px) 100vw, 1024px\" \/><figcaption>L&#8217;Hotel Vista Palace prima della ristrutturazione \u00a9 Mossot \/ Wikipedia Commons<\/figcaption><\/figure><\/div>\n\n<h2 class=\"wp-block-heading\">Un altro &#8220;pugno in un occhio&#8221; o una &#8220;splendida costruzione di gran lusso&#8221;?<\/h2>\n\n<p>&#8220;Un altro pugno in un occhio!&#8221;, scrive brutalmente <a href=\"https:\/\/www.facebook.com\/MonacoTribune\/posts\/1261494060968688?comment_id=1262193827565378\">Maud<\/a>, dando voce a un pensiero comune. &#8220;L&#8217;hotel \u00e8 veramente brutto all&#8217;esterno&#8230; Sembrano uffici della D\u00e9fense&#8221;, rilancia <a href=\"https:\/\/www.facebook.com\/MonacoTribune\/posts\/1261494060968688?comment_id=1262301890887905\">Serge<\/a>, con un commento personale sullo stile architettonico. Ma il mondo \u00e8 bello perch\u00e9 \u00e8 vario, e <a href=\"https:\/\/www.facebook.com\/MonacoTribune\/posts\/1261494060968688?comment_id=1262201504231277&amp;reply_comment_id=1262405724210855\">Flo<\/a> pensa che l&#8217;edificio sia &#8220;magnifico&#8221; e che &#8220;si integri alla perfezione con il paesaggio&#8221;.<\/p>\n\n<p>In risposta a una critica su questo &#8220;nido per miliardari&#8221;, <a href=\"https:\/\/www.facebook.com\/MonacoTribune\/posts\/1261494060968688?comment_id=1262158757568885&amp;reply_comment_id=1262496010868493\">Etienne<\/a> condivide un&#8217;altra visione delle cose: &#8220;Sono della zona ed \u00e8 magnifico che quest&#8217;opera rimpiazzi il vecchio Vistaero! Ho visto la ricostruzione e trovo il risultato splendido! I brontoloni che non sono mai contenti non li sopporto! Il mondo si evolve e si ricostruisce, e questo ne \u00e8 un simbolo! Complimenti agli operai, agli ingegneri e agli architetti!&#8221;<\/p>\n\n<p>Un&#8217;opinione condivisa da <a href=\"https:\/\/www.facebook.com\/MonacoTribune\/posts\/1261494060968688?comment_id=1262231134228314\">Justine<\/a>, che ha visto l&#8217;edificio di recente. &#8220;Ci sono passata ieri sera, \u00e8 magnifico&#8221;. Anche l&#8217;Agence Rivoli <a href=\"https:\/\/www.facebook.com\/MonacoTribune\/posts\/1261494060968688?comment_id=1262459434205484\">sembra apprezzare<\/a> questa &#8220;splendida costruzione di gran lusso&#8221;. Denis <a href=\"https:\/\/www.facebook.com\/MonacoTribune\/posts\/1261494060968688?comment_id=1262305054220922\">sottolinea<\/a> che &#8220;la Torre Eiffel, la piramide del Louvre e altre costruzioni sono state denigrate per poi imporsi come punti di riferimento&#8221;.<\/p>\n\n<p>A strapiombo su Monte-Carlo, l&#8217;edificio mastodontico a sbalzo preoccupa gli abitanti. &#8220;Un leggero terremoto e non rester\u00e0 un bel niente di tutto questo fumo negli occhi&#8221;, scrive <a href=\"https:\/\/www.facebook.com\/MonacoTribune\/posts\/1261494060968688?comment_id=1262332237551537\">Figob\u00e9<\/a>.<\/p>\n\n<div class=\"wp-block-image\"><figure class=\"aligncenter size-full\"><img loading=\"lazy\" decoding=\"async\" width=\"930\" height=\"620\" src=\"https:\/\/www.monaco-tribune.com\/wp-content\/uploads\/2021\/08\/la-vista-palace-hotel-roquebrune-cap-martin.webp\" alt=\"la-vista-palace-hotel-roquebrune-cap-martin\" class=\"wp-image-90504\" srcset=\"https:\/\/www.monaco-tribune.com\/wp-content\/uploads\/2021\/08\/la-vista-palace-hotel-roquebrune-cap-martin.webp 930w, https:\/\/www.monaco-tribune.com\/wp-content\/uploads\/2021\/08\/la-vista-palace-hotel-roquebrune-cap-martin-450x300.webp 450w, https:\/\/www.monaco-tribune.com\/wp-content\/uploads\/2021\/08\/la-vista-palace-hotel-roquebrune-cap-martin-225x150.webp 225w, https:\/\/www.monaco-tribune.com\/wp-content\/uploads\/2021\/08\/la-vista-palace-hotel-roquebrune-cap-martin-768x512.webp 768w, https:\/\/www.monaco-tribune.com\/wp-content\/uploads\/2021\/08\/la-vista-palace-hotel-roquebrune-cap-martin-175x117.webp 175w\" sizes=\"auto, (max-width: 930px) 100vw, 930px\" \/><figcaption>L&#8217;ex Vista Palace con l&#8217;emblematica V \u00a9Wikipedia Commons<\/figcaption><\/figure><\/div>\n\n<h2 class=\"wp-block-heading\">\u00c8 la fine dell&#8217;inferno per gli automobilisti?<\/h2>\n\n<p>Il problema maggiore era quello degli imbottigliamenti creati dai lavori, come si evince dal commento pungente di  <a href=\"https:\/\/www.facebook.com\/MonacoTribune\/posts\/1261494060968688?comment_id=1262493687535392\">Michael<\/a>: &#8220;Siamo stati bravi&#8230; Con questo cantiere&#8230; con ingorghi e deviazioni tutte le mattine&#8230; Ci meritiamo almeno una notte gratis per vedere cosa ne pensiamo&#8230;&#8221;.<\/p>\n\n<p>&#8220;Una catastrofe ecologica!!!! Per non parlare dei favoritismi e dei veicoli dei dipendenti posteggiati in modo pericoloso su tutta la Grand Corniche senza che nessuno facesse niente!!!&#8221;, <a href=\"https:\/\/www.facebook.com\/MonacoTribune\/posts\/1261494060968688?comment_id=1262328680885226\">Laurent<\/a> sottolinea l&#8217;indecenza dei lavori e dei camion posteggiati nonostante le zone d&#8217;ombra in un sito classificato come Natura 2000.<\/p>\n\n<h2 class=\"wp-block-heading\">Una spinta per l&#8217;economia locale<\/h2>\n\n<p>&#8220;Questo \u00e8 un ottimo risultato, che permette ai comuni vicini a Monaco di beneficiare anche della sua clientela&#8221;, sottolinea <a href=\"https:\/\/www.facebook.com\/MonacoTribune\/posts\/1261494060968688?comment_id=1262588037525957\">Fabien<\/a>. Emerge dunque anche un fattore positivo, come scrive il nostro lettore Sergio in un&#8217;e-mail: &#8220;Gli edifici di un certo livello diventano spesso motori di impresa: i dipendenti beneficiano dell&#8217;esperienza culinaria e di un servizio di grande qualit\u00e0&#8221;. The Maybourne Riviera creer\u00e0 circa 120 posti di lavoro all&#8217;anno.<\/p>\n","protected":false},"excerpt":{"rendered":"<p>L&#8217;impresa titanica ha infastidito non poco i residenti, soprattutto per il traffico che ha creato. L&#8217;hotel 5 stelle \u00e8 stato [&hellip;]<\/p>\n","protected":false},"author":54,"featured_media":90499,"comment_status":"closed","ping_status":"closed","sticky":false,"template":"","format":"standard","meta":{"_acf_changed":false,"footnotes":""},"categories":[1739,1826],"tags":[2954],"post_sectags":[],"post_format":[2482],"class_list":["post-91515","post","type-post","status-publish","format-standard","has-post-thumbnail","hentry","category-business-it","category-la-nostra-scelta","tag-turismo","format-sondaggio"],"acf":[],"yoast_head":"<!-- This site is optimized with the Yoast SEO Premium plugin v26.8 (Yoast SEO v27.4) - https:\/\/yoast.com\/product\/yoast-seo-premium-wordpress\/ -->\n<title>Le vostre opinioni sul The Maybourne Riviera, il nuovo hotel di lusso sul promontorio di Monaco<\/title>\n<meta name=\"description\" content=\"L&#039;impresa titanica ha infastidito non poco i residenti, soprattutto per il traffico che ha creato. L&#039;hotel 5 stelle \u00e8 stato oggetto di dibattito fin\" \/>\n<meta name=\"robots\" content=\"index, follow, max-snippet:-1, max-image-preview:large, max-video-preview:-1\" \/>\n<link rel=\"canonical\" href=\"https:\/\/www.monaco-tribune.com\/it\/2021\/08\/le-vostre-opinioni-sul-the-maybourne-riviera-il-nuovo-hotel-di-lusso-sul-promontorio-di-monaco\/\" \/>\n<meta property=\"og:locale\" content=\"it_IT\" \/>\n<meta property=\"og:type\" content=\"article\" \/>\n<meta property=\"og:title\" content=\"Le vostre opinioni sul The Maybourne Riviera, il nuovo hotel di lusso sul promontorio di Monaco - Monaco Tribune\" \/>\n<meta property=\"og:description\" content=\"L&#039;impresa titanica ha infastidito non poco i residenti, soprattutto per il traffico che ha creato. L&#039;hotel 5 stelle \u00e8 stato oggetto di dibattito fin\" \/>\n<meta property=\"og:url\" content=\"https:\/\/www.monaco-tribune.com\/it\/2021\/08\/le-vostre-opinioni-sul-the-maybourne-riviera-il-nuovo-hotel-di-lusso-sul-promontorio-di-monaco\/\" \/>\n<meta property=\"og:site_name\" content=\"Monaco Tribune\" \/>\n<meta property=\"article:publisher\" content=\"https:\/\/www.facebook.com\/MonacoTribune\" \/>\n<meta property=\"article:published_time\" content=\"2021-08-27T09:59:01+00:00\" \/>\n<meta property=\"article:modified_time\" content=\"2021-08-27T10:00:38+00:00\" \/>\n<meta property=\"og:image\" content=\"https:\/\/www.monaco-tribune.com\/wp-content\/uploads\/2021\/08\/the-maybourne-riviera-roquebrune-cap-martin.jpeg\" \/>\n\t<meta property=\"og:image:width\" content=\"1256\" \/>\n\t<meta property=\"og:image:height\" content=\"840\" \/>\n\t<meta property=\"og:image:type\" content=\"image\/jpeg\" \/>\n<meta name=\"author\" content=\"Simon Zwierniak\" \/>\n<meta name=\"twitter:card\" content=\"summary_large_image\" \/>\n<meta name=\"twitter:creator\" content=\"@MonacoTribune\" \/>\n<meta name=\"twitter:site\" content=\"@MonacoTribune\" \/>\n<script type=\"application\/ld+json\" class=\"yoast-schema-graph\">{\"@context\":\"https:\\\/\\\/schema.org\",\"@graph\":[{\"@type\":\"NewsArticle\",\"@id\":\"https:\\\/\\\/www.monaco-tribune.com\\\/it\\\/2021\\\/08\\\/le-vostre-opinioni-sul-the-maybourne-riviera-il-nuovo-hotel-di-lusso-sul-promontorio-di-monaco\\\/#article\",\"isPartOf\":{\"@id\":\"https:\\\/\\\/www.monaco-tribune.com\\\/it\\\/2021\\\/08\\\/le-vostre-opinioni-sul-the-maybourne-riviera-il-nuovo-hotel-di-lusso-sul-promontorio-di-monaco\\\/\"},\"author\":{\"name\":\"Simon Zwierniak\",\"@id\":\"https:\\\/\\\/www.monaco-tribune.com\\\/it\\\/#\\\/schema\\\/person\\\/8999750e061d77476d5caf542c77c841\"},\"headline\":\"Le vostre opinioni sul The Maybourne Riviera, il nuovo hotel di lusso sul promontorio di Monaco\",\"datePublished\":\"2021-08-27T09:59:01+00:00\",\"dateModified\":\"2021-08-27T10:00:38+00:00\",\"mainEntityOfPage\":{\"@id\":\"https:\\\/\\\/www.monaco-tribune.com\\\/it\\\/2021\\\/08\\\/le-vostre-opinioni-sul-the-maybourne-riviera-il-nuovo-hotel-di-lusso-sul-promontorio-di-monaco\\\/\"},\"wordCount\":581,\"publisher\":{\"@id\":\"https:\\\/\\\/www.monaco-tribune.com\\\/it\\\/#organization\"},\"image\":{\"@id\":\"https:\\\/\\\/www.monaco-tribune.com\\\/it\\\/2021\\\/08\\\/le-vostre-opinioni-sul-the-maybourne-riviera-il-nuovo-hotel-di-lusso-sul-promontorio-di-monaco\\\/#primaryimage\"},\"thumbnailUrl\":\"https:\\\/\\\/www.monaco-tribune.com\\\/wp-content\\\/uploads\\\/2021\\\/08\\\/the-maybourne-riviera-roquebrune-cap-martin.jpeg\",\"keywords\":[\"Turismo\"],\"articleSection\":[\"Business\",\"La nostra scelta\"],\"inLanguage\":\"it-IT\",\"copyrightYear\":\"2021\",\"copyrightHolder\":{\"@id\":\"https:\\\/\\\/www.monaco-tribune.com\\\/#organization\"}},{\"@type\":\"WebPage\",\"@id\":\"https:\\\/\\\/www.monaco-tribune.com\\\/it\\\/2021\\\/08\\\/le-vostre-opinioni-sul-the-maybourne-riviera-il-nuovo-hotel-di-lusso-sul-promontorio-di-monaco\\\/\",\"url\":\"https:\\\/\\\/www.monaco-tribune.com\\\/it\\\/2021\\\/08\\\/le-vostre-opinioni-sul-the-maybourne-riviera-il-nuovo-hotel-di-lusso-sul-promontorio-di-monaco\\\/\",\"name\":\"Le vostre opinioni sul The Maybourne Riviera, il nuovo hotel di lusso sul promontorio di Monaco\",\"isPartOf\":{\"@id\":\"https:\\\/\\\/www.monaco-tribune.com\\\/it\\\/#website\"},\"primaryImageOfPage\":{\"@id\":\"https:\\\/\\\/www.monaco-tribune.com\\\/it\\\/2021\\\/08\\\/le-vostre-opinioni-sul-the-maybourne-riviera-il-nuovo-hotel-di-lusso-sul-promontorio-di-monaco\\\/#primaryimage\"},\"image\":{\"@id\":\"https:\\\/\\\/www.monaco-tribune.com\\\/it\\\/2021\\\/08\\\/le-vostre-opinioni-sul-the-maybourne-riviera-il-nuovo-hotel-di-lusso-sul-promontorio-di-monaco\\\/#primaryimage\"},\"thumbnailUrl\":\"https:\\\/\\\/www.monaco-tribune.com\\\/wp-content\\\/uploads\\\/2021\\\/08\\\/the-maybourne-riviera-roquebrune-cap-martin.jpeg\",\"datePublished\":\"2021-08-27T09:59:01+00:00\",\"dateModified\":\"2021-08-27T10:00:38+00:00\",\"description\":\"L'impresa titanica ha infastidito non poco i residenti, soprattutto per il traffico che ha creato. L'hotel 5 stelle \u00e8 stato oggetto di dibattito fin\",\"breadcrumb\":{\"@id\":\"https:\\\/\\\/www.monaco-tribune.com\\\/it\\\/2021\\\/08\\\/le-vostre-opinioni-sul-the-maybourne-riviera-il-nuovo-hotel-di-lusso-sul-promontorio-di-monaco\\\/#breadcrumb\"},\"inLanguage\":\"it-IT\",\"potentialAction\":[{\"@type\":\"ReadAction\",\"target\":[\"https:\\\/\\\/www.monaco-tribune.com\\\/it\\\/2021\\\/08\\\/le-vostre-opinioni-sul-the-maybourne-riviera-il-nuovo-hotel-di-lusso-sul-promontorio-di-monaco\\\/\"]}]},{\"@type\":\"ImageObject\",\"inLanguage\":\"it-IT\",\"@id\":\"https:\\\/\\\/www.monaco-tribune.com\\\/it\\\/2021\\\/08\\\/le-vostre-opinioni-sul-the-maybourne-riviera-il-nuovo-hotel-di-lusso-sul-promontorio-di-monaco\\\/#primaryimage\",\"url\":\"https:\\\/\\\/www.monaco-tribune.com\\\/wp-content\\\/uploads\\\/2021\\\/08\\\/the-maybourne-riviera-roquebrune-cap-martin.jpeg\",\"contentUrl\":\"https:\\\/\\\/www.monaco-tribune.com\\\/wp-content\\\/uploads\\\/2021\\\/08\\\/the-maybourne-riviera-roquebrune-cap-martin.jpeg\",\"width\":1256,\"height\":840,\"caption\":\"Maybourne Hotel Group\"},{\"@type\":\"BreadcrumbList\",\"@id\":\"https:\\\/\\\/www.monaco-tribune.com\\\/it\\\/2021\\\/08\\\/le-vostre-opinioni-sul-the-maybourne-riviera-il-nuovo-hotel-di-lusso-sul-promontorio-di-monaco\\\/#breadcrumb\",\"itemListElement\":[{\"@type\":\"ListItem\",\"position\":1,\"name\":\"Accueil\",\"item\":\"https:\\\/\\\/www.monaco-tribune.com\\\/it\\\/\"},{\"@type\":\"ListItem\",\"position\":2,\"name\":\"Le vostre opinioni sul The Maybourne Riviera, il nuovo hotel di lusso sul promontorio di Monaco\"}]},{\"@type\":\"WebSite\",\"@id\":\"https:\\\/\\\/www.monaco-tribune.com\\\/it\\\/#website\",\"url\":\"https:\\\/\\\/www.monaco-tribune.com\\\/it\\\/\",\"name\":\"Monaco Tribune\",\"description\":\"Monaco : actualit\u00e9s \u00e9conomiques, politiques, culturelles et sportives de Monaco et de la French Riviera.\",\"publisher\":{\"@id\":\"https:\\\/\\\/www.monaco-tribune.com\\\/it\\\/#organization\"},\"potentialAction\":[{\"@type\":\"SearchAction\",\"target\":{\"@type\":\"EntryPoint\",\"urlTemplate\":\"https:\\\/\\\/www.monaco-tribune.com\\\/it\\\/?s={search_term_string}\"},\"query-input\":{\"@type\":\"PropertyValueSpecification\",\"valueRequired\":true,\"valueName\":\"search_term_string\"}}],\"inLanguage\":\"it-IT\"},{\"@type\":\"Organization\",\"@id\":\"https:\\\/\\\/www.monaco-tribune.com\\\/it\\\/#organization\",\"name\":\"Monaco Tribune\",\"url\":\"https:\\\/\\\/www.monaco-tribune.com\\\/it\\\/\",\"logo\":{\"@type\":\"ImageObject\",\"inLanguage\":\"it-IT\",\"@id\":\"https:\\\/\\\/www.monaco-tribune.com\\\/it\\\/#\\\/schema\\\/logo\\\/image\\\/\",\"url\":\"https:\\\/\\\/www.monaco-tribune.com\\\/wp-content\\\/uploads\\\/2022\\\/11\\\/logo-monaco-tribune.png\",\"contentUrl\":\"https:\\\/\\\/www.monaco-tribune.com\\\/wp-content\\\/uploads\\\/2022\\\/11\\\/logo-monaco-tribune.png\",\"width\":1548,\"height\":600,\"caption\":\"Monaco Tribune\"},\"image\":{\"@id\":\"https:\\\/\\\/www.monaco-tribune.com\\\/it\\\/#\\\/schema\\\/logo\\\/image\\\/\"},\"sameAs\":[\"https:\\\/\\\/www.facebook.com\\\/MonacoTribune\",\"https:\\\/\\\/x.com\\\/MonacoTribune\",\"https:\\\/\\\/www.instagram.com\\\/monacotribune\\\/\",\"https:\\\/\\\/www.linkedin.com\\\/company\\\/monaco-tribune\",\"https:\\\/\\\/www.youtube.com\\\/channel\\\/UCHle1MnG6hw1y4lWKijVbMA\"]},{\"@type\":\"Person\",\"@id\":\"https:\\\/\\\/www.monaco-tribune.com\\\/it\\\/#\\\/schema\\\/person\\\/8999750e061d77476d5caf542c77c841\",\"name\":\"Simon Zwierniak\",\"image\":{\"@type\":\"ImageObject\",\"inLanguage\":\"it-IT\",\"@id\":\"https:\\\/\\\/secure.gravatar.com\\\/avatar\\\/4996370fc4436ccbc5a09f3a9d6393bb07b46b707a1982d1874380fb0c5458de?s=96&d=mm&r=g\",\"url\":\"https:\\\/\\\/secure.gravatar.com\\\/avatar\\\/4996370fc4436ccbc5a09f3a9d6393bb07b46b707a1982d1874380fb0c5458de?s=96&d=mm&r=g\",\"contentUrl\":\"https:\\\/\\\/secure.gravatar.com\\\/avatar\\\/4996370fc4436ccbc5a09f3a9d6393bb07b46b707a1982d1874380fb0c5458de?s=96&d=mm&r=g\",\"caption\":\"Simon Zwierniak\"},\"url\":\"https:\\\/\\\/www.monaco-tribune.com\\\/it\\\/author\\\/simonzwierniak\\\/\"}]}<\/script>\n<!-- \/ Yoast SEO Premium plugin. -->","yoast_head_json":{"title":"Le vostre opinioni sul The Maybourne Riviera, il nuovo hotel di lusso sul promontorio di Monaco","description":"L'impresa titanica ha infastidito non poco i residenti, soprattutto per il traffico che ha creato. L'hotel 5 stelle \u00e8 stato oggetto di dibattito fin","robots":{"index":"index","follow":"follow","max-snippet":"max-snippet:-1","max-image-preview":"max-image-preview:large","max-video-preview":"max-video-preview:-1"},"canonical":"https:\/\/www.monaco-tribune.com\/it\/2021\/08\/le-vostre-opinioni-sul-the-maybourne-riviera-il-nuovo-hotel-di-lusso-sul-promontorio-di-monaco\/","og_locale":"it_IT","og_type":"article","og_title":"Le vostre opinioni sul The Maybourne Riviera, il nuovo hotel di lusso sul promontorio di Monaco - Monaco Tribune","og_description":"L'impresa titanica ha infastidito non poco i residenti, soprattutto per il traffico che ha creato. L'hotel 5 stelle \u00e8 stato oggetto di dibattito fin","og_url":"https:\/\/www.monaco-tribune.com\/it\/2021\/08\/le-vostre-opinioni-sul-the-maybourne-riviera-il-nuovo-hotel-di-lusso-sul-promontorio-di-monaco\/","og_site_name":"Monaco Tribune","article_publisher":"https:\/\/www.facebook.com\/MonacoTribune","article_published_time":"2021-08-27T09:59:01+00:00","article_modified_time":"2021-08-27T10:00:38+00:00","og_image":[{"width":1256,"height":840,"url":"https:\/\/www.monaco-tribune.com\/wp-content\/uploads\/2021\/08\/the-maybourne-riviera-roquebrune-cap-martin.jpeg","type":"image\/jpeg"}],"author":"Simon Zwierniak","twitter_card":"summary_large_image","twitter_creator":"@MonacoTribune","twitter_site":"@MonacoTribune","schema":{"@context":"https:\/\/schema.org","@graph":[{"@type":"NewsArticle","@id":"https:\/\/www.monaco-tribune.com\/it\/2021\/08\/le-vostre-opinioni-sul-the-maybourne-riviera-il-nuovo-hotel-di-lusso-sul-promontorio-di-monaco\/#article","isPartOf":{"@id":"https:\/\/www.monaco-tribune.com\/it\/2021\/08\/le-vostre-opinioni-sul-the-maybourne-riviera-il-nuovo-hotel-di-lusso-sul-promontorio-di-monaco\/"},"author":{"name":"Simon Zwierniak","@id":"https:\/\/www.monaco-tribune.com\/it\/#\/schema\/person\/8999750e061d77476d5caf542c77c841"},"headline":"Le vostre opinioni sul The Maybourne Riviera, il nuovo hotel di lusso sul promontorio di Monaco","datePublished":"2021-08-27T09:59:01+00:00","dateModified":"2021-08-27T10:00:38+00:00","mainEntityOfPage":{"@id":"https:\/\/www.monaco-tribune.com\/it\/2021\/08\/le-vostre-opinioni-sul-the-maybourne-riviera-il-nuovo-hotel-di-lusso-sul-promontorio-di-monaco\/"},"wordCount":581,"publisher":{"@id":"https:\/\/www.monaco-tribune.com\/it\/#organization"},"image":{"@id":"https:\/\/www.monaco-tribune.com\/it\/2021\/08\/le-vostre-opinioni-sul-the-maybourne-riviera-il-nuovo-hotel-di-lusso-sul-promontorio-di-monaco\/#primaryimage"},"thumbnailUrl":"https:\/\/www.monaco-tribune.com\/wp-content\/uploads\/2021\/08\/the-maybourne-riviera-roquebrune-cap-martin.jpeg","keywords":["Turismo"],"articleSection":["Business","La nostra scelta"],"inLanguage":"it-IT","copyrightYear":"2021","copyrightHolder":{"@id":"https:\/\/www.monaco-tribune.com\/#organization"}},{"@type":"WebPage","@id":"https:\/\/www.monaco-tribune.com\/it\/2021\/08\/le-vostre-opinioni-sul-the-maybourne-riviera-il-nuovo-hotel-di-lusso-sul-promontorio-di-monaco\/","url":"https:\/\/www.monaco-tribune.com\/it\/2021\/08\/le-vostre-opinioni-sul-the-maybourne-riviera-il-nuovo-hotel-di-lusso-sul-promontorio-di-monaco\/","name":"Le vostre opinioni sul The Maybourne Riviera, il nuovo hotel di lusso sul promontorio di Monaco","isPartOf":{"@id":"https:\/\/www.monaco-tribune.com\/it\/#website"},"primaryImageOfPage":{"@id":"https:\/\/www.monaco-tribune.com\/it\/2021\/08\/le-vostre-opinioni-sul-the-maybourne-riviera-il-nuovo-hotel-di-lusso-sul-promontorio-di-monaco\/#primaryimage"},"image":{"@id":"https:\/\/www.monaco-tribune.com\/it\/2021\/08\/le-vostre-opinioni-sul-the-maybourne-riviera-il-nuovo-hotel-di-lusso-sul-promontorio-di-monaco\/#primaryimage"},"thumbnailUrl":"https:\/\/www.monaco-tribune.com\/wp-content\/uploads\/2021\/08\/the-maybourne-riviera-roquebrune-cap-martin.jpeg","datePublished":"2021-08-27T09:59:01+00:00","dateModified":"2021-08-27T10:00:38+00:00","description":"L'impresa titanica ha infastidito non poco i residenti, soprattutto per il traffico che ha creato. L'hotel 5 stelle \u00e8 stato oggetto di dibattito fin","breadcrumb":{"@id":"https:\/\/www.monaco-tribune.com\/it\/2021\/08\/le-vostre-opinioni-sul-the-maybourne-riviera-il-nuovo-hotel-di-lusso-sul-promontorio-di-monaco\/#breadcrumb"},"inLanguage":"it-IT","potentialAction":[{"@type":"ReadAction","target":["https:\/\/www.monaco-tribune.com\/it\/2021\/08\/le-vostre-opinioni-sul-the-maybourne-riviera-il-nuovo-hotel-di-lusso-sul-promontorio-di-monaco\/"]}]},{"@type":"ImageObject","inLanguage":"it-IT","@id":"https:\/\/www.monaco-tribune.com\/it\/2021\/08\/le-vostre-opinioni-sul-the-maybourne-riviera-il-nuovo-hotel-di-lusso-sul-promontorio-di-monaco\/#primaryimage","url":"https:\/\/www.monaco-tribune.com\/wp-content\/uploads\/2021\/08\/the-maybourne-riviera-roquebrune-cap-martin.jpeg","contentUrl":"https:\/\/www.monaco-tribune.com\/wp-content\/uploads\/2021\/08\/the-maybourne-riviera-roquebrune-cap-martin.jpeg","width":1256,"height":840,"caption":"Maybourne Hotel Group"},{"@type":"BreadcrumbList","@id":"https:\/\/www.monaco-tribune.com\/it\/2021\/08\/le-vostre-opinioni-sul-the-maybourne-riviera-il-nuovo-hotel-di-lusso-sul-promontorio-di-monaco\/#breadcrumb","itemListElement":[{"@type":"ListItem","position":1,"name":"Accueil","item":"https:\/\/www.monaco-tribune.com\/it\/"},{"@type":"ListItem","position":2,"name":"Le vostre opinioni sul The Maybourne Riviera, il nuovo hotel di lusso sul promontorio di Monaco"}]},{"@type":"WebSite","@id":"https:\/\/www.monaco-tribune.com\/it\/#website","url":"https:\/\/www.monaco-tribune.com\/it\/","name":"Monaco Tribune","description":"Monaco : actualit\u00e9s \u00e9conomiques, politiques, culturelles et sportives de Monaco et de la French Riviera.","publisher":{"@id":"https:\/\/www.monaco-tribune.com\/it\/#organization"},"potentialAction":[{"@type":"SearchAction","target":{"@type":"EntryPoint","urlTemplate":"https:\/\/www.monaco-tribune.com\/it\/?s={search_term_string}"},"query-input":{"@type":"PropertyValueSpecification","valueRequired":true,"valueName":"search_term_string"}}],"inLanguage":"it-IT"},{"@type":"Organization","@id":"https:\/\/www.monaco-tribune.com\/it\/#organization","name":"Monaco Tribune","url":"https:\/\/www.monaco-tribune.com\/it\/","logo":{"@type":"ImageObject","inLanguage":"it-IT","@id":"https:\/\/www.monaco-tribune.com\/it\/#\/schema\/logo\/image\/","url":"https:\/\/www.monaco-tribune.com\/wp-content\/uploads\/2022\/11\/logo-monaco-tribune.png","contentUrl":"https:\/\/www.monaco-tribune.com\/wp-content\/uploads\/2022\/11\/logo-monaco-tribune.png","width":1548,"height":600,"caption":"Monaco Tribune"},"image":{"@id":"https:\/\/www.monaco-tribune.com\/it\/#\/schema\/logo\/image\/"},"sameAs":["https:\/\/www.facebook.com\/MonacoTribune","https:\/\/x.com\/MonacoTribune","https:\/\/www.instagram.com\/monacotribune\/","https:\/\/www.linkedin.com\/company\/monaco-tribune","https:\/\/www.youtube.com\/channel\/UCHle1MnG6hw1y4lWKijVbMA"]},{"@type":"Person","@id":"https:\/\/www.monaco-tribune.com\/it\/#\/schema\/person\/8999750e061d77476d5caf542c77c841","name":"Simon Zwierniak","image":{"@type":"ImageObject","inLanguage":"it-IT","@id":"https:\/\/secure.gravatar.com\/avatar\/4996370fc4436ccbc5a09f3a9d6393bb07b46b707a1982d1874380fb0c5458de?s=96&d=mm&r=g","url":"https:\/\/secure.gravatar.com\/avatar\/4996370fc4436ccbc5a09f3a9d6393bb07b46b707a1982d1874380fb0c5458de?s=96&d=mm&r=g","contentUrl":"https:\/\/secure.gravatar.com\/avatar\/4996370fc4436ccbc5a09f3a9d6393bb07b46b707a1982d1874380fb0c5458de?s=96&d=mm&r=g","caption":"Simon Zwierniak"},"url":"https:\/\/www.monaco-tribune.com\/it\/author\/simonzwierniak\/"}]}},"_links":{"self":[{"href":"https:\/\/www.monaco-tribune.com\/it\/wp-json\/wp\/v2\/posts\/91515","targetHints":{"allow":["GET"]}}],"collection":[{"href":"https:\/\/www.monaco-tribune.com\/it\/wp-json\/wp\/v2\/posts"}],"about":[{"href":"https:\/\/www.monaco-tribune.com\/it\/wp-json\/wp\/v2\/types\/post"}],"author":[{"embeddable":true,"href":"https:\/\/www.monaco-tribune.com\/it\/wp-json\/wp\/v2\/users\/54"}],"replies":[{"embeddable":true,"href":"https:\/\/www.monaco-tribune.com\/it\/wp-json\/wp\/v2\/comments?post=91515"}],"version-history":[{"count":0,"href":"https:\/\/www.monaco-tribune.com\/it\/wp-json\/wp\/v2\/posts\/91515\/revisions"}],"wp:featuredmedia":[{"embeddable":true,"href":"https:\/\/www.monaco-tribune.com\/it\/wp-json\/wp\/v2\/media\/90499"}],"wp:attachment":[{"href":"https:\/\/www.monaco-tribune.com\/it\/wp-json\/wp\/v2\/media?parent=91515"}],"wp:term":[{"taxonomy":"category","embeddable":true,"href":"https:\/\/www.monaco-tribune.com\/it\/wp-json\/wp\/v2\/categories?post=91515"},{"taxonomy":"post_tag","embeddable":true,"href":"https:\/\/www.monaco-tribune.com\/it\/wp-json\/wp\/v2\/tags?post=91515"},{"taxonomy":"sectag","embeddable":true,"href":"https:\/\/www.monaco-tribune.com\/it\/wp-json\/wp\/v2\/post_sectags?post=91515"},{"taxonomy":"format","embeddable":true,"href":"https:\/\/www.monaco-tribune.com\/it\/wp-json\/wp\/v2\/post_format?post=91515"}],"curies":[{"name":"wp","href":"https:\/\/api.w.org\/{rel}","templated":true}]}}