{"id":91810,"date":"2021-08-30T17:02:58","date_gmt":"2021-08-30T15:02:58","guid":{"rendered":"https:\/\/www.monaco-tribune.com\/2021\/08\/morta-kate-powers-la-cofondatrice-del-leggendario-starsnbars\/"},"modified":"2021-08-30T17:08:03","modified_gmt":"2021-08-30T15:08:03","slug":"morta-kate-powers-la-cofondatrice-del-leggendario-starsnbars","status":"publish","type":"post","link":"https:\/\/www.monaco-tribune.com\/it\/2021\/08\/morta-kate-powers-la-cofondatrice-del-leggendario-starsnbars\/","title":{"rendered":"Morta Kate Powers, la cofondatrice del leggendario Stars&#8217;N&#8217;Bars"},"content":{"rendered":"\n<p><strong>\u00c8 scomparso un personaggio emblematico del Principato, insignita della pi\u00f9 alta carica possibile.<\/strong><\/p>\n\n\n\n<p>\u00c8 con enorme tristezza che apprendiamo della scomparsa di <a href=\"https:\/\/www.monaco-tribune.com\/it\/2021\/08\/i-piatti-sostenibili-e-rivoluzionari-dello-starsnbars-didier-rubiolo-e-kate-powers-leader-della-transizione\/\">Kate Powers, cofondatrice dello Stars&#8217;N&#8217;Bars a cui abbiamo dedicato un articolo di recente.<\/a><\/p>\n\n\n\n<p>Kate Powers, insieme al suo socio di sempre, Didier Rubiolo, ha trasformato l&#8217;orizzonte culinario del Principato negli ultimi trent&#8217;anni. Dal suo primo ristorante, Le Texan, allo Stars&#8217;N&#8217;Bars di oggi, l&#8217;imprenditrice nata negli Stati Uniti ha lasciato un segno indelebile nella vita monegasca.<\/p>\n\n\n\n<p>La triste notizia \u00e8 stata annunciata sulla <a href=\"https:\/\/www.facebook.com\/starsnbars\/posts\/10158412522995998\">pagina Facebook dello Stars&#8217;N&#8217;Bars<\/a>, dove si descrive la fondatrice come &#8220;famosa per il suo amore per la vita, la sua umilt\u00e0 e il suo senso dell&#8217;umorismo incrollabile, anche nei momenti pi\u00f9 difficili&#8221;.<\/p>\n\n\n\n<h2 class=\"wp-block-heading\" id=\"h-citoyenne-d-honneur\">Cittadina d&#8217;onore<\/h2>\n\n\n\n<p>Nel 2009, Kate Powers ottiene la cittadinanza monegasca, oltre a ricevere l&#8217;Ordine di San Carlo, il riconoscimento pi\u00f9 alto di Monaco, conferito ai cittadini d&#8217;eccezione.<\/p>\n\n\n\n<p>Grande sostenitrice del pianeta, ha lavorato alla creazione di Monacology, del Monaco Green Team e degli Eco-Angels. Il suo impegno arriva fino ai nostri piatti, visto che il suo ristorante ha trasformato il men\u00f9 per proporre una gastronomia sostenibile. Nel 2020, viene nominata Ambasciatrice della Missione della transizione energetica per Monaco.<\/p>\n\n\n\n<p>Lo Stars&#8217;N&#8217;Bar aggiunge: &#8220;non dimenticheremo mai il suo ottimismo incrollabile e il suo desiderio di aiutare gli altri&#8221;.<\/p>\n\n\n\n<p>Per onorare la sua memoria, piuttosto che corone di fiori, la famiglia di Kate Powers preferisce che vengano effettuate donazioni alla Fondazione Principe Alberto II.<\/p>\n","protected":false},"excerpt":{"rendered":"<p>\u00c8 scomparso un personaggio emblematico del Principato, insignita della pi\u00f9 alta carica possibile. \u00c8 con enorme tristezza che apprendiamo della [&hellip;]<\/p>\n","protected":false},"author":54,"featured_media":91747,"comment_status":"closed","ping_status":"closed","sticky":false,"template":"","format":"standard","meta":{"_acf_changed":false,"footnotes":""},"categories":[1738,1752],"tags":[2872],"post_sectags":[],"post_format":[2478],"class_list":["post-91810","post","type-post","status-publish","format-standard","has-post-thumbnail","hentry","category-notizie","category-societa","tag-gastronomia","format-notizia"],"acf":[],"yoast_head":"<!-- This site is optimized with the Yoast SEO Premium plugin v26.8 (Yoast SEO v27.5) - https:\/\/yoast.com\/product\/yoast-seo-premium-wordpress\/ -->\n<title>Morta Kate Powers, la cofondatrice del leggendario Stars&#039;N&#039;Bars<\/title>\n<meta name=\"description\" content=\"\u00c8 scomparso un personaggio emblematico del Principato, insignita della pi\u00f9 alta carica possibile. \u00c8 con enorme tristezza che apprendiamo della scomparsa\" \/>\n<meta name=\"robots\" content=\"index, follow, max-snippet:-1, max-image-preview:large, max-video-preview:-1\" \/>\n<link rel=\"canonical\" href=\"https:\/\/www.monaco-tribune.com\/it\/2021\/08\/morta-kate-powers-la-cofondatrice-del-leggendario-starsnbars\/\" \/>\n<meta property=\"og:locale\" content=\"it_IT\" \/>\n<meta property=\"og:type\" content=\"article\" \/>\n<meta property=\"og:title\" content=\"Morta Kate Powers, la cofondatrice del leggendario Stars&#039;N&#039;Bars - Monaco Tribune\" \/>\n<meta property=\"og:description\" content=\"\u00c8 scomparso un personaggio emblematico del Principato, insignita della pi\u00f9 alta carica possibile. \u00c8 con enorme tristezza che apprendiamo della scomparsa\" \/>\n<meta property=\"og:url\" content=\"https:\/\/www.monaco-tribune.com\/it\/2021\/08\/morta-kate-powers-la-cofondatrice-del-leggendario-starsnbars\/\" \/>\n<meta property=\"og:site_name\" content=\"Monaco Tribune\" \/>\n<meta property=\"article:publisher\" content=\"https:\/\/www.facebook.com\/MonacoTribune\" \/>\n<meta property=\"article:published_time\" content=\"2021-08-30T15:02:58+00:00\" \/>\n<meta property=\"article:modified_time\" content=\"2021-08-30T15:08:03+00:00\" \/>\n<meta property=\"og:image\" content=\"https:\/\/www.monaco-tribune.com\/wp-content\/uploads\/2021\/08\/kate-powers-monaco.jpeg\" \/>\n\t<meta property=\"og:image:width\" content=\"640\" \/>\n\t<meta property=\"og:image:height\" content=\"451\" \/>\n\t<meta property=\"og:image:type\" content=\"image\/jpeg\" \/>\n<meta name=\"author\" content=\"Simon Zwierniak\" \/>\n<meta name=\"twitter:card\" content=\"summary_large_image\" \/>\n<meta name=\"twitter:creator\" content=\"@MonacoTribune\" \/>\n<meta name=\"twitter:site\" content=\"@MonacoTribune\" \/>\n<script type=\"application\/ld+json\" class=\"yoast-schema-graph\">{\"@context\":\"https:\\\/\\\/schema.org\",\"@graph\":[{\"@type\":\"NewsArticle\",\"@id\":\"https:\\\/\\\/www.monaco-tribune.com\\\/it\\\/2021\\\/08\\\/morta-kate-powers-la-cofondatrice-del-leggendario-starsnbars\\\/#article\",\"isPartOf\":{\"@id\":\"https:\\\/\\\/www.monaco-tribune.com\\\/it\\\/2021\\\/08\\\/morta-kate-powers-la-cofondatrice-del-leggendario-starsnbars\\\/\"},\"author\":{\"name\":\"Simon Zwierniak\",\"@id\":\"https:\\\/\\\/www.monaco-tribune.com\\\/it\\\/#\\\/schema\\\/person\\\/8999750e061d77476d5caf542c77c841\"},\"headline\":\"Morta Kate Powers, la cofondatrice del leggendario Stars&#8217;N&#8217;Bars\",\"datePublished\":\"2021-08-30T15:02:58+00:00\",\"dateModified\":\"2021-08-30T15:08:03+00:00\",\"mainEntityOfPage\":{\"@id\":\"https:\\\/\\\/www.monaco-tribune.com\\\/it\\\/2021\\\/08\\\/morta-kate-powers-la-cofondatrice-del-leggendario-starsnbars\\\/\"},\"wordCount\":257,\"publisher\":{\"@id\":\"https:\\\/\\\/www.monaco-tribune.com\\\/it\\\/#organization\"},\"image\":{\"@id\":\"https:\\\/\\\/www.monaco-tribune.com\\\/it\\\/2021\\\/08\\\/morta-kate-powers-la-cofondatrice-del-leggendario-starsnbars\\\/#primaryimage\"},\"thumbnailUrl\":\"https:\\\/\\\/www.monaco-tribune.com\\\/wp-content\\\/uploads\\\/2021\\\/08\\\/kate-powers-monaco.jpeg\",\"keywords\":[\"Gastronomia\"],\"articleSection\":[\"Notizie\",\"Societ\u00e0\"],\"inLanguage\":\"it-IT\",\"copyrightYear\":\"2021\",\"copyrightHolder\":{\"@id\":\"https:\\\/\\\/www.monaco-tribune.com\\\/#organization\"}},{\"@type\":\"WebPage\",\"@id\":\"https:\\\/\\\/www.monaco-tribune.com\\\/it\\\/2021\\\/08\\\/morta-kate-powers-la-cofondatrice-del-leggendario-starsnbars\\\/\",\"url\":\"https:\\\/\\\/www.monaco-tribune.com\\\/it\\\/2021\\\/08\\\/morta-kate-powers-la-cofondatrice-del-leggendario-starsnbars\\\/\",\"name\":\"Morta Kate Powers, la cofondatrice del leggendario Stars'N'Bars\",\"isPartOf\":{\"@id\":\"https:\\\/\\\/www.monaco-tribune.com\\\/it\\\/#website\"},\"primaryImageOfPage\":{\"@id\":\"https:\\\/\\\/www.monaco-tribune.com\\\/it\\\/2021\\\/08\\\/morta-kate-powers-la-cofondatrice-del-leggendario-starsnbars\\\/#primaryimage\"},\"image\":{\"@id\":\"https:\\\/\\\/www.monaco-tribune.com\\\/it\\\/2021\\\/08\\\/morta-kate-powers-la-cofondatrice-del-leggendario-starsnbars\\\/#primaryimage\"},\"thumbnailUrl\":\"https:\\\/\\\/www.monaco-tribune.com\\\/wp-content\\\/uploads\\\/2021\\\/08\\\/kate-powers-monaco.jpeg\",\"datePublished\":\"2021-08-30T15:02:58+00:00\",\"dateModified\":\"2021-08-30T15:08:03+00:00\",\"description\":\"\u00c8 scomparso un personaggio emblematico del Principato, insignita della pi\u00f9 alta carica possibile. \u00c8 con enorme tristezza che apprendiamo della scomparsa\",\"breadcrumb\":{\"@id\":\"https:\\\/\\\/www.monaco-tribune.com\\\/it\\\/2021\\\/08\\\/morta-kate-powers-la-cofondatrice-del-leggendario-starsnbars\\\/#breadcrumb\"},\"inLanguage\":\"it-IT\",\"potentialAction\":[{\"@type\":\"ReadAction\",\"target\":[\"https:\\\/\\\/www.monaco-tribune.com\\\/it\\\/2021\\\/08\\\/morta-kate-powers-la-cofondatrice-del-leggendario-starsnbars\\\/\"]}]},{\"@type\":\"ImageObject\",\"inLanguage\":\"it-IT\",\"@id\":\"https:\\\/\\\/www.monaco-tribune.com\\\/it\\\/2021\\\/08\\\/morta-kate-powers-la-cofondatrice-del-leggendario-starsnbars\\\/#primaryimage\",\"url\":\"https:\\\/\\\/www.monaco-tribune.com\\\/wp-content\\\/uploads\\\/2021\\\/08\\\/kate-powers-monaco.jpeg\",\"contentUrl\":\"https:\\\/\\\/www.monaco-tribune.com\\\/wp-content\\\/uploads\\\/2021\\\/08\\\/kate-powers-monaco.jpeg\",\"width\":640,\"height\":451,\"caption\":\"Stars'N'Bars\"},{\"@type\":\"BreadcrumbList\",\"@id\":\"https:\\\/\\\/www.monaco-tribune.com\\\/it\\\/2021\\\/08\\\/morta-kate-powers-la-cofondatrice-del-leggendario-starsnbars\\\/#breadcrumb\",\"itemListElement\":[{\"@type\":\"ListItem\",\"position\":1,\"name\":\"Accueil\",\"item\":\"https:\\\/\\\/www.monaco-tribune.com\\\/it\\\/\"},{\"@type\":\"ListItem\",\"position\":2,\"name\":\"Morta Kate Powers, la cofondatrice del leggendario Stars&rsquo;N&rsquo;Bars\"}]},{\"@type\":\"WebSite\",\"@id\":\"https:\\\/\\\/www.monaco-tribune.com\\\/it\\\/#website\",\"url\":\"https:\\\/\\\/www.monaco-tribune.com\\\/it\\\/\",\"name\":\"Monaco Tribune\",\"description\":\"Monaco : actualit\u00e9s \u00e9conomiques, politiques, culturelles et sportives de Monaco et de la French Riviera.\",\"publisher\":{\"@id\":\"https:\\\/\\\/www.monaco-tribune.com\\\/it\\\/#organization\"},\"potentialAction\":[{\"@type\":\"SearchAction\",\"target\":{\"@type\":\"EntryPoint\",\"urlTemplate\":\"https:\\\/\\\/www.monaco-tribune.com\\\/it\\\/?s={search_term_string}\"},\"query-input\":{\"@type\":\"PropertyValueSpecification\",\"valueRequired\":true,\"valueName\":\"search_term_string\"}}],\"inLanguage\":\"it-IT\"},{\"@type\":\"Organization\",\"@id\":\"https:\\\/\\\/www.monaco-tribune.com\\\/it\\\/#organization\",\"name\":\"Monaco Tribune\",\"url\":\"https:\\\/\\\/www.monaco-tribune.com\\\/it\\\/\",\"logo\":{\"@type\":\"ImageObject\",\"inLanguage\":\"it-IT\",\"@id\":\"https:\\\/\\\/www.monaco-tribune.com\\\/it\\\/#\\\/schema\\\/logo\\\/image\\\/\",\"url\":\"https:\\\/\\\/www.monaco-tribune.com\\\/wp-content\\\/uploads\\\/2022\\\/11\\\/logo-monaco-tribune.png\",\"contentUrl\":\"https:\\\/\\\/www.monaco-tribune.com\\\/wp-content\\\/uploads\\\/2022\\\/11\\\/logo-monaco-tribune.png\",\"width\":1548,\"height\":600,\"caption\":\"Monaco Tribune\"},\"image\":{\"@id\":\"https:\\\/\\\/www.monaco-tribune.com\\\/it\\\/#\\\/schema\\\/logo\\\/image\\\/\"},\"sameAs\":[\"https:\\\/\\\/www.facebook.com\\\/MonacoTribune\",\"https:\\\/\\\/x.com\\\/MonacoTribune\",\"https:\\\/\\\/www.instagram.com\\\/monacotribune\\\/\",\"https:\\\/\\\/www.linkedin.com\\\/company\\\/monaco-tribune\",\"https:\\\/\\\/www.youtube.com\\\/channel\\\/UCHle1MnG6hw1y4lWKijVbMA\"]},{\"@type\":\"Person\",\"@id\":\"https:\\\/\\\/www.monaco-tribune.com\\\/it\\\/#\\\/schema\\\/person\\\/8999750e061d77476d5caf542c77c841\",\"name\":\"Simon Zwierniak\",\"image\":{\"@type\":\"ImageObject\",\"inLanguage\":\"it-IT\",\"@id\":\"https:\\\/\\\/secure.gravatar.com\\\/avatar\\\/4996370fc4436ccbc5a09f3a9d6393bb07b46b707a1982d1874380fb0c5458de?s=96&d=mm&r=g\",\"url\":\"https:\\\/\\\/secure.gravatar.com\\\/avatar\\\/4996370fc4436ccbc5a09f3a9d6393bb07b46b707a1982d1874380fb0c5458de?s=96&d=mm&r=g\",\"contentUrl\":\"https:\\\/\\\/secure.gravatar.com\\\/avatar\\\/4996370fc4436ccbc5a09f3a9d6393bb07b46b707a1982d1874380fb0c5458de?s=96&d=mm&r=g\",\"caption\":\"Simon Zwierniak\"},\"url\":\"https:\\\/\\\/www.monaco-tribune.com\\\/it\\\/author\\\/simonzwierniak\\\/\"}]}<\/script>\n<!-- \/ Yoast SEO Premium plugin. -->","yoast_head_json":{"title":"Morta Kate Powers, la cofondatrice del leggendario Stars'N'Bars","description":"\u00c8 scomparso un personaggio emblematico del Principato, insignita della pi\u00f9 alta carica possibile. \u00c8 con enorme tristezza che apprendiamo della scomparsa","robots":{"index":"index","follow":"follow","max-snippet":"max-snippet:-1","max-image-preview":"max-image-preview:large","max-video-preview":"max-video-preview:-1"},"canonical":"https:\/\/www.monaco-tribune.com\/it\/2021\/08\/morta-kate-powers-la-cofondatrice-del-leggendario-starsnbars\/","og_locale":"it_IT","og_type":"article","og_title":"Morta Kate Powers, la cofondatrice del leggendario Stars'N'Bars - Monaco Tribune","og_description":"\u00c8 scomparso un personaggio emblematico del Principato, insignita della pi\u00f9 alta carica possibile. \u00c8 con enorme tristezza che apprendiamo della scomparsa","og_url":"https:\/\/www.monaco-tribune.com\/it\/2021\/08\/morta-kate-powers-la-cofondatrice-del-leggendario-starsnbars\/","og_site_name":"Monaco Tribune","article_publisher":"https:\/\/www.facebook.com\/MonacoTribune","article_published_time":"2021-08-30T15:02:58+00:00","article_modified_time":"2021-08-30T15:08:03+00:00","og_image":[{"width":640,"height":451,"url":"https:\/\/www.monaco-tribune.com\/wp-content\/uploads\/2021\/08\/kate-powers-monaco.jpeg","type":"image\/jpeg"}],"author":"Simon Zwierniak","twitter_card":"summary_large_image","twitter_creator":"@MonacoTribune","twitter_site":"@MonacoTribune","schema":{"@context":"https:\/\/schema.org","@graph":[{"@type":"NewsArticle","@id":"https:\/\/www.monaco-tribune.com\/it\/2021\/08\/morta-kate-powers-la-cofondatrice-del-leggendario-starsnbars\/#article","isPartOf":{"@id":"https:\/\/www.monaco-tribune.com\/it\/2021\/08\/morta-kate-powers-la-cofondatrice-del-leggendario-starsnbars\/"},"author":{"name":"Simon Zwierniak","@id":"https:\/\/www.monaco-tribune.com\/it\/#\/schema\/person\/8999750e061d77476d5caf542c77c841"},"headline":"Morta Kate Powers, la cofondatrice del leggendario Stars&#8217;N&#8217;Bars","datePublished":"2021-08-30T15:02:58+00:00","dateModified":"2021-08-30T15:08:03+00:00","mainEntityOfPage":{"@id":"https:\/\/www.monaco-tribune.com\/it\/2021\/08\/morta-kate-powers-la-cofondatrice-del-leggendario-starsnbars\/"},"wordCount":257,"publisher":{"@id":"https:\/\/www.monaco-tribune.com\/it\/#organization"},"image":{"@id":"https:\/\/www.monaco-tribune.com\/it\/2021\/08\/morta-kate-powers-la-cofondatrice-del-leggendario-starsnbars\/#primaryimage"},"thumbnailUrl":"https:\/\/www.monaco-tribune.com\/wp-content\/uploads\/2021\/08\/kate-powers-monaco.jpeg","keywords":["Gastronomia"],"articleSection":["Notizie","Societ\u00e0"],"inLanguage":"it-IT","copyrightYear":"2021","copyrightHolder":{"@id":"https:\/\/www.monaco-tribune.com\/#organization"}},{"@type":"WebPage","@id":"https:\/\/www.monaco-tribune.com\/it\/2021\/08\/morta-kate-powers-la-cofondatrice-del-leggendario-starsnbars\/","url":"https:\/\/www.monaco-tribune.com\/it\/2021\/08\/morta-kate-powers-la-cofondatrice-del-leggendario-starsnbars\/","name":"Morta Kate Powers, la cofondatrice del leggendario Stars'N'Bars","isPartOf":{"@id":"https:\/\/www.monaco-tribune.com\/it\/#website"},"primaryImageOfPage":{"@id":"https:\/\/www.monaco-tribune.com\/it\/2021\/08\/morta-kate-powers-la-cofondatrice-del-leggendario-starsnbars\/#primaryimage"},"image":{"@id":"https:\/\/www.monaco-tribune.com\/it\/2021\/08\/morta-kate-powers-la-cofondatrice-del-leggendario-starsnbars\/#primaryimage"},"thumbnailUrl":"https:\/\/www.monaco-tribune.com\/wp-content\/uploads\/2021\/08\/kate-powers-monaco.jpeg","datePublished":"2021-08-30T15:02:58+00:00","dateModified":"2021-08-30T15:08:03+00:00","description":"\u00c8 scomparso un personaggio emblematico del Principato, insignita della pi\u00f9 alta carica possibile. \u00c8 con enorme tristezza che apprendiamo della scomparsa","breadcrumb":{"@id":"https:\/\/www.monaco-tribune.com\/it\/2021\/08\/morta-kate-powers-la-cofondatrice-del-leggendario-starsnbars\/#breadcrumb"},"inLanguage":"it-IT","potentialAction":[{"@type":"ReadAction","target":["https:\/\/www.monaco-tribune.com\/it\/2021\/08\/morta-kate-powers-la-cofondatrice-del-leggendario-starsnbars\/"]}]},{"@type":"ImageObject","inLanguage":"it-IT","@id":"https:\/\/www.monaco-tribune.com\/it\/2021\/08\/morta-kate-powers-la-cofondatrice-del-leggendario-starsnbars\/#primaryimage","url":"https:\/\/www.monaco-tribune.com\/wp-content\/uploads\/2021\/08\/kate-powers-monaco.jpeg","contentUrl":"https:\/\/www.monaco-tribune.com\/wp-content\/uploads\/2021\/08\/kate-powers-monaco.jpeg","width":640,"height":451,"caption":"Stars'N'Bars"},{"@type":"BreadcrumbList","@id":"https:\/\/www.monaco-tribune.com\/it\/2021\/08\/morta-kate-powers-la-cofondatrice-del-leggendario-starsnbars\/#breadcrumb","itemListElement":[{"@type":"ListItem","position":1,"name":"Accueil","item":"https:\/\/www.monaco-tribune.com\/it\/"},{"@type":"ListItem","position":2,"name":"Morta Kate Powers, la cofondatrice del leggendario Stars&rsquo;N&rsquo;Bars"}]},{"@type":"WebSite","@id":"https:\/\/www.monaco-tribune.com\/it\/#website","url":"https:\/\/www.monaco-tribune.com\/it\/","name":"Monaco Tribune","description":"Monaco : actualit\u00e9s \u00e9conomiques, politiques, culturelles et sportives de Monaco et de la French Riviera.","publisher":{"@id":"https:\/\/www.monaco-tribune.com\/it\/#organization"},"potentialAction":[{"@type":"SearchAction","target":{"@type":"EntryPoint","urlTemplate":"https:\/\/www.monaco-tribune.com\/it\/?s={search_term_string}"},"query-input":{"@type":"PropertyValueSpecification","valueRequired":true,"valueName":"search_term_string"}}],"inLanguage":"it-IT"},{"@type":"Organization","@id":"https:\/\/www.monaco-tribune.com\/it\/#organization","name":"Monaco Tribune","url":"https:\/\/www.monaco-tribune.com\/it\/","logo":{"@type":"ImageObject","inLanguage":"it-IT","@id":"https:\/\/www.monaco-tribune.com\/it\/#\/schema\/logo\/image\/","url":"https:\/\/www.monaco-tribune.com\/wp-content\/uploads\/2022\/11\/logo-monaco-tribune.png","contentUrl":"https:\/\/www.monaco-tribune.com\/wp-content\/uploads\/2022\/11\/logo-monaco-tribune.png","width":1548,"height":600,"caption":"Monaco Tribune"},"image":{"@id":"https:\/\/www.monaco-tribune.com\/it\/#\/schema\/logo\/image\/"},"sameAs":["https:\/\/www.facebook.com\/MonacoTribune","https:\/\/x.com\/MonacoTribune","https:\/\/www.instagram.com\/monacotribune\/","https:\/\/www.linkedin.com\/company\/monaco-tribune","https:\/\/www.youtube.com\/channel\/UCHle1MnG6hw1y4lWKijVbMA"]},{"@type":"Person","@id":"https:\/\/www.monaco-tribune.com\/it\/#\/schema\/person\/8999750e061d77476d5caf542c77c841","name":"Simon Zwierniak","image":{"@type":"ImageObject","inLanguage":"it-IT","@id":"https:\/\/secure.gravatar.com\/avatar\/4996370fc4436ccbc5a09f3a9d6393bb07b46b707a1982d1874380fb0c5458de?s=96&d=mm&r=g","url":"https:\/\/secure.gravatar.com\/avatar\/4996370fc4436ccbc5a09f3a9d6393bb07b46b707a1982d1874380fb0c5458de?s=96&d=mm&r=g","contentUrl":"https:\/\/secure.gravatar.com\/avatar\/4996370fc4436ccbc5a09f3a9d6393bb07b46b707a1982d1874380fb0c5458de?s=96&d=mm&r=g","caption":"Simon Zwierniak"},"url":"https:\/\/www.monaco-tribune.com\/it\/author\/simonzwierniak\/"}]}},"_links":{"self":[{"href":"https:\/\/www.monaco-tribune.com\/it\/wp-json\/wp\/v2\/posts\/91810","targetHints":{"allow":["GET"]}}],"collection":[{"href":"https:\/\/www.monaco-tribune.com\/it\/wp-json\/wp\/v2\/posts"}],"about":[{"href":"https:\/\/www.monaco-tribune.com\/it\/wp-json\/wp\/v2\/types\/post"}],"author":[{"embeddable":true,"href":"https:\/\/www.monaco-tribune.com\/it\/wp-json\/wp\/v2\/users\/54"}],"replies":[{"embeddable":true,"href":"https:\/\/www.monaco-tribune.com\/it\/wp-json\/wp\/v2\/comments?post=91810"}],"version-history":[{"count":0,"href":"https:\/\/www.monaco-tribune.com\/it\/wp-json\/wp\/v2\/posts\/91810\/revisions"}],"wp:featuredmedia":[{"embeddable":true,"href":"https:\/\/www.monaco-tribune.com\/it\/wp-json\/wp\/v2\/media\/91747"}],"wp:attachment":[{"href":"https:\/\/www.monaco-tribune.com\/it\/wp-json\/wp\/v2\/media?parent=91810"}],"wp:term":[{"taxonomy":"category","embeddable":true,"href":"https:\/\/www.monaco-tribune.com\/it\/wp-json\/wp\/v2\/categories?post=91810"},{"taxonomy":"post_tag","embeddable":true,"href":"https:\/\/www.monaco-tribune.com\/it\/wp-json\/wp\/v2\/tags?post=91810"},{"taxonomy":"sectag","embeddable":true,"href":"https:\/\/www.monaco-tribune.com\/it\/wp-json\/wp\/v2\/post_sectags?post=91810"},{"taxonomy":"format","embeddable":true,"href":"https:\/\/www.monaco-tribune.com\/it\/wp-json\/wp\/v2\/post_format?post=91810"}],"curies":[{"name":"wp","href":"https:\/\/api.w.org\/{rel}","templated":true}]}}