{"id":91821,"date":"2021-08-30T17:40:28","date_gmt":"2021-08-30T15:40:28","guid":{"rendered":"https:\/\/www.monaco-tribune.com\/2021\/08\/covid-19-la-vaccinazione-ha-raggiunto-un-traguardo-simbolico-nel-principato\/"},"modified":"2021-08-30T19:10:28","modified_gmt":"2021-08-30T17:10:28","slug":"covid-19-la-vaccinazione-ha-raggiunto-un-traguardo-simbolico-nel-principato","status":"publish","type":"post","link":"https:\/\/www.monaco-tribune.com\/it\/2021\/08\/covid-19-la-vaccinazione-ha-raggiunto-un-traguardo-simbolico-nel-principato\/","title":{"rendered":"Covid-19: la vaccinazione ha raggiunto un traguardo simbolico nel Principato"},"content":{"rendered":"\n<p><strong>Dopo l&#8217;esplosione dei casi durante l&#8217;estate, la situazione comincia a migliorare.<\/strong><\/p>\n\n\n\n<p>Domenica 29 agosto, a Monaco sono stati registrati otto guariti e nessun nuovo caso. Al Centro Ospedaliero Principessa Grace, 17 pazienti (di cui sei residenti) sono ricoverati e quattro (di cui due residenti) sono attualmente in rianimazione.<\/p>\n\n\n\n<p>Il tasso d&#8217;incidenza nelle Alpi Marittime \u00e8 in calo: 355 contro 471 della settimana scorsa. I pazienti Covid-19 occupano il 74% dei letti in rianimazione (ovvero 294 pazienti). Inoltre, il virus uccide in media quattro persone al giorno.<\/p>\n\n\n\n<h2 class=\"wp-block-heading\" id=\"h-tre-persone-su-quattro-sono-vaccinate\">Tre persone su quattro sono vaccinate<\/h2>\n\n\n\n<p>L&#8217;avanzamento delle vaccinazioni \u00e8 sempre pi\u00f9 incoraggiante: il traguardo simbolico del 75% \u00e8 stato superato. Tre persone su quattro della popolazione eleggibile per il vaccino (maggiori di 12 anni) hanno ricevuto almeno una dose. Ricordiamo che la vaccinazione consente di ricevere un pass sanitario <a href=\"https:\/\/www.monaco-tribune.com\/it\/2021\/08\/pass-sanitario-ristoranti-controlli-cosa-cambia-a-partire-da-lunedi\/\">obbligatorio per accedere a diversi luoghi dal 23 agosto<\/a>.<\/p>\n\n\n\n<p>I dati sono rassicuranti anche nelle Alpi Marittime, dove il 77% della popolazione ha ricevuto la prima dose. Un numero superiore rispetto alla media nazionale francese del 72%.<\/p>\n","protected":false},"excerpt":{"rendered":"<p>Dopo l&#8217;esplosione dei casi durante l&#8217;estate, la situazione comincia a migliorare. Domenica 29 agosto, a Monaco sono stati registrati otto [&hellip;]<\/p>\n","protected":false},"author":54,"featured_media":74593,"comment_status":"closed","ping_status":"closed","sticky":false,"template":"","format":"standard","meta":{"_acf_changed":false,"footnotes":""},"categories":[1738],"tags":[2886],"post_sectags":[],"post_format":[2478],"class_list":["post-91821","post","type-post","status-publish","format-standard","has-post-thumbnail","hentry","category-notizie","tag-covid-19-it","format-notizia"],"acf":[],"yoast_head":"<!-- This site is optimized with the Yoast SEO Premium plugin v26.8 (Yoast SEO v27.4) - https:\/\/yoast.com\/product\/yoast-seo-premium-wordpress\/ -->\n<title>Covid-19: la vaccinazione ha raggiunto un traguardo simbolico nel Principato<\/title>\n<meta name=\"description\" content=\"Dopo l&#039;esplosione dei casi durante l&#039;estate, la situazione comincia a migliorare. Domenica 29 agosto, a Monaco sono stati registrati otto guariti e nessun\" \/>\n<meta name=\"robots\" content=\"index, follow, max-snippet:-1, max-image-preview:large, max-video-preview:-1\" \/>\n<link rel=\"canonical\" href=\"https:\/\/www.monaco-tribune.com\/it\/2021\/08\/covid-19-la-vaccinazione-ha-raggiunto-un-traguardo-simbolico-nel-principato\/\" \/>\n<meta property=\"og:locale\" content=\"it_IT\" \/>\n<meta property=\"og:type\" content=\"article\" \/>\n<meta property=\"og:title\" content=\"Covid-19: la vaccinazione ha raggiunto un traguardo simbolico nel Principato - Monaco Tribune\" \/>\n<meta property=\"og:description\" content=\"Dopo l&#039;esplosione dei casi durante l&#039;estate, la situazione comincia a migliorare. Domenica 29 agosto, a Monaco sono stati registrati otto guariti e nessun\" \/>\n<meta property=\"og:url\" content=\"https:\/\/www.monaco-tribune.com\/it\/2021\/08\/covid-19-la-vaccinazione-ha-raggiunto-un-traguardo-simbolico-nel-principato\/\" \/>\n<meta property=\"og:site_name\" content=\"Monaco Tribune\" \/>\n<meta property=\"article:publisher\" content=\"https:\/\/www.facebook.com\/MonacoTribune\" \/>\n<meta property=\"article:published_time\" content=\"2021-08-30T15:40:28+00:00\" \/>\n<meta property=\"article:modified_time\" content=\"2021-08-30T17:10:28+00:00\" \/>\n<meta property=\"og:image\" content=\"https:\/\/www.monaco-tribune.com\/wp-content\/uploads\/2021\/04\/covid-monaco-min.jpg\" \/>\n\t<meta property=\"og:image:width\" content=\"1200\" \/>\n\t<meta property=\"og:image:height\" content=\"800\" \/>\n\t<meta property=\"og:image:type\" content=\"image\/jpeg\" \/>\n<meta name=\"author\" content=\"Simon Zwierniak\" \/>\n<meta name=\"twitter:card\" content=\"summary_large_image\" \/>\n<meta name=\"twitter:creator\" content=\"@MonacoTribune\" \/>\n<meta name=\"twitter:site\" content=\"@MonacoTribune\" \/>\n<script type=\"application\/ld+json\" class=\"yoast-schema-graph\">{\"@context\":\"https:\\\/\\\/schema.org\",\"@graph\":[{\"@type\":\"NewsArticle\",\"@id\":\"https:\\\/\\\/www.monaco-tribune.com\\\/it\\\/2021\\\/08\\\/covid-19-la-vaccinazione-ha-raggiunto-un-traguardo-simbolico-nel-principato\\\/#article\",\"isPartOf\":{\"@id\":\"https:\\\/\\\/www.monaco-tribune.com\\\/it\\\/2021\\\/08\\\/covid-19-la-vaccinazione-ha-raggiunto-un-traguardo-simbolico-nel-principato\\\/\"},\"author\":{\"name\":\"Simon Zwierniak\",\"@id\":\"https:\\\/\\\/www.monaco-tribune.com\\\/it\\\/#\\\/schema\\\/person\\\/8999750e061d77476d5caf542c77c841\"},\"headline\":\"Covid-19: la vaccinazione ha raggiunto un traguardo simbolico nel Principato\",\"datePublished\":\"2021-08-30T15:40:28+00:00\",\"dateModified\":\"2021-08-30T17:10:28+00:00\",\"mainEntityOfPage\":{\"@id\":\"https:\\\/\\\/www.monaco-tribune.com\\\/it\\\/2021\\\/08\\\/covid-19-la-vaccinazione-ha-raggiunto-un-traguardo-simbolico-nel-principato\\\/\"},\"wordCount\":173,\"publisher\":{\"@id\":\"https:\\\/\\\/www.monaco-tribune.com\\\/it\\\/#organization\"},\"image\":{\"@id\":\"https:\\\/\\\/www.monaco-tribune.com\\\/it\\\/2021\\\/08\\\/covid-19-la-vaccinazione-ha-raggiunto-un-traguardo-simbolico-nel-principato\\\/#primaryimage\"},\"thumbnailUrl\":\"https:\\\/\\\/www.monaco-tribune.com\\\/wp-content\\\/uploads\\\/2021\\\/04\\\/covid-monaco-min.jpg\",\"keywords\":[\"Covid-19\"],\"articleSection\":[\"Notizie\"],\"inLanguage\":\"it-IT\",\"copyrightYear\":\"2021\",\"copyrightHolder\":{\"@id\":\"https:\\\/\\\/www.monaco-tribune.com\\\/#organization\"}},{\"@type\":\"WebPage\",\"@id\":\"https:\\\/\\\/www.monaco-tribune.com\\\/it\\\/2021\\\/08\\\/covid-19-la-vaccinazione-ha-raggiunto-un-traguardo-simbolico-nel-principato\\\/\",\"url\":\"https:\\\/\\\/www.monaco-tribune.com\\\/it\\\/2021\\\/08\\\/covid-19-la-vaccinazione-ha-raggiunto-un-traguardo-simbolico-nel-principato\\\/\",\"name\":\"Covid-19: la vaccinazione ha raggiunto un traguardo simbolico nel Principato\",\"isPartOf\":{\"@id\":\"https:\\\/\\\/www.monaco-tribune.com\\\/it\\\/#website\"},\"primaryImageOfPage\":{\"@id\":\"https:\\\/\\\/www.monaco-tribune.com\\\/it\\\/2021\\\/08\\\/covid-19-la-vaccinazione-ha-raggiunto-un-traguardo-simbolico-nel-principato\\\/#primaryimage\"},\"image\":{\"@id\":\"https:\\\/\\\/www.monaco-tribune.com\\\/it\\\/2021\\\/08\\\/covid-19-la-vaccinazione-ha-raggiunto-un-traguardo-simbolico-nel-principato\\\/#primaryimage\"},\"thumbnailUrl\":\"https:\\\/\\\/www.monaco-tribune.com\\\/wp-content\\\/uploads\\\/2021\\\/04\\\/covid-monaco-min.jpg\",\"datePublished\":\"2021-08-30T15:40:28+00:00\",\"dateModified\":\"2021-08-30T17:10:28+00:00\",\"description\":\"Dopo l'esplosione dei casi durante l'estate, la situazione comincia a migliorare. Domenica 29 agosto, a Monaco sono stati registrati otto guariti e nessun\",\"breadcrumb\":{\"@id\":\"https:\\\/\\\/www.monaco-tribune.com\\\/it\\\/2021\\\/08\\\/covid-19-la-vaccinazione-ha-raggiunto-un-traguardo-simbolico-nel-principato\\\/#breadcrumb\"},\"inLanguage\":\"it-IT\",\"potentialAction\":[{\"@type\":\"ReadAction\",\"target\":[\"https:\\\/\\\/www.monaco-tribune.com\\\/it\\\/2021\\\/08\\\/covid-19-la-vaccinazione-ha-raggiunto-un-traguardo-simbolico-nel-principato\\\/\"]}]},{\"@type\":\"ImageObject\",\"inLanguage\":\"it-IT\",\"@id\":\"https:\\\/\\\/www.monaco-tribune.com\\\/it\\\/2021\\\/08\\\/covid-19-la-vaccinazione-ha-raggiunto-un-traguardo-simbolico-nel-principato\\\/#primaryimage\",\"url\":\"https:\\\/\\\/www.monaco-tribune.com\\\/wp-content\\\/uploads\\\/2021\\\/04\\\/covid-monaco-min.jpg\",\"contentUrl\":\"https:\\\/\\\/www.monaco-tribune.com\\\/wp-content\\\/uploads\\\/2021\\\/04\\\/covid-monaco-min.jpg\",\"width\":1200,\"height\":800,\"caption\":\"Monaco Tribune\"},{\"@type\":\"BreadcrumbList\",\"@id\":\"https:\\\/\\\/www.monaco-tribune.com\\\/it\\\/2021\\\/08\\\/covid-19-la-vaccinazione-ha-raggiunto-un-traguardo-simbolico-nel-principato\\\/#breadcrumb\",\"itemListElement\":[{\"@type\":\"ListItem\",\"position\":1,\"name\":\"Accueil\",\"item\":\"https:\\\/\\\/www.monaco-tribune.com\\\/it\\\/\"},{\"@type\":\"ListItem\",\"position\":2,\"name\":\"Covid-19: la vaccinazione ha raggiunto un traguardo simbolico nel Principato\"}]},{\"@type\":\"WebSite\",\"@id\":\"https:\\\/\\\/www.monaco-tribune.com\\\/it\\\/#website\",\"url\":\"https:\\\/\\\/www.monaco-tribune.com\\\/it\\\/\",\"name\":\"Monaco Tribune\",\"description\":\"Monaco : actualit\u00e9s \u00e9conomiques, politiques, culturelles et sportives de Monaco et de la French Riviera.\",\"publisher\":{\"@id\":\"https:\\\/\\\/www.monaco-tribune.com\\\/it\\\/#organization\"},\"potentialAction\":[{\"@type\":\"SearchAction\",\"target\":{\"@type\":\"EntryPoint\",\"urlTemplate\":\"https:\\\/\\\/www.monaco-tribune.com\\\/it\\\/?s={search_term_string}\"},\"query-input\":{\"@type\":\"PropertyValueSpecification\",\"valueRequired\":true,\"valueName\":\"search_term_string\"}}],\"inLanguage\":\"it-IT\"},{\"@type\":\"Organization\",\"@id\":\"https:\\\/\\\/www.monaco-tribune.com\\\/it\\\/#organization\",\"name\":\"Monaco Tribune\",\"url\":\"https:\\\/\\\/www.monaco-tribune.com\\\/it\\\/\",\"logo\":{\"@type\":\"ImageObject\",\"inLanguage\":\"it-IT\",\"@id\":\"https:\\\/\\\/www.monaco-tribune.com\\\/it\\\/#\\\/schema\\\/logo\\\/image\\\/\",\"url\":\"https:\\\/\\\/www.monaco-tribune.com\\\/wp-content\\\/uploads\\\/2022\\\/11\\\/logo-monaco-tribune.png\",\"contentUrl\":\"https:\\\/\\\/www.monaco-tribune.com\\\/wp-content\\\/uploads\\\/2022\\\/11\\\/logo-monaco-tribune.png\",\"width\":1548,\"height\":600,\"caption\":\"Monaco Tribune\"},\"image\":{\"@id\":\"https:\\\/\\\/www.monaco-tribune.com\\\/it\\\/#\\\/schema\\\/logo\\\/image\\\/\"},\"sameAs\":[\"https:\\\/\\\/www.facebook.com\\\/MonacoTribune\",\"https:\\\/\\\/x.com\\\/MonacoTribune\",\"https:\\\/\\\/www.instagram.com\\\/monacotribune\\\/\",\"https:\\\/\\\/www.linkedin.com\\\/company\\\/monaco-tribune\",\"https:\\\/\\\/www.youtube.com\\\/channel\\\/UCHle1MnG6hw1y4lWKijVbMA\"]},{\"@type\":\"Person\",\"@id\":\"https:\\\/\\\/www.monaco-tribune.com\\\/it\\\/#\\\/schema\\\/person\\\/8999750e061d77476d5caf542c77c841\",\"name\":\"Simon Zwierniak\",\"image\":{\"@type\":\"ImageObject\",\"inLanguage\":\"it-IT\",\"@id\":\"https:\\\/\\\/secure.gravatar.com\\\/avatar\\\/4996370fc4436ccbc5a09f3a9d6393bb07b46b707a1982d1874380fb0c5458de?s=96&d=mm&r=g\",\"url\":\"https:\\\/\\\/secure.gravatar.com\\\/avatar\\\/4996370fc4436ccbc5a09f3a9d6393bb07b46b707a1982d1874380fb0c5458de?s=96&d=mm&r=g\",\"contentUrl\":\"https:\\\/\\\/secure.gravatar.com\\\/avatar\\\/4996370fc4436ccbc5a09f3a9d6393bb07b46b707a1982d1874380fb0c5458de?s=96&d=mm&r=g\",\"caption\":\"Simon Zwierniak\"},\"url\":\"https:\\\/\\\/www.monaco-tribune.com\\\/it\\\/author\\\/simonzwierniak\\\/\"}]}<\/script>\n<!-- \/ Yoast SEO Premium plugin. -->","yoast_head_json":{"title":"Covid-19: la vaccinazione ha raggiunto un traguardo simbolico nel Principato","description":"Dopo l'esplosione dei casi durante l'estate, la situazione comincia a migliorare. Domenica 29 agosto, a Monaco sono stati registrati otto guariti e nessun","robots":{"index":"index","follow":"follow","max-snippet":"max-snippet:-1","max-image-preview":"max-image-preview:large","max-video-preview":"max-video-preview:-1"},"canonical":"https:\/\/www.monaco-tribune.com\/it\/2021\/08\/covid-19-la-vaccinazione-ha-raggiunto-un-traguardo-simbolico-nel-principato\/","og_locale":"it_IT","og_type":"article","og_title":"Covid-19: la vaccinazione ha raggiunto un traguardo simbolico nel Principato - Monaco Tribune","og_description":"Dopo l'esplosione dei casi durante l'estate, la situazione comincia a migliorare. Domenica 29 agosto, a Monaco sono stati registrati otto guariti e nessun","og_url":"https:\/\/www.monaco-tribune.com\/it\/2021\/08\/covid-19-la-vaccinazione-ha-raggiunto-un-traguardo-simbolico-nel-principato\/","og_site_name":"Monaco Tribune","article_publisher":"https:\/\/www.facebook.com\/MonacoTribune","article_published_time":"2021-08-30T15:40:28+00:00","article_modified_time":"2021-08-30T17:10:28+00:00","og_image":[{"width":1200,"height":800,"url":"https:\/\/www.monaco-tribune.com\/wp-content\/uploads\/2021\/04\/covid-monaco-min.jpg","type":"image\/jpeg"}],"author":"Simon Zwierniak","twitter_card":"summary_large_image","twitter_creator":"@MonacoTribune","twitter_site":"@MonacoTribune","schema":{"@context":"https:\/\/schema.org","@graph":[{"@type":"NewsArticle","@id":"https:\/\/www.monaco-tribune.com\/it\/2021\/08\/covid-19-la-vaccinazione-ha-raggiunto-un-traguardo-simbolico-nel-principato\/#article","isPartOf":{"@id":"https:\/\/www.monaco-tribune.com\/it\/2021\/08\/covid-19-la-vaccinazione-ha-raggiunto-un-traguardo-simbolico-nel-principato\/"},"author":{"name":"Simon Zwierniak","@id":"https:\/\/www.monaco-tribune.com\/it\/#\/schema\/person\/8999750e061d77476d5caf542c77c841"},"headline":"Covid-19: la vaccinazione ha raggiunto un traguardo simbolico nel Principato","datePublished":"2021-08-30T15:40:28+00:00","dateModified":"2021-08-30T17:10:28+00:00","mainEntityOfPage":{"@id":"https:\/\/www.monaco-tribune.com\/it\/2021\/08\/covid-19-la-vaccinazione-ha-raggiunto-un-traguardo-simbolico-nel-principato\/"},"wordCount":173,"publisher":{"@id":"https:\/\/www.monaco-tribune.com\/it\/#organization"},"image":{"@id":"https:\/\/www.monaco-tribune.com\/it\/2021\/08\/covid-19-la-vaccinazione-ha-raggiunto-un-traguardo-simbolico-nel-principato\/#primaryimage"},"thumbnailUrl":"https:\/\/www.monaco-tribune.com\/wp-content\/uploads\/2021\/04\/covid-monaco-min.jpg","keywords":["Covid-19"],"articleSection":["Notizie"],"inLanguage":"it-IT","copyrightYear":"2021","copyrightHolder":{"@id":"https:\/\/www.monaco-tribune.com\/#organization"}},{"@type":"WebPage","@id":"https:\/\/www.monaco-tribune.com\/it\/2021\/08\/covid-19-la-vaccinazione-ha-raggiunto-un-traguardo-simbolico-nel-principato\/","url":"https:\/\/www.monaco-tribune.com\/it\/2021\/08\/covid-19-la-vaccinazione-ha-raggiunto-un-traguardo-simbolico-nel-principato\/","name":"Covid-19: la vaccinazione ha raggiunto un traguardo simbolico nel Principato","isPartOf":{"@id":"https:\/\/www.monaco-tribune.com\/it\/#website"},"primaryImageOfPage":{"@id":"https:\/\/www.monaco-tribune.com\/it\/2021\/08\/covid-19-la-vaccinazione-ha-raggiunto-un-traguardo-simbolico-nel-principato\/#primaryimage"},"image":{"@id":"https:\/\/www.monaco-tribune.com\/it\/2021\/08\/covid-19-la-vaccinazione-ha-raggiunto-un-traguardo-simbolico-nel-principato\/#primaryimage"},"thumbnailUrl":"https:\/\/www.monaco-tribune.com\/wp-content\/uploads\/2021\/04\/covid-monaco-min.jpg","datePublished":"2021-08-30T15:40:28+00:00","dateModified":"2021-08-30T17:10:28+00:00","description":"Dopo l'esplosione dei casi durante l'estate, la situazione comincia a migliorare. Domenica 29 agosto, a Monaco sono stati registrati otto guariti e nessun","breadcrumb":{"@id":"https:\/\/www.monaco-tribune.com\/it\/2021\/08\/covid-19-la-vaccinazione-ha-raggiunto-un-traguardo-simbolico-nel-principato\/#breadcrumb"},"inLanguage":"it-IT","potentialAction":[{"@type":"ReadAction","target":["https:\/\/www.monaco-tribune.com\/it\/2021\/08\/covid-19-la-vaccinazione-ha-raggiunto-un-traguardo-simbolico-nel-principato\/"]}]},{"@type":"ImageObject","inLanguage":"it-IT","@id":"https:\/\/www.monaco-tribune.com\/it\/2021\/08\/covid-19-la-vaccinazione-ha-raggiunto-un-traguardo-simbolico-nel-principato\/#primaryimage","url":"https:\/\/www.monaco-tribune.com\/wp-content\/uploads\/2021\/04\/covid-monaco-min.jpg","contentUrl":"https:\/\/www.monaco-tribune.com\/wp-content\/uploads\/2021\/04\/covid-monaco-min.jpg","width":1200,"height":800,"caption":"Monaco Tribune"},{"@type":"BreadcrumbList","@id":"https:\/\/www.monaco-tribune.com\/it\/2021\/08\/covid-19-la-vaccinazione-ha-raggiunto-un-traguardo-simbolico-nel-principato\/#breadcrumb","itemListElement":[{"@type":"ListItem","position":1,"name":"Accueil","item":"https:\/\/www.monaco-tribune.com\/it\/"},{"@type":"ListItem","position":2,"name":"Covid-19: la vaccinazione ha raggiunto un traguardo simbolico nel Principato"}]},{"@type":"WebSite","@id":"https:\/\/www.monaco-tribune.com\/it\/#website","url":"https:\/\/www.monaco-tribune.com\/it\/","name":"Monaco Tribune","description":"Monaco : actualit\u00e9s \u00e9conomiques, politiques, culturelles et sportives de Monaco et de la French Riviera.","publisher":{"@id":"https:\/\/www.monaco-tribune.com\/it\/#organization"},"potentialAction":[{"@type":"SearchAction","target":{"@type":"EntryPoint","urlTemplate":"https:\/\/www.monaco-tribune.com\/it\/?s={search_term_string}"},"query-input":{"@type":"PropertyValueSpecification","valueRequired":true,"valueName":"search_term_string"}}],"inLanguage":"it-IT"},{"@type":"Organization","@id":"https:\/\/www.monaco-tribune.com\/it\/#organization","name":"Monaco Tribune","url":"https:\/\/www.monaco-tribune.com\/it\/","logo":{"@type":"ImageObject","inLanguage":"it-IT","@id":"https:\/\/www.monaco-tribune.com\/it\/#\/schema\/logo\/image\/","url":"https:\/\/www.monaco-tribune.com\/wp-content\/uploads\/2022\/11\/logo-monaco-tribune.png","contentUrl":"https:\/\/www.monaco-tribune.com\/wp-content\/uploads\/2022\/11\/logo-monaco-tribune.png","width":1548,"height":600,"caption":"Monaco Tribune"},"image":{"@id":"https:\/\/www.monaco-tribune.com\/it\/#\/schema\/logo\/image\/"},"sameAs":["https:\/\/www.facebook.com\/MonacoTribune","https:\/\/x.com\/MonacoTribune","https:\/\/www.instagram.com\/monacotribune\/","https:\/\/www.linkedin.com\/company\/monaco-tribune","https:\/\/www.youtube.com\/channel\/UCHle1MnG6hw1y4lWKijVbMA"]},{"@type":"Person","@id":"https:\/\/www.monaco-tribune.com\/it\/#\/schema\/person\/8999750e061d77476d5caf542c77c841","name":"Simon Zwierniak","image":{"@type":"ImageObject","inLanguage":"it-IT","@id":"https:\/\/secure.gravatar.com\/avatar\/4996370fc4436ccbc5a09f3a9d6393bb07b46b707a1982d1874380fb0c5458de?s=96&d=mm&r=g","url":"https:\/\/secure.gravatar.com\/avatar\/4996370fc4436ccbc5a09f3a9d6393bb07b46b707a1982d1874380fb0c5458de?s=96&d=mm&r=g","contentUrl":"https:\/\/secure.gravatar.com\/avatar\/4996370fc4436ccbc5a09f3a9d6393bb07b46b707a1982d1874380fb0c5458de?s=96&d=mm&r=g","caption":"Simon Zwierniak"},"url":"https:\/\/www.monaco-tribune.com\/it\/author\/simonzwierniak\/"}]}},"_links":{"self":[{"href":"https:\/\/www.monaco-tribune.com\/it\/wp-json\/wp\/v2\/posts\/91821","targetHints":{"allow":["GET"]}}],"collection":[{"href":"https:\/\/www.monaco-tribune.com\/it\/wp-json\/wp\/v2\/posts"}],"about":[{"href":"https:\/\/www.monaco-tribune.com\/it\/wp-json\/wp\/v2\/types\/post"}],"author":[{"embeddable":true,"href":"https:\/\/www.monaco-tribune.com\/it\/wp-json\/wp\/v2\/users\/54"}],"replies":[{"embeddable":true,"href":"https:\/\/www.monaco-tribune.com\/it\/wp-json\/wp\/v2\/comments?post=91821"}],"version-history":[{"count":0,"href":"https:\/\/www.monaco-tribune.com\/it\/wp-json\/wp\/v2\/posts\/91821\/revisions"}],"wp:featuredmedia":[{"embeddable":true,"href":"https:\/\/www.monaco-tribune.com\/it\/wp-json\/wp\/v2\/media\/74593"}],"wp:attachment":[{"href":"https:\/\/www.monaco-tribune.com\/it\/wp-json\/wp\/v2\/media?parent=91821"}],"wp:term":[{"taxonomy":"category","embeddable":true,"href":"https:\/\/www.monaco-tribune.com\/it\/wp-json\/wp\/v2\/categories?post=91821"},{"taxonomy":"post_tag","embeddable":true,"href":"https:\/\/www.monaco-tribune.com\/it\/wp-json\/wp\/v2\/tags?post=91821"},{"taxonomy":"sectag","embeddable":true,"href":"https:\/\/www.monaco-tribune.com\/it\/wp-json\/wp\/v2\/post_sectags?post=91821"},{"taxonomy":"format","embeddable":true,"href":"https:\/\/www.monaco-tribune.com\/it\/wp-json\/wp\/v2\/post_format?post=91821"}],"curies":[{"name":"wp","href":"https:\/\/api.w.org\/{rel}","templated":true}]}}