{"id":91894,"date":"2021-08-31T17:21:44","date_gmt":"2021-08-31T15:21:44","guid":{"rendered":"https:\/\/www.monaco-tribune.com\/2021\/08\/intervista-a-leo-westermann-as-monaco-basket-volevo-trovare-stabilita-in-una-squadra-interessante\/"},"modified":"2021-08-31T17:23:04","modified_gmt":"2021-08-31T15:23:04","slug":"intervista-a-leo-westermann-as-monaco-basket-volevo-trovare-stabilita-in-una-squadra-interessante","status":"publish","type":"post","link":"https:\/\/www.monaco-tribune.com\/it\/2021\/08\/intervista-a-leo-westermann-as-monaco-basket-volevo-trovare-stabilita-in-una-squadra-interessante\/","title":{"rendered":"Intervista a L\u00e9o Westermann (AS Monaco Basket): &#8220;Cercavo stabilit\u00e0 in una squadra interessante&#8221;"},"content":{"rendered":"\n<p><strong>Arrivato quest&#8217;estate sulla Rocca direttamente dall&#8217;FC Barcelona, il playmaker francese si racconta a Monaco Tribune a un passo dall&#8217;inizio della stagione.<\/strong><\/p>\n\n\n\n<p>Destinato a rimpiazzare Dee Bost alla guida dei cinque, L\u00e9o Westermann (29 anni) si \u00e8 unito al Roca Team. La sua ambizione? Brillare come squadra. Specialmente ora che l&#8217;AS Monaco Basket si appresta a disputare l&#8217;Euroligue per la prima volta nella storia.<\/p>\n\n\n\n<p><strong>Perch\u00e9 hai scelto di unirti al Roca Team?<\/strong><\/p>\n\n\n\n<p>Per la sfida, che \u00e8 immensa! Sono felice di entrare in una squadra che sta scalando le classifiche a velocit\u00e0 supersonica e che beneficia di un certo status dopo la sua vittoria in EuroCup. \u00c8 una squadra che ha anche qualcosa da dimostrare, dopo la bella stagione che ha appena trascorso.<\/p>\n\n\n\n<p><strong>Dopo due stagioni nel Fenerbah\u00e7e e una nell&#8217;FC Barcelona, perch\u00e9 hai scelto l&#8217;AS Monaco Basket? \u00c8 perch\u00e9 \u00e8 in Euroligue?<\/strong><\/p>\n\n\n\n<p>S\u00ec e no. Certo, volevo restare nel mondo delle competizioni europee. Ma dopo due anni complicati, volevo soprattutto prendermi nuove responsabilit\u00e0, in una squadra in cui mi sento desiderato. La chiamata di Zvevdan Mitrovi\u0107 ha influito sulla decisione. Il fatto che la squadra e lo staff si interessino a me mi d\u00e0 fiducia. Sono venuto con l&#8217;ottica di trovare stabilit\u00e0, in una squadra interessante. Ho solo sentito cose belle sul Roca Team, sui dipendenti, sullo staff o sui giocatori.<\/p>\n\n\n\n<blockquote class=\"wp-block-quote is-layout-flow wp-block-quote-is-layout-flow\"><p>Sono tutti gi\u00e0 molto coinvolti, \u00e8 una cosa bella.<\/p><\/blockquote>\n\n\n\n<p><strong>Come ti stai integrando nel gruppo?<\/strong><\/p>\n\n\n\n<p>\u00c8 ancora un po&#8217; presto per fare un bilancio. Ma le prime impressioni sono buone. Sono tutti gi\u00e0 molto coinvolti, \u00e8 una cosa bella. Tutta la squadra \u00e8 motivata. L&#8217;alchimia nascer\u00e0 a poco a poco, quando ci saranno tutti i giocatori. Ma la voglia e l&#8217;entusiasmo non mancano.<\/p>\n\n\n\n<p><strong>Il corso di preparazione in Italia non \u00e8 troppo duro?<\/strong><\/p>\n\n\n\n<p>(Sorride) \u00c8 fatto per questo! Siamo tagliati fuori dal mondo, nella nostra bolla, contiamo sulle nostre forze. L&#8217;equipe medica \u00e8 molto in gamba. Recuperiamo bene dopo gli allenamento. \u00c8 di ottimo auspicio per il futuro.<\/p>\n\n\n\n<blockquote class=\"wp-block-quote is-layout-flow wp-block-quote-is-layout-flow\"><p>Zvevdan Mitrovi\u0107? Un allenatore che riesce a tirare fuori il meglio dai suoi giocatori.<\/p><\/blockquote>\n\n\n\n<p><strong>Una parola sull&#8217;allenatore Zvezdan Mitrovi\u0107?<\/strong><\/p>\n\n\n\n<p>\u00c8 un allenatore che conoscevo da tempo. Dopo il mio passaggio nel CSKA Mosca, ho avuto l&#8217;occasione di allenarmi nell&#8217;ASVEL in attesa di trovare una squadra. C&#8217;era Zvezdan in quel periodo. Ho potuto scoprire i suoi metodi. \u00c8 un allenatore che riesce sempre a tirare fuori il meglio dei suoi giocatori e delle sue squadre. Ero entusiasta all&#8217;idea di giocare per lui.<\/p>\n\n\n\n<p><strong>A cosa punta il Roca Team questa stagione?<\/strong><\/p>\n\n\n\n<p>In campionato, lo sappiamo gi\u00e0, l&#8217;obiettivo \u00e8 chiaro, vogliamo avere un ruolo di spicco e lottare per il titolo di campioni di Francia. In Euroligue, \u00e8 diverso. Siamo un po&#8217; i nuovi arrivati della competizione. Saremo meno sotto pressione rispetto ad altre squadre. Ci aspettiamo di subire, ma daremo il massimo per brillare in questa gara. Vogliamo mostrare che l&#8217;AS Monaco Basket pu\u00f2 fare bella figura nella pi\u00f9 prestigiosa delle competizioni europee.<\/p>\n\n\n\n<p><strong>La nazionale di Francia. Ci pensi mai?<\/strong><\/p>\n\n\n\n<p>Onestamente, non tanto. Cerco di concentrarmi sulla mia squadra. Se succeder\u00e0, tanto meglio. Altrimenti, sar\u00f2 sempre il primo fan dei Bleus, questo \u00e8 certo!<\/p>\n\n\n\n<p><strong>&gt;&gt; LEGGI ANCHE: <\/strong><a href=\"https:\/\/www.monaco-tribune.com\/it\/2021\/05\/oleksiy-yefimov-il-giovane-architetto-del-roca-team\/\">Oleksiy Yefimov, il giovane architetto del Roca Team<\/a><\/p>\n\n\n\n<p><strong>&gt;&gt; LEGGI ANCHE: <\/strong><a href=\"https:\/\/www.monaco-tribune.com\/it\/2020\/09\/la-storia-tra-zvevdan-mitrovic-e-las-monaco-basket-ha-il-suo-lieto-fine\/\">La storia tra Zvevdan Mitrovi\u0107 e l\u2019AS Monaco Basket ha il suo lieto fine<\/a><\/p>\n","protected":false},"excerpt":{"rendered":"<p>Arrivato quest&#8217;estate sulla Rocca direttamente dall&#8217;FC Barcelona, il playmaker francese si racconta a Monaco Tribune a un passo dall&#8217;inizio della [&hellip;]<\/p>\n","protected":false},"author":24,"featured_media":91758,"comment_status":"closed","ping_status":"closed","sticky":false,"template":"","format":"standard","meta":{"_acf_changed":false,"footnotes":""},"categories":[1826,1738,1743],"tags":[3001],"post_sectags":[],"post_format":[2476],"class_list":["post-91894","post","type-post","status-publish","format-standard","has-post-thumbnail","hentry","category-la-nostra-scelta","category-notizie","category-sport-it","tag-roca-team-it","format-intervista"],"acf":[],"yoast_head":"<!-- This site is optimized with the Yoast SEO Premium plugin v26.8 (Yoast SEO v27.5) - https:\/\/yoast.com\/product\/yoast-seo-premium-wordpress\/ -->\n<title>Intervista a L\u00e9o Westermann (AS Monaco Basket): &quot;Cercavo stabilit\u00e0 in una squadra interessante&quot;<\/title>\n<meta name=\"description\" content=\"Arrivato quest&#039;estate sulla Rocca direttamente dall&#039;FC Barcelona, il playmaker francese si racconta a Monaco Tribune a un passo dall&#039;inizio della\" \/>\n<meta name=\"robots\" content=\"index, follow, max-snippet:-1, max-image-preview:large, max-video-preview:-1\" \/>\n<link rel=\"canonical\" href=\"https:\/\/www.monaco-tribune.com\/it\/2021\/08\/intervista-a-leo-westermann-as-monaco-basket-volevo-trovare-stabilita-in-una-squadra-interessante\/\" \/>\n<meta property=\"og:locale\" content=\"it_IT\" \/>\n<meta property=\"og:type\" content=\"article\" \/>\n<meta property=\"og:title\" content=\"Intervista a L\u00e9o Westermann (AS Monaco Basket): &quot;Cercavo stabilit\u00e0 in una squadra interessante&quot; - Monaco Tribune\" \/>\n<meta property=\"og:description\" content=\"Arrivato quest&#039;estate sulla Rocca direttamente dall&#039;FC Barcelona, il playmaker francese si racconta a Monaco Tribune a un passo dall&#039;inizio della\" \/>\n<meta property=\"og:url\" content=\"https:\/\/www.monaco-tribune.com\/it\/2021\/08\/intervista-a-leo-westermann-as-monaco-basket-volevo-trovare-stabilita-in-una-squadra-interessante\/\" \/>\n<meta property=\"og:site_name\" content=\"Monaco Tribune\" \/>\n<meta property=\"article:publisher\" content=\"https:\/\/www.facebook.com\/MonacoTribune\" \/>\n<meta property=\"article:published_time\" content=\"2021-08-31T15:21:44+00:00\" \/>\n<meta property=\"article:modified_time\" content=\"2021-08-31T15:23:04+00:00\" \/>\n<meta property=\"og:image\" content=\"https:\/\/www.monaco-tribune.com\/wp-content\/uploads\/2021\/08\/leo-westermann-roca-team-min-e1630330484677.jpg\" \/>\n\t<meta property=\"og:image:width\" content=\"841\" \/>\n\t<meta property=\"og:image:height\" content=\"620\" \/>\n\t<meta property=\"og:image:type\" content=\"image\/jpeg\" \/>\n<meta name=\"author\" content=\"Romain Boisaubert\" \/>\n<meta name=\"twitter:card\" content=\"summary_large_image\" \/>\n<meta name=\"twitter:creator\" content=\"@MonacoTribune\" \/>\n<meta name=\"twitter:site\" content=\"@MonacoTribune\" \/>\n<script type=\"application\/ld+json\" class=\"yoast-schema-graph\">{\"@context\":\"https:\\\/\\\/schema.org\",\"@graph\":[{\"@type\":\"NewsArticle\",\"@id\":\"https:\\\/\\\/www.monaco-tribune.com\\\/it\\\/2021\\\/08\\\/intervista-a-leo-westermann-as-monaco-basket-volevo-trovare-stabilita-in-una-squadra-interessante\\\/#article\",\"isPartOf\":{\"@id\":\"https:\\\/\\\/www.monaco-tribune.com\\\/it\\\/2021\\\/08\\\/intervista-a-leo-westermann-as-monaco-basket-volevo-trovare-stabilita-in-una-squadra-interessante\\\/\"},\"author\":{\"name\":\"Romain Boisaubert\",\"@id\":\"https:\\\/\\\/www.monaco-tribune.com\\\/it\\\/#\\\/schema\\\/person\\\/330a3732947cf8cb41b2533a0eadd62e\"},\"headline\":\"Intervista a L\u00e9o Westermann (AS Monaco Basket): &#8220;Cercavo stabilit\u00e0 in una squadra interessante&#8221;\",\"datePublished\":\"2021-08-31T15:21:44+00:00\",\"dateModified\":\"2021-08-31T15:23:04+00:00\",\"mainEntityOfPage\":{\"@id\":\"https:\\\/\\\/www.monaco-tribune.com\\\/it\\\/2021\\\/08\\\/intervista-a-leo-westermann-as-monaco-basket-volevo-trovare-stabilita-in-una-squadra-interessante\\\/\"},\"wordCount\":567,\"publisher\":{\"@id\":\"https:\\\/\\\/www.monaco-tribune.com\\\/it\\\/#organization\"},\"image\":{\"@id\":\"https:\\\/\\\/www.monaco-tribune.com\\\/it\\\/2021\\\/08\\\/intervista-a-leo-westermann-as-monaco-basket-volevo-trovare-stabilita-in-una-squadra-interessante\\\/#primaryimage\"},\"thumbnailUrl\":\"https:\\\/\\\/www.monaco-tribune.com\\\/wp-content\\\/uploads\\\/2021\\\/08\\\/leo-westermann-roca-team-min-e1630330484677.jpg\",\"keywords\":[\"Roca Team\"],\"articleSection\":[\"La nostra scelta\",\"Notizie\",\"Sport\"],\"inLanguage\":\"it-IT\",\"copyrightYear\":\"2021\",\"copyrightHolder\":{\"@id\":\"https:\\\/\\\/www.monaco-tribune.com\\\/#organization\"}},{\"@type\":\"WebPage\",\"@id\":\"https:\\\/\\\/www.monaco-tribune.com\\\/it\\\/2021\\\/08\\\/intervista-a-leo-westermann-as-monaco-basket-volevo-trovare-stabilita-in-una-squadra-interessante\\\/\",\"url\":\"https:\\\/\\\/www.monaco-tribune.com\\\/it\\\/2021\\\/08\\\/intervista-a-leo-westermann-as-monaco-basket-volevo-trovare-stabilita-in-una-squadra-interessante\\\/\",\"name\":\"Intervista a L\u00e9o Westermann (AS Monaco Basket): \\\"Cercavo stabilit\u00e0 in una squadra interessante\\\"\",\"isPartOf\":{\"@id\":\"https:\\\/\\\/www.monaco-tribune.com\\\/it\\\/#website\"},\"primaryImageOfPage\":{\"@id\":\"https:\\\/\\\/www.monaco-tribune.com\\\/it\\\/2021\\\/08\\\/intervista-a-leo-westermann-as-monaco-basket-volevo-trovare-stabilita-in-una-squadra-interessante\\\/#primaryimage\"},\"image\":{\"@id\":\"https:\\\/\\\/www.monaco-tribune.com\\\/it\\\/2021\\\/08\\\/intervista-a-leo-westermann-as-monaco-basket-volevo-trovare-stabilita-in-una-squadra-interessante\\\/#primaryimage\"},\"thumbnailUrl\":\"https:\\\/\\\/www.monaco-tribune.com\\\/wp-content\\\/uploads\\\/2021\\\/08\\\/leo-westermann-roca-team-min-e1630330484677.jpg\",\"datePublished\":\"2021-08-31T15:21:44+00:00\",\"dateModified\":\"2021-08-31T15:23:04+00:00\",\"description\":\"Arrivato quest'estate sulla Rocca direttamente dall'FC Barcelona, il playmaker francese si racconta a Monaco Tribune a un passo dall'inizio della\",\"breadcrumb\":{\"@id\":\"https:\\\/\\\/www.monaco-tribune.com\\\/it\\\/2021\\\/08\\\/intervista-a-leo-westermann-as-monaco-basket-volevo-trovare-stabilita-in-una-squadra-interessante\\\/#breadcrumb\"},\"inLanguage\":\"it-IT\",\"potentialAction\":[{\"@type\":\"ReadAction\",\"target\":[\"https:\\\/\\\/www.monaco-tribune.com\\\/it\\\/2021\\\/08\\\/intervista-a-leo-westermann-as-monaco-basket-volevo-trovare-stabilita-in-una-squadra-interessante\\\/\"]}]},{\"@type\":\"ImageObject\",\"inLanguage\":\"it-IT\",\"@id\":\"https:\\\/\\\/www.monaco-tribune.com\\\/it\\\/2021\\\/08\\\/intervista-a-leo-westermann-as-monaco-basket-volevo-trovare-stabilita-in-una-squadra-interessante\\\/#primaryimage\",\"url\":\"https:\\\/\\\/www.monaco-tribune.com\\\/wp-content\\\/uploads\\\/2021\\\/08\\\/leo-westermann-roca-team-min-e1630330484677.jpg\",\"contentUrl\":\"https:\\\/\\\/www.monaco-tribune.com\\\/wp-content\\\/uploads\\\/2021\\\/08\\\/leo-westermann-roca-team-min-e1630330484677.jpg\",\"width\":841,\"height\":620,\"caption\":\"Roca Team\"},{\"@type\":\"BreadcrumbList\",\"@id\":\"https:\\\/\\\/www.monaco-tribune.com\\\/it\\\/2021\\\/08\\\/intervista-a-leo-westermann-as-monaco-basket-volevo-trovare-stabilita-in-una-squadra-interessante\\\/#breadcrumb\",\"itemListElement\":[{\"@type\":\"ListItem\",\"position\":1,\"name\":\"Accueil\",\"item\":\"https:\\\/\\\/www.monaco-tribune.com\\\/it\\\/\"},{\"@type\":\"ListItem\",\"position\":2,\"name\":\"Intervista a L\u00e9o Westermann (AS Monaco Basket): \u00ab\u00a0Cercavo stabilit\u00e0 in una squadra interessante\u00a0\u00bb\"}]},{\"@type\":\"WebSite\",\"@id\":\"https:\\\/\\\/www.monaco-tribune.com\\\/it\\\/#website\",\"url\":\"https:\\\/\\\/www.monaco-tribune.com\\\/it\\\/\",\"name\":\"Monaco Tribune\",\"description\":\"Monaco : actualit\u00e9s \u00e9conomiques, politiques, culturelles et sportives de Monaco et de la French Riviera.\",\"publisher\":{\"@id\":\"https:\\\/\\\/www.monaco-tribune.com\\\/it\\\/#organization\"},\"potentialAction\":[{\"@type\":\"SearchAction\",\"target\":{\"@type\":\"EntryPoint\",\"urlTemplate\":\"https:\\\/\\\/www.monaco-tribune.com\\\/it\\\/?s={search_term_string}\"},\"query-input\":{\"@type\":\"PropertyValueSpecification\",\"valueRequired\":true,\"valueName\":\"search_term_string\"}}],\"inLanguage\":\"it-IT\"},{\"@type\":\"Organization\",\"@id\":\"https:\\\/\\\/www.monaco-tribune.com\\\/it\\\/#organization\",\"name\":\"Monaco Tribune\",\"url\":\"https:\\\/\\\/www.monaco-tribune.com\\\/it\\\/\",\"logo\":{\"@type\":\"ImageObject\",\"inLanguage\":\"it-IT\",\"@id\":\"https:\\\/\\\/www.monaco-tribune.com\\\/it\\\/#\\\/schema\\\/logo\\\/image\\\/\",\"url\":\"https:\\\/\\\/www.monaco-tribune.com\\\/wp-content\\\/uploads\\\/2022\\\/11\\\/logo-monaco-tribune.png\",\"contentUrl\":\"https:\\\/\\\/www.monaco-tribune.com\\\/wp-content\\\/uploads\\\/2022\\\/11\\\/logo-monaco-tribune.png\",\"width\":1548,\"height\":600,\"caption\":\"Monaco Tribune\"},\"image\":{\"@id\":\"https:\\\/\\\/www.monaco-tribune.com\\\/it\\\/#\\\/schema\\\/logo\\\/image\\\/\"},\"sameAs\":[\"https:\\\/\\\/www.facebook.com\\\/MonacoTribune\",\"https:\\\/\\\/x.com\\\/MonacoTribune\",\"https:\\\/\\\/www.instagram.com\\\/monacotribune\\\/\",\"https:\\\/\\\/www.linkedin.com\\\/company\\\/monaco-tribune\",\"https:\\\/\\\/www.youtube.com\\\/channel\\\/UCHle1MnG6hw1y4lWKijVbMA\"]},{\"@type\":\"Person\",\"@id\":\"https:\\\/\\\/www.monaco-tribune.com\\\/it\\\/#\\\/schema\\\/person\\\/330a3732947cf8cb41b2533a0eadd62e\",\"name\":\"Romain Boisaubert\",\"image\":{\"@type\":\"ImageObject\",\"inLanguage\":\"it-IT\",\"@id\":\"https:\\\/\\\/secure.gravatar.com\\\/avatar\\\/f8b90d41f1eabd1cbe4cf59e09d8db41a697d51919bf2dfe727589a24a4a4d54?s=96&d=mm&r=g\",\"url\":\"https:\\\/\\\/secure.gravatar.com\\\/avatar\\\/f8b90d41f1eabd1cbe4cf59e09d8db41a697d51919bf2dfe727589a24a4a4d54?s=96&d=mm&r=g\",\"contentUrl\":\"https:\\\/\\\/secure.gravatar.com\\\/avatar\\\/f8b90d41f1eabd1cbe4cf59e09d8db41a697d51919bf2dfe727589a24a4a4d54?s=96&d=mm&r=g\",\"caption\":\"Romain Boisaubert\"},\"description\":\"Test bio\",\"url\":\"https:\\\/\\\/www.monaco-tribune.com\\\/it\\\/author\\\/romain-boisaubert\\\/\"}]}<\/script>\n<!-- \/ Yoast SEO Premium plugin. -->","yoast_head_json":{"title":"Intervista a L\u00e9o Westermann (AS Monaco Basket): \"Cercavo stabilit\u00e0 in una squadra interessante\"","description":"Arrivato quest'estate sulla Rocca direttamente dall'FC Barcelona, il playmaker francese si racconta a Monaco Tribune a un passo dall'inizio della","robots":{"index":"index","follow":"follow","max-snippet":"max-snippet:-1","max-image-preview":"max-image-preview:large","max-video-preview":"max-video-preview:-1"},"canonical":"https:\/\/www.monaco-tribune.com\/it\/2021\/08\/intervista-a-leo-westermann-as-monaco-basket-volevo-trovare-stabilita-in-una-squadra-interessante\/","og_locale":"it_IT","og_type":"article","og_title":"Intervista a L\u00e9o Westermann (AS Monaco Basket): \"Cercavo stabilit\u00e0 in una squadra interessante\" - Monaco Tribune","og_description":"Arrivato quest'estate sulla Rocca direttamente dall'FC Barcelona, il playmaker francese si racconta a Monaco Tribune a un passo dall'inizio della","og_url":"https:\/\/www.monaco-tribune.com\/it\/2021\/08\/intervista-a-leo-westermann-as-monaco-basket-volevo-trovare-stabilita-in-una-squadra-interessante\/","og_site_name":"Monaco Tribune","article_publisher":"https:\/\/www.facebook.com\/MonacoTribune","article_published_time":"2021-08-31T15:21:44+00:00","article_modified_time":"2021-08-31T15:23:04+00:00","og_image":[{"width":841,"height":620,"url":"https:\/\/www.monaco-tribune.com\/wp-content\/uploads\/2021\/08\/leo-westermann-roca-team-min-e1630330484677.jpg","type":"image\/jpeg"}],"author":"Romain Boisaubert","twitter_card":"summary_large_image","twitter_creator":"@MonacoTribune","twitter_site":"@MonacoTribune","schema":{"@context":"https:\/\/schema.org","@graph":[{"@type":"NewsArticle","@id":"https:\/\/www.monaco-tribune.com\/it\/2021\/08\/intervista-a-leo-westermann-as-monaco-basket-volevo-trovare-stabilita-in-una-squadra-interessante\/#article","isPartOf":{"@id":"https:\/\/www.monaco-tribune.com\/it\/2021\/08\/intervista-a-leo-westermann-as-monaco-basket-volevo-trovare-stabilita-in-una-squadra-interessante\/"},"author":{"name":"Romain Boisaubert","@id":"https:\/\/www.monaco-tribune.com\/it\/#\/schema\/person\/330a3732947cf8cb41b2533a0eadd62e"},"headline":"Intervista a L\u00e9o Westermann (AS Monaco Basket): &#8220;Cercavo stabilit\u00e0 in una squadra interessante&#8221;","datePublished":"2021-08-31T15:21:44+00:00","dateModified":"2021-08-31T15:23:04+00:00","mainEntityOfPage":{"@id":"https:\/\/www.monaco-tribune.com\/it\/2021\/08\/intervista-a-leo-westermann-as-monaco-basket-volevo-trovare-stabilita-in-una-squadra-interessante\/"},"wordCount":567,"publisher":{"@id":"https:\/\/www.monaco-tribune.com\/it\/#organization"},"image":{"@id":"https:\/\/www.monaco-tribune.com\/it\/2021\/08\/intervista-a-leo-westermann-as-monaco-basket-volevo-trovare-stabilita-in-una-squadra-interessante\/#primaryimage"},"thumbnailUrl":"https:\/\/www.monaco-tribune.com\/wp-content\/uploads\/2021\/08\/leo-westermann-roca-team-min-e1630330484677.jpg","keywords":["Roca Team"],"articleSection":["La nostra scelta","Notizie","Sport"],"inLanguage":"it-IT","copyrightYear":"2021","copyrightHolder":{"@id":"https:\/\/www.monaco-tribune.com\/#organization"}},{"@type":"WebPage","@id":"https:\/\/www.monaco-tribune.com\/it\/2021\/08\/intervista-a-leo-westermann-as-monaco-basket-volevo-trovare-stabilita-in-una-squadra-interessante\/","url":"https:\/\/www.monaco-tribune.com\/it\/2021\/08\/intervista-a-leo-westermann-as-monaco-basket-volevo-trovare-stabilita-in-una-squadra-interessante\/","name":"Intervista a L\u00e9o Westermann (AS Monaco Basket): \"Cercavo stabilit\u00e0 in una squadra interessante\"","isPartOf":{"@id":"https:\/\/www.monaco-tribune.com\/it\/#website"},"primaryImageOfPage":{"@id":"https:\/\/www.monaco-tribune.com\/it\/2021\/08\/intervista-a-leo-westermann-as-monaco-basket-volevo-trovare-stabilita-in-una-squadra-interessante\/#primaryimage"},"image":{"@id":"https:\/\/www.monaco-tribune.com\/it\/2021\/08\/intervista-a-leo-westermann-as-monaco-basket-volevo-trovare-stabilita-in-una-squadra-interessante\/#primaryimage"},"thumbnailUrl":"https:\/\/www.monaco-tribune.com\/wp-content\/uploads\/2021\/08\/leo-westermann-roca-team-min-e1630330484677.jpg","datePublished":"2021-08-31T15:21:44+00:00","dateModified":"2021-08-31T15:23:04+00:00","description":"Arrivato quest'estate sulla Rocca direttamente dall'FC Barcelona, il playmaker francese si racconta a Monaco Tribune a un passo dall'inizio della","breadcrumb":{"@id":"https:\/\/www.monaco-tribune.com\/it\/2021\/08\/intervista-a-leo-westermann-as-monaco-basket-volevo-trovare-stabilita-in-una-squadra-interessante\/#breadcrumb"},"inLanguage":"it-IT","potentialAction":[{"@type":"ReadAction","target":["https:\/\/www.monaco-tribune.com\/it\/2021\/08\/intervista-a-leo-westermann-as-monaco-basket-volevo-trovare-stabilita-in-una-squadra-interessante\/"]}]},{"@type":"ImageObject","inLanguage":"it-IT","@id":"https:\/\/www.monaco-tribune.com\/it\/2021\/08\/intervista-a-leo-westermann-as-monaco-basket-volevo-trovare-stabilita-in-una-squadra-interessante\/#primaryimage","url":"https:\/\/www.monaco-tribune.com\/wp-content\/uploads\/2021\/08\/leo-westermann-roca-team-min-e1630330484677.jpg","contentUrl":"https:\/\/www.monaco-tribune.com\/wp-content\/uploads\/2021\/08\/leo-westermann-roca-team-min-e1630330484677.jpg","width":841,"height":620,"caption":"Roca Team"},{"@type":"BreadcrumbList","@id":"https:\/\/www.monaco-tribune.com\/it\/2021\/08\/intervista-a-leo-westermann-as-monaco-basket-volevo-trovare-stabilita-in-una-squadra-interessante\/#breadcrumb","itemListElement":[{"@type":"ListItem","position":1,"name":"Accueil","item":"https:\/\/www.monaco-tribune.com\/it\/"},{"@type":"ListItem","position":2,"name":"Intervista a L\u00e9o Westermann (AS Monaco Basket): \u00ab\u00a0Cercavo stabilit\u00e0 in una squadra interessante\u00a0\u00bb"}]},{"@type":"WebSite","@id":"https:\/\/www.monaco-tribune.com\/it\/#website","url":"https:\/\/www.monaco-tribune.com\/it\/","name":"Monaco Tribune","description":"Monaco : actualit\u00e9s \u00e9conomiques, politiques, culturelles et sportives de Monaco et de la French Riviera.","publisher":{"@id":"https:\/\/www.monaco-tribune.com\/it\/#organization"},"potentialAction":[{"@type":"SearchAction","target":{"@type":"EntryPoint","urlTemplate":"https:\/\/www.monaco-tribune.com\/it\/?s={search_term_string}"},"query-input":{"@type":"PropertyValueSpecification","valueRequired":true,"valueName":"search_term_string"}}],"inLanguage":"it-IT"},{"@type":"Organization","@id":"https:\/\/www.monaco-tribune.com\/it\/#organization","name":"Monaco Tribune","url":"https:\/\/www.monaco-tribune.com\/it\/","logo":{"@type":"ImageObject","inLanguage":"it-IT","@id":"https:\/\/www.monaco-tribune.com\/it\/#\/schema\/logo\/image\/","url":"https:\/\/www.monaco-tribune.com\/wp-content\/uploads\/2022\/11\/logo-monaco-tribune.png","contentUrl":"https:\/\/www.monaco-tribune.com\/wp-content\/uploads\/2022\/11\/logo-monaco-tribune.png","width":1548,"height":600,"caption":"Monaco Tribune"},"image":{"@id":"https:\/\/www.monaco-tribune.com\/it\/#\/schema\/logo\/image\/"},"sameAs":["https:\/\/www.facebook.com\/MonacoTribune","https:\/\/x.com\/MonacoTribune","https:\/\/www.instagram.com\/monacotribune\/","https:\/\/www.linkedin.com\/company\/monaco-tribune","https:\/\/www.youtube.com\/channel\/UCHle1MnG6hw1y4lWKijVbMA"]},{"@type":"Person","@id":"https:\/\/www.monaco-tribune.com\/it\/#\/schema\/person\/330a3732947cf8cb41b2533a0eadd62e","name":"Romain Boisaubert","image":{"@type":"ImageObject","inLanguage":"it-IT","@id":"https:\/\/secure.gravatar.com\/avatar\/f8b90d41f1eabd1cbe4cf59e09d8db41a697d51919bf2dfe727589a24a4a4d54?s=96&d=mm&r=g","url":"https:\/\/secure.gravatar.com\/avatar\/f8b90d41f1eabd1cbe4cf59e09d8db41a697d51919bf2dfe727589a24a4a4d54?s=96&d=mm&r=g","contentUrl":"https:\/\/secure.gravatar.com\/avatar\/f8b90d41f1eabd1cbe4cf59e09d8db41a697d51919bf2dfe727589a24a4a4d54?s=96&d=mm&r=g","caption":"Romain Boisaubert"},"description":"Test bio","url":"https:\/\/www.monaco-tribune.com\/it\/author\/romain-boisaubert\/"}]}},"_links":{"self":[{"href":"https:\/\/www.monaco-tribune.com\/it\/wp-json\/wp\/v2\/posts\/91894","targetHints":{"allow":["GET"]}}],"collection":[{"href":"https:\/\/www.monaco-tribune.com\/it\/wp-json\/wp\/v2\/posts"}],"about":[{"href":"https:\/\/www.monaco-tribune.com\/it\/wp-json\/wp\/v2\/types\/post"}],"author":[{"embeddable":true,"href":"https:\/\/www.monaco-tribune.com\/it\/wp-json\/wp\/v2\/users\/24"}],"replies":[{"embeddable":true,"href":"https:\/\/www.monaco-tribune.com\/it\/wp-json\/wp\/v2\/comments?post=91894"}],"version-history":[{"count":0,"href":"https:\/\/www.monaco-tribune.com\/it\/wp-json\/wp\/v2\/posts\/91894\/revisions"}],"wp:featuredmedia":[{"embeddable":true,"href":"https:\/\/www.monaco-tribune.com\/it\/wp-json\/wp\/v2\/media\/91758"}],"wp:attachment":[{"href":"https:\/\/www.monaco-tribune.com\/it\/wp-json\/wp\/v2\/media?parent=91894"}],"wp:term":[{"taxonomy":"category","embeddable":true,"href":"https:\/\/www.monaco-tribune.com\/it\/wp-json\/wp\/v2\/categories?post=91894"},{"taxonomy":"post_tag","embeddable":true,"href":"https:\/\/www.monaco-tribune.com\/it\/wp-json\/wp\/v2\/tags?post=91894"},{"taxonomy":"sectag","embeddable":true,"href":"https:\/\/www.monaco-tribune.com\/it\/wp-json\/wp\/v2\/post_sectags?post=91894"},{"taxonomy":"format","embeddable":true,"href":"https:\/\/www.monaco-tribune.com\/it\/wp-json\/wp\/v2\/post_format?post=91894"}],"curies":[{"name":"wp","href":"https:\/\/api.w.org\/{rel}","templated":true}]}}