{"id":92147,"date":"2021-09-02T17:22:14","date_gmt":"2021-09-02T15:22:14","guid":{"rendered":"https:\/\/www.monaco-tribune.com\/2021\/09\/gli-eventi-autunnali-del-grimaldi-forum\/"},"modified":"2021-09-02T17:23:15","modified_gmt":"2021-09-02T15:23:15","slug":"gli-eventi-autunnali-del-grimaldi-forum","status":"publish","type":"post","link":"https:\/\/www.monaco-tribune.com\/it\/2021\/09\/gli-eventi-autunnali-del-grimaldi-forum\/","title":{"rendered":"Gli eventi autunnali del Grimaldi Forum"},"content":{"rendered":"\n<p><strong>Dopo la mostra di Giacometti di quest&#8217;estate, il Grimaldi Forum \u00e8 pronto a farvi vivere una fine dell&#8217;anno memorabile.<\/strong><\/p>\n\n<p>Dal 9 settembre, il rientro dalle ferie avr\u00e0 un sottofondo musicale con il ritorno del jazz, dell&#8217;hip-hop e dell&#8217;house music, tutto in un solo gruppo: i Lehmanns Brothers. Se non \u00e8 il vostro genere, l&#8217;11 settembre vi aspetta Julien Clerc con il suo nuovo album &#8220;Terrien&#8221;.<\/p>\n\n<p>Dal 16 al 18 settembre, appuntamento all&#8217;AMWC &#8211; Aesthetic &amp; Anti-Aging Medecine World Congress, la prima conferenza nell&#8217;ambito della medicina estetica e anti-age. Dal 27 al 29 settembre, l&#8217;attenzione si sposta invece sul packaging e il design con il Luxe Pack Monaco.<\/p>\n\n<p>Per riscaldarsi un po&#8217; questo autunno, cosa c&#8217;\u00e8 di meglio di un po&#8217; di sport, con il salone Sportel dal 5 al 7 ottobre? Altrimenti, rilassatevi al concerto di blues, country e rock di Will Barber, in programma il 7 ottobre.<\/p>\n\n<p>Dal 13 al 16 ottobre, il salone &#8220;Le basi della cybersecurity&#8221; tratter\u00e0 le problematiche attuali e future della cybersicurezza.<\/p>\n\n<h2 class=\"wp-block-heading\" id=\"h-la-musique-l-humour-et-la-jeunesse-pour-la-fin-de-l-ann-e\">Musica, umorismo e infanzia per accompagnare la fine dell&#8217;anno<\/h2>\n\n<p>Il mese di ottobre prosegue con l&#8217;arrivo di un pianista di fama mondiale. Il 21, Lang Lang allieter\u00e0 le vostre orecchie con variazioni di Goldberg e Bach.<\/p>\n\n<p>Dal 26 al 28 ottobre, Business e networking saranno al centro delle discussioni tra esperti del settore in occasione del One to one retail e-commerce Monaco.<\/p>\n\n<p>Dal 10 al 13 novembre, invece, la comicit\u00e0 far\u00e0 da protagonista, con Patrick Bosso, Hassan de Monaco e Elie Semoun. Ci sar\u00e0 da ridere!<\/p>\n\n<p>L&#8217;11 novembre, lo stile vi aprir\u00e0 le sue porte con il gruppo O&#8217;sisters. Si torna poi alla sport, ma questa volta si parla di prevenzione, con la sesta conferenza mondiale del CIO sulla prevenzione degli infortuni e delle malattie nello sport, dal 25 al 27 novembre.<\/p>\n\n<p>Se vi manca la musica, il 4 dicembre Benjamin Biolay allevier\u00e0 le vostre pene con il suo album &#8220;Grand Prix&#8221;, gi\u00e0 disco d&#8217;oro. Infine, l&#8217;8 dicembre, Pat&#8217; Patrouille &#8211; lo spettacolo! render\u00e0 omaggio all&#8217;infanzia, per la felicit\u00e0 dei pi\u00f9 piccoli, ma soprattutto dei genitori&#8230;<\/p>\n\n<p><em>Scoprite tutto gli eventi <a href=\"https:\/\/www.grimaldiforum.com\/fr\/agenda-manifestations-monaco\">sul sito del Grimaldi Forum<\/a><\/em><\/p>\n","protected":false},"excerpt":{"rendered":"<p>Dopo la mostra di Giacometti di quest&#8217;estate, il Grimaldi Forum \u00e8 pronto a farvi vivere una fine dell&#8217;anno memorabile. Dal [&hellip;]<\/p>\n","protected":false},"author":53,"featured_media":58773,"comment_status":"closed","ping_status":"closed","sticky":false,"template":"","format":"standard","meta":{"_acf_changed":false,"footnotes":""},"categories":[1740,1738],"tags":[2890],"post_sectags":[],"post_format":[2471],"class_list":["post-92147","post","type-post","status-publish","format-standard","has-post-thumbnail","hentry","category-cosa-fare","category-notizie","tag-eventi","format-evento"],"acf":[],"yoast_head":"<!-- This site is optimized with the Yoast SEO Premium plugin v26.8 (Yoast SEO v27.5) - https:\/\/yoast.com\/product\/yoast-seo-premium-wordpress\/ -->\n<title>Gli eventi autunnali del Grimaldi Forum<\/title>\n<meta name=\"description\" content=\"Dopo la mostra di Giacometti di quest&#039;estate, il Grimaldi Forum \u00e8 pronto a farvi vivere una fine dell&#039;anno memorabile. Dal 9 settembre, il rientro dalle\" \/>\n<meta name=\"robots\" content=\"index, follow, max-snippet:-1, max-image-preview:large, max-video-preview:-1\" \/>\n<link rel=\"canonical\" href=\"https:\/\/www.monaco-tribune.com\/it\/2021\/09\/gli-eventi-autunnali-del-grimaldi-forum\/\" \/>\n<meta property=\"og:locale\" content=\"it_IT\" \/>\n<meta property=\"og:type\" content=\"article\" \/>\n<meta property=\"og:title\" content=\"Gli eventi autunnali del Grimaldi Forum - Monaco Tribune\" \/>\n<meta property=\"og:description\" content=\"Dopo la mostra di Giacometti di quest&#039;estate, il Grimaldi Forum \u00e8 pronto a farvi vivere una fine dell&#039;anno memorabile. Dal 9 settembre, il rientro dalle\" \/>\n<meta property=\"og:url\" content=\"https:\/\/www.monaco-tribune.com\/it\/2021\/09\/gli-eventi-autunnali-del-grimaldi-forum\/\" \/>\n<meta property=\"og:site_name\" content=\"Monaco Tribune\" \/>\n<meta property=\"article:publisher\" content=\"https:\/\/www.facebook.com\/MonacoTribune\" \/>\n<meta property=\"article:published_time\" content=\"2021-09-02T15:22:14+00:00\" \/>\n<meta property=\"article:modified_time\" content=\"2021-09-02T15:23:15+00:00\" \/>\n<meta property=\"og:image\" content=\"https:\/\/www.monaco-tribune.com\/wp-content\/uploads\/2020\/12\/grimaldi-forum-monaco-tourisme-vert-min.jpg\" \/>\n\t<meta property=\"og:image:width\" content=\"1476\" \/>\n\t<meta property=\"og:image:height\" content=\"832\" \/>\n\t<meta property=\"og:image:type\" content=\"image\/jpeg\" \/>\n<meta name=\"author\" content=\"Alexis Gertaldi\" \/>\n<meta name=\"twitter:card\" content=\"summary_large_image\" \/>\n<meta name=\"twitter:creator\" content=\"@MonacoTribune\" \/>\n<meta name=\"twitter:site\" content=\"@MonacoTribune\" \/>\n<script type=\"application\/ld+json\" class=\"yoast-schema-graph\">{\"@context\":\"https:\\\/\\\/schema.org\",\"@graph\":[{\"@type\":\"NewsArticle\",\"@id\":\"https:\\\/\\\/www.monaco-tribune.com\\\/it\\\/2021\\\/09\\\/gli-eventi-autunnali-del-grimaldi-forum\\\/#article\",\"isPartOf\":{\"@id\":\"https:\\\/\\\/www.monaco-tribune.com\\\/it\\\/2021\\\/09\\\/gli-eventi-autunnali-del-grimaldi-forum\\\/\"},\"author\":{\"name\":\"Alexis Gertaldi\",\"@id\":\"https:\\\/\\\/www.monaco-tribune.com\\\/it\\\/#\\\/schema\\\/person\\\/0f67738182cc836268021d893fd4ba73\"},\"headline\":\"Gli eventi autunnali del Grimaldi Forum\",\"datePublished\":\"2021-09-02T15:22:14+00:00\",\"dateModified\":\"2021-09-02T15:23:15+00:00\",\"mainEntityOfPage\":{\"@id\":\"https:\\\/\\\/www.monaco-tribune.com\\\/it\\\/2021\\\/09\\\/gli-eventi-autunnali-del-grimaldi-forum\\\/\"},\"wordCount\":350,\"publisher\":{\"@id\":\"https:\\\/\\\/www.monaco-tribune.com\\\/it\\\/#organization\"},\"image\":{\"@id\":\"https:\\\/\\\/www.monaco-tribune.com\\\/it\\\/2021\\\/09\\\/gli-eventi-autunnali-del-grimaldi-forum\\\/#primaryimage\"},\"thumbnailUrl\":\"https:\\\/\\\/www.monaco-tribune.com\\\/wp-content\\\/uploads\\\/2020\\\/12\\\/grimaldi-forum-monaco-tourisme-vert-min.jpg\",\"keywords\":[\"Eventi\"],\"articleSection\":[\"Cosa fare\",\"Notizie\"],\"inLanguage\":\"it-IT\",\"copyrightYear\":\"2021\",\"copyrightHolder\":{\"@id\":\"https:\\\/\\\/www.monaco-tribune.com\\\/#organization\"}},{\"@type\":\"WebPage\",\"@id\":\"https:\\\/\\\/www.monaco-tribune.com\\\/it\\\/2021\\\/09\\\/gli-eventi-autunnali-del-grimaldi-forum\\\/\",\"url\":\"https:\\\/\\\/www.monaco-tribune.com\\\/it\\\/2021\\\/09\\\/gli-eventi-autunnali-del-grimaldi-forum\\\/\",\"name\":\"Gli eventi autunnali del Grimaldi Forum\",\"isPartOf\":{\"@id\":\"https:\\\/\\\/www.monaco-tribune.com\\\/it\\\/#website\"},\"primaryImageOfPage\":{\"@id\":\"https:\\\/\\\/www.monaco-tribune.com\\\/it\\\/2021\\\/09\\\/gli-eventi-autunnali-del-grimaldi-forum\\\/#primaryimage\"},\"image\":{\"@id\":\"https:\\\/\\\/www.monaco-tribune.com\\\/it\\\/2021\\\/09\\\/gli-eventi-autunnali-del-grimaldi-forum\\\/#primaryimage\"},\"thumbnailUrl\":\"https:\\\/\\\/www.monaco-tribune.com\\\/wp-content\\\/uploads\\\/2020\\\/12\\\/grimaldi-forum-monaco-tourisme-vert-min.jpg\",\"datePublished\":\"2021-09-02T15:22:14+00:00\",\"dateModified\":\"2021-09-02T15:23:15+00:00\",\"description\":\"Dopo la mostra di Giacometti di quest'estate, il Grimaldi Forum \u00e8 pronto a farvi vivere una fine dell'anno memorabile. Dal 9 settembre, il rientro dalle\",\"breadcrumb\":{\"@id\":\"https:\\\/\\\/www.monaco-tribune.com\\\/it\\\/2021\\\/09\\\/gli-eventi-autunnali-del-grimaldi-forum\\\/#breadcrumb\"},\"inLanguage\":\"it-IT\",\"potentialAction\":[{\"@type\":\"ReadAction\",\"target\":[\"https:\\\/\\\/www.monaco-tribune.com\\\/it\\\/2021\\\/09\\\/gli-eventi-autunnali-del-grimaldi-forum\\\/\"]}]},{\"@type\":\"ImageObject\",\"inLanguage\":\"it-IT\",\"@id\":\"https:\\\/\\\/www.monaco-tribune.com\\\/it\\\/2021\\\/09\\\/gli-eventi-autunnali-del-grimaldi-forum\\\/#primaryimage\",\"url\":\"https:\\\/\\\/www.monaco-tribune.com\\\/wp-content\\\/uploads\\\/2020\\\/12\\\/grimaldi-forum-monaco-tourisme-vert-min.jpg\",\"contentUrl\":\"https:\\\/\\\/www.monaco-tribune.com\\\/wp-content\\\/uploads\\\/2020\\\/12\\\/grimaldi-forum-monaco-tourisme-vert-min.jpg\",\"width\":1476,\"height\":832,\"caption\":\"Grimaldi Forum\"},{\"@type\":\"BreadcrumbList\",\"@id\":\"https:\\\/\\\/www.monaco-tribune.com\\\/it\\\/2021\\\/09\\\/gli-eventi-autunnali-del-grimaldi-forum\\\/#breadcrumb\",\"itemListElement\":[{\"@type\":\"ListItem\",\"position\":1,\"name\":\"Accueil\",\"item\":\"https:\\\/\\\/www.monaco-tribune.com\\\/it\\\/\"},{\"@type\":\"ListItem\",\"position\":2,\"name\":\"Gli eventi autunnali del Grimaldi Forum\"}]},{\"@type\":\"WebSite\",\"@id\":\"https:\\\/\\\/www.monaco-tribune.com\\\/it\\\/#website\",\"url\":\"https:\\\/\\\/www.monaco-tribune.com\\\/it\\\/\",\"name\":\"Monaco Tribune\",\"description\":\"Monaco : actualit\u00e9s \u00e9conomiques, politiques, culturelles et sportives de Monaco et de la French Riviera.\",\"publisher\":{\"@id\":\"https:\\\/\\\/www.monaco-tribune.com\\\/it\\\/#organization\"},\"potentialAction\":[{\"@type\":\"SearchAction\",\"target\":{\"@type\":\"EntryPoint\",\"urlTemplate\":\"https:\\\/\\\/www.monaco-tribune.com\\\/it\\\/?s={search_term_string}\"},\"query-input\":{\"@type\":\"PropertyValueSpecification\",\"valueRequired\":true,\"valueName\":\"search_term_string\"}}],\"inLanguage\":\"it-IT\"},{\"@type\":\"Organization\",\"@id\":\"https:\\\/\\\/www.monaco-tribune.com\\\/it\\\/#organization\",\"name\":\"Monaco Tribune\",\"url\":\"https:\\\/\\\/www.monaco-tribune.com\\\/it\\\/\",\"logo\":{\"@type\":\"ImageObject\",\"inLanguage\":\"it-IT\",\"@id\":\"https:\\\/\\\/www.monaco-tribune.com\\\/it\\\/#\\\/schema\\\/logo\\\/image\\\/\",\"url\":\"https:\\\/\\\/www.monaco-tribune.com\\\/wp-content\\\/uploads\\\/2022\\\/11\\\/logo-monaco-tribune.png\",\"contentUrl\":\"https:\\\/\\\/www.monaco-tribune.com\\\/wp-content\\\/uploads\\\/2022\\\/11\\\/logo-monaco-tribune.png\",\"width\":1548,\"height\":600,\"caption\":\"Monaco Tribune\"},\"image\":{\"@id\":\"https:\\\/\\\/www.monaco-tribune.com\\\/it\\\/#\\\/schema\\\/logo\\\/image\\\/\"},\"sameAs\":[\"https:\\\/\\\/www.facebook.com\\\/MonacoTribune\",\"https:\\\/\\\/x.com\\\/MonacoTribune\",\"https:\\\/\\\/www.instagram.com\\\/monacotribune\\\/\",\"https:\\\/\\\/www.linkedin.com\\\/company\\\/monaco-tribune\",\"https:\\\/\\\/www.youtube.com\\\/channel\\\/UCHle1MnG6hw1y4lWKijVbMA\"]},{\"@type\":\"Person\",\"@id\":\"https:\\\/\\\/www.monaco-tribune.com\\\/it\\\/#\\\/schema\\\/person\\\/0f67738182cc836268021d893fd4ba73\",\"name\":\"Alexis Gertaldi\",\"image\":{\"@type\":\"ImageObject\",\"inLanguage\":\"it-IT\",\"@id\":\"https:\\\/\\\/secure.gravatar.com\\\/avatar\\\/21b6ee3415f5367a62f27983f05e4438c99d07dde81a8f97705ac6877cfc19da?s=96&d=mm&r=g\",\"url\":\"https:\\\/\\\/secure.gravatar.com\\\/avatar\\\/21b6ee3415f5367a62f27983f05e4438c99d07dde81a8f97705ac6877cfc19da?s=96&d=mm&r=g\",\"contentUrl\":\"https:\\\/\\\/secure.gravatar.com\\\/avatar\\\/21b6ee3415f5367a62f27983f05e4438c99d07dde81a8f97705ac6877cfc19da?s=96&d=mm&r=g\",\"caption\":\"Alexis Gertaldi\"},\"url\":\"https:\\\/\\\/www.monaco-tribune.com\\\/it\\\/author\\\/alexisgertaldi\\\/\"}]}<\/script>\n<!-- \/ Yoast SEO Premium plugin. -->","yoast_head_json":{"title":"Gli eventi autunnali del Grimaldi Forum","description":"Dopo la mostra di Giacometti di quest'estate, il Grimaldi Forum \u00e8 pronto a farvi vivere una fine dell'anno memorabile. Dal 9 settembre, il rientro dalle","robots":{"index":"index","follow":"follow","max-snippet":"max-snippet:-1","max-image-preview":"max-image-preview:large","max-video-preview":"max-video-preview:-1"},"canonical":"https:\/\/www.monaco-tribune.com\/it\/2021\/09\/gli-eventi-autunnali-del-grimaldi-forum\/","og_locale":"it_IT","og_type":"article","og_title":"Gli eventi autunnali del Grimaldi Forum - Monaco Tribune","og_description":"Dopo la mostra di Giacometti di quest'estate, il Grimaldi Forum \u00e8 pronto a farvi vivere una fine dell'anno memorabile. Dal 9 settembre, il rientro dalle","og_url":"https:\/\/www.monaco-tribune.com\/it\/2021\/09\/gli-eventi-autunnali-del-grimaldi-forum\/","og_site_name":"Monaco Tribune","article_publisher":"https:\/\/www.facebook.com\/MonacoTribune","article_published_time":"2021-09-02T15:22:14+00:00","article_modified_time":"2021-09-02T15:23:15+00:00","og_image":[{"width":1476,"height":832,"url":"https:\/\/www.monaco-tribune.com\/wp-content\/uploads\/2020\/12\/grimaldi-forum-monaco-tourisme-vert-min.jpg","type":"image\/jpeg"}],"author":"Alexis Gertaldi","twitter_card":"summary_large_image","twitter_creator":"@MonacoTribune","twitter_site":"@MonacoTribune","schema":{"@context":"https:\/\/schema.org","@graph":[{"@type":"NewsArticle","@id":"https:\/\/www.monaco-tribune.com\/it\/2021\/09\/gli-eventi-autunnali-del-grimaldi-forum\/#article","isPartOf":{"@id":"https:\/\/www.monaco-tribune.com\/it\/2021\/09\/gli-eventi-autunnali-del-grimaldi-forum\/"},"author":{"name":"Alexis Gertaldi","@id":"https:\/\/www.monaco-tribune.com\/it\/#\/schema\/person\/0f67738182cc836268021d893fd4ba73"},"headline":"Gli eventi autunnali del Grimaldi Forum","datePublished":"2021-09-02T15:22:14+00:00","dateModified":"2021-09-02T15:23:15+00:00","mainEntityOfPage":{"@id":"https:\/\/www.monaco-tribune.com\/it\/2021\/09\/gli-eventi-autunnali-del-grimaldi-forum\/"},"wordCount":350,"publisher":{"@id":"https:\/\/www.monaco-tribune.com\/it\/#organization"},"image":{"@id":"https:\/\/www.monaco-tribune.com\/it\/2021\/09\/gli-eventi-autunnali-del-grimaldi-forum\/#primaryimage"},"thumbnailUrl":"https:\/\/www.monaco-tribune.com\/wp-content\/uploads\/2020\/12\/grimaldi-forum-monaco-tourisme-vert-min.jpg","keywords":["Eventi"],"articleSection":["Cosa fare","Notizie"],"inLanguage":"it-IT","copyrightYear":"2021","copyrightHolder":{"@id":"https:\/\/www.monaco-tribune.com\/#organization"}},{"@type":"WebPage","@id":"https:\/\/www.monaco-tribune.com\/it\/2021\/09\/gli-eventi-autunnali-del-grimaldi-forum\/","url":"https:\/\/www.monaco-tribune.com\/it\/2021\/09\/gli-eventi-autunnali-del-grimaldi-forum\/","name":"Gli eventi autunnali del Grimaldi Forum","isPartOf":{"@id":"https:\/\/www.monaco-tribune.com\/it\/#website"},"primaryImageOfPage":{"@id":"https:\/\/www.monaco-tribune.com\/it\/2021\/09\/gli-eventi-autunnali-del-grimaldi-forum\/#primaryimage"},"image":{"@id":"https:\/\/www.monaco-tribune.com\/it\/2021\/09\/gli-eventi-autunnali-del-grimaldi-forum\/#primaryimage"},"thumbnailUrl":"https:\/\/www.monaco-tribune.com\/wp-content\/uploads\/2020\/12\/grimaldi-forum-monaco-tourisme-vert-min.jpg","datePublished":"2021-09-02T15:22:14+00:00","dateModified":"2021-09-02T15:23:15+00:00","description":"Dopo la mostra di Giacometti di quest'estate, il Grimaldi Forum \u00e8 pronto a farvi vivere una fine dell'anno memorabile. Dal 9 settembre, il rientro dalle","breadcrumb":{"@id":"https:\/\/www.monaco-tribune.com\/it\/2021\/09\/gli-eventi-autunnali-del-grimaldi-forum\/#breadcrumb"},"inLanguage":"it-IT","potentialAction":[{"@type":"ReadAction","target":["https:\/\/www.monaco-tribune.com\/it\/2021\/09\/gli-eventi-autunnali-del-grimaldi-forum\/"]}]},{"@type":"ImageObject","inLanguage":"it-IT","@id":"https:\/\/www.monaco-tribune.com\/it\/2021\/09\/gli-eventi-autunnali-del-grimaldi-forum\/#primaryimage","url":"https:\/\/www.monaco-tribune.com\/wp-content\/uploads\/2020\/12\/grimaldi-forum-monaco-tourisme-vert-min.jpg","contentUrl":"https:\/\/www.monaco-tribune.com\/wp-content\/uploads\/2020\/12\/grimaldi-forum-monaco-tourisme-vert-min.jpg","width":1476,"height":832,"caption":"Grimaldi Forum"},{"@type":"BreadcrumbList","@id":"https:\/\/www.monaco-tribune.com\/it\/2021\/09\/gli-eventi-autunnali-del-grimaldi-forum\/#breadcrumb","itemListElement":[{"@type":"ListItem","position":1,"name":"Accueil","item":"https:\/\/www.monaco-tribune.com\/it\/"},{"@type":"ListItem","position":2,"name":"Gli eventi autunnali del Grimaldi Forum"}]},{"@type":"WebSite","@id":"https:\/\/www.monaco-tribune.com\/it\/#website","url":"https:\/\/www.monaco-tribune.com\/it\/","name":"Monaco Tribune","description":"Monaco : actualit\u00e9s \u00e9conomiques, politiques, culturelles et sportives de Monaco et de la French Riviera.","publisher":{"@id":"https:\/\/www.monaco-tribune.com\/it\/#organization"},"potentialAction":[{"@type":"SearchAction","target":{"@type":"EntryPoint","urlTemplate":"https:\/\/www.monaco-tribune.com\/it\/?s={search_term_string}"},"query-input":{"@type":"PropertyValueSpecification","valueRequired":true,"valueName":"search_term_string"}}],"inLanguage":"it-IT"},{"@type":"Organization","@id":"https:\/\/www.monaco-tribune.com\/it\/#organization","name":"Monaco Tribune","url":"https:\/\/www.monaco-tribune.com\/it\/","logo":{"@type":"ImageObject","inLanguage":"it-IT","@id":"https:\/\/www.monaco-tribune.com\/it\/#\/schema\/logo\/image\/","url":"https:\/\/www.monaco-tribune.com\/wp-content\/uploads\/2022\/11\/logo-monaco-tribune.png","contentUrl":"https:\/\/www.monaco-tribune.com\/wp-content\/uploads\/2022\/11\/logo-monaco-tribune.png","width":1548,"height":600,"caption":"Monaco Tribune"},"image":{"@id":"https:\/\/www.monaco-tribune.com\/it\/#\/schema\/logo\/image\/"},"sameAs":["https:\/\/www.facebook.com\/MonacoTribune","https:\/\/x.com\/MonacoTribune","https:\/\/www.instagram.com\/monacotribune\/","https:\/\/www.linkedin.com\/company\/monaco-tribune","https:\/\/www.youtube.com\/channel\/UCHle1MnG6hw1y4lWKijVbMA"]},{"@type":"Person","@id":"https:\/\/www.monaco-tribune.com\/it\/#\/schema\/person\/0f67738182cc836268021d893fd4ba73","name":"Alexis Gertaldi","image":{"@type":"ImageObject","inLanguage":"it-IT","@id":"https:\/\/secure.gravatar.com\/avatar\/21b6ee3415f5367a62f27983f05e4438c99d07dde81a8f97705ac6877cfc19da?s=96&d=mm&r=g","url":"https:\/\/secure.gravatar.com\/avatar\/21b6ee3415f5367a62f27983f05e4438c99d07dde81a8f97705ac6877cfc19da?s=96&d=mm&r=g","contentUrl":"https:\/\/secure.gravatar.com\/avatar\/21b6ee3415f5367a62f27983f05e4438c99d07dde81a8f97705ac6877cfc19da?s=96&d=mm&r=g","caption":"Alexis Gertaldi"},"url":"https:\/\/www.monaco-tribune.com\/it\/author\/alexisgertaldi\/"}]}},"_links":{"self":[{"href":"https:\/\/www.monaco-tribune.com\/it\/wp-json\/wp\/v2\/posts\/92147","targetHints":{"allow":["GET"]}}],"collection":[{"href":"https:\/\/www.monaco-tribune.com\/it\/wp-json\/wp\/v2\/posts"}],"about":[{"href":"https:\/\/www.monaco-tribune.com\/it\/wp-json\/wp\/v2\/types\/post"}],"author":[{"embeddable":true,"href":"https:\/\/www.monaco-tribune.com\/it\/wp-json\/wp\/v2\/users\/53"}],"replies":[{"embeddable":true,"href":"https:\/\/www.monaco-tribune.com\/it\/wp-json\/wp\/v2\/comments?post=92147"}],"version-history":[{"count":0,"href":"https:\/\/www.monaco-tribune.com\/it\/wp-json\/wp\/v2\/posts\/92147\/revisions"}],"wp:featuredmedia":[{"embeddable":true,"href":"https:\/\/www.monaco-tribune.com\/it\/wp-json\/wp\/v2\/media\/58773"}],"wp:attachment":[{"href":"https:\/\/www.monaco-tribune.com\/it\/wp-json\/wp\/v2\/media?parent=92147"}],"wp:term":[{"taxonomy":"category","embeddable":true,"href":"https:\/\/www.monaco-tribune.com\/it\/wp-json\/wp\/v2\/categories?post=92147"},{"taxonomy":"post_tag","embeddable":true,"href":"https:\/\/www.monaco-tribune.com\/it\/wp-json\/wp\/v2\/tags?post=92147"},{"taxonomy":"sectag","embeddable":true,"href":"https:\/\/www.monaco-tribune.com\/it\/wp-json\/wp\/v2\/post_sectags?post=92147"},{"taxonomy":"format","embeddable":true,"href":"https:\/\/www.monaco-tribune.com\/it\/wp-json\/wp\/v2\/post_format?post=92147"}],"curies":[{"name":"wp","href":"https:\/\/api.w.org\/{rel}","templated":true}]}}