{"id":92283,"date":"2021-09-03T17:51:14","date_gmt":"2021-09-03T15:51:14","guid":{"rendered":"https:\/\/www.monaco-tribune.com\/2021\/09\/rientro-scolastico-nel-principato-ecco-alcune-novita\/"},"modified":"2021-09-03T17:51:23","modified_gmt":"2021-09-03T15:51:23","slug":"rientro-scolastico-nel-principato-ecco-alcune-novita","status":"publish","type":"post","link":"https:\/\/www.monaco-tribune.com\/it\/2021\/09\/rientro-scolastico-nel-principato-ecco-alcune-novita\/","title":{"rendered":"Rientro scolastico nel Principato. Ecco alcune novit\u00e0"},"content":{"rendered":"\n<p><strong>Misure sanitarie, monegasco come nuova materia e persino un robot in classe.<\/strong><\/p>\n\n<p>Isabelle Bonnal, Commissario generale addetta alla direzione dell&#8217;Istruzione nazionale, della giovent\u00f9 e dello sport, ha illustrato il rientro scolastico, che partir\u00e0 dal 6 settembre 2021, ancora sotto la morsa del Covid-19.<\/p>\n\n<p>Le misure sanitarie saranno sempre le stesse, privilegiando le lezioni in presenza. Per quanto riguarda le regole di base, gli alunni dovranno rispettare i gesti barriera e la distanza interpersonale. Per gli studenti dalla prima elementare in su \u00e8 obbligatorio anche l&#8217;uso della mascherina.<\/p>\n\n<p>In caso di contagio in una classe della scuola materna, questa sar\u00e0 temporaneamente bloccata. Al contrario, nella scuola primaria, saranno necessari tre casi confermati per far partire un&#8217;inchiesta epidemiologica a partire da, che determiner\u00e0 l&#8217;eventuale chiusura della classe.<\/p>\n\n<p>Per quanto riguarda la vaccinazione, la Bonnal ci ha tenuto a rassicurare che &#8220;non abbiamo imposto la vaccinazione al momento (&#8230;) per gli alunni, i professori e il personale&#8221;.<\/p>\n\n<h2 class=\"wp-block-heading\" id=\"h-un-robot-en-classe\">Un robot in classe<\/h2>\n\n<p>Oltre ai &#8220;risultati eccellenti che rendono onore al Principato&#8221;, la Commissaria vuole andare ancora pi\u00f9 lontano con un rientro che porta con se non poche innovazioni.<\/p>\n\n<p>Tra queste, c&#8217;\u00e8 l&#8217;inaugurazione di un robot di &#8220;telepresenza&#8221; per gli alunni in convalescenza. Il dispositivo permetter\u00e0 agli studenti di mantenere i contatti con i compagni e di seguire il programma. &#8220;\u00c8 difficile restare a casa o in ospedale&#8221;.<\/p>\n\n<p>Un altro punto che Isabella Bonnal ha a cuore \u00e8 l&#8217;apprendimento delle lingue. Gli alunni delle classi europee avranno la possibilit\u00e0 di studiare matematica, fisica e chimica in inglese. Inoltre, il monegasco &#8220;che a lungo termine diventer\u00e0 obbligatorio fino alla fine del liceo&#8221;, si inizier\u00e0 a studiare dal 4\u00b0 anno per un&#8217;ora ogni quindici giorni.<\/p>\n","protected":false},"excerpt":{"rendered":"<p>Misure sanitarie, monegasco come nuova materia e persino un robot in classe. Isabelle Bonnal, Commissario generale addetta alla direzione dell&#8217;Istruzione [&hellip;]<\/p>\n","protected":false},"author":54,"featured_media":159927,"comment_status":"closed","ping_status":"closed","sticky":false,"template":"","format":"standard","meta":{"_acf_changed":false,"footnotes":""},"categories":[1738,1752],"tags":[3286],"post_sectags":[],"post_format":[2477],"class_list":["post-92283","post","type-post","status-publish","format-standard","has-post-thumbnail","hentry","category-notizie","category-societa","tag-istruzione","format-info-pratiche"],"acf":[],"yoast_head":"<!-- This site is optimized with the Yoast SEO Premium plugin v26.8 (Yoast SEO v27.5) - https:\/\/yoast.com\/product\/yoast-seo-premium-wordpress\/ -->\n<title>Rientro scolastico nel Principato. Ecco alcune novit\u00e0<\/title>\n<meta name=\"description\" content=\"Misure sanitarie, monegasco come nuova materia e persino un robot in classe. Isabelle Bonnal, Commissario generale addetta alla direzione dell&#039;Istruzione\" \/>\n<meta name=\"robots\" content=\"index, follow, max-snippet:-1, max-image-preview:large, max-video-preview:-1\" \/>\n<link rel=\"canonical\" href=\"https:\/\/www.monaco-tribune.com\/it\/2021\/09\/rientro-scolastico-nel-principato-ecco-alcune-novita\/\" \/>\n<meta property=\"og:locale\" content=\"it_IT\" \/>\n<meta property=\"og:type\" content=\"article\" \/>\n<meta property=\"og:title\" content=\"Rientro scolastico nel Principato. Ecco alcune novit\u00e0 - Monaco Tribune\" \/>\n<meta property=\"og:description\" content=\"Misure sanitarie, monegasco come nuova materia e persino un robot in classe. Isabelle Bonnal, Commissario generale addetta alla direzione dell&#039;Istruzione\" \/>\n<meta property=\"og:url\" content=\"https:\/\/www.monaco-tribune.com\/it\/2021\/09\/rientro-scolastico-nel-principato-ecco-alcune-novita\/\" \/>\n<meta property=\"og:site_name\" content=\"Monaco Tribune\" \/>\n<meta property=\"article:publisher\" content=\"https:\/\/www.facebook.com\/MonacoTribune\" \/>\n<meta property=\"article:published_time\" content=\"2021-09-03T15:51:14+00:00\" \/>\n<meta property=\"article:modified_time\" content=\"2021-09-03T15:51:23+00:00\" \/>\n<meta property=\"og:image\" content=\"https:\/\/www.monaco-tribune.com\/wp-content\/uploads\/2021\/09\/isabelle-bonnal-rentree-scolaire.jpg\" \/>\n\t<meta property=\"og:image:width\" content=\"1592\" \/>\n\t<meta property=\"og:image:height\" content=\"895\" \/>\n\t<meta property=\"og:image:type\" content=\"image\/jpeg\" \/>\n<meta name=\"author\" content=\"Simon Zwierniak\" \/>\n<meta name=\"twitter:card\" content=\"summary_large_image\" \/>\n<meta name=\"twitter:creator\" content=\"@MonacoTribune\" \/>\n<meta name=\"twitter:site\" content=\"@MonacoTribune\" \/>\n<script type=\"application\/ld+json\" class=\"yoast-schema-graph\">{\"@context\":\"https:\\\/\\\/schema.org\",\"@graph\":[{\"@type\":\"NewsArticle\",\"@id\":\"https:\\\/\\\/www.monaco-tribune.com\\\/it\\\/2021\\\/09\\\/rientro-scolastico-nel-principato-ecco-alcune-novita\\\/#article\",\"isPartOf\":{\"@id\":\"https:\\\/\\\/www.monaco-tribune.com\\\/it\\\/2021\\\/09\\\/rientro-scolastico-nel-principato-ecco-alcune-novita\\\/\"},\"author\":{\"name\":\"Simon Zwierniak\",\"@id\":\"https:\\\/\\\/www.monaco-tribune.com\\\/it\\\/#\\\/schema\\\/person\\\/8999750e061d77476d5caf542c77c841\"},\"headline\":\"Rientro scolastico nel Principato. Ecco alcune novit\u00e0\",\"datePublished\":\"2021-09-03T15:51:14+00:00\",\"dateModified\":\"2021-09-03T15:51:23+00:00\",\"mainEntityOfPage\":{\"@id\":\"https:\\\/\\\/www.monaco-tribune.com\\\/it\\\/2021\\\/09\\\/rientro-scolastico-nel-principato-ecco-alcune-novita\\\/\"},\"wordCount\":285,\"publisher\":{\"@id\":\"https:\\\/\\\/www.monaco-tribune.com\\\/it\\\/#organization\"},\"image\":{\"@id\":\"https:\\\/\\\/www.monaco-tribune.com\\\/it\\\/2021\\\/09\\\/rientro-scolastico-nel-principato-ecco-alcune-novita\\\/#primaryimage\"},\"thumbnailUrl\":\"https:\\\/\\\/www.monaco-tribune.com\\\/wp-content\\\/uploads\\\/2023\\\/01\\\/lycee-albert-1er.jpg\",\"keywords\":[\"Istruzione\"],\"articleSection\":[\"Notizie\",\"Societ\u00e0\"],\"inLanguage\":\"it-IT\",\"copyrightYear\":\"2021\",\"copyrightHolder\":{\"@id\":\"https:\\\/\\\/www.monaco-tribune.com\\\/#organization\"}},{\"@type\":\"WebPage\",\"@id\":\"https:\\\/\\\/www.monaco-tribune.com\\\/it\\\/2021\\\/09\\\/rientro-scolastico-nel-principato-ecco-alcune-novita\\\/\",\"url\":\"https:\\\/\\\/www.monaco-tribune.com\\\/it\\\/2021\\\/09\\\/rientro-scolastico-nel-principato-ecco-alcune-novita\\\/\",\"name\":\"Rientro scolastico nel Principato. Ecco alcune novit\u00e0\",\"isPartOf\":{\"@id\":\"https:\\\/\\\/www.monaco-tribune.com\\\/it\\\/#website\"},\"primaryImageOfPage\":{\"@id\":\"https:\\\/\\\/www.monaco-tribune.com\\\/it\\\/2021\\\/09\\\/rientro-scolastico-nel-principato-ecco-alcune-novita\\\/#primaryimage\"},\"image\":{\"@id\":\"https:\\\/\\\/www.monaco-tribune.com\\\/it\\\/2021\\\/09\\\/rientro-scolastico-nel-principato-ecco-alcune-novita\\\/#primaryimage\"},\"thumbnailUrl\":\"https:\\\/\\\/www.monaco-tribune.com\\\/wp-content\\\/uploads\\\/2023\\\/01\\\/lycee-albert-1er.jpg\",\"datePublished\":\"2021-09-03T15:51:14+00:00\",\"dateModified\":\"2021-09-03T15:51:23+00:00\",\"description\":\"Misure sanitarie, monegasco come nuova materia e persino un robot in classe. Isabelle Bonnal, Commissario generale addetta alla direzione dell'Istruzione\",\"breadcrumb\":{\"@id\":\"https:\\\/\\\/www.monaco-tribune.com\\\/it\\\/2021\\\/09\\\/rientro-scolastico-nel-principato-ecco-alcune-novita\\\/#breadcrumb\"},\"inLanguage\":\"it-IT\",\"potentialAction\":[{\"@type\":\"ReadAction\",\"target\":[\"https:\\\/\\\/www.monaco-tribune.com\\\/it\\\/2021\\\/09\\\/rientro-scolastico-nel-principato-ecco-alcune-novita\\\/\"]}]},{\"@type\":\"ImageObject\",\"inLanguage\":\"it-IT\",\"@id\":\"https:\\\/\\\/www.monaco-tribune.com\\\/it\\\/2021\\\/09\\\/rientro-scolastico-nel-principato-ecco-alcune-novita\\\/#primaryimage\",\"url\":\"https:\\\/\\\/www.monaco-tribune.com\\\/wp-content\\\/uploads\\\/2023\\\/01\\\/lycee-albert-1er.jpg\",\"contentUrl\":\"https:\\\/\\\/www.monaco-tribune.com\\\/wp-content\\\/uploads\\\/2023\\\/01\\\/lycee-albert-1er.jpg\",\"width\":1095,\"height\":697,\"caption\":\"Lyc\u00e9e Albert 1er \u00a9 Gouvernement Princier\"},{\"@type\":\"BreadcrumbList\",\"@id\":\"https:\\\/\\\/www.monaco-tribune.com\\\/it\\\/2021\\\/09\\\/rientro-scolastico-nel-principato-ecco-alcune-novita\\\/#breadcrumb\",\"itemListElement\":[{\"@type\":\"ListItem\",\"position\":1,\"name\":\"Accueil\",\"item\":\"https:\\\/\\\/www.monaco-tribune.com\\\/it\\\/\"},{\"@type\":\"ListItem\",\"position\":2,\"name\":\"Rientro scolastico nel Principato. Ecco alcune novit\u00e0\"}]},{\"@type\":\"WebSite\",\"@id\":\"https:\\\/\\\/www.monaco-tribune.com\\\/it\\\/#website\",\"url\":\"https:\\\/\\\/www.monaco-tribune.com\\\/it\\\/\",\"name\":\"Monaco Tribune\",\"description\":\"Monaco : actualit\u00e9s \u00e9conomiques, politiques, culturelles et sportives de Monaco et de la French Riviera.\",\"publisher\":{\"@id\":\"https:\\\/\\\/www.monaco-tribune.com\\\/it\\\/#organization\"},\"potentialAction\":[{\"@type\":\"SearchAction\",\"target\":{\"@type\":\"EntryPoint\",\"urlTemplate\":\"https:\\\/\\\/www.monaco-tribune.com\\\/it\\\/?s={search_term_string}\"},\"query-input\":{\"@type\":\"PropertyValueSpecification\",\"valueRequired\":true,\"valueName\":\"search_term_string\"}}],\"inLanguage\":\"it-IT\"},{\"@type\":\"Organization\",\"@id\":\"https:\\\/\\\/www.monaco-tribune.com\\\/it\\\/#organization\",\"name\":\"Monaco Tribune\",\"url\":\"https:\\\/\\\/www.monaco-tribune.com\\\/it\\\/\",\"logo\":{\"@type\":\"ImageObject\",\"inLanguage\":\"it-IT\",\"@id\":\"https:\\\/\\\/www.monaco-tribune.com\\\/it\\\/#\\\/schema\\\/logo\\\/image\\\/\",\"url\":\"https:\\\/\\\/www.monaco-tribune.com\\\/wp-content\\\/uploads\\\/2022\\\/11\\\/logo-monaco-tribune.png\",\"contentUrl\":\"https:\\\/\\\/www.monaco-tribune.com\\\/wp-content\\\/uploads\\\/2022\\\/11\\\/logo-monaco-tribune.png\",\"width\":1548,\"height\":600,\"caption\":\"Monaco Tribune\"},\"image\":{\"@id\":\"https:\\\/\\\/www.monaco-tribune.com\\\/it\\\/#\\\/schema\\\/logo\\\/image\\\/\"},\"sameAs\":[\"https:\\\/\\\/www.facebook.com\\\/MonacoTribune\",\"https:\\\/\\\/x.com\\\/MonacoTribune\",\"https:\\\/\\\/www.instagram.com\\\/monacotribune\\\/\",\"https:\\\/\\\/www.linkedin.com\\\/company\\\/monaco-tribune\",\"https:\\\/\\\/www.youtube.com\\\/channel\\\/UCHle1MnG6hw1y4lWKijVbMA\"]},{\"@type\":\"Person\",\"@id\":\"https:\\\/\\\/www.monaco-tribune.com\\\/it\\\/#\\\/schema\\\/person\\\/8999750e061d77476d5caf542c77c841\",\"name\":\"Simon Zwierniak\",\"image\":{\"@type\":\"ImageObject\",\"inLanguage\":\"it-IT\",\"@id\":\"https:\\\/\\\/secure.gravatar.com\\\/avatar\\\/4996370fc4436ccbc5a09f3a9d6393bb07b46b707a1982d1874380fb0c5458de?s=96&d=mm&r=g\",\"url\":\"https:\\\/\\\/secure.gravatar.com\\\/avatar\\\/4996370fc4436ccbc5a09f3a9d6393bb07b46b707a1982d1874380fb0c5458de?s=96&d=mm&r=g\",\"contentUrl\":\"https:\\\/\\\/secure.gravatar.com\\\/avatar\\\/4996370fc4436ccbc5a09f3a9d6393bb07b46b707a1982d1874380fb0c5458de?s=96&d=mm&r=g\",\"caption\":\"Simon Zwierniak\"},\"url\":\"https:\\\/\\\/www.monaco-tribune.com\\\/it\\\/author\\\/simonzwierniak\\\/\"}]}<\/script>\n<!-- \/ Yoast SEO Premium plugin. -->","yoast_head_json":{"title":"Rientro scolastico nel Principato. Ecco alcune novit\u00e0","description":"Misure sanitarie, monegasco come nuova materia e persino un robot in classe. Isabelle Bonnal, Commissario generale addetta alla direzione dell'Istruzione","robots":{"index":"index","follow":"follow","max-snippet":"max-snippet:-1","max-image-preview":"max-image-preview:large","max-video-preview":"max-video-preview:-1"},"canonical":"https:\/\/www.monaco-tribune.com\/it\/2021\/09\/rientro-scolastico-nel-principato-ecco-alcune-novita\/","og_locale":"it_IT","og_type":"article","og_title":"Rientro scolastico nel Principato. Ecco alcune novit\u00e0 - Monaco Tribune","og_description":"Misure sanitarie, monegasco come nuova materia e persino un robot in classe. Isabelle Bonnal, Commissario generale addetta alla direzione dell'Istruzione","og_url":"https:\/\/www.monaco-tribune.com\/it\/2021\/09\/rientro-scolastico-nel-principato-ecco-alcune-novita\/","og_site_name":"Monaco Tribune","article_publisher":"https:\/\/www.facebook.com\/MonacoTribune","article_published_time":"2021-09-03T15:51:14+00:00","article_modified_time":"2021-09-03T15:51:23+00:00","og_image":[{"width":1592,"height":895,"url":"https:\/\/www.monaco-tribune.com\/wp-content\/uploads\/2021\/09\/isabelle-bonnal-rentree-scolaire.jpg","type":"image\/jpeg"}],"author":"Simon Zwierniak","twitter_card":"summary_large_image","twitter_creator":"@MonacoTribune","twitter_site":"@MonacoTribune","schema":{"@context":"https:\/\/schema.org","@graph":[{"@type":"NewsArticle","@id":"https:\/\/www.monaco-tribune.com\/it\/2021\/09\/rientro-scolastico-nel-principato-ecco-alcune-novita\/#article","isPartOf":{"@id":"https:\/\/www.monaco-tribune.com\/it\/2021\/09\/rientro-scolastico-nel-principato-ecco-alcune-novita\/"},"author":{"name":"Simon Zwierniak","@id":"https:\/\/www.monaco-tribune.com\/it\/#\/schema\/person\/8999750e061d77476d5caf542c77c841"},"headline":"Rientro scolastico nel Principato. Ecco alcune novit\u00e0","datePublished":"2021-09-03T15:51:14+00:00","dateModified":"2021-09-03T15:51:23+00:00","mainEntityOfPage":{"@id":"https:\/\/www.monaco-tribune.com\/it\/2021\/09\/rientro-scolastico-nel-principato-ecco-alcune-novita\/"},"wordCount":285,"publisher":{"@id":"https:\/\/www.monaco-tribune.com\/it\/#organization"},"image":{"@id":"https:\/\/www.monaco-tribune.com\/it\/2021\/09\/rientro-scolastico-nel-principato-ecco-alcune-novita\/#primaryimage"},"thumbnailUrl":"https:\/\/www.monaco-tribune.com\/wp-content\/uploads\/2023\/01\/lycee-albert-1er.jpg","keywords":["Istruzione"],"articleSection":["Notizie","Societ\u00e0"],"inLanguage":"it-IT","copyrightYear":"2021","copyrightHolder":{"@id":"https:\/\/www.monaco-tribune.com\/#organization"}},{"@type":"WebPage","@id":"https:\/\/www.monaco-tribune.com\/it\/2021\/09\/rientro-scolastico-nel-principato-ecco-alcune-novita\/","url":"https:\/\/www.monaco-tribune.com\/it\/2021\/09\/rientro-scolastico-nel-principato-ecco-alcune-novita\/","name":"Rientro scolastico nel Principato. Ecco alcune novit\u00e0","isPartOf":{"@id":"https:\/\/www.monaco-tribune.com\/it\/#website"},"primaryImageOfPage":{"@id":"https:\/\/www.monaco-tribune.com\/it\/2021\/09\/rientro-scolastico-nel-principato-ecco-alcune-novita\/#primaryimage"},"image":{"@id":"https:\/\/www.monaco-tribune.com\/it\/2021\/09\/rientro-scolastico-nel-principato-ecco-alcune-novita\/#primaryimage"},"thumbnailUrl":"https:\/\/www.monaco-tribune.com\/wp-content\/uploads\/2023\/01\/lycee-albert-1er.jpg","datePublished":"2021-09-03T15:51:14+00:00","dateModified":"2021-09-03T15:51:23+00:00","description":"Misure sanitarie, monegasco come nuova materia e persino un robot in classe. Isabelle Bonnal, Commissario generale addetta alla direzione dell'Istruzione","breadcrumb":{"@id":"https:\/\/www.monaco-tribune.com\/it\/2021\/09\/rientro-scolastico-nel-principato-ecco-alcune-novita\/#breadcrumb"},"inLanguage":"it-IT","potentialAction":[{"@type":"ReadAction","target":["https:\/\/www.monaco-tribune.com\/it\/2021\/09\/rientro-scolastico-nel-principato-ecco-alcune-novita\/"]}]},{"@type":"ImageObject","inLanguage":"it-IT","@id":"https:\/\/www.monaco-tribune.com\/it\/2021\/09\/rientro-scolastico-nel-principato-ecco-alcune-novita\/#primaryimage","url":"https:\/\/www.monaco-tribune.com\/wp-content\/uploads\/2023\/01\/lycee-albert-1er.jpg","contentUrl":"https:\/\/www.monaco-tribune.com\/wp-content\/uploads\/2023\/01\/lycee-albert-1er.jpg","width":1095,"height":697,"caption":"Lyc\u00e9e Albert 1er \u00a9 Gouvernement Princier"},{"@type":"BreadcrumbList","@id":"https:\/\/www.monaco-tribune.com\/it\/2021\/09\/rientro-scolastico-nel-principato-ecco-alcune-novita\/#breadcrumb","itemListElement":[{"@type":"ListItem","position":1,"name":"Accueil","item":"https:\/\/www.monaco-tribune.com\/it\/"},{"@type":"ListItem","position":2,"name":"Rientro scolastico nel Principato. Ecco alcune novit\u00e0"}]},{"@type":"WebSite","@id":"https:\/\/www.monaco-tribune.com\/it\/#website","url":"https:\/\/www.monaco-tribune.com\/it\/","name":"Monaco Tribune","description":"Monaco : actualit\u00e9s \u00e9conomiques, politiques, culturelles et sportives de Monaco et de la French Riviera.","publisher":{"@id":"https:\/\/www.monaco-tribune.com\/it\/#organization"},"potentialAction":[{"@type":"SearchAction","target":{"@type":"EntryPoint","urlTemplate":"https:\/\/www.monaco-tribune.com\/it\/?s={search_term_string}"},"query-input":{"@type":"PropertyValueSpecification","valueRequired":true,"valueName":"search_term_string"}}],"inLanguage":"it-IT"},{"@type":"Organization","@id":"https:\/\/www.monaco-tribune.com\/it\/#organization","name":"Monaco Tribune","url":"https:\/\/www.monaco-tribune.com\/it\/","logo":{"@type":"ImageObject","inLanguage":"it-IT","@id":"https:\/\/www.monaco-tribune.com\/it\/#\/schema\/logo\/image\/","url":"https:\/\/www.monaco-tribune.com\/wp-content\/uploads\/2022\/11\/logo-monaco-tribune.png","contentUrl":"https:\/\/www.monaco-tribune.com\/wp-content\/uploads\/2022\/11\/logo-monaco-tribune.png","width":1548,"height":600,"caption":"Monaco Tribune"},"image":{"@id":"https:\/\/www.monaco-tribune.com\/it\/#\/schema\/logo\/image\/"},"sameAs":["https:\/\/www.facebook.com\/MonacoTribune","https:\/\/x.com\/MonacoTribune","https:\/\/www.instagram.com\/monacotribune\/","https:\/\/www.linkedin.com\/company\/monaco-tribune","https:\/\/www.youtube.com\/channel\/UCHle1MnG6hw1y4lWKijVbMA"]},{"@type":"Person","@id":"https:\/\/www.monaco-tribune.com\/it\/#\/schema\/person\/8999750e061d77476d5caf542c77c841","name":"Simon Zwierniak","image":{"@type":"ImageObject","inLanguage":"it-IT","@id":"https:\/\/secure.gravatar.com\/avatar\/4996370fc4436ccbc5a09f3a9d6393bb07b46b707a1982d1874380fb0c5458de?s=96&d=mm&r=g","url":"https:\/\/secure.gravatar.com\/avatar\/4996370fc4436ccbc5a09f3a9d6393bb07b46b707a1982d1874380fb0c5458de?s=96&d=mm&r=g","contentUrl":"https:\/\/secure.gravatar.com\/avatar\/4996370fc4436ccbc5a09f3a9d6393bb07b46b707a1982d1874380fb0c5458de?s=96&d=mm&r=g","caption":"Simon Zwierniak"},"url":"https:\/\/www.monaco-tribune.com\/it\/author\/simonzwierniak\/"}]}},"_links":{"self":[{"href":"https:\/\/www.monaco-tribune.com\/it\/wp-json\/wp\/v2\/posts\/92283","targetHints":{"allow":["GET"]}}],"collection":[{"href":"https:\/\/www.monaco-tribune.com\/it\/wp-json\/wp\/v2\/posts"}],"about":[{"href":"https:\/\/www.monaco-tribune.com\/it\/wp-json\/wp\/v2\/types\/post"}],"author":[{"embeddable":true,"href":"https:\/\/www.monaco-tribune.com\/it\/wp-json\/wp\/v2\/users\/54"}],"replies":[{"embeddable":true,"href":"https:\/\/www.monaco-tribune.com\/it\/wp-json\/wp\/v2\/comments?post=92283"}],"version-history":[{"count":0,"href":"https:\/\/www.monaco-tribune.com\/it\/wp-json\/wp\/v2\/posts\/92283\/revisions"}],"wp:featuredmedia":[{"embeddable":true,"href":"https:\/\/www.monaco-tribune.com\/it\/wp-json\/wp\/v2\/media\/159927"}],"wp:attachment":[{"href":"https:\/\/www.monaco-tribune.com\/it\/wp-json\/wp\/v2\/media?parent=92283"}],"wp:term":[{"taxonomy":"category","embeddable":true,"href":"https:\/\/www.monaco-tribune.com\/it\/wp-json\/wp\/v2\/categories?post=92283"},{"taxonomy":"post_tag","embeddable":true,"href":"https:\/\/www.monaco-tribune.com\/it\/wp-json\/wp\/v2\/tags?post=92283"},{"taxonomy":"sectag","embeddable":true,"href":"https:\/\/www.monaco-tribune.com\/it\/wp-json\/wp\/v2\/post_sectags?post=92283"},{"taxonomy":"format","embeddable":true,"href":"https:\/\/www.monaco-tribune.com\/it\/wp-json\/wp\/v2\/post_format?post=92283"}],"curies":[{"name":"wp","href":"https:\/\/api.w.org\/{rel}","templated":true}]}}