{"id":92390,"date":"2021-09-06T18:57:20","date_gmt":"2021-09-06T16:57:20","guid":{"rendered":"https:\/\/www.monaco-tribune.com\/2021\/09\/charles-leclerc-5-al-gran-premio-dolanda-punti-preziosi-per-la-scuderia-ferrari\/"},"modified":"2021-09-06T18:58:11","modified_gmt":"2021-09-06T16:58:11","slug":"charles-leclerc-5-al-gran-premio-dolanda-punti-preziosi-per-la-scuderia-ferrari","status":"publish","type":"post","link":"https:\/\/www.monaco-tribune.com\/it\/2021\/09\/charles-leclerc-5-al-gran-premio-dolanda-punti-preziosi-per-la-scuderia-ferrari\/","title":{"rendered":"Charles Leclerc 5\u00b0 al Gran Premio d&#8217;Olanda: &#8220;Punti preziosi&#8221; per la Scuderia Ferrari"},"content":{"rendered":"\n<p><strong>Quinto al Gran Premio d&#8217;Olanda, disputatosi sul circuito di Zandvoort, il pilota monegasco ha guadagnato punti preziosi per la scuderia Ferrari nella classifica di campionato del mondo costruttori.<\/strong><\/p>\n\n\n\n<p>Quinto sulla griglia, quinto all&#8217;arrivo. Il week end nei Paesi Bassi si pu\u00f2 dire riuscito per Charles Leclerc (Ferrari). Nonostante non sia stato in grado di superare Pierre Gasly (Alpha Tauri) all&#8217;inizio della gara e conquistare il quarto posto, dietro l&#8217;intoccabile trio Verstappen-Hamilton-Bottas, il pilota monegasco \u00e8 finalmente riuscito a terminare al quinto posto.<\/p>\n\n\n\n<p>&#8220;C&#8217;era una possibilit\u00e0 di guadagnare il quarto posto alla partenza ma non ho osato, c&#8217;\u00e8 mancato poco&#8221;, ha dichiarato alla fine della corsa. &#8220;Dopo, con Pierre avevamo gli stessi decimi in ogni giro. \u00c8 stato complicato, visto che mi avvicinavo a un secondo e mezzo o due secondi, \u00e8 stato molto difficile da seguire dato che avevamo le stesse performance&#8221;.<\/p>\n\n\n\n<div class=\"wp-block-image\"><figure class=\"aligncenter size-full\"><img loading=\"lazy\" decoding=\"async\" width=\"1024\" height=\"683\" src=\"https:\/\/www.monaco-tribune.com\/wp-content\/uploads\/2021\/09\/charles-leclerc-scuderia-ferrari-min.jpeg\" alt=\"\" class=\"wp-image-92318\" srcset=\"https:\/\/www.monaco-tribune.com\/wp-content\/uploads\/2021\/09\/charles-leclerc-scuderia-ferrari-min.jpeg 1024w, https:\/\/www.monaco-tribune.com\/wp-content\/uploads\/2021\/09\/charles-leclerc-scuderia-ferrari-min-450x300.jpeg 450w, https:\/\/www.monaco-tribune.com\/wp-content\/uploads\/2021\/09\/charles-leclerc-scuderia-ferrari-min-225x150.jpeg 225w, https:\/\/www.monaco-tribune.com\/wp-content\/uploads\/2021\/09\/charles-leclerc-scuderia-ferrari-min-768x512.jpeg 768w, https:\/\/www.monaco-tribune.com\/wp-content\/uploads\/2021\/09\/charles-leclerc-scuderia-ferrari-min-175x117.jpeg 175w\" sizes=\"auto, (max-width: 1024px) 100vw, 1024px\" \/><figcaption>Charles Leclerc\/Scuderia Ferrari<\/figcaption><\/figure><\/div>\n\n\n\n<p>Grazie anche al settimo posto del suo compagno di squadra Carlos Sainz, Ferrari \u00e8 riuscita a guadagnare dei punti importanti e a superare McLaren nel campionato del mondo costruttori. La scuderia italiana passa cos\u00ec al terzo posto. &#8220;Sono punti preziosi per il team. Era il nostro obiettivo di oggi (domenica), perch\u00e9 McLaren ha avuto qualche difficolt\u00e0 questo fine settimana e quindi dovevamo guadagnare punti con entrambe le vetture&#8221;.<\/p>\n\n\n\n<p><strong>&gt;&gt; LEGGI ANCHE: <\/strong><a href=\"https:\/\/www.monaco-tribune.com\/it\/2021\/08\/formula-1-stagione-sfortunata-per-charles-leclerc\/\">Formula 1: stagione sfortunata per Charles Leclerc?<\/a><\/p>\n\n\n\n<p>Ormai concentrato su Monza, luogo della sua seconda vittoria in Formula 1 nel 2019, Charles Leclerc ha davanti a s\u00e9 un Gran Premio difficile, su un circuito veloce, che non \u00e8 molto apprezzato dalle Ferrari. &#8220;Non vedo l&#8217;ora di essere a Monza la settimana prossima, ma non sar\u00e0 un week end facile per noi, anche se sar\u00e0 bello vedere tanto pubblico in rosso. Avremo bisogno di supporto&#8221;. Nella classifica dei piloti, Charles Leclerc si trova al sesto posto.<\/p>\n","protected":false},"excerpt":{"rendered":"<p>Quinto al Gran Premio d&#8217;Olanda, disputatosi sul circuito di Zandvoort, il pilota monegasco ha guadagnato punti preziosi per la scuderia [&hellip;]<\/p>\n","protected":false},"author":24,"featured_media":92314,"comment_status":"closed","ping_status":"closed","sticky":false,"template":"","format":"standard","meta":{"_acf_changed":false,"footnotes":""},"categories":[1738,1743],"tags":[3348],"post_sectags":[],"post_format":[2478],"class_list":["post-92390","post","type-post","status-publish","format-standard","has-post-thumbnail","hentry","category-notizie","category-sport-it","tag-charles-leclerc-it","format-notizia"],"acf":[],"yoast_head":"<!-- This site is optimized with the Yoast SEO Premium plugin v26.8 (Yoast SEO v27.4) - https:\/\/yoast.com\/product\/yoast-seo-premium-wordpress\/ -->\n<title>Charles Leclerc 5\u00b0 al Gran Premio d&#039;Olanda: &quot;Punti preziosi&quot; per la Scuderia Ferrari<\/title>\n<meta name=\"description\" content=\"Quinto al Gran Premio d&#039;Olanda, disputatosi sul circuito di Zandvoort, il pilota monegasco ha guadagnato punti preziosi per la scuderia Ferrari nella\" \/>\n<meta name=\"robots\" content=\"index, follow, max-snippet:-1, max-image-preview:large, max-video-preview:-1\" \/>\n<link rel=\"canonical\" href=\"https:\/\/www.monaco-tribune.com\/it\/2021\/09\/charles-leclerc-5-al-gran-premio-dolanda-punti-preziosi-per-la-scuderia-ferrari\/\" \/>\n<meta property=\"og:locale\" content=\"it_IT\" \/>\n<meta property=\"og:type\" content=\"article\" \/>\n<meta property=\"og:title\" content=\"Charles Leclerc 5\u00b0 al Gran Premio d&#039;Olanda: &quot;Punti preziosi&quot; per la Scuderia Ferrari - Monaco Tribune\" \/>\n<meta property=\"og:description\" content=\"Quinto al Gran Premio d&#039;Olanda, disputatosi sul circuito di Zandvoort, il pilota monegasco ha guadagnato punti preziosi per la scuderia Ferrari nella\" \/>\n<meta property=\"og:url\" content=\"https:\/\/www.monaco-tribune.com\/it\/2021\/09\/charles-leclerc-5-al-gran-premio-dolanda-punti-preziosi-per-la-scuderia-ferrari\/\" \/>\n<meta property=\"og:site_name\" content=\"Monaco Tribune\" \/>\n<meta property=\"article:publisher\" content=\"https:\/\/www.facebook.com\/MonacoTribune\" \/>\n<meta property=\"article:published_time\" content=\"2021-09-06T16:57:20+00:00\" \/>\n<meta property=\"article:modified_time\" content=\"2021-09-06T16:58:11+00:00\" \/>\n<meta property=\"og:image\" content=\"https:\/\/www.monaco-tribune.com\/wp-content\/uploads\/2021\/09\/charles-leclerc-ferrari-min.jpeg\" \/>\n\t<meta property=\"og:image:width\" content=\"1024\" \/>\n\t<meta property=\"og:image:height\" content=\"683\" \/>\n\t<meta property=\"og:image:type\" content=\"image\/jpeg\" \/>\n<meta name=\"author\" content=\"Romain Boisaubert\" \/>\n<meta name=\"twitter:card\" content=\"summary_large_image\" \/>\n<meta name=\"twitter:creator\" content=\"@MonacoTribune\" \/>\n<meta name=\"twitter:site\" content=\"@MonacoTribune\" \/>\n<script type=\"application\/ld+json\" class=\"yoast-schema-graph\">{\"@context\":\"https:\\\/\\\/schema.org\",\"@graph\":[{\"@type\":\"NewsArticle\",\"@id\":\"https:\\\/\\\/www.monaco-tribune.com\\\/it\\\/2021\\\/09\\\/charles-leclerc-5-al-gran-premio-dolanda-punti-preziosi-per-la-scuderia-ferrari\\\/#article\",\"isPartOf\":{\"@id\":\"https:\\\/\\\/www.monaco-tribune.com\\\/it\\\/2021\\\/09\\\/charles-leclerc-5-al-gran-premio-dolanda-punti-preziosi-per-la-scuderia-ferrari\\\/\"},\"author\":{\"name\":\"Romain Boisaubert\",\"@id\":\"https:\\\/\\\/www.monaco-tribune.com\\\/it\\\/#\\\/schema\\\/person\\\/330a3732947cf8cb41b2533a0eadd62e\"},\"headline\":\"Charles Leclerc 5\u00b0 al Gran Premio d&#8217;Olanda: &#8220;Punti preziosi&#8221; per la Scuderia Ferrari\",\"datePublished\":\"2021-09-06T16:57:20+00:00\",\"dateModified\":\"2021-09-06T16:58:11+00:00\",\"mainEntityOfPage\":{\"@id\":\"https:\\\/\\\/www.monaco-tribune.com\\\/it\\\/2021\\\/09\\\/charles-leclerc-5-al-gran-premio-dolanda-punti-preziosi-per-la-scuderia-ferrari\\\/\"},\"wordCount\":314,\"publisher\":{\"@id\":\"https:\\\/\\\/www.monaco-tribune.com\\\/it\\\/#organization\"},\"image\":{\"@id\":\"https:\\\/\\\/www.monaco-tribune.com\\\/it\\\/2021\\\/09\\\/charles-leclerc-5-al-gran-premio-dolanda-punti-preziosi-per-la-scuderia-ferrari\\\/#primaryimage\"},\"thumbnailUrl\":\"https:\\\/\\\/www.monaco-tribune.com\\\/wp-content\\\/uploads\\\/2021\\\/09\\\/charles-leclerc-ferrari-min.jpeg\",\"keywords\":[\"Charles Leclerc\"],\"articleSection\":[\"Notizie\",\"Sport\"],\"inLanguage\":\"it-IT\",\"copyrightYear\":\"2021\",\"copyrightHolder\":{\"@id\":\"https:\\\/\\\/www.monaco-tribune.com\\\/#organization\"}},{\"@type\":\"WebPage\",\"@id\":\"https:\\\/\\\/www.monaco-tribune.com\\\/it\\\/2021\\\/09\\\/charles-leclerc-5-al-gran-premio-dolanda-punti-preziosi-per-la-scuderia-ferrari\\\/\",\"url\":\"https:\\\/\\\/www.monaco-tribune.com\\\/it\\\/2021\\\/09\\\/charles-leclerc-5-al-gran-premio-dolanda-punti-preziosi-per-la-scuderia-ferrari\\\/\",\"name\":\"Charles Leclerc 5\u00b0 al Gran Premio d'Olanda: \\\"Punti preziosi\\\" per la Scuderia Ferrari\",\"isPartOf\":{\"@id\":\"https:\\\/\\\/www.monaco-tribune.com\\\/it\\\/#website\"},\"primaryImageOfPage\":{\"@id\":\"https:\\\/\\\/www.monaco-tribune.com\\\/it\\\/2021\\\/09\\\/charles-leclerc-5-al-gran-premio-dolanda-punti-preziosi-per-la-scuderia-ferrari\\\/#primaryimage\"},\"image\":{\"@id\":\"https:\\\/\\\/www.monaco-tribune.com\\\/it\\\/2021\\\/09\\\/charles-leclerc-5-al-gran-premio-dolanda-punti-preziosi-per-la-scuderia-ferrari\\\/#primaryimage\"},\"thumbnailUrl\":\"https:\\\/\\\/www.monaco-tribune.com\\\/wp-content\\\/uploads\\\/2021\\\/09\\\/charles-leclerc-ferrari-min.jpeg\",\"datePublished\":\"2021-09-06T16:57:20+00:00\",\"dateModified\":\"2021-09-06T16:58:11+00:00\",\"description\":\"Quinto al Gran Premio d'Olanda, disputatosi sul circuito di Zandvoort, il pilota monegasco ha guadagnato punti preziosi per la scuderia Ferrari nella\",\"breadcrumb\":{\"@id\":\"https:\\\/\\\/www.monaco-tribune.com\\\/it\\\/2021\\\/09\\\/charles-leclerc-5-al-gran-premio-dolanda-punti-preziosi-per-la-scuderia-ferrari\\\/#breadcrumb\"},\"inLanguage\":\"it-IT\",\"potentialAction\":[{\"@type\":\"ReadAction\",\"target\":[\"https:\\\/\\\/www.monaco-tribune.com\\\/it\\\/2021\\\/09\\\/charles-leclerc-5-al-gran-premio-dolanda-punti-preziosi-per-la-scuderia-ferrari\\\/\"]}]},{\"@type\":\"ImageObject\",\"inLanguage\":\"it-IT\",\"@id\":\"https:\\\/\\\/www.monaco-tribune.com\\\/it\\\/2021\\\/09\\\/charles-leclerc-5-al-gran-premio-dolanda-punti-preziosi-per-la-scuderia-ferrari\\\/#primaryimage\",\"url\":\"https:\\\/\\\/www.monaco-tribune.com\\\/wp-content\\\/uploads\\\/2021\\\/09\\\/charles-leclerc-ferrari-min.jpeg\",\"contentUrl\":\"https:\\\/\\\/www.monaco-tribune.com\\\/wp-content\\\/uploads\\\/2021\\\/09\\\/charles-leclerc-ferrari-min.jpeg\",\"width\":1024,\"height\":683,\"caption\":\"Scuderia Ferrari\"},{\"@type\":\"BreadcrumbList\",\"@id\":\"https:\\\/\\\/www.monaco-tribune.com\\\/it\\\/2021\\\/09\\\/charles-leclerc-5-al-gran-premio-dolanda-punti-preziosi-per-la-scuderia-ferrari\\\/#breadcrumb\",\"itemListElement\":[{\"@type\":\"ListItem\",\"position\":1,\"name\":\"Accueil\",\"item\":\"https:\\\/\\\/www.monaco-tribune.com\\\/it\\\/\"},{\"@type\":\"ListItem\",\"position\":2,\"name\":\"Charles Leclerc 5\u00b0 al Gran Premio d&rsquo;Olanda: \u00ab\u00a0Punti preziosi\u00a0\u00bb per la Scuderia Ferrari\"}]},{\"@type\":\"WebSite\",\"@id\":\"https:\\\/\\\/www.monaco-tribune.com\\\/it\\\/#website\",\"url\":\"https:\\\/\\\/www.monaco-tribune.com\\\/it\\\/\",\"name\":\"Monaco Tribune\",\"description\":\"Monaco : actualit\u00e9s \u00e9conomiques, politiques, culturelles et sportives de Monaco et de la French Riviera.\",\"publisher\":{\"@id\":\"https:\\\/\\\/www.monaco-tribune.com\\\/it\\\/#organization\"},\"potentialAction\":[{\"@type\":\"SearchAction\",\"target\":{\"@type\":\"EntryPoint\",\"urlTemplate\":\"https:\\\/\\\/www.monaco-tribune.com\\\/it\\\/?s={search_term_string}\"},\"query-input\":{\"@type\":\"PropertyValueSpecification\",\"valueRequired\":true,\"valueName\":\"search_term_string\"}}],\"inLanguage\":\"it-IT\"},{\"@type\":\"Organization\",\"@id\":\"https:\\\/\\\/www.monaco-tribune.com\\\/it\\\/#organization\",\"name\":\"Monaco Tribune\",\"url\":\"https:\\\/\\\/www.monaco-tribune.com\\\/it\\\/\",\"logo\":{\"@type\":\"ImageObject\",\"inLanguage\":\"it-IT\",\"@id\":\"https:\\\/\\\/www.monaco-tribune.com\\\/it\\\/#\\\/schema\\\/logo\\\/image\\\/\",\"url\":\"https:\\\/\\\/www.monaco-tribune.com\\\/wp-content\\\/uploads\\\/2022\\\/11\\\/logo-monaco-tribune.png\",\"contentUrl\":\"https:\\\/\\\/www.monaco-tribune.com\\\/wp-content\\\/uploads\\\/2022\\\/11\\\/logo-monaco-tribune.png\",\"width\":1548,\"height\":600,\"caption\":\"Monaco Tribune\"},\"image\":{\"@id\":\"https:\\\/\\\/www.monaco-tribune.com\\\/it\\\/#\\\/schema\\\/logo\\\/image\\\/\"},\"sameAs\":[\"https:\\\/\\\/www.facebook.com\\\/MonacoTribune\",\"https:\\\/\\\/x.com\\\/MonacoTribune\",\"https:\\\/\\\/www.instagram.com\\\/monacotribune\\\/\",\"https:\\\/\\\/www.linkedin.com\\\/company\\\/monaco-tribune\",\"https:\\\/\\\/www.youtube.com\\\/channel\\\/UCHle1MnG6hw1y4lWKijVbMA\"]},{\"@type\":\"Person\",\"@id\":\"https:\\\/\\\/www.monaco-tribune.com\\\/it\\\/#\\\/schema\\\/person\\\/330a3732947cf8cb41b2533a0eadd62e\",\"name\":\"Romain Boisaubert\",\"image\":{\"@type\":\"ImageObject\",\"inLanguage\":\"it-IT\",\"@id\":\"https:\\\/\\\/secure.gravatar.com\\\/avatar\\\/f8b90d41f1eabd1cbe4cf59e09d8db41a697d51919bf2dfe727589a24a4a4d54?s=96&d=mm&r=g\",\"url\":\"https:\\\/\\\/secure.gravatar.com\\\/avatar\\\/f8b90d41f1eabd1cbe4cf59e09d8db41a697d51919bf2dfe727589a24a4a4d54?s=96&d=mm&r=g\",\"contentUrl\":\"https:\\\/\\\/secure.gravatar.com\\\/avatar\\\/f8b90d41f1eabd1cbe4cf59e09d8db41a697d51919bf2dfe727589a24a4a4d54?s=96&d=mm&r=g\",\"caption\":\"Romain Boisaubert\"},\"description\":\"Test bio\",\"url\":\"https:\\\/\\\/www.monaco-tribune.com\\\/it\\\/author\\\/romain-boisaubert\\\/\"}]}<\/script>\n<!-- \/ Yoast SEO Premium plugin. -->","yoast_head_json":{"title":"Charles Leclerc 5\u00b0 al Gran Premio d'Olanda: \"Punti preziosi\" per la Scuderia Ferrari","description":"Quinto al Gran Premio d'Olanda, disputatosi sul circuito di Zandvoort, il pilota monegasco ha guadagnato punti preziosi per la scuderia Ferrari nella","robots":{"index":"index","follow":"follow","max-snippet":"max-snippet:-1","max-image-preview":"max-image-preview:large","max-video-preview":"max-video-preview:-1"},"canonical":"https:\/\/www.monaco-tribune.com\/it\/2021\/09\/charles-leclerc-5-al-gran-premio-dolanda-punti-preziosi-per-la-scuderia-ferrari\/","og_locale":"it_IT","og_type":"article","og_title":"Charles Leclerc 5\u00b0 al Gran Premio d'Olanda: \"Punti preziosi\" per la Scuderia Ferrari - Monaco Tribune","og_description":"Quinto al Gran Premio d'Olanda, disputatosi sul circuito di Zandvoort, il pilota monegasco ha guadagnato punti preziosi per la scuderia Ferrari nella","og_url":"https:\/\/www.monaco-tribune.com\/it\/2021\/09\/charles-leclerc-5-al-gran-premio-dolanda-punti-preziosi-per-la-scuderia-ferrari\/","og_site_name":"Monaco Tribune","article_publisher":"https:\/\/www.facebook.com\/MonacoTribune","article_published_time":"2021-09-06T16:57:20+00:00","article_modified_time":"2021-09-06T16:58:11+00:00","og_image":[{"width":1024,"height":683,"url":"https:\/\/www.monaco-tribune.com\/wp-content\/uploads\/2021\/09\/charles-leclerc-ferrari-min.jpeg","type":"image\/jpeg"}],"author":"Romain Boisaubert","twitter_card":"summary_large_image","twitter_creator":"@MonacoTribune","twitter_site":"@MonacoTribune","schema":{"@context":"https:\/\/schema.org","@graph":[{"@type":"NewsArticle","@id":"https:\/\/www.monaco-tribune.com\/it\/2021\/09\/charles-leclerc-5-al-gran-premio-dolanda-punti-preziosi-per-la-scuderia-ferrari\/#article","isPartOf":{"@id":"https:\/\/www.monaco-tribune.com\/it\/2021\/09\/charles-leclerc-5-al-gran-premio-dolanda-punti-preziosi-per-la-scuderia-ferrari\/"},"author":{"name":"Romain Boisaubert","@id":"https:\/\/www.monaco-tribune.com\/it\/#\/schema\/person\/330a3732947cf8cb41b2533a0eadd62e"},"headline":"Charles Leclerc 5\u00b0 al Gran Premio d&#8217;Olanda: &#8220;Punti preziosi&#8221; per la Scuderia Ferrari","datePublished":"2021-09-06T16:57:20+00:00","dateModified":"2021-09-06T16:58:11+00:00","mainEntityOfPage":{"@id":"https:\/\/www.monaco-tribune.com\/it\/2021\/09\/charles-leclerc-5-al-gran-premio-dolanda-punti-preziosi-per-la-scuderia-ferrari\/"},"wordCount":314,"publisher":{"@id":"https:\/\/www.monaco-tribune.com\/it\/#organization"},"image":{"@id":"https:\/\/www.monaco-tribune.com\/it\/2021\/09\/charles-leclerc-5-al-gran-premio-dolanda-punti-preziosi-per-la-scuderia-ferrari\/#primaryimage"},"thumbnailUrl":"https:\/\/www.monaco-tribune.com\/wp-content\/uploads\/2021\/09\/charles-leclerc-ferrari-min.jpeg","keywords":["Charles Leclerc"],"articleSection":["Notizie","Sport"],"inLanguage":"it-IT","copyrightYear":"2021","copyrightHolder":{"@id":"https:\/\/www.monaco-tribune.com\/#organization"}},{"@type":"WebPage","@id":"https:\/\/www.monaco-tribune.com\/it\/2021\/09\/charles-leclerc-5-al-gran-premio-dolanda-punti-preziosi-per-la-scuderia-ferrari\/","url":"https:\/\/www.monaco-tribune.com\/it\/2021\/09\/charles-leclerc-5-al-gran-premio-dolanda-punti-preziosi-per-la-scuderia-ferrari\/","name":"Charles Leclerc 5\u00b0 al Gran Premio d'Olanda: \"Punti preziosi\" per la Scuderia Ferrari","isPartOf":{"@id":"https:\/\/www.monaco-tribune.com\/it\/#website"},"primaryImageOfPage":{"@id":"https:\/\/www.monaco-tribune.com\/it\/2021\/09\/charles-leclerc-5-al-gran-premio-dolanda-punti-preziosi-per-la-scuderia-ferrari\/#primaryimage"},"image":{"@id":"https:\/\/www.monaco-tribune.com\/it\/2021\/09\/charles-leclerc-5-al-gran-premio-dolanda-punti-preziosi-per-la-scuderia-ferrari\/#primaryimage"},"thumbnailUrl":"https:\/\/www.monaco-tribune.com\/wp-content\/uploads\/2021\/09\/charles-leclerc-ferrari-min.jpeg","datePublished":"2021-09-06T16:57:20+00:00","dateModified":"2021-09-06T16:58:11+00:00","description":"Quinto al Gran Premio d'Olanda, disputatosi sul circuito di Zandvoort, il pilota monegasco ha guadagnato punti preziosi per la scuderia Ferrari nella","breadcrumb":{"@id":"https:\/\/www.monaco-tribune.com\/it\/2021\/09\/charles-leclerc-5-al-gran-premio-dolanda-punti-preziosi-per-la-scuderia-ferrari\/#breadcrumb"},"inLanguage":"it-IT","potentialAction":[{"@type":"ReadAction","target":["https:\/\/www.monaco-tribune.com\/it\/2021\/09\/charles-leclerc-5-al-gran-premio-dolanda-punti-preziosi-per-la-scuderia-ferrari\/"]}]},{"@type":"ImageObject","inLanguage":"it-IT","@id":"https:\/\/www.monaco-tribune.com\/it\/2021\/09\/charles-leclerc-5-al-gran-premio-dolanda-punti-preziosi-per-la-scuderia-ferrari\/#primaryimage","url":"https:\/\/www.monaco-tribune.com\/wp-content\/uploads\/2021\/09\/charles-leclerc-ferrari-min.jpeg","contentUrl":"https:\/\/www.monaco-tribune.com\/wp-content\/uploads\/2021\/09\/charles-leclerc-ferrari-min.jpeg","width":1024,"height":683,"caption":"Scuderia Ferrari"},{"@type":"BreadcrumbList","@id":"https:\/\/www.monaco-tribune.com\/it\/2021\/09\/charles-leclerc-5-al-gran-premio-dolanda-punti-preziosi-per-la-scuderia-ferrari\/#breadcrumb","itemListElement":[{"@type":"ListItem","position":1,"name":"Accueil","item":"https:\/\/www.monaco-tribune.com\/it\/"},{"@type":"ListItem","position":2,"name":"Charles Leclerc 5\u00b0 al Gran Premio d&rsquo;Olanda: \u00ab\u00a0Punti preziosi\u00a0\u00bb per la Scuderia Ferrari"}]},{"@type":"WebSite","@id":"https:\/\/www.monaco-tribune.com\/it\/#website","url":"https:\/\/www.monaco-tribune.com\/it\/","name":"Monaco Tribune","description":"Monaco : actualit\u00e9s \u00e9conomiques, politiques, culturelles et sportives de Monaco et de la French Riviera.","publisher":{"@id":"https:\/\/www.monaco-tribune.com\/it\/#organization"},"potentialAction":[{"@type":"SearchAction","target":{"@type":"EntryPoint","urlTemplate":"https:\/\/www.monaco-tribune.com\/it\/?s={search_term_string}"},"query-input":{"@type":"PropertyValueSpecification","valueRequired":true,"valueName":"search_term_string"}}],"inLanguage":"it-IT"},{"@type":"Organization","@id":"https:\/\/www.monaco-tribune.com\/it\/#organization","name":"Monaco Tribune","url":"https:\/\/www.monaco-tribune.com\/it\/","logo":{"@type":"ImageObject","inLanguage":"it-IT","@id":"https:\/\/www.monaco-tribune.com\/it\/#\/schema\/logo\/image\/","url":"https:\/\/www.monaco-tribune.com\/wp-content\/uploads\/2022\/11\/logo-monaco-tribune.png","contentUrl":"https:\/\/www.monaco-tribune.com\/wp-content\/uploads\/2022\/11\/logo-monaco-tribune.png","width":1548,"height":600,"caption":"Monaco Tribune"},"image":{"@id":"https:\/\/www.monaco-tribune.com\/it\/#\/schema\/logo\/image\/"},"sameAs":["https:\/\/www.facebook.com\/MonacoTribune","https:\/\/x.com\/MonacoTribune","https:\/\/www.instagram.com\/monacotribune\/","https:\/\/www.linkedin.com\/company\/monaco-tribune","https:\/\/www.youtube.com\/channel\/UCHle1MnG6hw1y4lWKijVbMA"]},{"@type":"Person","@id":"https:\/\/www.monaco-tribune.com\/it\/#\/schema\/person\/330a3732947cf8cb41b2533a0eadd62e","name":"Romain Boisaubert","image":{"@type":"ImageObject","inLanguage":"it-IT","@id":"https:\/\/secure.gravatar.com\/avatar\/f8b90d41f1eabd1cbe4cf59e09d8db41a697d51919bf2dfe727589a24a4a4d54?s=96&d=mm&r=g","url":"https:\/\/secure.gravatar.com\/avatar\/f8b90d41f1eabd1cbe4cf59e09d8db41a697d51919bf2dfe727589a24a4a4d54?s=96&d=mm&r=g","contentUrl":"https:\/\/secure.gravatar.com\/avatar\/f8b90d41f1eabd1cbe4cf59e09d8db41a697d51919bf2dfe727589a24a4a4d54?s=96&d=mm&r=g","caption":"Romain Boisaubert"},"description":"Test bio","url":"https:\/\/www.monaco-tribune.com\/it\/author\/romain-boisaubert\/"}]}},"_links":{"self":[{"href":"https:\/\/www.monaco-tribune.com\/it\/wp-json\/wp\/v2\/posts\/92390","targetHints":{"allow":["GET"]}}],"collection":[{"href":"https:\/\/www.monaco-tribune.com\/it\/wp-json\/wp\/v2\/posts"}],"about":[{"href":"https:\/\/www.monaco-tribune.com\/it\/wp-json\/wp\/v2\/types\/post"}],"author":[{"embeddable":true,"href":"https:\/\/www.monaco-tribune.com\/it\/wp-json\/wp\/v2\/users\/24"}],"replies":[{"embeddable":true,"href":"https:\/\/www.monaco-tribune.com\/it\/wp-json\/wp\/v2\/comments?post=92390"}],"version-history":[{"count":0,"href":"https:\/\/www.monaco-tribune.com\/it\/wp-json\/wp\/v2\/posts\/92390\/revisions"}],"wp:featuredmedia":[{"embeddable":true,"href":"https:\/\/www.monaco-tribune.com\/it\/wp-json\/wp\/v2\/media\/92314"}],"wp:attachment":[{"href":"https:\/\/www.monaco-tribune.com\/it\/wp-json\/wp\/v2\/media?parent=92390"}],"wp:term":[{"taxonomy":"category","embeddable":true,"href":"https:\/\/www.monaco-tribune.com\/it\/wp-json\/wp\/v2\/categories?post=92390"},{"taxonomy":"post_tag","embeddable":true,"href":"https:\/\/www.monaco-tribune.com\/it\/wp-json\/wp\/v2\/tags?post=92390"},{"taxonomy":"sectag","embeddable":true,"href":"https:\/\/www.monaco-tribune.com\/it\/wp-json\/wp\/v2\/post_sectags?post=92390"},{"taxonomy":"format","embeddable":true,"href":"https:\/\/www.monaco-tribune.com\/it\/wp-json\/wp\/v2\/post_format?post=92390"}],"curies":[{"name":"wp","href":"https:\/\/api.w.org\/{rel}","templated":true}]}}