{"id":92798,"date":"2021-09-09T19:13:43","date_gmt":"2021-09-09T17:13:43","guid":{"rendered":"https:\/\/www.monaco-tribune.com\/2021\/09\/tocca-a-voi-i-vostri-aneddoti-sulle-vetrine-fantasma-di-monaco\/"},"modified":"2021-09-09T19:19:53","modified_gmt":"2021-09-09T17:19:53","slug":"tocca-a-voi-i-vostri-aneddoti-sulle-vetrine-fantasma-di-monaco","status":"publish","type":"post","link":"https:\/\/www.monaco-tribune.com\/it\/2021\/09\/tocca-a-voi-i-vostri-aneddoti-sulle-vetrine-fantasma-di-monaco\/","title":{"rendered":"Tocca a voi! I vostri aneddoti sulle vetrine fantasma di Monaco"},"content":{"rendered":"\n<p><strong>Dopo il nostro articolo <a href=\"https:\/\/www.monaco-tribune.com\/it\/2021\/08\/foto-vetrine-fantasma-la-verita-sui-luoghi-senza-vita-del-principato\/\">sulle vetrine fantasma del Principato<\/a>, siete stati in molti a commentare sulla <a href=\"https:\/\/www.facebook.com\/MonacoTribune\">nostra pagina<\/a> e sul nostro <a href=\"https:\/\/www.facebook.com\/groups\/monacotribune\">gruppo Facebook<\/a>. Anche con aneddoti principeschi!<\/strong><\/p>\n\n\n\n<p>Per lo pi\u00f9, avete scritto di luoghi disabitati che notate quando passeggiate in citt\u00e0. Come a Place des Moulins, per esempio, dove <a href=\"https:\/\/www.facebook.com\/MonacoTribune\/posts\/1269670503484377?comment_id=1269879536796807\">Edmund<\/a> parla &#8220;di un panificio vuoto&#8221;. Boris interviene scrivendo il nome del posto, si chiamava &#8220;Boulangerie Helena&#8221;.<\/p>\n\n\n\n<div class=\"wp-block-image\"><figure class=\"aligncenter size-large\"><img loading=\"lazy\" decoding=\"async\" width=\"1024\" height=\"576\" src=\"https:\/\/www.monaco-tribune.com\/wp-content\/uploads\/2021\/09\/facade-fantome-boulangerie-helena-1024x576.jpg\" alt=\"vetrine-fantasma-panificio-helena\" class=\"wp-image-92557\" srcset=\"https:\/\/www.monaco-tribune.com\/wp-content\/uploads\/2021\/09\/facade-fantome-boulangerie-helena-1024x576.jpg 1024w, https:\/\/www.monaco-tribune.com\/wp-content\/uploads\/2021\/09\/facade-fantome-boulangerie-helena-533x300.jpg 533w, https:\/\/www.monaco-tribune.com\/wp-content\/uploads\/2021\/09\/facade-fantome-boulangerie-helena-267x150.jpg 267w, https:\/\/www.monaco-tribune.com\/wp-content\/uploads\/2021\/09\/facade-fantome-boulangerie-helena-768x432.jpg 768w, https:\/\/www.monaco-tribune.com\/wp-content\/uploads\/2021\/09\/facade-fantome-boulangerie-helena-1536x864.jpg 1536w, https:\/\/www.monaco-tribune.com\/wp-content\/uploads\/2021\/09\/facade-fantome-boulangerie-helena-scaled.jpg 2048w, https:\/\/www.monaco-tribune.com\/wp-content\/uploads\/2021\/09\/facade-fantome-boulangerie-helena-175x98.jpg 175w\" sizes=\"auto, (max-width: 1024px) 100vw, 1024px\" \/><figcaption>\u00a9&nbsp;Monaco Tribune \/ Simon Zwierniak<\/figcaption><\/figure><\/div>\n\n\n\n<p>Poi, sul Boulevard des Moulins, <a href=\"https:\/\/www.facebook.com\/MonacoTribune\/posts\/1269670503484377?comment_id=1269879536796807&amp;reply_comment_id=1270026383448789\">Hugo<\/a> ed <a href=\"https:\/\/www.facebook.com\/MonacoTribune\/posts\/1269670503484377?comment_id=1270146770103417\">Elizabeth<\/a> scrivono di un certo &#8220;hotel du Louvre&#8221;. Un edificio che, secondo <a href=\"https:\/\/www.facebook.com\/MonacoTribune\/posts\/1269670503484377?comment_id=1269879536796807&amp;reply_comment_id=1270026383448789\">Hugo<\/a>, sarebbe &#8220;vuoto da oltre 20 anni&#8221; e che, secondo <a href=\"https:\/\/www.facebook.com\/MonacoTribune\/posts\/1269670503484377?comment_id=1270146770103417\">Elizabeth<\/a>, &#8220;cade a pezzi&#8221;.<\/p>\n\n\n\n<div class=\"wp-block-image\"><figure class=\"aligncenter size-large\"><img loading=\"lazy\" decoding=\"async\" width=\"1024\" height=\"576\" src=\"https:\/\/www.monaco-tribune.com\/wp-content\/uploads\/2021\/09\/facade-fantome-hotel-louvre-1024x576.jpg\" alt=\"vetrine-fantasma-hotel-louvre\" class=\"wp-image-92571\" srcset=\"https:\/\/www.monaco-tribune.com\/wp-content\/uploads\/2021\/09\/facade-fantome-hotel-louvre-1024x576.jpg 1024w, https:\/\/www.monaco-tribune.com\/wp-content\/uploads\/2021\/09\/facade-fantome-hotel-louvre-533x300.jpg 533w, https:\/\/www.monaco-tribune.com\/wp-content\/uploads\/2021\/09\/facade-fantome-hotel-louvre-267x150.jpg 267w, https:\/\/www.monaco-tribune.com\/wp-content\/uploads\/2021\/09\/facade-fantome-hotel-louvre-768x432.jpg 768w, https:\/\/www.monaco-tribune.com\/wp-content\/uploads\/2021\/09\/facade-fantome-hotel-louvre-1536x864.jpg 1536w, https:\/\/www.monaco-tribune.com\/wp-content\/uploads\/2021\/09\/facade-fantome-hotel-louvre-scaled.jpg 2048w, https:\/\/www.monaco-tribune.com\/wp-content\/uploads\/2021\/09\/facade-fantome-hotel-louvre-175x98.jpg 175w\" sizes=\"auto, (max-width: 1024px) 100vw, 1024px\" \/><figcaption>\u00a9 Monaco Tribune \/ Simon Zwierniak<\/figcaption><\/figure><\/div>\n\n\n\n<p>Tra i ristoranti scomparsi, <a href=\"https:\/\/www.facebook.com\/MonacoTribune\/posts\/1269670503484377?comment_id=1269675656817195&amp;reply_comment_id=1270363066748454\">Mike<\/a> cita &#8220;la maciota&#8221;, che &#8220;\u00e8 chiuso da tantissimo tempo&#8221;, e scrive anche l&#8217;indirizzo: &#8220;Rue Baron de Sainte Suzanne n\u00b04&#8221;. Per completare il commento, <a href=\"https:\/\/www.facebook.com\/MonacoTribune\/posts\/1269670503484377?comment_id=1269675656817195&amp;reply_comment_id=1270995720018522\">Claudia<\/a> condivide una foto del vecchio ristorante.<\/p>\n\n\n\n<div class=\"wp-block-image\"><figure class=\"aligncenter size-full is-resized\"><img loading=\"lazy\" decoding=\"async\" src=\"https:\/\/www.monaco-tribune.com\/wp-content\/uploads\/2021\/09\/la-maciota-facade-fantome-monaco.jpg\" alt=\"la maciota vetrina fantasma monaco\" class=\"wp-image-92144\" width=\"431\" height=\"324\" srcset=\"https:\/\/www.monaco-tribune.com\/wp-content\/uploads\/2021\/09\/la-maciota-facade-fantome-monaco.jpg 261w, https:\/\/www.monaco-tribune.com\/wp-content\/uploads\/2021\/09\/la-maciota-facade-fantome-monaco-200x150.jpg 200w, https:\/\/www.monaco-tribune.com\/wp-content\/uploads\/2021\/09\/la-maciota-facade-fantome-monaco-175x131.jpg 175w\" sizes=\"auto, (max-width: 431px) 100vw, 431px\" \/><figcaption> \u00a9 Claudia Calleri-Freddoni<\/figcaption><\/figure><\/div>\n\n\n\n<blockquote class=\"wp-block-quote is-layout-flow wp-block-quote-is-layout-flow\"><p>All&#8217;epoca, SAS il Principe ereditario Alberto veniva a comprare le caramelle qui come gli altri bambini<\/p><\/blockquote>\n\n\n\n<h2 class=\"wp-block-heading\" id=\"h-lo-sfizio-la-cucina-italiana-che-ha-lasciato-il-segno\">Lo Sfizio: la cucina italiana che ha lasciato il segno<\/h2>\n\n\n\n<p>Il vecchio ristorante di Rue du Portier era molto in voga! Due amiche, <a href=\"https:\/\/www.facebook.com\/MonacoTribune\/posts\/1269670503484377?comment_id=1269845126800248\">Jenny e Denise<\/a>, ricordano i bei momenti passati al ristorante quando era ancora aperto. &#8220;Quanto era buono&#8221;, commenta Jenny. Un&#8217;affermazione condivisa da Denise, che continua: &#8220;assolutamente s\u00ec! Ci strafogavamo ogni volta&#8221;.<\/p>\n\n\n\n<p>Per <a href=\"https:\/\/www.facebook.com\/MonacoTribune\/posts\/1269670503484377?comment_id=1271714753279952\">Ephine<\/a>, era un punto di ritrovo fisso. Parlando del ristorante dice: &#8220;cucina deliziosa [e un] locale fantastico&#8221;. <a href=\"https:\/\/www.facebook.com\/MonacoTribune\/posts\/1269670503484377?comment_id=1270606146724146\">Rocco<\/a>, invece, che abitava a Rue du Portier da prima che aprisse, si ricorda che &#8220;25 anni fa era di propriet\u00e0 della famiglia MANNA. Federico, mi sembra&#8221;.<\/p>\n\n\n\n<blockquote class=\"wp-block-quote is-layout-flow wp-block-quote-is-layout-flow\"><p>Michael Jackson ha mangiato qui<\/p><\/blockquote>\n\n\n\n<h2 class=\"wp-block-heading\">Luoghi dai ricordi indimenticabili<\/h2>\n\n\n\n<p>Anche se Carlito \u00e8 appena uscito da un garbuglio legale durato un decennio, <a href=\"https:\/\/www.facebook.com\/MonacoTribune\/posts\/1269670503484377?comment_id=1269917110126383\">Laurent<\/a> si ricorda che il ristorante \u00e8 in Rue Grimaldi da un&#8217;eternit\u00e0: &#8220;saranno almeno 25 anni che \u00e8 cos\u00ec&#8221;. Specifica, tuttavia, che prima &#8220;era un ristorante cinese&#8221;.<\/p>\n\n\n\n<p>Ma non uno qualsiasi. Secondo <a href=\"https:\/\/www.facebook.com\/MonacoTribune\/posts\/1269670503484377?comment_id=1271349786649782\">MonAsso Monaco<\/a>, infatti, avrebbe accolto il re del Pop: &#8220;Michael Jackson ha mangiato qui&#8221;. Una voce confermata da <a href=\"https:\/\/www.facebook.com\/MonacoTribune\/posts\/1269670503484377?comment_id=1271349786649782&amp;reply_comment_id=1271674526617308\">Joelle<\/a>, che si ricorda bene il momento: &#8220;era un mercoled\u00ec, \u00e8 arrivato su una Mercedes Vito nera, in incognito, maschera, occhiali e cappello, non so se ha mangiato bene&#8221;.<\/p>\n\n\n\n<p>Anche <a href=\"https:\/\/www.facebook.com\/MonacoTribune\/posts\/1269670503484377?comment_id=1270044240113670\">Jean Louis<\/a> ha avuto la fortuna di condividere un momento con un personaggio molto noto nel Principato&#8230; &#8220;Negli anni &#8217;60, La plume d&#8217;oie a Monaco (&#8230;) era un negozietto di caramelle in cui andavano tutti i bambini di Monaco (&#8230;) Mi ricordo anche che, all&#8217;epoca, SAS il Principe ereditario Alberto veniva a comprare le caramelle qui come gli altri bambini&#8221;. Una bella storia che ha lasciato a <a href=\"https:\/\/www.facebook.com\/MonacoTribune\/posts\/1269670503484377?comment_id=1270044240113670\">Jean Louis<\/a> &#8220;un ricordo straordinario&#8221;.<\/p>\n","protected":false},"excerpt":{"rendered":"<p>Dopo il nostro articolo sulle vetrine fantasma del Principato, siete stati in molti a commentare sulla nostra pagina e sul [&hellip;]<\/p>\n","protected":false},"author":53,"featured_media":91601,"comment_status":"closed","ping_status":"closed","sticky":false,"template":"","format":"standard","meta":{"_acf_changed":false,"footnotes":""},"categories":[1826,2433,1738,1752],"tags":[2999],"post_sectags":[],"post_format":[2482],"class_list":["post-92798","post","type-post","status-publish","format-standard","has-post-thumbnail","hentry","category-la-nostra-scelta","category-le-vostre-opinioni","category-notizie","category-societa","tag-patrimonio","format-sondaggio"],"acf":[],"yoast_head":"<!-- This site is optimized with the Yoast SEO Premium plugin v26.8 (Yoast SEO v27.4) - https:\/\/yoast.com\/product\/yoast-seo-premium-wordpress\/ -->\n<title>Tocca a voi! I vostri aneddoti sulle vetrine fantasma di Monaco<\/title>\n<meta name=\"description\" content=\"Dopo il nostro articolo sulle vetrine fantasma del Principato, siete stati in molti a commentare sulla nostra pagina e sul nostro gruppo Facebook. Anche\" \/>\n<meta name=\"robots\" content=\"index, follow, max-snippet:-1, max-image-preview:large, max-video-preview:-1\" \/>\n<link rel=\"canonical\" href=\"https:\/\/www.monaco-tribune.com\/it\/2021\/09\/tocca-a-voi-i-vostri-aneddoti-sulle-vetrine-fantasma-di-monaco\/\" \/>\n<meta property=\"og:locale\" content=\"it_IT\" \/>\n<meta property=\"og:type\" content=\"article\" \/>\n<meta property=\"og:title\" content=\"Tocca a voi! I vostri aneddoti sulle vetrine fantasma di Monaco - Monaco Tribune\" \/>\n<meta property=\"og:description\" content=\"Dopo il nostro articolo sulle vetrine fantasma del Principato, siete stati in molti a commentare sulla nostra pagina e sul nostro gruppo Facebook. Anche\" \/>\n<meta property=\"og:url\" content=\"https:\/\/www.monaco-tribune.com\/it\/2021\/09\/tocca-a-voi-i-vostri-aneddoti-sulle-vetrine-fantasma-di-monaco\/\" \/>\n<meta property=\"og:site_name\" content=\"Monaco Tribune\" \/>\n<meta property=\"article:publisher\" content=\"https:\/\/www.facebook.com\/MonacoTribune\" \/>\n<meta property=\"article:published_time\" content=\"2021-09-09T17:13:43+00:00\" \/>\n<meta property=\"article:modified_time\" content=\"2021-09-09T17:19:53+00:00\" \/>\n<meta property=\"og:image\" content=\"https:\/\/www.monaco-tribune.com\/wp-content\/uploads\/2021\/08\/carlito-fermeture-monaco-min-scaled.jpg\" \/>\n\t<meta property=\"og:image:width\" content=\"2048\" \/>\n\t<meta property=\"og:image:height\" content=\"1152\" \/>\n\t<meta property=\"og:image:type\" content=\"image\/jpeg\" \/>\n<meta name=\"author\" content=\"Alexis Gertaldi\" \/>\n<meta name=\"twitter:card\" content=\"summary_large_image\" \/>\n<meta name=\"twitter:creator\" content=\"@MonacoTribune\" \/>\n<meta name=\"twitter:site\" content=\"@MonacoTribune\" \/>\n<script type=\"application\/ld+json\" class=\"yoast-schema-graph\">{\"@context\":\"https:\\\/\\\/schema.org\",\"@graph\":[{\"@type\":\"NewsArticle\",\"@id\":\"https:\\\/\\\/www.monaco-tribune.com\\\/it\\\/2021\\\/09\\\/tocca-a-voi-i-vostri-aneddoti-sulle-vetrine-fantasma-di-monaco\\\/#article\",\"isPartOf\":{\"@id\":\"https:\\\/\\\/www.monaco-tribune.com\\\/it\\\/2021\\\/09\\\/tocca-a-voi-i-vostri-aneddoti-sulle-vetrine-fantasma-di-monaco\\\/\"},\"author\":{\"name\":\"Alexis Gertaldi\",\"@id\":\"https:\\\/\\\/www.monaco-tribune.com\\\/it\\\/#\\\/schema\\\/person\\\/0f67738182cc836268021d893fd4ba73\"},\"headline\":\"Tocca a voi! I vostri aneddoti sulle vetrine fantasma di Monaco\",\"datePublished\":\"2021-09-09T17:13:43+00:00\",\"dateModified\":\"2021-09-09T17:19:53+00:00\",\"mainEntityOfPage\":{\"@id\":\"https:\\\/\\\/www.monaco-tribune.com\\\/it\\\/2021\\\/09\\\/tocca-a-voi-i-vostri-aneddoti-sulle-vetrine-fantasma-di-monaco\\\/\"},\"wordCount\":440,\"publisher\":{\"@id\":\"https:\\\/\\\/www.monaco-tribune.com\\\/it\\\/#organization\"},\"image\":{\"@id\":\"https:\\\/\\\/www.monaco-tribune.com\\\/it\\\/2021\\\/09\\\/tocca-a-voi-i-vostri-aneddoti-sulle-vetrine-fantasma-di-monaco\\\/#primaryimage\"},\"thumbnailUrl\":\"https:\\\/\\\/www.monaco-tribune.com\\\/wp-content\\\/uploads\\\/2021\\\/08\\\/carlito-fermeture-monaco-min-scaled.jpg\",\"keywords\":[\"Patrimonio\"],\"articleSection\":[\"La nostra scelta\",\"Le vostre opinioni\",\"Notizie\",\"Societ\u00e0\"],\"inLanguage\":\"it-IT\",\"copyrightYear\":\"2021\",\"copyrightHolder\":{\"@id\":\"https:\\\/\\\/www.monaco-tribune.com\\\/#organization\"}},{\"@type\":\"WebPage\",\"@id\":\"https:\\\/\\\/www.monaco-tribune.com\\\/it\\\/2021\\\/09\\\/tocca-a-voi-i-vostri-aneddoti-sulle-vetrine-fantasma-di-monaco\\\/\",\"url\":\"https:\\\/\\\/www.monaco-tribune.com\\\/it\\\/2021\\\/09\\\/tocca-a-voi-i-vostri-aneddoti-sulle-vetrine-fantasma-di-monaco\\\/\",\"name\":\"Tocca a voi! I vostri aneddoti sulle vetrine fantasma di Monaco\",\"isPartOf\":{\"@id\":\"https:\\\/\\\/www.monaco-tribune.com\\\/it\\\/#website\"},\"primaryImageOfPage\":{\"@id\":\"https:\\\/\\\/www.monaco-tribune.com\\\/it\\\/2021\\\/09\\\/tocca-a-voi-i-vostri-aneddoti-sulle-vetrine-fantasma-di-monaco\\\/#primaryimage\"},\"image\":{\"@id\":\"https:\\\/\\\/www.monaco-tribune.com\\\/it\\\/2021\\\/09\\\/tocca-a-voi-i-vostri-aneddoti-sulle-vetrine-fantasma-di-monaco\\\/#primaryimage\"},\"thumbnailUrl\":\"https:\\\/\\\/www.monaco-tribune.com\\\/wp-content\\\/uploads\\\/2021\\\/08\\\/carlito-fermeture-monaco-min-scaled.jpg\",\"datePublished\":\"2021-09-09T17:13:43+00:00\",\"dateModified\":\"2021-09-09T17:19:53+00:00\",\"description\":\"Dopo il nostro articolo sulle vetrine fantasma del Principato, siete stati in molti a commentare sulla nostra pagina e sul nostro gruppo Facebook. Anche\",\"breadcrumb\":{\"@id\":\"https:\\\/\\\/www.monaco-tribune.com\\\/it\\\/2021\\\/09\\\/tocca-a-voi-i-vostri-aneddoti-sulle-vetrine-fantasma-di-monaco\\\/#breadcrumb\"},\"inLanguage\":\"it-IT\",\"potentialAction\":[{\"@type\":\"ReadAction\",\"target\":[\"https:\\\/\\\/www.monaco-tribune.com\\\/it\\\/2021\\\/09\\\/tocca-a-voi-i-vostri-aneddoti-sulle-vetrine-fantasma-di-monaco\\\/\"]}]},{\"@type\":\"ImageObject\",\"inLanguage\":\"it-IT\",\"@id\":\"https:\\\/\\\/www.monaco-tribune.com\\\/it\\\/2021\\\/09\\\/tocca-a-voi-i-vostri-aneddoti-sulle-vetrine-fantasma-di-monaco\\\/#primaryimage\",\"url\":\"https:\\\/\\\/www.monaco-tribune.com\\\/wp-content\\\/uploads\\\/2021\\\/08\\\/carlito-fermeture-monaco-min-scaled.jpg\",\"contentUrl\":\"https:\\\/\\\/www.monaco-tribune.com\\\/wp-content\\\/uploads\\\/2021\\\/08\\\/carlito-fermeture-monaco-min-scaled.jpg\",\"width\":2048,\"height\":1152,\"caption\":\"Monaco Tribune \\\/ Simon Zwierniak\"},{\"@type\":\"BreadcrumbList\",\"@id\":\"https:\\\/\\\/www.monaco-tribune.com\\\/it\\\/2021\\\/09\\\/tocca-a-voi-i-vostri-aneddoti-sulle-vetrine-fantasma-di-monaco\\\/#breadcrumb\",\"itemListElement\":[{\"@type\":\"ListItem\",\"position\":1,\"name\":\"Accueil\",\"item\":\"https:\\\/\\\/www.monaco-tribune.com\\\/it\\\/\"},{\"@type\":\"ListItem\",\"position\":2,\"name\":\"Tocca a voi! I vostri aneddoti sulle vetrine fantasma di Monaco\"}]},{\"@type\":\"WebSite\",\"@id\":\"https:\\\/\\\/www.monaco-tribune.com\\\/it\\\/#website\",\"url\":\"https:\\\/\\\/www.monaco-tribune.com\\\/it\\\/\",\"name\":\"Monaco Tribune\",\"description\":\"Monaco : actualit\u00e9s \u00e9conomiques, politiques, culturelles et sportives de Monaco et de la French Riviera.\",\"publisher\":{\"@id\":\"https:\\\/\\\/www.monaco-tribune.com\\\/it\\\/#organization\"},\"potentialAction\":[{\"@type\":\"SearchAction\",\"target\":{\"@type\":\"EntryPoint\",\"urlTemplate\":\"https:\\\/\\\/www.monaco-tribune.com\\\/it\\\/?s={search_term_string}\"},\"query-input\":{\"@type\":\"PropertyValueSpecification\",\"valueRequired\":true,\"valueName\":\"search_term_string\"}}],\"inLanguage\":\"it-IT\"},{\"@type\":\"Organization\",\"@id\":\"https:\\\/\\\/www.monaco-tribune.com\\\/it\\\/#organization\",\"name\":\"Monaco Tribune\",\"url\":\"https:\\\/\\\/www.monaco-tribune.com\\\/it\\\/\",\"logo\":{\"@type\":\"ImageObject\",\"inLanguage\":\"it-IT\",\"@id\":\"https:\\\/\\\/www.monaco-tribune.com\\\/it\\\/#\\\/schema\\\/logo\\\/image\\\/\",\"url\":\"https:\\\/\\\/www.monaco-tribune.com\\\/wp-content\\\/uploads\\\/2022\\\/11\\\/logo-monaco-tribune.png\",\"contentUrl\":\"https:\\\/\\\/www.monaco-tribune.com\\\/wp-content\\\/uploads\\\/2022\\\/11\\\/logo-monaco-tribune.png\",\"width\":1548,\"height\":600,\"caption\":\"Monaco Tribune\"},\"image\":{\"@id\":\"https:\\\/\\\/www.monaco-tribune.com\\\/it\\\/#\\\/schema\\\/logo\\\/image\\\/\"},\"sameAs\":[\"https:\\\/\\\/www.facebook.com\\\/MonacoTribune\",\"https:\\\/\\\/x.com\\\/MonacoTribune\",\"https:\\\/\\\/www.instagram.com\\\/monacotribune\\\/\",\"https:\\\/\\\/www.linkedin.com\\\/company\\\/monaco-tribune\",\"https:\\\/\\\/www.youtube.com\\\/channel\\\/UCHle1MnG6hw1y4lWKijVbMA\"]},{\"@type\":\"Person\",\"@id\":\"https:\\\/\\\/www.monaco-tribune.com\\\/it\\\/#\\\/schema\\\/person\\\/0f67738182cc836268021d893fd4ba73\",\"name\":\"Alexis Gertaldi\",\"image\":{\"@type\":\"ImageObject\",\"inLanguage\":\"it-IT\",\"@id\":\"https:\\\/\\\/secure.gravatar.com\\\/avatar\\\/21b6ee3415f5367a62f27983f05e4438c99d07dde81a8f97705ac6877cfc19da?s=96&d=mm&r=g\",\"url\":\"https:\\\/\\\/secure.gravatar.com\\\/avatar\\\/21b6ee3415f5367a62f27983f05e4438c99d07dde81a8f97705ac6877cfc19da?s=96&d=mm&r=g\",\"contentUrl\":\"https:\\\/\\\/secure.gravatar.com\\\/avatar\\\/21b6ee3415f5367a62f27983f05e4438c99d07dde81a8f97705ac6877cfc19da?s=96&d=mm&r=g\",\"caption\":\"Alexis Gertaldi\"},\"url\":\"https:\\\/\\\/www.monaco-tribune.com\\\/it\\\/author\\\/alexisgertaldi\\\/\"}]}<\/script>\n<!-- \/ Yoast SEO Premium plugin. -->","yoast_head_json":{"title":"Tocca a voi! I vostri aneddoti sulle vetrine fantasma di Monaco","description":"Dopo il nostro articolo sulle vetrine fantasma del Principato, siete stati in molti a commentare sulla nostra pagina e sul nostro gruppo Facebook. Anche","robots":{"index":"index","follow":"follow","max-snippet":"max-snippet:-1","max-image-preview":"max-image-preview:large","max-video-preview":"max-video-preview:-1"},"canonical":"https:\/\/www.monaco-tribune.com\/it\/2021\/09\/tocca-a-voi-i-vostri-aneddoti-sulle-vetrine-fantasma-di-monaco\/","og_locale":"it_IT","og_type":"article","og_title":"Tocca a voi! I vostri aneddoti sulle vetrine fantasma di Monaco - Monaco Tribune","og_description":"Dopo il nostro articolo sulle vetrine fantasma del Principato, siete stati in molti a commentare sulla nostra pagina e sul nostro gruppo Facebook. Anche","og_url":"https:\/\/www.monaco-tribune.com\/it\/2021\/09\/tocca-a-voi-i-vostri-aneddoti-sulle-vetrine-fantasma-di-monaco\/","og_site_name":"Monaco Tribune","article_publisher":"https:\/\/www.facebook.com\/MonacoTribune","article_published_time":"2021-09-09T17:13:43+00:00","article_modified_time":"2021-09-09T17:19:53+00:00","og_image":[{"width":2048,"height":1152,"url":"https:\/\/www.monaco-tribune.com\/wp-content\/uploads\/2021\/08\/carlito-fermeture-monaco-min-scaled.jpg","type":"image\/jpeg"}],"author":"Alexis Gertaldi","twitter_card":"summary_large_image","twitter_creator":"@MonacoTribune","twitter_site":"@MonacoTribune","schema":{"@context":"https:\/\/schema.org","@graph":[{"@type":"NewsArticle","@id":"https:\/\/www.monaco-tribune.com\/it\/2021\/09\/tocca-a-voi-i-vostri-aneddoti-sulle-vetrine-fantasma-di-monaco\/#article","isPartOf":{"@id":"https:\/\/www.monaco-tribune.com\/it\/2021\/09\/tocca-a-voi-i-vostri-aneddoti-sulle-vetrine-fantasma-di-monaco\/"},"author":{"name":"Alexis Gertaldi","@id":"https:\/\/www.monaco-tribune.com\/it\/#\/schema\/person\/0f67738182cc836268021d893fd4ba73"},"headline":"Tocca a voi! I vostri aneddoti sulle vetrine fantasma di Monaco","datePublished":"2021-09-09T17:13:43+00:00","dateModified":"2021-09-09T17:19:53+00:00","mainEntityOfPage":{"@id":"https:\/\/www.monaco-tribune.com\/it\/2021\/09\/tocca-a-voi-i-vostri-aneddoti-sulle-vetrine-fantasma-di-monaco\/"},"wordCount":440,"publisher":{"@id":"https:\/\/www.monaco-tribune.com\/it\/#organization"},"image":{"@id":"https:\/\/www.monaco-tribune.com\/it\/2021\/09\/tocca-a-voi-i-vostri-aneddoti-sulle-vetrine-fantasma-di-monaco\/#primaryimage"},"thumbnailUrl":"https:\/\/www.monaco-tribune.com\/wp-content\/uploads\/2021\/08\/carlito-fermeture-monaco-min-scaled.jpg","keywords":["Patrimonio"],"articleSection":["La nostra scelta","Le vostre opinioni","Notizie","Societ\u00e0"],"inLanguage":"it-IT","copyrightYear":"2021","copyrightHolder":{"@id":"https:\/\/www.monaco-tribune.com\/#organization"}},{"@type":"WebPage","@id":"https:\/\/www.monaco-tribune.com\/it\/2021\/09\/tocca-a-voi-i-vostri-aneddoti-sulle-vetrine-fantasma-di-monaco\/","url":"https:\/\/www.monaco-tribune.com\/it\/2021\/09\/tocca-a-voi-i-vostri-aneddoti-sulle-vetrine-fantasma-di-monaco\/","name":"Tocca a voi! I vostri aneddoti sulle vetrine fantasma di Monaco","isPartOf":{"@id":"https:\/\/www.monaco-tribune.com\/it\/#website"},"primaryImageOfPage":{"@id":"https:\/\/www.monaco-tribune.com\/it\/2021\/09\/tocca-a-voi-i-vostri-aneddoti-sulle-vetrine-fantasma-di-monaco\/#primaryimage"},"image":{"@id":"https:\/\/www.monaco-tribune.com\/it\/2021\/09\/tocca-a-voi-i-vostri-aneddoti-sulle-vetrine-fantasma-di-monaco\/#primaryimage"},"thumbnailUrl":"https:\/\/www.monaco-tribune.com\/wp-content\/uploads\/2021\/08\/carlito-fermeture-monaco-min-scaled.jpg","datePublished":"2021-09-09T17:13:43+00:00","dateModified":"2021-09-09T17:19:53+00:00","description":"Dopo il nostro articolo sulle vetrine fantasma del Principato, siete stati in molti a commentare sulla nostra pagina e sul nostro gruppo Facebook. Anche","breadcrumb":{"@id":"https:\/\/www.monaco-tribune.com\/it\/2021\/09\/tocca-a-voi-i-vostri-aneddoti-sulle-vetrine-fantasma-di-monaco\/#breadcrumb"},"inLanguage":"it-IT","potentialAction":[{"@type":"ReadAction","target":["https:\/\/www.monaco-tribune.com\/it\/2021\/09\/tocca-a-voi-i-vostri-aneddoti-sulle-vetrine-fantasma-di-monaco\/"]}]},{"@type":"ImageObject","inLanguage":"it-IT","@id":"https:\/\/www.monaco-tribune.com\/it\/2021\/09\/tocca-a-voi-i-vostri-aneddoti-sulle-vetrine-fantasma-di-monaco\/#primaryimage","url":"https:\/\/www.monaco-tribune.com\/wp-content\/uploads\/2021\/08\/carlito-fermeture-monaco-min-scaled.jpg","contentUrl":"https:\/\/www.monaco-tribune.com\/wp-content\/uploads\/2021\/08\/carlito-fermeture-monaco-min-scaled.jpg","width":2048,"height":1152,"caption":"Monaco Tribune \/ Simon Zwierniak"},{"@type":"BreadcrumbList","@id":"https:\/\/www.monaco-tribune.com\/it\/2021\/09\/tocca-a-voi-i-vostri-aneddoti-sulle-vetrine-fantasma-di-monaco\/#breadcrumb","itemListElement":[{"@type":"ListItem","position":1,"name":"Accueil","item":"https:\/\/www.monaco-tribune.com\/it\/"},{"@type":"ListItem","position":2,"name":"Tocca a voi! I vostri aneddoti sulle vetrine fantasma di Monaco"}]},{"@type":"WebSite","@id":"https:\/\/www.monaco-tribune.com\/it\/#website","url":"https:\/\/www.monaco-tribune.com\/it\/","name":"Monaco Tribune","description":"Monaco : actualit\u00e9s \u00e9conomiques, politiques, culturelles et sportives de Monaco et de la French Riviera.","publisher":{"@id":"https:\/\/www.monaco-tribune.com\/it\/#organization"},"potentialAction":[{"@type":"SearchAction","target":{"@type":"EntryPoint","urlTemplate":"https:\/\/www.monaco-tribune.com\/it\/?s={search_term_string}"},"query-input":{"@type":"PropertyValueSpecification","valueRequired":true,"valueName":"search_term_string"}}],"inLanguage":"it-IT"},{"@type":"Organization","@id":"https:\/\/www.monaco-tribune.com\/it\/#organization","name":"Monaco Tribune","url":"https:\/\/www.monaco-tribune.com\/it\/","logo":{"@type":"ImageObject","inLanguage":"it-IT","@id":"https:\/\/www.monaco-tribune.com\/it\/#\/schema\/logo\/image\/","url":"https:\/\/www.monaco-tribune.com\/wp-content\/uploads\/2022\/11\/logo-monaco-tribune.png","contentUrl":"https:\/\/www.monaco-tribune.com\/wp-content\/uploads\/2022\/11\/logo-monaco-tribune.png","width":1548,"height":600,"caption":"Monaco Tribune"},"image":{"@id":"https:\/\/www.monaco-tribune.com\/it\/#\/schema\/logo\/image\/"},"sameAs":["https:\/\/www.facebook.com\/MonacoTribune","https:\/\/x.com\/MonacoTribune","https:\/\/www.instagram.com\/monacotribune\/","https:\/\/www.linkedin.com\/company\/monaco-tribune","https:\/\/www.youtube.com\/channel\/UCHle1MnG6hw1y4lWKijVbMA"]},{"@type":"Person","@id":"https:\/\/www.monaco-tribune.com\/it\/#\/schema\/person\/0f67738182cc836268021d893fd4ba73","name":"Alexis Gertaldi","image":{"@type":"ImageObject","inLanguage":"it-IT","@id":"https:\/\/secure.gravatar.com\/avatar\/21b6ee3415f5367a62f27983f05e4438c99d07dde81a8f97705ac6877cfc19da?s=96&d=mm&r=g","url":"https:\/\/secure.gravatar.com\/avatar\/21b6ee3415f5367a62f27983f05e4438c99d07dde81a8f97705ac6877cfc19da?s=96&d=mm&r=g","contentUrl":"https:\/\/secure.gravatar.com\/avatar\/21b6ee3415f5367a62f27983f05e4438c99d07dde81a8f97705ac6877cfc19da?s=96&d=mm&r=g","caption":"Alexis Gertaldi"},"url":"https:\/\/www.monaco-tribune.com\/it\/author\/alexisgertaldi\/"}]}},"_links":{"self":[{"href":"https:\/\/www.monaco-tribune.com\/it\/wp-json\/wp\/v2\/posts\/92798","targetHints":{"allow":["GET"]}}],"collection":[{"href":"https:\/\/www.monaco-tribune.com\/it\/wp-json\/wp\/v2\/posts"}],"about":[{"href":"https:\/\/www.monaco-tribune.com\/it\/wp-json\/wp\/v2\/types\/post"}],"author":[{"embeddable":true,"href":"https:\/\/www.monaco-tribune.com\/it\/wp-json\/wp\/v2\/users\/53"}],"replies":[{"embeddable":true,"href":"https:\/\/www.monaco-tribune.com\/it\/wp-json\/wp\/v2\/comments?post=92798"}],"version-history":[{"count":0,"href":"https:\/\/www.monaco-tribune.com\/it\/wp-json\/wp\/v2\/posts\/92798\/revisions"}],"wp:featuredmedia":[{"embeddable":true,"href":"https:\/\/www.monaco-tribune.com\/it\/wp-json\/wp\/v2\/media\/91601"}],"wp:attachment":[{"href":"https:\/\/www.monaco-tribune.com\/it\/wp-json\/wp\/v2\/media?parent=92798"}],"wp:term":[{"taxonomy":"category","embeddable":true,"href":"https:\/\/www.monaco-tribune.com\/it\/wp-json\/wp\/v2\/categories?post=92798"},{"taxonomy":"post_tag","embeddable":true,"href":"https:\/\/www.monaco-tribune.com\/it\/wp-json\/wp\/v2\/tags?post=92798"},{"taxonomy":"sectag","embeddable":true,"href":"https:\/\/www.monaco-tribune.com\/it\/wp-json\/wp\/v2\/post_sectags?post=92798"},{"taxonomy":"format","embeddable":true,"href":"https:\/\/www.monaco-tribune.com\/it\/wp-json\/wp\/v2\/post_format?post=92798"}],"curies":[{"name":"wp","href":"https:\/\/api.w.org\/{rel}","templated":true}]}}