{"id":93374,"date":"2021-09-15T17:43:13","date_gmt":"2021-09-15T15:43:13","guid":{"rendered":"https:\/\/www.monaco-tribune.com\/2021\/09\/chi-sono-le-3-squadre-avversarie-dellas-monac-nella-fase-a-gironi-delleuropa-league\/"},"modified":"2021-09-15T17:44:34","modified_gmt":"2021-09-15T15:44:34","slug":"chi-sono-le-3-squadre-avversarie-dellas-monac-nella-fase-a-gironi-delleuropa-league","status":"publish","type":"post","link":"https:\/\/www.monaco-tribune.com\/it\/2021\/09\/chi-sono-le-3-squadre-avversarie-dellas-monac-nella-fase-a-gironi-delleuropa-league\/","title":{"rendered":"Chi sono le 3 squadre avversarie dell&#8217;AS Monaco nella fase a gironi dell&#8217;Europa League?"},"content":{"rendered":"\n<p><strong>Anche se l&#8217;AS Monao sembra essere la favorita del Girone B dell&#8217;Europa League, i monegaschi non dovranno sottovalutare il PSV Eindhoven e il Real Sociedad. Anche lo Sturm Graz, la meno conosciuta delle tre, potrebbe riservare qualche sorpresa. Ecco una panoramica dei tre avversari dell&#8217;ASM nella fase a gironi dell&#8217;Europa League. Il fischio d&#8217;inizio \u00e8 questo gioved\u00ec alle 21:00, con gli austriaci ospiti al Louis II.<\/strong><\/p>\n\n\n\n<h2 class=\"wp-block-heading\" id=\"h-psv-eindhoven-paesi-bassi\">PSV Eindhoven (Paesi Bassi) <\/h2>\n\n\n\n<p><strong>La storia in breve<\/strong><\/p>\n\n\n\n<p>Al pari dell&#8217;Ajax Amsterdam e del Feyenoord Rotterdam, il PSV Eindhoven \u00e8 una leggenda nei Paesi Bassi. Una delle squadre storiche del paese, il club \u00e8 stato ventiquattro volte campione dei Paesi Bassi e ha vinto la Champions League (all&#8217;epoca Coppa UEFA) nel 1988. Soprannominati i <em>Boeren<\/em>, agricoltori in olandese, i giocatori del PSV sono degli habitu\u00e9 della Champions League.<\/p>\n\n\n\n<p><strong>&gt;&gt; LEGGI ANCHE: <\/strong><a href=\"https:\/\/www.monaco-tribune.com\/it\/2021\/09\/ligue-1-sconfitta-dellas-monaco-contro-il-marsiglia\/\">Ligue 1: sconfitta dell\u2019AS Monaco contro il Marsiglia<\/a><\/p>\n\n\n\n<p>La squadra \u00e8 a suo agio nei tornei europei e ha visto passare leggende e giocatori importanti, come Ronaldo, Rom\u00e1rio, Mark Van Bommel, Philip Cocu, Patrick Kluivert, Ruud van Nistelrooy, Arjen Robben e, pi\u00f9 di recente, Memphis Depay e Georginio Wijnaldum. Il club \u00e8 stato fondato il 31 agosto del 1913 dalle fabbriche della Philips, prestigiosa azienda tech, per celebrare il centenario della sconfitta della Francia nelle guerre napoleoniche. Da qui nasce il nome PSV, acronimo di Philips Sport Vereniging.<\/p>\n\n\n\n<p><strong>Il giocatore da tenere d&#8217;occhio<\/strong><\/p>\n\n\n\n<p>Campione del mondo con la Germania nel 2014, in una finale che rester\u00e0 per sempre impressa nella sua memoria per aver segnato l&#8217;unico gol dell&#8217;incontro con l&#8217;Argentina, dalla scorsa stagione Mario G\u00f6tze ha deciso di stabilirsi nella citt\u00e0 olandese. Fiore all&#8217;occhiello della squadra fin dal suo arrivo, il calciatore tedesco (63 presenze, 17 gol) di 29 anni spera di far rinascere la sua carriere interrotta da una terribile malattia muscolare (la miopatia) diagnosticatagli nel 2017, quando stava passando al Borussia Dortmund.<\/p>\n\n\n\n<p><strong>Il numero da ricordare<\/strong><\/p>\n\n\n\n<p>4, come il numero di vittorie del PSV Eindhoven in campionato questa stagione. Ancora imbattuti, gli olandesi sono caduti ai play-off della Champions League contro il Benfica (2-1, 0-0). Un destino simile a quello dell&#8217;AS Monaco&#8230;<\/p>\n\n\n\n<h2 class=\"wp-block-heading\">Real Sociedad (Spagna) <\/h2>\n\n\n\n<p><strong>La storia in breve<\/strong><\/p>\n\n\n\n<p>Insieme all&#8217;Athletic Bilbao, suo grande rivale, il Real Sociedad \u00e8 l&#8217;altra grande squadra dei Paesi baschi. Fondata nel 1904 con il nome di San Sebasti\u00e1n Recreation Club, la squadra di calcio della citt\u00e0 di San Sebasti\u00e1n \u00e8 opera di studenti e lavoratori britannici e irlandesi. Vincitore a due riprese dei campionati di Spagna (1981,1982), il Real Sociedad \u00e8 ormai da qualche stagione uno degli outsider della Liga Santander.<\/p>\n\n\n\n<p><strong>&gt;&gt; LEGGI ANCHE: <\/strong><a href=\"https:\/\/www.monaco-tribune.com\/it\/2021\/08\/las-monaco-espande-la-sua-presenza-in-asia-con-un-nuovo-partner\/\">L\u2019AS Monaco espande la sua presenza in Asia con un nuovo partner<\/a><\/p>\n\n\n\n<p>Regolarmente in classifica tra le prime otto del campionato, la squadra che ha formato Antoine Griezmann ha terminato la scorsa stagione al quinto posto, oltre ad aver vinto la Coppa del Re contro il suo nemico di sempre, l&#8217;Athletic Bilbao (1-0).<\/p>\n\n\n\n<p><strong>Il giocatore da tenere d&#8217;occhio<\/strong><\/p>\n\n\n\n<p>A 35 anni, David Silva non ha ancora perso la sua tecnica impeccabile. Soprannominato <em>El Mago&nbsp;<\/em>per la qualit\u00e0 dei passaggi e del possesso palla, il calciatore spagnolo (125 presenze, 35 gol) \u00e8 tornato nella Liga Santander nel 2020, dopo dieci stagioni passate nel Manchester City. Nato alle Canarie e formatosi a Valencia, \u00e8 il giocatore con pi\u00f9 tecnica del Real Sociedad. Vincitore degli Europei 2008, della Coppa del Mondo 2010 e degli Europei 2021, David Silva \u00e8 una fondamentale fonte di esperienza per la squadra di Imanol Alguacil. L&#8217;incontro con Cesc Fabregas, con cui ha sempre vinto nella selezione spagnola, potrebbe creare un duplice scontro tra il Real e l&#8217;ASM.<\/p>\n\n\n\n<p><strong>Il numero da ricordare<\/strong><\/p>\n\n\n\n<p>4, come il numero di gol di Mikel Oyarzabal in campionato dall&#8217;inizio della stagione. Il calciatore spagnolo \u00e8 il pi\u00f9 forte del Real Sociedad in attacco. La difesa monegasca \u00e8 stata avvisata.<\/p>\n\n\n\n<h2 class=\"wp-block-heading\">Sturm Graz (Austria) <\/h2>\n\n\n\n<p><strong>La storia in breve<\/strong><\/p>\n\n\n\n<p>Sulla carta, lo Sturm Graz \u00e8 il meno promettente. Quarta nell&#8217;ultimo campionato d&#8217;Austria, la squadra di Graz, la seconda citt\u00e0 pi\u00f9 grande del paese, ha vinto il campionato nazionale per tre volte, nel 1998, nel 1999 e nel 2011.<\/p>\n\n\n\n<p>Fondata nel 1909, la squadra condivide lo stadio con la sua rivale, il Grazer AK. Dopo qualche stagione complicata, in cui ha dovuto far fronte a dei gravi problemi finanziari, lo Sturm Graz \u00e8 riuscito a rimettersi in piedi, arrivando in finale al campionato d&#8217;Austria e vincendo la Coppa d&#8217;Austria nel 2018.<\/p>\n\n\n\n<p><strong>Il giocatore da tenere d&#8217;occhio<\/strong><\/p>\n\n\n\n<p>Capitano dello Sturm, Stefan Hierl\u00e4nder \u00e8 il perno della squadra austriaca a centrocampo. 30enne, il giocatore originario di Villach ha partecipato al campionato austriaco e ha vinto il titolo nel 2012 e nel 2014 con il Salisburgo. Passato dall&#8217;RB Leipzig tra il 2014 e il 2016, Hierl\u00e4nder \u00e8 arrivato allo Sturm Graz nel 2016. Conta anche tre presenze nella squadra nazionale.<\/p>\n\n\n\n<p><strong>Il numero da ricordare<\/strong><\/p>\n\n\n\n<p>2, come la posizione che occupa attualmente lo Sturm Graz nella Bundesliga austriaca, a sette punti dal Salisburgo, la squadra pi\u00f9 forte del paese.<\/p>\n","protected":false},"excerpt":{"rendered":"<p>Anche se l&#8217;AS Monao sembra essere la favorita del Girone B dell&#8217;Europa League, i monegaschi non dovranno sottovalutare il PSV [&hellip;]<\/p>\n","protected":false},"author":24,"featured_media":93187,"comment_status":"closed","ping_status":"closed","sticky":false,"template":"","format":"standard","meta":{"_acf_changed":false,"footnotes":""},"categories":[1826,1738,1743],"tags":[2846],"post_sectags":[],"post_format":[2469],"class_list":["post-93374","post","type-post","status-publish","format-standard","has-post-thumbnail","hentry","category-la-nostra-scelta","category-notizie","category-sport-it","tag-as-monaco-it-2","format-analisi"],"acf":[],"yoast_head":"<!-- This site is optimized with the Yoast SEO Premium plugin v26.8 (Yoast SEO v27.4) - https:\/\/yoast.com\/product\/yoast-seo-premium-wordpress\/ -->\n<title>Chi sono le 3 squadre avversarie dell&#039;AS Monaco nella fase a gironi dell&#039;Europa League?<\/title>\n<meta name=\"description\" content=\"Anche se l&#039;AS Monao sembra essere la favorita del Girone B dell&#039;Europa League, i monegaschi non dovranno sottovalutare il PSV Eindhoven e il Real\" \/>\n<meta name=\"robots\" content=\"index, follow, max-snippet:-1, max-image-preview:large, max-video-preview:-1\" \/>\n<link rel=\"canonical\" href=\"https:\/\/www.monaco-tribune.com\/it\/2021\/09\/chi-sono-le-3-squadre-avversarie-dellas-monac-nella-fase-a-gironi-delleuropa-league\/\" \/>\n<meta property=\"og:locale\" content=\"it_IT\" \/>\n<meta property=\"og:type\" content=\"article\" \/>\n<meta property=\"og:title\" content=\"Chi sono le 3 squadre avversarie dell&#039;AS Monaco nella fase a gironi dell&#039;Europa League? - Monaco Tribune\" \/>\n<meta property=\"og:description\" content=\"Anche se l&#039;AS Monao sembra essere la favorita del Girone B dell&#039;Europa League, i monegaschi non dovranno sottovalutare il PSV Eindhoven e il Real\" \/>\n<meta property=\"og:url\" content=\"https:\/\/www.monaco-tribune.com\/it\/2021\/09\/chi-sono-le-3-squadre-avversarie-dellas-monac-nella-fase-a-gironi-delleuropa-league\/\" \/>\n<meta property=\"og:site_name\" content=\"Monaco Tribune\" \/>\n<meta property=\"article:publisher\" content=\"https:\/\/www.facebook.com\/MonacoTribune\" \/>\n<meta property=\"article:published_time\" content=\"2021-09-15T15:43:13+00:00\" \/>\n<meta property=\"article:modified_time\" content=\"2021-09-15T15:44:34+00:00\" \/>\n<meta property=\"og:image\" content=\"https:\/\/www.monaco-tribune.com\/wp-content\/uploads\/2021\/09\/psv-eindhoven-min.jpeg\" \/>\n\t<meta property=\"og:image:width\" content=\"1024\" \/>\n\t<meta property=\"og:image:height\" content=\"608\" \/>\n\t<meta property=\"og:image:type\" content=\"image\/jpeg\" \/>\n<meta name=\"author\" content=\"Romain Boisaubert\" \/>\n<meta name=\"twitter:card\" content=\"summary_large_image\" \/>\n<meta name=\"twitter:creator\" content=\"@MonacoTribune\" \/>\n<meta name=\"twitter:site\" content=\"@MonacoTribune\" \/>\n<script type=\"application\/ld+json\" class=\"yoast-schema-graph\">{\"@context\":\"https:\\\/\\\/schema.org\",\"@graph\":[{\"@type\":\"NewsArticle\",\"@id\":\"https:\\\/\\\/www.monaco-tribune.com\\\/it\\\/2021\\\/09\\\/chi-sono-le-3-squadre-avversarie-dellas-monac-nella-fase-a-gironi-delleuropa-league\\\/#article\",\"isPartOf\":{\"@id\":\"https:\\\/\\\/www.monaco-tribune.com\\\/it\\\/2021\\\/09\\\/chi-sono-le-3-squadre-avversarie-dellas-monac-nella-fase-a-gironi-delleuropa-league\\\/\"},\"author\":{\"name\":\"Romain Boisaubert\",\"@id\":\"https:\\\/\\\/www.monaco-tribune.com\\\/it\\\/#\\\/schema\\\/person\\\/330a3732947cf8cb41b2533a0eadd62e\"},\"headline\":\"Chi sono le 3 squadre avversarie dell&#8217;AS Monaco nella fase a gironi dell&#8217;Europa League?\",\"datePublished\":\"2021-09-15T15:43:13+00:00\",\"dateModified\":\"2021-09-15T15:44:34+00:00\",\"mainEntityOfPage\":{\"@id\":\"https:\\\/\\\/www.monaco-tribune.com\\\/it\\\/2021\\\/09\\\/chi-sono-le-3-squadre-avversarie-dellas-monac-nella-fase-a-gironi-delleuropa-league\\\/\"},\"wordCount\":829,\"publisher\":{\"@id\":\"https:\\\/\\\/www.monaco-tribune.com\\\/it\\\/#organization\"},\"image\":{\"@id\":\"https:\\\/\\\/www.monaco-tribune.com\\\/it\\\/2021\\\/09\\\/chi-sono-le-3-squadre-avversarie-dellas-monac-nella-fase-a-gironi-delleuropa-league\\\/#primaryimage\"},\"thumbnailUrl\":\"https:\\\/\\\/www.monaco-tribune.com\\\/wp-content\\\/uploads\\\/2021\\\/09\\\/psv-eindhoven-min.jpeg\",\"keywords\":[\"AS Monaco\"],\"articleSection\":[\"La nostra scelta\",\"Notizie\",\"Sport\"],\"inLanguage\":\"it-IT\",\"copyrightYear\":\"2021\",\"copyrightHolder\":{\"@id\":\"https:\\\/\\\/www.monaco-tribune.com\\\/#organization\"}},{\"@type\":\"WebPage\",\"@id\":\"https:\\\/\\\/www.monaco-tribune.com\\\/it\\\/2021\\\/09\\\/chi-sono-le-3-squadre-avversarie-dellas-monac-nella-fase-a-gironi-delleuropa-league\\\/\",\"url\":\"https:\\\/\\\/www.monaco-tribune.com\\\/it\\\/2021\\\/09\\\/chi-sono-le-3-squadre-avversarie-dellas-monac-nella-fase-a-gironi-delleuropa-league\\\/\",\"name\":\"Chi sono le 3 squadre avversarie dell'AS Monaco nella fase a gironi dell'Europa League?\",\"isPartOf\":{\"@id\":\"https:\\\/\\\/www.monaco-tribune.com\\\/it\\\/#website\"},\"primaryImageOfPage\":{\"@id\":\"https:\\\/\\\/www.monaco-tribune.com\\\/it\\\/2021\\\/09\\\/chi-sono-le-3-squadre-avversarie-dellas-monac-nella-fase-a-gironi-delleuropa-league\\\/#primaryimage\"},\"image\":{\"@id\":\"https:\\\/\\\/www.monaco-tribune.com\\\/it\\\/2021\\\/09\\\/chi-sono-le-3-squadre-avversarie-dellas-monac-nella-fase-a-gironi-delleuropa-league\\\/#primaryimage\"},\"thumbnailUrl\":\"https:\\\/\\\/www.monaco-tribune.com\\\/wp-content\\\/uploads\\\/2021\\\/09\\\/psv-eindhoven-min.jpeg\",\"datePublished\":\"2021-09-15T15:43:13+00:00\",\"dateModified\":\"2021-09-15T15:44:34+00:00\",\"description\":\"Anche se l'AS Monao sembra essere la favorita del Girone B dell'Europa League, i monegaschi non dovranno sottovalutare il PSV Eindhoven e il Real\",\"breadcrumb\":{\"@id\":\"https:\\\/\\\/www.monaco-tribune.com\\\/it\\\/2021\\\/09\\\/chi-sono-le-3-squadre-avversarie-dellas-monac-nella-fase-a-gironi-delleuropa-league\\\/#breadcrumb\"},\"inLanguage\":\"it-IT\",\"potentialAction\":[{\"@type\":\"ReadAction\",\"target\":[\"https:\\\/\\\/www.monaco-tribune.com\\\/it\\\/2021\\\/09\\\/chi-sono-le-3-squadre-avversarie-dellas-monac-nella-fase-a-gironi-delleuropa-league\\\/\"]}]},{\"@type\":\"ImageObject\",\"inLanguage\":\"it-IT\",\"@id\":\"https:\\\/\\\/www.monaco-tribune.com\\\/it\\\/2021\\\/09\\\/chi-sono-le-3-squadre-avversarie-dellas-monac-nella-fase-a-gironi-delleuropa-league\\\/#primaryimage\",\"url\":\"https:\\\/\\\/www.monaco-tribune.com\\\/wp-content\\\/uploads\\\/2021\\\/09\\\/psv-eindhoven-min.jpeg\",\"contentUrl\":\"https:\\\/\\\/www.monaco-tribune.com\\\/wp-content\\\/uploads\\\/2021\\\/09\\\/psv-eindhoven-min.jpeg\",\"width\":1024,\"height\":608,\"caption\":\"PSV Eindhoven\"},{\"@type\":\"BreadcrumbList\",\"@id\":\"https:\\\/\\\/www.monaco-tribune.com\\\/it\\\/2021\\\/09\\\/chi-sono-le-3-squadre-avversarie-dellas-monac-nella-fase-a-gironi-delleuropa-league\\\/#breadcrumb\",\"itemListElement\":[{\"@type\":\"ListItem\",\"position\":1,\"name\":\"Accueil\",\"item\":\"https:\\\/\\\/www.monaco-tribune.com\\\/it\\\/\"},{\"@type\":\"ListItem\",\"position\":2,\"name\":\"Chi sono le 3 squadre avversarie dell&rsquo;AS Monaco nella fase a gironi dell&rsquo;Europa League?\"}]},{\"@type\":\"WebSite\",\"@id\":\"https:\\\/\\\/www.monaco-tribune.com\\\/it\\\/#website\",\"url\":\"https:\\\/\\\/www.monaco-tribune.com\\\/it\\\/\",\"name\":\"Monaco Tribune\",\"description\":\"Monaco : actualit\u00e9s \u00e9conomiques, politiques, culturelles et sportives de Monaco et de la French Riviera.\",\"publisher\":{\"@id\":\"https:\\\/\\\/www.monaco-tribune.com\\\/it\\\/#organization\"},\"potentialAction\":[{\"@type\":\"SearchAction\",\"target\":{\"@type\":\"EntryPoint\",\"urlTemplate\":\"https:\\\/\\\/www.monaco-tribune.com\\\/it\\\/?s={search_term_string}\"},\"query-input\":{\"@type\":\"PropertyValueSpecification\",\"valueRequired\":true,\"valueName\":\"search_term_string\"}}],\"inLanguage\":\"it-IT\"},{\"@type\":\"Organization\",\"@id\":\"https:\\\/\\\/www.monaco-tribune.com\\\/it\\\/#organization\",\"name\":\"Monaco Tribune\",\"url\":\"https:\\\/\\\/www.monaco-tribune.com\\\/it\\\/\",\"logo\":{\"@type\":\"ImageObject\",\"inLanguage\":\"it-IT\",\"@id\":\"https:\\\/\\\/www.monaco-tribune.com\\\/it\\\/#\\\/schema\\\/logo\\\/image\\\/\",\"url\":\"https:\\\/\\\/www.monaco-tribune.com\\\/wp-content\\\/uploads\\\/2022\\\/11\\\/logo-monaco-tribune.png\",\"contentUrl\":\"https:\\\/\\\/www.monaco-tribune.com\\\/wp-content\\\/uploads\\\/2022\\\/11\\\/logo-monaco-tribune.png\",\"width\":1548,\"height\":600,\"caption\":\"Monaco Tribune\"},\"image\":{\"@id\":\"https:\\\/\\\/www.monaco-tribune.com\\\/it\\\/#\\\/schema\\\/logo\\\/image\\\/\"},\"sameAs\":[\"https:\\\/\\\/www.facebook.com\\\/MonacoTribune\",\"https:\\\/\\\/x.com\\\/MonacoTribune\",\"https:\\\/\\\/www.instagram.com\\\/monacotribune\\\/\",\"https:\\\/\\\/www.linkedin.com\\\/company\\\/monaco-tribune\",\"https:\\\/\\\/www.youtube.com\\\/channel\\\/UCHle1MnG6hw1y4lWKijVbMA\"]},{\"@type\":\"Person\",\"@id\":\"https:\\\/\\\/www.monaco-tribune.com\\\/it\\\/#\\\/schema\\\/person\\\/330a3732947cf8cb41b2533a0eadd62e\",\"name\":\"Romain Boisaubert\",\"image\":{\"@type\":\"ImageObject\",\"inLanguage\":\"it-IT\",\"@id\":\"https:\\\/\\\/secure.gravatar.com\\\/avatar\\\/f8b90d41f1eabd1cbe4cf59e09d8db41a697d51919bf2dfe727589a24a4a4d54?s=96&d=mm&r=g\",\"url\":\"https:\\\/\\\/secure.gravatar.com\\\/avatar\\\/f8b90d41f1eabd1cbe4cf59e09d8db41a697d51919bf2dfe727589a24a4a4d54?s=96&d=mm&r=g\",\"contentUrl\":\"https:\\\/\\\/secure.gravatar.com\\\/avatar\\\/f8b90d41f1eabd1cbe4cf59e09d8db41a697d51919bf2dfe727589a24a4a4d54?s=96&d=mm&r=g\",\"caption\":\"Romain Boisaubert\"},\"description\":\"Test bio\",\"url\":\"https:\\\/\\\/www.monaco-tribune.com\\\/it\\\/author\\\/romain-boisaubert\\\/\"}]}<\/script>\n<!-- \/ Yoast SEO Premium plugin. -->","yoast_head_json":{"title":"Chi sono le 3 squadre avversarie dell'AS Monaco nella fase a gironi dell'Europa League?","description":"Anche se l'AS Monao sembra essere la favorita del Girone B dell'Europa League, i monegaschi non dovranno sottovalutare il PSV Eindhoven e il Real","robots":{"index":"index","follow":"follow","max-snippet":"max-snippet:-1","max-image-preview":"max-image-preview:large","max-video-preview":"max-video-preview:-1"},"canonical":"https:\/\/www.monaco-tribune.com\/it\/2021\/09\/chi-sono-le-3-squadre-avversarie-dellas-monac-nella-fase-a-gironi-delleuropa-league\/","og_locale":"it_IT","og_type":"article","og_title":"Chi sono le 3 squadre avversarie dell'AS Monaco nella fase a gironi dell'Europa League? - Monaco Tribune","og_description":"Anche se l'AS Monao sembra essere la favorita del Girone B dell'Europa League, i monegaschi non dovranno sottovalutare il PSV Eindhoven e il Real","og_url":"https:\/\/www.monaco-tribune.com\/it\/2021\/09\/chi-sono-le-3-squadre-avversarie-dellas-monac-nella-fase-a-gironi-delleuropa-league\/","og_site_name":"Monaco Tribune","article_publisher":"https:\/\/www.facebook.com\/MonacoTribune","article_published_time":"2021-09-15T15:43:13+00:00","article_modified_time":"2021-09-15T15:44:34+00:00","og_image":[{"width":1024,"height":608,"url":"https:\/\/www.monaco-tribune.com\/wp-content\/uploads\/2021\/09\/psv-eindhoven-min.jpeg","type":"image\/jpeg"}],"author":"Romain Boisaubert","twitter_card":"summary_large_image","twitter_creator":"@MonacoTribune","twitter_site":"@MonacoTribune","schema":{"@context":"https:\/\/schema.org","@graph":[{"@type":"NewsArticle","@id":"https:\/\/www.monaco-tribune.com\/it\/2021\/09\/chi-sono-le-3-squadre-avversarie-dellas-monac-nella-fase-a-gironi-delleuropa-league\/#article","isPartOf":{"@id":"https:\/\/www.monaco-tribune.com\/it\/2021\/09\/chi-sono-le-3-squadre-avversarie-dellas-monac-nella-fase-a-gironi-delleuropa-league\/"},"author":{"name":"Romain Boisaubert","@id":"https:\/\/www.monaco-tribune.com\/it\/#\/schema\/person\/330a3732947cf8cb41b2533a0eadd62e"},"headline":"Chi sono le 3 squadre avversarie dell&#8217;AS Monaco nella fase a gironi dell&#8217;Europa League?","datePublished":"2021-09-15T15:43:13+00:00","dateModified":"2021-09-15T15:44:34+00:00","mainEntityOfPage":{"@id":"https:\/\/www.monaco-tribune.com\/it\/2021\/09\/chi-sono-le-3-squadre-avversarie-dellas-monac-nella-fase-a-gironi-delleuropa-league\/"},"wordCount":829,"publisher":{"@id":"https:\/\/www.monaco-tribune.com\/it\/#organization"},"image":{"@id":"https:\/\/www.monaco-tribune.com\/it\/2021\/09\/chi-sono-le-3-squadre-avversarie-dellas-monac-nella-fase-a-gironi-delleuropa-league\/#primaryimage"},"thumbnailUrl":"https:\/\/www.monaco-tribune.com\/wp-content\/uploads\/2021\/09\/psv-eindhoven-min.jpeg","keywords":["AS Monaco"],"articleSection":["La nostra scelta","Notizie","Sport"],"inLanguage":"it-IT","copyrightYear":"2021","copyrightHolder":{"@id":"https:\/\/www.monaco-tribune.com\/#organization"}},{"@type":"WebPage","@id":"https:\/\/www.monaco-tribune.com\/it\/2021\/09\/chi-sono-le-3-squadre-avversarie-dellas-monac-nella-fase-a-gironi-delleuropa-league\/","url":"https:\/\/www.monaco-tribune.com\/it\/2021\/09\/chi-sono-le-3-squadre-avversarie-dellas-monac-nella-fase-a-gironi-delleuropa-league\/","name":"Chi sono le 3 squadre avversarie dell'AS Monaco nella fase a gironi dell'Europa League?","isPartOf":{"@id":"https:\/\/www.monaco-tribune.com\/it\/#website"},"primaryImageOfPage":{"@id":"https:\/\/www.monaco-tribune.com\/it\/2021\/09\/chi-sono-le-3-squadre-avversarie-dellas-monac-nella-fase-a-gironi-delleuropa-league\/#primaryimage"},"image":{"@id":"https:\/\/www.monaco-tribune.com\/it\/2021\/09\/chi-sono-le-3-squadre-avversarie-dellas-monac-nella-fase-a-gironi-delleuropa-league\/#primaryimage"},"thumbnailUrl":"https:\/\/www.monaco-tribune.com\/wp-content\/uploads\/2021\/09\/psv-eindhoven-min.jpeg","datePublished":"2021-09-15T15:43:13+00:00","dateModified":"2021-09-15T15:44:34+00:00","description":"Anche se l'AS Monao sembra essere la favorita del Girone B dell'Europa League, i monegaschi non dovranno sottovalutare il PSV Eindhoven e il Real","breadcrumb":{"@id":"https:\/\/www.monaco-tribune.com\/it\/2021\/09\/chi-sono-le-3-squadre-avversarie-dellas-monac-nella-fase-a-gironi-delleuropa-league\/#breadcrumb"},"inLanguage":"it-IT","potentialAction":[{"@type":"ReadAction","target":["https:\/\/www.monaco-tribune.com\/it\/2021\/09\/chi-sono-le-3-squadre-avversarie-dellas-monac-nella-fase-a-gironi-delleuropa-league\/"]}]},{"@type":"ImageObject","inLanguage":"it-IT","@id":"https:\/\/www.monaco-tribune.com\/it\/2021\/09\/chi-sono-le-3-squadre-avversarie-dellas-monac-nella-fase-a-gironi-delleuropa-league\/#primaryimage","url":"https:\/\/www.monaco-tribune.com\/wp-content\/uploads\/2021\/09\/psv-eindhoven-min.jpeg","contentUrl":"https:\/\/www.monaco-tribune.com\/wp-content\/uploads\/2021\/09\/psv-eindhoven-min.jpeg","width":1024,"height":608,"caption":"PSV Eindhoven"},{"@type":"BreadcrumbList","@id":"https:\/\/www.monaco-tribune.com\/it\/2021\/09\/chi-sono-le-3-squadre-avversarie-dellas-monac-nella-fase-a-gironi-delleuropa-league\/#breadcrumb","itemListElement":[{"@type":"ListItem","position":1,"name":"Accueil","item":"https:\/\/www.monaco-tribune.com\/it\/"},{"@type":"ListItem","position":2,"name":"Chi sono le 3 squadre avversarie dell&rsquo;AS Monaco nella fase a gironi dell&rsquo;Europa League?"}]},{"@type":"WebSite","@id":"https:\/\/www.monaco-tribune.com\/it\/#website","url":"https:\/\/www.monaco-tribune.com\/it\/","name":"Monaco Tribune","description":"Monaco : actualit\u00e9s \u00e9conomiques, politiques, culturelles et sportives de Monaco et de la French Riviera.","publisher":{"@id":"https:\/\/www.monaco-tribune.com\/it\/#organization"},"potentialAction":[{"@type":"SearchAction","target":{"@type":"EntryPoint","urlTemplate":"https:\/\/www.monaco-tribune.com\/it\/?s={search_term_string}"},"query-input":{"@type":"PropertyValueSpecification","valueRequired":true,"valueName":"search_term_string"}}],"inLanguage":"it-IT"},{"@type":"Organization","@id":"https:\/\/www.monaco-tribune.com\/it\/#organization","name":"Monaco Tribune","url":"https:\/\/www.monaco-tribune.com\/it\/","logo":{"@type":"ImageObject","inLanguage":"it-IT","@id":"https:\/\/www.monaco-tribune.com\/it\/#\/schema\/logo\/image\/","url":"https:\/\/www.monaco-tribune.com\/wp-content\/uploads\/2022\/11\/logo-monaco-tribune.png","contentUrl":"https:\/\/www.monaco-tribune.com\/wp-content\/uploads\/2022\/11\/logo-monaco-tribune.png","width":1548,"height":600,"caption":"Monaco Tribune"},"image":{"@id":"https:\/\/www.monaco-tribune.com\/it\/#\/schema\/logo\/image\/"},"sameAs":["https:\/\/www.facebook.com\/MonacoTribune","https:\/\/x.com\/MonacoTribune","https:\/\/www.instagram.com\/monacotribune\/","https:\/\/www.linkedin.com\/company\/monaco-tribune","https:\/\/www.youtube.com\/channel\/UCHle1MnG6hw1y4lWKijVbMA"]},{"@type":"Person","@id":"https:\/\/www.monaco-tribune.com\/it\/#\/schema\/person\/330a3732947cf8cb41b2533a0eadd62e","name":"Romain Boisaubert","image":{"@type":"ImageObject","inLanguage":"it-IT","@id":"https:\/\/secure.gravatar.com\/avatar\/f8b90d41f1eabd1cbe4cf59e09d8db41a697d51919bf2dfe727589a24a4a4d54?s=96&d=mm&r=g","url":"https:\/\/secure.gravatar.com\/avatar\/f8b90d41f1eabd1cbe4cf59e09d8db41a697d51919bf2dfe727589a24a4a4d54?s=96&d=mm&r=g","contentUrl":"https:\/\/secure.gravatar.com\/avatar\/f8b90d41f1eabd1cbe4cf59e09d8db41a697d51919bf2dfe727589a24a4a4d54?s=96&d=mm&r=g","caption":"Romain Boisaubert"},"description":"Test bio","url":"https:\/\/www.monaco-tribune.com\/it\/author\/romain-boisaubert\/"}]}},"_links":{"self":[{"href":"https:\/\/www.monaco-tribune.com\/it\/wp-json\/wp\/v2\/posts\/93374","targetHints":{"allow":["GET"]}}],"collection":[{"href":"https:\/\/www.monaco-tribune.com\/it\/wp-json\/wp\/v2\/posts"}],"about":[{"href":"https:\/\/www.monaco-tribune.com\/it\/wp-json\/wp\/v2\/types\/post"}],"author":[{"embeddable":true,"href":"https:\/\/www.monaco-tribune.com\/it\/wp-json\/wp\/v2\/users\/24"}],"replies":[{"embeddable":true,"href":"https:\/\/www.monaco-tribune.com\/it\/wp-json\/wp\/v2\/comments?post=93374"}],"version-history":[{"count":0,"href":"https:\/\/www.monaco-tribune.com\/it\/wp-json\/wp\/v2\/posts\/93374\/revisions"}],"wp:featuredmedia":[{"embeddable":true,"href":"https:\/\/www.monaco-tribune.com\/it\/wp-json\/wp\/v2\/media\/93187"}],"wp:attachment":[{"href":"https:\/\/www.monaco-tribune.com\/it\/wp-json\/wp\/v2\/media?parent=93374"}],"wp:term":[{"taxonomy":"category","embeddable":true,"href":"https:\/\/www.monaco-tribune.com\/it\/wp-json\/wp\/v2\/categories?post=93374"},{"taxonomy":"post_tag","embeddable":true,"href":"https:\/\/www.monaco-tribune.com\/it\/wp-json\/wp\/v2\/tags?post=93374"},{"taxonomy":"sectag","embeddable":true,"href":"https:\/\/www.monaco-tribune.com\/it\/wp-json\/wp\/v2\/post_sectags?post=93374"},{"taxonomy":"format","embeddable":true,"href":"https:\/\/www.monaco-tribune.com\/it\/wp-json\/wp\/v2\/post_format?post=93374"}],"curies":[{"name":"wp","href":"https:\/\/api.w.org\/{rel}","templated":true}]}}