{"id":93381,"date":"2021-09-15T18:04:20","date_gmt":"2021-09-15T16:04:20","guid":{"rendered":"https:\/\/www.monaco-tribune.com\/2021\/09\/votato-il-progetto-di-legge-per-lobbligo-vaccinale-degli-operatori-sanitari\/"},"modified":"2021-09-15T18:04:31","modified_gmt":"2021-09-15T16:04:31","slug":"votato-il-progetto-di-legge-per-lobbligo-vaccinale-degli-operatori-sanitari","status":"publish","type":"post","link":"https:\/\/www.monaco-tribune.com\/it\/2021\/09\/votato-il-progetto-di-legge-per-lobbligo-vaccinale-degli-operatori-sanitari\/","title":{"rendered":"Votato il progetto di legge per l&#8217;obbligo vaccinale degli operatori sanitari"},"content":{"rendered":"\n<p><strong>Il Consiglio nazionale ha votato il progetto di legge 1043 sull&#8217;obbligo vaccinale per gli operatori sanitari, al fine di combattere la pandemia da Covid-19.<\/strong><\/p>\n\n<p>\u00c8 ufficiale: a partire dal 30 ottobre, le persone che lavorano nelle strutture sanitarie, nelle case di riposo o nelle case di persone anziane, saranno obbligate a vaccinarsi. La legge \u00e8 stata votata marted\u00ec 14 settembre dalla maggioranza dei deputati (quindici voti per &#8220;a favore&#8221;, quattro voti per &#8220;contrario&#8221; e due astenuti), che ha seguito la linea del Governo del Principe.<\/p>\n\n<p>&#8220;Alcuni cittadini pensano che la priorit\u00e0 sia la libert\u00e0 di una minoranza di operatori sanitari di poter scegliere di non farsi vaccinare. Per quanto mi riguarda, con tutto il rispetto per questa opinione, la priorit\u00e0, sopra ogni cosa, \u00e8 di proteggere i malati e i pi\u00f9 fragili, rendendo obbligatoria la vaccinazione degli operatori sanitari che si occupano di loro&#8221;, ha dichiarato St\u00e9phane Valeri, presidente del Consiglio nazionale.<\/p>\n\n<h2 class=\"wp-block-heading\" id=\"h-des-soignants-contestataires-en-col-re\">La rabbia degli operatori contrari<\/h2>\n\n<p>Marted\u00ec pomeriggio, un centinaio di dipendenti del Centro Ospedaliero Principessa Grace (CHPG) hanno protestato contro questa decisione. Lo sciopero \u00e8 stata l&#8217;occasione per esprimere la loro rabbia su tre questioni: l&#8217;obbligo vaccinale, la riformulazione dello statuto e le conseguenze del S\u00e9gur de la sant\u00e9.<\/p>\n\n<p>L&#8217;argomento continuer\u00e0 a <a href=\"https:\/\/www.monaco-tribune.com\/it\/2021\/08\/vaccino-obbligatorio-per-il-personale-sanitario-tra-indignazione-e-buon-senso\/\">far discutere<\/a> nelle prossime settimane. Ricordiamo che ad agosto 2021, il 66,12% del personale sanitario aveva ricevuto almeno una dose di vaccino.<\/p>\n","protected":false},"excerpt":{"rendered":"<p>Il Consiglio nazionale ha votato il progetto di legge 1043 sull&#8217;obbligo vaccinale per gli operatori sanitari, al fine di combattere [&hellip;]<\/p>\n","protected":false},"author":57,"featured_media":93371,"comment_status":"closed","ping_status":"closed","sticky":false,"template":"","format":"standard","meta":{"_acf_changed":false,"footnotes":""},"categories":[1738,1752],"tags":[2886],"post_sectags":[],"post_format":[2478],"class_list":["post-93381","post","type-post","status-publish","format-standard","has-post-thumbnail","hentry","category-notizie","category-societa","tag-covid-19-it","format-notizia"],"acf":[],"yoast_head":"<!-- This site is optimized with the Yoast SEO Premium plugin v26.8 (Yoast SEO v27.4) - https:\/\/yoast.com\/product\/yoast-seo-premium-wordpress\/ -->\n<title>Votato il progetto di legge per l&#039;obbligo vaccinale degli operatori sanitari<\/title>\n<meta name=\"description\" content=\"Il Consiglio nazionale ha votato il progetto di legge 1043 sull&#039;obbligo vaccinale per gli operatori sanitari, al fine di combattere la pandemia da\" \/>\n<meta name=\"robots\" content=\"index, follow, max-snippet:-1, max-image-preview:large, max-video-preview:-1\" \/>\n<link rel=\"canonical\" href=\"https:\/\/www.monaco-tribune.com\/it\/2021\/09\/votato-il-progetto-di-legge-per-lobbligo-vaccinale-degli-operatori-sanitari\/\" \/>\n<meta property=\"og:locale\" content=\"it_IT\" \/>\n<meta property=\"og:type\" content=\"article\" \/>\n<meta property=\"og:title\" content=\"Votato il progetto di legge per l&#039;obbligo vaccinale degli operatori sanitari - Monaco Tribune\" \/>\n<meta property=\"og:description\" content=\"Il Consiglio nazionale ha votato il progetto di legge 1043 sull&#039;obbligo vaccinale per gli operatori sanitari, al fine di combattere la pandemia da\" \/>\n<meta property=\"og:url\" content=\"https:\/\/www.monaco-tribune.com\/it\/2021\/09\/votato-il-progetto-di-legge-per-lobbligo-vaccinale-degli-operatori-sanitari\/\" \/>\n<meta property=\"og:site_name\" content=\"Monaco Tribune\" \/>\n<meta property=\"article:publisher\" content=\"https:\/\/www.facebook.com\/MonacoTribune\" \/>\n<meta property=\"article:published_time\" content=\"2021-09-15T16:04:20+00:00\" \/>\n<meta property=\"article:modified_time\" content=\"2021-09-15T16:04:31+00:00\" \/>\n<meta property=\"og:image\" content=\"https:\/\/www.monaco-tribune.com\/wp-content\/uploads\/2021\/09\/conseil-national-monaco-1.jpg\" \/>\n\t<meta property=\"og:image:width\" content=\"1024\" \/>\n\t<meta property=\"og:image:height\" content=\"683\" \/>\n\t<meta property=\"og:image:type\" content=\"image\/jpeg\" \/>\n<meta name=\"author\" content=\"Josepha Toquereau\" \/>\n<meta name=\"twitter:card\" content=\"summary_large_image\" \/>\n<meta name=\"twitter:creator\" content=\"@MonacoTribune\" \/>\n<meta name=\"twitter:site\" content=\"@MonacoTribune\" \/>\n<script type=\"application\/ld+json\" class=\"yoast-schema-graph\">{\"@context\":\"https:\\\/\\\/schema.org\",\"@graph\":[{\"@type\":\"NewsArticle\",\"@id\":\"https:\\\/\\\/www.monaco-tribune.com\\\/it\\\/2021\\\/09\\\/votato-il-progetto-di-legge-per-lobbligo-vaccinale-degli-operatori-sanitari\\\/#article\",\"isPartOf\":{\"@id\":\"https:\\\/\\\/www.monaco-tribune.com\\\/it\\\/2021\\\/09\\\/votato-il-progetto-di-legge-per-lobbligo-vaccinale-degli-operatori-sanitari\\\/\"},\"author\":{\"name\":\"Josepha Toquereau\",\"@id\":\"https:\\\/\\\/www.monaco-tribune.com\\\/it\\\/#\\\/schema\\\/person\\\/c8eeb5e36b6ed3782736273e5eb7d764\"},\"headline\":\"Votato il progetto di legge per l&#8217;obbligo vaccinale degli operatori sanitari\",\"datePublished\":\"2021-09-15T16:04:20+00:00\",\"dateModified\":\"2021-09-15T16:04:31+00:00\",\"mainEntityOfPage\":{\"@id\":\"https:\\\/\\\/www.monaco-tribune.com\\\/it\\\/2021\\\/09\\\/votato-il-progetto-di-legge-per-lobbligo-vaccinale-degli-operatori-sanitari\\\/\"},\"wordCount\":235,\"publisher\":{\"@id\":\"https:\\\/\\\/www.monaco-tribune.com\\\/it\\\/#organization\"},\"image\":{\"@id\":\"https:\\\/\\\/www.monaco-tribune.com\\\/it\\\/2021\\\/09\\\/votato-il-progetto-di-legge-per-lobbligo-vaccinale-degli-operatori-sanitari\\\/#primaryimage\"},\"thumbnailUrl\":\"https:\\\/\\\/www.monaco-tribune.com\\\/wp-content\\\/uploads\\\/2021\\\/09\\\/conseil-national-monaco-1.jpg\",\"keywords\":[\"Covid-19\"],\"articleSection\":[\"Notizie\",\"Societ\u00e0\"],\"inLanguage\":\"it-IT\",\"copyrightYear\":\"2021\",\"copyrightHolder\":{\"@id\":\"https:\\\/\\\/www.monaco-tribune.com\\\/#organization\"}},{\"@type\":\"WebPage\",\"@id\":\"https:\\\/\\\/www.monaco-tribune.com\\\/it\\\/2021\\\/09\\\/votato-il-progetto-di-legge-per-lobbligo-vaccinale-degli-operatori-sanitari\\\/\",\"url\":\"https:\\\/\\\/www.monaco-tribune.com\\\/it\\\/2021\\\/09\\\/votato-il-progetto-di-legge-per-lobbligo-vaccinale-degli-operatori-sanitari\\\/\",\"name\":\"Votato il progetto di legge per l'obbligo vaccinale degli operatori sanitari\",\"isPartOf\":{\"@id\":\"https:\\\/\\\/www.monaco-tribune.com\\\/it\\\/#website\"},\"primaryImageOfPage\":{\"@id\":\"https:\\\/\\\/www.monaco-tribune.com\\\/it\\\/2021\\\/09\\\/votato-il-progetto-di-legge-per-lobbligo-vaccinale-degli-operatori-sanitari\\\/#primaryimage\"},\"image\":{\"@id\":\"https:\\\/\\\/www.monaco-tribune.com\\\/it\\\/2021\\\/09\\\/votato-il-progetto-di-legge-per-lobbligo-vaccinale-degli-operatori-sanitari\\\/#primaryimage\"},\"thumbnailUrl\":\"https:\\\/\\\/www.monaco-tribune.com\\\/wp-content\\\/uploads\\\/2021\\\/09\\\/conseil-national-monaco-1.jpg\",\"datePublished\":\"2021-09-15T16:04:20+00:00\",\"dateModified\":\"2021-09-15T16:04:31+00:00\",\"description\":\"Il Consiglio nazionale ha votato il progetto di legge 1043 sull'obbligo vaccinale per gli operatori sanitari, al fine di combattere la pandemia da\",\"breadcrumb\":{\"@id\":\"https:\\\/\\\/www.monaco-tribune.com\\\/it\\\/2021\\\/09\\\/votato-il-progetto-di-legge-per-lobbligo-vaccinale-degli-operatori-sanitari\\\/#breadcrumb\"},\"inLanguage\":\"it-IT\",\"potentialAction\":[{\"@type\":\"ReadAction\",\"target\":[\"https:\\\/\\\/www.monaco-tribune.com\\\/it\\\/2021\\\/09\\\/votato-il-progetto-di-legge-per-lobbligo-vaccinale-degli-operatori-sanitari\\\/\"]}]},{\"@type\":\"ImageObject\",\"inLanguage\":\"it-IT\",\"@id\":\"https:\\\/\\\/www.monaco-tribune.com\\\/it\\\/2021\\\/09\\\/votato-il-progetto-di-legge-per-lobbligo-vaccinale-degli-operatori-sanitari\\\/#primaryimage\",\"url\":\"https:\\\/\\\/www.monaco-tribune.com\\\/wp-content\\\/uploads\\\/2021\\\/09\\\/conseil-national-monaco-1.jpg\",\"contentUrl\":\"https:\\\/\\\/www.monaco-tribune.com\\\/wp-content\\\/uploads\\\/2021\\\/09\\\/conseil-national-monaco-1.jpg\",\"width\":1024,\"height\":683,\"caption\":\"Conseil national de Monaco\"},{\"@type\":\"BreadcrumbList\",\"@id\":\"https:\\\/\\\/www.monaco-tribune.com\\\/it\\\/2021\\\/09\\\/votato-il-progetto-di-legge-per-lobbligo-vaccinale-degli-operatori-sanitari\\\/#breadcrumb\",\"itemListElement\":[{\"@type\":\"ListItem\",\"position\":1,\"name\":\"Accueil\",\"item\":\"https:\\\/\\\/www.monaco-tribune.com\\\/it\\\/\"},{\"@type\":\"ListItem\",\"position\":2,\"name\":\"Votato il progetto di legge per l&rsquo;obbligo vaccinale degli operatori sanitari\"}]},{\"@type\":\"WebSite\",\"@id\":\"https:\\\/\\\/www.monaco-tribune.com\\\/it\\\/#website\",\"url\":\"https:\\\/\\\/www.monaco-tribune.com\\\/it\\\/\",\"name\":\"Monaco Tribune\",\"description\":\"Monaco : actualit\u00e9s \u00e9conomiques, politiques, culturelles et sportives de Monaco et de la French Riviera.\",\"publisher\":{\"@id\":\"https:\\\/\\\/www.monaco-tribune.com\\\/it\\\/#organization\"},\"potentialAction\":[{\"@type\":\"SearchAction\",\"target\":{\"@type\":\"EntryPoint\",\"urlTemplate\":\"https:\\\/\\\/www.monaco-tribune.com\\\/it\\\/?s={search_term_string}\"},\"query-input\":{\"@type\":\"PropertyValueSpecification\",\"valueRequired\":true,\"valueName\":\"search_term_string\"}}],\"inLanguage\":\"it-IT\"},{\"@type\":\"Organization\",\"@id\":\"https:\\\/\\\/www.monaco-tribune.com\\\/it\\\/#organization\",\"name\":\"Monaco Tribune\",\"url\":\"https:\\\/\\\/www.monaco-tribune.com\\\/it\\\/\",\"logo\":{\"@type\":\"ImageObject\",\"inLanguage\":\"it-IT\",\"@id\":\"https:\\\/\\\/www.monaco-tribune.com\\\/it\\\/#\\\/schema\\\/logo\\\/image\\\/\",\"url\":\"https:\\\/\\\/www.monaco-tribune.com\\\/wp-content\\\/uploads\\\/2022\\\/11\\\/logo-monaco-tribune.png\",\"contentUrl\":\"https:\\\/\\\/www.monaco-tribune.com\\\/wp-content\\\/uploads\\\/2022\\\/11\\\/logo-monaco-tribune.png\",\"width\":1548,\"height\":600,\"caption\":\"Monaco Tribune\"},\"image\":{\"@id\":\"https:\\\/\\\/www.monaco-tribune.com\\\/it\\\/#\\\/schema\\\/logo\\\/image\\\/\"},\"sameAs\":[\"https:\\\/\\\/www.facebook.com\\\/MonacoTribune\",\"https:\\\/\\\/x.com\\\/MonacoTribune\",\"https:\\\/\\\/www.instagram.com\\\/monacotribune\\\/\",\"https:\\\/\\\/www.linkedin.com\\\/company\\\/monaco-tribune\",\"https:\\\/\\\/www.youtube.com\\\/channel\\\/UCHle1MnG6hw1y4lWKijVbMA\"]},{\"@type\":\"Person\",\"@id\":\"https:\\\/\\\/www.monaco-tribune.com\\\/it\\\/#\\\/schema\\\/person\\\/c8eeb5e36b6ed3782736273e5eb7d764\",\"name\":\"Josepha Toquereau\",\"image\":{\"@type\":\"ImageObject\",\"inLanguage\":\"it-IT\",\"@id\":\"https:\\\/\\\/secure.gravatar.com\\\/avatar\\\/3e06e87605717b00d3b9743f79fca038480454ef05226ef9de5dfa9577c3363f?s=96&d=mm&r=g\",\"url\":\"https:\\\/\\\/secure.gravatar.com\\\/avatar\\\/3e06e87605717b00d3b9743f79fca038480454ef05226ef9de5dfa9577c3363f?s=96&d=mm&r=g\",\"contentUrl\":\"https:\\\/\\\/secure.gravatar.com\\\/avatar\\\/3e06e87605717b00d3b9743f79fca038480454ef05226ef9de5dfa9577c3363f?s=96&d=mm&r=g\",\"caption\":\"Josepha Toquereau\"},\"url\":\"https:\\\/\\\/www.monaco-tribune.com\\\/it\\\/author\\\/josephatoquereau\\\/\"}]}<\/script>\n<!-- \/ Yoast SEO Premium plugin. -->","yoast_head_json":{"title":"Votato il progetto di legge per l'obbligo vaccinale degli operatori sanitari","description":"Il Consiglio nazionale ha votato il progetto di legge 1043 sull'obbligo vaccinale per gli operatori sanitari, al fine di combattere la pandemia da","robots":{"index":"index","follow":"follow","max-snippet":"max-snippet:-1","max-image-preview":"max-image-preview:large","max-video-preview":"max-video-preview:-1"},"canonical":"https:\/\/www.monaco-tribune.com\/it\/2021\/09\/votato-il-progetto-di-legge-per-lobbligo-vaccinale-degli-operatori-sanitari\/","og_locale":"it_IT","og_type":"article","og_title":"Votato il progetto di legge per l'obbligo vaccinale degli operatori sanitari - Monaco Tribune","og_description":"Il Consiglio nazionale ha votato il progetto di legge 1043 sull'obbligo vaccinale per gli operatori sanitari, al fine di combattere la pandemia da","og_url":"https:\/\/www.monaco-tribune.com\/it\/2021\/09\/votato-il-progetto-di-legge-per-lobbligo-vaccinale-degli-operatori-sanitari\/","og_site_name":"Monaco Tribune","article_publisher":"https:\/\/www.facebook.com\/MonacoTribune","article_published_time":"2021-09-15T16:04:20+00:00","article_modified_time":"2021-09-15T16:04:31+00:00","og_image":[{"width":1024,"height":683,"url":"https:\/\/www.monaco-tribune.com\/wp-content\/uploads\/2021\/09\/conseil-national-monaco-1.jpg","type":"image\/jpeg"}],"author":"Josepha Toquereau","twitter_card":"summary_large_image","twitter_creator":"@MonacoTribune","twitter_site":"@MonacoTribune","schema":{"@context":"https:\/\/schema.org","@graph":[{"@type":"NewsArticle","@id":"https:\/\/www.monaco-tribune.com\/it\/2021\/09\/votato-il-progetto-di-legge-per-lobbligo-vaccinale-degli-operatori-sanitari\/#article","isPartOf":{"@id":"https:\/\/www.monaco-tribune.com\/it\/2021\/09\/votato-il-progetto-di-legge-per-lobbligo-vaccinale-degli-operatori-sanitari\/"},"author":{"name":"Josepha Toquereau","@id":"https:\/\/www.monaco-tribune.com\/it\/#\/schema\/person\/c8eeb5e36b6ed3782736273e5eb7d764"},"headline":"Votato il progetto di legge per l&#8217;obbligo vaccinale degli operatori sanitari","datePublished":"2021-09-15T16:04:20+00:00","dateModified":"2021-09-15T16:04:31+00:00","mainEntityOfPage":{"@id":"https:\/\/www.monaco-tribune.com\/it\/2021\/09\/votato-il-progetto-di-legge-per-lobbligo-vaccinale-degli-operatori-sanitari\/"},"wordCount":235,"publisher":{"@id":"https:\/\/www.monaco-tribune.com\/it\/#organization"},"image":{"@id":"https:\/\/www.monaco-tribune.com\/it\/2021\/09\/votato-il-progetto-di-legge-per-lobbligo-vaccinale-degli-operatori-sanitari\/#primaryimage"},"thumbnailUrl":"https:\/\/www.monaco-tribune.com\/wp-content\/uploads\/2021\/09\/conseil-national-monaco-1.jpg","keywords":["Covid-19"],"articleSection":["Notizie","Societ\u00e0"],"inLanguage":"it-IT","copyrightYear":"2021","copyrightHolder":{"@id":"https:\/\/www.monaco-tribune.com\/#organization"}},{"@type":"WebPage","@id":"https:\/\/www.monaco-tribune.com\/it\/2021\/09\/votato-il-progetto-di-legge-per-lobbligo-vaccinale-degli-operatori-sanitari\/","url":"https:\/\/www.monaco-tribune.com\/it\/2021\/09\/votato-il-progetto-di-legge-per-lobbligo-vaccinale-degli-operatori-sanitari\/","name":"Votato il progetto di legge per l'obbligo vaccinale degli operatori sanitari","isPartOf":{"@id":"https:\/\/www.monaco-tribune.com\/it\/#website"},"primaryImageOfPage":{"@id":"https:\/\/www.monaco-tribune.com\/it\/2021\/09\/votato-il-progetto-di-legge-per-lobbligo-vaccinale-degli-operatori-sanitari\/#primaryimage"},"image":{"@id":"https:\/\/www.monaco-tribune.com\/it\/2021\/09\/votato-il-progetto-di-legge-per-lobbligo-vaccinale-degli-operatori-sanitari\/#primaryimage"},"thumbnailUrl":"https:\/\/www.monaco-tribune.com\/wp-content\/uploads\/2021\/09\/conseil-national-monaco-1.jpg","datePublished":"2021-09-15T16:04:20+00:00","dateModified":"2021-09-15T16:04:31+00:00","description":"Il Consiglio nazionale ha votato il progetto di legge 1043 sull'obbligo vaccinale per gli operatori sanitari, al fine di combattere la pandemia da","breadcrumb":{"@id":"https:\/\/www.monaco-tribune.com\/it\/2021\/09\/votato-il-progetto-di-legge-per-lobbligo-vaccinale-degli-operatori-sanitari\/#breadcrumb"},"inLanguage":"it-IT","potentialAction":[{"@type":"ReadAction","target":["https:\/\/www.monaco-tribune.com\/it\/2021\/09\/votato-il-progetto-di-legge-per-lobbligo-vaccinale-degli-operatori-sanitari\/"]}]},{"@type":"ImageObject","inLanguage":"it-IT","@id":"https:\/\/www.monaco-tribune.com\/it\/2021\/09\/votato-il-progetto-di-legge-per-lobbligo-vaccinale-degli-operatori-sanitari\/#primaryimage","url":"https:\/\/www.monaco-tribune.com\/wp-content\/uploads\/2021\/09\/conseil-national-monaco-1.jpg","contentUrl":"https:\/\/www.monaco-tribune.com\/wp-content\/uploads\/2021\/09\/conseil-national-monaco-1.jpg","width":1024,"height":683,"caption":"Conseil national de Monaco"},{"@type":"BreadcrumbList","@id":"https:\/\/www.monaco-tribune.com\/it\/2021\/09\/votato-il-progetto-di-legge-per-lobbligo-vaccinale-degli-operatori-sanitari\/#breadcrumb","itemListElement":[{"@type":"ListItem","position":1,"name":"Accueil","item":"https:\/\/www.monaco-tribune.com\/it\/"},{"@type":"ListItem","position":2,"name":"Votato il progetto di legge per l&rsquo;obbligo vaccinale degli operatori sanitari"}]},{"@type":"WebSite","@id":"https:\/\/www.monaco-tribune.com\/it\/#website","url":"https:\/\/www.monaco-tribune.com\/it\/","name":"Monaco Tribune","description":"Monaco : actualit\u00e9s \u00e9conomiques, politiques, culturelles et sportives de Monaco et de la French Riviera.","publisher":{"@id":"https:\/\/www.monaco-tribune.com\/it\/#organization"},"potentialAction":[{"@type":"SearchAction","target":{"@type":"EntryPoint","urlTemplate":"https:\/\/www.monaco-tribune.com\/it\/?s={search_term_string}"},"query-input":{"@type":"PropertyValueSpecification","valueRequired":true,"valueName":"search_term_string"}}],"inLanguage":"it-IT"},{"@type":"Organization","@id":"https:\/\/www.monaco-tribune.com\/it\/#organization","name":"Monaco Tribune","url":"https:\/\/www.monaco-tribune.com\/it\/","logo":{"@type":"ImageObject","inLanguage":"it-IT","@id":"https:\/\/www.monaco-tribune.com\/it\/#\/schema\/logo\/image\/","url":"https:\/\/www.monaco-tribune.com\/wp-content\/uploads\/2022\/11\/logo-monaco-tribune.png","contentUrl":"https:\/\/www.monaco-tribune.com\/wp-content\/uploads\/2022\/11\/logo-monaco-tribune.png","width":1548,"height":600,"caption":"Monaco Tribune"},"image":{"@id":"https:\/\/www.monaco-tribune.com\/it\/#\/schema\/logo\/image\/"},"sameAs":["https:\/\/www.facebook.com\/MonacoTribune","https:\/\/x.com\/MonacoTribune","https:\/\/www.instagram.com\/monacotribune\/","https:\/\/www.linkedin.com\/company\/monaco-tribune","https:\/\/www.youtube.com\/channel\/UCHle1MnG6hw1y4lWKijVbMA"]},{"@type":"Person","@id":"https:\/\/www.monaco-tribune.com\/it\/#\/schema\/person\/c8eeb5e36b6ed3782736273e5eb7d764","name":"Josepha Toquereau","image":{"@type":"ImageObject","inLanguage":"it-IT","@id":"https:\/\/secure.gravatar.com\/avatar\/3e06e87605717b00d3b9743f79fca038480454ef05226ef9de5dfa9577c3363f?s=96&d=mm&r=g","url":"https:\/\/secure.gravatar.com\/avatar\/3e06e87605717b00d3b9743f79fca038480454ef05226ef9de5dfa9577c3363f?s=96&d=mm&r=g","contentUrl":"https:\/\/secure.gravatar.com\/avatar\/3e06e87605717b00d3b9743f79fca038480454ef05226ef9de5dfa9577c3363f?s=96&d=mm&r=g","caption":"Josepha Toquereau"},"url":"https:\/\/www.monaco-tribune.com\/it\/author\/josephatoquereau\/"}]}},"_links":{"self":[{"href":"https:\/\/www.monaco-tribune.com\/it\/wp-json\/wp\/v2\/posts\/93381","targetHints":{"allow":["GET"]}}],"collection":[{"href":"https:\/\/www.monaco-tribune.com\/it\/wp-json\/wp\/v2\/posts"}],"about":[{"href":"https:\/\/www.monaco-tribune.com\/it\/wp-json\/wp\/v2\/types\/post"}],"author":[{"embeddable":true,"href":"https:\/\/www.monaco-tribune.com\/it\/wp-json\/wp\/v2\/users\/57"}],"replies":[{"embeddable":true,"href":"https:\/\/www.monaco-tribune.com\/it\/wp-json\/wp\/v2\/comments?post=93381"}],"version-history":[{"count":0,"href":"https:\/\/www.monaco-tribune.com\/it\/wp-json\/wp\/v2\/posts\/93381\/revisions"}],"wp:featuredmedia":[{"embeddable":true,"href":"https:\/\/www.monaco-tribune.com\/it\/wp-json\/wp\/v2\/media\/93371"}],"wp:attachment":[{"href":"https:\/\/www.monaco-tribune.com\/it\/wp-json\/wp\/v2\/media?parent=93381"}],"wp:term":[{"taxonomy":"category","embeddable":true,"href":"https:\/\/www.monaco-tribune.com\/it\/wp-json\/wp\/v2\/categories?post=93381"},{"taxonomy":"post_tag","embeddable":true,"href":"https:\/\/www.monaco-tribune.com\/it\/wp-json\/wp\/v2\/tags?post=93381"},{"taxonomy":"sectag","embeddable":true,"href":"https:\/\/www.monaco-tribune.com\/it\/wp-json\/wp\/v2\/post_sectags?post=93381"},{"taxonomy":"format","embeddable":true,"href":"https:\/\/www.monaco-tribune.com\/it\/wp-json\/wp\/v2\/post_format?post=93381"}],"curies":[{"name":"wp","href":"https:\/\/api.w.org\/{rel}","templated":true}]}}