{"id":94289,"date":"2021-09-23T13:07:02","date_gmt":"2021-09-23T11:07:02","guid":{"rendered":"https:\/\/www.monaco-tribune.com\/2021\/09\/due-chiacchere-con-laura-e-jerome-tisserand-i-due-nuovi-ballerini-del-balletto-di-monte-carlo\/"},"modified":"2021-09-23T13:15:45","modified_gmt":"2021-09-23T11:15:45","slug":"due-chiacchere-con-laura-e-jerome-tisserand-i-due-nuovi-ballerini-del-balletto-di-monte-carlo","status":"publish","type":"post","link":"https:\/\/www.monaco-tribune.com\/it\/2021\/09\/due-chiacchere-con-laura-e-jerome-tisserand-i-due-nuovi-ballerini-del-balletto-di-monte-carlo\/","title":{"rendered":"Due chiacchiere con Laura e J\u00e9r\u00f4me Tisserand, i due nuovi ballerini del Balletto di Monte-Carlo"},"content":{"rendered":"\n<p><strong>La coppia di ballerini si \u00e8 unita alla compagnia di danza lo scorso agosto.<\/strong><\/p>\n\n<p>Sale grandi, specchi immensi di fronte la sbarra e scarpette sistemate con cura contro le pareti&#8230; \u00c8 qui, nelle sale prova del Balletto di Monte-Carlo, che i ballerini della compagnia lavorano senza sosta in vista della prossima rappresentazione. Tra gli artisti in pausa pranzo, una coppia di ballerini: Laura e J\u00e9r\u00f4me Tisserand sono entrati nel Balletto di Monte-Carlo durante il mese di agosto e arrivano direttamente dagli Stati Uniti.<\/p>\n\n<p>Prima di scoprire il sole di Monaco, Laura, J\u00e9r\u00f4me e le loro due bambine vivevano a Seattle, dove la coppia ballava per il Pacific Northwest Ballet. Lei di origini americane, lui di origini francesi. Nata in Louisiana, Laura frequenta la School of American Ballet \u00e0 New-York prima di unirsi alla compagnia di Seattle. J\u00e9r\u00f4me, invece, nasce a Lione, frequenta l&#8217;Op\u00e9ra de Paris, partecipa a uno stage estivo al Miami City Ballet per poi arrivare a studiare nella scuola newyorchese e infine danzare al fianco della moglie.<\/p>\n\n<p>Ed \u00e8 proprio oltreoceano che Laura e J\u00e9r\u00f4me conoscono Jean-Christophe Maillot, coreografo e direttore del Balletto di Monte-Carlo, e l&#8217;ex \u00e9toile Bernice Coppieters. Dopo due collaborazioni ben riuscite, una per <em>Romeo e Giuliett<\/em>a e l&#8217;altra per <em>Cenerentola<\/em>, la coppia comincia a pensare di trasferirsi in Francia.<\/p>\n\n<blockquote class=\"wp-block-quote is-layout-flow wp-block-quote-is-layout-flow\"><p><em>Siamo anche rimasti shoccati di scoprire che potevamo unirci alla stessa compagnia da marito e moglie.<\/em><\/p><\/blockquote>\n\n<h2 class=\"wp-block-heading\" id=\"h-le-r-ve-devient-r-alit\">Il sogno diventa realt\u00e0<\/h2>\n\n<p>Un&#8217;audizione dopo, arriva il verdetto. Laura e J\u00e9r\u00f4me Tisserand sono entrambi nella compagnia. &#8220;Eravamo davvero entusiasti e cos\u00ec contenti&#8221;, ricorda Laura. &#8220;Siamo anche rimasti shoccati di scoprire che potevamo unirci alla stessa compagnia da marito e moglie, \u00e8 una cosa piuttosto rara nel mondo della danza classica. Siamo molto onorati di essere stati selezionati&#8221;.<\/p>\n\n<p>La posta in gioco era alta, perch\u00e9 per J\u00e9r\u00f4me era impensabile che uno partisse senza l&#8217;altro: tutto o niente. &#8220;Non avrebbe funzionato, perch\u00e9 balliamo entrambi e abbiamo ancora qualche anno davanti a noi. Non volevamo che per uno fosse finita ma non per l&#8217;altro&#8221;.<\/p>\n\n<p>Un sostegno e una complicit\u00e0 che i due ballerini condividono nella vita e in scena. &#8220;\u00c8 una vita particolare, molto speciale, ma \u00e8 davvero incredibile avere qualcuno che capisce la nostra vita di tutti i giorni, cosa vuol dire quando uno spettacolo va bene o male&#8221;, confessa J\u00e9r\u00f4me dietro un sorriso. &#8220;Anche se non balleremo sempre insieme, quando succede, siamo talmente intimi che possiamo parlarci, dirci le cose con pi\u00f9 sincerit\u00e0, in confidenza&#8221;, aggiunge Laura.<\/p>\n\n<p>Anche se sono una coppia, J\u00e9r\u00f4me e Laura non dimenticano di essere parte di un corpo di ballo. Nel giro di poche settimane, i ballerini si sono perfettamente integrati nella compagnia. Secondo loro sono anche stati fortunati ad aver ricevuto un&#8217;accoglienza calorosa dai compagni di scena, specialmente dopo un cambiamento di vita cos\u00ec radicale. Ma a parte il benvenuto, entrambi apprezzano molto il lavoro del coreografo Jean-Christophe Maillot.<\/p>\n\n<figure class=\"wp-block-gallery columns-2 is-cropped wp-block-gallery-1 is-layout-flex wp-block-gallery-is-layout-flex\"><ul class=\"blocks-gallery-grid\"><li class=\"blocks-gallery-item\"><figure><img decoding=\"async\" src=\"https:\/\/www.monaco-tribune.com\/wp-content\/uploads\/2021\/09\/je&#x301;ro&#x302;me-tisserand-photo-alice-blangero.jpg-2-683x1024.jpg\" alt=\"\" data-id=\"94275\" data-full-url=\"https:\/\/www.monaco-tribune.com\/wp-content\/uploads\/2021\/09\/je&#x301;ro&#x302;me-tisserand-photo-alice-blangero.jpg-2.jpg\" data-link=\"https:\/\/www.monaco-tribune.com\/2021\/09\/laura-et-jerome-tisserand-rejoignent-les-ballets-de-monte-carlo\/jero%cc%82me-tisserand-photo-alice-blangero-jpg-2\/\" class=\"wp-image-94275\"\/><\/figure><\/li><li class=\"blocks-gallery-item\"><figure><img loading=\"lazy\" decoding=\"async\" width=\"683\" height=\"1024\" src=\"https:\/\/www.monaco-tribune.com\/wp-content\/uploads\/2021\/09\/laura-tisserand-photo-alice-blangero.jpg-2-683x1024.jpg\" alt=\"\" data-id=\"94279\" data-full-url=\"https:\/\/www.monaco-tribune.com\/wp-content\/uploads\/2021\/09\/laura-tisserand-photo-alice-blangero.jpg-2.jpg\" data-link=\"https:\/\/www.monaco-tribune.com\/2021\/09\/laura-et-jerome-tisserand-rejoignent-les-ballets-de-monte-carlo\/laura-tisserand-photo-alice-blangero-jpg-2\/\" class=\"wp-image-94281\" srcset=\"https:\/\/www.monaco-tribune.com\/wp-content\/uploads\/2021\/09\/laura-tisserand-photo-alice-blangero.jpg-2-683x1024.jpg 683w, https:\/\/www.monaco-tribune.com\/wp-content\/uploads\/2021\/09\/laura-tisserand-photo-alice-blangero.jpg-2-200x300.jpg 200w, https:\/\/www.monaco-tribune.com\/wp-content\/uploads\/2021\/09\/laura-tisserand-photo-alice-blangero.jpg-2-100x150.jpg 100w, https:\/\/www.monaco-tribune.com\/wp-content\/uploads\/2021\/09\/laura-tisserand-photo-alice-blangero.jpg-2-768x1152.jpg 768w, https:\/\/www.monaco-tribune.com\/wp-content\/uploads\/2021\/09\/laura-tisserand-photo-alice-blangero.jpg-2-120x180.jpg 120w, https:\/\/www.monaco-tribune.com\/wp-content\/uploads\/2021\/09\/laura-tisserand-photo-alice-blangero.jpg-2.jpg 800w\" sizes=\"auto, (max-width: 683px) 100vw, 683px\" \/><\/figure><\/li><\/ul><figcaption class=\"blocks-gallery-caption\"><em>Per Laura e J\u00e9r\u00f4me, l&#8217;importante \u00e8 riuscire a parlarsi con sincerit\u00e0 quando lavorano insieme<\/em> <em>\u00a9 Alice Blangero<\/em><\/figcaption><\/figure>\n<blockquote class=\"wp-block-quote is-layout-flow wp-block-quote-is-layout-flow\"><p><em>Jean-Christophe mette nei suoi balletti l&#8217;attenzione per i dettagli e il carattere.<\/em> <em>\u00c8 come recitare a teatro: l&#8217;intenzione \u00e8 la cosa pi\u00f9 importante<\/em><\/p><\/blockquote>\n\n<h2 class=\"wp-block-heading\" id=\"h-l-impression-de-jouer-une-pi-ce\">Come recitare a teatro<\/h2>\n\n<p>Per i due ballerini, quello che caratterizza principalmente il direttore del Balletto di Monte-Carlo \u00e8 la sua teatralit\u00e0. Per J\u00e9r\u00f4me Tisserand, questo nuovo approccio alla danza rappresenta una nuova sfida: &#8220;Jean-Christophe mette nei suoi balletti l&#8217;attenzione per i dettagli e il carattere. \u00c8 come recitare a teatro: l&#8217;intenzione \u00e8 la cosa pi\u00f9 importante. Diventiamo davvero dei personaggi&#8221;.<\/p>\n\n<p>Il prossimo personaggio che J\u00e9r\u00f4me interpreter\u00e0 a Monaco sar\u00e0 Romeo Montecchi. Un ruolo che, sotto la guida di Jean-Christophe Maillot, incarna secondo il ballerino &#8220;un centinaio di emozioni: amore folle, tristezza, smarrimento&#8230; \u00c8 una cosa nuova per noi, buttarci in un personaggio in questo modo, dimenticando quasi i passi, senza dimenticarli realmente&#8221;.<\/p>\n\n<p>Laura, invece, non sar\u00e0 la sua Giulietta, ma Madonna Capuleti, la madre dell&#8217;eroina: &#8220;Mi piace questo ruolo&#8221;, confessa Laura. &#8220;Raggruppa una serie di dinamiche: \u00e8 forte, femminile ma anche un po&#8217; vulnerabile&#8230; Adoro lavorare a questo ruolo con Bernice, che l&#8217;ha interpretato in passato. Ci trasmette davvero tantissimo!&#8221;<\/p>\n\n<p>Ma prima di interpretare la tragedia di Shakespeare sulla scena monegasca, la compagnia andr\u00e0 in tourn\u00e9e a Fr\u00e9jus, una cittadina francese, per danzare <em>La bisbetica domata<\/em>. Il programma invernale del Principato \u00e8 appena stato pubblicato. Le prime rappresentazioni sulla Rocca si terranno alla fine del mese di ottobre e la <a href=\"https:\/\/www.balletsdemontecarlo.com\/fr\/saison-oct-janv-22\">biglietteria<\/a> \u00e8 gi\u00e0 aperta.<\/p>\n","protected":false},"excerpt":{"rendered":"<p>La coppia di ballerini si \u00e8 unita alla compagnia di danza lo scorso agosto. Sale grandi, specchi immensi di fronte [&hellip;]<\/p>\n","protected":false},"author":60,"featured_media":94273,"comment_status":"closed","ping_status":"closed","sticky":false,"template":"","format":"standard","meta":{"_acf_changed":false,"footnotes":""},"categories":[1740,1826],"tags":[],"post_sectags":[],"post_format":[2480],"class_list":["post-94289","post","type-post","status-publish","format-standard","has-post-thumbnail","hentry","category-cosa-fare","category-la-nostra-scelta","format-profilo"],"acf":[],"yoast_head":"<!-- This site is optimized with the Yoast SEO Premium plugin v26.8 (Yoast SEO v27.5) - https:\/\/yoast.com\/product\/yoast-seo-premium-wordpress\/ -->\n<title>Due chiacchiere con Laura e J\u00e9r\u00f4me Tisserand, i due nuovi ballerini del Balletto di Monte-Carlo<\/title>\n<meta name=\"description\" content=\"La coppia di ballerini si \u00e8 unita alla compagnia di danza lo scorso agosto. Sale grandi, specchi immensi di fronte la sbarra e scarpette sistemate con\" \/>\n<meta name=\"robots\" content=\"index, follow, max-snippet:-1, max-image-preview:large, max-video-preview:-1\" \/>\n<link rel=\"canonical\" href=\"https:\/\/www.monaco-tribune.com\/it\/2021\/09\/due-chiacchere-con-laura-e-jerome-tisserand-i-due-nuovi-ballerini-del-balletto-di-monte-carlo\/\" \/>\n<meta property=\"og:locale\" content=\"it_IT\" \/>\n<meta property=\"og:type\" content=\"article\" \/>\n<meta property=\"og:title\" content=\"Due chiacchiere con Laura e J\u00e9r\u00f4me Tisserand, i due nuovi ballerini del Balletto di Monte-Carlo - Monaco Tribune\" \/>\n<meta property=\"og:description\" content=\"La coppia di ballerini si \u00e8 unita alla compagnia di danza lo scorso agosto. Sale grandi, specchi immensi di fronte la sbarra e scarpette sistemate con\" \/>\n<meta property=\"og:url\" content=\"https:\/\/www.monaco-tribune.com\/it\/2021\/09\/due-chiacchere-con-laura-e-jerome-tisserand-i-due-nuovi-ballerini-del-balletto-di-monte-carlo\/\" \/>\n<meta property=\"og:site_name\" content=\"Monaco Tribune\" \/>\n<meta property=\"article:publisher\" content=\"https:\/\/www.facebook.com\/MonacoTribune\" \/>\n<meta property=\"article:published_time\" content=\"2021-09-23T11:07:02+00:00\" \/>\n<meta property=\"article:modified_time\" content=\"2021-09-23T11:15:45+00:00\" \/>\n<meta property=\"og:image\" content=\"https:\/\/www.monaco-tribune.com\/wp-content\/uploads\/2021\/09\/je\u0301ro\u0302me-et-laura-tisserand-ph-min.jpg\" \/>\n\t<meta property=\"og:image:width\" content=\"1204\" \/>\n\t<meta property=\"og:image:height\" content=\"803\" \/>\n\t<meta property=\"og:image:type\" content=\"image\/jpeg\" \/>\n<meta name=\"author\" content=\"Camille Esteve\" \/>\n<meta name=\"twitter:card\" content=\"summary_large_image\" \/>\n<meta name=\"twitter:creator\" content=\"@MonacoTribune\" \/>\n<meta name=\"twitter:site\" content=\"@MonacoTribune\" \/>\n<script type=\"application\/ld+json\" class=\"yoast-schema-graph\">{\"@context\":\"https:\\\/\\\/schema.org\",\"@graph\":[{\"@type\":\"NewsArticle\",\"@id\":\"https:\\\/\\\/www.monaco-tribune.com\\\/it\\\/2021\\\/09\\\/due-chiacchere-con-laura-e-jerome-tisserand-i-due-nuovi-ballerini-del-balletto-di-monte-carlo\\\/#article\",\"isPartOf\":{\"@id\":\"https:\\\/\\\/www.monaco-tribune.com\\\/it\\\/2021\\\/09\\\/due-chiacchere-con-laura-e-jerome-tisserand-i-due-nuovi-ballerini-del-balletto-di-monte-carlo\\\/\"},\"author\":{\"name\":\"Camille Esteve\",\"@id\":\"https:\\\/\\\/www.monaco-tribune.com\\\/it\\\/#\\\/schema\\\/person\\\/a855d420fff4d03637641d60b93ac62e\"},\"headline\":\"Due chiacchiere con Laura e J\u00e9r\u00f4me Tisserand, i due nuovi ballerini del Balletto di Monte-Carlo\",\"datePublished\":\"2021-09-23T11:07:02+00:00\",\"dateModified\":\"2021-09-23T11:15:45+00:00\",\"mainEntityOfPage\":{\"@id\":\"https:\\\/\\\/www.monaco-tribune.com\\\/it\\\/2021\\\/09\\\/due-chiacchere-con-laura-e-jerome-tisserand-i-due-nuovi-ballerini-del-balletto-di-monte-carlo\\\/\"},\"wordCount\":769,\"publisher\":{\"@id\":\"https:\\\/\\\/www.monaco-tribune.com\\\/it\\\/#organization\"},\"image\":{\"@id\":\"https:\\\/\\\/www.monaco-tribune.com\\\/it\\\/2021\\\/09\\\/due-chiacchere-con-laura-e-jerome-tisserand-i-due-nuovi-ballerini-del-balletto-di-monte-carlo\\\/#primaryimage\"},\"thumbnailUrl\":\"https:\\\/\\\/www.monaco-tribune.com\\\/wp-content\\\/uploads\\\/2021\\\/09\\\/je\u0301ro\u0302me-et-laura-tisserand-ph-min.jpg\",\"articleSection\":[\"Cosa fare\",\"La nostra scelta\"],\"inLanguage\":\"it-IT\",\"copyrightYear\":\"2021\",\"copyrightHolder\":{\"@id\":\"https:\\\/\\\/www.monaco-tribune.com\\\/#organization\"}},{\"@type\":\"WebPage\",\"@id\":\"https:\\\/\\\/www.monaco-tribune.com\\\/it\\\/2021\\\/09\\\/due-chiacchere-con-laura-e-jerome-tisserand-i-due-nuovi-ballerini-del-balletto-di-monte-carlo\\\/\",\"url\":\"https:\\\/\\\/www.monaco-tribune.com\\\/it\\\/2021\\\/09\\\/due-chiacchere-con-laura-e-jerome-tisserand-i-due-nuovi-ballerini-del-balletto-di-monte-carlo\\\/\",\"name\":\"Due chiacchiere con Laura e J\u00e9r\u00f4me Tisserand, i due nuovi ballerini del Balletto di Monte-Carlo\",\"isPartOf\":{\"@id\":\"https:\\\/\\\/www.monaco-tribune.com\\\/it\\\/#website\"},\"primaryImageOfPage\":{\"@id\":\"https:\\\/\\\/www.monaco-tribune.com\\\/it\\\/2021\\\/09\\\/due-chiacchere-con-laura-e-jerome-tisserand-i-due-nuovi-ballerini-del-balletto-di-monte-carlo\\\/#primaryimage\"},\"image\":{\"@id\":\"https:\\\/\\\/www.monaco-tribune.com\\\/it\\\/2021\\\/09\\\/due-chiacchere-con-laura-e-jerome-tisserand-i-due-nuovi-ballerini-del-balletto-di-monte-carlo\\\/#primaryimage\"},\"thumbnailUrl\":\"https:\\\/\\\/www.monaco-tribune.com\\\/wp-content\\\/uploads\\\/2021\\\/09\\\/je\u0301ro\u0302me-et-laura-tisserand-ph-min.jpg\",\"datePublished\":\"2021-09-23T11:07:02+00:00\",\"dateModified\":\"2021-09-23T11:15:45+00:00\",\"description\":\"La coppia di ballerini si \u00e8 unita alla compagnia di danza lo scorso agosto. Sale grandi, specchi immensi di fronte la sbarra e scarpette sistemate con\",\"breadcrumb\":{\"@id\":\"https:\\\/\\\/www.monaco-tribune.com\\\/it\\\/2021\\\/09\\\/due-chiacchere-con-laura-e-jerome-tisserand-i-due-nuovi-ballerini-del-balletto-di-monte-carlo\\\/#breadcrumb\"},\"inLanguage\":\"it-IT\",\"potentialAction\":[{\"@type\":\"ReadAction\",\"target\":[\"https:\\\/\\\/www.monaco-tribune.com\\\/it\\\/2021\\\/09\\\/due-chiacchere-con-laura-e-jerome-tisserand-i-due-nuovi-ballerini-del-balletto-di-monte-carlo\\\/\"]}]},{\"@type\":\"ImageObject\",\"inLanguage\":\"it-IT\",\"@id\":\"https:\\\/\\\/www.monaco-tribune.com\\\/it\\\/2021\\\/09\\\/due-chiacchere-con-laura-e-jerome-tisserand-i-due-nuovi-ballerini-del-balletto-di-monte-carlo\\\/#primaryimage\",\"url\":\"https:\\\/\\\/www.monaco-tribune.com\\\/wp-content\\\/uploads\\\/2021\\\/09\\\/je\u0301ro\u0302me-et-laura-tisserand-ph-min.jpg\",\"contentUrl\":\"https:\\\/\\\/www.monaco-tribune.com\\\/wp-content\\\/uploads\\\/2021\\\/09\\\/je\u0301ro\u0302me-et-laura-tisserand-ph-min.jpg\",\"width\":1204,\"height\":803,\"caption\":\"Alice Blangero\"},{\"@type\":\"BreadcrumbList\",\"@id\":\"https:\\\/\\\/www.monaco-tribune.com\\\/it\\\/2021\\\/09\\\/due-chiacchere-con-laura-e-jerome-tisserand-i-due-nuovi-ballerini-del-balletto-di-monte-carlo\\\/#breadcrumb\",\"itemListElement\":[{\"@type\":\"ListItem\",\"position\":1,\"name\":\"Accueil\",\"item\":\"https:\\\/\\\/www.monaco-tribune.com\\\/it\\\/\"},{\"@type\":\"ListItem\",\"position\":2,\"name\":\"Due chiacchiere con Laura e J\u00e9r\u00f4me Tisserand, i due nuovi ballerini del Balletto di Monte-Carlo\"}]},{\"@type\":\"WebSite\",\"@id\":\"https:\\\/\\\/www.monaco-tribune.com\\\/it\\\/#website\",\"url\":\"https:\\\/\\\/www.monaco-tribune.com\\\/it\\\/\",\"name\":\"Monaco Tribune\",\"description\":\"Monaco : actualit\u00e9s \u00e9conomiques, politiques, culturelles et sportives de Monaco et de la French Riviera.\",\"publisher\":{\"@id\":\"https:\\\/\\\/www.monaco-tribune.com\\\/it\\\/#organization\"},\"potentialAction\":[{\"@type\":\"SearchAction\",\"target\":{\"@type\":\"EntryPoint\",\"urlTemplate\":\"https:\\\/\\\/www.monaco-tribune.com\\\/it\\\/?s={search_term_string}\"},\"query-input\":{\"@type\":\"PropertyValueSpecification\",\"valueRequired\":true,\"valueName\":\"search_term_string\"}}],\"inLanguage\":\"it-IT\"},{\"@type\":\"Organization\",\"@id\":\"https:\\\/\\\/www.monaco-tribune.com\\\/it\\\/#organization\",\"name\":\"Monaco Tribune\",\"url\":\"https:\\\/\\\/www.monaco-tribune.com\\\/it\\\/\",\"logo\":{\"@type\":\"ImageObject\",\"inLanguage\":\"it-IT\",\"@id\":\"https:\\\/\\\/www.monaco-tribune.com\\\/it\\\/#\\\/schema\\\/logo\\\/image\\\/\",\"url\":\"https:\\\/\\\/www.monaco-tribune.com\\\/wp-content\\\/uploads\\\/2022\\\/11\\\/logo-monaco-tribune.png\",\"contentUrl\":\"https:\\\/\\\/www.monaco-tribune.com\\\/wp-content\\\/uploads\\\/2022\\\/11\\\/logo-monaco-tribune.png\",\"width\":1548,\"height\":600,\"caption\":\"Monaco Tribune\"},\"image\":{\"@id\":\"https:\\\/\\\/www.monaco-tribune.com\\\/it\\\/#\\\/schema\\\/logo\\\/image\\\/\"},\"sameAs\":[\"https:\\\/\\\/www.facebook.com\\\/MonacoTribune\",\"https:\\\/\\\/x.com\\\/MonacoTribune\",\"https:\\\/\\\/www.instagram.com\\\/monacotribune\\\/\",\"https:\\\/\\\/www.linkedin.com\\\/company\\\/monaco-tribune\",\"https:\\\/\\\/www.youtube.com\\\/channel\\\/UCHle1MnG6hw1y4lWKijVbMA\"]},{\"@type\":\"Person\",\"@id\":\"https:\\\/\\\/www.monaco-tribune.com\\\/it\\\/#\\\/schema\\\/person\\\/a855d420fff4d03637641d60b93ac62e\",\"name\":\"Camille Esteve\",\"image\":{\"@type\":\"ImageObject\",\"inLanguage\":\"it-IT\",\"@id\":\"https:\\\/\\\/secure.gravatar.com\\\/avatar\\\/eaaa2355a7bb56c0018a391c20a55bf9b4690e3f493231dd850e612bfa6ce161?s=96&d=mm&r=g\",\"url\":\"https:\\\/\\\/secure.gravatar.com\\\/avatar\\\/eaaa2355a7bb56c0018a391c20a55bf9b4690e3f493231dd850e612bfa6ce161?s=96&d=mm&r=g\",\"contentUrl\":\"https:\\\/\\\/secure.gravatar.com\\\/avatar\\\/eaaa2355a7bb56c0018a391c20a55bf9b4690e3f493231dd850e612bfa6ce161?s=96&d=mm&r=g\",\"caption\":\"Camille Esteve\"},\"url\":\"https:\\\/\\\/www.monaco-tribune.com\\\/it\\\/author\\\/camilleesteve\\\/\"}]}<\/script>\n<!-- \/ Yoast SEO Premium plugin. -->","yoast_head_json":{"title":"Due chiacchiere con Laura e J\u00e9r\u00f4me Tisserand, i due nuovi ballerini del Balletto di Monte-Carlo","description":"La coppia di ballerini si \u00e8 unita alla compagnia di danza lo scorso agosto. Sale grandi, specchi immensi di fronte la sbarra e scarpette sistemate con","robots":{"index":"index","follow":"follow","max-snippet":"max-snippet:-1","max-image-preview":"max-image-preview:large","max-video-preview":"max-video-preview:-1"},"canonical":"https:\/\/www.monaco-tribune.com\/it\/2021\/09\/due-chiacchere-con-laura-e-jerome-tisserand-i-due-nuovi-ballerini-del-balletto-di-monte-carlo\/","og_locale":"it_IT","og_type":"article","og_title":"Due chiacchiere con Laura e J\u00e9r\u00f4me Tisserand, i due nuovi ballerini del Balletto di Monte-Carlo - Monaco Tribune","og_description":"La coppia di ballerini si \u00e8 unita alla compagnia di danza lo scorso agosto. Sale grandi, specchi immensi di fronte la sbarra e scarpette sistemate con","og_url":"https:\/\/www.monaco-tribune.com\/it\/2021\/09\/due-chiacchere-con-laura-e-jerome-tisserand-i-due-nuovi-ballerini-del-balletto-di-monte-carlo\/","og_site_name":"Monaco Tribune","article_publisher":"https:\/\/www.facebook.com\/MonacoTribune","article_published_time":"2021-09-23T11:07:02+00:00","article_modified_time":"2021-09-23T11:15:45+00:00","og_image":[{"width":1204,"height":803,"url":"https:\/\/www.monaco-tribune.com\/wp-content\/uploads\/2021\/09\/je\u0301ro\u0302me-et-laura-tisserand-ph-min.jpg","type":"image\/jpeg"}],"author":"Camille Esteve","twitter_card":"summary_large_image","twitter_creator":"@MonacoTribune","twitter_site":"@MonacoTribune","schema":{"@context":"https:\/\/schema.org","@graph":[{"@type":"NewsArticle","@id":"https:\/\/www.monaco-tribune.com\/it\/2021\/09\/due-chiacchere-con-laura-e-jerome-tisserand-i-due-nuovi-ballerini-del-balletto-di-monte-carlo\/#article","isPartOf":{"@id":"https:\/\/www.monaco-tribune.com\/it\/2021\/09\/due-chiacchere-con-laura-e-jerome-tisserand-i-due-nuovi-ballerini-del-balletto-di-monte-carlo\/"},"author":{"name":"Camille Esteve","@id":"https:\/\/www.monaco-tribune.com\/it\/#\/schema\/person\/a855d420fff4d03637641d60b93ac62e"},"headline":"Due chiacchiere con Laura e J\u00e9r\u00f4me Tisserand, i due nuovi ballerini del Balletto di Monte-Carlo","datePublished":"2021-09-23T11:07:02+00:00","dateModified":"2021-09-23T11:15:45+00:00","mainEntityOfPage":{"@id":"https:\/\/www.monaco-tribune.com\/it\/2021\/09\/due-chiacchere-con-laura-e-jerome-tisserand-i-due-nuovi-ballerini-del-balletto-di-monte-carlo\/"},"wordCount":769,"publisher":{"@id":"https:\/\/www.monaco-tribune.com\/it\/#organization"},"image":{"@id":"https:\/\/www.monaco-tribune.com\/it\/2021\/09\/due-chiacchere-con-laura-e-jerome-tisserand-i-due-nuovi-ballerini-del-balletto-di-monte-carlo\/#primaryimage"},"thumbnailUrl":"https:\/\/www.monaco-tribune.com\/wp-content\/uploads\/2021\/09\/je\u0301ro\u0302me-et-laura-tisserand-ph-min.jpg","articleSection":["Cosa fare","La nostra scelta"],"inLanguage":"it-IT","copyrightYear":"2021","copyrightHolder":{"@id":"https:\/\/www.monaco-tribune.com\/#organization"}},{"@type":"WebPage","@id":"https:\/\/www.monaco-tribune.com\/it\/2021\/09\/due-chiacchere-con-laura-e-jerome-tisserand-i-due-nuovi-ballerini-del-balletto-di-monte-carlo\/","url":"https:\/\/www.monaco-tribune.com\/it\/2021\/09\/due-chiacchere-con-laura-e-jerome-tisserand-i-due-nuovi-ballerini-del-balletto-di-monte-carlo\/","name":"Due chiacchiere con Laura e J\u00e9r\u00f4me Tisserand, i due nuovi ballerini del Balletto di Monte-Carlo","isPartOf":{"@id":"https:\/\/www.monaco-tribune.com\/it\/#website"},"primaryImageOfPage":{"@id":"https:\/\/www.monaco-tribune.com\/it\/2021\/09\/due-chiacchere-con-laura-e-jerome-tisserand-i-due-nuovi-ballerini-del-balletto-di-monte-carlo\/#primaryimage"},"image":{"@id":"https:\/\/www.monaco-tribune.com\/it\/2021\/09\/due-chiacchere-con-laura-e-jerome-tisserand-i-due-nuovi-ballerini-del-balletto-di-monte-carlo\/#primaryimage"},"thumbnailUrl":"https:\/\/www.monaco-tribune.com\/wp-content\/uploads\/2021\/09\/je\u0301ro\u0302me-et-laura-tisserand-ph-min.jpg","datePublished":"2021-09-23T11:07:02+00:00","dateModified":"2021-09-23T11:15:45+00:00","description":"La coppia di ballerini si \u00e8 unita alla compagnia di danza lo scorso agosto. Sale grandi, specchi immensi di fronte la sbarra e scarpette sistemate con","breadcrumb":{"@id":"https:\/\/www.monaco-tribune.com\/it\/2021\/09\/due-chiacchere-con-laura-e-jerome-tisserand-i-due-nuovi-ballerini-del-balletto-di-monte-carlo\/#breadcrumb"},"inLanguage":"it-IT","potentialAction":[{"@type":"ReadAction","target":["https:\/\/www.monaco-tribune.com\/it\/2021\/09\/due-chiacchere-con-laura-e-jerome-tisserand-i-due-nuovi-ballerini-del-balletto-di-monte-carlo\/"]}]},{"@type":"ImageObject","inLanguage":"it-IT","@id":"https:\/\/www.monaco-tribune.com\/it\/2021\/09\/due-chiacchere-con-laura-e-jerome-tisserand-i-due-nuovi-ballerini-del-balletto-di-monte-carlo\/#primaryimage","url":"https:\/\/www.monaco-tribune.com\/wp-content\/uploads\/2021\/09\/je\u0301ro\u0302me-et-laura-tisserand-ph-min.jpg","contentUrl":"https:\/\/www.monaco-tribune.com\/wp-content\/uploads\/2021\/09\/je\u0301ro\u0302me-et-laura-tisserand-ph-min.jpg","width":1204,"height":803,"caption":"Alice Blangero"},{"@type":"BreadcrumbList","@id":"https:\/\/www.monaco-tribune.com\/it\/2021\/09\/due-chiacchere-con-laura-e-jerome-tisserand-i-due-nuovi-ballerini-del-balletto-di-monte-carlo\/#breadcrumb","itemListElement":[{"@type":"ListItem","position":1,"name":"Accueil","item":"https:\/\/www.monaco-tribune.com\/it\/"},{"@type":"ListItem","position":2,"name":"Due chiacchiere con Laura e J\u00e9r\u00f4me Tisserand, i due nuovi ballerini del Balletto di Monte-Carlo"}]},{"@type":"WebSite","@id":"https:\/\/www.monaco-tribune.com\/it\/#website","url":"https:\/\/www.monaco-tribune.com\/it\/","name":"Monaco Tribune","description":"Monaco : actualit\u00e9s \u00e9conomiques, politiques, culturelles et sportives de Monaco et de la French Riviera.","publisher":{"@id":"https:\/\/www.monaco-tribune.com\/it\/#organization"},"potentialAction":[{"@type":"SearchAction","target":{"@type":"EntryPoint","urlTemplate":"https:\/\/www.monaco-tribune.com\/it\/?s={search_term_string}"},"query-input":{"@type":"PropertyValueSpecification","valueRequired":true,"valueName":"search_term_string"}}],"inLanguage":"it-IT"},{"@type":"Organization","@id":"https:\/\/www.monaco-tribune.com\/it\/#organization","name":"Monaco Tribune","url":"https:\/\/www.monaco-tribune.com\/it\/","logo":{"@type":"ImageObject","inLanguage":"it-IT","@id":"https:\/\/www.monaco-tribune.com\/it\/#\/schema\/logo\/image\/","url":"https:\/\/www.monaco-tribune.com\/wp-content\/uploads\/2022\/11\/logo-monaco-tribune.png","contentUrl":"https:\/\/www.monaco-tribune.com\/wp-content\/uploads\/2022\/11\/logo-monaco-tribune.png","width":1548,"height":600,"caption":"Monaco Tribune"},"image":{"@id":"https:\/\/www.monaco-tribune.com\/it\/#\/schema\/logo\/image\/"},"sameAs":["https:\/\/www.facebook.com\/MonacoTribune","https:\/\/x.com\/MonacoTribune","https:\/\/www.instagram.com\/monacotribune\/","https:\/\/www.linkedin.com\/company\/monaco-tribune","https:\/\/www.youtube.com\/channel\/UCHle1MnG6hw1y4lWKijVbMA"]},{"@type":"Person","@id":"https:\/\/www.monaco-tribune.com\/it\/#\/schema\/person\/a855d420fff4d03637641d60b93ac62e","name":"Camille Esteve","image":{"@type":"ImageObject","inLanguage":"it-IT","@id":"https:\/\/secure.gravatar.com\/avatar\/eaaa2355a7bb56c0018a391c20a55bf9b4690e3f493231dd850e612bfa6ce161?s=96&d=mm&r=g","url":"https:\/\/secure.gravatar.com\/avatar\/eaaa2355a7bb56c0018a391c20a55bf9b4690e3f493231dd850e612bfa6ce161?s=96&d=mm&r=g","contentUrl":"https:\/\/secure.gravatar.com\/avatar\/eaaa2355a7bb56c0018a391c20a55bf9b4690e3f493231dd850e612bfa6ce161?s=96&d=mm&r=g","caption":"Camille Esteve"},"url":"https:\/\/www.monaco-tribune.com\/it\/author\/camilleesteve\/"}]}},"_links":{"self":[{"href":"https:\/\/www.monaco-tribune.com\/it\/wp-json\/wp\/v2\/posts\/94289","targetHints":{"allow":["GET"]}}],"collection":[{"href":"https:\/\/www.monaco-tribune.com\/it\/wp-json\/wp\/v2\/posts"}],"about":[{"href":"https:\/\/www.monaco-tribune.com\/it\/wp-json\/wp\/v2\/types\/post"}],"author":[{"embeddable":true,"href":"https:\/\/www.monaco-tribune.com\/it\/wp-json\/wp\/v2\/users\/60"}],"replies":[{"embeddable":true,"href":"https:\/\/www.monaco-tribune.com\/it\/wp-json\/wp\/v2\/comments?post=94289"}],"version-history":[{"count":0,"href":"https:\/\/www.monaco-tribune.com\/it\/wp-json\/wp\/v2\/posts\/94289\/revisions"}],"wp:featuredmedia":[{"embeddable":true,"href":"https:\/\/www.monaco-tribune.com\/it\/wp-json\/wp\/v2\/media\/94273"}],"wp:attachment":[{"href":"https:\/\/www.monaco-tribune.com\/it\/wp-json\/wp\/v2\/media?parent=94289"}],"wp:term":[{"taxonomy":"category","embeddable":true,"href":"https:\/\/www.monaco-tribune.com\/it\/wp-json\/wp\/v2\/categories?post=94289"},{"taxonomy":"post_tag","embeddable":true,"href":"https:\/\/www.monaco-tribune.com\/it\/wp-json\/wp\/v2\/tags?post=94289"},{"taxonomy":"sectag","embeddable":true,"href":"https:\/\/www.monaco-tribune.com\/it\/wp-json\/wp\/v2\/post_sectags?post=94289"},{"taxonomy":"format","embeddable":true,"href":"https:\/\/www.monaco-tribune.com\/it\/wp-json\/wp\/v2\/post_format?post=94289"}],"curies":[{"name":"wp","href":"https:\/\/api.w.org\/{rel}","templated":true}]}}