{"id":94381,"date":"2021-09-23T19:26:53","date_gmt":"2021-09-23T17:26:53","guid":{"rendered":"https:\/\/www.monaco-tribune.com\/2021\/09\/as-monaco-vs-st-etienne-i-momenti-salienti-dellincontro\/"},"modified":"2021-09-23T19:27:18","modified_gmt":"2021-09-23T17:27:18","slug":"as-monaco-vs-st-etienne-i-momenti-salienti-dellincontro","status":"publish","type":"post","link":"https:\/\/www.monaco-tribune.com\/it\/2021\/09\/as-monaco-vs-st-etienne-i-momenti-salienti-dellincontro\/","title":{"rendered":"AS Monaco VS St Etienne: i momenti salienti dell&#8217;incontro"},"content":{"rendered":"\n<p><strong>Mercoled\u00ec sera, nella settima giornata di Ligue 1, l&#8217;AS Monaco ha vinto 3-1 contro il St Etienne sul campo del Louis II.<\/strong><\/p>\n\n<h2 class=\"wp-block-heading\">Il punteggio: 3-1<\/h2>\n\n<p>Dopo una sconfitta contro il Marsiglia (0-2) e un pareggio sul campo dell&#8217;OGC Nice (2-2), l&#8217;AS Monaco ha riassaporato il gusto della vittoria in campionato trionfando sull&#8217;AS St Etienne (3-1). Alla fine dell&#8217;incontro, segnato dall&#8217;espulsione di Etienne Green (vedi sotto), gli uomini di Niko Kovac hanno messo il turbo per sottrarre la vittoria ai Verdi, una squadra che ha commesso troppi errori.<\/p>\n\n<p><strong>&gt;&gt; LEGGI ANCHE: <\/strong><a href=\"https:\/\/www.monaco-tribune.com\/it\/2021\/09\/ligue-1-il-derby-della-costa-azzurra-tra-las-monaco-e-logc-nice-termina-in-pareggio\/\">Ligue 1: il derby della Costa Azzurra tra l\u2019AS Monaco e l\u2019OGC Nice termina in pareggio<\/a><\/p>\n\n<p>Eppure, nonostante fossero in dieci, gli avversari hanno avuto diverse occasioni per segnare, prendendo il palo per ben tre volte. \u00c8 Kevin Volland, per\u00f2, ad aprire il punteggio (1-0, 27&#8242;). In superiorit\u00e0 numerica, i monegaschi hanno lasciato pareggiare il St Etienne con un goal di Denis Bouanga (1-1, 41&#8242;). Ma grazie a una doppietta di Wissam Ben Yedder (61&#8242;, 86&#8242;), l&#8217;AS Monaco \u00e8 riuscito ad assicurarsi la sua seconda vittoria in Ligue 1.<\/p>\n\n<h2 class=\"wp-block-heading\" id=\"h-le-fait-de-jeu-saint-etienne-r-duit-dix\">Il St Etienne gioca in dieci<\/h2>\n\n<p>Dominanti nei primi trenta minuti e storditi dopo il primo goal di Kevin Volland, gli avversari si sono ritrovati in dieci dopo un intervento illecito di \u00c9tienne Green all&#8217;esterno dell&#8217;area (33&#8242;). Cercando di coprire la difesa su un tiro in profondit\u00e0 di Sofiane Diop per Myron Boadu, il portiere dei Verdi ha colpito l&#8217;attaccante olandese che puntava alla porta. Un cartellino rosso meritato, che ha permesso agli uomini di Kovac di giocare in superiorit\u00e0 numerica per quasi un&#8217;ora.<\/p>\n\n<h2 class=\"wp-block-heading\">Il ritorno del duo Volland-Ben Yedder!<\/h2>\n\n<p>Silenzioso dall&#8217;inizio della stagione, il giocatore tedesco ha segnato il suo primo goal della stagione in Ligue 1 aprendo il punteggio con un tiro in area di rigore che non ha lasciato scampoad \u00c9tienne Green (1-0, 27&#8242;). Attivo in attacco, Kevin Volland si \u00e8 dato da fare per orientare il gioco, alleggerendo anche la difesa. Abbiamo ritrovato (alla fine) il Volland della scorsa stagione!<\/p>\n\n<p><strong>&gt;&gt; LEGGI ANCHE:<\/strong> <a href=\"https:\/\/www.monaco-tribune.com\/it\/2021\/09\/europa-league-las-monaco-esordisce-con-la-prima-vittoria\/\">Europa League: l\u2019AS Monaco esordisce con la prima vittoria<\/a><\/p>\n\n<p>Entrato in campo al posto di Myron Boadu (60&#8242;), il calciatore francese ha segnato fin da subito con un calcio di punizione ottenuto dall&#8217;attaccante olandese (2-1, 61&#8242;). Alla fine della partita, Wissam Ben Yedder ha portato a casa una doppietta su assist di Kevin Volland (3-1, 83&#8242;). Autori di 36 goal a due la scorsa stagione, Volland e Ben Yedder, soprannominati &#8220;Yederland&#8221;, potrebbero aver dato il via alla loro stagione e a quella dell&#8217;AS Monaco.<\/p>\n\n<h2 class=\"wp-block-heading\">3<\/h2>\n\n<p>Come il numero di pali della porta di Alexander N\u00fcbel colpiti dalla squadra avversaria. Denis Bouanga (11&#8242;, 56&#8242;), per due volte, e Whabi Khazri (11&#8242;) non hanno avuto fortuna. Anche Youssouf Fofana \u00e8 incappato nella traversa di \u00c9tienne Green (31&#8242;).<\/p>\n\n<h2 class=\"wp-block-heading\">&#8220;Ho avuto la fortuna di entrare e segnare la punizione&#8221;<\/h2>\n\n<p>&#8220;Ho avuto la fortuna di entrare e segnare la punizione&#8221;, ha dichiarato Wissam Ben Yedder alla fine dell&#8217;incontro. &#8220;L&#8217;importante era conquistare i tre punti. Sapevamo che non sarebbe stato facile, ma abbiamo lavorato bene. Quando gli avversari mancano di fiducia, non \u00e8 mai facile. Ma abbiamo fatto quello che dovevamo, in una partita complicata. Ci servir\u00e0 per il futuro&#8221;.<\/p>\n\n<h2 class=\"wp-block-heading\">Dmitri Rybolovlev e Glenn Hoddle <\/h2>\n\n<p>L&#8217;ex playmaker inglese Glann Hoddle, una vera leggenda dell&#8217;AS Monaco e campione di Francia nel 1988, era al Louis II per assistere all&#8217;incontro. Dmitri Rybolovlev, insieme alla figlia Ekaterina Sartori Rybolovleva\u00a0e al genero Juan Sartori, ha accolto il giocatore che ha indossato la maglia bianca e rossa dal 1987 al 1991. Oleg Petrov, vicepresidente\/direttore generale dell&#8217;AS Monaco, ha poi consegnato una maglia a Glenn Hoddle e a David Trezeguet, anche lui presente per tifare i monegaschi.<\/p>\n\n<div class=\"wp-block-image\"><figure class=\"aligncenter size-large\"><img loading=\"lazy\" decoding=\"async\" width=\"1024\" height=\"574\" src=\"https:\/\/www.monaco-tribune.com\/wp-content\/uploads\/2021\/09\/dmitri_rybolovlev_-glenn_hoddle-1024x574.jpeg\" alt=\"Dmitri_Rybolovlev_ Glenn_Hoddle\" class=\"wp-image-94224\" srcset=\"https:\/\/www.monaco-tribune.com\/wp-content\/uploads\/2021\/09\/dmitri_rybolovlev_-glenn_hoddle-1024x574.jpeg 1024w, https:\/\/www.monaco-tribune.com\/wp-content\/uploads\/2021\/09\/dmitri_rybolovlev_-glenn_hoddle-535x300.jpeg 535w, https:\/\/www.monaco-tribune.com\/wp-content\/uploads\/2021\/09\/dmitri_rybolovlev_-glenn_hoddle-268x150.jpeg 268w, https:\/\/www.monaco-tribune.com\/wp-content\/uploads\/2021\/09\/dmitri_rybolovlev_-glenn_hoddle-768x430.jpeg 768w, https:\/\/www.monaco-tribune.com\/wp-content\/uploads\/2021\/09\/dmitri_rybolovlev_-glenn_hoddle-175x98.jpeg 175w, https:\/\/www.monaco-tribune.com\/wp-content\/uploads\/2021\/09\/dmitri_rybolovlev_-glenn_hoddle.jpeg 1160w\" sizes=\"auto, (max-width: 1024px) 100vw, 1024px\" \/><figcaption>Il presidente Dmitri Rybolovlev (centro) in compagnia del vicepresidente Oleg Petrov (destra) e Glenn Hoddle (sinistra) \u00a9 AS Monaco<\/figcaption><\/figure><\/div>\n","protected":false},"excerpt":{"rendered":"<p>Mercoled\u00ec sera, nella settima giornata di Ligue 1, l&#8217;AS Monaco ha vinto 3-1 contro il St Etienne sul campo del [&hellip;]<\/p>\n","protected":false},"author":24,"featured_media":94219,"comment_status":"closed","ping_status":"closed","sticky":false,"template":"","format":"standard","meta":{"_acf_changed":false,"footnotes":""},"categories":[1826,1738,1743],"tags":[2846],"post_sectags":[],"post_format":[2486],"class_list":["post-94381","post","type-post","status-publish","format-standard","has-post-thumbnail","hentry","category-la-nostra-scelta","category-notizie","category-sport-it","tag-as-monaco-it-2","format-servizio"],"acf":[],"yoast_head":"<!-- This site is optimized with the Yoast SEO Premium plugin v26.8 (Yoast SEO v27.4) - https:\/\/yoast.com\/product\/yoast-seo-premium-wordpress\/ -->\n<title>AS Monaco VS St Etienne: i momenti salienti dell&#039;incontro<\/title>\n<meta name=\"description\" content=\"Mercoled\u00ec sera, nella settima giornata di Ligue 1, l&#039;AS Monaco ha vinto 3-1 contro il St Etienne sul campo del Louis II. Il punteggio: 3-1 Dopo una\" \/>\n<meta name=\"robots\" content=\"index, follow, max-snippet:-1, max-image-preview:large, max-video-preview:-1\" \/>\n<link rel=\"canonical\" href=\"https:\/\/www.monaco-tribune.com\/it\/2021\/09\/as-monaco-vs-st-etienne-i-momenti-salienti-dellincontro\/\" \/>\n<meta property=\"og:locale\" content=\"it_IT\" \/>\n<meta property=\"og:type\" content=\"article\" \/>\n<meta property=\"og:title\" content=\"AS Monaco VS St Etienne: i momenti salienti dell&#039;incontro - Monaco Tribune\" \/>\n<meta property=\"og:description\" content=\"Mercoled\u00ec sera, nella settima giornata di Ligue 1, l&#039;AS Monaco ha vinto 3-1 contro il St Etienne sul campo del Louis II. Il punteggio: 3-1 Dopo una\" \/>\n<meta property=\"og:url\" content=\"https:\/\/www.monaco-tribune.com\/it\/2021\/09\/as-monaco-vs-st-etienne-i-momenti-salienti-dellincontro\/\" \/>\n<meta property=\"og:site_name\" content=\"Monaco Tribune\" \/>\n<meta property=\"article:publisher\" content=\"https:\/\/www.facebook.com\/MonacoTribune\" \/>\n<meta property=\"article:published_time\" content=\"2021-09-23T17:26:53+00:00\" \/>\n<meta property=\"article:modified_time\" content=\"2021-09-23T17:27:18+00:00\" \/>\n<meta property=\"og:image\" content=\"https:\/\/www.monaco-tribune.com\/wp-content\/uploads\/2021\/09\/as-monaco-asse.jpeg\" \/>\n\t<meta property=\"og:image:width\" content=\"1600\" \/>\n\t<meta property=\"og:image:height\" content=\"1008\" \/>\n\t<meta property=\"og:image:type\" content=\"image\/jpeg\" \/>\n<meta name=\"author\" content=\"Romain Boisaubert\" \/>\n<meta name=\"twitter:card\" content=\"summary_large_image\" \/>\n<meta name=\"twitter:creator\" content=\"@MonacoTribune\" \/>\n<meta name=\"twitter:site\" content=\"@MonacoTribune\" \/>\n<script type=\"application\/ld+json\" class=\"yoast-schema-graph\">{\"@context\":\"https:\\\/\\\/schema.org\",\"@graph\":[{\"@type\":\"NewsArticle\",\"@id\":\"https:\\\/\\\/www.monaco-tribune.com\\\/it\\\/2021\\\/09\\\/as-monaco-vs-st-etienne-i-momenti-salienti-dellincontro\\\/#article\",\"isPartOf\":{\"@id\":\"https:\\\/\\\/www.monaco-tribune.com\\\/it\\\/2021\\\/09\\\/as-monaco-vs-st-etienne-i-momenti-salienti-dellincontro\\\/\"},\"author\":{\"name\":\"Romain Boisaubert\",\"@id\":\"https:\\\/\\\/www.monaco-tribune.com\\\/it\\\/#\\\/schema\\\/person\\\/330a3732947cf8cb41b2533a0eadd62e\"},\"headline\":\"AS Monaco VS St Etienne: i momenti salienti dell&#8217;incontro\",\"datePublished\":\"2021-09-23T17:26:53+00:00\",\"dateModified\":\"2021-09-23T17:27:18+00:00\",\"mainEntityOfPage\":{\"@id\":\"https:\\\/\\\/www.monaco-tribune.com\\\/it\\\/2021\\\/09\\\/as-monaco-vs-st-etienne-i-momenti-salienti-dellincontro\\\/\"},\"wordCount\":640,\"publisher\":{\"@id\":\"https:\\\/\\\/www.monaco-tribune.com\\\/it\\\/#organization\"},\"image\":{\"@id\":\"https:\\\/\\\/www.monaco-tribune.com\\\/it\\\/2021\\\/09\\\/as-monaco-vs-st-etienne-i-momenti-salienti-dellincontro\\\/#primaryimage\"},\"thumbnailUrl\":\"https:\\\/\\\/www.monaco-tribune.com\\\/wp-content\\\/uploads\\\/2021\\\/09\\\/as-monaco-asse.jpeg\",\"keywords\":[\"AS Monaco\"],\"articleSection\":[\"La nostra scelta\",\"Notizie\",\"Sport\"],\"inLanguage\":\"it-IT\",\"copyrightYear\":\"2021\",\"copyrightHolder\":{\"@id\":\"https:\\\/\\\/www.monaco-tribune.com\\\/#organization\"}},{\"@type\":\"WebPage\",\"@id\":\"https:\\\/\\\/www.monaco-tribune.com\\\/it\\\/2021\\\/09\\\/as-monaco-vs-st-etienne-i-momenti-salienti-dellincontro\\\/\",\"url\":\"https:\\\/\\\/www.monaco-tribune.com\\\/it\\\/2021\\\/09\\\/as-monaco-vs-st-etienne-i-momenti-salienti-dellincontro\\\/\",\"name\":\"AS Monaco VS St Etienne: i momenti salienti dell'incontro\",\"isPartOf\":{\"@id\":\"https:\\\/\\\/www.monaco-tribune.com\\\/it\\\/#website\"},\"primaryImageOfPage\":{\"@id\":\"https:\\\/\\\/www.monaco-tribune.com\\\/it\\\/2021\\\/09\\\/as-monaco-vs-st-etienne-i-momenti-salienti-dellincontro\\\/#primaryimage\"},\"image\":{\"@id\":\"https:\\\/\\\/www.monaco-tribune.com\\\/it\\\/2021\\\/09\\\/as-monaco-vs-st-etienne-i-momenti-salienti-dellincontro\\\/#primaryimage\"},\"thumbnailUrl\":\"https:\\\/\\\/www.monaco-tribune.com\\\/wp-content\\\/uploads\\\/2021\\\/09\\\/as-monaco-asse.jpeg\",\"datePublished\":\"2021-09-23T17:26:53+00:00\",\"dateModified\":\"2021-09-23T17:27:18+00:00\",\"description\":\"Mercoled\u00ec sera, nella settima giornata di Ligue 1, l'AS Monaco ha vinto 3-1 contro il St Etienne sul campo del Louis II. Il punteggio: 3-1 Dopo una\",\"breadcrumb\":{\"@id\":\"https:\\\/\\\/www.monaco-tribune.com\\\/it\\\/2021\\\/09\\\/as-monaco-vs-st-etienne-i-momenti-salienti-dellincontro\\\/#breadcrumb\"},\"inLanguage\":\"it-IT\",\"potentialAction\":[{\"@type\":\"ReadAction\",\"target\":[\"https:\\\/\\\/www.monaco-tribune.com\\\/it\\\/2021\\\/09\\\/as-monaco-vs-st-etienne-i-momenti-salienti-dellincontro\\\/\"]}]},{\"@type\":\"ImageObject\",\"inLanguage\":\"it-IT\",\"@id\":\"https:\\\/\\\/www.monaco-tribune.com\\\/it\\\/2021\\\/09\\\/as-monaco-vs-st-etienne-i-momenti-salienti-dellincontro\\\/#primaryimage\",\"url\":\"https:\\\/\\\/www.monaco-tribune.com\\\/wp-content\\\/uploads\\\/2021\\\/09\\\/as-monaco-asse.jpeg\",\"contentUrl\":\"https:\\\/\\\/www.monaco-tribune.com\\\/wp-content\\\/uploads\\\/2021\\\/09\\\/as-monaco-asse.jpeg\",\"width\":1600,\"height\":1008,\"caption\":\"AS Monaco\"},{\"@type\":\"BreadcrumbList\",\"@id\":\"https:\\\/\\\/www.monaco-tribune.com\\\/it\\\/2021\\\/09\\\/as-monaco-vs-st-etienne-i-momenti-salienti-dellincontro\\\/#breadcrumb\",\"itemListElement\":[{\"@type\":\"ListItem\",\"position\":1,\"name\":\"Accueil\",\"item\":\"https:\\\/\\\/www.monaco-tribune.com\\\/it\\\/\"},{\"@type\":\"ListItem\",\"position\":2,\"name\":\"AS Monaco VS St Etienne: i momenti salienti dell&rsquo;incontro\"}]},{\"@type\":\"WebSite\",\"@id\":\"https:\\\/\\\/www.monaco-tribune.com\\\/it\\\/#website\",\"url\":\"https:\\\/\\\/www.monaco-tribune.com\\\/it\\\/\",\"name\":\"Monaco Tribune\",\"description\":\"Monaco : actualit\u00e9s \u00e9conomiques, politiques, culturelles et sportives de Monaco et de la French Riviera.\",\"publisher\":{\"@id\":\"https:\\\/\\\/www.monaco-tribune.com\\\/it\\\/#organization\"},\"potentialAction\":[{\"@type\":\"SearchAction\",\"target\":{\"@type\":\"EntryPoint\",\"urlTemplate\":\"https:\\\/\\\/www.monaco-tribune.com\\\/it\\\/?s={search_term_string}\"},\"query-input\":{\"@type\":\"PropertyValueSpecification\",\"valueRequired\":true,\"valueName\":\"search_term_string\"}}],\"inLanguage\":\"it-IT\"},{\"@type\":\"Organization\",\"@id\":\"https:\\\/\\\/www.monaco-tribune.com\\\/it\\\/#organization\",\"name\":\"Monaco Tribune\",\"url\":\"https:\\\/\\\/www.monaco-tribune.com\\\/it\\\/\",\"logo\":{\"@type\":\"ImageObject\",\"inLanguage\":\"it-IT\",\"@id\":\"https:\\\/\\\/www.monaco-tribune.com\\\/it\\\/#\\\/schema\\\/logo\\\/image\\\/\",\"url\":\"https:\\\/\\\/www.monaco-tribune.com\\\/wp-content\\\/uploads\\\/2022\\\/11\\\/logo-monaco-tribune.png\",\"contentUrl\":\"https:\\\/\\\/www.monaco-tribune.com\\\/wp-content\\\/uploads\\\/2022\\\/11\\\/logo-monaco-tribune.png\",\"width\":1548,\"height\":600,\"caption\":\"Monaco Tribune\"},\"image\":{\"@id\":\"https:\\\/\\\/www.monaco-tribune.com\\\/it\\\/#\\\/schema\\\/logo\\\/image\\\/\"},\"sameAs\":[\"https:\\\/\\\/www.facebook.com\\\/MonacoTribune\",\"https:\\\/\\\/x.com\\\/MonacoTribune\",\"https:\\\/\\\/www.instagram.com\\\/monacotribune\\\/\",\"https:\\\/\\\/www.linkedin.com\\\/company\\\/monaco-tribune\",\"https:\\\/\\\/www.youtube.com\\\/channel\\\/UCHle1MnG6hw1y4lWKijVbMA\"]},{\"@type\":\"Person\",\"@id\":\"https:\\\/\\\/www.monaco-tribune.com\\\/it\\\/#\\\/schema\\\/person\\\/330a3732947cf8cb41b2533a0eadd62e\",\"name\":\"Romain Boisaubert\",\"image\":{\"@type\":\"ImageObject\",\"inLanguage\":\"it-IT\",\"@id\":\"https:\\\/\\\/secure.gravatar.com\\\/avatar\\\/f8b90d41f1eabd1cbe4cf59e09d8db41a697d51919bf2dfe727589a24a4a4d54?s=96&d=mm&r=g\",\"url\":\"https:\\\/\\\/secure.gravatar.com\\\/avatar\\\/f8b90d41f1eabd1cbe4cf59e09d8db41a697d51919bf2dfe727589a24a4a4d54?s=96&d=mm&r=g\",\"contentUrl\":\"https:\\\/\\\/secure.gravatar.com\\\/avatar\\\/f8b90d41f1eabd1cbe4cf59e09d8db41a697d51919bf2dfe727589a24a4a4d54?s=96&d=mm&r=g\",\"caption\":\"Romain Boisaubert\"},\"description\":\"Test bio\",\"url\":\"https:\\\/\\\/www.monaco-tribune.com\\\/it\\\/author\\\/romain-boisaubert\\\/\"}]}<\/script>\n<!-- \/ Yoast SEO Premium plugin. -->","yoast_head_json":{"title":"AS Monaco VS St Etienne: i momenti salienti dell'incontro","description":"Mercoled\u00ec sera, nella settima giornata di Ligue 1, l'AS Monaco ha vinto 3-1 contro il St Etienne sul campo del Louis II. Il punteggio: 3-1 Dopo una","robots":{"index":"index","follow":"follow","max-snippet":"max-snippet:-1","max-image-preview":"max-image-preview:large","max-video-preview":"max-video-preview:-1"},"canonical":"https:\/\/www.monaco-tribune.com\/it\/2021\/09\/as-monaco-vs-st-etienne-i-momenti-salienti-dellincontro\/","og_locale":"it_IT","og_type":"article","og_title":"AS Monaco VS St Etienne: i momenti salienti dell'incontro - Monaco Tribune","og_description":"Mercoled\u00ec sera, nella settima giornata di Ligue 1, l'AS Monaco ha vinto 3-1 contro il St Etienne sul campo del Louis II. Il punteggio: 3-1 Dopo una","og_url":"https:\/\/www.monaco-tribune.com\/it\/2021\/09\/as-monaco-vs-st-etienne-i-momenti-salienti-dellincontro\/","og_site_name":"Monaco Tribune","article_publisher":"https:\/\/www.facebook.com\/MonacoTribune","article_published_time":"2021-09-23T17:26:53+00:00","article_modified_time":"2021-09-23T17:27:18+00:00","og_image":[{"width":1600,"height":1008,"url":"https:\/\/www.monaco-tribune.com\/wp-content\/uploads\/2021\/09\/as-monaco-asse.jpeg","type":"image\/jpeg"}],"author":"Romain Boisaubert","twitter_card":"summary_large_image","twitter_creator":"@MonacoTribune","twitter_site":"@MonacoTribune","schema":{"@context":"https:\/\/schema.org","@graph":[{"@type":"NewsArticle","@id":"https:\/\/www.monaco-tribune.com\/it\/2021\/09\/as-monaco-vs-st-etienne-i-momenti-salienti-dellincontro\/#article","isPartOf":{"@id":"https:\/\/www.monaco-tribune.com\/it\/2021\/09\/as-monaco-vs-st-etienne-i-momenti-salienti-dellincontro\/"},"author":{"name":"Romain Boisaubert","@id":"https:\/\/www.monaco-tribune.com\/it\/#\/schema\/person\/330a3732947cf8cb41b2533a0eadd62e"},"headline":"AS Monaco VS St Etienne: i momenti salienti dell&#8217;incontro","datePublished":"2021-09-23T17:26:53+00:00","dateModified":"2021-09-23T17:27:18+00:00","mainEntityOfPage":{"@id":"https:\/\/www.monaco-tribune.com\/it\/2021\/09\/as-monaco-vs-st-etienne-i-momenti-salienti-dellincontro\/"},"wordCount":640,"publisher":{"@id":"https:\/\/www.monaco-tribune.com\/it\/#organization"},"image":{"@id":"https:\/\/www.monaco-tribune.com\/it\/2021\/09\/as-monaco-vs-st-etienne-i-momenti-salienti-dellincontro\/#primaryimage"},"thumbnailUrl":"https:\/\/www.monaco-tribune.com\/wp-content\/uploads\/2021\/09\/as-monaco-asse.jpeg","keywords":["AS Monaco"],"articleSection":["La nostra scelta","Notizie","Sport"],"inLanguage":"it-IT","copyrightYear":"2021","copyrightHolder":{"@id":"https:\/\/www.monaco-tribune.com\/#organization"}},{"@type":"WebPage","@id":"https:\/\/www.monaco-tribune.com\/it\/2021\/09\/as-monaco-vs-st-etienne-i-momenti-salienti-dellincontro\/","url":"https:\/\/www.monaco-tribune.com\/it\/2021\/09\/as-monaco-vs-st-etienne-i-momenti-salienti-dellincontro\/","name":"AS Monaco VS St Etienne: i momenti salienti dell'incontro","isPartOf":{"@id":"https:\/\/www.monaco-tribune.com\/it\/#website"},"primaryImageOfPage":{"@id":"https:\/\/www.monaco-tribune.com\/it\/2021\/09\/as-monaco-vs-st-etienne-i-momenti-salienti-dellincontro\/#primaryimage"},"image":{"@id":"https:\/\/www.monaco-tribune.com\/it\/2021\/09\/as-monaco-vs-st-etienne-i-momenti-salienti-dellincontro\/#primaryimage"},"thumbnailUrl":"https:\/\/www.monaco-tribune.com\/wp-content\/uploads\/2021\/09\/as-monaco-asse.jpeg","datePublished":"2021-09-23T17:26:53+00:00","dateModified":"2021-09-23T17:27:18+00:00","description":"Mercoled\u00ec sera, nella settima giornata di Ligue 1, l'AS Monaco ha vinto 3-1 contro il St Etienne sul campo del Louis II. Il punteggio: 3-1 Dopo una","breadcrumb":{"@id":"https:\/\/www.monaco-tribune.com\/it\/2021\/09\/as-monaco-vs-st-etienne-i-momenti-salienti-dellincontro\/#breadcrumb"},"inLanguage":"it-IT","potentialAction":[{"@type":"ReadAction","target":["https:\/\/www.monaco-tribune.com\/it\/2021\/09\/as-monaco-vs-st-etienne-i-momenti-salienti-dellincontro\/"]}]},{"@type":"ImageObject","inLanguage":"it-IT","@id":"https:\/\/www.monaco-tribune.com\/it\/2021\/09\/as-monaco-vs-st-etienne-i-momenti-salienti-dellincontro\/#primaryimage","url":"https:\/\/www.monaco-tribune.com\/wp-content\/uploads\/2021\/09\/as-monaco-asse.jpeg","contentUrl":"https:\/\/www.monaco-tribune.com\/wp-content\/uploads\/2021\/09\/as-monaco-asse.jpeg","width":1600,"height":1008,"caption":"AS Monaco"},{"@type":"BreadcrumbList","@id":"https:\/\/www.monaco-tribune.com\/it\/2021\/09\/as-monaco-vs-st-etienne-i-momenti-salienti-dellincontro\/#breadcrumb","itemListElement":[{"@type":"ListItem","position":1,"name":"Accueil","item":"https:\/\/www.monaco-tribune.com\/it\/"},{"@type":"ListItem","position":2,"name":"AS Monaco VS St Etienne: i momenti salienti dell&rsquo;incontro"}]},{"@type":"WebSite","@id":"https:\/\/www.monaco-tribune.com\/it\/#website","url":"https:\/\/www.monaco-tribune.com\/it\/","name":"Monaco Tribune","description":"Monaco : actualit\u00e9s \u00e9conomiques, politiques, culturelles et sportives de Monaco et de la French Riviera.","publisher":{"@id":"https:\/\/www.monaco-tribune.com\/it\/#organization"},"potentialAction":[{"@type":"SearchAction","target":{"@type":"EntryPoint","urlTemplate":"https:\/\/www.monaco-tribune.com\/it\/?s={search_term_string}"},"query-input":{"@type":"PropertyValueSpecification","valueRequired":true,"valueName":"search_term_string"}}],"inLanguage":"it-IT"},{"@type":"Organization","@id":"https:\/\/www.monaco-tribune.com\/it\/#organization","name":"Monaco Tribune","url":"https:\/\/www.monaco-tribune.com\/it\/","logo":{"@type":"ImageObject","inLanguage":"it-IT","@id":"https:\/\/www.monaco-tribune.com\/it\/#\/schema\/logo\/image\/","url":"https:\/\/www.monaco-tribune.com\/wp-content\/uploads\/2022\/11\/logo-monaco-tribune.png","contentUrl":"https:\/\/www.monaco-tribune.com\/wp-content\/uploads\/2022\/11\/logo-monaco-tribune.png","width":1548,"height":600,"caption":"Monaco Tribune"},"image":{"@id":"https:\/\/www.monaco-tribune.com\/it\/#\/schema\/logo\/image\/"},"sameAs":["https:\/\/www.facebook.com\/MonacoTribune","https:\/\/x.com\/MonacoTribune","https:\/\/www.instagram.com\/monacotribune\/","https:\/\/www.linkedin.com\/company\/monaco-tribune","https:\/\/www.youtube.com\/channel\/UCHle1MnG6hw1y4lWKijVbMA"]},{"@type":"Person","@id":"https:\/\/www.monaco-tribune.com\/it\/#\/schema\/person\/330a3732947cf8cb41b2533a0eadd62e","name":"Romain Boisaubert","image":{"@type":"ImageObject","inLanguage":"it-IT","@id":"https:\/\/secure.gravatar.com\/avatar\/f8b90d41f1eabd1cbe4cf59e09d8db41a697d51919bf2dfe727589a24a4a4d54?s=96&d=mm&r=g","url":"https:\/\/secure.gravatar.com\/avatar\/f8b90d41f1eabd1cbe4cf59e09d8db41a697d51919bf2dfe727589a24a4a4d54?s=96&d=mm&r=g","contentUrl":"https:\/\/secure.gravatar.com\/avatar\/f8b90d41f1eabd1cbe4cf59e09d8db41a697d51919bf2dfe727589a24a4a4d54?s=96&d=mm&r=g","caption":"Romain Boisaubert"},"description":"Test bio","url":"https:\/\/www.monaco-tribune.com\/it\/author\/romain-boisaubert\/"}]}},"_links":{"self":[{"href":"https:\/\/www.monaco-tribune.com\/it\/wp-json\/wp\/v2\/posts\/94381","targetHints":{"allow":["GET"]}}],"collection":[{"href":"https:\/\/www.monaco-tribune.com\/it\/wp-json\/wp\/v2\/posts"}],"about":[{"href":"https:\/\/www.monaco-tribune.com\/it\/wp-json\/wp\/v2\/types\/post"}],"author":[{"embeddable":true,"href":"https:\/\/www.monaco-tribune.com\/it\/wp-json\/wp\/v2\/users\/24"}],"replies":[{"embeddable":true,"href":"https:\/\/www.monaco-tribune.com\/it\/wp-json\/wp\/v2\/comments?post=94381"}],"version-history":[{"count":0,"href":"https:\/\/www.monaco-tribune.com\/it\/wp-json\/wp\/v2\/posts\/94381\/revisions"}],"wp:featuredmedia":[{"embeddable":true,"href":"https:\/\/www.monaco-tribune.com\/it\/wp-json\/wp\/v2\/media\/94219"}],"wp:attachment":[{"href":"https:\/\/www.monaco-tribune.com\/it\/wp-json\/wp\/v2\/media?parent=94381"}],"wp:term":[{"taxonomy":"category","embeddable":true,"href":"https:\/\/www.monaco-tribune.com\/it\/wp-json\/wp\/v2\/categories?post=94381"},{"taxonomy":"post_tag","embeddable":true,"href":"https:\/\/www.monaco-tribune.com\/it\/wp-json\/wp\/v2\/tags?post=94381"},{"taxonomy":"sectag","embeddable":true,"href":"https:\/\/www.monaco-tribune.com\/it\/wp-json\/wp\/v2\/post_sectags?post=94381"},{"taxonomy":"format","embeddable":true,"href":"https:\/\/www.monaco-tribune.com\/it\/wp-json\/wp\/v2\/post_format?post=94381"}],"curies":[{"name":"wp","href":"https:\/\/api.w.org\/{rel}","templated":true}]}}