{"id":94492,"date":"2021-09-24T17:45:28","date_gmt":"2021-09-24T15:45:28","guid":{"rendered":"https:\/\/www.monaco-tribune.com\/2021\/09\/as-monaco-basket-3-buone-ragioni-per-sperare-in-una-nuova-stagione-indimenticabile\/"},"modified":"2021-09-24T17:46:24","modified_gmt":"2021-09-24T15:46:24","slug":"as-monaco-basket-3-buone-ragioni-per-sperare-in-una-nuova-stagione-indimenticabile","status":"publish","type":"post","link":"https:\/\/www.monaco-tribune.com\/it\/2021\/09\/as-monaco-basket-3-buone-ragioni-per-sperare-in-una-nuova-stagione-indimenticabile\/","title":{"rendered":"AS Monaco Basket: 3 buone ragioni per sperare in una nuova stagione indimenticabile"},"content":{"rendered":"\n<p><strong>Questo gioved\u00ec, al Casin\u00f2 di Monte Carlo, si \u00e8 tenuta la tradizionale conferenza stampa dell&#8217;AS Monaco Basket prima dell&#8217;inizio della stagione. L&#8217;occasione per Oleksiy Yefimov, Zvezdan Mitrovic, L\u00e9o Westermann e Mike James per condividere le ambizioni del Roca Team per questo nuovo anno. Ad appena qualche mese dalla vittoria dell&#8217;AS Monaco Basket alla Eurocup, la stagione si prospetta gi\u00e0 interessante.<\/strong><\/p>\n\n\n\n<h2 class=\"wp-block-heading\" id=\"h-il-nuovo-palazzetto-gaston-m-decin-autorizzato-dall-eurolega\">Il nuovo palazzetto Gaston-M\u00e9decin autorizzato dall&#8217;Eurolega<\/h2>\n\n\n\n<p>La notizia \u00e8 arrivata questo mercoled\u00ec. Dopo interminabili settimane di esitazioni e incertezze, l&#8217;AS Monaco Basket pu\u00f2 finalmente respirare. L&#8217;Eurolega ha infatti accordato una deroga alla squadra del Principato per poter disputare gli incontri di Eurolega nel suo palazzetto Gaston-M\u00e9decin. Un sogno per Oleksiy Yefimov, direttore esecutivo del club. &#8220;Tutti gli sforzi fatti in queste stagioni avevano l&#8217;obiettivo di portare l&#8217;AS Monaco Basket ai pi\u00f9 alti livelli del basket europeo. Sono quindi davvero riconoscente a S.A.S il Principe Alberto II e al Governo per tutti gli sforzi fatti per permetterci di giocare nel nostro campo&#8221;.<\/p>\n\n\n\n<p>Con un minimo di 5.000 posti richiesti per disputare la competizione, l&#8217;AS Monaco ha rischiato di dover giocare le partite in casa nell&#8217;Azur Arena, ad Antibes. Ma grazie ai lavori realizzati quest&#8217;estate che hanno fatto salire la capienza della sala a 4.090 posti, oltre a diverse ristrutturazioni (illuminazione, parquet, sedie, tribune VIP&#8230;), i dirigenti del Roca Team hanno finalmente avuto la meglio. Una prima vittoria per l&#8217;ASM Basket, che aprir\u00e0 la stagione in casa gioved\u00ec 30 settembre, in occasione della prima giornata di Eurolega conto il Panathinaikos.<\/p>\n\n\n\n<p><strong>&gt;&gt; LEGGI ANCHE: <\/strong><a href=\"https:\/\/www.monaco-tribune.com\/it\/2021\/05\/oleksiy-yefimov-il-giovane-architetto-del-roca-team\/\">Oleksiy Yefimov, il giovane architetto del Roca Team<\/a><\/p>\n\n\n\n<div class=\"wp-block-image\"><figure class=\"aligncenter size-large\"><img loading=\"lazy\" decoding=\"async\" width=\"1024\" height=\"671\" src=\"https:\/\/www.monaco-tribune.com\/wp-content\/uploads\/2021\/09\/roca-team-monaco-info-1024x671.jpeg\" alt=\"\" class=\"wp-image-94370\" srcset=\"https:\/\/www.monaco-tribune.com\/wp-content\/uploads\/2021\/09\/roca-team-monaco-info-1024x671.jpeg 1024w, https:\/\/www.monaco-tribune.com\/wp-content\/uploads\/2021\/09\/roca-team-monaco-info-458x300.jpeg 458w, https:\/\/www.monaco-tribune.com\/wp-content\/uploads\/2021\/09\/roca-team-monaco-info-229x150.jpeg 229w, https:\/\/www.monaco-tribune.com\/wp-content\/uploads\/2021\/09\/roca-team-monaco-info-768x503.jpeg 768w, https:\/\/www.monaco-tribune.com\/wp-content\/uploads\/2021\/09\/roca-team-monaco-info-1536x1006.jpeg 1536w, https:\/\/www.monaco-tribune.com\/wp-content\/uploads\/2021\/09\/roca-team-monaco-info-175x115.jpeg 175w, https:\/\/www.monaco-tribune.com\/wp-content\/uploads\/2021\/09\/roca-team-monaco-info.jpeg 1600w\" sizes=\"auto, (max-width: 1024px) 100vw, 1024px\" \/><figcaption>&nbsp;\u00a9 Michael Alesi<\/figcaption><\/figure><\/div>\n\n\n\n<h2 class=\"wp-block-heading\" id=\"h-nuovi-arrivi-degni-di-nota\">Nuovi arrivi degni di nota<\/h2>\n\n\n\n<p>Il suo arrivo ha provocato un vero e proprio terremoto. A 31 anni, il playmaker americano Mike James ha deciso di disfare le valigie sulla Rocca per proseguire la sua carriera. &#8220;Penso che la squadra abbia un potenziale incredibile&#8221;, ha dichiarato in conferenza stampa. &#8220;\u00c8 un nuovo inizio per me, in una squadra molto ambiziosa&#8221;. Il miglior cestista dell&#8217;Eurolega nella stagione 2018-2019 ha passato l&#8217;anno scorso nei Brooklyn Nets (NBA), accanto al trio stellare Kyrie Irving-James Harden-Kevin Durant. Con un curriculum impressionante e una fama che lo precede, \u00e8 pronto a unirsi alle altre reclute degne di nota arrivate a Monaco quest&#8217;estate.<\/p>\n\n\n\n<p>Ma non \u00e8 il solo a essere passato per la prestigiosa lega nordamericana. I centro Donta Hall (23 anni, ex Orlando Magic, Brooklyn Nets, Detroit Pistons) e Donatas Motiejunas (30 anni, ex Houston Rockets, San Antonio Spurs) sono arrivati per dare forza al Roca Team, accompagnati dal cestista francese L\u00e9o Westermann (29 anni, FC Barcelona) in arrivo dal prestigioso club catalano e non vede l&#8217;ora di fare faville sulla Rocca.<\/p>\n\n\n\n<p>A questi nomi prestigiosi si aggiungono quelli di Jerry Boutsiele (29 anni, Limoges) e Danilo Andjusic (30 anni, Bourg-en-Bresse), indiscussi punti di riferimento del campionato di Francia, oltre all&#8217;americano Paris Lee (26 anni, Orl\u00e9ans) e l&#8217;australiano Brock Motum (30 anni, Nanterre). Da notare anche il ritorno di Yakuba Ouattara (29 anni, Betis) che rientra nel Principato dopo una breve esperienza in Spagna e l&#8217;arrivo di Alpha Diallo (24 anni, Lavrio BC) e Armel Traot\u00e9 (18 anni, INSEP).<\/p>\n\n\n\n<div class=\"wp-block-image\"><figure class=\"aligncenter size-full\"><img loading=\"lazy\" decoding=\"async\" width=\"1024\" height=\"683\" src=\"https:\/\/www.monaco-tribune.com\/wp-content\/uploads\/2021\/05\/man-roca-team-retour-eurocup-supporters-39-min.jpg\" alt=\"\" class=\"wp-image-79514\" srcset=\"https:\/\/www.monaco-tribune.com\/wp-content\/uploads\/2021\/05\/man-roca-team-retour-eurocup-supporters-39-min.jpg 1024w, https:\/\/www.monaco-tribune.com\/wp-content\/uploads\/2021\/05\/man-roca-team-retour-eurocup-supporters-39-min-450x300.jpg 450w, https:\/\/www.monaco-tribune.com\/wp-content\/uploads\/2021\/05\/man-roca-team-retour-eurocup-supporters-39-min-225x150.jpg 225w, https:\/\/www.monaco-tribune.com\/wp-content\/uploads\/2021\/05\/man-roca-team-retour-eurocup-supporters-39-min-768x512.jpg 768w, https:\/\/www.monaco-tribune.com\/wp-content\/uploads\/2021\/05\/man-roca-team-retour-eurocup-supporters-39-min-175x117.jpg 175w\" sizes=\"auto, (max-width: 1024px) 100vw, 1024px\" \/><figcaption><meta charset=\"utf-8\">&nbsp;\u00a9 Roca Team<\/figcaption><\/figure><\/div>\n\n\n\n<h2 class=\"wp-block-heading\" id=\"h-una-squadra-pronta-per-il-titolo-di-campioni-di-francia\">Una squadra pronta per il titolo di campioni di Francia<\/h2>\n\n\n\n<p>Finalista del campionato di Francia nel 2018 e nel 2019, il Roca Team vuole vincere il titolo a tutti costi. Sar\u00e0 la volta buona? Tre volte vincitore della Leaders Cup (2016, 2017, 2018) e campione dell&#8217;ultima Eurocup, l&#8217;AS Monaco Basket questa stagione si appresta a disputare l&#8217;Eurolega per la prima volta della storia. Ma la priorit\u00e0 degli uomini di Zvezdan Mitrovic quest&#8217;anno \u00e8 pi\u00f9 sul territorio nazionale. &#8220;Abbiamo degli ottimi giocatori, ma la chiave sar\u00e0 trovare una buona alchimia&#8221;, ha dichiarato l&#8217;allenatore monegasco. &#8220;\u00c8 quello che abbiamo fatto le scorse stagioni&#8221;.<\/p>\n\n\n\n<p>Eliminati in semifinale la scorsa stagione, l&#8217;obiettivo dei monegaschi \u00e8 spodestare l&#8217;ASVEL, vincitore dei due ultimi titoli nel 2020-2021 e nel 2018-2019 (la stagione 2019-2020 \u00e8 stata interrotta). Vincitore favorito anche quest&#8217;anno e rafforzato dall&#8217;arrivo di Youssoupha Fall, Victor Wembanyama, Elie Okobo o ancora Kostas Antetokounmpo, il Lyon-Villeurban si \u00e8 messo in guardia. Questa stagione, per\u00f2, il titolo aspetta solo l&#8217;AS Monaco Basket.<\/p>\n\n\n\n<p><strong>&gt;&gt; LEGGI ANCHE: <\/strong><a href=\"https:\/\/www.monaco-tribune.com\/it\/2021\/08\/intervista-a-leo-westermann-as-monaco-basket-volevo-trovare-stabilita-in-una-squadra-interessante\/\">Intervista a L\u00e9o Westermann (AS Monaco Basket): \u201cCercavo stabilit\u00e0 in una squadra interessante\u201d<\/a><\/p>\n","protected":false},"excerpt":{"rendered":"<p>Questo gioved\u00ec, al Casin\u00f2 di Monte Carlo, si \u00e8 tenuta la tradizionale conferenza stampa dell&#8217;AS Monaco Basket prima dell&#8217;inizio della [&hellip;]<\/p>\n","protected":false},"author":24,"featured_media":94388,"comment_status":"closed","ping_status":"closed","sticky":false,"template":"","format":"standard","meta":{"_acf_changed":false,"footnotes":""},"categories":[1826,1738,1743],"tags":[3001],"post_sectags":[],"post_format":[2469],"class_list":["post-94492","post","type-post","status-publish","format-standard","has-post-thumbnail","hentry","category-la-nostra-scelta","category-notizie","category-sport-it","tag-roca-team-it","format-analisi"],"acf":[],"yoast_head":"<!-- This site is optimized with the Yoast SEO Premium plugin v26.8 (Yoast SEO v27.4) - https:\/\/yoast.com\/product\/yoast-seo-premium-wordpress\/ -->\n<title>AS Monaco Basket: 3 buone ragioni per sperare in una nuova stagione indimenticabile<\/title>\n<meta name=\"description\" content=\"Questo gioved\u00ec, al Casin\u00f2 di Monte Carlo, si \u00e8 tenuta la tradizionale conferenza stampa dell&#039;AS Monaco Basket prima dell&#039;inizio della stagione.\" \/>\n<meta name=\"robots\" content=\"index, follow, max-snippet:-1, max-image-preview:large, max-video-preview:-1\" \/>\n<link rel=\"canonical\" href=\"https:\/\/www.monaco-tribune.com\/it\/2021\/09\/as-monaco-basket-3-buone-ragioni-per-sperare-in-una-nuova-stagione-indimenticabile\/\" \/>\n<meta property=\"og:locale\" content=\"it_IT\" \/>\n<meta property=\"og:type\" content=\"article\" \/>\n<meta property=\"og:title\" content=\"AS Monaco Basket: 3 buone ragioni per sperare in una nuova stagione indimenticabile - Monaco Tribune\" \/>\n<meta property=\"og:description\" content=\"Questo gioved\u00ec, al Casin\u00f2 di Monte Carlo, si \u00e8 tenuta la tradizionale conferenza stampa dell&#039;AS Monaco Basket prima dell&#039;inizio della stagione.\" \/>\n<meta property=\"og:url\" content=\"https:\/\/www.monaco-tribune.com\/it\/2021\/09\/as-monaco-basket-3-buone-ragioni-per-sperare-in-una-nuova-stagione-indimenticabile\/\" \/>\n<meta property=\"og:site_name\" content=\"Monaco Tribune\" \/>\n<meta property=\"article:publisher\" content=\"https:\/\/www.facebook.com\/MonacoTribune\" \/>\n<meta property=\"article:published_time\" content=\"2021-09-24T15:45:28+00:00\" \/>\n<meta property=\"article:modified_time\" content=\"2021-09-24T15:46:24+00:00\" \/>\n<meta property=\"og:image\" content=\"https:\/\/www.monaco-tribune.com\/wp-content\/uploads\/2021\/09\/photo-e\u0301quipe-rt-2122\u00a9-direction-de-la-communication-\u2013-michael-alesi.jpg\" \/>\n\t<meta property=\"og:image:width\" content=\"1024\" \/>\n\t<meta property=\"og:image:height\" content=\"574\" \/>\n\t<meta property=\"og:image:type\" content=\"image\/jpeg\" \/>\n<meta name=\"author\" content=\"Romain Boisaubert\" \/>\n<meta name=\"twitter:card\" content=\"summary_large_image\" \/>\n<meta name=\"twitter:creator\" content=\"@MonacoTribune\" \/>\n<meta name=\"twitter:site\" content=\"@MonacoTribune\" \/>\n<script type=\"application\/ld+json\" class=\"yoast-schema-graph\">{\"@context\":\"https:\\\/\\\/schema.org\",\"@graph\":[{\"@type\":\"NewsArticle\",\"@id\":\"https:\\\/\\\/www.monaco-tribune.com\\\/it\\\/2021\\\/09\\\/as-monaco-basket-3-buone-ragioni-per-sperare-in-una-nuova-stagione-indimenticabile\\\/#article\",\"isPartOf\":{\"@id\":\"https:\\\/\\\/www.monaco-tribune.com\\\/it\\\/2021\\\/09\\\/as-monaco-basket-3-buone-ragioni-per-sperare-in-una-nuova-stagione-indimenticabile\\\/\"},\"author\":{\"name\":\"Romain Boisaubert\",\"@id\":\"https:\\\/\\\/www.monaco-tribune.com\\\/it\\\/#\\\/schema\\\/person\\\/330a3732947cf8cb41b2533a0eadd62e\"},\"headline\":\"AS Monaco Basket: 3 buone ragioni per sperare in una nuova stagione indimenticabile\",\"datePublished\":\"2021-09-24T15:45:28+00:00\",\"dateModified\":\"2021-09-24T15:46:24+00:00\",\"mainEntityOfPage\":{\"@id\":\"https:\\\/\\\/www.monaco-tribune.com\\\/it\\\/2021\\\/09\\\/as-monaco-basket-3-buone-ragioni-per-sperare-in-una-nuova-stagione-indimenticabile\\\/\"},\"wordCount\":722,\"publisher\":{\"@id\":\"https:\\\/\\\/www.monaco-tribune.com\\\/it\\\/#organization\"},\"image\":{\"@id\":\"https:\\\/\\\/www.monaco-tribune.com\\\/it\\\/2021\\\/09\\\/as-monaco-basket-3-buone-ragioni-per-sperare-in-una-nuova-stagione-indimenticabile\\\/#primaryimage\"},\"thumbnailUrl\":\"https:\\\/\\\/www.monaco-tribune.com\\\/wp-content\\\/uploads\\\/2021\\\/09\\\/photo-e\u0301quipe-rt-2122\u00a9-direction-de-la-communication-\u2013-michael-alesi.jpg\",\"keywords\":[\"Roca Team\"],\"articleSection\":[\"La nostra scelta\",\"Notizie\",\"Sport\"],\"inLanguage\":\"it-IT\",\"copyrightYear\":\"2021\",\"copyrightHolder\":{\"@id\":\"https:\\\/\\\/www.monaco-tribune.com\\\/#organization\"}},{\"@type\":\"WebPage\",\"@id\":\"https:\\\/\\\/www.monaco-tribune.com\\\/it\\\/2021\\\/09\\\/as-monaco-basket-3-buone-ragioni-per-sperare-in-una-nuova-stagione-indimenticabile\\\/\",\"url\":\"https:\\\/\\\/www.monaco-tribune.com\\\/it\\\/2021\\\/09\\\/as-monaco-basket-3-buone-ragioni-per-sperare-in-una-nuova-stagione-indimenticabile\\\/\",\"name\":\"AS Monaco Basket: 3 buone ragioni per sperare in una nuova stagione indimenticabile\",\"isPartOf\":{\"@id\":\"https:\\\/\\\/www.monaco-tribune.com\\\/it\\\/#website\"},\"primaryImageOfPage\":{\"@id\":\"https:\\\/\\\/www.monaco-tribune.com\\\/it\\\/2021\\\/09\\\/as-monaco-basket-3-buone-ragioni-per-sperare-in-una-nuova-stagione-indimenticabile\\\/#primaryimage\"},\"image\":{\"@id\":\"https:\\\/\\\/www.monaco-tribune.com\\\/it\\\/2021\\\/09\\\/as-monaco-basket-3-buone-ragioni-per-sperare-in-una-nuova-stagione-indimenticabile\\\/#primaryimage\"},\"thumbnailUrl\":\"https:\\\/\\\/www.monaco-tribune.com\\\/wp-content\\\/uploads\\\/2021\\\/09\\\/photo-e\u0301quipe-rt-2122\u00a9-direction-de-la-communication-\u2013-michael-alesi.jpg\",\"datePublished\":\"2021-09-24T15:45:28+00:00\",\"dateModified\":\"2021-09-24T15:46:24+00:00\",\"description\":\"Questo gioved\u00ec, al Casin\u00f2 di Monte Carlo, si \u00e8 tenuta la tradizionale conferenza stampa dell'AS Monaco Basket prima dell'inizio della stagione.\",\"breadcrumb\":{\"@id\":\"https:\\\/\\\/www.monaco-tribune.com\\\/it\\\/2021\\\/09\\\/as-monaco-basket-3-buone-ragioni-per-sperare-in-una-nuova-stagione-indimenticabile\\\/#breadcrumb\"},\"inLanguage\":\"it-IT\",\"potentialAction\":[{\"@type\":\"ReadAction\",\"target\":[\"https:\\\/\\\/www.monaco-tribune.com\\\/it\\\/2021\\\/09\\\/as-monaco-basket-3-buone-ragioni-per-sperare-in-una-nuova-stagione-indimenticabile\\\/\"]}]},{\"@type\":\"ImageObject\",\"inLanguage\":\"it-IT\",\"@id\":\"https:\\\/\\\/www.monaco-tribune.com\\\/it\\\/2021\\\/09\\\/as-monaco-basket-3-buone-ragioni-per-sperare-in-una-nuova-stagione-indimenticabile\\\/#primaryimage\",\"url\":\"https:\\\/\\\/www.monaco-tribune.com\\\/wp-content\\\/uploads\\\/2021\\\/09\\\/photo-e\u0301quipe-rt-2122\u00a9-direction-de-la-communication-\u2013-michael-alesi.jpg\",\"contentUrl\":\"https:\\\/\\\/www.monaco-tribune.com\\\/wp-content\\\/uploads\\\/2021\\\/09\\\/photo-e\u0301quipe-rt-2122\u00a9-direction-de-la-communication-\u2013-michael-alesi.jpg\",\"width\":1024,\"height\":574,\"caption\":\"Michael Alesi\"},{\"@type\":\"BreadcrumbList\",\"@id\":\"https:\\\/\\\/www.monaco-tribune.com\\\/it\\\/2021\\\/09\\\/as-monaco-basket-3-buone-ragioni-per-sperare-in-una-nuova-stagione-indimenticabile\\\/#breadcrumb\",\"itemListElement\":[{\"@type\":\"ListItem\",\"position\":1,\"name\":\"Accueil\",\"item\":\"https:\\\/\\\/www.monaco-tribune.com\\\/it\\\/\"},{\"@type\":\"ListItem\",\"position\":2,\"name\":\"AS Monaco Basket: 3 buone ragioni per sperare in una nuova stagione indimenticabile\"}]},{\"@type\":\"WebSite\",\"@id\":\"https:\\\/\\\/www.monaco-tribune.com\\\/it\\\/#website\",\"url\":\"https:\\\/\\\/www.monaco-tribune.com\\\/it\\\/\",\"name\":\"Monaco Tribune\",\"description\":\"Monaco : actualit\u00e9s \u00e9conomiques, politiques, culturelles et sportives de Monaco et de la French Riviera.\",\"publisher\":{\"@id\":\"https:\\\/\\\/www.monaco-tribune.com\\\/it\\\/#organization\"},\"potentialAction\":[{\"@type\":\"SearchAction\",\"target\":{\"@type\":\"EntryPoint\",\"urlTemplate\":\"https:\\\/\\\/www.monaco-tribune.com\\\/it\\\/?s={search_term_string}\"},\"query-input\":{\"@type\":\"PropertyValueSpecification\",\"valueRequired\":true,\"valueName\":\"search_term_string\"}}],\"inLanguage\":\"it-IT\"},{\"@type\":\"Organization\",\"@id\":\"https:\\\/\\\/www.monaco-tribune.com\\\/it\\\/#organization\",\"name\":\"Monaco Tribune\",\"url\":\"https:\\\/\\\/www.monaco-tribune.com\\\/it\\\/\",\"logo\":{\"@type\":\"ImageObject\",\"inLanguage\":\"it-IT\",\"@id\":\"https:\\\/\\\/www.monaco-tribune.com\\\/it\\\/#\\\/schema\\\/logo\\\/image\\\/\",\"url\":\"https:\\\/\\\/www.monaco-tribune.com\\\/wp-content\\\/uploads\\\/2022\\\/11\\\/logo-monaco-tribune.png\",\"contentUrl\":\"https:\\\/\\\/www.monaco-tribune.com\\\/wp-content\\\/uploads\\\/2022\\\/11\\\/logo-monaco-tribune.png\",\"width\":1548,\"height\":600,\"caption\":\"Monaco Tribune\"},\"image\":{\"@id\":\"https:\\\/\\\/www.monaco-tribune.com\\\/it\\\/#\\\/schema\\\/logo\\\/image\\\/\"},\"sameAs\":[\"https:\\\/\\\/www.facebook.com\\\/MonacoTribune\",\"https:\\\/\\\/x.com\\\/MonacoTribune\",\"https:\\\/\\\/www.instagram.com\\\/monacotribune\\\/\",\"https:\\\/\\\/www.linkedin.com\\\/company\\\/monaco-tribune\",\"https:\\\/\\\/www.youtube.com\\\/channel\\\/UCHle1MnG6hw1y4lWKijVbMA\"]},{\"@type\":\"Person\",\"@id\":\"https:\\\/\\\/www.monaco-tribune.com\\\/it\\\/#\\\/schema\\\/person\\\/330a3732947cf8cb41b2533a0eadd62e\",\"name\":\"Romain Boisaubert\",\"image\":{\"@type\":\"ImageObject\",\"inLanguage\":\"it-IT\",\"@id\":\"https:\\\/\\\/secure.gravatar.com\\\/avatar\\\/f8b90d41f1eabd1cbe4cf59e09d8db41a697d51919bf2dfe727589a24a4a4d54?s=96&d=mm&r=g\",\"url\":\"https:\\\/\\\/secure.gravatar.com\\\/avatar\\\/f8b90d41f1eabd1cbe4cf59e09d8db41a697d51919bf2dfe727589a24a4a4d54?s=96&d=mm&r=g\",\"contentUrl\":\"https:\\\/\\\/secure.gravatar.com\\\/avatar\\\/f8b90d41f1eabd1cbe4cf59e09d8db41a697d51919bf2dfe727589a24a4a4d54?s=96&d=mm&r=g\",\"caption\":\"Romain Boisaubert\"},\"description\":\"Test bio\",\"url\":\"https:\\\/\\\/www.monaco-tribune.com\\\/it\\\/author\\\/romain-boisaubert\\\/\"}]}<\/script>\n<!-- \/ Yoast SEO Premium plugin. -->","yoast_head_json":{"title":"AS Monaco Basket: 3 buone ragioni per sperare in una nuova stagione indimenticabile","description":"Questo gioved\u00ec, al Casin\u00f2 di Monte Carlo, si \u00e8 tenuta la tradizionale conferenza stampa dell'AS Monaco Basket prima dell'inizio della stagione.","robots":{"index":"index","follow":"follow","max-snippet":"max-snippet:-1","max-image-preview":"max-image-preview:large","max-video-preview":"max-video-preview:-1"},"canonical":"https:\/\/www.monaco-tribune.com\/it\/2021\/09\/as-monaco-basket-3-buone-ragioni-per-sperare-in-una-nuova-stagione-indimenticabile\/","og_locale":"it_IT","og_type":"article","og_title":"AS Monaco Basket: 3 buone ragioni per sperare in una nuova stagione indimenticabile - Monaco Tribune","og_description":"Questo gioved\u00ec, al Casin\u00f2 di Monte Carlo, si \u00e8 tenuta la tradizionale conferenza stampa dell'AS Monaco Basket prima dell'inizio della stagione.","og_url":"https:\/\/www.monaco-tribune.com\/it\/2021\/09\/as-monaco-basket-3-buone-ragioni-per-sperare-in-una-nuova-stagione-indimenticabile\/","og_site_name":"Monaco Tribune","article_publisher":"https:\/\/www.facebook.com\/MonacoTribune","article_published_time":"2021-09-24T15:45:28+00:00","article_modified_time":"2021-09-24T15:46:24+00:00","og_image":[{"width":1024,"height":574,"url":"https:\/\/www.monaco-tribune.com\/wp-content\/uploads\/2021\/09\/photo-e\u0301quipe-rt-2122\u00a9-direction-de-la-communication-\u2013-michael-alesi.jpg","type":"image\/jpeg"}],"author":"Romain Boisaubert","twitter_card":"summary_large_image","twitter_creator":"@MonacoTribune","twitter_site":"@MonacoTribune","schema":{"@context":"https:\/\/schema.org","@graph":[{"@type":"NewsArticle","@id":"https:\/\/www.monaco-tribune.com\/it\/2021\/09\/as-monaco-basket-3-buone-ragioni-per-sperare-in-una-nuova-stagione-indimenticabile\/#article","isPartOf":{"@id":"https:\/\/www.monaco-tribune.com\/it\/2021\/09\/as-monaco-basket-3-buone-ragioni-per-sperare-in-una-nuova-stagione-indimenticabile\/"},"author":{"name":"Romain Boisaubert","@id":"https:\/\/www.monaco-tribune.com\/it\/#\/schema\/person\/330a3732947cf8cb41b2533a0eadd62e"},"headline":"AS Monaco Basket: 3 buone ragioni per sperare in una nuova stagione indimenticabile","datePublished":"2021-09-24T15:45:28+00:00","dateModified":"2021-09-24T15:46:24+00:00","mainEntityOfPage":{"@id":"https:\/\/www.monaco-tribune.com\/it\/2021\/09\/as-monaco-basket-3-buone-ragioni-per-sperare-in-una-nuova-stagione-indimenticabile\/"},"wordCount":722,"publisher":{"@id":"https:\/\/www.monaco-tribune.com\/it\/#organization"},"image":{"@id":"https:\/\/www.monaco-tribune.com\/it\/2021\/09\/as-monaco-basket-3-buone-ragioni-per-sperare-in-una-nuova-stagione-indimenticabile\/#primaryimage"},"thumbnailUrl":"https:\/\/www.monaco-tribune.com\/wp-content\/uploads\/2021\/09\/photo-e\u0301quipe-rt-2122\u00a9-direction-de-la-communication-\u2013-michael-alesi.jpg","keywords":["Roca Team"],"articleSection":["La nostra scelta","Notizie","Sport"],"inLanguage":"it-IT","copyrightYear":"2021","copyrightHolder":{"@id":"https:\/\/www.monaco-tribune.com\/#organization"}},{"@type":"WebPage","@id":"https:\/\/www.monaco-tribune.com\/it\/2021\/09\/as-monaco-basket-3-buone-ragioni-per-sperare-in-una-nuova-stagione-indimenticabile\/","url":"https:\/\/www.monaco-tribune.com\/it\/2021\/09\/as-monaco-basket-3-buone-ragioni-per-sperare-in-una-nuova-stagione-indimenticabile\/","name":"AS Monaco Basket: 3 buone ragioni per sperare in una nuova stagione indimenticabile","isPartOf":{"@id":"https:\/\/www.monaco-tribune.com\/it\/#website"},"primaryImageOfPage":{"@id":"https:\/\/www.monaco-tribune.com\/it\/2021\/09\/as-monaco-basket-3-buone-ragioni-per-sperare-in-una-nuova-stagione-indimenticabile\/#primaryimage"},"image":{"@id":"https:\/\/www.monaco-tribune.com\/it\/2021\/09\/as-monaco-basket-3-buone-ragioni-per-sperare-in-una-nuova-stagione-indimenticabile\/#primaryimage"},"thumbnailUrl":"https:\/\/www.monaco-tribune.com\/wp-content\/uploads\/2021\/09\/photo-e\u0301quipe-rt-2122\u00a9-direction-de-la-communication-\u2013-michael-alesi.jpg","datePublished":"2021-09-24T15:45:28+00:00","dateModified":"2021-09-24T15:46:24+00:00","description":"Questo gioved\u00ec, al Casin\u00f2 di Monte Carlo, si \u00e8 tenuta la tradizionale conferenza stampa dell'AS Monaco Basket prima dell'inizio della stagione.","breadcrumb":{"@id":"https:\/\/www.monaco-tribune.com\/it\/2021\/09\/as-monaco-basket-3-buone-ragioni-per-sperare-in-una-nuova-stagione-indimenticabile\/#breadcrumb"},"inLanguage":"it-IT","potentialAction":[{"@type":"ReadAction","target":["https:\/\/www.monaco-tribune.com\/it\/2021\/09\/as-monaco-basket-3-buone-ragioni-per-sperare-in-una-nuova-stagione-indimenticabile\/"]}]},{"@type":"ImageObject","inLanguage":"it-IT","@id":"https:\/\/www.monaco-tribune.com\/it\/2021\/09\/as-monaco-basket-3-buone-ragioni-per-sperare-in-una-nuova-stagione-indimenticabile\/#primaryimage","url":"https:\/\/www.monaco-tribune.com\/wp-content\/uploads\/2021\/09\/photo-e\u0301quipe-rt-2122\u00a9-direction-de-la-communication-\u2013-michael-alesi.jpg","contentUrl":"https:\/\/www.monaco-tribune.com\/wp-content\/uploads\/2021\/09\/photo-e\u0301quipe-rt-2122\u00a9-direction-de-la-communication-\u2013-michael-alesi.jpg","width":1024,"height":574,"caption":"Michael Alesi"},{"@type":"BreadcrumbList","@id":"https:\/\/www.monaco-tribune.com\/it\/2021\/09\/as-monaco-basket-3-buone-ragioni-per-sperare-in-una-nuova-stagione-indimenticabile\/#breadcrumb","itemListElement":[{"@type":"ListItem","position":1,"name":"Accueil","item":"https:\/\/www.monaco-tribune.com\/it\/"},{"@type":"ListItem","position":2,"name":"AS Monaco Basket: 3 buone ragioni per sperare in una nuova stagione indimenticabile"}]},{"@type":"WebSite","@id":"https:\/\/www.monaco-tribune.com\/it\/#website","url":"https:\/\/www.monaco-tribune.com\/it\/","name":"Monaco Tribune","description":"Monaco : actualit\u00e9s \u00e9conomiques, politiques, culturelles et sportives de Monaco et de la French Riviera.","publisher":{"@id":"https:\/\/www.monaco-tribune.com\/it\/#organization"},"potentialAction":[{"@type":"SearchAction","target":{"@type":"EntryPoint","urlTemplate":"https:\/\/www.monaco-tribune.com\/it\/?s={search_term_string}"},"query-input":{"@type":"PropertyValueSpecification","valueRequired":true,"valueName":"search_term_string"}}],"inLanguage":"it-IT"},{"@type":"Organization","@id":"https:\/\/www.monaco-tribune.com\/it\/#organization","name":"Monaco Tribune","url":"https:\/\/www.monaco-tribune.com\/it\/","logo":{"@type":"ImageObject","inLanguage":"it-IT","@id":"https:\/\/www.monaco-tribune.com\/it\/#\/schema\/logo\/image\/","url":"https:\/\/www.monaco-tribune.com\/wp-content\/uploads\/2022\/11\/logo-monaco-tribune.png","contentUrl":"https:\/\/www.monaco-tribune.com\/wp-content\/uploads\/2022\/11\/logo-monaco-tribune.png","width":1548,"height":600,"caption":"Monaco Tribune"},"image":{"@id":"https:\/\/www.monaco-tribune.com\/it\/#\/schema\/logo\/image\/"},"sameAs":["https:\/\/www.facebook.com\/MonacoTribune","https:\/\/x.com\/MonacoTribune","https:\/\/www.instagram.com\/monacotribune\/","https:\/\/www.linkedin.com\/company\/monaco-tribune","https:\/\/www.youtube.com\/channel\/UCHle1MnG6hw1y4lWKijVbMA"]},{"@type":"Person","@id":"https:\/\/www.monaco-tribune.com\/it\/#\/schema\/person\/330a3732947cf8cb41b2533a0eadd62e","name":"Romain Boisaubert","image":{"@type":"ImageObject","inLanguage":"it-IT","@id":"https:\/\/secure.gravatar.com\/avatar\/f8b90d41f1eabd1cbe4cf59e09d8db41a697d51919bf2dfe727589a24a4a4d54?s=96&d=mm&r=g","url":"https:\/\/secure.gravatar.com\/avatar\/f8b90d41f1eabd1cbe4cf59e09d8db41a697d51919bf2dfe727589a24a4a4d54?s=96&d=mm&r=g","contentUrl":"https:\/\/secure.gravatar.com\/avatar\/f8b90d41f1eabd1cbe4cf59e09d8db41a697d51919bf2dfe727589a24a4a4d54?s=96&d=mm&r=g","caption":"Romain Boisaubert"},"description":"Test bio","url":"https:\/\/www.monaco-tribune.com\/it\/author\/romain-boisaubert\/"}]}},"_links":{"self":[{"href":"https:\/\/www.monaco-tribune.com\/it\/wp-json\/wp\/v2\/posts\/94492","targetHints":{"allow":["GET"]}}],"collection":[{"href":"https:\/\/www.monaco-tribune.com\/it\/wp-json\/wp\/v2\/posts"}],"about":[{"href":"https:\/\/www.monaco-tribune.com\/it\/wp-json\/wp\/v2\/types\/post"}],"author":[{"embeddable":true,"href":"https:\/\/www.monaco-tribune.com\/it\/wp-json\/wp\/v2\/users\/24"}],"replies":[{"embeddable":true,"href":"https:\/\/www.monaco-tribune.com\/it\/wp-json\/wp\/v2\/comments?post=94492"}],"version-history":[{"count":0,"href":"https:\/\/www.monaco-tribune.com\/it\/wp-json\/wp\/v2\/posts\/94492\/revisions"}],"wp:featuredmedia":[{"embeddable":true,"href":"https:\/\/www.monaco-tribune.com\/it\/wp-json\/wp\/v2\/media\/94388"}],"wp:attachment":[{"href":"https:\/\/www.monaco-tribune.com\/it\/wp-json\/wp\/v2\/media?parent=94492"}],"wp:term":[{"taxonomy":"category","embeddable":true,"href":"https:\/\/www.monaco-tribune.com\/it\/wp-json\/wp\/v2\/categories?post=94492"},{"taxonomy":"post_tag","embeddable":true,"href":"https:\/\/www.monaco-tribune.com\/it\/wp-json\/wp\/v2\/tags?post=94492"},{"taxonomy":"sectag","embeddable":true,"href":"https:\/\/www.monaco-tribune.com\/it\/wp-json\/wp\/v2\/post_sectags?post=94492"},{"taxonomy":"format","embeddable":true,"href":"https:\/\/www.monaco-tribune.com\/it\/wp-json\/wp\/v2\/post_format?post=94492"}],"curies":[{"name":"wp","href":"https:\/\/api.w.org\/{rel}","templated":true}]}}