{"id":94497,"date":"2021-09-24T18:05:51","date_gmt":"2021-09-24T16:05:51","guid":{"rendered":"https:\/\/www.monaco-tribune.com\/2021\/09\/formula-1-il-gran-premio-di-monaco-durera-3-giorni\/"},"modified":"2021-09-24T18:05:55","modified_gmt":"2021-09-24T16:05:55","slug":"formula-1-il-gran-premio-di-monaco-durera-3-giorni","status":"publish","type":"post","link":"https:\/\/www.monaco-tribune.com\/it\/2021\/09\/formula-1-il-gran-premio-di-monaco-durera-3-giorni\/","title":{"rendered":"Formula 1: il Gran Premio di Monaco durer\u00e0 3 giorni"},"content":{"rendered":"\n<p><strong>Mercoled\u00ec, l&#8217;AD della Formula 1 ha dichiarato che la prossima edizione del Gran Premio di Monaco durer\u00e0 tre giorni invece dei soliti quattro.<\/strong><\/p>\n\n<p>Niente pi\u00f9 prove libere del gioved\u00ec! Stefano Domenicali ha scatenato una bufera nel mondo della Formula 1 annunciando che la prossima edizione del <a href=\"https:\/\/www.monaco-tribune.com\/it\/2021\/05\/top-e-flop-del-78-gran-premio-di-monaco\/\">Gran Premio di Monaco<\/a> rinuncer\u00e0 a un giorno di gara.<\/p>\n\n<p>&#8220;Monaco\u00a0si disputer\u00e0 in\u00a0tre giorni consecutivi. Quindi venerd\u00ec, sabato e domenica&#8221;, ha dichiarato senza preamboli l&#8217;AD della Formula 1 ai microfoni della CNN. Ha inoltre confermato il Gran Premio di Francia nel 2022, aggiungendo che &#8220;l&#8217;intenzione \u00e8 di avere 23 corse in un anno&#8221; e di &#8220;terminare la stagione un po&#8217; prima&#8221;.<\/p>\n\n<h2 class=\"wp-block-heading\" id=\"h-le-programme-du-grand-prix-2022-encore-en-construction\">Il programma del Gran Premio 2022 ancora work in progress<\/h2>\n\n<p>Gli organizzatori stanno lavorando sulla riorganizzazione del Gran Premio di Monaco, che dovr\u00e0 essere approvata il 15 ottobre al Congresso mondiale di FIA. Le prove libere, da sempre il gioved\u00ec dell&#8217;Ascensione, festivo nel Principato, saranno quindi spostate al giorno dopo.<\/p>\n\n<p>Ciononostante, l&#8217;evento completo dovrebbe comunque durare quattro giorni, visto che le corse di Formula 2, di Formula Regionale by Alpine e della Porsche Supercup sono nello stesso periodo. Un sollievo probabilmente per i commercianti e i ristoratori che ogni anno apprezzano la forte affluenza nel Principato in occasione del Gran Premio.<\/p>\n\n<p><strong>&gt;&gt; LEGGI ANCHE: <\/strong><a href=\"https:\/\/www.monaco-tribune.com\/it\/2021\/09\/automobile-club-de-monaco-le-date-da-non-perdere-della-stagione-2022\/\">Automobile Club de Monaco: le date da non perdere della stagione 2022<\/a><\/p>\n","protected":false},"excerpt":{"rendered":"<p>Mercoled\u00ec, l&#8217;AD della Formula 1 ha dichiarato che la prossima edizione del Gran Premio di Monaco durer\u00e0 tre giorni invece [&hellip;]<\/p>\n","protected":false},"author":57,"featured_media":94424,"comment_status":"closed","ping_status":"closed","sticky":false,"template":"","format":"standard","meta":{"_acf_changed":false,"footnotes":""},"categories":[1738],"tags":[],"post_sectags":[],"post_format":[2478],"class_list":["post-94497","post","type-post","status-publish","format-standard","has-post-thumbnail","hentry","category-notizie","format-notizia"],"acf":[],"yoast_head":"<!-- This site is optimized with the Yoast SEO Premium plugin v26.8 (Yoast SEO v27.4) - https:\/\/yoast.com\/product\/yoast-seo-premium-wordpress\/ -->\n<title>Formula 1: il Gran Premio di Monaco durer\u00e0 3 giorni<\/title>\n<meta name=\"description\" content=\"Mercoled\u00ec, l&#039;AD della Formula 1 ha dichiarato che la prossima edizione del Gran Premio di Monaco durer\u00e0 tre giorni invece dei soliti quattro. Niente pi\u00f9\" \/>\n<meta name=\"robots\" content=\"index, follow, max-snippet:-1, max-image-preview:large, max-video-preview:-1\" \/>\n<link rel=\"canonical\" href=\"https:\/\/www.monaco-tribune.com\/it\/2021\/09\/formula-1-il-gran-premio-di-monaco-durera-3-giorni\/\" \/>\n<meta property=\"og:locale\" content=\"it_IT\" \/>\n<meta property=\"og:type\" content=\"article\" \/>\n<meta property=\"og:title\" content=\"Formula 1: il Gran Premio di Monaco durer\u00e0 3 giorni - Monaco Tribune\" \/>\n<meta property=\"og:description\" content=\"Mercoled\u00ec, l&#039;AD della Formula 1 ha dichiarato che la prossima edizione del Gran Premio di Monaco durer\u00e0 tre giorni invece dei soliti quattro. Niente pi\u00f9\" \/>\n<meta property=\"og:url\" content=\"https:\/\/www.monaco-tribune.com\/it\/2021\/09\/formula-1-il-gran-premio-di-monaco-durera-3-giorni\/\" \/>\n<meta property=\"og:site_name\" content=\"Monaco Tribune\" \/>\n<meta property=\"article:publisher\" content=\"https:\/\/www.facebook.com\/MonacoTribune\" \/>\n<meta property=\"article:published_time\" content=\"2021-09-24T16:05:51+00:00\" \/>\n<meta property=\"article:modified_time\" content=\"2021-09-24T16:05:55+00:00\" \/>\n<meta property=\"og:image\" content=\"https:\/\/www.monaco-tribune.com\/wp-content\/uploads\/2021\/09\/grand-prix-monaco.jpeg\" \/>\n\t<meta property=\"og:image:width\" content=\"1024\" \/>\n\t<meta property=\"og:image:height\" content=\"683\" \/>\n\t<meta property=\"og:image:type\" content=\"image\/jpeg\" \/>\n<meta name=\"author\" content=\"Josepha Toquereau\" \/>\n<meta name=\"twitter:card\" content=\"summary_large_image\" \/>\n<meta name=\"twitter:creator\" content=\"@MonacoTribune\" \/>\n<meta name=\"twitter:site\" content=\"@MonacoTribune\" \/>\n<script type=\"application\/ld+json\" class=\"yoast-schema-graph\">{\"@context\":\"https:\\\/\\\/schema.org\",\"@graph\":[{\"@type\":\"NewsArticle\",\"@id\":\"https:\\\/\\\/www.monaco-tribune.com\\\/it\\\/2021\\\/09\\\/formula-1-il-gran-premio-di-monaco-durera-3-giorni\\\/#article\",\"isPartOf\":{\"@id\":\"https:\\\/\\\/www.monaco-tribune.com\\\/it\\\/2021\\\/09\\\/formula-1-il-gran-premio-di-monaco-durera-3-giorni\\\/\"},\"author\":{\"name\":\"Josepha Toquereau\",\"@id\":\"https:\\\/\\\/www.monaco-tribune.com\\\/it\\\/#\\\/schema\\\/person\\\/c8eeb5e36b6ed3782736273e5eb7d764\"},\"headline\":\"Formula 1: il Gran Premio di Monaco durer\u00e0 3 giorni\",\"datePublished\":\"2021-09-24T16:05:51+00:00\",\"dateModified\":\"2021-09-24T16:05:55+00:00\",\"mainEntityOfPage\":{\"@id\":\"https:\\\/\\\/www.monaco-tribune.com\\\/it\\\/2021\\\/09\\\/formula-1-il-gran-premio-di-monaco-durera-3-giorni\\\/\"},\"wordCount\":229,\"publisher\":{\"@id\":\"https:\\\/\\\/www.monaco-tribune.com\\\/it\\\/#organization\"},\"image\":{\"@id\":\"https:\\\/\\\/www.monaco-tribune.com\\\/it\\\/2021\\\/09\\\/formula-1-il-gran-premio-di-monaco-durera-3-giorni\\\/#primaryimage\"},\"thumbnailUrl\":\"https:\\\/\\\/www.monaco-tribune.com\\\/wp-content\\\/uploads\\\/2021\\\/09\\\/grand-prix-monaco.jpeg\",\"articleSection\":[\"Notizie\"],\"inLanguage\":\"it-IT\",\"copyrightYear\":\"2021\",\"copyrightHolder\":{\"@id\":\"https:\\\/\\\/www.monaco-tribune.com\\\/#organization\"}},{\"@type\":\"WebPage\",\"@id\":\"https:\\\/\\\/www.monaco-tribune.com\\\/it\\\/2021\\\/09\\\/formula-1-il-gran-premio-di-monaco-durera-3-giorni\\\/\",\"url\":\"https:\\\/\\\/www.monaco-tribune.com\\\/it\\\/2021\\\/09\\\/formula-1-il-gran-premio-di-monaco-durera-3-giorni\\\/\",\"name\":\"Formula 1: il Gran Premio di Monaco durer\u00e0 3 giorni\",\"isPartOf\":{\"@id\":\"https:\\\/\\\/www.monaco-tribune.com\\\/it\\\/#website\"},\"primaryImageOfPage\":{\"@id\":\"https:\\\/\\\/www.monaco-tribune.com\\\/it\\\/2021\\\/09\\\/formula-1-il-gran-premio-di-monaco-durera-3-giorni\\\/#primaryimage\"},\"image\":{\"@id\":\"https:\\\/\\\/www.monaco-tribune.com\\\/it\\\/2021\\\/09\\\/formula-1-il-gran-premio-di-monaco-durera-3-giorni\\\/#primaryimage\"},\"thumbnailUrl\":\"https:\\\/\\\/www.monaco-tribune.com\\\/wp-content\\\/uploads\\\/2021\\\/09\\\/grand-prix-monaco.jpeg\",\"datePublished\":\"2021-09-24T16:05:51+00:00\",\"dateModified\":\"2021-09-24T16:05:55+00:00\",\"description\":\"Mercoled\u00ec, l'AD della Formula 1 ha dichiarato che la prossima edizione del Gran Premio di Monaco durer\u00e0 tre giorni invece dei soliti quattro. Niente pi\u00f9\",\"breadcrumb\":{\"@id\":\"https:\\\/\\\/www.monaco-tribune.com\\\/it\\\/2021\\\/09\\\/formula-1-il-gran-premio-di-monaco-durera-3-giorni\\\/#breadcrumb\"},\"inLanguage\":\"it-IT\",\"potentialAction\":[{\"@type\":\"ReadAction\",\"target\":[\"https:\\\/\\\/www.monaco-tribune.com\\\/it\\\/2021\\\/09\\\/formula-1-il-gran-premio-di-monaco-durera-3-giorni\\\/\"]}]},{\"@type\":\"ImageObject\",\"inLanguage\":\"it-IT\",\"@id\":\"https:\\\/\\\/www.monaco-tribune.com\\\/it\\\/2021\\\/09\\\/formula-1-il-gran-premio-di-monaco-durera-3-giorni\\\/#primaryimage\",\"url\":\"https:\\\/\\\/www.monaco-tribune.com\\\/wp-content\\\/uploads\\\/2021\\\/09\\\/grand-prix-monaco.jpeg\",\"contentUrl\":\"https:\\\/\\\/www.monaco-tribune.com\\\/wp-content\\\/uploads\\\/2021\\\/09\\\/grand-prix-monaco.jpeg\",\"width\":1024,\"height\":683,\"caption\":\"Direction de la Communication \\\/ Manuel Vitali\"},{\"@type\":\"BreadcrumbList\",\"@id\":\"https:\\\/\\\/www.monaco-tribune.com\\\/it\\\/2021\\\/09\\\/formula-1-il-gran-premio-di-monaco-durera-3-giorni\\\/#breadcrumb\",\"itemListElement\":[{\"@type\":\"ListItem\",\"position\":1,\"name\":\"Accueil\",\"item\":\"https:\\\/\\\/www.monaco-tribune.com\\\/it\\\/\"},{\"@type\":\"ListItem\",\"position\":2,\"name\":\"Formula 1: il Gran Premio di Monaco durer\u00e0 3 giorni\"}]},{\"@type\":\"WebSite\",\"@id\":\"https:\\\/\\\/www.monaco-tribune.com\\\/it\\\/#website\",\"url\":\"https:\\\/\\\/www.monaco-tribune.com\\\/it\\\/\",\"name\":\"Monaco Tribune\",\"description\":\"Monaco : actualit\u00e9s \u00e9conomiques, politiques, culturelles et sportives de Monaco et de la French Riviera.\",\"publisher\":{\"@id\":\"https:\\\/\\\/www.monaco-tribune.com\\\/it\\\/#organization\"},\"potentialAction\":[{\"@type\":\"SearchAction\",\"target\":{\"@type\":\"EntryPoint\",\"urlTemplate\":\"https:\\\/\\\/www.monaco-tribune.com\\\/it\\\/?s={search_term_string}\"},\"query-input\":{\"@type\":\"PropertyValueSpecification\",\"valueRequired\":true,\"valueName\":\"search_term_string\"}}],\"inLanguage\":\"it-IT\"},{\"@type\":\"Organization\",\"@id\":\"https:\\\/\\\/www.monaco-tribune.com\\\/it\\\/#organization\",\"name\":\"Monaco Tribune\",\"url\":\"https:\\\/\\\/www.monaco-tribune.com\\\/it\\\/\",\"logo\":{\"@type\":\"ImageObject\",\"inLanguage\":\"it-IT\",\"@id\":\"https:\\\/\\\/www.monaco-tribune.com\\\/it\\\/#\\\/schema\\\/logo\\\/image\\\/\",\"url\":\"https:\\\/\\\/www.monaco-tribune.com\\\/wp-content\\\/uploads\\\/2022\\\/11\\\/logo-monaco-tribune.png\",\"contentUrl\":\"https:\\\/\\\/www.monaco-tribune.com\\\/wp-content\\\/uploads\\\/2022\\\/11\\\/logo-monaco-tribune.png\",\"width\":1548,\"height\":600,\"caption\":\"Monaco Tribune\"},\"image\":{\"@id\":\"https:\\\/\\\/www.monaco-tribune.com\\\/it\\\/#\\\/schema\\\/logo\\\/image\\\/\"},\"sameAs\":[\"https:\\\/\\\/www.facebook.com\\\/MonacoTribune\",\"https:\\\/\\\/x.com\\\/MonacoTribune\",\"https:\\\/\\\/www.instagram.com\\\/monacotribune\\\/\",\"https:\\\/\\\/www.linkedin.com\\\/company\\\/monaco-tribune\",\"https:\\\/\\\/www.youtube.com\\\/channel\\\/UCHle1MnG6hw1y4lWKijVbMA\"]},{\"@type\":\"Person\",\"@id\":\"https:\\\/\\\/www.monaco-tribune.com\\\/it\\\/#\\\/schema\\\/person\\\/c8eeb5e36b6ed3782736273e5eb7d764\",\"name\":\"Josepha Toquereau\",\"image\":{\"@type\":\"ImageObject\",\"inLanguage\":\"it-IT\",\"@id\":\"https:\\\/\\\/secure.gravatar.com\\\/avatar\\\/3e06e87605717b00d3b9743f79fca038480454ef05226ef9de5dfa9577c3363f?s=96&d=mm&r=g\",\"url\":\"https:\\\/\\\/secure.gravatar.com\\\/avatar\\\/3e06e87605717b00d3b9743f79fca038480454ef05226ef9de5dfa9577c3363f?s=96&d=mm&r=g\",\"contentUrl\":\"https:\\\/\\\/secure.gravatar.com\\\/avatar\\\/3e06e87605717b00d3b9743f79fca038480454ef05226ef9de5dfa9577c3363f?s=96&d=mm&r=g\",\"caption\":\"Josepha Toquereau\"},\"url\":\"https:\\\/\\\/www.monaco-tribune.com\\\/it\\\/author\\\/josephatoquereau\\\/\"}]}<\/script>\n<!-- \/ Yoast SEO Premium plugin. -->","yoast_head_json":{"title":"Formula 1: il Gran Premio di Monaco durer\u00e0 3 giorni","description":"Mercoled\u00ec, l'AD della Formula 1 ha dichiarato che la prossima edizione del Gran Premio di Monaco durer\u00e0 tre giorni invece dei soliti quattro. Niente pi\u00f9","robots":{"index":"index","follow":"follow","max-snippet":"max-snippet:-1","max-image-preview":"max-image-preview:large","max-video-preview":"max-video-preview:-1"},"canonical":"https:\/\/www.monaco-tribune.com\/it\/2021\/09\/formula-1-il-gran-premio-di-monaco-durera-3-giorni\/","og_locale":"it_IT","og_type":"article","og_title":"Formula 1: il Gran Premio di Monaco durer\u00e0 3 giorni - Monaco Tribune","og_description":"Mercoled\u00ec, l'AD della Formula 1 ha dichiarato che la prossima edizione del Gran Premio di Monaco durer\u00e0 tre giorni invece dei soliti quattro. Niente pi\u00f9","og_url":"https:\/\/www.monaco-tribune.com\/it\/2021\/09\/formula-1-il-gran-premio-di-monaco-durera-3-giorni\/","og_site_name":"Monaco Tribune","article_publisher":"https:\/\/www.facebook.com\/MonacoTribune","article_published_time":"2021-09-24T16:05:51+00:00","article_modified_time":"2021-09-24T16:05:55+00:00","og_image":[{"width":1024,"height":683,"url":"https:\/\/www.monaco-tribune.com\/wp-content\/uploads\/2021\/09\/grand-prix-monaco.jpeg","type":"image\/jpeg"}],"author":"Josepha Toquereau","twitter_card":"summary_large_image","twitter_creator":"@MonacoTribune","twitter_site":"@MonacoTribune","schema":{"@context":"https:\/\/schema.org","@graph":[{"@type":"NewsArticle","@id":"https:\/\/www.monaco-tribune.com\/it\/2021\/09\/formula-1-il-gran-premio-di-monaco-durera-3-giorni\/#article","isPartOf":{"@id":"https:\/\/www.monaco-tribune.com\/it\/2021\/09\/formula-1-il-gran-premio-di-monaco-durera-3-giorni\/"},"author":{"name":"Josepha Toquereau","@id":"https:\/\/www.monaco-tribune.com\/it\/#\/schema\/person\/c8eeb5e36b6ed3782736273e5eb7d764"},"headline":"Formula 1: il Gran Premio di Monaco durer\u00e0 3 giorni","datePublished":"2021-09-24T16:05:51+00:00","dateModified":"2021-09-24T16:05:55+00:00","mainEntityOfPage":{"@id":"https:\/\/www.monaco-tribune.com\/it\/2021\/09\/formula-1-il-gran-premio-di-monaco-durera-3-giorni\/"},"wordCount":229,"publisher":{"@id":"https:\/\/www.monaco-tribune.com\/it\/#organization"},"image":{"@id":"https:\/\/www.monaco-tribune.com\/it\/2021\/09\/formula-1-il-gran-premio-di-monaco-durera-3-giorni\/#primaryimage"},"thumbnailUrl":"https:\/\/www.monaco-tribune.com\/wp-content\/uploads\/2021\/09\/grand-prix-monaco.jpeg","articleSection":["Notizie"],"inLanguage":"it-IT","copyrightYear":"2021","copyrightHolder":{"@id":"https:\/\/www.monaco-tribune.com\/#organization"}},{"@type":"WebPage","@id":"https:\/\/www.monaco-tribune.com\/it\/2021\/09\/formula-1-il-gran-premio-di-monaco-durera-3-giorni\/","url":"https:\/\/www.monaco-tribune.com\/it\/2021\/09\/formula-1-il-gran-premio-di-monaco-durera-3-giorni\/","name":"Formula 1: il Gran Premio di Monaco durer\u00e0 3 giorni","isPartOf":{"@id":"https:\/\/www.monaco-tribune.com\/it\/#website"},"primaryImageOfPage":{"@id":"https:\/\/www.monaco-tribune.com\/it\/2021\/09\/formula-1-il-gran-premio-di-monaco-durera-3-giorni\/#primaryimage"},"image":{"@id":"https:\/\/www.monaco-tribune.com\/it\/2021\/09\/formula-1-il-gran-premio-di-monaco-durera-3-giorni\/#primaryimage"},"thumbnailUrl":"https:\/\/www.monaco-tribune.com\/wp-content\/uploads\/2021\/09\/grand-prix-monaco.jpeg","datePublished":"2021-09-24T16:05:51+00:00","dateModified":"2021-09-24T16:05:55+00:00","description":"Mercoled\u00ec, l'AD della Formula 1 ha dichiarato che la prossima edizione del Gran Premio di Monaco durer\u00e0 tre giorni invece dei soliti quattro. Niente pi\u00f9","breadcrumb":{"@id":"https:\/\/www.monaco-tribune.com\/it\/2021\/09\/formula-1-il-gran-premio-di-monaco-durera-3-giorni\/#breadcrumb"},"inLanguage":"it-IT","potentialAction":[{"@type":"ReadAction","target":["https:\/\/www.monaco-tribune.com\/it\/2021\/09\/formula-1-il-gran-premio-di-monaco-durera-3-giorni\/"]}]},{"@type":"ImageObject","inLanguage":"it-IT","@id":"https:\/\/www.monaco-tribune.com\/it\/2021\/09\/formula-1-il-gran-premio-di-monaco-durera-3-giorni\/#primaryimage","url":"https:\/\/www.monaco-tribune.com\/wp-content\/uploads\/2021\/09\/grand-prix-monaco.jpeg","contentUrl":"https:\/\/www.monaco-tribune.com\/wp-content\/uploads\/2021\/09\/grand-prix-monaco.jpeg","width":1024,"height":683,"caption":"Direction de la Communication \/ Manuel Vitali"},{"@type":"BreadcrumbList","@id":"https:\/\/www.monaco-tribune.com\/it\/2021\/09\/formula-1-il-gran-premio-di-monaco-durera-3-giorni\/#breadcrumb","itemListElement":[{"@type":"ListItem","position":1,"name":"Accueil","item":"https:\/\/www.monaco-tribune.com\/it\/"},{"@type":"ListItem","position":2,"name":"Formula 1: il Gran Premio di Monaco durer\u00e0 3 giorni"}]},{"@type":"WebSite","@id":"https:\/\/www.monaco-tribune.com\/it\/#website","url":"https:\/\/www.monaco-tribune.com\/it\/","name":"Monaco Tribune","description":"Monaco : actualit\u00e9s \u00e9conomiques, politiques, culturelles et sportives de Monaco et de la French Riviera.","publisher":{"@id":"https:\/\/www.monaco-tribune.com\/it\/#organization"},"potentialAction":[{"@type":"SearchAction","target":{"@type":"EntryPoint","urlTemplate":"https:\/\/www.monaco-tribune.com\/it\/?s={search_term_string}"},"query-input":{"@type":"PropertyValueSpecification","valueRequired":true,"valueName":"search_term_string"}}],"inLanguage":"it-IT"},{"@type":"Organization","@id":"https:\/\/www.monaco-tribune.com\/it\/#organization","name":"Monaco Tribune","url":"https:\/\/www.monaco-tribune.com\/it\/","logo":{"@type":"ImageObject","inLanguage":"it-IT","@id":"https:\/\/www.monaco-tribune.com\/it\/#\/schema\/logo\/image\/","url":"https:\/\/www.monaco-tribune.com\/wp-content\/uploads\/2022\/11\/logo-monaco-tribune.png","contentUrl":"https:\/\/www.monaco-tribune.com\/wp-content\/uploads\/2022\/11\/logo-monaco-tribune.png","width":1548,"height":600,"caption":"Monaco Tribune"},"image":{"@id":"https:\/\/www.monaco-tribune.com\/it\/#\/schema\/logo\/image\/"},"sameAs":["https:\/\/www.facebook.com\/MonacoTribune","https:\/\/x.com\/MonacoTribune","https:\/\/www.instagram.com\/monacotribune\/","https:\/\/www.linkedin.com\/company\/monaco-tribune","https:\/\/www.youtube.com\/channel\/UCHle1MnG6hw1y4lWKijVbMA"]},{"@type":"Person","@id":"https:\/\/www.monaco-tribune.com\/it\/#\/schema\/person\/c8eeb5e36b6ed3782736273e5eb7d764","name":"Josepha Toquereau","image":{"@type":"ImageObject","inLanguage":"it-IT","@id":"https:\/\/secure.gravatar.com\/avatar\/3e06e87605717b00d3b9743f79fca038480454ef05226ef9de5dfa9577c3363f?s=96&d=mm&r=g","url":"https:\/\/secure.gravatar.com\/avatar\/3e06e87605717b00d3b9743f79fca038480454ef05226ef9de5dfa9577c3363f?s=96&d=mm&r=g","contentUrl":"https:\/\/secure.gravatar.com\/avatar\/3e06e87605717b00d3b9743f79fca038480454ef05226ef9de5dfa9577c3363f?s=96&d=mm&r=g","caption":"Josepha Toquereau"},"url":"https:\/\/www.monaco-tribune.com\/it\/author\/josephatoquereau\/"}]}},"_links":{"self":[{"href":"https:\/\/www.monaco-tribune.com\/it\/wp-json\/wp\/v2\/posts\/94497","targetHints":{"allow":["GET"]}}],"collection":[{"href":"https:\/\/www.monaco-tribune.com\/it\/wp-json\/wp\/v2\/posts"}],"about":[{"href":"https:\/\/www.monaco-tribune.com\/it\/wp-json\/wp\/v2\/types\/post"}],"author":[{"embeddable":true,"href":"https:\/\/www.monaco-tribune.com\/it\/wp-json\/wp\/v2\/users\/57"}],"replies":[{"embeddable":true,"href":"https:\/\/www.monaco-tribune.com\/it\/wp-json\/wp\/v2\/comments?post=94497"}],"version-history":[{"count":0,"href":"https:\/\/www.monaco-tribune.com\/it\/wp-json\/wp\/v2\/posts\/94497\/revisions"}],"wp:featuredmedia":[{"embeddable":true,"href":"https:\/\/www.monaco-tribune.com\/it\/wp-json\/wp\/v2\/media\/94424"}],"wp:attachment":[{"href":"https:\/\/www.monaco-tribune.com\/it\/wp-json\/wp\/v2\/media?parent=94497"}],"wp:term":[{"taxonomy":"category","embeddable":true,"href":"https:\/\/www.monaco-tribune.com\/it\/wp-json\/wp\/v2\/categories?post=94497"},{"taxonomy":"post_tag","embeddable":true,"href":"https:\/\/www.monaco-tribune.com\/it\/wp-json\/wp\/v2\/tags?post=94497"},{"taxonomy":"sectag","embeddable":true,"href":"https:\/\/www.monaco-tribune.com\/it\/wp-json\/wp\/v2\/post_sectags?post=94497"},{"taxonomy":"format","embeddable":true,"href":"https:\/\/www.monaco-tribune.com\/it\/wp-json\/wp\/v2\/post_format?post=94497"}],"curies":[{"name":"wp","href":"https:\/\/api.w.org\/{rel}","templated":true}]}}