{"id":94849,"date":"2021-09-28T18:24:46","date_gmt":"2021-09-28T16:24:46","guid":{"rendered":"https:\/\/www.monaco-tribune.com\/2021\/09\/video-due-chiacchiere-con-gli-espositori-monegaschi-del-monaco-yacht-show\/"},"modified":"2021-09-29T18:35:10","modified_gmt":"2021-09-29T16:35:10","slug":"video-due-chiacchiere-con-gli-espositori-monegaschi-del-monaco-yacht-show","status":"publish","type":"post","link":"https:\/\/www.monaco-tribune.com\/it\/2021\/09\/video-due-chiacchiere-con-gli-espositori-monegaschi-del-monaco-yacht-show\/","title":{"rendered":"VIDEO. Due chiacchiere con gli espositori monegaschi del Monaco Yacht Show"},"content":{"rendered":"\n<p><strong>Le telecamere di Monaco-Tribune hanno incontrato per voi alcuni espositori locali.<\/strong><\/p>\n\n\n\n<p>Per la felicit\u00e0 degli appassionati di yachting, il Monaco Yacht Show si \u00e8 svolto dal 22 al 25 settembre 2021. Nonostante il Covid, l&#8217;evento ha riunito un centinaio di yacht, pi\u00f9 di 440 aziende, 340 stand sui pontili e una quarantina di nazionalit\u00e0.<\/p>\n\n\n\n<p>Nel video, Ga\u00eblle Tallarida, Direttrice generale del Monaco Yacht Show, fa una prima constatazione &#8220;molto positiva, c&#8217;\u00e8 una bella clientela&#8221;.<\/p>\n\n\n\n<p>La parola passa poi a Sabrina Monteleone-Oeino, designer del marchio Sabrina Monte-Carlo, un brand monegasco che si occupa di arredamento d&#8217;interni per barche. Dan Lavore, incaricato della comunicazione di Monte-Carlo Automobiles, ci presenta i due nuovi modelli &#8220;\u00e9t\u00e9&#8221; e &#8220;mig20&#8221;. Per finire, Lia Riva, proprietaria del leggendario marchio Riva Monaco Boat Service, fondato oltre 60 anni fa nel Principato.<\/p>\n\n\n\n<figure class=\"wp-block-embed is-type-video is-provider-youtube wp-block-embed-youtube wp-embed-aspect-16-9 wp-has-aspect-ratio\"><div class=\"wp-block-embed__wrapper\">\n<iframe title=\"Monaco Yacht Show: Due chiacchiere con gli espositori monegaschi\" width=\"500\" height=\"281\" src=\"https:\/\/www.youtube.com\/embed\/CvWzOTm2gIo?feature=oembed\" frameborder=\"0\" allow=\"accelerometer; autoplay; clipboard-write; encrypted-media; gyroscope; picture-in-picture; web-share\" referrerpolicy=\"strict-origin-when-cross-origin\" allowfullscreen><\/iframe>\n<\/div><\/figure>\n","protected":false},"excerpt":{"rendered":"<p>Le telecamere di Monaco-Tribune hanno incontrato per voi alcuni espositori locali. Per la felicit\u00e0 degli appassionati di yachting, il Monaco [&hellip;]<\/p>\n","protected":false},"author":54,"featured_media":69866,"comment_status":"closed","ping_status":"closed","sticky":false,"template":"","format":"standard","meta":{"_acf_changed":false,"footnotes":""},"categories":[1739,1826,1738],"tags":[],"post_sectags":[],"post_format":[2484],"class_list":["post-94849","post","type-post","status-publish","format-standard","has-post-thumbnail","hentry","category-business-it","category-la-nostra-scelta","category-notizie","format-video-it"],"acf":[],"yoast_head":"<!-- This site is optimized with the Yoast SEO Premium plugin v27.5 (Yoast SEO v27.5) - https:\/\/yoast.com\/product\/yoast-seo-premium-wordpress\/ -->\n<title>VIDEO. Due chiacchiere con gli espositori monegaschi del Monaco Yacht Show<\/title>\n<meta name=\"description\" content=\"Le telecamere di Monaco-Tribune hanno incontrato per voi alcuni espositori locali. Per la felicit\u00e0 degli appassionati di yachting, il Monaco Yacht Show si\" \/>\n<meta name=\"robots\" content=\"index, follow, max-snippet:-1, max-image-preview:large, max-video-preview:-1\" \/>\n<link rel=\"canonical\" href=\"https:\/\/www.monaco-tribune.com\/it\/2021\/09\/video-due-chiacchiere-con-gli-espositori-monegaschi-del-monaco-yacht-show\/\" \/>\n<meta property=\"og:locale\" content=\"it_IT\" \/>\n<meta property=\"og:type\" content=\"article\" \/>\n<meta property=\"og:title\" content=\"VIDEO. Due chiacchiere con gli espositori monegaschi del Monaco Yacht Show - Monaco Tribune\" \/>\n<meta property=\"og:description\" content=\"Le telecamere di Monaco-Tribune hanno incontrato per voi alcuni espositori locali. Per la felicit\u00e0 degli appassionati di yachting, il Monaco Yacht Show si\" \/>\n<meta property=\"og:url\" content=\"https:\/\/www.monaco-tribune.com\/it\/2021\/09\/video-due-chiacchiere-con-gli-espositori-monegaschi-del-monaco-yacht-show\/\" \/>\n<meta property=\"og:site_name\" content=\"Monaco Tribune\" \/>\n<meta property=\"article:publisher\" content=\"https:\/\/www.facebook.com\/MonacoTribune\" \/>\n<meta property=\"article:published_time\" content=\"2021-09-28T16:24:46+00:00\" \/>\n<meta property=\"article:modified_time\" content=\"2021-09-29T16:35:10+00:00\" \/>\n<meta property=\"og:image\" content=\"https:\/\/www.monaco-tribune.com\/wp-content\/uploads\/2021\/02\/monaco-yacht-show-2021.jpg\" \/>\n\t<meta property=\"og:image:width\" content=\"1200\" \/>\n\t<meta property=\"og:image:height\" content=\"675\" \/>\n\t<meta property=\"og:image:type\" content=\"image\/jpeg\" \/>\n<meta name=\"author\" content=\"Simon Zwierniak\" \/>\n<meta name=\"twitter:card\" content=\"summary_large_image\" \/>\n<meta name=\"twitter:creator\" content=\"@MonacoTribune\" \/>\n<meta name=\"twitter:site\" content=\"@MonacoTribune\" \/>\n<script type=\"application\/ld+json\" class=\"yoast-schema-graph\">{\"@context\":\"https:\\\/\\\/schema.org\",\"@graph\":[{\"@type\":\"NewsArticle\",\"@id\":\"https:\\\/\\\/www.monaco-tribune.com\\\/it\\\/2021\\\/09\\\/video-due-chiacchiere-con-gli-espositori-monegaschi-del-monaco-yacht-show\\\/#article\",\"isPartOf\":{\"@id\":\"https:\\\/\\\/www.monaco-tribune.com\\\/it\\\/2021\\\/09\\\/video-due-chiacchiere-con-gli-espositori-monegaschi-del-monaco-yacht-show\\\/\"},\"author\":{\"name\":\"Simon Zwierniak\",\"@id\":\"https:\\\/\\\/www.monaco-tribune.com\\\/it\\\/#\\\/schema\\\/person\\\/8999750e061d77476d5caf542c77c841\"},\"headline\":\"VIDEO. Due chiacchiere con gli espositori monegaschi del Monaco Yacht Show\",\"datePublished\":\"2021-09-28T16:24:46+00:00\",\"dateModified\":\"2021-09-29T16:35:10+00:00\",\"mainEntityOfPage\":{\"@id\":\"https:\\\/\\\/www.monaco-tribune.com\\\/it\\\/2021\\\/09\\\/video-due-chiacchiere-con-gli-espositori-monegaschi-del-monaco-yacht-show\\\/\"},\"wordCount\":145,\"publisher\":{\"@id\":\"https:\\\/\\\/www.monaco-tribune.com\\\/it\\\/#organization\"},\"image\":{\"@id\":\"https:\\\/\\\/www.monaco-tribune.com\\\/it\\\/2021\\\/09\\\/video-due-chiacchiere-con-gli-espositori-monegaschi-del-monaco-yacht-show\\\/#primaryimage\"},\"thumbnailUrl\":\"https:\\\/\\\/www.monaco-tribune.com\\\/wp-content\\\/uploads\\\/2021\\\/02\\\/monaco-yacht-show-2021.jpg\",\"articleSection\":[\"Business\",\"La nostra scelta\",\"Notizie\"],\"inLanguage\":\"it-IT\",\"copyrightYear\":\"2021\",\"copyrightHolder\":{\"@id\":\"https:\\\/\\\/www.monaco-tribune.com\\\/#organization\"}},{\"@type\":\"WebPage\",\"@id\":\"https:\\\/\\\/www.monaco-tribune.com\\\/it\\\/2021\\\/09\\\/video-due-chiacchiere-con-gli-espositori-monegaschi-del-monaco-yacht-show\\\/\",\"url\":\"https:\\\/\\\/www.monaco-tribune.com\\\/it\\\/2021\\\/09\\\/video-due-chiacchiere-con-gli-espositori-monegaschi-del-monaco-yacht-show\\\/\",\"name\":\"VIDEO. Due chiacchiere con gli espositori monegaschi del Monaco Yacht Show\",\"isPartOf\":{\"@id\":\"https:\\\/\\\/www.monaco-tribune.com\\\/it\\\/#website\"},\"primaryImageOfPage\":{\"@id\":\"https:\\\/\\\/www.monaco-tribune.com\\\/it\\\/2021\\\/09\\\/video-due-chiacchiere-con-gli-espositori-monegaschi-del-monaco-yacht-show\\\/#primaryimage\"},\"image\":{\"@id\":\"https:\\\/\\\/www.monaco-tribune.com\\\/it\\\/2021\\\/09\\\/video-due-chiacchiere-con-gli-espositori-monegaschi-del-monaco-yacht-show\\\/#primaryimage\"},\"thumbnailUrl\":\"https:\\\/\\\/www.monaco-tribune.com\\\/wp-content\\\/uploads\\\/2021\\\/02\\\/monaco-yacht-show-2021.jpg\",\"datePublished\":\"2021-09-28T16:24:46+00:00\",\"dateModified\":\"2021-09-29T16:35:10+00:00\",\"description\":\"Le telecamere di Monaco-Tribune hanno incontrato per voi alcuni espositori locali. Per la felicit\u00e0 degli appassionati di yachting, il Monaco Yacht Show si\",\"breadcrumb\":{\"@id\":\"https:\\\/\\\/www.monaco-tribune.com\\\/it\\\/2021\\\/09\\\/video-due-chiacchiere-con-gli-espositori-monegaschi-del-monaco-yacht-show\\\/#breadcrumb\"},\"inLanguage\":\"it-IT\",\"potentialAction\":[{\"@type\":\"ReadAction\",\"target\":[\"https:\\\/\\\/www.monaco-tribune.com\\\/it\\\/2021\\\/09\\\/video-due-chiacchiere-con-gli-espositori-monegaschi-del-monaco-yacht-show\\\/\"]}]},{\"@type\":\"ImageObject\",\"inLanguage\":\"it-IT\",\"@id\":\"https:\\\/\\\/www.monaco-tribune.com\\\/it\\\/2021\\\/09\\\/video-due-chiacchiere-con-gli-espositori-monegaschi-del-monaco-yacht-show\\\/#primaryimage\",\"url\":\"https:\\\/\\\/www.monaco-tribune.com\\\/wp-content\\\/uploads\\\/2021\\\/02\\\/monaco-yacht-show-2021.jpg\",\"contentUrl\":\"https:\\\/\\\/www.monaco-tribune.com\\\/wp-content\\\/uploads\\\/2021\\\/02\\\/monaco-yacht-show-2021.jpg\",\"width\":1200,\"height\":675,\"caption\":\"MYS 2021\"},{\"@type\":\"BreadcrumbList\",\"@id\":\"https:\\\/\\\/www.monaco-tribune.com\\\/it\\\/2021\\\/09\\\/video-due-chiacchiere-con-gli-espositori-monegaschi-del-monaco-yacht-show\\\/#breadcrumb\",\"itemListElement\":[{\"@type\":\"ListItem\",\"position\":1,\"name\":\"Accueil\",\"item\":\"https:\\\/\\\/www.monaco-tribune.com\\\/it\\\/\"},{\"@type\":\"ListItem\",\"position\":2,\"name\":\"VIDEO. Due chiacchiere con gli espositori monegaschi del Monaco Yacht Show\"}]},{\"@type\":\"WebSite\",\"@id\":\"https:\\\/\\\/www.monaco-tribune.com\\\/it\\\/#website\",\"url\":\"https:\\\/\\\/www.monaco-tribune.com\\\/it\\\/\",\"name\":\"Monaco Tribune\",\"description\":\"Monaco : actualit\u00e9s \u00e9conomiques, politiques, culturelles et sportives de Monaco et de la French Riviera.\",\"publisher\":{\"@id\":\"https:\\\/\\\/www.monaco-tribune.com\\\/it\\\/#organization\"},\"potentialAction\":[{\"@type\":\"SearchAction\",\"target\":{\"@type\":\"EntryPoint\",\"urlTemplate\":\"https:\\\/\\\/www.monaco-tribune.com\\\/it\\\/?s={search_term_string}\"},\"query-input\":{\"@type\":\"PropertyValueSpecification\",\"valueRequired\":true,\"valueName\":\"search_term_string\"}}],\"inLanguage\":\"it-IT\"},{\"@type\":\"Organization\",\"@id\":\"https:\\\/\\\/www.monaco-tribune.com\\\/it\\\/#organization\",\"name\":\"Monaco Tribune\",\"url\":\"https:\\\/\\\/www.monaco-tribune.com\\\/it\\\/\",\"logo\":{\"@type\":\"ImageObject\",\"inLanguage\":\"it-IT\",\"@id\":\"https:\\\/\\\/www.monaco-tribune.com\\\/it\\\/#\\\/schema\\\/logo\\\/image\\\/\",\"url\":\"https:\\\/\\\/www.monaco-tribune.com\\\/wp-content\\\/uploads\\\/2022\\\/11\\\/logo-monaco-tribune.png\",\"contentUrl\":\"https:\\\/\\\/www.monaco-tribune.com\\\/wp-content\\\/uploads\\\/2022\\\/11\\\/logo-monaco-tribune.png\",\"width\":1548,\"height\":600,\"caption\":\"Monaco Tribune\"},\"image\":{\"@id\":\"https:\\\/\\\/www.monaco-tribune.com\\\/it\\\/#\\\/schema\\\/logo\\\/image\\\/\"},\"sameAs\":[\"https:\\\/\\\/www.facebook.com\\\/MonacoTribune\",\"https:\\\/\\\/x.com\\\/MonacoTribune\",\"https:\\\/\\\/www.instagram.com\\\/monacotribune\\\/\",\"https:\\\/\\\/www.linkedin.com\\\/company\\\/monaco-tribune\",\"https:\\\/\\\/www.youtube.com\\\/channel\\\/UCHle1MnG6hw1y4lWKijVbMA\"]},{\"@type\":\"Person\",\"@id\":\"https:\\\/\\\/www.monaco-tribune.com\\\/it\\\/#\\\/schema\\\/person\\\/8999750e061d77476d5caf542c77c841\",\"name\":\"Simon Zwierniak\",\"image\":{\"@type\":\"ImageObject\",\"inLanguage\":\"it-IT\",\"@id\":\"https:\\\/\\\/secure.gravatar.com\\\/avatar\\\/4996370fc4436ccbc5a09f3a9d6393bb07b46b707a1982d1874380fb0c5458de?s=96&d=mm&r=g\",\"url\":\"https:\\\/\\\/secure.gravatar.com\\\/avatar\\\/4996370fc4436ccbc5a09f3a9d6393bb07b46b707a1982d1874380fb0c5458de?s=96&d=mm&r=g\",\"contentUrl\":\"https:\\\/\\\/secure.gravatar.com\\\/avatar\\\/4996370fc4436ccbc5a09f3a9d6393bb07b46b707a1982d1874380fb0c5458de?s=96&d=mm&r=g\",\"caption\":\"Simon Zwierniak\"},\"url\":\"https:\\\/\\\/www.monaco-tribune.com\\\/it\\\/author\\\/simonzwierniak\\\/\"}]}<\/script>\n<!-- \/ Yoast SEO Premium plugin. -->","yoast_head_json":{"title":"VIDEO. Due chiacchiere con gli espositori monegaschi del Monaco Yacht Show","description":"Le telecamere di Monaco-Tribune hanno incontrato per voi alcuni espositori locali. Per la felicit\u00e0 degli appassionati di yachting, il Monaco Yacht Show si","robots":{"index":"index","follow":"follow","max-snippet":"max-snippet:-1","max-image-preview":"max-image-preview:large","max-video-preview":"max-video-preview:-1"},"canonical":"https:\/\/www.monaco-tribune.com\/it\/2021\/09\/video-due-chiacchiere-con-gli-espositori-monegaschi-del-monaco-yacht-show\/","og_locale":"it_IT","og_type":"article","og_title":"VIDEO. Due chiacchiere con gli espositori monegaschi del Monaco Yacht Show - Monaco Tribune","og_description":"Le telecamere di Monaco-Tribune hanno incontrato per voi alcuni espositori locali. Per la felicit\u00e0 degli appassionati di yachting, il Monaco Yacht Show si","og_url":"https:\/\/www.monaco-tribune.com\/it\/2021\/09\/video-due-chiacchiere-con-gli-espositori-monegaschi-del-monaco-yacht-show\/","og_site_name":"Monaco Tribune","article_publisher":"https:\/\/www.facebook.com\/MonacoTribune","article_published_time":"2021-09-28T16:24:46+00:00","article_modified_time":"2021-09-29T16:35:10+00:00","og_image":[{"width":1200,"height":675,"url":"https:\/\/www.monaco-tribune.com\/wp-content\/uploads\/2021\/02\/monaco-yacht-show-2021.jpg","type":"image\/jpeg"}],"author":"Simon Zwierniak","twitter_card":"summary_large_image","twitter_creator":"@MonacoTribune","twitter_site":"@MonacoTribune","schema":{"@context":"https:\/\/schema.org","@graph":[{"@type":"NewsArticle","@id":"https:\/\/www.monaco-tribune.com\/it\/2021\/09\/video-due-chiacchiere-con-gli-espositori-monegaschi-del-monaco-yacht-show\/#article","isPartOf":{"@id":"https:\/\/www.monaco-tribune.com\/it\/2021\/09\/video-due-chiacchiere-con-gli-espositori-monegaschi-del-monaco-yacht-show\/"},"author":{"name":"Simon Zwierniak","@id":"https:\/\/www.monaco-tribune.com\/it\/#\/schema\/person\/8999750e061d77476d5caf542c77c841"},"headline":"VIDEO. Due chiacchiere con gli espositori monegaschi del Monaco Yacht Show","datePublished":"2021-09-28T16:24:46+00:00","dateModified":"2021-09-29T16:35:10+00:00","mainEntityOfPage":{"@id":"https:\/\/www.monaco-tribune.com\/it\/2021\/09\/video-due-chiacchiere-con-gli-espositori-monegaschi-del-monaco-yacht-show\/"},"wordCount":145,"publisher":{"@id":"https:\/\/www.monaco-tribune.com\/it\/#organization"},"image":{"@id":"https:\/\/www.monaco-tribune.com\/it\/2021\/09\/video-due-chiacchiere-con-gli-espositori-monegaschi-del-monaco-yacht-show\/#primaryimage"},"thumbnailUrl":"https:\/\/www.monaco-tribune.com\/wp-content\/uploads\/2021\/02\/monaco-yacht-show-2021.jpg","articleSection":["Business","La nostra scelta","Notizie"],"inLanguage":"it-IT","copyrightYear":"2021","copyrightHolder":{"@id":"https:\/\/www.monaco-tribune.com\/#organization"}},{"@type":"WebPage","@id":"https:\/\/www.monaco-tribune.com\/it\/2021\/09\/video-due-chiacchiere-con-gli-espositori-monegaschi-del-monaco-yacht-show\/","url":"https:\/\/www.monaco-tribune.com\/it\/2021\/09\/video-due-chiacchiere-con-gli-espositori-monegaschi-del-monaco-yacht-show\/","name":"VIDEO. Due chiacchiere con gli espositori monegaschi del Monaco Yacht Show","isPartOf":{"@id":"https:\/\/www.monaco-tribune.com\/it\/#website"},"primaryImageOfPage":{"@id":"https:\/\/www.monaco-tribune.com\/it\/2021\/09\/video-due-chiacchiere-con-gli-espositori-monegaschi-del-monaco-yacht-show\/#primaryimage"},"image":{"@id":"https:\/\/www.monaco-tribune.com\/it\/2021\/09\/video-due-chiacchiere-con-gli-espositori-monegaschi-del-monaco-yacht-show\/#primaryimage"},"thumbnailUrl":"https:\/\/www.monaco-tribune.com\/wp-content\/uploads\/2021\/02\/monaco-yacht-show-2021.jpg","datePublished":"2021-09-28T16:24:46+00:00","dateModified":"2021-09-29T16:35:10+00:00","description":"Le telecamere di Monaco-Tribune hanno incontrato per voi alcuni espositori locali. Per la felicit\u00e0 degli appassionati di yachting, il Monaco Yacht Show si","breadcrumb":{"@id":"https:\/\/www.monaco-tribune.com\/it\/2021\/09\/video-due-chiacchiere-con-gli-espositori-monegaschi-del-monaco-yacht-show\/#breadcrumb"},"inLanguage":"it-IT","potentialAction":[{"@type":"ReadAction","target":["https:\/\/www.monaco-tribune.com\/it\/2021\/09\/video-due-chiacchiere-con-gli-espositori-monegaschi-del-monaco-yacht-show\/"]}]},{"@type":"ImageObject","inLanguage":"it-IT","@id":"https:\/\/www.monaco-tribune.com\/it\/2021\/09\/video-due-chiacchiere-con-gli-espositori-monegaschi-del-monaco-yacht-show\/#primaryimage","url":"https:\/\/www.monaco-tribune.com\/wp-content\/uploads\/2021\/02\/monaco-yacht-show-2021.jpg","contentUrl":"https:\/\/www.monaco-tribune.com\/wp-content\/uploads\/2021\/02\/monaco-yacht-show-2021.jpg","width":1200,"height":675,"caption":"MYS 2021"},{"@type":"BreadcrumbList","@id":"https:\/\/www.monaco-tribune.com\/it\/2021\/09\/video-due-chiacchiere-con-gli-espositori-monegaschi-del-monaco-yacht-show\/#breadcrumb","itemListElement":[{"@type":"ListItem","position":1,"name":"Accueil","item":"https:\/\/www.monaco-tribune.com\/it\/"},{"@type":"ListItem","position":2,"name":"VIDEO. Due chiacchiere con gli espositori monegaschi del Monaco Yacht Show"}]},{"@type":"WebSite","@id":"https:\/\/www.monaco-tribune.com\/it\/#website","url":"https:\/\/www.monaco-tribune.com\/it\/","name":"Monaco Tribune","description":"Monaco : actualit\u00e9s \u00e9conomiques, politiques, culturelles et sportives de Monaco et de la French Riviera.","publisher":{"@id":"https:\/\/www.monaco-tribune.com\/it\/#organization"},"potentialAction":[{"@type":"SearchAction","target":{"@type":"EntryPoint","urlTemplate":"https:\/\/www.monaco-tribune.com\/it\/?s={search_term_string}"},"query-input":{"@type":"PropertyValueSpecification","valueRequired":true,"valueName":"search_term_string"}}],"inLanguage":"it-IT"},{"@type":"Organization","@id":"https:\/\/www.monaco-tribune.com\/it\/#organization","name":"Monaco Tribune","url":"https:\/\/www.monaco-tribune.com\/it\/","logo":{"@type":"ImageObject","inLanguage":"it-IT","@id":"https:\/\/www.monaco-tribune.com\/it\/#\/schema\/logo\/image\/","url":"https:\/\/www.monaco-tribune.com\/wp-content\/uploads\/2022\/11\/logo-monaco-tribune.png","contentUrl":"https:\/\/www.monaco-tribune.com\/wp-content\/uploads\/2022\/11\/logo-monaco-tribune.png","width":1548,"height":600,"caption":"Monaco Tribune"},"image":{"@id":"https:\/\/www.monaco-tribune.com\/it\/#\/schema\/logo\/image\/"},"sameAs":["https:\/\/www.facebook.com\/MonacoTribune","https:\/\/x.com\/MonacoTribune","https:\/\/www.instagram.com\/monacotribune\/","https:\/\/www.linkedin.com\/company\/monaco-tribune","https:\/\/www.youtube.com\/channel\/UCHle1MnG6hw1y4lWKijVbMA"]},{"@type":"Person","@id":"https:\/\/www.monaco-tribune.com\/it\/#\/schema\/person\/8999750e061d77476d5caf542c77c841","name":"Simon Zwierniak","image":{"@type":"ImageObject","inLanguage":"it-IT","@id":"https:\/\/secure.gravatar.com\/avatar\/4996370fc4436ccbc5a09f3a9d6393bb07b46b707a1982d1874380fb0c5458de?s=96&d=mm&r=g","url":"https:\/\/secure.gravatar.com\/avatar\/4996370fc4436ccbc5a09f3a9d6393bb07b46b707a1982d1874380fb0c5458de?s=96&d=mm&r=g","contentUrl":"https:\/\/secure.gravatar.com\/avatar\/4996370fc4436ccbc5a09f3a9d6393bb07b46b707a1982d1874380fb0c5458de?s=96&d=mm&r=g","caption":"Simon Zwierniak"},"url":"https:\/\/www.monaco-tribune.com\/it\/author\/simonzwierniak\/"}]}},"_links":{"self":[{"href":"https:\/\/www.monaco-tribune.com\/it\/wp-json\/wp\/v2\/posts\/94849","targetHints":{"allow":["GET"]}}],"collection":[{"href":"https:\/\/www.monaco-tribune.com\/it\/wp-json\/wp\/v2\/posts"}],"about":[{"href":"https:\/\/www.monaco-tribune.com\/it\/wp-json\/wp\/v2\/types\/post"}],"author":[{"embeddable":true,"href":"https:\/\/www.monaco-tribune.com\/it\/wp-json\/wp\/v2\/users\/54"}],"replies":[{"embeddable":true,"href":"https:\/\/www.monaco-tribune.com\/it\/wp-json\/wp\/v2\/comments?post=94849"}],"version-history":[{"count":0,"href":"https:\/\/www.monaco-tribune.com\/it\/wp-json\/wp\/v2\/posts\/94849\/revisions"}],"wp:featuredmedia":[{"embeddable":true,"href":"https:\/\/www.monaco-tribune.com\/it\/wp-json\/wp\/v2\/media\/69866"}],"wp:attachment":[{"href":"https:\/\/www.monaco-tribune.com\/it\/wp-json\/wp\/v2\/media?parent=94849"}],"wp:term":[{"taxonomy":"category","embeddable":true,"href":"https:\/\/www.monaco-tribune.com\/it\/wp-json\/wp\/v2\/categories?post=94849"},{"taxonomy":"post_tag","embeddable":true,"href":"https:\/\/www.monaco-tribune.com\/it\/wp-json\/wp\/v2\/tags?post=94849"},{"taxonomy":"sectag","embeddable":true,"href":"https:\/\/www.monaco-tribune.com\/it\/wp-json\/wp\/v2\/post_sectags?post=94849"},{"taxonomy":"format","embeddable":true,"href":"https:\/\/www.monaco-tribune.com\/it\/wp-json\/wp\/v2\/post_format?post=94849"}],"curies":[{"name":"wp","href":"https:\/\/api.w.org\/{rel}","templated":true}]}}