{"id":95123,"date":"2021-09-30T17:07:34","date_gmt":"2021-09-30T15:07:34","guid":{"rendered":"https:\/\/www.monaco-tribune.com\/2021\/09\/foto-5-cantieri-che-rivoluzioneranno-la-monaco-di-domani\/"},"modified":"2021-09-30T18:16:55","modified_gmt":"2021-09-30T16:16:55","slug":"foto-5-cantieri-che-rivoluzioneranno-la-monaco-di-domani","status":"publish","type":"post","link":"https:\/\/www.monaco-tribune.com\/it\/2021\/09\/foto-5-cantieri-che-rivoluzioneranno-la-monaco-di-domani\/","title":{"rendered":"FOTO. 5 cantieri che rivoluzioneranno la Monaco di domani"},"content":{"rendered":"\n<p><strong>Ci passate davanti tutti i giorni, ma sapete che aspetto avranno queste costruzioni? Scopriamo insieme il futuro volto del Principato.<\/strong><\/p>\n\n\n\n<p>Opere vertiginose, cantieri giganteschi che durano da anni ma che sono necessari per la comunit\u00e0. Scopriamo i cinque edifici che cambieranno completamente il paesaggio urbano del Principato (tra qualche anno).<\/p>\n\n\n\n<h2 class=\"has-text-align-center wp-block-heading\">Testimonio II<\/h2>\n\n\n\n<p>Dopo la Torre Od\u00e9on, il Groupe Marzocco ha iniziato un nuovo progetto di simile entit\u00e0 nelle vicinanze. La societ\u00e0 ha affidato l&#8217;opera all&#8217;architetto Alexandre Giraldi e allo studio Arquitectonia per assicurare una certa continuit\u00e0.<\/p>\n\n\n\n<p>Testimonio II \u00e8 costituito da 348 appartamenti, un asilo nido per 50 bambini e ospiter\u00e0 la Scuola Internazionale di Monaco che accoglier\u00e0 700 studenti.<\/p>\n\n\n\n<p>La consegna del complesso \u00e8 prevista per il 2024.<\/p>\n\n\n\n<figure class=\"wp-block-gallery aligncenter columns-1 is-cropped wp-block-gallery-1 is-layout-flex wp-block-gallery-is-layout-flex\"><ul class=\"blocks-gallery-grid\"><li class=\"blocks-gallery-item\"><figure><img loading=\"lazy\" decoding=\"async\" width=\"682\" height=\"384\" src=\"https:\/\/www.monaco-tribune.com\/wp-content\/uploads\/2021\/09\/testomonio-ii-chantier.jpg\" alt=\"\" data-id=\"94811\" data-full-url=\"https:\/\/www.monaco-tribune.com\/wp-content\/uploads\/2021\/09\/testomonio-ii-chantier.jpg\" data-link=\"https:\/\/www.monaco-tribune.com\/?attachment_id=94811\" class=\"wp-image-94813\" srcset=\"https:\/\/www.monaco-tribune.com\/wp-content\/uploads\/2021\/09\/testomonio-ii-chantier.jpg 682w, https:\/\/www.monaco-tribune.com\/wp-content\/uploads\/2021\/09\/testomonio-ii-chantier-533x300.jpg 533w, https:\/\/www.monaco-tribune.com\/wp-content\/uploads\/2021\/09\/testomonio-ii-chantier-266x150.jpg 266w, https:\/\/www.monaco-tribune.com\/wp-content\/uploads\/2021\/09\/testomonio-ii-chantier-175x99.jpg 175w\" sizes=\"auto, (max-width: 682px) 100vw, 682px\" \/><figcaption class=\"blocks-gallery-item__caption\">\u00a9 Simon Zwierniak\/Monaco-Tribune<\/figcaption><\/figure><\/li><li class=\"blocks-gallery-item\"><figure><img loading=\"lazy\" decoding=\"async\" width=\"741\" height=\"486\" src=\"https:\/\/www.monaco-tribune.com\/wp-content\/uploads\/2021\/09\/testimonio-ii-projet.jpeg\" alt=\"\" data-id=\"94807\" data-full-url=\"https:\/\/www.monaco-tribune.com\/wp-content\/uploads\/2021\/09\/testimonio-ii-projet.jpeg\" data-link=\"https:\/\/www.monaco-tribune.com\/?attachment_id=94807\" class=\"wp-image-94809\" srcset=\"https:\/\/www.monaco-tribune.com\/wp-content\/uploads\/2021\/09\/testimonio-ii-projet.jpeg 741w, https:\/\/www.monaco-tribune.com\/wp-content\/uploads\/2021\/09\/testimonio-ii-projet-457x300.jpeg 457w, https:\/\/www.monaco-tribune.com\/wp-content\/uploads\/2021\/09\/testimonio-ii-projet-229x150.jpeg 229w, https:\/\/www.monaco-tribune.com\/wp-content\/uploads\/2021\/09\/testimonio-ii-projet-175x115.jpeg 175w\" sizes=\"auto, (max-width: 741px) 100vw, 741px\" \/><figcaption class=\"blocks-gallery-item__caption\">\u00a9 Groupe Marzocco<\/figcaption><\/figure><\/li><\/ul><\/figure>\n\n\n\n<h2 class=\"has-text-align-center wp-block-heading\">\u00celot Pasteur<\/h2>\n\n\n\n<p>Questo spazio multifunzionale \u00e8 realizzato dall&#8217;agenzia Square (Fran\u00e7ois Lallemand) e CCA (Christian Curau)*. Tra Boulevard Rainier III e Avenue de Fontvieille, l&#8217;edificio sar\u00e0 la quintessenza dell&#8217;ottimizzazione.<\/p>\n\n\n\n<p>Il complesso ospiter\u00e0 un parcheggio pubblico con 910 posti, una scuola per 1.500 studenti, una palestra, una piscina, un centro di smistamento, un centro multimediale, una sala polivalente, 7.560 m\u00b2 di uffici e non solo.<\/p>\n\n\n\n<p>La fine del progetto \u00e8 prevista nel 2024-2025.<\/p>\n\n\n\n<figure class=\"wp-block-gallery aligncenter columns-1 is-cropped wp-block-gallery-2 is-layout-flex wp-block-gallery-is-layout-flex\"><ul class=\"blocks-gallery-grid\"><li class=\"blocks-gallery-item\"><figure><img loading=\"lazy\" decoding=\"async\" width=\"682\" height=\"384\" src=\"https:\/\/www.monaco-tribune.com\/wp-content\/uploads\/2021\/09\/college-charles-iii-ilot-pasteur-chantier.jpg\" alt=\"\" data-id=\"94803\" data-full-url=\"https:\/\/www.monaco-tribune.com\/wp-content\/uploads\/2021\/09\/college-charles-iii-ilot-pasteur-chantier.jpg\" data-link=\"https:\/\/www.monaco-tribune.com\/?attachment_id=94803\" class=\"wp-image-94805\" srcset=\"https:\/\/www.monaco-tribune.com\/wp-content\/uploads\/2021\/09\/college-charles-iii-ilot-pasteur-chantier.jpg 682w, https:\/\/www.monaco-tribune.com\/wp-content\/uploads\/2021\/09\/college-charles-iii-ilot-pasteur-chantier-533x300.jpg 533w, https:\/\/www.monaco-tribune.com\/wp-content\/uploads\/2021\/09\/college-charles-iii-ilot-pasteur-chantier-266x150.jpg 266w, https:\/\/www.monaco-tribune.com\/wp-content\/uploads\/2021\/09\/college-charles-iii-ilot-pasteur-chantier-175x99.jpg 175w\" sizes=\"auto, (max-width: 682px) 100vw, 682px\" \/><figcaption class=\"blocks-gallery-item__caption\">\u00a9 Simon Zwierniak\/Monaco-Tribune<\/figcaption><\/figure><\/li><li class=\"blocks-gallery-item\"><figure><img loading=\"lazy\" decoding=\"async\" width=\"534\" height=\"300\" src=\"https:\/\/www.monaco-tribune.com\/wp-content\/uploads\/2021\/09\/college-charles-iii-ilot-pasteur-projet.png\" alt=\"\" data-id=\"94799\" data-full-url=\"https:\/\/www.monaco-tribune.com\/wp-content\/uploads\/2021\/09\/college-charles-iii-ilot-pasteur-projet.png\" data-link=\"https:\/\/www.monaco-tribune.com\/?attachment_id=94799\" class=\"wp-image-94801\" srcset=\"https:\/\/www.monaco-tribune.com\/wp-content\/uploads\/2021\/09\/college-charles-iii-ilot-pasteur-projet.png 534w, https:\/\/www.monaco-tribune.com\/wp-content\/uploads\/2021\/09\/college-charles-iii-ilot-pasteur-projet-267x150.png 267w, https:\/\/www.monaco-tribune.com\/wp-content\/uploads\/2021\/09\/college-charles-iii-ilot-pasteur-projet-175x98.png 175w\" sizes=\"auto, (max-width: 534px) 100vw, 534px\" \/><figcaption class=\"blocks-gallery-item__caption\"> \u00a9 Square<\/figcaption><\/figure><\/li><\/ul><\/figure>\n\n\n\n<p><strong>&gt;&gt; LEGGI ANCHE: <\/strong><a href=\"https:\/\/www.monaco-tribune.com\/it\/2021\/06\/nuove-soluzioni-a-monaco-per-ridurre-limpatto-acustico-dei-cantieri\/\">Nuove soluzioni a Monaco per ridurre l\u2019impatto acustico dei cantieri<\/a><\/p>\n\n\n\n<h2 class=\"has-text-align-center wp-block-heading\">Espansione sul mare<\/h2>\n\n\n\n<p>Anse du Portier e Mareterra \u00e8 un&#8217;estensione sul mare di 60.000 m\u00b2 per un budget stimato di 2 miliardi di euro. Il nuovo quartiere sar\u00e0 costituito da spazi pubblici e residenziali destinati a rispondere alla sempre maggiore richiesta di propriet\u00e0 di lusso a Monaco.<\/p>\n\n\n\n<p>Dietro quest&#8217;impresa si celano grandi nomi: come Valode &amp; Pistre Architects, <a href=\"https:\/\/www.monaco-tribune.com\/it\/2021\/07\/il-nuovo-complesso-balneare-del-larvotto-apre-i-battenti\/\">Renzo Piano (autore del Larvotto)<\/a>, Michel Desvigne per il paesaggio, l&#8217;architetto Alexandre Giraldi e non solo. Il quartiere sar\u00e0 pedonale, in linea con l&#8217;obiettivo del Principato di ridurre le emissioni a zero entro il 2050.<\/p>\n\n\n\n<p>Appuntamento al 2025 per vedere il risultato.<\/p>\n\n\n\n<figure class=\"wp-block-gallery aligncenter columns-1 is-cropped wp-block-gallery-3 is-layout-flex wp-block-gallery-is-layout-flex\"><ul class=\"blocks-gallery-grid\"><li class=\"blocks-gallery-item\"><figure><img loading=\"lazy\" decoding=\"async\" width=\"1024\" height=\"576\" src=\"https:\/\/www.monaco-tribune.com\/wp-content\/uploads\/2021\/09\/anse-du-portier-chantier-min-1024x576.jpg\" alt=\"\" data-id=\"94827\" data-full-url=\"https:\/\/www.monaco-tribune.com\/wp-content\/uploads\/2021\/09\/anse-du-portier-chantier-min.jpg\" data-link=\"https:\/\/www.monaco-tribune.com\/?attachment_id=94827\" class=\"wp-image-94829\" srcset=\"https:\/\/www.monaco-tribune.com\/wp-content\/uploads\/2021\/09\/anse-du-portier-chantier-min-1024x576.jpg 1024w, https:\/\/www.monaco-tribune.com\/wp-content\/uploads\/2021\/09\/anse-du-portier-chantier-min-533x300.jpg 533w, https:\/\/www.monaco-tribune.com\/wp-content\/uploads\/2021\/09\/anse-du-portier-chantier-min-267x150.jpg 267w, https:\/\/www.monaco-tribune.com\/wp-content\/uploads\/2021\/09\/anse-du-portier-chantier-min-768x432.jpg 768w, https:\/\/www.monaco-tribune.com\/wp-content\/uploads\/2021\/09\/anse-du-portier-chantier-min-1536x864.jpg 1536w, https:\/\/www.monaco-tribune.com\/wp-content\/uploads\/2021\/09\/anse-du-portier-chantier-min-175x98.jpg 175w, https:\/\/www.monaco-tribune.com\/wp-content\/uploads\/2021\/09\/anse-du-portier-chantier-min.jpg 1930w\" sizes=\"auto, (max-width: 1024px) 100vw, 1024px\" \/><figcaption class=\"blocks-gallery-item__caption\"> \u00a9 Simon Zwierniak\/Monaco-Tribune<\/figcaption><\/figure><\/li><li class=\"blocks-gallery-item\"><figure><img loading=\"lazy\" decoding=\"async\" width=\"1024\" height=\"576\" src=\"https:\/\/www.monaco-tribune.com\/wp-content\/uploads\/2021\/09\/anse-du-portier-min-1024x576.jpeg\" alt=\"\" data-id=\"94835\" data-full-url=\"https:\/\/www.monaco-tribune.com\/wp-content\/uploads\/2021\/09\/anse-du-portier-min.jpeg\" data-link=\"https:\/\/www.monaco-tribune.com\/?attachment_id=94835\" class=\"wp-image-94837\" srcset=\"https:\/\/www.monaco-tribune.com\/wp-content\/uploads\/2021\/09\/anse-du-portier-min-1024x576.jpeg 1024w, https:\/\/www.monaco-tribune.com\/wp-content\/uploads\/2021\/09\/anse-du-portier-min-533x300.jpeg 533w, https:\/\/www.monaco-tribune.com\/wp-content\/uploads\/2021\/09\/anse-du-portier-min-267x150.jpeg 267w, https:\/\/www.monaco-tribune.com\/wp-content\/uploads\/2021\/09\/anse-du-portier-min-768x432.jpeg 768w, https:\/\/www.monaco-tribune.com\/wp-content\/uploads\/2021\/09\/anse-du-portier-min-175x98.jpeg 175w, https:\/\/www.monaco-tribune.com\/wp-content\/uploads\/2021\/09\/anse-du-portier-min.jpeg 1200w\" sizes=\"auto, (max-width: 1024px) 100vw, 1024px\" \/><figcaption class=\"blocks-gallery-item__caption\">\u00a9 Valode &amp; Pistre<\/figcaption><\/figure><\/li><\/ul><\/figure>\n\n\n\n<p><strong>&gt;&gt; LEGGI ANCHE: <\/strong><a href=\"https:\/\/www.monaco-tribune.com\/it\/2020\/01\/video-il-principato-si-allarga-in-mare\/\">Video. Il Principato si allarga in mare<\/a><\/p>\n\n\n\n<h2 class=\"has-text-align-center wp-block-heading\">Il nuovo Centro Ospedaliero Principessa Grace<\/h2>\n\n\n\n<p>Ristrutturare un ospedale in funzione dal 1902 assicurando la continuit\u00e0 delle cure e soprattutto senza disturbare i pazienti non \u00e8 un&#8217;impresa facile.<\/p>\n\n\n\n<p>La prima parte del progetto prevede la consegna di nuovi locali dell&#8217;ospedale che saranno in funzione dal 2026. La consegna definitiva del progetto, invece, \u00e8 prevista per il 2032, con la demolizione dell&#8217;antico stabilimento.<\/p>\n\n\n\n<figure class=\"wp-block-gallery aligncenter columns-1 is-cropped wp-block-gallery-4 is-layout-flex wp-block-gallery-is-layout-flex\"><ul class=\"blocks-gallery-grid\"><li class=\"blocks-gallery-item\"><figure><img loading=\"lazy\" decoding=\"async\" width=\"682\" height=\"384\" src=\"https:\/\/www.monaco-tribune.com\/wp-content\/uploads\/2021\/09\/nouveau-centre-hospitalier-princesse-grace-chantier.jpg\" alt=\"nuovo-centro-ospedaliero-principessa-grace-cantiere\" data-id=\"94819\" data-full-url=\"https:\/\/www.monaco-tribune.com\/wp-content\/uploads\/2021\/09\/nouveau-centre-hospitalier-princesse-grace-chantier.jpg\" data-link=\"https:\/\/www.monaco-tribune.com\/?attachment_id=94819\" class=\"wp-image-94821\" srcset=\"https:\/\/www.monaco-tribune.com\/wp-content\/uploads\/2021\/09\/nouveau-centre-hospitalier-princesse-grace-chantier.jpg 682w, https:\/\/www.monaco-tribune.com\/wp-content\/uploads\/2021\/09\/nouveau-centre-hospitalier-princesse-grace-chantier-533x300.jpg 533w, https:\/\/www.monaco-tribune.com\/wp-content\/uploads\/2021\/09\/nouveau-centre-hospitalier-princesse-grace-chantier-266x150.jpg 266w, https:\/\/www.monaco-tribune.com\/wp-content\/uploads\/2021\/09\/nouveau-centre-hospitalier-princesse-grace-chantier-175x99.jpg 175w\" sizes=\"auto, (max-width: 682px) 100vw, 682px\" \/><figcaption class=\"blocks-gallery-item__caption\"> \u00a9 Simon Zwierniak\/Monaco-Tribune<\/figcaption><\/figure><\/li><li class=\"blocks-gallery-item\"><figure><img loading=\"lazy\" decoding=\"async\" width=\"1024\" height=\"576\" src=\"https:\/\/www.monaco-tribune.com\/wp-content\/uploads\/2021\/09\/nouveau-centre-hospitalier-princesse-grace-projet-1024x576.jpeg\" alt=\"nuovo-centro-ospedaliero-principessa-grace-progetto\" data-id=\"94823\" data-full-url=\"https:\/\/www.monaco-tribune.com\/wp-content\/uploads\/2021\/09\/nouveau-centre-hospitalier-princesse-grace-projet.jpeg\" data-link=\"https:\/\/www.monaco-tribune.com\/?attachment_id=94823\" class=\"wp-image-94825\" srcset=\"https:\/\/www.monaco-tribune.com\/wp-content\/uploads\/2021\/09\/nouveau-centre-hospitalier-princesse-grace-projet-1024x576.jpeg 1024w, https:\/\/www.monaco-tribune.com\/wp-content\/uploads\/2021\/09\/nouveau-centre-hospitalier-princesse-grace-projet-533x300.jpeg 533w, https:\/\/www.monaco-tribune.com\/wp-content\/uploads\/2021\/09\/nouveau-centre-hospitalier-princesse-grace-projet-267x150.jpeg 267w, https:\/\/www.monaco-tribune.com\/wp-content\/uploads\/2021\/09\/nouveau-centre-hospitalier-princesse-grace-projet-768x432.jpeg 768w, https:\/\/www.monaco-tribune.com\/wp-content\/uploads\/2021\/09\/nouveau-centre-hospitalier-princesse-grace-projet-175x98.jpeg 175w, https:\/\/www.monaco-tribune.com\/wp-content\/uploads\/2021\/09\/nouveau-centre-hospitalier-princesse-grace-projet.jpeg 1200w\" sizes=\"auto, (max-width: 1024px) 100vw, 1024px\" \/><figcaption class=\"blocks-gallery-item__caption\"> \u00a9 AIA Life Designers*<\/figcaption><\/figure><\/li><\/ul><\/figure>\n\n\n\n<h2 class=\"has-text-align-center wp-block-heading\" id=\"h-nuovo-centro-commerciale-di-fontvieille\">Nuovo centro commerciale di Fontvieille<\/h2>\n\n\n\n<p>I lavori non sono ancora cominciati ma ormai manca poco: l&#8217;autorizzazione a costruire nel 2021 \u00e8 stata concessa. Il progetto \u00e8 immenso, dar\u00e0 un tocco di modernit\u00e0 a Fontvieille e non \u00e8 stato affidato a una societ\u00e0 qualunque: l&#8217;appalto, infatti, \u00e8 stato vinto dal gruppo Socri Reim, autore dell&#8217;operazione* Nice Etoile e del Polygone Riviera.<\/p>\n\n\n\n<p>Con la ristrutturazione completa del centro commerciale si prevedono circa 80 negozi con un cinema a tre o quattro sale, 40 appartamenti e 2.000 posti auto. Il tutto dominato da un giardino a pi\u00f9 livelli, un vero polmone verde con 2.000 alberi pensato da Massimiliano Fuksas e Jean Mus. Speriamo migliori <a href=\"https:\/\/www.monaco-tribune.com\/it\/2021\/09\/limpegno-di-monaco-per-un-cielo-sempre-piu-pulito\/\">la qualit\u00e0 dell&#8217;aria<\/a>!<\/p>\n\n\n\n<p>Consegna prevista nel 2027.<\/p>\n\n\n\n<figure class=\"wp-block-gallery aligncenter columns-1 is-cropped wp-block-gallery-5 is-layout-flex wp-block-gallery-is-layout-flex\"><ul class=\"blocks-gallery-grid\"><li class=\"blocks-gallery-item\"><figure><img loading=\"lazy\" decoding=\"async\" width=\"682\" height=\"383\" src=\"https:\/\/www.monaco-tribune.com\/wp-content\/uploads\/2021\/09\/nouveau-centre-commercial-fontvieille-chantier.jpg\" alt=\"Nuovo-centro-commerciale-Fontvieille-cantiere\" data-id=\"94831\" data-full-url=\"https:\/\/www.monaco-tribune.com\/wp-content\/uploads\/2021\/09\/nouveau-centre-commercial-fontvieille-chantier.jpg\" data-link=\"https:\/\/www.monaco-tribune.com\/?attachment_id=94831\" class=\"wp-image-94833\" srcset=\"https:\/\/www.monaco-tribune.com\/wp-content\/uploads\/2021\/09\/nouveau-centre-commercial-fontvieille-chantier.jpg 682w, https:\/\/www.monaco-tribune.com\/wp-content\/uploads\/2021\/09\/nouveau-centre-commercial-fontvieille-chantier-534x300.jpg 534w, https:\/\/www.monaco-tribune.com\/wp-content\/uploads\/2021\/09\/nouveau-centre-commercial-fontvieille-chantier-267x150.jpg 267w, https:\/\/www.monaco-tribune.com\/wp-content\/uploads\/2021\/09\/nouveau-centre-commercial-fontvieille-chantier-175x98.jpg 175w\" sizes=\"auto, (max-width: 682px) 100vw, 682px\" \/><figcaption class=\"blocks-gallery-item__caption\"> \u00a9 Simon Zwierniak\/Monaco-Tribune<\/figcaption><\/figure><\/li><li class=\"blocks-gallery-item\"><figure><img loading=\"lazy\" decoding=\"async\" width=\"682\" height=\"384\" src=\"https:\/\/www.monaco-tribune.com\/wp-content\/uploads\/2021\/09\/nouveau-centre-commercial-fontvieille.jpeg\" alt=\"Nuovo-centro-commerciale-Fontvieille\" data-id=\"94815\" data-full-url=\"https:\/\/www.monaco-tribune.com\/wp-content\/uploads\/2021\/09\/nouveau-centre-commercial-fontvieille.jpeg\" data-link=\"https:\/\/www.monaco-tribune.com\/?attachment_id=94815\" class=\"wp-image-94817\" srcset=\"https:\/\/www.monaco-tribune.com\/wp-content\/uploads\/2021\/09\/nouveau-centre-commercial-fontvieille.jpeg 682w, https:\/\/www.monaco-tribune.com\/wp-content\/uploads\/2021\/09\/nouveau-centre-commercial-fontvieille-533x300.jpeg 533w, https:\/\/www.monaco-tribune.com\/wp-content\/uploads\/2021\/09\/nouveau-centre-commercial-fontvieille-266x150.jpeg 266w, https:\/\/www.monaco-tribune.com\/wp-content\/uploads\/2021\/09\/nouveau-centre-commercial-fontvieille-175x99.jpeg 175w\" sizes=\"auto, (max-width: 682px) 100vw, 682px\" \/><figcaption class=\"blocks-gallery-item__caption\">\u00a9 Socri Reim<\/figcaption><\/figure><\/li><\/ul><\/figure>\n\n\n\n<p><strong>&gt;&gt; LEGGI ANCHE: <\/strong><a href=\"https:\/\/www.monaco-tribune.com\/it\/2021\/06\/monaco-attraverso-le-immagini-dal-1860-a-oggi\/\">Monaco attraverso le immagini, dal 1860 a oggi<\/a><\/p>\n\n\n\n<p><em>* Questo articolo \u00e8 stato modificato il 30\/09\/2021 per aggiungere &#8220;CCA (Christian Curau)&#8221;, sostituire &#8220;AIA Architectes&#8221; con &#8220;AIA Life Designers&#8221; e &#8220;Nice Etoile&#8221; con&#8221;op\u00e9ration Nice Etoile&#8221;.<\/em><\/p>\n","protected":false},"excerpt":{"rendered":"<p>Ci passate davanti tutti i giorni, ma sapete che aspetto avranno queste costruzioni? Scopriamo insieme il futuro volto del Principato. [&hellip;]<\/p>\n","protected":false},"author":54,"featured_media":94817,"comment_status":"closed","ping_status":"closed","sticky":false,"template":"","format":"standard","meta":{"_acf_changed":false,"footnotes":""},"categories":[1826,1752],"tags":[],"post_sectags":[],"post_format":[2474],"class_list":["post-95123","post","type-post","status-publish","format-standard","has-post-thumbnail","hentry","category-la-nostra-scelta","category-societa","format-foto"],"acf":[],"yoast_head":"<!-- This site is optimized with the Yoast SEO Premium plugin v26.8 (Yoast SEO v27.4) - https:\/\/yoast.com\/product\/yoast-seo-premium-wordpress\/ -->\n<title>FOTO. 5 cantieri che rivoluzioneranno la Monaco di domani<\/title>\n<meta name=\"description\" content=\"Ci passate davanti tutti i giorni, ma sapete che aspetto avranno queste costruzioni? Scopriamo insieme il futuro volto del Principato. Opere vertiginose,\" \/>\n<meta name=\"robots\" content=\"index, follow, max-snippet:-1, max-image-preview:large, max-video-preview:-1\" \/>\n<link rel=\"canonical\" href=\"https:\/\/www.monaco-tribune.com\/it\/2021\/09\/foto-5-cantieri-che-rivoluzioneranno-la-monaco-di-domani\/\" \/>\n<meta property=\"og:locale\" content=\"it_IT\" \/>\n<meta property=\"og:type\" content=\"article\" \/>\n<meta property=\"og:title\" content=\"FOTO. 5 cantieri che rivoluzioneranno la Monaco di domani - Monaco Tribune\" \/>\n<meta property=\"og:description\" content=\"Ci passate davanti tutti i giorni, ma sapete che aspetto avranno queste costruzioni? Scopriamo insieme il futuro volto del Principato. Opere vertiginose,\" \/>\n<meta property=\"og:url\" content=\"https:\/\/www.monaco-tribune.com\/it\/2021\/09\/foto-5-cantieri-che-rivoluzioneranno-la-monaco-di-domani\/\" \/>\n<meta property=\"og:site_name\" content=\"Monaco Tribune\" \/>\n<meta property=\"article:publisher\" content=\"https:\/\/www.facebook.com\/MonacoTribune\" \/>\n<meta property=\"article:published_time\" content=\"2021-09-30T15:07:34+00:00\" \/>\n<meta property=\"article:modified_time\" content=\"2021-09-30T16:16:55+00:00\" \/>\n<meta property=\"og:image\" content=\"https:\/\/www.monaco-tribune.com\/wp-content\/uploads\/2021\/09\/nouveau-centre-commercial-fontvieille.jpeg\" \/>\n\t<meta property=\"og:image:width\" content=\"682\" \/>\n\t<meta property=\"og:image:height\" content=\"384\" \/>\n\t<meta property=\"og:image:type\" content=\"image\/jpeg\" \/>\n<meta name=\"author\" content=\"Simon Zwierniak\" \/>\n<meta name=\"twitter:card\" content=\"summary_large_image\" \/>\n<meta name=\"twitter:creator\" content=\"@MonacoTribune\" \/>\n<meta name=\"twitter:site\" content=\"@MonacoTribune\" \/>\n<script type=\"application\/ld+json\" class=\"yoast-schema-graph\">{\"@context\":\"https:\\\/\\\/schema.org\",\"@graph\":[{\"@type\":\"NewsArticle\",\"@id\":\"https:\\\/\\\/www.monaco-tribune.com\\\/it\\\/2021\\\/09\\\/foto-5-cantieri-che-rivoluzioneranno-la-monaco-di-domani\\\/#article\",\"isPartOf\":{\"@id\":\"https:\\\/\\\/www.monaco-tribune.com\\\/it\\\/2021\\\/09\\\/foto-5-cantieri-che-rivoluzioneranno-la-monaco-di-domani\\\/\"},\"author\":{\"name\":\"Simon Zwierniak\",\"@id\":\"https:\\\/\\\/www.monaco-tribune.com\\\/it\\\/#\\\/schema\\\/person\\\/8999750e061d77476d5caf542c77c841\"},\"headline\":\"FOTO. 5 cantieri che rivoluzioneranno la Monaco di domani\",\"datePublished\":\"2021-09-30T15:07:34+00:00\",\"dateModified\":\"2021-09-30T16:16:55+00:00\",\"mainEntityOfPage\":{\"@id\":\"https:\\\/\\\/www.monaco-tribune.com\\\/it\\\/2021\\\/09\\\/foto-5-cantieri-che-rivoluzioneranno-la-monaco-di-domani\\\/\"},\"wordCount\":553,\"publisher\":{\"@id\":\"https:\\\/\\\/www.monaco-tribune.com\\\/it\\\/#organization\"},\"image\":{\"@id\":\"https:\\\/\\\/www.monaco-tribune.com\\\/it\\\/2021\\\/09\\\/foto-5-cantieri-che-rivoluzioneranno-la-monaco-di-domani\\\/#primaryimage\"},\"thumbnailUrl\":\"https:\\\/\\\/www.monaco-tribune.com\\\/wp-content\\\/uploads\\\/2021\\\/09\\\/nouveau-centre-commercial-fontvieille.jpeg\",\"articleSection\":[\"La nostra scelta\",\"Societ\u00e0\"],\"inLanguage\":\"it-IT\",\"copyrightYear\":\"2021\",\"copyrightHolder\":{\"@id\":\"https:\\\/\\\/www.monaco-tribune.com\\\/#organization\"}},{\"@type\":\"WebPage\",\"@id\":\"https:\\\/\\\/www.monaco-tribune.com\\\/it\\\/2021\\\/09\\\/foto-5-cantieri-che-rivoluzioneranno-la-monaco-di-domani\\\/\",\"url\":\"https:\\\/\\\/www.monaco-tribune.com\\\/it\\\/2021\\\/09\\\/foto-5-cantieri-che-rivoluzioneranno-la-monaco-di-domani\\\/\",\"name\":\"FOTO. 5 cantieri che rivoluzioneranno la Monaco di domani\",\"isPartOf\":{\"@id\":\"https:\\\/\\\/www.monaco-tribune.com\\\/it\\\/#website\"},\"primaryImageOfPage\":{\"@id\":\"https:\\\/\\\/www.monaco-tribune.com\\\/it\\\/2021\\\/09\\\/foto-5-cantieri-che-rivoluzioneranno-la-monaco-di-domani\\\/#primaryimage\"},\"image\":{\"@id\":\"https:\\\/\\\/www.monaco-tribune.com\\\/it\\\/2021\\\/09\\\/foto-5-cantieri-che-rivoluzioneranno-la-monaco-di-domani\\\/#primaryimage\"},\"thumbnailUrl\":\"https:\\\/\\\/www.monaco-tribune.com\\\/wp-content\\\/uploads\\\/2021\\\/09\\\/nouveau-centre-commercial-fontvieille.jpeg\",\"datePublished\":\"2021-09-30T15:07:34+00:00\",\"dateModified\":\"2021-09-30T16:16:55+00:00\",\"description\":\"Ci passate davanti tutti i giorni, ma sapete che aspetto avranno queste costruzioni? Scopriamo insieme il futuro volto del Principato. Opere vertiginose,\",\"breadcrumb\":{\"@id\":\"https:\\\/\\\/www.monaco-tribune.com\\\/it\\\/2021\\\/09\\\/foto-5-cantieri-che-rivoluzioneranno-la-monaco-di-domani\\\/#breadcrumb\"},\"inLanguage\":\"it-IT\",\"potentialAction\":[{\"@type\":\"ReadAction\",\"target\":[\"https:\\\/\\\/www.monaco-tribune.com\\\/it\\\/2021\\\/09\\\/foto-5-cantieri-che-rivoluzioneranno-la-monaco-di-domani\\\/\"]}]},{\"@type\":\"ImageObject\",\"inLanguage\":\"it-IT\",\"@id\":\"https:\\\/\\\/www.monaco-tribune.com\\\/it\\\/2021\\\/09\\\/foto-5-cantieri-che-rivoluzioneranno-la-monaco-di-domani\\\/#primaryimage\",\"url\":\"https:\\\/\\\/www.monaco-tribune.com\\\/wp-content\\\/uploads\\\/2021\\\/09\\\/nouveau-centre-commercial-fontvieille.jpeg\",\"contentUrl\":\"https:\\\/\\\/www.monaco-tribune.com\\\/wp-content\\\/uploads\\\/2021\\\/09\\\/nouveau-centre-commercial-fontvieille.jpeg\",\"width\":682,\"height\":384,\"caption\":\"Socri Reim\"},{\"@type\":\"BreadcrumbList\",\"@id\":\"https:\\\/\\\/www.monaco-tribune.com\\\/it\\\/2021\\\/09\\\/foto-5-cantieri-che-rivoluzioneranno-la-monaco-di-domani\\\/#breadcrumb\",\"itemListElement\":[{\"@type\":\"ListItem\",\"position\":1,\"name\":\"Accueil\",\"item\":\"https:\\\/\\\/www.monaco-tribune.com\\\/it\\\/\"},{\"@type\":\"ListItem\",\"position\":2,\"name\":\"FOTO. 5 cantieri che rivoluzioneranno la Monaco di domani\"}]},{\"@type\":\"WebSite\",\"@id\":\"https:\\\/\\\/www.monaco-tribune.com\\\/it\\\/#website\",\"url\":\"https:\\\/\\\/www.monaco-tribune.com\\\/it\\\/\",\"name\":\"Monaco Tribune\",\"description\":\"Monaco : actualit\u00e9s \u00e9conomiques, politiques, culturelles et sportives de Monaco et de la French Riviera.\",\"publisher\":{\"@id\":\"https:\\\/\\\/www.monaco-tribune.com\\\/it\\\/#organization\"},\"potentialAction\":[{\"@type\":\"SearchAction\",\"target\":{\"@type\":\"EntryPoint\",\"urlTemplate\":\"https:\\\/\\\/www.monaco-tribune.com\\\/it\\\/?s={search_term_string}\"},\"query-input\":{\"@type\":\"PropertyValueSpecification\",\"valueRequired\":true,\"valueName\":\"search_term_string\"}}],\"inLanguage\":\"it-IT\"},{\"@type\":\"Organization\",\"@id\":\"https:\\\/\\\/www.monaco-tribune.com\\\/it\\\/#organization\",\"name\":\"Monaco Tribune\",\"url\":\"https:\\\/\\\/www.monaco-tribune.com\\\/it\\\/\",\"logo\":{\"@type\":\"ImageObject\",\"inLanguage\":\"it-IT\",\"@id\":\"https:\\\/\\\/www.monaco-tribune.com\\\/it\\\/#\\\/schema\\\/logo\\\/image\\\/\",\"url\":\"https:\\\/\\\/www.monaco-tribune.com\\\/wp-content\\\/uploads\\\/2022\\\/11\\\/logo-monaco-tribune.png\",\"contentUrl\":\"https:\\\/\\\/www.monaco-tribune.com\\\/wp-content\\\/uploads\\\/2022\\\/11\\\/logo-monaco-tribune.png\",\"width\":1548,\"height\":600,\"caption\":\"Monaco Tribune\"},\"image\":{\"@id\":\"https:\\\/\\\/www.monaco-tribune.com\\\/it\\\/#\\\/schema\\\/logo\\\/image\\\/\"},\"sameAs\":[\"https:\\\/\\\/www.facebook.com\\\/MonacoTribune\",\"https:\\\/\\\/x.com\\\/MonacoTribune\",\"https:\\\/\\\/www.instagram.com\\\/monacotribune\\\/\",\"https:\\\/\\\/www.linkedin.com\\\/company\\\/monaco-tribune\",\"https:\\\/\\\/www.youtube.com\\\/channel\\\/UCHle1MnG6hw1y4lWKijVbMA\"]},{\"@type\":\"Person\",\"@id\":\"https:\\\/\\\/www.monaco-tribune.com\\\/it\\\/#\\\/schema\\\/person\\\/8999750e061d77476d5caf542c77c841\",\"name\":\"Simon Zwierniak\",\"image\":{\"@type\":\"ImageObject\",\"inLanguage\":\"it-IT\",\"@id\":\"https:\\\/\\\/secure.gravatar.com\\\/avatar\\\/4996370fc4436ccbc5a09f3a9d6393bb07b46b707a1982d1874380fb0c5458de?s=96&d=mm&r=g\",\"url\":\"https:\\\/\\\/secure.gravatar.com\\\/avatar\\\/4996370fc4436ccbc5a09f3a9d6393bb07b46b707a1982d1874380fb0c5458de?s=96&d=mm&r=g\",\"contentUrl\":\"https:\\\/\\\/secure.gravatar.com\\\/avatar\\\/4996370fc4436ccbc5a09f3a9d6393bb07b46b707a1982d1874380fb0c5458de?s=96&d=mm&r=g\",\"caption\":\"Simon Zwierniak\"},\"url\":\"https:\\\/\\\/www.monaco-tribune.com\\\/it\\\/author\\\/simonzwierniak\\\/\"}]}<\/script>\n<!-- \/ Yoast SEO Premium plugin. -->","yoast_head_json":{"title":"FOTO. 5 cantieri che rivoluzioneranno la Monaco di domani","description":"Ci passate davanti tutti i giorni, ma sapete che aspetto avranno queste costruzioni? Scopriamo insieme il futuro volto del Principato. Opere vertiginose,","robots":{"index":"index","follow":"follow","max-snippet":"max-snippet:-1","max-image-preview":"max-image-preview:large","max-video-preview":"max-video-preview:-1"},"canonical":"https:\/\/www.monaco-tribune.com\/it\/2021\/09\/foto-5-cantieri-che-rivoluzioneranno-la-monaco-di-domani\/","og_locale":"it_IT","og_type":"article","og_title":"FOTO. 5 cantieri che rivoluzioneranno la Monaco di domani - Monaco Tribune","og_description":"Ci passate davanti tutti i giorni, ma sapete che aspetto avranno queste costruzioni? Scopriamo insieme il futuro volto del Principato. Opere vertiginose,","og_url":"https:\/\/www.monaco-tribune.com\/it\/2021\/09\/foto-5-cantieri-che-rivoluzioneranno-la-monaco-di-domani\/","og_site_name":"Monaco Tribune","article_publisher":"https:\/\/www.facebook.com\/MonacoTribune","article_published_time":"2021-09-30T15:07:34+00:00","article_modified_time":"2021-09-30T16:16:55+00:00","og_image":[{"width":682,"height":384,"url":"https:\/\/www.monaco-tribune.com\/wp-content\/uploads\/2021\/09\/nouveau-centre-commercial-fontvieille.jpeg","type":"image\/jpeg"}],"author":"Simon Zwierniak","twitter_card":"summary_large_image","twitter_creator":"@MonacoTribune","twitter_site":"@MonacoTribune","schema":{"@context":"https:\/\/schema.org","@graph":[{"@type":"NewsArticle","@id":"https:\/\/www.monaco-tribune.com\/it\/2021\/09\/foto-5-cantieri-che-rivoluzioneranno-la-monaco-di-domani\/#article","isPartOf":{"@id":"https:\/\/www.monaco-tribune.com\/it\/2021\/09\/foto-5-cantieri-che-rivoluzioneranno-la-monaco-di-domani\/"},"author":{"name":"Simon Zwierniak","@id":"https:\/\/www.monaco-tribune.com\/it\/#\/schema\/person\/8999750e061d77476d5caf542c77c841"},"headline":"FOTO. 5 cantieri che rivoluzioneranno la Monaco di domani","datePublished":"2021-09-30T15:07:34+00:00","dateModified":"2021-09-30T16:16:55+00:00","mainEntityOfPage":{"@id":"https:\/\/www.monaco-tribune.com\/it\/2021\/09\/foto-5-cantieri-che-rivoluzioneranno-la-monaco-di-domani\/"},"wordCount":553,"publisher":{"@id":"https:\/\/www.monaco-tribune.com\/it\/#organization"},"image":{"@id":"https:\/\/www.monaco-tribune.com\/it\/2021\/09\/foto-5-cantieri-che-rivoluzioneranno-la-monaco-di-domani\/#primaryimage"},"thumbnailUrl":"https:\/\/www.monaco-tribune.com\/wp-content\/uploads\/2021\/09\/nouveau-centre-commercial-fontvieille.jpeg","articleSection":["La nostra scelta","Societ\u00e0"],"inLanguage":"it-IT","copyrightYear":"2021","copyrightHolder":{"@id":"https:\/\/www.monaco-tribune.com\/#organization"}},{"@type":"WebPage","@id":"https:\/\/www.monaco-tribune.com\/it\/2021\/09\/foto-5-cantieri-che-rivoluzioneranno-la-monaco-di-domani\/","url":"https:\/\/www.monaco-tribune.com\/it\/2021\/09\/foto-5-cantieri-che-rivoluzioneranno-la-monaco-di-domani\/","name":"FOTO. 5 cantieri che rivoluzioneranno la Monaco di domani","isPartOf":{"@id":"https:\/\/www.monaco-tribune.com\/it\/#website"},"primaryImageOfPage":{"@id":"https:\/\/www.monaco-tribune.com\/it\/2021\/09\/foto-5-cantieri-che-rivoluzioneranno-la-monaco-di-domani\/#primaryimage"},"image":{"@id":"https:\/\/www.monaco-tribune.com\/it\/2021\/09\/foto-5-cantieri-che-rivoluzioneranno-la-monaco-di-domani\/#primaryimage"},"thumbnailUrl":"https:\/\/www.monaco-tribune.com\/wp-content\/uploads\/2021\/09\/nouveau-centre-commercial-fontvieille.jpeg","datePublished":"2021-09-30T15:07:34+00:00","dateModified":"2021-09-30T16:16:55+00:00","description":"Ci passate davanti tutti i giorni, ma sapete che aspetto avranno queste costruzioni? Scopriamo insieme il futuro volto del Principato. Opere vertiginose,","breadcrumb":{"@id":"https:\/\/www.monaco-tribune.com\/it\/2021\/09\/foto-5-cantieri-che-rivoluzioneranno-la-monaco-di-domani\/#breadcrumb"},"inLanguage":"it-IT","potentialAction":[{"@type":"ReadAction","target":["https:\/\/www.monaco-tribune.com\/it\/2021\/09\/foto-5-cantieri-che-rivoluzioneranno-la-monaco-di-domani\/"]}]},{"@type":"ImageObject","inLanguage":"it-IT","@id":"https:\/\/www.monaco-tribune.com\/it\/2021\/09\/foto-5-cantieri-che-rivoluzioneranno-la-monaco-di-domani\/#primaryimage","url":"https:\/\/www.monaco-tribune.com\/wp-content\/uploads\/2021\/09\/nouveau-centre-commercial-fontvieille.jpeg","contentUrl":"https:\/\/www.monaco-tribune.com\/wp-content\/uploads\/2021\/09\/nouveau-centre-commercial-fontvieille.jpeg","width":682,"height":384,"caption":"Socri Reim"},{"@type":"BreadcrumbList","@id":"https:\/\/www.monaco-tribune.com\/it\/2021\/09\/foto-5-cantieri-che-rivoluzioneranno-la-monaco-di-domani\/#breadcrumb","itemListElement":[{"@type":"ListItem","position":1,"name":"Accueil","item":"https:\/\/www.monaco-tribune.com\/it\/"},{"@type":"ListItem","position":2,"name":"FOTO. 5 cantieri che rivoluzioneranno la Monaco di domani"}]},{"@type":"WebSite","@id":"https:\/\/www.monaco-tribune.com\/it\/#website","url":"https:\/\/www.monaco-tribune.com\/it\/","name":"Monaco Tribune","description":"Monaco : actualit\u00e9s \u00e9conomiques, politiques, culturelles et sportives de Monaco et de la French Riviera.","publisher":{"@id":"https:\/\/www.monaco-tribune.com\/it\/#organization"},"potentialAction":[{"@type":"SearchAction","target":{"@type":"EntryPoint","urlTemplate":"https:\/\/www.monaco-tribune.com\/it\/?s={search_term_string}"},"query-input":{"@type":"PropertyValueSpecification","valueRequired":true,"valueName":"search_term_string"}}],"inLanguage":"it-IT"},{"@type":"Organization","@id":"https:\/\/www.monaco-tribune.com\/it\/#organization","name":"Monaco Tribune","url":"https:\/\/www.monaco-tribune.com\/it\/","logo":{"@type":"ImageObject","inLanguage":"it-IT","@id":"https:\/\/www.monaco-tribune.com\/it\/#\/schema\/logo\/image\/","url":"https:\/\/www.monaco-tribune.com\/wp-content\/uploads\/2022\/11\/logo-monaco-tribune.png","contentUrl":"https:\/\/www.monaco-tribune.com\/wp-content\/uploads\/2022\/11\/logo-monaco-tribune.png","width":1548,"height":600,"caption":"Monaco Tribune"},"image":{"@id":"https:\/\/www.monaco-tribune.com\/it\/#\/schema\/logo\/image\/"},"sameAs":["https:\/\/www.facebook.com\/MonacoTribune","https:\/\/x.com\/MonacoTribune","https:\/\/www.instagram.com\/monacotribune\/","https:\/\/www.linkedin.com\/company\/monaco-tribune","https:\/\/www.youtube.com\/channel\/UCHle1MnG6hw1y4lWKijVbMA"]},{"@type":"Person","@id":"https:\/\/www.monaco-tribune.com\/it\/#\/schema\/person\/8999750e061d77476d5caf542c77c841","name":"Simon Zwierniak","image":{"@type":"ImageObject","inLanguage":"it-IT","@id":"https:\/\/secure.gravatar.com\/avatar\/4996370fc4436ccbc5a09f3a9d6393bb07b46b707a1982d1874380fb0c5458de?s=96&d=mm&r=g","url":"https:\/\/secure.gravatar.com\/avatar\/4996370fc4436ccbc5a09f3a9d6393bb07b46b707a1982d1874380fb0c5458de?s=96&d=mm&r=g","contentUrl":"https:\/\/secure.gravatar.com\/avatar\/4996370fc4436ccbc5a09f3a9d6393bb07b46b707a1982d1874380fb0c5458de?s=96&d=mm&r=g","caption":"Simon Zwierniak"},"url":"https:\/\/www.monaco-tribune.com\/it\/author\/simonzwierniak\/"}]}},"_links":{"self":[{"href":"https:\/\/www.monaco-tribune.com\/it\/wp-json\/wp\/v2\/posts\/95123","targetHints":{"allow":["GET"]}}],"collection":[{"href":"https:\/\/www.monaco-tribune.com\/it\/wp-json\/wp\/v2\/posts"}],"about":[{"href":"https:\/\/www.monaco-tribune.com\/it\/wp-json\/wp\/v2\/types\/post"}],"author":[{"embeddable":true,"href":"https:\/\/www.monaco-tribune.com\/it\/wp-json\/wp\/v2\/users\/54"}],"replies":[{"embeddable":true,"href":"https:\/\/www.monaco-tribune.com\/it\/wp-json\/wp\/v2\/comments?post=95123"}],"version-history":[{"count":0,"href":"https:\/\/www.monaco-tribune.com\/it\/wp-json\/wp\/v2\/posts\/95123\/revisions"}],"wp:featuredmedia":[{"embeddable":true,"href":"https:\/\/www.monaco-tribune.com\/it\/wp-json\/wp\/v2\/media\/94817"}],"wp:attachment":[{"href":"https:\/\/www.monaco-tribune.com\/it\/wp-json\/wp\/v2\/media?parent=95123"}],"wp:term":[{"taxonomy":"category","embeddable":true,"href":"https:\/\/www.monaco-tribune.com\/it\/wp-json\/wp\/v2\/categories?post=95123"},{"taxonomy":"post_tag","embeddable":true,"href":"https:\/\/www.monaco-tribune.com\/it\/wp-json\/wp\/v2\/tags?post=95123"},{"taxonomy":"sectag","embeddable":true,"href":"https:\/\/www.monaco-tribune.com\/it\/wp-json\/wp\/v2\/post_sectags?post=95123"},{"taxonomy":"format","embeddable":true,"href":"https:\/\/www.monaco-tribune.com\/it\/wp-json\/wp\/v2\/post_format?post=95123"}],"curies":[{"name":"wp","href":"https:\/\/api.w.org\/{rel}","templated":true}]}}