{"id":95166,"date":"2021-09-30T18:07:06","date_gmt":"2021-09-30T16:07:06","guid":{"rendered":"https:\/\/www.monaco-tribune.com\/2021\/09\/stelios-fondation-il-ricavato-dellultima-mostra-sara-destinato-a-unassocazione\/"},"modified":"2021-09-30T18:07:13","modified_gmt":"2021-09-30T16:07:13","slug":"stelios-fondation-il-ricavato-dellultima-mostra-sara-destinato-a-unassocazione","status":"publish","type":"post","link":"https:\/\/www.monaco-tribune.com\/it\/2021\/09\/stelios-fondation-il-ricavato-dellultima-mostra-sara-destinato-a-unassocazione\/","title":{"rendered":"Stelios Fondation: il ricavato dell&#8217;ultima mostra sar\u00e0 destinato a un&#8217;assocazione"},"content":{"rendered":"\n<p><strong>Fino al 25 settembre scorso, la Sir Stelios Philantropic Foundation ha ospitato la mostra &#8220;<\/strong><em><strong>La beaut\u00e9 de la voile&#8221; <\/strong><\/em><strong>. <\/strong><strong>La vendita all&#8217;asta, per\u00f2, si fa ancora attendere.<\/strong><\/p>\n\n<p>Una mostra eccezionale. Talmente eccezionale che non si sarebbe neanche dovuta tenere a Monaco! Jean-Pierre Hennequet \u00e8 arrivato direttamente da Saint Barth, dove insieme a Sir Stelios Haji Ioannou ha fondato il Gustavia Yacht Club (GYC). Con l&#8217;appoggio del suo socio, Jean-Pierre ha deciso di organizzare la sua mostra a Monaco. Nonostante l&#8217;esposizione sia terminata, potete ancora ammirare le opere <a href=\"https:\/\/www.instagram.com\/gustavia_yc_photo_contest\/\">sulla loro pagina Instagram<\/a>.<\/p>\n\n<p>Questa prima edizione del concorso internazionale di fotografia del Gustavia Yacht Club ha incassato il duro colpo della pandemia. Si sarebbe dovuta tenere durante la Saint Barths Bucket Regatta, annullata prima nel 2020 e poi di nuovo nel 2021.<\/p>\n\n<p>Il concorso, dedicato ai fotografi professionisti, non ha badato a spese per i vincitori. In palio, un orologio Ulysse Nardin del valore di 12.000 euro (pi\u00f9 1.000 euro da parte del GYC) per il primo classificato, un week end in un hotel a scelta del gruppo B Signature Hotels &amp; Resorts (pi\u00f9 600 euro dal GYC) per il secondo posto e una statuetta realizzata dall&#8217;artista di Saint Barth, Kay Quattrocchi, (pi\u00f9 400 euro dal GYC) per il terzo classificato.<\/p>\n\n<p>Tra le dieci foto ad aver ottenuto il miglior punteggio della giuria internazionale, il 1\u00b0 premio \u00e8 stato consegnato al tedesco <a href=\"https:\/\/yachting-photo.com\/\">J\u00f6ran Bubke<\/a>, il 2\u00b0 premio al marsigliese <a href=\"https:\/\/www.facebook.com\/BertrandDuquennePhotography\/\">Bertrand Duquenne<\/a> e il 3\u00b0 premio a <a href=\"https:\/\/martin-raget.com\/\">Gilles Martin-Raget<\/a>, eletto &#8220;fotografo di regate del secolo&#8221;, come sottolinea Jean-Pierre Hennequet.<\/p>\n\n<div class=\"wp-block-image\"><figure class=\"aligncenter size-full\"><img loading=\"lazy\" decoding=\"async\" width=\"738\" height=\"416\" src=\"https:\/\/www.monaco-tribune.com\/wp-content\/uploads\/2021\/09\/joran-bubke-prix-photographie.jpg\" alt=\"\" class=\"wp-image-94990\" srcset=\"https:\/\/www.monaco-tribune.com\/wp-content\/uploads\/2021\/09\/joran-bubke-prix-photographie.jpg 738w, https:\/\/www.monaco-tribune.com\/wp-content\/uploads\/2021\/09\/joran-bubke-prix-photographie-532x300.jpg 532w, https:\/\/www.monaco-tribune.com\/wp-content\/uploads\/2021\/09\/joran-bubke-prix-photographie-266x150.jpg 266w, https:\/\/www.monaco-tribune.com\/wp-content\/uploads\/2021\/09\/joran-bubke-prix-photographie-175x99.jpg 175w\" sizes=\"auto, (max-width: 738px) 100vw, 738px\" \/><figcaption>\u00a9 J\u00f6ran Bubke<\/figcaption><\/figure><\/div>\n\n<div class=\"wp-block-image\"><figure class=\"aligncenter size-large\"><img loading=\"lazy\" decoding=\"async\" width=\"1024\" height=\"698\" src=\"https:\/\/www.monaco-tribune.com\/wp-content\/uploads\/2021\/09\/bertrand-duquenne-prix-1024x698.jpg\" alt=\"\" class=\"wp-image-94994\" srcset=\"https:\/\/www.monaco-tribune.com\/wp-content\/uploads\/2021\/09\/bertrand-duquenne-prix-1024x698.jpg 1024w, https:\/\/www.monaco-tribune.com\/wp-content\/uploads\/2021\/09\/bertrand-duquenne-prix-440x300.jpg 440w, https:\/\/www.monaco-tribune.com\/wp-content\/uploads\/2021\/09\/bertrand-duquenne-prix-220x150.jpg 220w, https:\/\/www.monaco-tribune.com\/wp-content\/uploads\/2021\/09\/bertrand-duquenne-prix-768x524.jpg 768w, https:\/\/www.monaco-tribune.com\/wp-content\/uploads\/2021\/09\/bertrand-duquenne-prix-175x119.jpg 175w, https:\/\/www.monaco-tribune.com\/wp-content\/uploads\/2021\/09\/bertrand-duquenne-prix.jpg 1276w\" sizes=\"auto, (max-width: 1024px) 100vw, 1024px\" \/><figcaption> \u00a9 Bertrand Duquenne<\/figcaption><\/figure><\/div>\n\n<h2 class=\"wp-block-heading\" id=\"h-vente-aux-ench-res-repouss-e\">Vendita all&#8217;asta rimandata<\/h2>\n\n<p>Inizialmente prevista dopo la cerimonia di premiazione alla Sir Stelios Philantropic Foundation al Quai Antoine 1<sup>er<\/sup>, la vendita all&#8217;asta \u00e8 stata rimandata alla fine dell&#8217;anno, nel periodo delle festivit\u00e0. Il ricavato sar\u00e0 devoluto all&#8217;associazione Les Sauveteurs en Mer (SNSM) di Saint Barth che lavora per la sicurezza in mare di tutti.<\/p>\n\n<p>&#8220;Mancavano troppe persone e online possiamo raggiungere ancora pi\u00f9 gente&#8221;, dichiara Jean-Pierre Hennequet. Sar\u00e0 senza dubbio un bel regalo di Natale per l&#8217;associazione.<\/p>\n","protected":false},"excerpt":{"rendered":"<p>Fino al 25 settembre scorso, la Sir Stelios Philantropic Foundation ha ospitato la mostra &#8220;La beaut\u00e9 de la voile&#8221; . [&hellip;]<\/p>\n","protected":false},"author":54,"featured_media":94998,"comment_status":"closed","ping_status":"closed","sticky":false,"template":"","format":"standard","meta":{"_acf_changed":false,"footnotes":""},"categories":[1738],"tags":[2951],"post_sectags":[],"post_format":[2478],"class_list":["post-95166","post","type-post","status-publish","format-standard","has-post-thumbnail","hentry","category-notizie","tag-associazioni","format-notizia"],"acf":[],"yoast_head":"<!-- This site is optimized with the Yoast SEO Premium plugin v26.8 (Yoast SEO v27.4) - https:\/\/yoast.com\/product\/yoast-seo-premium-wordpress\/ -->\n<title>Stelios Fondation: il ricavato dell&#039;ultima mostra sar\u00e0 destinato a un&#039;assocazione<\/title>\n<meta name=\"description\" content=\"Fino al 25 settembre scorso, la Sir Stelios Philantropic Foundation ha ospitato la mostra &quot;La beaut\u00e9 de la voile&quot; . La vendita all&#039;asta, per\u00f2, si fa\" \/>\n<meta name=\"robots\" content=\"index, follow, max-snippet:-1, max-image-preview:large, max-video-preview:-1\" \/>\n<link rel=\"canonical\" href=\"https:\/\/www.monaco-tribune.com\/it\/2021\/09\/stelios-fondation-il-ricavato-dellultima-mostra-sara-destinato-a-unassocazione\/\" \/>\n<meta property=\"og:locale\" content=\"it_IT\" \/>\n<meta property=\"og:type\" content=\"article\" \/>\n<meta property=\"og:title\" content=\"Stelios Fondation: il ricavato dell&#039;ultima mostra sar\u00e0 destinato a un&#039;assocazione - Monaco Tribune\" \/>\n<meta property=\"og:description\" content=\"Fino al 25 settembre scorso, la Sir Stelios Philantropic Foundation ha ospitato la mostra &quot;La beaut\u00e9 de la voile&quot; . La vendita all&#039;asta, per\u00f2, si fa\" \/>\n<meta property=\"og:url\" content=\"https:\/\/www.monaco-tribune.com\/it\/2021\/09\/stelios-fondation-il-ricavato-dellultima-mostra-sara-destinato-a-unassocazione\/\" \/>\n<meta property=\"og:site_name\" content=\"Monaco Tribune\" \/>\n<meta property=\"article:publisher\" content=\"https:\/\/www.facebook.com\/MonacoTribune\" \/>\n<meta property=\"article:published_time\" content=\"2021-09-30T16:07:06+00:00\" \/>\n<meta property=\"article:modified_time\" content=\"2021-09-30T16:07:13+00:00\" \/>\n<meta property=\"og:image\" content=\"https:\/\/www.monaco-tribune.com\/wp-content\/uploads\/2021\/09\/expo-stelios-concours-photo.jpg\" \/>\n\t<meta property=\"og:image:width\" content=\"1931\" \/>\n\t<meta property=\"og:image:height\" content=\"1085\" \/>\n\t<meta property=\"og:image:type\" content=\"image\/jpeg\" \/>\n<meta name=\"author\" content=\"Simon Zwierniak\" \/>\n<meta name=\"twitter:card\" content=\"summary_large_image\" \/>\n<meta name=\"twitter:creator\" content=\"@MonacoTribune\" \/>\n<meta name=\"twitter:site\" content=\"@MonacoTribune\" \/>\n<script type=\"application\/ld+json\" class=\"yoast-schema-graph\">{\"@context\":\"https:\\\/\\\/schema.org\",\"@graph\":[{\"@type\":\"NewsArticle\",\"@id\":\"https:\\\/\\\/www.monaco-tribune.com\\\/it\\\/2021\\\/09\\\/stelios-fondation-il-ricavato-dellultima-mostra-sara-destinato-a-unassocazione\\\/#article\",\"isPartOf\":{\"@id\":\"https:\\\/\\\/www.monaco-tribune.com\\\/it\\\/2021\\\/09\\\/stelios-fondation-il-ricavato-dellultima-mostra-sara-destinato-a-unassocazione\\\/\"},\"author\":{\"name\":\"Simon Zwierniak\",\"@id\":\"https:\\\/\\\/www.monaco-tribune.com\\\/it\\\/#\\\/schema\\\/person\\\/8999750e061d77476d5caf542c77c841\"},\"headline\":\"Stelios Fondation: il ricavato dell&#8217;ultima mostra sar\u00e0 destinato a un&#8217;assocazione\",\"datePublished\":\"2021-09-30T16:07:06+00:00\",\"dateModified\":\"2021-09-30T16:07:13+00:00\",\"mainEntityOfPage\":{\"@id\":\"https:\\\/\\\/www.monaco-tribune.com\\\/it\\\/2021\\\/09\\\/stelios-fondation-il-ricavato-dellultima-mostra-sara-destinato-a-unassocazione\\\/\"},\"wordCount\":347,\"publisher\":{\"@id\":\"https:\\\/\\\/www.monaco-tribune.com\\\/it\\\/#organization\"},\"image\":{\"@id\":\"https:\\\/\\\/www.monaco-tribune.com\\\/it\\\/2021\\\/09\\\/stelios-fondation-il-ricavato-dellultima-mostra-sara-destinato-a-unassocazione\\\/#primaryimage\"},\"thumbnailUrl\":\"https:\\\/\\\/www.monaco-tribune.com\\\/wp-content\\\/uploads\\\/2021\\\/09\\\/expo-stelios-concours-photo.jpg\",\"keywords\":[\"Associazioni\"],\"articleSection\":[\"Notizie\"],\"inLanguage\":\"it-IT\",\"copyrightYear\":\"2021\",\"copyrightHolder\":{\"@id\":\"https:\\\/\\\/www.monaco-tribune.com\\\/#organization\"}},{\"@type\":\"WebPage\",\"@id\":\"https:\\\/\\\/www.monaco-tribune.com\\\/it\\\/2021\\\/09\\\/stelios-fondation-il-ricavato-dellultima-mostra-sara-destinato-a-unassocazione\\\/\",\"url\":\"https:\\\/\\\/www.monaco-tribune.com\\\/it\\\/2021\\\/09\\\/stelios-fondation-il-ricavato-dellultima-mostra-sara-destinato-a-unassocazione\\\/\",\"name\":\"Stelios Fondation: il ricavato dell'ultima mostra sar\u00e0 destinato a un'assocazione\",\"isPartOf\":{\"@id\":\"https:\\\/\\\/www.monaco-tribune.com\\\/it\\\/#website\"},\"primaryImageOfPage\":{\"@id\":\"https:\\\/\\\/www.monaco-tribune.com\\\/it\\\/2021\\\/09\\\/stelios-fondation-il-ricavato-dellultima-mostra-sara-destinato-a-unassocazione\\\/#primaryimage\"},\"image\":{\"@id\":\"https:\\\/\\\/www.monaco-tribune.com\\\/it\\\/2021\\\/09\\\/stelios-fondation-il-ricavato-dellultima-mostra-sara-destinato-a-unassocazione\\\/#primaryimage\"},\"thumbnailUrl\":\"https:\\\/\\\/www.monaco-tribune.com\\\/wp-content\\\/uploads\\\/2021\\\/09\\\/expo-stelios-concours-photo.jpg\",\"datePublished\":\"2021-09-30T16:07:06+00:00\",\"dateModified\":\"2021-09-30T16:07:13+00:00\",\"description\":\"Fino al 25 settembre scorso, la Sir Stelios Philantropic Foundation ha ospitato la mostra \\\"La beaut\u00e9 de la voile\\\" . La vendita all'asta, per\u00f2, si fa\",\"breadcrumb\":{\"@id\":\"https:\\\/\\\/www.monaco-tribune.com\\\/it\\\/2021\\\/09\\\/stelios-fondation-il-ricavato-dellultima-mostra-sara-destinato-a-unassocazione\\\/#breadcrumb\"},\"inLanguage\":\"it-IT\",\"potentialAction\":[{\"@type\":\"ReadAction\",\"target\":[\"https:\\\/\\\/www.monaco-tribune.com\\\/it\\\/2021\\\/09\\\/stelios-fondation-il-ricavato-dellultima-mostra-sara-destinato-a-unassocazione\\\/\"]}]},{\"@type\":\"ImageObject\",\"inLanguage\":\"it-IT\",\"@id\":\"https:\\\/\\\/www.monaco-tribune.com\\\/it\\\/2021\\\/09\\\/stelios-fondation-il-ricavato-dellultima-mostra-sara-destinato-a-unassocazione\\\/#primaryimage\",\"url\":\"https:\\\/\\\/www.monaco-tribune.com\\\/wp-content\\\/uploads\\\/2021\\\/09\\\/expo-stelios-concours-photo.jpg\",\"contentUrl\":\"https:\\\/\\\/www.monaco-tribune.com\\\/wp-content\\\/uploads\\\/2021\\\/09\\\/expo-stelios-concours-photo.jpg\",\"width\":1931,\"height\":1085,\"caption\":\"Simon Zwierniak\\\/Monaco Tribune\"},{\"@type\":\"BreadcrumbList\",\"@id\":\"https:\\\/\\\/www.monaco-tribune.com\\\/it\\\/2021\\\/09\\\/stelios-fondation-il-ricavato-dellultima-mostra-sara-destinato-a-unassocazione\\\/#breadcrumb\",\"itemListElement\":[{\"@type\":\"ListItem\",\"position\":1,\"name\":\"Accueil\",\"item\":\"https:\\\/\\\/www.monaco-tribune.com\\\/it\\\/\"},{\"@type\":\"ListItem\",\"position\":2,\"name\":\"Stelios Fondation: il ricavato dell&rsquo;ultima mostra sar\u00e0 destinato a un&rsquo;assocazione\"}]},{\"@type\":\"WebSite\",\"@id\":\"https:\\\/\\\/www.monaco-tribune.com\\\/it\\\/#website\",\"url\":\"https:\\\/\\\/www.monaco-tribune.com\\\/it\\\/\",\"name\":\"Monaco Tribune\",\"description\":\"Monaco : actualit\u00e9s \u00e9conomiques, politiques, culturelles et sportives de Monaco et de la French Riviera.\",\"publisher\":{\"@id\":\"https:\\\/\\\/www.monaco-tribune.com\\\/it\\\/#organization\"},\"potentialAction\":[{\"@type\":\"SearchAction\",\"target\":{\"@type\":\"EntryPoint\",\"urlTemplate\":\"https:\\\/\\\/www.monaco-tribune.com\\\/it\\\/?s={search_term_string}\"},\"query-input\":{\"@type\":\"PropertyValueSpecification\",\"valueRequired\":true,\"valueName\":\"search_term_string\"}}],\"inLanguage\":\"it-IT\"},{\"@type\":\"Organization\",\"@id\":\"https:\\\/\\\/www.monaco-tribune.com\\\/it\\\/#organization\",\"name\":\"Monaco Tribune\",\"url\":\"https:\\\/\\\/www.monaco-tribune.com\\\/it\\\/\",\"logo\":{\"@type\":\"ImageObject\",\"inLanguage\":\"it-IT\",\"@id\":\"https:\\\/\\\/www.monaco-tribune.com\\\/it\\\/#\\\/schema\\\/logo\\\/image\\\/\",\"url\":\"https:\\\/\\\/www.monaco-tribune.com\\\/wp-content\\\/uploads\\\/2022\\\/11\\\/logo-monaco-tribune.png\",\"contentUrl\":\"https:\\\/\\\/www.monaco-tribune.com\\\/wp-content\\\/uploads\\\/2022\\\/11\\\/logo-monaco-tribune.png\",\"width\":1548,\"height\":600,\"caption\":\"Monaco Tribune\"},\"image\":{\"@id\":\"https:\\\/\\\/www.monaco-tribune.com\\\/it\\\/#\\\/schema\\\/logo\\\/image\\\/\"},\"sameAs\":[\"https:\\\/\\\/www.facebook.com\\\/MonacoTribune\",\"https:\\\/\\\/x.com\\\/MonacoTribune\",\"https:\\\/\\\/www.instagram.com\\\/monacotribune\\\/\",\"https:\\\/\\\/www.linkedin.com\\\/company\\\/monaco-tribune\",\"https:\\\/\\\/www.youtube.com\\\/channel\\\/UCHle1MnG6hw1y4lWKijVbMA\"]},{\"@type\":\"Person\",\"@id\":\"https:\\\/\\\/www.monaco-tribune.com\\\/it\\\/#\\\/schema\\\/person\\\/8999750e061d77476d5caf542c77c841\",\"name\":\"Simon Zwierniak\",\"image\":{\"@type\":\"ImageObject\",\"inLanguage\":\"it-IT\",\"@id\":\"https:\\\/\\\/secure.gravatar.com\\\/avatar\\\/4996370fc4436ccbc5a09f3a9d6393bb07b46b707a1982d1874380fb0c5458de?s=96&d=mm&r=g\",\"url\":\"https:\\\/\\\/secure.gravatar.com\\\/avatar\\\/4996370fc4436ccbc5a09f3a9d6393bb07b46b707a1982d1874380fb0c5458de?s=96&d=mm&r=g\",\"contentUrl\":\"https:\\\/\\\/secure.gravatar.com\\\/avatar\\\/4996370fc4436ccbc5a09f3a9d6393bb07b46b707a1982d1874380fb0c5458de?s=96&d=mm&r=g\",\"caption\":\"Simon Zwierniak\"},\"url\":\"https:\\\/\\\/www.monaco-tribune.com\\\/it\\\/author\\\/simonzwierniak\\\/\"}]}<\/script>\n<!-- \/ Yoast SEO Premium plugin. -->","yoast_head_json":{"title":"Stelios Fondation: il ricavato dell'ultima mostra sar\u00e0 destinato a un'assocazione","description":"Fino al 25 settembre scorso, la Sir Stelios Philantropic Foundation ha ospitato la mostra \"La beaut\u00e9 de la voile\" . La vendita all'asta, per\u00f2, si fa","robots":{"index":"index","follow":"follow","max-snippet":"max-snippet:-1","max-image-preview":"max-image-preview:large","max-video-preview":"max-video-preview:-1"},"canonical":"https:\/\/www.monaco-tribune.com\/it\/2021\/09\/stelios-fondation-il-ricavato-dellultima-mostra-sara-destinato-a-unassocazione\/","og_locale":"it_IT","og_type":"article","og_title":"Stelios Fondation: il ricavato dell'ultima mostra sar\u00e0 destinato a un'assocazione - Monaco Tribune","og_description":"Fino al 25 settembre scorso, la Sir Stelios Philantropic Foundation ha ospitato la mostra \"La beaut\u00e9 de la voile\" . La vendita all'asta, per\u00f2, si fa","og_url":"https:\/\/www.monaco-tribune.com\/it\/2021\/09\/stelios-fondation-il-ricavato-dellultima-mostra-sara-destinato-a-unassocazione\/","og_site_name":"Monaco Tribune","article_publisher":"https:\/\/www.facebook.com\/MonacoTribune","article_published_time":"2021-09-30T16:07:06+00:00","article_modified_time":"2021-09-30T16:07:13+00:00","og_image":[{"width":1931,"height":1085,"url":"https:\/\/www.monaco-tribune.com\/wp-content\/uploads\/2021\/09\/expo-stelios-concours-photo.jpg","type":"image\/jpeg"}],"author":"Simon Zwierniak","twitter_card":"summary_large_image","twitter_creator":"@MonacoTribune","twitter_site":"@MonacoTribune","schema":{"@context":"https:\/\/schema.org","@graph":[{"@type":"NewsArticle","@id":"https:\/\/www.monaco-tribune.com\/it\/2021\/09\/stelios-fondation-il-ricavato-dellultima-mostra-sara-destinato-a-unassocazione\/#article","isPartOf":{"@id":"https:\/\/www.monaco-tribune.com\/it\/2021\/09\/stelios-fondation-il-ricavato-dellultima-mostra-sara-destinato-a-unassocazione\/"},"author":{"name":"Simon Zwierniak","@id":"https:\/\/www.monaco-tribune.com\/it\/#\/schema\/person\/8999750e061d77476d5caf542c77c841"},"headline":"Stelios Fondation: il ricavato dell&#8217;ultima mostra sar\u00e0 destinato a un&#8217;assocazione","datePublished":"2021-09-30T16:07:06+00:00","dateModified":"2021-09-30T16:07:13+00:00","mainEntityOfPage":{"@id":"https:\/\/www.monaco-tribune.com\/it\/2021\/09\/stelios-fondation-il-ricavato-dellultima-mostra-sara-destinato-a-unassocazione\/"},"wordCount":347,"publisher":{"@id":"https:\/\/www.monaco-tribune.com\/it\/#organization"},"image":{"@id":"https:\/\/www.monaco-tribune.com\/it\/2021\/09\/stelios-fondation-il-ricavato-dellultima-mostra-sara-destinato-a-unassocazione\/#primaryimage"},"thumbnailUrl":"https:\/\/www.monaco-tribune.com\/wp-content\/uploads\/2021\/09\/expo-stelios-concours-photo.jpg","keywords":["Associazioni"],"articleSection":["Notizie"],"inLanguage":"it-IT","copyrightYear":"2021","copyrightHolder":{"@id":"https:\/\/www.monaco-tribune.com\/#organization"}},{"@type":"WebPage","@id":"https:\/\/www.monaco-tribune.com\/it\/2021\/09\/stelios-fondation-il-ricavato-dellultima-mostra-sara-destinato-a-unassocazione\/","url":"https:\/\/www.monaco-tribune.com\/it\/2021\/09\/stelios-fondation-il-ricavato-dellultima-mostra-sara-destinato-a-unassocazione\/","name":"Stelios Fondation: il ricavato dell'ultima mostra sar\u00e0 destinato a un'assocazione","isPartOf":{"@id":"https:\/\/www.monaco-tribune.com\/it\/#website"},"primaryImageOfPage":{"@id":"https:\/\/www.monaco-tribune.com\/it\/2021\/09\/stelios-fondation-il-ricavato-dellultima-mostra-sara-destinato-a-unassocazione\/#primaryimage"},"image":{"@id":"https:\/\/www.monaco-tribune.com\/it\/2021\/09\/stelios-fondation-il-ricavato-dellultima-mostra-sara-destinato-a-unassocazione\/#primaryimage"},"thumbnailUrl":"https:\/\/www.monaco-tribune.com\/wp-content\/uploads\/2021\/09\/expo-stelios-concours-photo.jpg","datePublished":"2021-09-30T16:07:06+00:00","dateModified":"2021-09-30T16:07:13+00:00","description":"Fino al 25 settembre scorso, la Sir Stelios Philantropic Foundation ha ospitato la mostra \"La beaut\u00e9 de la voile\" . La vendita all'asta, per\u00f2, si fa","breadcrumb":{"@id":"https:\/\/www.monaco-tribune.com\/it\/2021\/09\/stelios-fondation-il-ricavato-dellultima-mostra-sara-destinato-a-unassocazione\/#breadcrumb"},"inLanguage":"it-IT","potentialAction":[{"@type":"ReadAction","target":["https:\/\/www.monaco-tribune.com\/it\/2021\/09\/stelios-fondation-il-ricavato-dellultima-mostra-sara-destinato-a-unassocazione\/"]}]},{"@type":"ImageObject","inLanguage":"it-IT","@id":"https:\/\/www.monaco-tribune.com\/it\/2021\/09\/stelios-fondation-il-ricavato-dellultima-mostra-sara-destinato-a-unassocazione\/#primaryimage","url":"https:\/\/www.monaco-tribune.com\/wp-content\/uploads\/2021\/09\/expo-stelios-concours-photo.jpg","contentUrl":"https:\/\/www.monaco-tribune.com\/wp-content\/uploads\/2021\/09\/expo-stelios-concours-photo.jpg","width":1931,"height":1085,"caption":"Simon Zwierniak\/Monaco Tribune"},{"@type":"BreadcrumbList","@id":"https:\/\/www.monaco-tribune.com\/it\/2021\/09\/stelios-fondation-il-ricavato-dellultima-mostra-sara-destinato-a-unassocazione\/#breadcrumb","itemListElement":[{"@type":"ListItem","position":1,"name":"Accueil","item":"https:\/\/www.monaco-tribune.com\/it\/"},{"@type":"ListItem","position":2,"name":"Stelios Fondation: il ricavato dell&rsquo;ultima mostra sar\u00e0 destinato a un&rsquo;assocazione"}]},{"@type":"WebSite","@id":"https:\/\/www.monaco-tribune.com\/it\/#website","url":"https:\/\/www.monaco-tribune.com\/it\/","name":"Monaco Tribune","description":"Monaco : actualit\u00e9s \u00e9conomiques, politiques, culturelles et sportives de Monaco et de la French Riviera.","publisher":{"@id":"https:\/\/www.monaco-tribune.com\/it\/#organization"},"potentialAction":[{"@type":"SearchAction","target":{"@type":"EntryPoint","urlTemplate":"https:\/\/www.monaco-tribune.com\/it\/?s={search_term_string}"},"query-input":{"@type":"PropertyValueSpecification","valueRequired":true,"valueName":"search_term_string"}}],"inLanguage":"it-IT"},{"@type":"Organization","@id":"https:\/\/www.monaco-tribune.com\/it\/#organization","name":"Monaco Tribune","url":"https:\/\/www.monaco-tribune.com\/it\/","logo":{"@type":"ImageObject","inLanguage":"it-IT","@id":"https:\/\/www.monaco-tribune.com\/it\/#\/schema\/logo\/image\/","url":"https:\/\/www.monaco-tribune.com\/wp-content\/uploads\/2022\/11\/logo-monaco-tribune.png","contentUrl":"https:\/\/www.monaco-tribune.com\/wp-content\/uploads\/2022\/11\/logo-monaco-tribune.png","width":1548,"height":600,"caption":"Monaco Tribune"},"image":{"@id":"https:\/\/www.monaco-tribune.com\/it\/#\/schema\/logo\/image\/"},"sameAs":["https:\/\/www.facebook.com\/MonacoTribune","https:\/\/x.com\/MonacoTribune","https:\/\/www.instagram.com\/monacotribune\/","https:\/\/www.linkedin.com\/company\/monaco-tribune","https:\/\/www.youtube.com\/channel\/UCHle1MnG6hw1y4lWKijVbMA"]},{"@type":"Person","@id":"https:\/\/www.monaco-tribune.com\/it\/#\/schema\/person\/8999750e061d77476d5caf542c77c841","name":"Simon Zwierniak","image":{"@type":"ImageObject","inLanguage":"it-IT","@id":"https:\/\/secure.gravatar.com\/avatar\/4996370fc4436ccbc5a09f3a9d6393bb07b46b707a1982d1874380fb0c5458de?s=96&d=mm&r=g","url":"https:\/\/secure.gravatar.com\/avatar\/4996370fc4436ccbc5a09f3a9d6393bb07b46b707a1982d1874380fb0c5458de?s=96&d=mm&r=g","contentUrl":"https:\/\/secure.gravatar.com\/avatar\/4996370fc4436ccbc5a09f3a9d6393bb07b46b707a1982d1874380fb0c5458de?s=96&d=mm&r=g","caption":"Simon Zwierniak"},"url":"https:\/\/www.monaco-tribune.com\/it\/author\/simonzwierniak\/"}]}},"_links":{"self":[{"href":"https:\/\/www.monaco-tribune.com\/it\/wp-json\/wp\/v2\/posts\/95166","targetHints":{"allow":["GET"]}}],"collection":[{"href":"https:\/\/www.monaco-tribune.com\/it\/wp-json\/wp\/v2\/posts"}],"about":[{"href":"https:\/\/www.monaco-tribune.com\/it\/wp-json\/wp\/v2\/types\/post"}],"author":[{"embeddable":true,"href":"https:\/\/www.monaco-tribune.com\/it\/wp-json\/wp\/v2\/users\/54"}],"replies":[{"embeddable":true,"href":"https:\/\/www.monaco-tribune.com\/it\/wp-json\/wp\/v2\/comments?post=95166"}],"version-history":[{"count":0,"href":"https:\/\/www.monaco-tribune.com\/it\/wp-json\/wp\/v2\/posts\/95166\/revisions"}],"wp:featuredmedia":[{"embeddable":true,"href":"https:\/\/www.monaco-tribune.com\/it\/wp-json\/wp\/v2\/media\/94998"}],"wp:attachment":[{"href":"https:\/\/www.monaco-tribune.com\/it\/wp-json\/wp\/v2\/media?parent=95166"}],"wp:term":[{"taxonomy":"category","embeddable":true,"href":"https:\/\/www.monaco-tribune.com\/it\/wp-json\/wp\/v2\/categories?post=95166"},{"taxonomy":"post_tag","embeddable":true,"href":"https:\/\/www.monaco-tribune.com\/it\/wp-json\/wp\/v2\/tags?post=95166"},{"taxonomy":"sectag","embeddable":true,"href":"https:\/\/www.monaco-tribune.com\/it\/wp-json\/wp\/v2\/post_sectags?post=95166"},{"taxonomy":"format","embeddable":true,"href":"https:\/\/www.monaco-tribune.com\/it\/wp-json\/wp\/v2\/post_format?post=95166"}],"curies":[{"name":"wp","href":"https:\/\/api.w.org\/{rel}","templated":true}]}}