{"id":95293,"date":"2021-10-01T16:41:09","date_gmt":"2021-10-01T14:41:09","guid":{"rendered":"https:\/\/www.monaco-tribune.com\/2021\/10\/ligue-1-la-reazione-di-ineos-in-seguito-alle-sanzioni-legate-agli-episodi-del-derby-nizza-marsiglia\/"},"modified":"2021-10-01T16:43:44","modified_gmt":"2021-10-01T14:43:44","slug":"ligue-1-la-reazione-di-ineos-in-seguito-alle-sanzioni-legate-agli-episodi-del-derby-nizza-marsiglia","status":"publish","type":"post","link":"https:\/\/www.monaco-tribune.com\/it\/2021\/10\/ligue-1-la-reazione-di-ineos-in-seguito-alle-sanzioni-legate-agli-episodi-del-derby-nizza-marsiglia\/","title":{"rendered":"Ligue 1: la reazione di INEOS in seguito alle sanzioni legate agli episodi del derby Nizza-Marsiglia"},"content":{"rendered":"\n<p><strong>In seguito ai disordini avvenuti il 22 agosto durante la partita tra OGC Nizza e Olympique Marsiglia, il direttore esecutivo del club nizzardo, Bob Ratcliffe, ha voluto fare un comunicato a nome di INEOS.<\/strong><\/p>\n\n\n\n<p>Ecco le dichiarazioni del fratello di Jim Ratcliffe, proprietario di INEOS e del club OGC Nizza: &#8220;Accettiamo la sanzione che ci \u00e8 stata comminata perch\u00e9 la riteniamo giusta, date le circostanze. \u00c8 stato oltrepassato un limite e non dovr\u00e0 mai pi\u00f9 succedere&#8221;. Una reazione opposta rispetto a quella dell&#8217;Olympique Marsiglia che, tramite il suo direttore della comunicazione, Jacques Cardoze, ha detto di &#8220;non comprendere la decisione della Ligue&#8221;.<\/p>\n\n\n\n<h2 class=\"wp-block-heading\" id=\"h-l-incontro-si-disputer-nuovamente-il-27-ottobre\">L&#8217;incontro si disputer\u00e0 nuovamente il 27 ottobre<\/h2>\n\n\n\n<p>Ricordiamo che, durante questa partita della terza giornata di Ligue 1, un gruppo di tifosi nizzardi aveva invaso il campo per attaccare i giocatori marsigliesi dopo che Dimitri Payet aveva rilanciato sugli spalti della curva del Nizza una bottiglietta che lo aveva colpito alla schiena. A causa di questi scontri la partita \u00e8 stata rimandata al 27 ottobre prossimo (luogo da definire) e al Nizza \u00e8 stato inflitto un punto di penalit\u00e0 sulla classifica.<\/p>\n\n\n\n<p>Jim Ratcliffe \u00e8 la persona pi\u00f9 ricca del Regno Unito, grazie soprattutto ai proventi del gruppo chimico INEOS, e ha notevolmente investito nello sport negli ultimi anni (ciclismo, vela, Formula 1, calcio). Recentemente, il britannico \u00e8 diventato residente monegasco.<\/p>\n","protected":false},"excerpt":{"rendered":"<p>In seguito ai disordini avvenuti il 22 agosto durante la partita tra OGC Nizza e Olympique Marsiglia, il direttore esecutivo [&hellip;]<\/p>\n","protected":false},"author":24,"featured_media":95136,"comment_status":"closed","ping_status":"closed","sticky":false,"template":"","format":"standard","meta":{"_acf_changed":false,"footnotes":""},"categories":[1738,1743],"tags":[3944],"post_sectags":[],"post_format":[2478],"class_list":["post-95293","post","type-post","status-publish","format-standard","has-post-thumbnail","hentry","category-notizie","category-sport-it","tag-calcio","format-notizia"],"acf":[],"yoast_head":"<!-- This site is optimized with the Yoast SEO Premium plugin v26.8 (Yoast SEO v27.4) - https:\/\/yoast.com\/product\/yoast-seo-premium-wordpress\/ -->\n<title>Ligue 1: la reazione di INEOS in seguito alle sanzioni legate agli episodi del derby Nizza-Marsiglia<\/title>\n<meta name=\"description\" content=\"In seguito ai disordini avvenuti il 22 agosto durante la partita tra OGC Nizza e Olympique Marsiglia, il direttore esecutivo del club nizzardo, Bob\" \/>\n<meta name=\"robots\" content=\"index, follow, max-snippet:-1, max-image-preview:large, max-video-preview:-1\" \/>\n<link rel=\"canonical\" href=\"https:\/\/www.monaco-tribune.com\/it\/2021\/10\/ligue-1-la-reazione-di-ineos-in-seguito-alle-sanzioni-legate-agli-episodi-del-derby-nizza-marsiglia\/\" \/>\n<meta property=\"og:locale\" content=\"it_IT\" \/>\n<meta property=\"og:type\" content=\"article\" \/>\n<meta property=\"og:title\" content=\"Ligue 1: la reazione di INEOS in seguito alle sanzioni legate agli episodi del derby Nizza-Marsiglia - Monaco Tribune\" \/>\n<meta property=\"og:description\" content=\"In seguito ai disordini avvenuti il 22 agosto durante la partita tra OGC Nizza e Olympique Marsiglia, il direttore esecutivo del club nizzardo, Bob\" \/>\n<meta property=\"og:url\" content=\"https:\/\/www.monaco-tribune.com\/it\/2021\/10\/ligue-1-la-reazione-di-ineos-in-seguito-alle-sanzioni-legate-agli-episodi-del-derby-nizza-marsiglia\/\" \/>\n<meta property=\"og:site_name\" content=\"Monaco Tribune\" \/>\n<meta property=\"article:publisher\" content=\"https:\/\/www.facebook.com\/MonacoTribune\" \/>\n<meta property=\"article:published_time\" content=\"2021-10-01T14:41:09+00:00\" \/>\n<meta property=\"article:modified_time\" content=\"2021-10-01T14:43:44+00:00\" \/>\n<meta property=\"og:image\" content=\"https:\/\/www.monaco-tribune.com\/wp-content\/uploads\/2021\/09\/ogc-nice-marseille.jpeg\" \/>\n\t<meta property=\"og:image:width\" content=\"1024\" \/>\n\t<meta property=\"og:image:height\" content=\"668\" \/>\n\t<meta property=\"og:image:type\" content=\"image\/jpeg\" \/>\n<meta name=\"author\" content=\"Romain Boisaubert\" \/>\n<meta name=\"twitter:card\" content=\"summary_large_image\" \/>\n<meta name=\"twitter:creator\" content=\"@MonacoTribune\" \/>\n<meta name=\"twitter:site\" content=\"@MonacoTribune\" \/>\n<script type=\"application\/ld+json\" class=\"yoast-schema-graph\">{\"@context\":\"https:\\\/\\\/schema.org\",\"@graph\":[{\"@type\":\"NewsArticle\",\"@id\":\"https:\\\/\\\/www.monaco-tribune.com\\\/it\\\/2021\\\/10\\\/ligue-1-la-reazione-di-ineos-in-seguito-alle-sanzioni-legate-agli-episodi-del-derby-nizza-marsiglia\\\/#article\",\"isPartOf\":{\"@id\":\"https:\\\/\\\/www.monaco-tribune.com\\\/it\\\/2021\\\/10\\\/ligue-1-la-reazione-di-ineos-in-seguito-alle-sanzioni-legate-agli-episodi-del-derby-nizza-marsiglia\\\/\"},\"author\":{\"name\":\"Romain Boisaubert\",\"@id\":\"https:\\\/\\\/www.monaco-tribune.com\\\/it\\\/#\\\/schema\\\/person\\\/330a3732947cf8cb41b2533a0eadd62e\"},\"headline\":\"Ligue 1: la reazione di INEOS in seguito alle sanzioni legate agli episodi del derby Nizza-Marsiglia\",\"datePublished\":\"2021-10-01T14:41:09+00:00\",\"dateModified\":\"2021-10-01T14:43:44+00:00\",\"mainEntityOfPage\":{\"@id\":\"https:\\\/\\\/www.monaco-tribune.com\\\/it\\\/2021\\\/10\\\/ligue-1-la-reazione-di-ineos-in-seguito-alle-sanzioni-legate-agli-episodi-del-derby-nizza-marsiglia\\\/\"},\"wordCount\":228,\"publisher\":{\"@id\":\"https:\\\/\\\/www.monaco-tribune.com\\\/it\\\/#organization\"},\"image\":{\"@id\":\"https:\\\/\\\/www.monaco-tribune.com\\\/it\\\/2021\\\/10\\\/ligue-1-la-reazione-di-ineos-in-seguito-alle-sanzioni-legate-agli-episodi-del-derby-nizza-marsiglia\\\/#primaryimage\"},\"thumbnailUrl\":\"https:\\\/\\\/www.monaco-tribune.com\\\/wp-content\\\/uploads\\\/2021\\\/09\\\/ogc-nice-marseille.jpeg\",\"keywords\":[\"Calcio\"],\"articleSection\":[\"Notizie\",\"Sport\"],\"inLanguage\":\"it-IT\",\"copyrightYear\":\"2021\",\"copyrightHolder\":{\"@id\":\"https:\\\/\\\/www.monaco-tribune.com\\\/#organization\"}},{\"@type\":\"WebPage\",\"@id\":\"https:\\\/\\\/www.monaco-tribune.com\\\/it\\\/2021\\\/10\\\/ligue-1-la-reazione-di-ineos-in-seguito-alle-sanzioni-legate-agli-episodi-del-derby-nizza-marsiglia\\\/\",\"url\":\"https:\\\/\\\/www.monaco-tribune.com\\\/it\\\/2021\\\/10\\\/ligue-1-la-reazione-di-ineos-in-seguito-alle-sanzioni-legate-agli-episodi-del-derby-nizza-marsiglia\\\/\",\"name\":\"Ligue 1: la reazione di INEOS in seguito alle sanzioni legate agli episodi del derby Nizza-Marsiglia\",\"isPartOf\":{\"@id\":\"https:\\\/\\\/www.monaco-tribune.com\\\/it\\\/#website\"},\"primaryImageOfPage\":{\"@id\":\"https:\\\/\\\/www.monaco-tribune.com\\\/it\\\/2021\\\/10\\\/ligue-1-la-reazione-di-ineos-in-seguito-alle-sanzioni-legate-agli-episodi-del-derby-nizza-marsiglia\\\/#primaryimage\"},\"image\":{\"@id\":\"https:\\\/\\\/www.monaco-tribune.com\\\/it\\\/2021\\\/10\\\/ligue-1-la-reazione-di-ineos-in-seguito-alle-sanzioni-legate-agli-episodi-del-derby-nizza-marsiglia\\\/#primaryimage\"},\"thumbnailUrl\":\"https:\\\/\\\/www.monaco-tribune.com\\\/wp-content\\\/uploads\\\/2021\\\/09\\\/ogc-nice-marseille.jpeg\",\"datePublished\":\"2021-10-01T14:41:09+00:00\",\"dateModified\":\"2021-10-01T14:43:44+00:00\",\"description\":\"In seguito ai disordini avvenuti il 22 agosto durante la partita tra OGC Nizza e Olympique Marsiglia, il direttore esecutivo del club nizzardo, Bob\",\"breadcrumb\":{\"@id\":\"https:\\\/\\\/www.monaco-tribune.com\\\/it\\\/2021\\\/10\\\/ligue-1-la-reazione-di-ineos-in-seguito-alle-sanzioni-legate-agli-episodi-del-derby-nizza-marsiglia\\\/#breadcrumb\"},\"inLanguage\":\"it-IT\",\"potentialAction\":[{\"@type\":\"ReadAction\",\"target\":[\"https:\\\/\\\/www.monaco-tribune.com\\\/it\\\/2021\\\/10\\\/ligue-1-la-reazione-di-ineos-in-seguito-alle-sanzioni-legate-agli-episodi-del-derby-nizza-marsiglia\\\/\"]}]},{\"@type\":\"ImageObject\",\"inLanguage\":\"it-IT\",\"@id\":\"https:\\\/\\\/www.monaco-tribune.com\\\/it\\\/2021\\\/10\\\/ligue-1-la-reazione-di-ineos-in-seguito-alle-sanzioni-legate-agli-episodi-del-derby-nizza-marsiglia\\\/#primaryimage\",\"url\":\"https:\\\/\\\/www.monaco-tribune.com\\\/wp-content\\\/uploads\\\/2021\\\/09\\\/ogc-nice-marseille.jpeg\",\"contentUrl\":\"https:\\\/\\\/www.monaco-tribune.com\\\/wp-content\\\/uploads\\\/2021\\\/09\\\/ogc-nice-marseille.jpeg\",\"width\":1024,\"height\":668,\"caption\":\"OGC Nice\"},{\"@type\":\"BreadcrumbList\",\"@id\":\"https:\\\/\\\/www.monaco-tribune.com\\\/it\\\/2021\\\/10\\\/ligue-1-la-reazione-di-ineos-in-seguito-alle-sanzioni-legate-agli-episodi-del-derby-nizza-marsiglia\\\/#breadcrumb\",\"itemListElement\":[{\"@type\":\"ListItem\",\"position\":1,\"name\":\"Accueil\",\"item\":\"https:\\\/\\\/www.monaco-tribune.com\\\/it\\\/\"},{\"@type\":\"ListItem\",\"position\":2,\"name\":\"Ligue 1: la reazione di INEOS in seguito alle sanzioni legate agli episodi del derby Nizza-Marsiglia\"}]},{\"@type\":\"WebSite\",\"@id\":\"https:\\\/\\\/www.monaco-tribune.com\\\/it\\\/#website\",\"url\":\"https:\\\/\\\/www.monaco-tribune.com\\\/it\\\/\",\"name\":\"Monaco Tribune\",\"description\":\"Monaco : actualit\u00e9s \u00e9conomiques, politiques, culturelles et sportives de Monaco et de la French Riviera.\",\"publisher\":{\"@id\":\"https:\\\/\\\/www.monaco-tribune.com\\\/it\\\/#organization\"},\"potentialAction\":[{\"@type\":\"SearchAction\",\"target\":{\"@type\":\"EntryPoint\",\"urlTemplate\":\"https:\\\/\\\/www.monaco-tribune.com\\\/it\\\/?s={search_term_string}\"},\"query-input\":{\"@type\":\"PropertyValueSpecification\",\"valueRequired\":true,\"valueName\":\"search_term_string\"}}],\"inLanguage\":\"it-IT\"},{\"@type\":\"Organization\",\"@id\":\"https:\\\/\\\/www.monaco-tribune.com\\\/it\\\/#organization\",\"name\":\"Monaco Tribune\",\"url\":\"https:\\\/\\\/www.monaco-tribune.com\\\/it\\\/\",\"logo\":{\"@type\":\"ImageObject\",\"inLanguage\":\"it-IT\",\"@id\":\"https:\\\/\\\/www.monaco-tribune.com\\\/it\\\/#\\\/schema\\\/logo\\\/image\\\/\",\"url\":\"https:\\\/\\\/www.monaco-tribune.com\\\/wp-content\\\/uploads\\\/2022\\\/11\\\/logo-monaco-tribune.png\",\"contentUrl\":\"https:\\\/\\\/www.monaco-tribune.com\\\/wp-content\\\/uploads\\\/2022\\\/11\\\/logo-monaco-tribune.png\",\"width\":1548,\"height\":600,\"caption\":\"Monaco Tribune\"},\"image\":{\"@id\":\"https:\\\/\\\/www.monaco-tribune.com\\\/it\\\/#\\\/schema\\\/logo\\\/image\\\/\"},\"sameAs\":[\"https:\\\/\\\/www.facebook.com\\\/MonacoTribune\",\"https:\\\/\\\/x.com\\\/MonacoTribune\",\"https:\\\/\\\/www.instagram.com\\\/monacotribune\\\/\",\"https:\\\/\\\/www.linkedin.com\\\/company\\\/monaco-tribune\",\"https:\\\/\\\/www.youtube.com\\\/channel\\\/UCHle1MnG6hw1y4lWKijVbMA\"]},{\"@type\":\"Person\",\"@id\":\"https:\\\/\\\/www.monaco-tribune.com\\\/it\\\/#\\\/schema\\\/person\\\/330a3732947cf8cb41b2533a0eadd62e\",\"name\":\"Romain Boisaubert\",\"image\":{\"@type\":\"ImageObject\",\"inLanguage\":\"it-IT\",\"@id\":\"https:\\\/\\\/secure.gravatar.com\\\/avatar\\\/f8b90d41f1eabd1cbe4cf59e09d8db41a697d51919bf2dfe727589a24a4a4d54?s=96&d=mm&r=g\",\"url\":\"https:\\\/\\\/secure.gravatar.com\\\/avatar\\\/f8b90d41f1eabd1cbe4cf59e09d8db41a697d51919bf2dfe727589a24a4a4d54?s=96&d=mm&r=g\",\"contentUrl\":\"https:\\\/\\\/secure.gravatar.com\\\/avatar\\\/f8b90d41f1eabd1cbe4cf59e09d8db41a697d51919bf2dfe727589a24a4a4d54?s=96&d=mm&r=g\",\"caption\":\"Romain Boisaubert\"},\"description\":\"Test bio\",\"url\":\"https:\\\/\\\/www.monaco-tribune.com\\\/it\\\/author\\\/romain-boisaubert\\\/\"}]}<\/script>\n<!-- \/ Yoast SEO Premium plugin. -->","yoast_head_json":{"title":"Ligue 1: la reazione di INEOS in seguito alle sanzioni legate agli episodi del derby Nizza-Marsiglia","description":"In seguito ai disordini avvenuti il 22 agosto durante la partita tra OGC Nizza e Olympique Marsiglia, il direttore esecutivo del club nizzardo, Bob","robots":{"index":"index","follow":"follow","max-snippet":"max-snippet:-1","max-image-preview":"max-image-preview:large","max-video-preview":"max-video-preview:-1"},"canonical":"https:\/\/www.monaco-tribune.com\/it\/2021\/10\/ligue-1-la-reazione-di-ineos-in-seguito-alle-sanzioni-legate-agli-episodi-del-derby-nizza-marsiglia\/","og_locale":"it_IT","og_type":"article","og_title":"Ligue 1: la reazione di INEOS in seguito alle sanzioni legate agli episodi del derby Nizza-Marsiglia - Monaco Tribune","og_description":"In seguito ai disordini avvenuti il 22 agosto durante la partita tra OGC Nizza e Olympique Marsiglia, il direttore esecutivo del club nizzardo, Bob","og_url":"https:\/\/www.monaco-tribune.com\/it\/2021\/10\/ligue-1-la-reazione-di-ineos-in-seguito-alle-sanzioni-legate-agli-episodi-del-derby-nizza-marsiglia\/","og_site_name":"Monaco Tribune","article_publisher":"https:\/\/www.facebook.com\/MonacoTribune","article_published_time":"2021-10-01T14:41:09+00:00","article_modified_time":"2021-10-01T14:43:44+00:00","og_image":[{"width":1024,"height":668,"url":"https:\/\/www.monaco-tribune.com\/wp-content\/uploads\/2021\/09\/ogc-nice-marseille.jpeg","type":"image\/jpeg"}],"author":"Romain Boisaubert","twitter_card":"summary_large_image","twitter_creator":"@MonacoTribune","twitter_site":"@MonacoTribune","schema":{"@context":"https:\/\/schema.org","@graph":[{"@type":"NewsArticle","@id":"https:\/\/www.monaco-tribune.com\/it\/2021\/10\/ligue-1-la-reazione-di-ineos-in-seguito-alle-sanzioni-legate-agli-episodi-del-derby-nizza-marsiglia\/#article","isPartOf":{"@id":"https:\/\/www.monaco-tribune.com\/it\/2021\/10\/ligue-1-la-reazione-di-ineos-in-seguito-alle-sanzioni-legate-agli-episodi-del-derby-nizza-marsiglia\/"},"author":{"name":"Romain Boisaubert","@id":"https:\/\/www.monaco-tribune.com\/it\/#\/schema\/person\/330a3732947cf8cb41b2533a0eadd62e"},"headline":"Ligue 1: la reazione di INEOS in seguito alle sanzioni legate agli episodi del derby Nizza-Marsiglia","datePublished":"2021-10-01T14:41:09+00:00","dateModified":"2021-10-01T14:43:44+00:00","mainEntityOfPage":{"@id":"https:\/\/www.monaco-tribune.com\/it\/2021\/10\/ligue-1-la-reazione-di-ineos-in-seguito-alle-sanzioni-legate-agli-episodi-del-derby-nizza-marsiglia\/"},"wordCount":228,"publisher":{"@id":"https:\/\/www.monaco-tribune.com\/it\/#organization"},"image":{"@id":"https:\/\/www.monaco-tribune.com\/it\/2021\/10\/ligue-1-la-reazione-di-ineos-in-seguito-alle-sanzioni-legate-agli-episodi-del-derby-nizza-marsiglia\/#primaryimage"},"thumbnailUrl":"https:\/\/www.monaco-tribune.com\/wp-content\/uploads\/2021\/09\/ogc-nice-marseille.jpeg","keywords":["Calcio"],"articleSection":["Notizie","Sport"],"inLanguage":"it-IT","copyrightYear":"2021","copyrightHolder":{"@id":"https:\/\/www.monaco-tribune.com\/#organization"}},{"@type":"WebPage","@id":"https:\/\/www.monaco-tribune.com\/it\/2021\/10\/ligue-1-la-reazione-di-ineos-in-seguito-alle-sanzioni-legate-agli-episodi-del-derby-nizza-marsiglia\/","url":"https:\/\/www.monaco-tribune.com\/it\/2021\/10\/ligue-1-la-reazione-di-ineos-in-seguito-alle-sanzioni-legate-agli-episodi-del-derby-nizza-marsiglia\/","name":"Ligue 1: la reazione di INEOS in seguito alle sanzioni legate agli episodi del derby Nizza-Marsiglia","isPartOf":{"@id":"https:\/\/www.monaco-tribune.com\/it\/#website"},"primaryImageOfPage":{"@id":"https:\/\/www.monaco-tribune.com\/it\/2021\/10\/ligue-1-la-reazione-di-ineos-in-seguito-alle-sanzioni-legate-agli-episodi-del-derby-nizza-marsiglia\/#primaryimage"},"image":{"@id":"https:\/\/www.monaco-tribune.com\/it\/2021\/10\/ligue-1-la-reazione-di-ineos-in-seguito-alle-sanzioni-legate-agli-episodi-del-derby-nizza-marsiglia\/#primaryimage"},"thumbnailUrl":"https:\/\/www.monaco-tribune.com\/wp-content\/uploads\/2021\/09\/ogc-nice-marseille.jpeg","datePublished":"2021-10-01T14:41:09+00:00","dateModified":"2021-10-01T14:43:44+00:00","description":"In seguito ai disordini avvenuti il 22 agosto durante la partita tra OGC Nizza e Olympique Marsiglia, il direttore esecutivo del club nizzardo, Bob","breadcrumb":{"@id":"https:\/\/www.monaco-tribune.com\/it\/2021\/10\/ligue-1-la-reazione-di-ineos-in-seguito-alle-sanzioni-legate-agli-episodi-del-derby-nizza-marsiglia\/#breadcrumb"},"inLanguage":"it-IT","potentialAction":[{"@type":"ReadAction","target":["https:\/\/www.monaco-tribune.com\/it\/2021\/10\/ligue-1-la-reazione-di-ineos-in-seguito-alle-sanzioni-legate-agli-episodi-del-derby-nizza-marsiglia\/"]}]},{"@type":"ImageObject","inLanguage":"it-IT","@id":"https:\/\/www.monaco-tribune.com\/it\/2021\/10\/ligue-1-la-reazione-di-ineos-in-seguito-alle-sanzioni-legate-agli-episodi-del-derby-nizza-marsiglia\/#primaryimage","url":"https:\/\/www.monaco-tribune.com\/wp-content\/uploads\/2021\/09\/ogc-nice-marseille.jpeg","contentUrl":"https:\/\/www.monaco-tribune.com\/wp-content\/uploads\/2021\/09\/ogc-nice-marseille.jpeg","width":1024,"height":668,"caption":"OGC Nice"},{"@type":"BreadcrumbList","@id":"https:\/\/www.monaco-tribune.com\/it\/2021\/10\/ligue-1-la-reazione-di-ineos-in-seguito-alle-sanzioni-legate-agli-episodi-del-derby-nizza-marsiglia\/#breadcrumb","itemListElement":[{"@type":"ListItem","position":1,"name":"Accueil","item":"https:\/\/www.monaco-tribune.com\/it\/"},{"@type":"ListItem","position":2,"name":"Ligue 1: la reazione di INEOS in seguito alle sanzioni legate agli episodi del derby Nizza-Marsiglia"}]},{"@type":"WebSite","@id":"https:\/\/www.monaco-tribune.com\/it\/#website","url":"https:\/\/www.monaco-tribune.com\/it\/","name":"Monaco Tribune","description":"Monaco : actualit\u00e9s \u00e9conomiques, politiques, culturelles et sportives de Monaco et de la French Riviera.","publisher":{"@id":"https:\/\/www.monaco-tribune.com\/it\/#organization"},"potentialAction":[{"@type":"SearchAction","target":{"@type":"EntryPoint","urlTemplate":"https:\/\/www.monaco-tribune.com\/it\/?s={search_term_string}"},"query-input":{"@type":"PropertyValueSpecification","valueRequired":true,"valueName":"search_term_string"}}],"inLanguage":"it-IT"},{"@type":"Organization","@id":"https:\/\/www.monaco-tribune.com\/it\/#organization","name":"Monaco Tribune","url":"https:\/\/www.monaco-tribune.com\/it\/","logo":{"@type":"ImageObject","inLanguage":"it-IT","@id":"https:\/\/www.monaco-tribune.com\/it\/#\/schema\/logo\/image\/","url":"https:\/\/www.monaco-tribune.com\/wp-content\/uploads\/2022\/11\/logo-monaco-tribune.png","contentUrl":"https:\/\/www.monaco-tribune.com\/wp-content\/uploads\/2022\/11\/logo-monaco-tribune.png","width":1548,"height":600,"caption":"Monaco Tribune"},"image":{"@id":"https:\/\/www.monaco-tribune.com\/it\/#\/schema\/logo\/image\/"},"sameAs":["https:\/\/www.facebook.com\/MonacoTribune","https:\/\/x.com\/MonacoTribune","https:\/\/www.instagram.com\/monacotribune\/","https:\/\/www.linkedin.com\/company\/monaco-tribune","https:\/\/www.youtube.com\/channel\/UCHle1MnG6hw1y4lWKijVbMA"]},{"@type":"Person","@id":"https:\/\/www.monaco-tribune.com\/it\/#\/schema\/person\/330a3732947cf8cb41b2533a0eadd62e","name":"Romain Boisaubert","image":{"@type":"ImageObject","inLanguage":"it-IT","@id":"https:\/\/secure.gravatar.com\/avatar\/f8b90d41f1eabd1cbe4cf59e09d8db41a697d51919bf2dfe727589a24a4a4d54?s=96&d=mm&r=g","url":"https:\/\/secure.gravatar.com\/avatar\/f8b90d41f1eabd1cbe4cf59e09d8db41a697d51919bf2dfe727589a24a4a4d54?s=96&d=mm&r=g","contentUrl":"https:\/\/secure.gravatar.com\/avatar\/f8b90d41f1eabd1cbe4cf59e09d8db41a697d51919bf2dfe727589a24a4a4d54?s=96&d=mm&r=g","caption":"Romain Boisaubert"},"description":"Test bio","url":"https:\/\/www.monaco-tribune.com\/it\/author\/romain-boisaubert\/"}]}},"_links":{"self":[{"href":"https:\/\/www.monaco-tribune.com\/it\/wp-json\/wp\/v2\/posts\/95293","targetHints":{"allow":["GET"]}}],"collection":[{"href":"https:\/\/www.monaco-tribune.com\/it\/wp-json\/wp\/v2\/posts"}],"about":[{"href":"https:\/\/www.monaco-tribune.com\/it\/wp-json\/wp\/v2\/types\/post"}],"author":[{"embeddable":true,"href":"https:\/\/www.monaco-tribune.com\/it\/wp-json\/wp\/v2\/users\/24"}],"replies":[{"embeddable":true,"href":"https:\/\/www.monaco-tribune.com\/it\/wp-json\/wp\/v2\/comments?post=95293"}],"version-history":[{"count":0,"href":"https:\/\/www.monaco-tribune.com\/it\/wp-json\/wp\/v2\/posts\/95293\/revisions"}],"wp:featuredmedia":[{"embeddable":true,"href":"https:\/\/www.monaco-tribune.com\/it\/wp-json\/wp\/v2\/media\/95136"}],"wp:attachment":[{"href":"https:\/\/www.monaco-tribune.com\/it\/wp-json\/wp\/v2\/media?parent=95293"}],"wp:term":[{"taxonomy":"category","embeddable":true,"href":"https:\/\/www.monaco-tribune.com\/it\/wp-json\/wp\/v2\/categories?post=95293"},{"taxonomy":"post_tag","embeddable":true,"href":"https:\/\/www.monaco-tribune.com\/it\/wp-json\/wp\/v2\/tags?post=95293"},{"taxonomy":"sectag","embeddable":true,"href":"https:\/\/www.monaco-tribune.com\/it\/wp-json\/wp\/v2\/post_sectags?post=95293"},{"taxonomy":"format","embeddable":true,"href":"https:\/\/www.monaco-tribune.com\/it\/wp-json\/wp\/v2\/post_format?post=95293"}],"curies":[{"name":"wp","href":"https:\/\/api.w.org\/{rel}","templated":true}]}}