{"id":96206,"date":"2021-10-14T18:04:32","date_gmt":"2021-10-14T16:04:32","guid":{"rendered":"https:\/\/www.monaco-tribune.com\/2021\/10\/sviluppo-sostenibile-5-punti-chiave-della-conferenza-sulla-transizione-energetica-di-monaco\/"},"modified":"2021-10-14T18:06:16","modified_gmt":"2021-10-14T16:06:16","slug":"sviluppo-sostenibile-5-punti-chiave-della-conferenza-sulla-transizione-energetica-di-monaco","status":"publish","type":"post","link":"https:\/\/www.monaco-tribune.com\/it\/2021\/10\/sviluppo-sostenibile-5-punti-chiave-della-conferenza-sulla-transizione-energetica-di-monaco\/","title":{"rendered":"Sviluppo sostenibile: 5 punti chiave della conferenza sulla transizione energetica di Monaco"},"content":{"rendered":"\n<p><strong>L&#8217;8 ottobre, Annabelle Jaeger-Seydoux, direttrice della Missione per la transizione energetica del governo monegasco, ha tenuto una conferenza per l&#8217;<\/strong><a href=\"https:\/\/www.monaco-tribune.com\/it\/2021\/09\/monaco-women-in-finance-institute-un-nuovo-think-tank-che-promuove-la-presenza-femminile-nella-finanza\/\"><strong>MWF Institute<\/strong><\/a><strong> sulle azioni intraprese dal Principato per promuovere lo sviluppo sostenibile.<\/strong><\/p>\n\n<h2 class=\"has-text-align-center wp-block-heading\" id=\"h-supprimer-le-plastique\">Eliminare la plastica<\/h2>\n\n<p>Considerata la principale fonte di emissioni di CO2 nel Principato, la plastica \u00e8 una delle questioni pi\u00f9 importanti da affrontare, sia Monaco che nel resto del mondo. Secondo l&#8217;Inventario nazionale (francese) 2021 della Convenzione quadro delle Nazioni Unite sul cambiamento climatico, il 24% delle emissioni di gas serra deriva dalla combustione dei rifiuti di plastica. Secondo Annabelle Jaeger-Seydoux, l&#8217;obiettivo primario \u00e8 quello di trovare alternative alla plastica, cos\u00ec da limitarne anche la quantit\u00e0 di rifiuti. Le difficolt\u00e0 principali nel ridurre la plastica, secondo lei, sarebbero legate alla pressione dei consumatori e a quella delle normative. Un primo passo per ridurre questo rifiuto particolarmente inquinante \u00e8 quello di vietare la plastica monouso sia per i consumatori che per le industrie.<\/p>\n\n<p><strong>&gt;&gt; LEGGI ANCHE:<\/strong> <a href=\"https:\/\/www.monaco-tribune.com\/it\/2021\/09\/monaco-rinnova-il-suo-impegno-nella-lotta-contro-i-rifuti-marini-e-linquinamento-da-plastica\/\">Monaco rinnova il suo impegno nella lotta contro i rifiuti marini e l\u2019inquinamento da plastica<\/a><\/p>\n\n<h2 class=\"has-text-align-center wp-block-heading\" id=\"h-r-duire-et-trier-ses-d-chets\">Ridurre e smistare i rifiuti<\/h2>\n\n<p>Oltre alla questione plastica, anche lo smistamento e la riduzione dei rifiuti sono argomenti importanti della transizione energetica. Per sensibilizzare i monegaschi e renderli consapevoli di dove vanno a finire i loro rifiuti, Annabelle Jaeger-Seydoux invita i cittadini a visitare i locali dell&#8217;azienda <a href=\"https:\/\/www.paprec.com\/fr\/\">Paprec<\/a>, un centro di smistamento a Cannes. \u00c8 stato, tuttavia, sollevato un problema: a causa del cattivo funzionamento di alcuni centri di smistamento, per diversi anni i governi europei hanno spedito i loro rifiuti non smistati in Asia, fino a quando i paesi asiatici, sommersi dai nostri rifiuti, hanno finalmente detto &#8220;stop&#8221;! Nonostante, da allora, i malfunzionamenti dei centri di smistamento non siano ancora stati risolti, Annabelle Jaeger-Seydoux invita i cittadini non solo a continuare la raccolta differenziata a casa, ma, soprattutto, a limitare la produzione di rifiuti:<em>&#8220;<\/em>Il problema deve essere affrontato alla base&#8221;, afferma.<\/p>\n\n<p><strong>&gt;&gt; LEGGI ANCHE: <\/strong><a href=\"https:\/\/www.monaco-tribune.com\/it\/2020\/10\/il-fondo-delloceano-ricoperto-da-14-milioni-di-tonnellate-di-microplastiche\/\">Il fondo dell\u2019oceano ricoperto da 14 milioni di tonnellate di microplastiche<\/a><\/p>\n\n<h2 class=\"has-text-align-center wp-block-heading\" id=\"h-r-parer-plut-t-que-consommer\">Riparare invece di riacquistare<\/h2>\n\n<p>Un modo per ridurre i rifiuti \u00e8 quello d&#8217;incoraggiare a riparare gli oggetti non funzionanti, piuttosto che buttarli via e comprarne di nuovi. Ma in un&#8217;epoca in cui il consumismo ha raggiunto i suoi massimi livelli, i negozi che permettono di dare una seconda vita ai nostri oggetti di uso quotidiano sono sempre pi\u00f9 rari. A tal proposito, a fine novembre si terr\u00e0 la settimana della riduzione dei rifiuti: Monaco prevede di pubblicare una mappa con i commercianti che offrono servizi di riparazione sulla Rocca. L&#8217;appello sar\u00e0 trasmesso a breve e, in collaborazione con il comune, \u00e8 in programma una &#8220;riparathon&#8221;, ovvero una giornata dedicata alla riparazione degli oggetti.<\/p>\n\n<h2 class=\"has-text-align-center wp-block-heading\" id=\"h-rouler-l-lectrique\">Guidare elettrico<\/h2>\n\n<p>Tra le altre azioni concrete intraprese dal Principato, c&#8217;\u00e8 quella d&#8217;incoraggiare la mobilit\u00e0 elettrica sulla Rocca. Dal 1994, il Governo del Principe offre una sovvenzione del 30% sull&#8217;acquisto di un veicolo elettrico a Monaco. Questo genere di auto, inquina sicuramente di pi\u00f9 nel processo produttivo, ma riduce drasticamente le emissioni di gas serra sul lungo termine. &#8220;Sono problemi che dovremo affrontare e risolvere&#8221;, ammette Annabelle Jaeger-Seydoux, riferendosi in particolare alle batterie e alla fine del ciclo di vita dei veicoli elettrici. Questo, per\u00f2, non vuol dire restare legati a un&#8217;economia improntata sul carbonio. il Governo del Principe ha poi voluto rassicurare i consumatori riguardo questa transizione, affrontando le domande e le risposte presenti <a href=\"https:\/\/transition-energetique.gouv.mc\/FAQ\">sul suo sito web<\/a>. Per coloro che non possono permettersi di cambiare subito auto, <a href=\"https:\/\/www.monaco-tribune.com\/it\/2020\/09\/klaxit-lapp-leader-del-car-sharing-arriva-a-monaco\/\">la piattaforma di carpooling lanciata a Monaco<\/a> durante la pandemia pu\u00f2 essere un altro modo per ridurre l&#8217;impatto di carbonio.<\/p>\n\n<p>.<\/p>\n\n<h2 class=\"has-text-align-center wp-block-heading\" id=\"h-calculer-son-bilan-carbone\">Calcolare la propria impronta di carbonio<\/h2>\n\n<p>Per spingersi ancora pi\u00f9 avanti nel processo di transizione energetica, il Principato offre la possibilit\u00e0 ai privati, alle imprese e alle associazioni di <a href=\"https:\/\/pacte-coachcarbone.mc\/\">calcolare l&#8217;impatto del loro stile di vita sull&#8217;ambiente<\/a>. Inoltre, impegnandosi a ridurre le sue emissioni di gas effetto serra del 55% entro il 2030 (rispetto al 1990) e a raggiungere la carbon neutrality entro il 2050, il governo del Principe ha creato il Patto nazionale per la transizione energetica. Dal 2016, tutti, sia a titolo individuale che collettivo, possono <a href=\"https:\/\/pacte-coachcarbone.mc\/qu-est-ce-que-le-Pacte\">firmare il patto online<\/a> e impegnarsi a ridurre le loro emissioni di gas serra per combattere il riscaldamento globale. Come ci tiene a ricordare Annabelle Jaeger-Seydoux:<em>&#8220;<\/em>Lo sviluppo sostenibile \u00e8 una sfida globale ambiziosa e complessa. \u00c8 necessaria una risposta collettiva. Qual \u00e8 la domanda? Siamo noi.&#8221;<\/p>\n\n<p>.<\/p>\n","protected":false},"excerpt":{"rendered":"<p>L&#8217;8 ottobre, Annabelle Jaeger-Seydoux, direttrice della Missione per la transizione energetica del governo monegasco, ha tenuto una conferenza per l&#8217;MWF [&hellip;]<\/p>\n","protected":false},"author":60,"featured_media":95997,"comment_status":"closed","ping_status":"closed","sticky":false,"template":"","format":"standard","meta":{"_acf_changed":false,"footnotes":""},"categories":[1826,1738,1752],"tags":[],"post_sectags":[],"post_format":[2486],"class_list":["post-96206","post","type-post","status-publish","format-standard","has-post-thumbnail","hentry","category-la-nostra-scelta","category-notizie","category-societa","format-servizio"],"acf":[],"yoast_head":"<!-- This site is optimized with the Yoast SEO Premium plugin v26.8 (Yoast SEO v27.5) - https:\/\/yoast.com\/product\/yoast-seo-premium-wordpress\/ -->\n<title>Sviluppo sostenibile: 5 punti chiave della conferenza sulla transizione energetica di Monaco<\/title>\n<meta name=\"description\" content=\"L&#039;8 ottobre, Annabelle Jaeger-Seydoux, direttrice della Missione per la transizione energetica del governo monegasco, ha tenuto una conferenza per l&#039;MWF\" \/>\n<meta name=\"robots\" content=\"index, follow, max-snippet:-1, max-image-preview:large, max-video-preview:-1\" \/>\n<link rel=\"canonical\" href=\"https:\/\/www.monaco-tribune.com\/it\/2021\/10\/sviluppo-sostenibile-5-punti-chiave-della-conferenza-sulla-transizione-energetica-di-monaco\/\" \/>\n<meta property=\"og:locale\" content=\"it_IT\" \/>\n<meta property=\"og:type\" content=\"article\" \/>\n<meta property=\"og:title\" content=\"Sviluppo sostenibile: 5 punti chiave della conferenza sulla transizione energetica di Monaco - Monaco Tribune\" \/>\n<meta property=\"og:description\" content=\"L&#039;8 ottobre, Annabelle Jaeger-Seydoux, direttrice della Missione per la transizione energetica del governo monegasco, ha tenuto una conferenza per l&#039;MWF\" \/>\n<meta property=\"og:url\" content=\"https:\/\/www.monaco-tribune.com\/it\/2021\/10\/sviluppo-sostenibile-5-punti-chiave-della-conferenza-sulla-transizione-energetica-di-monaco\/\" \/>\n<meta property=\"og:site_name\" content=\"Monaco Tribune\" \/>\n<meta property=\"article:publisher\" content=\"https:\/\/www.facebook.com\/MonacoTribune\" \/>\n<meta property=\"article:published_time\" content=\"2021-10-14T16:04:32+00:00\" \/>\n<meta property=\"article:modified_time\" content=\"2021-10-14T16:06:16+00:00\" \/>\n<meta property=\"og:image\" content=\"https:\/\/www.monaco-tribune.com\/wp-content\/uploads\/2021\/10\/img_4355-1.jpg\" \/>\n\t<meta property=\"og:image:width\" content=\"828\" \/>\n\t<meta property=\"og:image:height\" content=\"826\" \/>\n\t<meta property=\"og:image:type\" content=\"image\/jpeg\" \/>\n<meta name=\"author\" content=\"Camille Esteve\" \/>\n<meta name=\"twitter:card\" content=\"summary_large_image\" \/>\n<meta name=\"twitter:creator\" content=\"@MonacoTribune\" \/>\n<meta name=\"twitter:site\" content=\"@MonacoTribune\" \/>\n<script type=\"application\/ld+json\" class=\"yoast-schema-graph\">{\"@context\":\"https:\\\/\\\/schema.org\",\"@graph\":[{\"@type\":\"NewsArticle\",\"@id\":\"https:\\\/\\\/www.monaco-tribune.com\\\/it\\\/2021\\\/10\\\/sviluppo-sostenibile-5-punti-chiave-della-conferenza-sulla-transizione-energetica-di-monaco\\\/#article\",\"isPartOf\":{\"@id\":\"https:\\\/\\\/www.monaco-tribune.com\\\/it\\\/2021\\\/10\\\/sviluppo-sostenibile-5-punti-chiave-della-conferenza-sulla-transizione-energetica-di-monaco\\\/\"},\"author\":{\"name\":\"Camille Esteve\",\"@id\":\"https:\\\/\\\/www.monaco-tribune.com\\\/it\\\/#\\\/schema\\\/person\\\/a855d420fff4d03637641d60b93ac62e\"},\"headline\":\"Sviluppo sostenibile: 5 punti chiave della conferenza sulla transizione energetica di Monaco\",\"datePublished\":\"2021-10-14T16:04:32+00:00\",\"dateModified\":\"2021-10-14T16:06:16+00:00\",\"mainEntityOfPage\":{\"@id\":\"https:\\\/\\\/www.monaco-tribune.com\\\/it\\\/2021\\\/10\\\/sviluppo-sostenibile-5-punti-chiave-della-conferenza-sulla-transizione-energetica-di-monaco\\\/\"},\"wordCount\":735,\"publisher\":{\"@id\":\"https:\\\/\\\/www.monaco-tribune.com\\\/it\\\/#organization\"},\"image\":{\"@id\":\"https:\\\/\\\/www.monaco-tribune.com\\\/it\\\/2021\\\/10\\\/sviluppo-sostenibile-5-punti-chiave-della-conferenza-sulla-transizione-energetica-di-monaco\\\/#primaryimage\"},\"thumbnailUrl\":\"https:\\\/\\\/www.monaco-tribune.com\\\/wp-content\\\/uploads\\\/2021\\\/10\\\/img_4355-1.jpg\",\"articleSection\":[\"La nostra scelta\",\"Notizie\",\"Societ\u00e0\"],\"inLanguage\":\"it-IT\",\"copyrightYear\":\"2021\",\"copyrightHolder\":{\"@id\":\"https:\\\/\\\/www.monaco-tribune.com\\\/#organization\"}},{\"@type\":\"WebPage\",\"@id\":\"https:\\\/\\\/www.monaco-tribune.com\\\/it\\\/2021\\\/10\\\/sviluppo-sostenibile-5-punti-chiave-della-conferenza-sulla-transizione-energetica-di-monaco\\\/\",\"url\":\"https:\\\/\\\/www.monaco-tribune.com\\\/it\\\/2021\\\/10\\\/sviluppo-sostenibile-5-punti-chiave-della-conferenza-sulla-transizione-energetica-di-monaco\\\/\",\"name\":\"Sviluppo sostenibile: 5 punti chiave della conferenza sulla transizione energetica di Monaco\",\"isPartOf\":{\"@id\":\"https:\\\/\\\/www.monaco-tribune.com\\\/it\\\/#website\"},\"primaryImageOfPage\":{\"@id\":\"https:\\\/\\\/www.monaco-tribune.com\\\/it\\\/2021\\\/10\\\/sviluppo-sostenibile-5-punti-chiave-della-conferenza-sulla-transizione-energetica-di-monaco\\\/#primaryimage\"},\"image\":{\"@id\":\"https:\\\/\\\/www.monaco-tribune.com\\\/it\\\/2021\\\/10\\\/sviluppo-sostenibile-5-punti-chiave-della-conferenza-sulla-transizione-energetica-di-monaco\\\/#primaryimage\"},\"thumbnailUrl\":\"https:\\\/\\\/www.monaco-tribune.com\\\/wp-content\\\/uploads\\\/2021\\\/10\\\/img_4355-1.jpg\",\"datePublished\":\"2021-10-14T16:04:32+00:00\",\"dateModified\":\"2021-10-14T16:06:16+00:00\",\"description\":\"L'8 ottobre, Annabelle Jaeger-Seydoux, direttrice della Missione per la transizione energetica del governo monegasco, ha tenuto una conferenza per l'MWF\",\"breadcrumb\":{\"@id\":\"https:\\\/\\\/www.monaco-tribune.com\\\/it\\\/2021\\\/10\\\/sviluppo-sostenibile-5-punti-chiave-della-conferenza-sulla-transizione-energetica-di-monaco\\\/#breadcrumb\"},\"inLanguage\":\"it-IT\",\"potentialAction\":[{\"@type\":\"ReadAction\",\"target\":[\"https:\\\/\\\/www.monaco-tribune.com\\\/it\\\/2021\\\/10\\\/sviluppo-sostenibile-5-punti-chiave-della-conferenza-sulla-transizione-energetica-di-monaco\\\/\"]}]},{\"@type\":\"ImageObject\",\"inLanguage\":\"it-IT\",\"@id\":\"https:\\\/\\\/www.monaco-tribune.com\\\/it\\\/2021\\\/10\\\/sviluppo-sostenibile-5-punti-chiave-della-conferenza-sulla-transizione-energetica-di-monaco\\\/#primaryimage\",\"url\":\"https:\\\/\\\/www.monaco-tribune.com\\\/wp-content\\\/uploads\\\/2021\\\/10\\\/img_4355-1.jpg\",\"contentUrl\":\"https:\\\/\\\/www.monaco-tribune.com\\\/wp-content\\\/uploads\\\/2021\\\/10\\\/img_4355-1.jpg\",\"width\":828,\"height\":826,\"caption\":\"Camille Esteve - Patricia Cressot (\u00e0 gauche)\"},{\"@type\":\"BreadcrumbList\",\"@id\":\"https:\\\/\\\/www.monaco-tribune.com\\\/it\\\/2021\\\/10\\\/sviluppo-sostenibile-5-punti-chiave-della-conferenza-sulla-transizione-energetica-di-monaco\\\/#breadcrumb\",\"itemListElement\":[{\"@type\":\"ListItem\",\"position\":1,\"name\":\"Accueil\",\"item\":\"https:\\\/\\\/www.monaco-tribune.com\\\/it\\\/\"},{\"@type\":\"ListItem\",\"position\":2,\"name\":\"Sviluppo sostenibile: 5 punti chiave della conferenza sulla transizione energetica di Monaco\"}]},{\"@type\":\"WebSite\",\"@id\":\"https:\\\/\\\/www.monaco-tribune.com\\\/it\\\/#website\",\"url\":\"https:\\\/\\\/www.monaco-tribune.com\\\/it\\\/\",\"name\":\"Monaco Tribune\",\"description\":\"Monaco : actualit\u00e9s \u00e9conomiques, politiques, culturelles et sportives de Monaco et de la French Riviera.\",\"publisher\":{\"@id\":\"https:\\\/\\\/www.monaco-tribune.com\\\/it\\\/#organization\"},\"potentialAction\":[{\"@type\":\"SearchAction\",\"target\":{\"@type\":\"EntryPoint\",\"urlTemplate\":\"https:\\\/\\\/www.monaco-tribune.com\\\/it\\\/?s={search_term_string}\"},\"query-input\":{\"@type\":\"PropertyValueSpecification\",\"valueRequired\":true,\"valueName\":\"search_term_string\"}}],\"inLanguage\":\"it-IT\"},{\"@type\":\"Organization\",\"@id\":\"https:\\\/\\\/www.monaco-tribune.com\\\/it\\\/#organization\",\"name\":\"Monaco Tribune\",\"url\":\"https:\\\/\\\/www.monaco-tribune.com\\\/it\\\/\",\"logo\":{\"@type\":\"ImageObject\",\"inLanguage\":\"it-IT\",\"@id\":\"https:\\\/\\\/www.monaco-tribune.com\\\/it\\\/#\\\/schema\\\/logo\\\/image\\\/\",\"url\":\"https:\\\/\\\/www.monaco-tribune.com\\\/wp-content\\\/uploads\\\/2022\\\/11\\\/logo-monaco-tribune.png\",\"contentUrl\":\"https:\\\/\\\/www.monaco-tribune.com\\\/wp-content\\\/uploads\\\/2022\\\/11\\\/logo-monaco-tribune.png\",\"width\":1548,\"height\":600,\"caption\":\"Monaco Tribune\"},\"image\":{\"@id\":\"https:\\\/\\\/www.monaco-tribune.com\\\/it\\\/#\\\/schema\\\/logo\\\/image\\\/\"},\"sameAs\":[\"https:\\\/\\\/www.facebook.com\\\/MonacoTribune\",\"https:\\\/\\\/x.com\\\/MonacoTribune\",\"https:\\\/\\\/www.instagram.com\\\/monacotribune\\\/\",\"https:\\\/\\\/www.linkedin.com\\\/company\\\/monaco-tribune\",\"https:\\\/\\\/www.youtube.com\\\/channel\\\/UCHle1MnG6hw1y4lWKijVbMA\"]},{\"@type\":\"Person\",\"@id\":\"https:\\\/\\\/www.monaco-tribune.com\\\/it\\\/#\\\/schema\\\/person\\\/a855d420fff4d03637641d60b93ac62e\",\"name\":\"Camille Esteve\",\"image\":{\"@type\":\"ImageObject\",\"inLanguage\":\"it-IT\",\"@id\":\"https:\\\/\\\/secure.gravatar.com\\\/avatar\\\/eaaa2355a7bb56c0018a391c20a55bf9b4690e3f493231dd850e612bfa6ce161?s=96&d=mm&r=g\",\"url\":\"https:\\\/\\\/secure.gravatar.com\\\/avatar\\\/eaaa2355a7bb56c0018a391c20a55bf9b4690e3f493231dd850e612bfa6ce161?s=96&d=mm&r=g\",\"contentUrl\":\"https:\\\/\\\/secure.gravatar.com\\\/avatar\\\/eaaa2355a7bb56c0018a391c20a55bf9b4690e3f493231dd850e612bfa6ce161?s=96&d=mm&r=g\",\"caption\":\"Camille Esteve\"},\"url\":\"https:\\\/\\\/www.monaco-tribune.com\\\/it\\\/author\\\/camilleesteve\\\/\"}]}<\/script>\n<!-- \/ Yoast SEO Premium plugin. -->","yoast_head_json":{"title":"Sviluppo sostenibile: 5 punti chiave della conferenza sulla transizione energetica di Monaco","description":"L'8 ottobre, Annabelle Jaeger-Seydoux, direttrice della Missione per la transizione energetica del governo monegasco, ha tenuto una conferenza per l'MWF","robots":{"index":"index","follow":"follow","max-snippet":"max-snippet:-1","max-image-preview":"max-image-preview:large","max-video-preview":"max-video-preview:-1"},"canonical":"https:\/\/www.monaco-tribune.com\/it\/2021\/10\/sviluppo-sostenibile-5-punti-chiave-della-conferenza-sulla-transizione-energetica-di-monaco\/","og_locale":"it_IT","og_type":"article","og_title":"Sviluppo sostenibile: 5 punti chiave della conferenza sulla transizione energetica di Monaco - Monaco Tribune","og_description":"L'8 ottobre, Annabelle Jaeger-Seydoux, direttrice della Missione per la transizione energetica del governo monegasco, ha tenuto una conferenza per l'MWF","og_url":"https:\/\/www.monaco-tribune.com\/it\/2021\/10\/sviluppo-sostenibile-5-punti-chiave-della-conferenza-sulla-transizione-energetica-di-monaco\/","og_site_name":"Monaco Tribune","article_publisher":"https:\/\/www.facebook.com\/MonacoTribune","article_published_time":"2021-10-14T16:04:32+00:00","article_modified_time":"2021-10-14T16:06:16+00:00","og_image":[{"width":828,"height":826,"url":"https:\/\/www.monaco-tribune.com\/wp-content\/uploads\/2021\/10\/img_4355-1.jpg","type":"image\/jpeg"}],"author":"Camille Esteve","twitter_card":"summary_large_image","twitter_creator":"@MonacoTribune","twitter_site":"@MonacoTribune","schema":{"@context":"https:\/\/schema.org","@graph":[{"@type":"NewsArticle","@id":"https:\/\/www.monaco-tribune.com\/it\/2021\/10\/sviluppo-sostenibile-5-punti-chiave-della-conferenza-sulla-transizione-energetica-di-monaco\/#article","isPartOf":{"@id":"https:\/\/www.monaco-tribune.com\/it\/2021\/10\/sviluppo-sostenibile-5-punti-chiave-della-conferenza-sulla-transizione-energetica-di-monaco\/"},"author":{"name":"Camille Esteve","@id":"https:\/\/www.monaco-tribune.com\/it\/#\/schema\/person\/a855d420fff4d03637641d60b93ac62e"},"headline":"Sviluppo sostenibile: 5 punti chiave della conferenza sulla transizione energetica di Monaco","datePublished":"2021-10-14T16:04:32+00:00","dateModified":"2021-10-14T16:06:16+00:00","mainEntityOfPage":{"@id":"https:\/\/www.monaco-tribune.com\/it\/2021\/10\/sviluppo-sostenibile-5-punti-chiave-della-conferenza-sulla-transizione-energetica-di-monaco\/"},"wordCount":735,"publisher":{"@id":"https:\/\/www.monaco-tribune.com\/it\/#organization"},"image":{"@id":"https:\/\/www.monaco-tribune.com\/it\/2021\/10\/sviluppo-sostenibile-5-punti-chiave-della-conferenza-sulla-transizione-energetica-di-monaco\/#primaryimage"},"thumbnailUrl":"https:\/\/www.monaco-tribune.com\/wp-content\/uploads\/2021\/10\/img_4355-1.jpg","articleSection":["La nostra scelta","Notizie","Societ\u00e0"],"inLanguage":"it-IT","copyrightYear":"2021","copyrightHolder":{"@id":"https:\/\/www.monaco-tribune.com\/#organization"}},{"@type":"WebPage","@id":"https:\/\/www.monaco-tribune.com\/it\/2021\/10\/sviluppo-sostenibile-5-punti-chiave-della-conferenza-sulla-transizione-energetica-di-monaco\/","url":"https:\/\/www.monaco-tribune.com\/it\/2021\/10\/sviluppo-sostenibile-5-punti-chiave-della-conferenza-sulla-transizione-energetica-di-monaco\/","name":"Sviluppo sostenibile: 5 punti chiave della conferenza sulla transizione energetica di Monaco","isPartOf":{"@id":"https:\/\/www.monaco-tribune.com\/it\/#website"},"primaryImageOfPage":{"@id":"https:\/\/www.monaco-tribune.com\/it\/2021\/10\/sviluppo-sostenibile-5-punti-chiave-della-conferenza-sulla-transizione-energetica-di-monaco\/#primaryimage"},"image":{"@id":"https:\/\/www.monaco-tribune.com\/it\/2021\/10\/sviluppo-sostenibile-5-punti-chiave-della-conferenza-sulla-transizione-energetica-di-monaco\/#primaryimage"},"thumbnailUrl":"https:\/\/www.monaco-tribune.com\/wp-content\/uploads\/2021\/10\/img_4355-1.jpg","datePublished":"2021-10-14T16:04:32+00:00","dateModified":"2021-10-14T16:06:16+00:00","description":"L'8 ottobre, Annabelle Jaeger-Seydoux, direttrice della Missione per la transizione energetica del governo monegasco, ha tenuto una conferenza per l'MWF","breadcrumb":{"@id":"https:\/\/www.monaco-tribune.com\/it\/2021\/10\/sviluppo-sostenibile-5-punti-chiave-della-conferenza-sulla-transizione-energetica-di-monaco\/#breadcrumb"},"inLanguage":"it-IT","potentialAction":[{"@type":"ReadAction","target":["https:\/\/www.monaco-tribune.com\/it\/2021\/10\/sviluppo-sostenibile-5-punti-chiave-della-conferenza-sulla-transizione-energetica-di-monaco\/"]}]},{"@type":"ImageObject","inLanguage":"it-IT","@id":"https:\/\/www.monaco-tribune.com\/it\/2021\/10\/sviluppo-sostenibile-5-punti-chiave-della-conferenza-sulla-transizione-energetica-di-monaco\/#primaryimage","url":"https:\/\/www.monaco-tribune.com\/wp-content\/uploads\/2021\/10\/img_4355-1.jpg","contentUrl":"https:\/\/www.monaco-tribune.com\/wp-content\/uploads\/2021\/10\/img_4355-1.jpg","width":828,"height":826,"caption":"Camille Esteve - Patricia Cressot (\u00e0 gauche)"},{"@type":"BreadcrumbList","@id":"https:\/\/www.monaco-tribune.com\/it\/2021\/10\/sviluppo-sostenibile-5-punti-chiave-della-conferenza-sulla-transizione-energetica-di-monaco\/#breadcrumb","itemListElement":[{"@type":"ListItem","position":1,"name":"Accueil","item":"https:\/\/www.monaco-tribune.com\/it\/"},{"@type":"ListItem","position":2,"name":"Sviluppo sostenibile: 5 punti chiave della conferenza sulla transizione energetica di Monaco"}]},{"@type":"WebSite","@id":"https:\/\/www.monaco-tribune.com\/it\/#website","url":"https:\/\/www.monaco-tribune.com\/it\/","name":"Monaco Tribune","description":"Monaco : actualit\u00e9s \u00e9conomiques, politiques, culturelles et sportives de Monaco et de la French Riviera.","publisher":{"@id":"https:\/\/www.monaco-tribune.com\/it\/#organization"},"potentialAction":[{"@type":"SearchAction","target":{"@type":"EntryPoint","urlTemplate":"https:\/\/www.monaco-tribune.com\/it\/?s={search_term_string}"},"query-input":{"@type":"PropertyValueSpecification","valueRequired":true,"valueName":"search_term_string"}}],"inLanguage":"it-IT"},{"@type":"Organization","@id":"https:\/\/www.monaco-tribune.com\/it\/#organization","name":"Monaco Tribune","url":"https:\/\/www.monaco-tribune.com\/it\/","logo":{"@type":"ImageObject","inLanguage":"it-IT","@id":"https:\/\/www.monaco-tribune.com\/it\/#\/schema\/logo\/image\/","url":"https:\/\/www.monaco-tribune.com\/wp-content\/uploads\/2022\/11\/logo-monaco-tribune.png","contentUrl":"https:\/\/www.monaco-tribune.com\/wp-content\/uploads\/2022\/11\/logo-monaco-tribune.png","width":1548,"height":600,"caption":"Monaco Tribune"},"image":{"@id":"https:\/\/www.monaco-tribune.com\/it\/#\/schema\/logo\/image\/"},"sameAs":["https:\/\/www.facebook.com\/MonacoTribune","https:\/\/x.com\/MonacoTribune","https:\/\/www.instagram.com\/monacotribune\/","https:\/\/www.linkedin.com\/company\/monaco-tribune","https:\/\/www.youtube.com\/channel\/UCHle1MnG6hw1y4lWKijVbMA"]},{"@type":"Person","@id":"https:\/\/www.monaco-tribune.com\/it\/#\/schema\/person\/a855d420fff4d03637641d60b93ac62e","name":"Camille Esteve","image":{"@type":"ImageObject","inLanguage":"it-IT","@id":"https:\/\/secure.gravatar.com\/avatar\/eaaa2355a7bb56c0018a391c20a55bf9b4690e3f493231dd850e612bfa6ce161?s=96&d=mm&r=g","url":"https:\/\/secure.gravatar.com\/avatar\/eaaa2355a7bb56c0018a391c20a55bf9b4690e3f493231dd850e612bfa6ce161?s=96&d=mm&r=g","contentUrl":"https:\/\/secure.gravatar.com\/avatar\/eaaa2355a7bb56c0018a391c20a55bf9b4690e3f493231dd850e612bfa6ce161?s=96&d=mm&r=g","caption":"Camille Esteve"},"url":"https:\/\/www.monaco-tribune.com\/it\/author\/camilleesteve\/"}]}},"_links":{"self":[{"href":"https:\/\/www.monaco-tribune.com\/it\/wp-json\/wp\/v2\/posts\/96206","targetHints":{"allow":["GET"]}}],"collection":[{"href":"https:\/\/www.monaco-tribune.com\/it\/wp-json\/wp\/v2\/posts"}],"about":[{"href":"https:\/\/www.monaco-tribune.com\/it\/wp-json\/wp\/v2\/types\/post"}],"author":[{"embeddable":true,"href":"https:\/\/www.monaco-tribune.com\/it\/wp-json\/wp\/v2\/users\/60"}],"replies":[{"embeddable":true,"href":"https:\/\/www.monaco-tribune.com\/it\/wp-json\/wp\/v2\/comments?post=96206"}],"version-history":[{"count":0,"href":"https:\/\/www.monaco-tribune.com\/it\/wp-json\/wp\/v2\/posts\/96206\/revisions"}],"wp:featuredmedia":[{"embeddable":true,"href":"https:\/\/www.monaco-tribune.com\/it\/wp-json\/wp\/v2\/media\/95997"}],"wp:attachment":[{"href":"https:\/\/www.monaco-tribune.com\/it\/wp-json\/wp\/v2\/media?parent=96206"}],"wp:term":[{"taxonomy":"category","embeddable":true,"href":"https:\/\/www.monaco-tribune.com\/it\/wp-json\/wp\/v2\/categories?post=96206"},{"taxonomy":"post_tag","embeddable":true,"href":"https:\/\/www.monaco-tribune.com\/it\/wp-json\/wp\/v2\/tags?post=96206"},{"taxonomy":"sectag","embeddable":true,"href":"https:\/\/www.monaco-tribune.com\/it\/wp-json\/wp\/v2\/post_sectags?post=96206"},{"taxonomy":"format","embeddable":true,"href":"https:\/\/www.monaco-tribune.com\/it\/wp-json\/wp\/v2\/post_format?post=96206"}],"curies":[{"name":"wp","href":"https:\/\/api.w.org\/{rel}","templated":true}]}}