{"id":96373,"date":"2021-10-15T17:13:55","date_gmt":"2021-10-15T15:13:55","guid":{"rendered":"https:\/\/www.monaco-tribune.com\/2021\/10\/via-alla-mostra-conquiste-del-pacifico\/"},"modified":"2021-10-15T17:14:06","modified_gmt":"2021-10-15T15:14:06","slug":"via-alla-mostra-conquiste-del-pacifico","status":"publish","type":"post","link":"https:\/\/www.monaco-tribune.com\/it\/2021\/10\/via-alla-mostra-conquiste-del-pacifico\/","title":{"rendered":"Via alla mostra &#8220;Conquiste del Pacifico&#8221;"},"content":{"rendered":"\n<p><strong>La mostra \u00e8 iniziata venerd\u00ec 15 ottobre al Quai Antoine I e proseguir\u00e0 fino al 2 gennaio 2022.<\/strong><\/p>\n\n<p>Come ha fatto il Principato a espandere il suo territorio? La risposta potrete trovarla alla nuova mostra &#8220;Conquiste del Pacifico&#8221; (Conqu\u00eates Pacifiques, les Extensions en Mer \u00e0 Monaco) a partire da questo venerd\u00ec al Quai Antoine I. Frutto di due anni di lavoro e ricerca, l&#8217;esposizione di Bj\u00f6rn Dahlstr\u00f6m e Christophe Martin, organizzata dal Dipartimento degli Affari culturali di Monaco, ripercorre un secolo di storia monegasca attraverso tantissimi scatti.<\/p>\n\n<p>1.000 m\u00b2 in cui sono stati raccolti pi\u00f9 di 300 documenti. Tra questi, alcune foto d&#8217;archivio, cartoline dell&#8217;epoca, testimonianze, opere d&#8217;arte e persino modelli che mostrano come il Principato si sia espanso sul mare.<\/p>\n\n<figure class=\"wp-block-gallery columns-1 is-cropped wp-block-gallery-1 is-layout-flex wp-block-gallery-is-layout-flex\"><ul class=\"blocks-gallery-grid\"><li class=\"blocks-gallery-item\"><figure><img loading=\"lazy\" decoding=\"async\" width=\"1024\" height=\"683\" src=\"https:\/\/www.monaco-tribune.com\/wp-content\/uploads\/2021\/10\/245527536_3115968595305174_2384993297569311457_n-1-1024x683.jpeg\" alt=\"Conqu&#xEA;tes Pacifiques\" data-id=\"96301\" data-full-url=\"https:\/\/www.monaco-tribune.com\/wp-content\/uploads\/2021\/10\/245527536_3115968595305174_2384993297569311457_n-1.jpeg\" data-link=\"https:\/\/www.monaco-tribune.com\/?attachment_id=96301\" class=\"wp-image-96303\" srcset=\"https:\/\/www.monaco-tribune.com\/wp-content\/uploads\/2021\/10\/245527536_3115968595305174_2384993297569311457_n-1-1024x683.jpeg 1024w, https:\/\/www.monaco-tribune.com\/wp-content\/uploads\/2021\/10\/245527536_3115968595305174_2384993297569311457_n-1-450x300.jpeg 450w, https:\/\/www.monaco-tribune.com\/wp-content\/uploads\/2021\/10\/245527536_3115968595305174_2384993297569311457_n-1-225x150.jpeg 225w, https:\/\/www.monaco-tribune.com\/wp-content\/uploads\/2021\/10\/245527536_3115968595305174_2384993297569311457_n-1-768x512.jpeg 768w, https:\/\/www.monaco-tribune.com\/wp-content\/uploads\/2021\/10\/245527536_3115968595305174_2384993297569311457_n-1-175x117.jpeg 175w, https:\/\/www.monaco-tribune.com\/wp-content\/uploads\/2021\/10\/245527536_3115968595305174_2384993297569311457_n-1.jpeg 1200w\" sizes=\"auto, (max-width: 1024px) 100vw, 1024px\" \/><figcaption class=\"blocks-gallery-item__caption\"><em>\u00a9 Direzione della comunicazione \/ Michael Alesi<\/em><\/figcaption><\/figure><\/li><li class=\"blocks-gallery-item\"><figure><img loading=\"lazy\" decoding=\"async\" width=\"1024\" height=\"683\" src=\"https:\/\/www.monaco-tribune.com\/wp-content\/uploads\/2021\/10\/245890481_3115968305305203_4994535350746673426_n-1024x683.jpeg\" alt=\"Conqu&#xEA;tes Pacifiques\" data-id=\"96321\" data-full-url=\"https:\/\/www.monaco-tribune.com\/wp-content\/uploads\/2021\/10\/245890481_3115968305305203_4994535350746673426_n.jpeg\" data-link=\"https:\/\/www.monaco-tribune.com\/?attachment_id=96321\" class=\"wp-image-96323\" srcset=\"https:\/\/www.monaco-tribune.com\/wp-content\/uploads\/2021\/10\/245890481_3115968305305203_4994535350746673426_n-1024x683.jpeg 1024w, https:\/\/www.monaco-tribune.com\/wp-content\/uploads\/2021\/10\/245890481_3115968305305203_4994535350746673426_n-450x300.jpeg 450w, https:\/\/www.monaco-tribune.com\/wp-content\/uploads\/2021\/10\/245890481_3115968305305203_4994535350746673426_n-225x150.jpeg 225w, https:\/\/www.monaco-tribune.com\/wp-content\/uploads\/2021\/10\/245890481_3115968305305203_4994535350746673426_n-768x512.jpeg 768w, https:\/\/www.monaco-tribune.com\/wp-content\/uploads\/2021\/10\/245890481_3115968305305203_4994535350746673426_n-175x117.jpeg 175w, https:\/\/www.monaco-tribune.com\/wp-content\/uploads\/2021\/10\/245890481_3115968305305203_4994535350746673426_n.jpeg 1200w\" sizes=\"auto, (max-width: 1024px) 100vw, 1024px\" \/><figcaption class=\"blocks-gallery-item__caption\"><em>\u00a9 Direzione della comunicazione \/ Michael Alesi<\/em><\/figcaption><\/figure><\/li><li class=\"blocks-gallery-item\"><figure><img loading=\"lazy\" decoding=\"async\" width=\"1024\" height=\"683\" src=\"https:\/\/www.monaco-tribune.com\/wp-content\/uploads\/2021\/10\/245816467_3115967808638586_356083093550536536_n-1-1024x683.jpeg\" alt=\"Conqu&#xEA;tes Pacifiques\" data-id=\"96317\" data-full-url=\"https:\/\/www.monaco-tribune.com\/wp-content\/uploads\/2021\/10\/245816467_3115967808638586_356083093550536536_n-1.jpeg\" data-link=\"https:\/\/www.monaco-tribune.com\/?attachment_id=96317\" class=\"wp-image-96319\" srcset=\"https:\/\/www.monaco-tribune.com\/wp-content\/uploads\/2021\/10\/245816467_3115967808638586_356083093550536536_n-1-1024x683.jpeg 1024w, https:\/\/www.monaco-tribune.com\/wp-content\/uploads\/2021\/10\/245816467_3115967808638586_356083093550536536_n-1-450x300.jpeg 450w, https:\/\/www.monaco-tribune.com\/wp-content\/uploads\/2021\/10\/245816467_3115967808638586_356083093550536536_n-1-225x150.jpeg 225w, https:\/\/www.monaco-tribune.com\/wp-content\/uploads\/2021\/10\/245816467_3115967808638586_356083093550536536_n-1-768x512.jpeg 768w, https:\/\/www.monaco-tribune.com\/wp-content\/uploads\/2021\/10\/245816467_3115967808638586_356083093550536536_n-1-175x117.jpeg 175w, https:\/\/www.monaco-tribune.com\/wp-content\/uploads\/2021\/10\/245816467_3115967808638586_356083093550536536_n-1.jpeg 1200w\" sizes=\"auto, (max-width: 1024px) 100vw, 1024px\" \/><figcaption class=\"blocks-gallery-item__caption\"><em>\u00a9 Direzione della comunicazione \/ Michael Alesi<\/em><\/figcaption><\/figure><\/li><li class=\"blocks-gallery-item\"><figure><img loading=\"lazy\" decoding=\"async\" width=\"1024\" height=\"683\" src=\"https:\/\/www.monaco-tribune.com\/wp-content\/uploads\/2021\/10\/245813626_3115967911971909_2052701135462747142_n-1024x683.jpeg\" alt=\"Conqu&#xEA;tes Pacifiques\" data-id=\"96313\" data-full-url=\"https:\/\/www.monaco-tribune.com\/wp-content\/uploads\/2021\/10\/245813626_3115967911971909_2052701135462747142_n.jpeg\" data-link=\"https:\/\/www.monaco-tribune.com\/?attachment_id=96313\" class=\"wp-image-96315\" srcset=\"https:\/\/www.monaco-tribune.com\/wp-content\/uploads\/2021\/10\/245813626_3115967911971909_2052701135462747142_n-1024x683.jpeg 1024w, https:\/\/www.monaco-tribune.com\/wp-content\/uploads\/2021\/10\/245813626_3115967911971909_2052701135462747142_n-450x300.jpeg 450w, https:\/\/www.monaco-tribune.com\/wp-content\/uploads\/2021\/10\/245813626_3115967911971909_2052701135462747142_n-225x150.jpeg 225w, https:\/\/www.monaco-tribune.com\/wp-content\/uploads\/2021\/10\/245813626_3115967911971909_2052701135462747142_n-768x512.jpeg 768w, https:\/\/www.monaco-tribune.com\/wp-content\/uploads\/2021\/10\/245813626_3115967911971909_2052701135462747142_n-175x117.jpeg 175w, https:\/\/www.monaco-tribune.com\/wp-content\/uploads\/2021\/10\/245813626_3115967911971909_2052701135462747142_n.jpeg 1200w\" sizes=\"auto, (max-width: 1024px) 100vw, 1024px\" \/><figcaption class=\"blocks-gallery-item__caption\"><em>\u00a9 Direzione della comunicazione \/ Michael Alesi<\/em><\/figcaption><\/figure><\/li><li class=\"blocks-gallery-item\"><figure><img loading=\"lazy\" decoding=\"async\" width=\"1024\" height=\"683\" src=\"https:\/\/www.monaco-tribune.com\/wp-content\/uploads\/2021\/10\/245675189_3115968735305160_513467107999912257_n-1024x683.jpeg\" alt=\"Conqu&#xEA;tes Pacifiques\" data-id=\"96305\" data-full-url=\"https:\/\/www.monaco-tribune.com\/wp-content\/uploads\/2021\/10\/245675189_3115968735305160_513467107999912257_n.jpeg\" data-link=\"https:\/\/www.monaco-tribune.com\/?attachment_id=96305\" class=\"wp-image-96307\" srcset=\"https:\/\/www.monaco-tribune.com\/wp-content\/uploads\/2021\/10\/245675189_3115968735305160_513467107999912257_n-1024x683.jpeg 1024w, https:\/\/www.monaco-tribune.com\/wp-content\/uploads\/2021\/10\/245675189_3115968735305160_513467107999912257_n-450x300.jpeg 450w, https:\/\/www.monaco-tribune.com\/wp-content\/uploads\/2021\/10\/245675189_3115968735305160_513467107999912257_n-225x150.jpeg 225w, https:\/\/www.monaco-tribune.com\/wp-content\/uploads\/2021\/10\/245675189_3115968735305160_513467107999912257_n-768x512.jpeg 768w, https:\/\/www.monaco-tribune.com\/wp-content\/uploads\/2021\/10\/245675189_3115968735305160_513467107999912257_n-175x117.jpeg 175w, https:\/\/www.monaco-tribune.com\/wp-content\/uploads\/2021\/10\/245675189_3115968735305160_513467107999912257_n.jpeg 1200w\" sizes=\"auto, (max-width: 1024px) 100vw, 1024px\" \/><figcaption class=\"blocks-gallery-item__caption\"><em>\u00a9 Direzione della comunicazione \/ Michael Alesi<\/em><\/figcaption><\/figure><\/li><\/ul><figcaption class=\"blocks-gallery-caption\"><em>Per questa mostra sono stati raccolti 300 documenti &#8211; \u00a9 Direzione della comunicazione \/ Michael Alesi<\/em><\/figcaption><\/figure>\n<h2 class=\"wp-block-heading\" id=\"h-une-balade-entre-le-monaco-d-hier-et-de-demain\">Due passi tra la Monaco di ieri e quella di domani<\/h2>\n\n<p>Grazie a questa esposizione, i visitatori potranno passeggiare per il Port Hercule, riqualificato dal Principe Alberto I nel 1910, o fare due passi nel futuro quartiere di Mareterra, previsto per il 2025, passando per il quartiere di Fontvieille.<\/p>\n\n<p>\u00c8 una buona occasione per rendersi conto di quanto il Principato si sia espanso sull&#8217;acqua, come ha dichiarato Fran\u00e7oise Gamerdinger, direttore degli affari culturali, ai microfoni di <a href=\"https:\/\/www.youtube.com\/watch?v=VaTgqjlrEZA\">Monaco Info:<\/a><em>&#8220;Abbiamo potuto constatare che le nuove generazioni davano per scontato questo territorio e non sapevano che si trattasse di un&#8217;espansione sul mare<\/em>&#8220;.<\/p>\n\n<p>&gt;&gt;<strong>LEGGI ANCHE: <\/strong><a href=\"https:\/\/www.monaco-tribune.com\/it\/2021\/09\/foto-5-cantieri-che-rivoluzioneranno-la-monaco-di-domani\/\">FOTO. 5 cantieri che rivoluzioneranno la Monaco di domani<\/a><\/p>\n\n<p><strong>PER MAGGIORI INFORMAZIONI<\/strong><\/p>\n\n<p><em>Mostra &#8220;Conqu\u00eates Pacifiques, les Extensions en Mer \u00e0 Monaco&#8221;<\/em><\/p>\n\n<p><em>Dal 15 ottobre 2021 al 2 gennaio 2022<\/em><\/p>\n\n<p><em>Sala delle esposizioni del Quai Antoine I<\/em><\/p>\n\n<p><em>Quai Antoine Ier, 4<\/em><\/p>\n\n<p>+<em>377 98 83 0<\/em><\/p>\n","protected":false},"excerpt":{"rendered":"<p>La mostra \u00e8 iniziata venerd\u00ec 15 ottobre al Quai Antoine I e proseguir\u00e0 fino al 2 gennaio 2022. Come ha [&hellip;]<\/p>\n","protected":false},"author":60,"featured_media":96311,"comment_status":"closed","ping_status":"closed","sticky":false,"template":"","format":"standard","meta":{"_acf_changed":false,"footnotes":""},"categories":[1740,1738],"tags":[],"post_sectags":[],"post_format":[2477],"class_list":["post-96373","post","type-post","status-publish","format-standard","has-post-thumbnail","hentry","category-cosa-fare","category-notizie","format-info-pratiche"],"acf":[],"yoast_head":"<!-- This site is optimized with the Yoast SEO Premium plugin v27.5 (Yoast SEO v27.5) - https:\/\/yoast.com\/product\/yoast-seo-premium-wordpress\/ -->\n<title>Via alla mostra &quot;Conquiste del Pacifico&quot;<\/title>\n<meta name=\"description\" content=\"La mostra \u00e8 iniziata venerd\u00ec 15 ottobre al Quai Antoine I e proseguir\u00e0 fino al 2 gennaio 2022. Come ha fatto il Principato a espandere il suo territorio?\" \/>\n<meta name=\"robots\" content=\"index, follow, max-snippet:-1, max-image-preview:large, max-video-preview:-1\" \/>\n<link rel=\"canonical\" href=\"https:\/\/www.monaco-tribune.com\/it\/2021\/10\/via-alla-mostra-conquiste-del-pacifico\/\" \/>\n<meta property=\"og:locale\" content=\"it_IT\" \/>\n<meta property=\"og:type\" content=\"article\" \/>\n<meta property=\"og:title\" content=\"Via alla mostra &quot;Conquiste del Pacifico&quot; - Monaco Tribune\" \/>\n<meta property=\"og:description\" content=\"La mostra \u00e8 iniziata venerd\u00ec 15 ottobre al Quai Antoine I e proseguir\u00e0 fino al 2 gennaio 2022. Come ha fatto il Principato a espandere il suo territorio?\" \/>\n<meta property=\"og:url\" content=\"https:\/\/www.monaco-tribune.com\/it\/2021\/10\/via-alla-mostra-conquiste-del-pacifico\/\" \/>\n<meta property=\"og:site_name\" content=\"Monaco Tribune\" \/>\n<meta property=\"article:publisher\" content=\"https:\/\/www.facebook.com\/MonacoTribune\" \/>\n<meta property=\"article:published_time\" content=\"2021-10-15T15:13:55+00:00\" \/>\n<meta property=\"article:modified_time\" content=\"2021-10-15T15:14:06+00:00\" \/>\n<meta property=\"og:image\" content=\"https:\/\/www.monaco-tribune.com\/wp-content\/uploads\/2021\/10\/245812579_3115967298638637_1535023389624829717_n.jpeg\" \/>\n\t<meta property=\"og:image:width\" content=\"1200\" \/>\n\t<meta property=\"og:image:height\" content=\"800\" \/>\n\t<meta property=\"og:image:type\" content=\"image\/jpeg\" \/>\n<meta name=\"author\" content=\"Camille Esteve\" \/>\n<meta name=\"twitter:card\" content=\"summary_large_image\" \/>\n<meta name=\"twitter:creator\" content=\"@MonacoTribune\" \/>\n<meta name=\"twitter:site\" content=\"@MonacoTribune\" \/>\n<script type=\"application\/ld+json\" class=\"yoast-schema-graph\">{\"@context\":\"https:\\\/\\\/schema.org\",\"@graph\":[{\"@type\":\"NewsArticle\",\"@id\":\"https:\\\/\\\/www.monaco-tribune.com\\\/it\\\/2021\\\/10\\\/via-alla-mostra-conquiste-del-pacifico\\\/#article\",\"isPartOf\":{\"@id\":\"https:\\\/\\\/www.monaco-tribune.com\\\/it\\\/2021\\\/10\\\/via-alla-mostra-conquiste-del-pacifico\\\/\"},\"author\":{\"name\":\"Camille Esteve\",\"@id\":\"https:\\\/\\\/www.monaco-tribune.com\\\/it\\\/#\\\/schema\\\/person\\\/a855d420fff4d03637641d60b93ac62e\"},\"headline\":\"Via alla mostra &#8220;Conquiste del Pacifico&#8221;\",\"datePublished\":\"2021-10-15T15:13:55+00:00\",\"dateModified\":\"2021-10-15T15:14:06+00:00\",\"mainEntityOfPage\":{\"@id\":\"https:\\\/\\\/www.monaco-tribune.com\\\/it\\\/2021\\\/10\\\/via-alla-mostra-conquiste-del-pacifico\\\/\"},\"wordCount\":303,\"publisher\":{\"@id\":\"https:\\\/\\\/www.monaco-tribune.com\\\/it\\\/#organization\"},\"image\":{\"@id\":\"https:\\\/\\\/www.monaco-tribune.com\\\/it\\\/2021\\\/10\\\/via-alla-mostra-conquiste-del-pacifico\\\/#primaryimage\"},\"thumbnailUrl\":\"https:\\\/\\\/www.monaco-tribune.com\\\/wp-content\\\/uploads\\\/2021\\\/10\\\/245812579_3115967298638637_1535023389624829717_n.jpeg\",\"articleSection\":[\"Cosa fare\",\"Notizie\"],\"inLanguage\":\"it-IT\",\"copyrightYear\":\"2021\",\"copyrightHolder\":{\"@id\":\"https:\\\/\\\/www.monaco-tribune.com\\\/#organization\"}},{\"@type\":\"WebPage\",\"@id\":\"https:\\\/\\\/www.monaco-tribune.com\\\/it\\\/2021\\\/10\\\/via-alla-mostra-conquiste-del-pacifico\\\/\",\"url\":\"https:\\\/\\\/www.monaco-tribune.com\\\/it\\\/2021\\\/10\\\/via-alla-mostra-conquiste-del-pacifico\\\/\",\"name\":\"Via alla mostra \\\"Conquiste del Pacifico\\\"\",\"isPartOf\":{\"@id\":\"https:\\\/\\\/www.monaco-tribune.com\\\/it\\\/#website\"},\"primaryImageOfPage\":{\"@id\":\"https:\\\/\\\/www.monaco-tribune.com\\\/it\\\/2021\\\/10\\\/via-alla-mostra-conquiste-del-pacifico\\\/#primaryimage\"},\"image\":{\"@id\":\"https:\\\/\\\/www.monaco-tribune.com\\\/it\\\/2021\\\/10\\\/via-alla-mostra-conquiste-del-pacifico\\\/#primaryimage\"},\"thumbnailUrl\":\"https:\\\/\\\/www.monaco-tribune.com\\\/wp-content\\\/uploads\\\/2021\\\/10\\\/245812579_3115967298638637_1535023389624829717_n.jpeg\",\"datePublished\":\"2021-10-15T15:13:55+00:00\",\"dateModified\":\"2021-10-15T15:14:06+00:00\",\"description\":\"La mostra \u00e8 iniziata venerd\u00ec 15 ottobre al Quai Antoine I e proseguir\u00e0 fino al 2 gennaio 2022. Come ha fatto il Principato a espandere il suo territorio?\",\"breadcrumb\":{\"@id\":\"https:\\\/\\\/www.monaco-tribune.com\\\/it\\\/2021\\\/10\\\/via-alla-mostra-conquiste-del-pacifico\\\/#breadcrumb\"},\"inLanguage\":\"it-IT\",\"potentialAction\":[{\"@type\":\"ReadAction\",\"target\":[\"https:\\\/\\\/www.monaco-tribune.com\\\/it\\\/2021\\\/10\\\/via-alla-mostra-conquiste-del-pacifico\\\/\"]}]},{\"@type\":\"ImageObject\",\"inLanguage\":\"it-IT\",\"@id\":\"https:\\\/\\\/www.monaco-tribune.com\\\/it\\\/2021\\\/10\\\/via-alla-mostra-conquiste-del-pacifico\\\/#primaryimage\",\"url\":\"https:\\\/\\\/www.monaco-tribune.com\\\/wp-content\\\/uploads\\\/2021\\\/10\\\/245812579_3115967298638637_1535023389624829717_n.jpeg\",\"contentUrl\":\"https:\\\/\\\/www.monaco-tribune.com\\\/wp-content\\\/uploads\\\/2021\\\/10\\\/245812579_3115967298638637_1535023389624829717_n.jpeg\",\"width\":1200,\"height\":800,\"caption\":\"\u00a9 Direction de la Communication \\\/ Michael Alesi\"},{\"@type\":\"BreadcrumbList\",\"@id\":\"https:\\\/\\\/www.monaco-tribune.com\\\/it\\\/2021\\\/10\\\/via-alla-mostra-conquiste-del-pacifico\\\/#breadcrumb\",\"itemListElement\":[{\"@type\":\"ListItem\",\"position\":1,\"name\":\"Accueil\",\"item\":\"https:\\\/\\\/www.monaco-tribune.com\\\/it\\\/\"},{\"@type\":\"ListItem\",\"position\":2,\"name\":\"Via alla mostra \u00ab\u00a0Conquiste del Pacifico\u00a0\u00bb\"}]},{\"@type\":\"WebSite\",\"@id\":\"https:\\\/\\\/www.monaco-tribune.com\\\/it\\\/#website\",\"url\":\"https:\\\/\\\/www.monaco-tribune.com\\\/it\\\/\",\"name\":\"Monaco Tribune\",\"description\":\"Monaco : actualit\u00e9s \u00e9conomiques, politiques, culturelles et sportives de Monaco et de la French Riviera.\",\"publisher\":{\"@id\":\"https:\\\/\\\/www.monaco-tribune.com\\\/it\\\/#organization\"},\"potentialAction\":[{\"@type\":\"SearchAction\",\"target\":{\"@type\":\"EntryPoint\",\"urlTemplate\":\"https:\\\/\\\/www.monaco-tribune.com\\\/it\\\/?s={search_term_string}\"},\"query-input\":{\"@type\":\"PropertyValueSpecification\",\"valueRequired\":true,\"valueName\":\"search_term_string\"}}],\"inLanguage\":\"it-IT\"},{\"@type\":\"Organization\",\"@id\":\"https:\\\/\\\/www.monaco-tribune.com\\\/it\\\/#organization\",\"name\":\"Monaco Tribune\",\"url\":\"https:\\\/\\\/www.monaco-tribune.com\\\/it\\\/\",\"logo\":{\"@type\":\"ImageObject\",\"inLanguage\":\"it-IT\",\"@id\":\"https:\\\/\\\/www.monaco-tribune.com\\\/it\\\/#\\\/schema\\\/logo\\\/image\\\/\",\"url\":\"https:\\\/\\\/www.monaco-tribune.com\\\/wp-content\\\/uploads\\\/2022\\\/11\\\/logo-monaco-tribune.png\",\"contentUrl\":\"https:\\\/\\\/www.monaco-tribune.com\\\/wp-content\\\/uploads\\\/2022\\\/11\\\/logo-monaco-tribune.png\",\"width\":1548,\"height\":600,\"caption\":\"Monaco Tribune\"},\"image\":{\"@id\":\"https:\\\/\\\/www.monaco-tribune.com\\\/it\\\/#\\\/schema\\\/logo\\\/image\\\/\"},\"sameAs\":[\"https:\\\/\\\/www.facebook.com\\\/MonacoTribune\",\"https:\\\/\\\/x.com\\\/MonacoTribune\",\"https:\\\/\\\/www.instagram.com\\\/monacotribune\\\/\",\"https:\\\/\\\/www.linkedin.com\\\/company\\\/monaco-tribune\",\"https:\\\/\\\/www.youtube.com\\\/channel\\\/UCHle1MnG6hw1y4lWKijVbMA\"]},{\"@type\":\"Person\",\"@id\":\"https:\\\/\\\/www.monaco-tribune.com\\\/it\\\/#\\\/schema\\\/person\\\/a855d420fff4d03637641d60b93ac62e\",\"name\":\"Camille Esteve\",\"image\":{\"@type\":\"ImageObject\",\"inLanguage\":\"it-IT\",\"@id\":\"https:\\\/\\\/secure.gravatar.com\\\/avatar\\\/eaaa2355a7bb56c0018a391c20a55bf9b4690e3f493231dd850e612bfa6ce161?s=96&d=mm&r=g\",\"url\":\"https:\\\/\\\/secure.gravatar.com\\\/avatar\\\/eaaa2355a7bb56c0018a391c20a55bf9b4690e3f493231dd850e612bfa6ce161?s=96&d=mm&r=g\",\"contentUrl\":\"https:\\\/\\\/secure.gravatar.com\\\/avatar\\\/eaaa2355a7bb56c0018a391c20a55bf9b4690e3f493231dd850e612bfa6ce161?s=96&d=mm&r=g\",\"caption\":\"Camille Esteve\"},\"url\":\"https:\\\/\\\/www.monaco-tribune.com\\\/it\\\/author\\\/camilleesteve\\\/\"}]}<\/script>\n<!-- \/ Yoast SEO Premium plugin. -->","yoast_head_json":{"title":"Via alla mostra \"Conquiste del Pacifico\"","description":"La mostra \u00e8 iniziata venerd\u00ec 15 ottobre al Quai Antoine I e proseguir\u00e0 fino al 2 gennaio 2022. Come ha fatto il Principato a espandere il suo territorio?","robots":{"index":"index","follow":"follow","max-snippet":"max-snippet:-1","max-image-preview":"max-image-preview:large","max-video-preview":"max-video-preview:-1"},"canonical":"https:\/\/www.monaco-tribune.com\/it\/2021\/10\/via-alla-mostra-conquiste-del-pacifico\/","og_locale":"it_IT","og_type":"article","og_title":"Via alla mostra \"Conquiste del Pacifico\" - Monaco Tribune","og_description":"La mostra \u00e8 iniziata venerd\u00ec 15 ottobre al Quai Antoine I e proseguir\u00e0 fino al 2 gennaio 2022. Come ha fatto il Principato a espandere il suo territorio?","og_url":"https:\/\/www.monaco-tribune.com\/it\/2021\/10\/via-alla-mostra-conquiste-del-pacifico\/","og_site_name":"Monaco Tribune","article_publisher":"https:\/\/www.facebook.com\/MonacoTribune","article_published_time":"2021-10-15T15:13:55+00:00","article_modified_time":"2021-10-15T15:14:06+00:00","og_image":[{"width":1200,"height":800,"url":"https:\/\/www.monaco-tribune.com\/wp-content\/uploads\/2021\/10\/245812579_3115967298638637_1535023389624829717_n.jpeg","type":"image\/jpeg"}],"author":"Camille Esteve","twitter_card":"summary_large_image","twitter_creator":"@MonacoTribune","twitter_site":"@MonacoTribune","schema":{"@context":"https:\/\/schema.org","@graph":[{"@type":"NewsArticle","@id":"https:\/\/www.monaco-tribune.com\/it\/2021\/10\/via-alla-mostra-conquiste-del-pacifico\/#article","isPartOf":{"@id":"https:\/\/www.monaco-tribune.com\/it\/2021\/10\/via-alla-mostra-conquiste-del-pacifico\/"},"author":{"name":"Camille Esteve","@id":"https:\/\/www.monaco-tribune.com\/it\/#\/schema\/person\/a855d420fff4d03637641d60b93ac62e"},"headline":"Via alla mostra &#8220;Conquiste del Pacifico&#8221;","datePublished":"2021-10-15T15:13:55+00:00","dateModified":"2021-10-15T15:14:06+00:00","mainEntityOfPage":{"@id":"https:\/\/www.monaco-tribune.com\/it\/2021\/10\/via-alla-mostra-conquiste-del-pacifico\/"},"wordCount":303,"publisher":{"@id":"https:\/\/www.monaco-tribune.com\/it\/#organization"},"image":{"@id":"https:\/\/www.monaco-tribune.com\/it\/2021\/10\/via-alla-mostra-conquiste-del-pacifico\/#primaryimage"},"thumbnailUrl":"https:\/\/www.monaco-tribune.com\/wp-content\/uploads\/2021\/10\/245812579_3115967298638637_1535023389624829717_n.jpeg","articleSection":["Cosa fare","Notizie"],"inLanguage":"it-IT","copyrightYear":"2021","copyrightHolder":{"@id":"https:\/\/www.monaco-tribune.com\/#organization"}},{"@type":"WebPage","@id":"https:\/\/www.monaco-tribune.com\/it\/2021\/10\/via-alla-mostra-conquiste-del-pacifico\/","url":"https:\/\/www.monaco-tribune.com\/it\/2021\/10\/via-alla-mostra-conquiste-del-pacifico\/","name":"Via alla mostra \"Conquiste del Pacifico\"","isPartOf":{"@id":"https:\/\/www.monaco-tribune.com\/it\/#website"},"primaryImageOfPage":{"@id":"https:\/\/www.monaco-tribune.com\/it\/2021\/10\/via-alla-mostra-conquiste-del-pacifico\/#primaryimage"},"image":{"@id":"https:\/\/www.monaco-tribune.com\/it\/2021\/10\/via-alla-mostra-conquiste-del-pacifico\/#primaryimage"},"thumbnailUrl":"https:\/\/www.monaco-tribune.com\/wp-content\/uploads\/2021\/10\/245812579_3115967298638637_1535023389624829717_n.jpeg","datePublished":"2021-10-15T15:13:55+00:00","dateModified":"2021-10-15T15:14:06+00:00","description":"La mostra \u00e8 iniziata venerd\u00ec 15 ottobre al Quai Antoine I e proseguir\u00e0 fino al 2 gennaio 2022. Come ha fatto il Principato a espandere il suo territorio?","breadcrumb":{"@id":"https:\/\/www.monaco-tribune.com\/it\/2021\/10\/via-alla-mostra-conquiste-del-pacifico\/#breadcrumb"},"inLanguage":"it-IT","potentialAction":[{"@type":"ReadAction","target":["https:\/\/www.monaco-tribune.com\/it\/2021\/10\/via-alla-mostra-conquiste-del-pacifico\/"]}]},{"@type":"ImageObject","inLanguage":"it-IT","@id":"https:\/\/www.monaco-tribune.com\/it\/2021\/10\/via-alla-mostra-conquiste-del-pacifico\/#primaryimage","url":"https:\/\/www.monaco-tribune.com\/wp-content\/uploads\/2021\/10\/245812579_3115967298638637_1535023389624829717_n.jpeg","contentUrl":"https:\/\/www.monaco-tribune.com\/wp-content\/uploads\/2021\/10\/245812579_3115967298638637_1535023389624829717_n.jpeg","width":1200,"height":800,"caption":"\u00a9 Direction de la Communication \/ Michael Alesi"},{"@type":"BreadcrumbList","@id":"https:\/\/www.monaco-tribune.com\/it\/2021\/10\/via-alla-mostra-conquiste-del-pacifico\/#breadcrumb","itemListElement":[{"@type":"ListItem","position":1,"name":"Accueil","item":"https:\/\/www.monaco-tribune.com\/it\/"},{"@type":"ListItem","position":2,"name":"Via alla mostra \u00ab\u00a0Conquiste del Pacifico\u00a0\u00bb"}]},{"@type":"WebSite","@id":"https:\/\/www.monaco-tribune.com\/it\/#website","url":"https:\/\/www.monaco-tribune.com\/it\/","name":"Monaco Tribune","description":"Monaco : actualit\u00e9s \u00e9conomiques, politiques, culturelles et sportives de Monaco et de la French Riviera.","publisher":{"@id":"https:\/\/www.monaco-tribune.com\/it\/#organization"},"potentialAction":[{"@type":"SearchAction","target":{"@type":"EntryPoint","urlTemplate":"https:\/\/www.monaco-tribune.com\/it\/?s={search_term_string}"},"query-input":{"@type":"PropertyValueSpecification","valueRequired":true,"valueName":"search_term_string"}}],"inLanguage":"it-IT"},{"@type":"Organization","@id":"https:\/\/www.monaco-tribune.com\/it\/#organization","name":"Monaco Tribune","url":"https:\/\/www.monaco-tribune.com\/it\/","logo":{"@type":"ImageObject","inLanguage":"it-IT","@id":"https:\/\/www.monaco-tribune.com\/it\/#\/schema\/logo\/image\/","url":"https:\/\/www.monaco-tribune.com\/wp-content\/uploads\/2022\/11\/logo-monaco-tribune.png","contentUrl":"https:\/\/www.monaco-tribune.com\/wp-content\/uploads\/2022\/11\/logo-monaco-tribune.png","width":1548,"height":600,"caption":"Monaco Tribune"},"image":{"@id":"https:\/\/www.monaco-tribune.com\/it\/#\/schema\/logo\/image\/"},"sameAs":["https:\/\/www.facebook.com\/MonacoTribune","https:\/\/x.com\/MonacoTribune","https:\/\/www.instagram.com\/monacotribune\/","https:\/\/www.linkedin.com\/company\/monaco-tribune","https:\/\/www.youtube.com\/channel\/UCHle1MnG6hw1y4lWKijVbMA"]},{"@type":"Person","@id":"https:\/\/www.monaco-tribune.com\/it\/#\/schema\/person\/a855d420fff4d03637641d60b93ac62e","name":"Camille Esteve","image":{"@type":"ImageObject","inLanguage":"it-IT","@id":"https:\/\/secure.gravatar.com\/avatar\/eaaa2355a7bb56c0018a391c20a55bf9b4690e3f493231dd850e612bfa6ce161?s=96&d=mm&r=g","url":"https:\/\/secure.gravatar.com\/avatar\/eaaa2355a7bb56c0018a391c20a55bf9b4690e3f493231dd850e612bfa6ce161?s=96&d=mm&r=g","contentUrl":"https:\/\/secure.gravatar.com\/avatar\/eaaa2355a7bb56c0018a391c20a55bf9b4690e3f493231dd850e612bfa6ce161?s=96&d=mm&r=g","caption":"Camille Esteve"},"url":"https:\/\/www.monaco-tribune.com\/it\/author\/camilleesteve\/"}]}},"_links":{"self":[{"href":"https:\/\/www.monaco-tribune.com\/it\/wp-json\/wp\/v2\/posts\/96373","targetHints":{"allow":["GET"]}}],"collection":[{"href":"https:\/\/www.monaco-tribune.com\/it\/wp-json\/wp\/v2\/posts"}],"about":[{"href":"https:\/\/www.monaco-tribune.com\/it\/wp-json\/wp\/v2\/types\/post"}],"author":[{"embeddable":true,"href":"https:\/\/www.monaco-tribune.com\/it\/wp-json\/wp\/v2\/users\/60"}],"replies":[{"embeddable":true,"href":"https:\/\/www.monaco-tribune.com\/it\/wp-json\/wp\/v2\/comments?post=96373"}],"version-history":[{"count":0,"href":"https:\/\/www.monaco-tribune.com\/it\/wp-json\/wp\/v2\/posts\/96373\/revisions"}],"wp:featuredmedia":[{"embeddable":true,"href":"https:\/\/www.monaco-tribune.com\/it\/wp-json\/wp\/v2\/media\/96311"}],"wp:attachment":[{"href":"https:\/\/www.monaco-tribune.com\/it\/wp-json\/wp\/v2\/media?parent=96373"}],"wp:term":[{"taxonomy":"category","embeddable":true,"href":"https:\/\/www.monaco-tribune.com\/it\/wp-json\/wp\/v2\/categories?post=96373"},{"taxonomy":"post_tag","embeddable":true,"href":"https:\/\/www.monaco-tribune.com\/it\/wp-json\/wp\/v2\/tags?post=96373"},{"taxonomy":"sectag","embeddable":true,"href":"https:\/\/www.monaco-tribune.com\/it\/wp-json\/wp\/v2\/post_sectags?post=96373"},{"taxonomy":"format","embeddable":true,"href":"https:\/\/www.monaco-tribune.com\/it\/wp-json\/wp\/v2\/post_format?post=96373"}],"curies":[{"name":"wp","href":"https:\/\/api.w.org\/{rel}","templated":true}]}}