{"id":96394,"date":"2021-10-15T17:31:49","date_gmt":"2021-10-15T15:31:49","guid":{"rendered":"https:\/\/www.monaco-tribune.com\/2021\/10\/rita-ackermann-presenta-il-seguito-della-sua-nuova-mostra-da-hauser-wirth\/"},"modified":"2021-10-15T17:31:53","modified_gmt":"2021-10-15T15:31:53","slug":"rita-ackermann-presenta-il-seguito-della-sua-nuova-mostra-da-hauser-wirth","status":"publish","type":"post","link":"https:\/\/www.monaco-tribune.com\/it\/2021\/10\/rita-ackermann-presenta-il-seguito-della-sua-nuova-mostra-da-hauser-wirth\/","title":{"rendered":"Rita Ackermann presenta il seguito della sua nuova mostra da Hauser &#038; Wirth"},"content":{"rendered":"\n<p><strong>L&#8217;artista ungherese presenta nove nuovi dipinti per completare la serie &#8220;Mama&#8221; iniziata nel 2019.<\/strong><\/p>\n\n<p>Dall&#8217;8 ottobre, l&#8217;artista Rita Ackermann espone le sue nuove opere alla galleria d&#8217;arte Hauser &amp; Wirth. Fino al 23 dicembre, potrete scoprire il seguito della sua serie &#8220;Mama&#8221;, in cui mescola i colori pi\u00f9 vividi per dare vita a un&#8217;opera a met\u00e0 strada tra l&#8217;astratto e il figurativo.<\/p>\n\n<p>La pittrice, nata in Ungheria e residente a New York, si interroga attraverso i suoi dipinti sulla linea, sulla forma e sul colore. Dice del suo lavoro:<\/p>\n\n<p><em>&#8220;Non appena un&#8217;immagine diventa chiara o leggibile, in quel preciso momento, il suo significato si perde in un&#8217;altra forma. La pittura nasconde tutto, in totale segretezza. Contiene una moltitudine di forme e linee invisibili. Questa moltitudine deve evocare semplicit\u00e0 e sincerit\u00e0, invece di una sorta di raffinatezza.<\/em>(<em>&#8230;) Quando si inizia a dipingere, bisogna ricominciare ogni volta, come se fosse la prima. Qualsiasi pittura deve partire dal livello pi\u00f9 basso, per poi realizzarsi senza preoccuparsi del livello precedente. La ricercatezza non \u00e8 necessaria. La pittura non richiede ragionamenti complessi, ma sincerit\u00e0&#8221;<\/em>.<\/p>\n\n<p><strong>PER MAGGIORI INFORMAZIONI<\/strong>&#13;\n&#13;\n\u00a0<\/p>\n\n<p><em>Mostra &#8220;Mama 21&#8221;<\/em><\/p>\n\n<p><em>Dall&#8217;8 ottobre al 23 dicembre 2021<\/em><\/p>\n\n<p><em>Galleria Hauser &amp; Wirth &#8211; One Monte-Carlo<\/em><\/p>\n\n<p><em>Da marted\u00ec a sabato, dalle 10:00 alle 18:00<\/em><\/p>\n\n<p><a href=\"https:\/\/www.hauserwirth.com\/hauser-wirth-exhibitions\/33132-rita-ackermann-mama-21\">Sito web della galleria Hauser &amp; Wirth<\/a><\/p>\n","protected":false},"excerpt":{"rendered":"<p>L&#8217;artista ungherese presenta nove nuovi dipinti per completare la serie &#8220;Mama&#8221; iniziata nel 2019. Dall&#8217;8 ottobre, l&#8217;artista Rita Ackermann espone [&hellip;]<\/p>\n","protected":false},"author":60,"featured_media":96345,"comment_status":"closed","ping_status":"closed","sticky":false,"template":"","format":"standard","meta":{"_acf_changed":false,"footnotes":""},"categories":[1740,1738],"tags":[],"post_sectags":[],"post_format":[2477],"class_list":["post-96394","post","type-post","status-publish","format-standard","has-post-thumbnail","hentry","category-cosa-fare","category-notizie","format-info-pratiche"],"acf":[],"yoast_head":"<!-- This site is optimized with the Yoast SEO Premium plugin v27.5 (Yoast SEO v27.5) - https:\/\/yoast.com\/product\/yoast-seo-premium-wordpress\/ -->\n<title>Rita Ackermann presenta il seguito della sua nuova mostra da Hauser &amp; Wirth<\/title>\n<meta name=\"description\" content=\"L&#039;artista ungherese presenta nove nuovi dipinti per completare la serie &quot;Mama&quot; iniziata nel 2019. Dall&#039;8 ottobre, l&#039;artista Rita Ackermann espone le sue\" \/>\n<meta name=\"robots\" content=\"index, follow, max-snippet:-1, max-image-preview:large, max-video-preview:-1\" \/>\n<link rel=\"canonical\" href=\"https:\/\/www.monaco-tribune.com\/it\/2021\/10\/rita-ackermann-presenta-il-seguito-della-sua-nuova-mostra-da-hauser-wirth\/\" \/>\n<meta property=\"og:locale\" content=\"it_IT\" \/>\n<meta property=\"og:type\" content=\"article\" \/>\n<meta property=\"og:title\" content=\"Rita Ackermann presenta il seguito della sua nuova mostra da Hauser &amp; Wirth - Monaco Tribune\" \/>\n<meta property=\"og:description\" content=\"L&#039;artista ungherese presenta nove nuovi dipinti per completare la serie &quot;Mama&quot; iniziata nel 2019. Dall&#039;8 ottobre, l&#039;artista Rita Ackermann espone le sue\" \/>\n<meta property=\"og:url\" content=\"https:\/\/www.monaco-tribune.com\/it\/2021\/10\/rita-ackermann-presenta-il-seguito-della-sua-nuova-mostra-da-hauser-wirth\/\" \/>\n<meta property=\"og:site_name\" content=\"Monaco Tribune\" \/>\n<meta property=\"article:publisher\" content=\"https:\/\/www.facebook.com\/MonacoTribune\" \/>\n<meta property=\"article:published_time\" content=\"2021-10-15T15:31:49+00:00\" \/>\n<meta property=\"article:modified_time\" content=\"2021-10-15T15:31:53+00:00\" \/>\n<meta property=\"og:image\" content=\"https:\/\/www.monaco-tribune.com\/wp-content\/uploads\/2021\/10\/rita-ackermann.jpeg\" \/>\n\t<meta property=\"og:image:width\" content=\"1200\" \/>\n\t<meta property=\"og:image:height\" content=\"932\" \/>\n\t<meta property=\"og:image:type\" content=\"image\/jpeg\" \/>\n<meta name=\"author\" content=\"Camille Esteve\" \/>\n<meta name=\"twitter:card\" content=\"summary_large_image\" \/>\n<meta name=\"twitter:creator\" content=\"@MonacoTribune\" \/>\n<meta name=\"twitter:site\" content=\"@MonacoTribune\" \/>\n<script type=\"application\/ld+json\" class=\"yoast-schema-graph\">{\"@context\":\"https:\\\/\\\/schema.org\",\"@graph\":[{\"@type\":\"NewsArticle\",\"@id\":\"https:\\\/\\\/www.monaco-tribune.com\\\/it\\\/2021\\\/10\\\/rita-ackermann-presenta-il-seguito-della-sua-nuova-mostra-da-hauser-wirth\\\/#article\",\"isPartOf\":{\"@id\":\"https:\\\/\\\/www.monaco-tribune.com\\\/it\\\/2021\\\/10\\\/rita-ackermann-presenta-il-seguito-della-sua-nuova-mostra-da-hauser-wirth\\\/\"},\"author\":{\"name\":\"Camille Esteve\",\"@id\":\"https:\\\/\\\/www.monaco-tribune.com\\\/it\\\/#\\\/schema\\\/person\\\/a855d420fff4d03637641d60b93ac62e\"},\"headline\":\"Rita Ackermann presenta il seguito della sua nuova mostra da Hauser &#038; Wirth\",\"datePublished\":\"2021-10-15T15:31:49+00:00\",\"dateModified\":\"2021-10-15T15:31:53+00:00\",\"mainEntityOfPage\":{\"@id\":\"https:\\\/\\\/www.monaco-tribune.com\\\/it\\\/2021\\\/10\\\/rita-ackermann-presenta-il-seguito-della-sua-nuova-mostra-da-hauser-wirth\\\/\"},\"wordCount\":224,\"publisher\":{\"@id\":\"https:\\\/\\\/www.monaco-tribune.com\\\/it\\\/#organization\"},\"image\":{\"@id\":\"https:\\\/\\\/www.monaco-tribune.com\\\/it\\\/2021\\\/10\\\/rita-ackermann-presenta-il-seguito-della-sua-nuova-mostra-da-hauser-wirth\\\/#primaryimage\"},\"thumbnailUrl\":\"https:\\\/\\\/www.monaco-tribune.com\\\/wp-content\\\/uploads\\\/2021\\\/10\\\/rita-ackermann.jpeg\",\"articleSection\":[\"Cosa fare\",\"Notizie\"],\"inLanguage\":\"it-IT\",\"copyrightYear\":\"2021\",\"copyrightHolder\":{\"@id\":\"https:\\\/\\\/www.monaco-tribune.com\\\/#organization\"}},{\"@type\":\"WebPage\",\"@id\":\"https:\\\/\\\/www.monaco-tribune.com\\\/it\\\/2021\\\/10\\\/rita-ackermann-presenta-il-seguito-della-sua-nuova-mostra-da-hauser-wirth\\\/\",\"url\":\"https:\\\/\\\/www.monaco-tribune.com\\\/it\\\/2021\\\/10\\\/rita-ackermann-presenta-il-seguito-della-sua-nuova-mostra-da-hauser-wirth\\\/\",\"name\":\"Rita Ackermann presenta il seguito della sua nuova mostra da Hauser & Wirth\",\"isPartOf\":{\"@id\":\"https:\\\/\\\/www.monaco-tribune.com\\\/it\\\/#website\"},\"primaryImageOfPage\":{\"@id\":\"https:\\\/\\\/www.monaco-tribune.com\\\/it\\\/2021\\\/10\\\/rita-ackermann-presenta-il-seguito-della-sua-nuova-mostra-da-hauser-wirth\\\/#primaryimage\"},\"image\":{\"@id\":\"https:\\\/\\\/www.monaco-tribune.com\\\/it\\\/2021\\\/10\\\/rita-ackermann-presenta-il-seguito-della-sua-nuova-mostra-da-hauser-wirth\\\/#primaryimage\"},\"thumbnailUrl\":\"https:\\\/\\\/www.monaco-tribune.com\\\/wp-content\\\/uploads\\\/2021\\\/10\\\/rita-ackermann.jpeg\",\"datePublished\":\"2021-10-15T15:31:49+00:00\",\"dateModified\":\"2021-10-15T15:31:53+00:00\",\"description\":\"L'artista ungherese presenta nove nuovi dipinti per completare la serie \\\"Mama\\\" iniziata nel 2019. Dall'8 ottobre, l'artista Rita Ackermann espone le sue\",\"breadcrumb\":{\"@id\":\"https:\\\/\\\/www.monaco-tribune.com\\\/it\\\/2021\\\/10\\\/rita-ackermann-presenta-il-seguito-della-sua-nuova-mostra-da-hauser-wirth\\\/#breadcrumb\"},\"inLanguage\":\"it-IT\",\"potentialAction\":[{\"@type\":\"ReadAction\",\"target\":[\"https:\\\/\\\/www.monaco-tribune.com\\\/it\\\/2021\\\/10\\\/rita-ackermann-presenta-il-seguito-della-sua-nuova-mostra-da-hauser-wirth\\\/\"]}]},{\"@type\":\"ImageObject\",\"inLanguage\":\"it-IT\",\"@id\":\"https:\\\/\\\/www.monaco-tribune.com\\\/it\\\/2021\\\/10\\\/rita-ackermann-presenta-il-seguito-della-sua-nuova-mostra-da-hauser-wirth\\\/#primaryimage\",\"url\":\"https:\\\/\\\/www.monaco-tribune.com\\\/wp-content\\\/uploads\\\/2021\\\/10\\\/rita-ackermann.jpeg\",\"contentUrl\":\"https:\\\/\\\/www.monaco-tribune.com\\\/wp-content\\\/uploads\\\/2021\\\/10\\\/rita-ackermann.jpeg\",\"width\":1200,\"height\":932,\"caption\":\"Rita Ackermann\"},{\"@type\":\"BreadcrumbList\",\"@id\":\"https:\\\/\\\/www.monaco-tribune.com\\\/it\\\/2021\\\/10\\\/rita-ackermann-presenta-il-seguito-della-sua-nuova-mostra-da-hauser-wirth\\\/#breadcrumb\",\"itemListElement\":[{\"@type\":\"ListItem\",\"position\":1,\"name\":\"Accueil\",\"item\":\"https:\\\/\\\/www.monaco-tribune.com\\\/it\\\/\"},{\"@type\":\"ListItem\",\"position\":2,\"name\":\"Rita Ackermann presenta il seguito della sua nuova mostra da Hauser &#038; Wirth\"}]},{\"@type\":\"WebSite\",\"@id\":\"https:\\\/\\\/www.monaco-tribune.com\\\/it\\\/#website\",\"url\":\"https:\\\/\\\/www.monaco-tribune.com\\\/it\\\/\",\"name\":\"Monaco Tribune\",\"description\":\"Monaco : actualit\u00e9s \u00e9conomiques, politiques, culturelles et sportives de Monaco et de la French Riviera.\",\"publisher\":{\"@id\":\"https:\\\/\\\/www.monaco-tribune.com\\\/it\\\/#organization\"},\"potentialAction\":[{\"@type\":\"SearchAction\",\"target\":{\"@type\":\"EntryPoint\",\"urlTemplate\":\"https:\\\/\\\/www.monaco-tribune.com\\\/it\\\/?s={search_term_string}\"},\"query-input\":{\"@type\":\"PropertyValueSpecification\",\"valueRequired\":true,\"valueName\":\"search_term_string\"}}],\"inLanguage\":\"it-IT\"},{\"@type\":\"Organization\",\"@id\":\"https:\\\/\\\/www.monaco-tribune.com\\\/it\\\/#organization\",\"name\":\"Monaco Tribune\",\"url\":\"https:\\\/\\\/www.monaco-tribune.com\\\/it\\\/\",\"logo\":{\"@type\":\"ImageObject\",\"inLanguage\":\"it-IT\",\"@id\":\"https:\\\/\\\/www.monaco-tribune.com\\\/it\\\/#\\\/schema\\\/logo\\\/image\\\/\",\"url\":\"https:\\\/\\\/www.monaco-tribune.com\\\/wp-content\\\/uploads\\\/2022\\\/11\\\/logo-monaco-tribune.png\",\"contentUrl\":\"https:\\\/\\\/www.monaco-tribune.com\\\/wp-content\\\/uploads\\\/2022\\\/11\\\/logo-monaco-tribune.png\",\"width\":1548,\"height\":600,\"caption\":\"Monaco Tribune\"},\"image\":{\"@id\":\"https:\\\/\\\/www.monaco-tribune.com\\\/it\\\/#\\\/schema\\\/logo\\\/image\\\/\"},\"sameAs\":[\"https:\\\/\\\/www.facebook.com\\\/MonacoTribune\",\"https:\\\/\\\/x.com\\\/MonacoTribune\",\"https:\\\/\\\/www.instagram.com\\\/monacotribune\\\/\",\"https:\\\/\\\/www.linkedin.com\\\/company\\\/monaco-tribune\",\"https:\\\/\\\/www.youtube.com\\\/channel\\\/UCHle1MnG6hw1y4lWKijVbMA\"]},{\"@type\":\"Person\",\"@id\":\"https:\\\/\\\/www.monaco-tribune.com\\\/it\\\/#\\\/schema\\\/person\\\/a855d420fff4d03637641d60b93ac62e\",\"name\":\"Camille Esteve\",\"image\":{\"@type\":\"ImageObject\",\"inLanguage\":\"it-IT\",\"@id\":\"https:\\\/\\\/secure.gravatar.com\\\/avatar\\\/eaaa2355a7bb56c0018a391c20a55bf9b4690e3f493231dd850e612bfa6ce161?s=96&d=mm&r=g\",\"url\":\"https:\\\/\\\/secure.gravatar.com\\\/avatar\\\/eaaa2355a7bb56c0018a391c20a55bf9b4690e3f493231dd850e612bfa6ce161?s=96&d=mm&r=g\",\"contentUrl\":\"https:\\\/\\\/secure.gravatar.com\\\/avatar\\\/eaaa2355a7bb56c0018a391c20a55bf9b4690e3f493231dd850e612bfa6ce161?s=96&d=mm&r=g\",\"caption\":\"Camille Esteve\"},\"url\":\"https:\\\/\\\/www.monaco-tribune.com\\\/it\\\/author\\\/camilleesteve\\\/\"}]}<\/script>\n<!-- \/ Yoast SEO Premium plugin. -->","yoast_head_json":{"title":"Rita Ackermann presenta il seguito della sua nuova mostra da Hauser & Wirth","description":"L'artista ungherese presenta nove nuovi dipinti per completare la serie \"Mama\" iniziata nel 2019. Dall'8 ottobre, l'artista Rita Ackermann espone le sue","robots":{"index":"index","follow":"follow","max-snippet":"max-snippet:-1","max-image-preview":"max-image-preview:large","max-video-preview":"max-video-preview:-1"},"canonical":"https:\/\/www.monaco-tribune.com\/it\/2021\/10\/rita-ackermann-presenta-il-seguito-della-sua-nuova-mostra-da-hauser-wirth\/","og_locale":"it_IT","og_type":"article","og_title":"Rita Ackermann presenta il seguito della sua nuova mostra da Hauser & Wirth - Monaco Tribune","og_description":"L'artista ungherese presenta nove nuovi dipinti per completare la serie \"Mama\" iniziata nel 2019. Dall'8 ottobre, l'artista Rita Ackermann espone le sue","og_url":"https:\/\/www.monaco-tribune.com\/it\/2021\/10\/rita-ackermann-presenta-il-seguito-della-sua-nuova-mostra-da-hauser-wirth\/","og_site_name":"Monaco Tribune","article_publisher":"https:\/\/www.facebook.com\/MonacoTribune","article_published_time":"2021-10-15T15:31:49+00:00","article_modified_time":"2021-10-15T15:31:53+00:00","og_image":[{"width":1200,"height":932,"url":"https:\/\/www.monaco-tribune.com\/wp-content\/uploads\/2021\/10\/rita-ackermann.jpeg","type":"image\/jpeg"}],"author":"Camille Esteve","twitter_card":"summary_large_image","twitter_creator":"@MonacoTribune","twitter_site":"@MonacoTribune","schema":{"@context":"https:\/\/schema.org","@graph":[{"@type":"NewsArticle","@id":"https:\/\/www.monaco-tribune.com\/it\/2021\/10\/rita-ackermann-presenta-il-seguito-della-sua-nuova-mostra-da-hauser-wirth\/#article","isPartOf":{"@id":"https:\/\/www.monaco-tribune.com\/it\/2021\/10\/rita-ackermann-presenta-il-seguito-della-sua-nuova-mostra-da-hauser-wirth\/"},"author":{"name":"Camille Esteve","@id":"https:\/\/www.monaco-tribune.com\/it\/#\/schema\/person\/a855d420fff4d03637641d60b93ac62e"},"headline":"Rita Ackermann presenta il seguito della sua nuova mostra da Hauser &#038; Wirth","datePublished":"2021-10-15T15:31:49+00:00","dateModified":"2021-10-15T15:31:53+00:00","mainEntityOfPage":{"@id":"https:\/\/www.monaco-tribune.com\/it\/2021\/10\/rita-ackermann-presenta-il-seguito-della-sua-nuova-mostra-da-hauser-wirth\/"},"wordCount":224,"publisher":{"@id":"https:\/\/www.monaco-tribune.com\/it\/#organization"},"image":{"@id":"https:\/\/www.monaco-tribune.com\/it\/2021\/10\/rita-ackermann-presenta-il-seguito-della-sua-nuova-mostra-da-hauser-wirth\/#primaryimage"},"thumbnailUrl":"https:\/\/www.monaco-tribune.com\/wp-content\/uploads\/2021\/10\/rita-ackermann.jpeg","articleSection":["Cosa fare","Notizie"],"inLanguage":"it-IT","copyrightYear":"2021","copyrightHolder":{"@id":"https:\/\/www.monaco-tribune.com\/#organization"}},{"@type":"WebPage","@id":"https:\/\/www.monaco-tribune.com\/it\/2021\/10\/rita-ackermann-presenta-il-seguito-della-sua-nuova-mostra-da-hauser-wirth\/","url":"https:\/\/www.monaco-tribune.com\/it\/2021\/10\/rita-ackermann-presenta-il-seguito-della-sua-nuova-mostra-da-hauser-wirth\/","name":"Rita Ackermann presenta il seguito della sua nuova mostra da Hauser & Wirth","isPartOf":{"@id":"https:\/\/www.monaco-tribune.com\/it\/#website"},"primaryImageOfPage":{"@id":"https:\/\/www.monaco-tribune.com\/it\/2021\/10\/rita-ackermann-presenta-il-seguito-della-sua-nuova-mostra-da-hauser-wirth\/#primaryimage"},"image":{"@id":"https:\/\/www.monaco-tribune.com\/it\/2021\/10\/rita-ackermann-presenta-il-seguito-della-sua-nuova-mostra-da-hauser-wirth\/#primaryimage"},"thumbnailUrl":"https:\/\/www.monaco-tribune.com\/wp-content\/uploads\/2021\/10\/rita-ackermann.jpeg","datePublished":"2021-10-15T15:31:49+00:00","dateModified":"2021-10-15T15:31:53+00:00","description":"L'artista ungherese presenta nove nuovi dipinti per completare la serie \"Mama\" iniziata nel 2019. Dall'8 ottobre, l'artista Rita Ackermann espone le sue","breadcrumb":{"@id":"https:\/\/www.monaco-tribune.com\/it\/2021\/10\/rita-ackermann-presenta-il-seguito-della-sua-nuova-mostra-da-hauser-wirth\/#breadcrumb"},"inLanguage":"it-IT","potentialAction":[{"@type":"ReadAction","target":["https:\/\/www.monaco-tribune.com\/it\/2021\/10\/rita-ackermann-presenta-il-seguito-della-sua-nuova-mostra-da-hauser-wirth\/"]}]},{"@type":"ImageObject","inLanguage":"it-IT","@id":"https:\/\/www.monaco-tribune.com\/it\/2021\/10\/rita-ackermann-presenta-il-seguito-della-sua-nuova-mostra-da-hauser-wirth\/#primaryimage","url":"https:\/\/www.monaco-tribune.com\/wp-content\/uploads\/2021\/10\/rita-ackermann.jpeg","contentUrl":"https:\/\/www.monaco-tribune.com\/wp-content\/uploads\/2021\/10\/rita-ackermann.jpeg","width":1200,"height":932,"caption":"Rita Ackermann"},{"@type":"BreadcrumbList","@id":"https:\/\/www.monaco-tribune.com\/it\/2021\/10\/rita-ackermann-presenta-il-seguito-della-sua-nuova-mostra-da-hauser-wirth\/#breadcrumb","itemListElement":[{"@type":"ListItem","position":1,"name":"Accueil","item":"https:\/\/www.monaco-tribune.com\/it\/"},{"@type":"ListItem","position":2,"name":"Rita Ackermann presenta il seguito della sua nuova mostra da Hauser &#038; Wirth"}]},{"@type":"WebSite","@id":"https:\/\/www.monaco-tribune.com\/it\/#website","url":"https:\/\/www.monaco-tribune.com\/it\/","name":"Monaco Tribune","description":"Monaco : actualit\u00e9s \u00e9conomiques, politiques, culturelles et sportives de Monaco et de la French Riviera.","publisher":{"@id":"https:\/\/www.monaco-tribune.com\/it\/#organization"},"potentialAction":[{"@type":"SearchAction","target":{"@type":"EntryPoint","urlTemplate":"https:\/\/www.monaco-tribune.com\/it\/?s={search_term_string}"},"query-input":{"@type":"PropertyValueSpecification","valueRequired":true,"valueName":"search_term_string"}}],"inLanguage":"it-IT"},{"@type":"Organization","@id":"https:\/\/www.monaco-tribune.com\/it\/#organization","name":"Monaco Tribune","url":"https:\/\/www.monaco-tribune.com\/it\/","logo":{"@type":"ImageObject","inLanguage":"it-IT","@id":"https:\/\/www.monaco-tribune.com\/it\/#\/schema\/logo\/image\/","url":"https:\/\/www.monaco-tribune.com\/wp-content\/uploads\/2022\/11\/logo-monaco-tribune.png","contentUrl":"https:\/\/www.monaco-tribune.com\/wp-content\/uploads\/2022\/11\/logo-monaco-tribune.png","width":1548,"height":600,"caption":"Monaco Tribune"},"image":{"@id":"https:\/\/www.monaco-tribune.com\/it\/#\/schema\/logo\/image\/"},"sameAs":["https:\/\/www.facebook.com\/MonacoTribune","https:\/\/x.com\/MonacoTribune","https:\/\/www.instagram.com\/monacotribune\/","https:\/\/www.linkedin.com\/company\/monaco-tribune","https:\/\/www.youtube.com\/channel\/UCHle1MnG6hw1y4lWKijVbMA"]},{"@type":"Person","@id":"https:\/\/www.monaco-tribune.com\/it\/#\/schema\/person\/a855d420fff4d03637641d60b93ac62e","name":"Camille Esteve","image":{"@type":"ImageObject","inLanguage":"it-IT","@id":"https:\/\/secure.gravatar.com\/avatar\/eaaa2355a7bb56c0018a391c20a55bf9b4690e3f493231dd850e612bfa6ce161?s=96&d=mm&r=g","url":"https:\/\/secure.gravatar.com\/avatar\/eaaa2355a7bb56c0018a391c20a55bf9b4690e3f493231dd850e612bfa6ce161?s=96&d=mm&r=g","contentUrl":"https:\/\/secure.gravatar.com\/avatar\/eaaa2355a7bb56c0018a391c20a55bf9b4690e3f493231dd850e612bfa6ce161?s=96&d=mm&r=g","caption":"Camille Esteve"},"url":"https:\/\/www.monaco-tribune.com\/it\/author\/camilleesteve\/"}]}},"_links":{"self":[{"href":"https:\/\/www.monaco-tribune.com\/it\/wp-json\/wp\/v2\/posts\/96394","targetHints":{"allow":["GET"]}}],"collection":[{"href":"https:\/\/www.monaco-tribune.com\/it\/wp-json\/wp\/v2\/posts"}],"about":[{"href":"https:\/\/www.monaco-tribune.com\/it\/wp-json\/wp\/v2\/types\/post"}],"author":[{"embeddable":true,"href":"https:\/\/www.monaco-tribune.com\/it\/wp-json\/wp\/v2\/users\/60"}],"replies":[{"embeddable":true,"href":"https:\/\/www.monaco-tribune.com\/it\/wp-json\/wp\/v2\/comments?post=96394"}],"version-history":[{"count":0,"href":"https:\/\/www.monaco-tribune.com\/it\/wp-json\/wp\/v2\/posts\/96394\/revisions"}],"wp:featuredmedia":[{"embeddable":true,"href":"https:\/\/www.monaco-tribune.com\/it\/wp-json\/wp\/v2\/media\/96345"}],"wp:attachment":[{"href":"https:\/\/www.monaco-tribune.com\/it\/wp-json\/wp\/v2\/media?parent=96394"}],"wp:term":[{"taxonomy":"category","embeddable":true,"href":"https:\/\/www.monaco-tribune.com\/it\/wp-json\/wp\/v2\/categories?post=96394"},{"taxonomy":"post_tag","embeddable":true,"href":"https:\/\/www.monaco-tribune.com\/it\/wp-json\/wp\/v2\/tags?post=96394"},{"taxonomy":"sectag","embeddable":true,"href":"https:\/\/www.monaco-tribune.com\/it\/wp-json\/wp\/v2\/post_sectags?post=96394"},{"taxonomy":"format","embeddable":true,"href":"https:\/\/www.monaco-tribune.com\/it\/wp-json\/wp\/v2\/post_format?post=96394"}],"curies":[{"name":"wp","href":"https:\/\/api.w.org\/{rel}","templated":true}]}}