{"id":96414,"date":"2021-10-15T18:46:37","date_gmt":"2021-10-15T16:46:37","guid":{"rendered":"https:\/\/www.monaco-tribune.com\/2021\/10\/una-monegasca-lancia-il-suo-show-televisivo-negli-stati-uniti\/"},"modified":"2021-10-15T18:46:41","modified_gmt":"2021-10-15T16:46:41","slug":"una-monegasca-lancia-il-suo-show-televisivo-negli-stati-uniti","status":"publish","type":"post","link":"https:\/\/www.monaco-tribune.com\/it\/2021\/10\/una-monegasca-lancia-il-suo-show-televisivo-negli-stati-uniti\/","title":{"rendered":"Una monegasca lancia il suo show televisivo negli Stati Uniti"},"content":{"rendered":"\n<p><strong>L&#8217;artista internazionale Lorena Baricalla arriver\u00e0 presto sul piccolo schermo con il suo nuovo programma <em>Lorena &amp; Friends<\/em>.<\/strong><\/p>\n\n<p>Ballerina, cantante lirica, attrice&#8230; Quando chiediamo a Lorena Baricalla della sua carriera, ci lascia a bocca aperta! Tra i ruoli da protagonista per il Balletto di Monte-Carlo e per le feste nazionali del Principato, la fondazione della sua casa di produzione PromoArt Monte-Carlo Production e il montaggio dei suoi spettacoli e musical&#8230; la lista sembra non finire mai!<\/p>\n\n<p>Non ancora soddisfatta di questo curriculum gi\u00e0 cos\u00ec fitto, l&#8217;artista ha deciso di imbarcasi in una nuova avventura: <em>Lorena &amp; Friends<\/em>, un programma televisivo che sar\u00e0 presto trasmesso negli Stati Uniti.<\/p>\n\n<h2 class=\"wp-block-heading\"><strong>Far scoprire Monaco da una nuova prospettiva<\/strong><\/h2>\n\n<p>Questa nuova serie di dieci episodi (22 minuti ciascuno) seguir\u00e0 l&#8217;artista nella sua straordinaria vita quotidiana. Oltre a osservare le avventure di Lorena, l&#8217;obiettivo del programma televisivo, che \u00e8 un ibrido tra un reality e una fiction, \u00e8 anche quello di puntare i riflettori sul Principato e sui suoi eventi.<\/p>\n\n<p>Lorena porter\u00e0 gli spettatori dietro le quinte del <a href=\"https:\/\/www.monaco-tribune.com\/it\/2021\/09\/video-due-chiacchiere-con-gli-espositori-monegaschi-del-monaco-yacht-show\/\">Monaco Yacht Show<\/a>, dell&#8217;Opera di Monte-Carlo e dell&#8217;H\u00f4tel de Paris mentre racconta i suoi ricordi e alcuni aneddoti.<\/p>\n\n<p>Anche la gastronomia, i personaggi di spicco e gli eventi di Monaco avranno i loro episodi dedicati. &#8220;L&#8217;obiettivo \u00e8 quello di far scoprire cose che normalmente non si possono fare facilmente, ma in modo amichevole e simpatico. Non voglio dare l&#8217;impressione di essere distante, come se facessi parte di un&#8217;\u00e9lite. Lo scopo \u00e8 quello di condividere le cose belle, l&#8217;arte, la qualit\u00e0 della vita, ma sempre con semplicit\u00e0. Non voglio creare distanza&#8221;, rassicura Lorena.<\/p>\n\n<figure class=\"wp-block-gallery aligncenter columns-1 is-cropped wp-block-gallery-1 is-layout-flex wp-block-gallery-is-layout-flex\"><ul class=\"blocks-gallery-grid\"><li class=\"blocks-gallery-item\"><figure><img loading=\"lazy\" decoding=\"async\" width=\"1024\" height=\"685\" src=\"https:\/\/www.monaco-tribune.com\/wp-content\/uploads\/2021\/10\/lorena-baricalla-5-1024x685.jpeg\" alt=\"Lorena Baricalla\" data-id=\"96254\" data-full-url=\"https:\/\/www.monaco-tribune.com\/wp-content\/uploads\/2021\/10\/lorena-baricalla-5.jpeg\" data-link=\"https:\/\/www.monaco-tribune.com\/?attachment_id=96254\" class=\"wp-image-96256\" srcset=\"https:\/\/www.monaco-tribune.com\/wp-content\/uploads\/2021\/10\/lorena-baricalla-5-1024x685.jpeg 1024w, https:\/\/www.monaco-tribune.com\/wp-content\/uploads\/2021\/10\/lorena-baricalla-5-448x300.jpeg 448w, https:\/\/www.monaco-tribune.com\/wp-content\/uploads\/2021\/10\/lorena-baricalla-5-224x150.jpeg 224w, https:\/\/www.monaco-tribune.com\/wp-content\/uploads\/2021\/10\/lorena-baricalla-5-768x514.jpeg 768w, https:\/\/www.monaco-tribune.com\/wp-content\/uploads\/2021\/10\/lorena-baricalla-5-175x117.jpeg 175w, https:\/\/www.monaco-tribune.com\/wp-content\/uploads\/2021\/10\/lorena-baricalla-5.jpeg 1200w\" sizes=\"auto, (max-width: 1024px) 100vw, 1024px\" \/><figcaption class=\"blocks-gallery-item__caption\"><em>\u00a9 PromoArt Monte-Carlo Production<\/em><\/figcaption><\/figure><\/li><li class=\"blocks-gallery-item\"><figure><img loading=\"lazy\" decoding=\"async\" width=\"1024\" height=\"683\" src=\"https:\/\/www.monaco-tribune.com\/wp-content\/uploads\/2021\/10\/lorena-baricalla-4-1024x683.jpeg\" alt=\"\" data-id=\"96250\" data-link=\"https:\/\/www.monaco-tribune.com\/?attachment_id=96250\" class=\"wp-image-96252\" srcset=\"https:\/\/www.monaco-tribune.com\/wp-content\/uploads\/2021\/10\/lorena-baricalla-4-1024x683.jpeg 1024w, https:\/\/www.monaco-tribune.com\/wp-content\/uploads\/2021\/10\/lorena-baricalla-4-450x300.jpeg 450w, https:\/\/www.monaco-tribune.com\/wp-content\/uploads\/2021\/10\/lorena-baricalla-4-225x150.jpeg 225w, https:\/\/www.monaco-tribune.com\/wp-content\/uploads\/2021\/10\/lorena-baricalla-4-768x512.jpeg 768w, https:\/\/www.monaco-tribune.com\/wp-content\/uploads\/2021\/10\/lorena-baricalla-4-175x117.jpeg 175w, https:\/\/www.monaco-tribune.com\/wp-content\/uploads\/2021\/10\/lorena-baricalla-4.jpeg 1200w\" sizes=\"auto, (max-width: 1024px) 100vw, 1024px\" \/><figcaption class=\"blocks-gallery-item__caption\"><em>\u00a9 PromoArt Monte-Carlo Production<\/em><\/figcaption><\/figure><\/li><li class=\"blocks-gallery-item\"><figure><img loading=\"lazy\" decoding=\"async\" width=\"1024\" height=\"685\" src=\"https:\/\/www.monaco-tribune.com\/wp-content\/uploads\/2021\/10\/lorena-baricalla-3-1024x685.jpeg\" alt=\"\" data-id=\"96246\" data-link=\"https:\/\/www.monaco-tribune.com\/?attachment_id=96246\" class=\"wp-image-96248\" srcset=\"https:\/\/www.monaco-tribune.com\/wp-content\/uploads\/2021\/10\/lorena-baricalla-3-1024x685.jpeg 1024w, https:\/\/www.monaco-tribune.com\/wp-content\/uploads\/2021\/10\/lorena-baricalla-3-448x300.jpeg 448w, https:\/\/www.monaco-tribune.com\/wp-content\/uploads\/2021\/10\/lorena-baricalla-3-224x150.jpeg 224w, https:\/\/www.monaco-tribune.com\/wp-content\/uploads\/2021\/10\/lorena-baricalla-3-768x514.jpeg 768w, https:\/\/www.monaco-tribune.com\/wp-content\/uploads\/2021\/10\/lorena-baricalla-3-175x117.jpeg 175w, https:\/\/www.monaco-tribune.com\/wp-content\/uploads\/2021\/10\/lorena-baricalla-3.jpeg 1200w\" sizes=\"auto, (max-width: 1024px) 100vw, 1024px\" \/><figcaption class=\"blocks-gallery-item__caption\"><em>\u00a9 PromoArt Monte-Carlo Production<\/em><\/figcaption><\/figure><\/li><li class=\"blocks-gallery-item\"><figure><img loading=\"lazy\" decoding=\"async\" width=\"1024\" height=\"683\" src=\"https:\/\/www.monaco-tribune.com\/wp-content\/uploads\/2021\/10\/lorena-baricalla-2-1024x683.jpeg\" alt=\"\" data-id=\"96242\" data-link=\"https:\/\/www.monaco-tribune.com\/?attachment_id=96242\" class=\"wp-image-96244\" srcset=\"https:\/\/www.monaco-tribune.com\/wp-content\/uploads\/2021\/10\/lorena-baricalla-2-1024x683.jpeg 1024w, https:\/\/www.monaco-tribune.com\/wp-content\/uploads\/2021\/10\/lorena-baricalla-2-450x300.jpeg 450w, https:\/\/www.monaco-tribune.com\/wp-content\/uploads\/2021\/10\/lorena-baricalla-2-225x150.jpeg 225w, https:\/\/www.monaco-tribune.com\/wp-content\/uploads\/2021\/10\/lorena-baricalla-2-768x512.jpeg 768w, https:\/\/www.monaco-tribune.com\/wp-content\/uploads\/2021\/10\/lorena-baricalla-2-175x117.jpeg 175w, https:\/\/www.monaco-tribune.com\/wp-content\/uploads\/2021\/10\/lorena-baricalla-2.jpeg 1200w\" sizes=\"auto, (max-width: 1024px) 100vw, 1024px\" \/><figcaption class=\"blocks-gallery-item__caption\"><em>\u00a9 PromoArt Monte-Carlo Production<\/em><\/figcaption><\/figure><\/li><li class=\"blocks-gallery-item\"><figure><img loading=\"lazy\" decoding=\"async\" width=\"1024\" height=\"683\" src=\"https:\/\/www.monaco-tribune.com\/wp-content\/uploads\/2021\/10\/lorena-baricalla-1-1024x683.jpeg\" alt=\"\" data-id=\"96238\" data-link=\"https:\/\/www.monaco-tribune.com\/?attachment_id=96238\" class=\"wp-image-96240\" srcset=\"https:\/\/www.monaco-tribune.com\/wp-content\/uploads\/2021\/10\/lorena-baricalla-1-1024x683.jpeg 1024w, https:\/\/www.monaco-tribune.com\/wp-content\/uploads\/2021\/10\/lorena-baricalla-1-450x300.jpeg 450w, https:\/\/www.monaco-tribune.com\/wp-content\/uploads\/2021\/10\/lorena-baricalla-1-225x150.jpeg 225w, https:\/\/www.monaco-tribune.com\/wp-content\/uploads\/2021\/10\/lorena-baricalla-1-768x512.jpeg 768w, https:\/\/www.monaco-tribune.com\/wp-content\/uploads\/2021\/10\/lorena-baricalla-1-175x117.jpeg 175w, https:\/\/www.monaco-tribune.com\/wp-content\/uploads\/2021\/10\/lorena-baricalla-1.jpeg 1200w\" sizes=\"auto, (max-width: 1024px) 100vw, 1024px\" \/><figcaption class=\"blocks-gallery-item__caption\"><em>\u00a9 PromoArt Monte-Carlo Production<\/em><\/figcaption><\/figure><\/li><\/ul><figcaption class=\"blocks-gallery-caption\"><em>Il primo episodio della serie \u00e8 stato girato al Monaco Yacht Show &#8211; \u00a9 PromoArt Monte-Carlo Production<\/em><\/figcaption><\/figure>\n<h2 class=\"wp-block-heading\" id=\"h-un-challenge-relever\"><strong>Una nuova sfida<\/strong><\/h2>\n\n<p>Gi\u00e0 abituata alle telecamere per via dei suoi spettacoli, dei talk show e dei social, Lorena non si \u00e8 lasciata intimidire da questa nuova sfida.<\/p>\n\n<p>Quando \u00e8 stata contattata dall&#8217;emittente televisiva americana JUL-TV Network, non ha esitato neanche un secondo prima di accettare: &#8220;Qualsiasi progetto porta sempre con s\u00e9 l&#8217;eccitazione e il piacere della novit\u00e0, ma farsi delle domande \u00e8 inevitabile. Andr\u00e0 come speriamo che vada? \u00c8 una sfida! Ma non bisogna tirarsi indietro di fronte a una sfida!<\/p>\n\n<p>I dieci episodi saranno disponibili su diverse piattaforme di streaming, come Apple TV, Amazon Prime o Roku TV. Nell&#8217;attesa, gli spettatori possono gi\u00e0 scoprire le prime immagini del programma <a href=\"https:\/\/www.facebook.com\/LorenaBaricalla\">sui canali social dell&#8217;artista<\/a> oppure guardare la sua intervista realizzata da Monaco Tribune.<\/p>\n<blockquote class=\"instagram-media\" data-instgrm-permalink=\"https:\/\/www.instagram.com\/reel\/CVBDjdUontz\/?utm_source=ig_embed&amp;utm_campaign=loading\" data-instgrm-version=\"14\" style=\" background:#FFF; border:0; border-radius:3px; box-shadow:0 0 1px 0 rgba(0,0,0,0.5),0 1px 10px 0 rgba(0,0,0,0.15); margin: 1px; max-width:540px; min-width:326px; padding:0; width:99.375%; width:-webkit-calc(100% - 2px); width:calc(100% - 2px);\">\n<div style=\"padding:16px;\"> <a href=\"https:\/\/www.instagram.com\/reel\/CVBDjdUontz\/?utm_source=ig_embed&amp;utm_campaign=loading\" style=\" background:#FFFFFF; line-height:0; padding:0 0; text-align:center; text-decoration:none; width:100%;\" target=\"_blank\" rel=\"noopener\"> <\/p>\n<div style=\" display: flex; flex-direction: row; align-items: center;\">\n<div style=\"background-color: #F4F4F4; border-radius: 50%; flex-grow: 0; height: 40px; margin-right: 14px; width: 40px;\"><\/div>\n<div style=\"display: flex; flex-direction: column; flex-grow: 1; justify-content: center;\">\n<div style=\" background-color: #F4F4F4; border-radius: 4px; flex-grow: 0; height: 14px; margin-bottom: 6px; width: 100px;\"><\/div>\n<div style=\" background-color: #F4F4F4; border-radius: 4px; flex-grow: 0; height: 14px; width: 60px;\"><\/div>\n<\/div>\n<\/div>\n<div style=\"padding: 19% 0;\"><\/div>\n<div style=\"display:block; height:50px; margin:0 auto 12px; width:50px;\"><svg width=\"50px\" height=\"50px\" viewBox=\"0 0 60 60\" version=\"1.1\" xmlns=\"https:\/\/www.w3.org\/2000\/svg\" xmlns:xlink=\"https:\/\/www.w3.org\/1999\/xlink\"><g stroke=\"none\" stroke-width=\"1\" fill=\"none\" fill-rule=\"evenodd\"><g transform=\"translate(-511.000000, -20.000000)\" fill=\"#000000\"><g><path d=\"M556.869,30.41 C554.814,30.41 553.148,32.076 553.148,34.131 C553.148,36.186 554.814,37.852 556.869,37.852 C558.924,37.852 560.59,36.186 560.59,34.131 C560.59,32.076 558.924,30.41 556.869,30.41 M541,60.657 C535.114,60.657 530.342,55.887 530.342,50 C530.342,44.114 535.114,39.342 541,39.342 C546.887,39.342 551.658,44.114 551.658,50 C551.658,55.887 546.887,60.657 541,60.657 M541,33.886 C532.1,33.886 524.886,41.1 524.886,50 C524.886,58.899 532.1,66.113 541,66.113 C549.9,66.113 557.115,58.899 557.115,50 C557.115,41.1 549.9,33.886 541,33.886 M565.378,62.101 C565.244,65.022 564.756,66.606 564.346,67.663 C563.803,69.06 563.154,70.057 562.106,71.106 C561.058,72.155 560.06,72.803 558.662,73.347 C557.607,73.757 556.021,74.244 553.102,74.378 C549.944,74.521 548.997,74.552 541,74.552 C533.003,74.552 532.056,74.521 528.898,74.378 C525.979,74.244 524.393,73.757 523.338,73.347 C521.94,72.803 520.942,72.155 519.894,71.106 C518.846,70.057 518.197,69.06 517.654,67.663 C517.244,66.606 516.755,65.022 516.623,62.101 C516.479,58.943 516.448,57.996 516.448,50 C516.448,42.003 516.479,41.056 516.623,37.899 C516.755,34.978 517.244,33.391 517.654,32.338 C518.197,30.938 518.846,29.942 519.894,28.894 C520.942,27.846 521.94,27.196 523.338,26.654 C524.393,26.244 525.979,25.756 528.898,25.623 C532.057,25.479 533.004,25.448 541,25.448 C548.997,25.448 549.943,25.479 553.102,25.623 C556.021,25.756 557.607,26.244 558.662,26.654 C560.06,27.196 561.058,27.846 562.106,28.894 C563.154,29.942 563.803,30.938 564.346,32.338 C564.756,33.391 565.244,34.978 565.378,37.899 C565.522,41.056 565.552,42.003 565.552,50 C565.552,57.996 565.522,58.943 565.378,62.101 M570.82,37.631 C570.674,34.438 570.167,32.258 569.425,30.349 C568.659,28.377 567.633,26.702 565.965,25.035 C564.297,23.368 562.623,22.342 560.652,21.575 C558.743,20.834 556.562,20.326 553.369,20.18 C550.169,20.033 549.148,20 541,20 C532.853,20 531.831,20.033 528.631,20.18 C525.438,20.326 523.257,20.834 521.349,21.575 C519.376,22.342 517.703,23.368 516.035,25.035 C514.368,26.702 513.342,28.377 512.574,30.349 C511.834,32.258 511.326,34.438 511.181,37.631 C511.035,40.831 511,41.851 511,50 C511,58.147 511.035,59.17 511.181,62.369 C511.326,65.562 511.834,67.743 512.574,69.651 C513.342,71.625 514.368,73.296 516.035,74.965 C517.703,76.634 519.376,77.658 521.349,78.425 C523.257,79.167 525.438,79.673 528.631,79.82 C531.831,79.965 532.853,80.001 541,80.001 C549.148,80.001 550.169,79.965 553.369,79.82 C556.562,79.673 558.743,79.167 560.652,78.425 C562.623,77.658 564.297,76.634 565.965,74.965 C567.633,73.296 568.659,71.625 569.425,69.651 C570.167,67.743 570.674,65.562 570.82,62.369 C570.966,59.17 571,58.147 571,50 C571,41.851 570.966,40.831 570.82,37.631\"><\/path><\/g><\/g><\/g><\/svg><\/div>\n<div style=\"padding-top: 8px;\">\n<div style=\" color:#3897f0; font-family:Arial,sans-serif; font-size:14px; font-style:normal; font-weight:550; line-height:18px;\">View this post on Instagram<\/div>\n<\/div>\n<div style=\"padding: 12.5% 0;\"><\/div>\n<div style=\"display: flex; flex-direction: row; margin-bottom: 14px; align-items: center;\">\n<div>\n<div style=\"background-color: #F4F4F4; border-radius: 50%; height: 12.5px; width: 12.5px; transform: translateX(0px) translateY(7px);\"><\/div>\n<div style=\"background-color: #F4F4F4; height: 12.5px; transform: rotate(-45deg) translateX(3px) translateY(1px); width: 12.5px; flex-grow: 0; margin-right: 14px; margin-left: 2px;\"><\/div>\n<div style=\"background-color: #F4F4F4; border-radius: 50%; height: 12.5px; width: 12.5px; transform: translateX(9px) translateY(-18px);\"><\/div>\n<\/div>\n<div style=\"margin-left: 8px;\">\n<div style=\" background-color: #F4F4F4; border-radius: 50%; flex-grow: 0; height: 20px; width: 20px;\"><\/div>\n<div style=\" width: 0; height: 0; border-top: 2px solid transparent; border-left: 6px solid #f4f4f4; border-bottom: 2px solid transparent; transform: translateX(16px) translateY(-4px) rotate(30deg)\"><\/div>\n<\/div>\n<div style=\"margin-left: auto;\">\n<div style=\" width: 0px; border-top: 8px solid #F4F4F4; border-right: 8px solid transparent; transform: translateY(16px);\"><\/div>\n<div style=\" background-color: #F4F4F4; flex-grow: 0; height: 12px; width: 16px; transform: translateY(-4px);\"><\/div>\n<div style=\" width: 0; height: 0; border-top: 8px solid #F4F4F4; border-left: 8px solid transparent; transform: translateY(-4px) translateX(8px);\"><\/div>\n<\/div>\n<\/div>\n<div style=\"display: flex; flex-direction: column; flex-grow: 1; justify-content: center; margin-bottom: 24px;\">\n<div style=\" background-color: #F4F4F4; border-radius: 4px; flex-grow: 0; height: 14px; margin-bottom: 6px; width: 224px;\"><\/div>\n<div style=\" background-color: #F4F4F4; border-radius: 4px; flex-grow: 0; height: 14px; width: 144px;\"><\/div>\n<\/div>\n<p><\/a><\/p>\n<p style=\" color:#c9c8cd; font-family:Arial,sans-serif; font-size:14px; line-height:17px; margin-bottom:0; margin-top:8px; overflow:hidden; padding:8px 0 7px; text-align:center; text-overflow:ellipsis; white-space:nowrap;\"><a href=\"https:\/\/www.instagram.com\/reel\/CVBDjdUontz\/?utm_source=ig_embed&amp;utm_campaign=loading\" style=\" color:#c9c8cd; font-family:Arial,sans-serif; font-size:14px; font-style:normal; font-weight:normal; line-height:17px; text-decoration:none;\" target=\"_blank\" rel=\"noopener\">Une publication partag\u00e9e par Monaco Tribune (@monacotribune)<\/a><\/p>\n<\/div>\n<\/blockquote>\n<p> <script async=\"\" src=\"\/\/www.instagram.com\/embed.js\"><\/script><\/p>\n","protected":false},"excerpt":{"rendered":"<p>L&#8217;artista internazionale Lorena Baricalla arriver\u00e0 presto sul piccolo schermo con il suo nuovo programma Lorena &amp; Friends. Ballerina, cantante lirica, [&hellip;]<\/p>\n","protected":false},"author":60,"featured_media":96153,"comment_status":"closed","ping_status":"closed","sticky":false,"template":"","format":"standard","meta":{"_acf_changed":false,"footnotes":""},"categories":[1740,1826,1738],"tags":[],"post_sectags":[],"post_format":[2480],"class_list":["post-96414","post","type-post","status-publish","format-standard","has-post-thumbnail","hentry","category-cosa-fare","category-la-nostra-scelta","category-notizie","format-profilo"],"acf":[],"yoast_head":"<!-- This site is optimized with the Yoast SEO Premium plugin v27.5 (Yoast SEO v27.5) - https:\/\/yoast.com\/product\/yoast-seo-premium-wordpress\/ -->\n<title>Una monegasca lancia il suo show televisivo negli Stati Uniti<\/title>\n<meta name=\"description\" content=\"L&#039;artista internazionale Lorena Baricalla arriver\u00e0 presto sul piccolo schermo con il suo nuovo programma Lorena &amp; Friends. Ballerina, cantante lirica,\" \/>\n<meta name=\"robots\" content=\"index, follow, max-snippet:-1, max-image-preview:large, max-video-preview:-1\" \/>\n<link rel=\"canonical\" href=\"https:\/\/www.monaco-tribune.com\/it\/2021\/10\/una-monegasca-lancia-il-suo-show-televisivo-negli-stati-uniti\/\" \/>\n<meta property=\"og:locale\" content=\"it_IT\" \/>\n<meta property=\"og:type\" content=\"article\" \/>\n<meta property=\"og:title\" content=\"Una monegasca lancia il suo show televisivo negli Stati Uniti - Monaco Tribune\" \/>\n<meta property=\"og:description\" content=\"L&#039;artista internazionale Lorena Baricalla arriver\u00e0 presto sul piccolo schermo con il suo nuovo programma Lorena &amp; Friends. Ballerina, cantante lirica,\" \/>\n<meta property=\"og:url\" content=\"https:\/\/www.monaco-tribune.com\/it\/2021\/10\/una-monegasca-lancia-il-suo-show-televisivo-negli-stati-uniti\/\" \/>\n<meta property=\"og:site_name\" content=\"Monaco Tribune\" \/>\n<meta property=\"article:publisher\" content=\"https:\/\/www.facebook.com\/MonacoTribune\" \/>\n<meta property=\"article:published_time\" content=\"2021-10-15T16:46:37+00:00\" \/>\n<meta property=\"article:modified_time\" content=\"2021-10-15T16:46:41+00:00\" \/>\n<meta property=\"og:image\" content=\"https:\/\/www.monaco-tribune.com\/wp-content\/uploads\/2021\/10\/lorena-baricalla.jpeg\" \/>\n\t<meta property=\"og:image:width\" content=\"1200\" \/>\n\t<meta property=\"og:image:height\" content=\"900\" \/>\n\t<meta property=\"og:image:type\" content=\"image\/jpeg\" \/>\n<meta name=\"author\" content=\"Camille Esteve\" \/>\n<meta name=\"twitter:card\" content=\"summary_large_image\" \/>\n<meta name=\"twitter:creator\" content=\"@MonacoTribune\" \/>\n<meta name=\"twitter:site\" content=\"@MonacoTribune\" \/>\n<script type=\"application\/ld+json\" class=\"yoast-schema-graph\">{\"@context\":\"https:\\\/\\\/schema.org\",\"@graph\":[{\"@type\":\"NewsArticle\",\"@id\":\"https:\\\/\\\/www.monaco-tribune.com\\\/it\\\/2021\\\/10\\\/una-monegasca-lancia-il-suo-show-televisivo-negli-stati-uniti\\\/#article\",\"isPartOf\":{\"@id\":\"https:\\\/\\\/www.monaco-tribune.com\\\/it\\\/2021\\\/10\\\/una-monegasca-lancia-il-suo-show-televisivo-negli-stati-uniti\\\/\"},\"author\":{\"name\":\"Camille Esteve\",\"@id\":\"https:\\\/\\\/www.monaco-tribune.com\\\/it\\\/#\\\/schema\\\/person\\\/a855d420fff4d03637641d60b93ac62e\"},\"headline\":\"Una monegasca lancia il suo show televisivo negli Stati Uniti\",\"datePublished\":\"2021-10-15T16:46:37+00:00\",\"dateModified\":\"2021-10-15T16:46:41+00:00\",\"mainEntityOfPage\":{\"@id\":\"https:\\\/\\\/www.monaco-tribune.com\\\/it\\\/2021\\\/10\\\/una-monegasca-lancia-il-suo-show-televisivo-negli-stati-uniti\\\/\"},\"wordCount\":446,\"publisher\":{\"@id\":\"https:\\\/\\\/www.monaco-tribune.com\\\/it\\\/#organization\"},\"image\":{\"@id\":\"https:\\\/\\\/www.monaco-tribune.com\\\/it\\\/2021\\\/10\\\/una-monegasca-lancia-il-suo-show-televisivo-negli-stati-uniti\\\/#primaryimage\"},\"thumbnailUrl\":\"https:\\\/\\\/www.monaco-tribune.com\\\/wp-content\\\/uploads\\\/2021\\\/10\\\/lorena-baricalla.jpeg\",\"articleSection\":[\"Cosa fare\",\"La nostra scelta\",\"Notizie\"],\"inLanguage\":\"it-IT\",\"copyrightYear\":\"2021\",\"copyrightHolder\":{\"@id\":\"https:\\\/\\\/www.monaco-tribune.com\\\/#organization\"}},{\"@type\":\"WebPage\",\"@id\":\"https:\\\/\\\/www.monaco-tribune.com\\\/it\\\/2021\\\/10\\\/una-monegasca-lancia-il-suo-show-televisivo-negli-stati-uniti\\\/\",\"url\":\"https:\\\/\\\/www.monaco-tribune.com\\\/it\\\/2021\\\/10\\\/una-monegasca-lancia-il-suo-show-televisivo-negli-stati-uniti\\\/\",\"name\":\"Una monegasca lancia il suo show televisivo negli Stati Uniti\",\"isPartOf\":{\"@id\":\"https:\\\/\\\/www.monaco-tribune.com\\\/it\\\/#website\"},\"primaryImageOfPage\":{\"@id\":\"https:\\\/\\\/www.monaco-tribune.com\\\/it\\\/2021\\\/10\\\/una-monegasca-lancia-il-suo-show-televisivo-negli-stati-uniti\\\/#primaryimage\"},\"image\":{\"@id\":\"https:\\\/\\\/www.monaco-tribune.com\\\/it\\\/2021\\\/10\\\/una-monegasca-lancia-il-suo-show-televisivo-negli-stati-uniti\\\/#primaryimage\"},\"thumbnailUrl\":\"https:\\\/\\\/www.monaco-tribune.com\\\/wp-content\\\/uploads\\\/2021\\\/10\\\/lorena-baricalla.jpeg\",\"datePublished\":\"2021-10-15T16:46:37+00:00\",\"dateModified\":\"2021-10-15T16:46:41+00:00\",\"description\":\"L'artista internazionale Lorena Baricalla arriver\u00e0 presto sul piccolo schermo con il suo nuovo programma Lorena &amp; Friends. Ballerina, cantante lirica,\",\"breadcrumb\":{\"@id\":\"https:\\\/\\\/www.monaco-tribune.com\\\/it\\\/2021\\\/10\\\/una-monegasca-lancia-il-suo-show-televisivo-negli-stati-uniti\\\/#breadcrumb\"},\"inLanguage\":\"it-IT\",\"potentialAction\":[{\"@type\":\"ReadAction\",\"target\":[\"https:\\\/\\\/www.monaco-tribune.com\\\/it\\\/2021\\\/10\\\/una-monegasca-lancia-il-suo-show-televisivo-negli-stati-uniti\\\/\"]}]},{\"@type\":\"ImageObject\",\"inLanguage\":\"it-IT\",\"@id\":\"https:\\\/\\\/www.monaco-tribune.com\\\/it\\\/2021\\\/10\\\/una-monegasca-lancia-il-suo-show-televisivo-negli-stati-uniti\\\/#primaryimage\",\"url\":\"https:\\\/\\\/www.monaco-tribune.com\\\/wp-content\\\/uploads\\\/2021\\\/10\\\/lorena-baricalla.jpeg\",\"contentUrl\":\"https:\\\/\\\/www.monaco-tribune.com\\\/wp-content\\\/uploads\\\/2021\\\/10\\\/lorena-baricalla.jpeg\",\"width\":1200,\"height\":900,\"caption\":\"Beno\u00eet Sorre\"},{\"@type\":\"BreadcrumbList\",\"@id\":\"https:\\\/\\\/www.monaco-tribune.com\\\/it\\\/2021\\\/10\\\/una-monegasca-lancia-il-suo-show-televisivo-negli-stati-uniti\\\/#breadcrumb\",\"itemListElement\":[{\"@type\":\"ListItem\",\"position\":1,\"name\":\"Accueil\",\"item\":\"https:\\\/\\\/www.monaco-tribune.com\\\/it\\\/\"},{\"@type\":\"ListItem\",\"position\":2,\"name\":\"Una monegasca lancia il suo show televisivo negli Stati Uniti\"}]},{\"@type\":\"WebSite\",\"@id\":\"https:\\\/\\\/www.monaco-tribune.com\\\/it\\\/#website\",\"url\":\"https:\\\/\\\/www.monaco-tribune.com\\\/it\\\/\",\"name\":\"Monaco Tribune\",\"description\":\"Monaco : actualit\u00e9s \u00e9conomiques, politiques, culturelles et sportives de Monaco et de la French Riviera.\",\"publisher\":{\"@id\":\"https:\\\/\\\/www.monaco-tribune.com\\\/it\\\/#organization\"},\"potentialAction\":[{\"@type\":\"SearchAction\",\"target\":{\"@type\":\"EntryPoint\",\"urlTemplate\":\"https:\\\/\\\/www.monaco-tribune.com\\\/it\\\/?s={search_term_string}\"},\"query-input\":{\"@type\":\"PropertyValueSpecification\",\"valueRequired\":true,\"valueName\":\"search_term_string\"}}],\"inLanguage\":\"it-IT\"},{\"@type\":\"Organization\",\"@id\":\"https:\\\/\\\/www.monaco-tribune.com\\\/it\\\/#organization\",\"name\":\"Monaco Tribune\",\"url\":\"https:\\\/\\\/www.monaco-tribune.com\\\/it\\\/\",\"logo\":{\"@type\":\"ImageObject\",\"inLanguage\":\"it-IT\",\"@id\":\"https:\\\/\\\/www.monaco-tribune.com\\\/it\\\/#\\\/schema\\\/logo\\\/image\\\/\",\"url\":\"https:\\\/\\\/www.monaco-tribune.com\\\/wp-content\\\/uploads\\\/2022\\\/11\\\/logo-monaco-tribune.png\",\"contentUrl\":\"https:\\\/\\\/www.monaco-tribune.com\\\/wp-content\\\/uploads\\\/2022\\\/11\\\/logo-monaco-tribune.png\",\"width\":1548,\"height\":600,\"caption\":\"Monaco Tribune\"},\"image\":{\"@id\":\"https:\\\/\\\/www.monaco-tribune.com\\\/it\\\/#\\\/schema\\\/logo\\\/image\\\/\"},\"sameAs\":[\"https:\\\/\\\/www.facebook.com\\\/MonacoTribune\",\"https:\\\/\\\/x.com\\\/MonacoTribune\",\"https:\\\/\\\/www.instagram.com\\\/monacotribune\\\/\",\"https:\\\/\\\/www.linkedin.com\\\/company\\\/monaco-tribune\",\"https:\\\/\\\/www.youtube.com\\\/channel\\\/UCHle1MnG6hw1y4lWKijVbMA\"]},{\"@type\":\"Person\",\"@id\":\"https:\\\/\\\/www.monaco-tribune.com\\\/it\\\/#\\\/schema\\\/person\\\/a855d420fff4d03637641d60b93ac62e\",\"name\":\"Camille Esteve\",\"image\":{\"@type\":\"ImageObject\",\"inLanguage\":\"it-IT\",\"@id\":\"https:\\\/\\\/secure.gravatar.com\\\/avatar\\\/eaaa2355a7bb56c0018a391c20a55bf9b4690e3f493231dd850e612bfa6ce161?s=96&d=mm&r=g\",\"url\":\"https:\\\/\\\/secure.gravatar.com\\\/avatar\\\/eaaa2355a7bb56c0018a391c20a55bf9b4690e3f493231dd850e612bfa6ce161?s=96&d=mm&r=g\",\"contentUrl\":\"https:\\\/\\\/secure.gravatar.com\\\/avatar\\\/eaaa2355a7bb56c0018a391c20a55bf9b4690e3f493231dd850e612bfa6ce161?s=96&d=mm&r=g\",\"caption\":\"Camille Esteve\"},\"url\":\"https:\\\/\\\/www.monaco-tribune.com\\\/it\\\/author\\\/camilleesteve\\\/\"}]}<\/script>\n<!-- \/ Yoast SEO Premium plugin. -->","yoast_head_json":{"title":"Una monegasca lancia il suo show televisivo negli Stati Uniti","description":"L'artista internazionale Lorena Baricalla arriver\u00e0 presto sul piccolo schermo con il suo nuovo programma Lorena &amp; Friends. Ballerina, cantante lirica,","robots":{"index":"index","follow":"follow","max-snippet":"max-snippet:-1","max-image-preview":"max-image-preview:large","max-video-preview":"max-video-preview:-1"},"canonical":"https:\/\/www.monaco-tribune.com\/it\/2021\/10\/una-monegasca-lancia-il-suo-show-televisivo-negli-stati-uniti\/","og_locale":"it_IT","og_type":"article","og_title":"Una monegasca lancia il suo show televisivo negli Stati Uniti - Monaco Tribune","og_description":"L'artista internazionale Lorena Baricalla arriver\u00e0 presto sul piccolo schermo con il suo nuovo programma Lorena &amp; Friends. Ballerina, cantante lirica,","og_url":"https:\/\/www.monaco-tribune.com\/it\/2021\/10\/una-monegasca-lancia-il-suo-show-televisivo-negli-stati-uniti\/","og_site_name":"Monaco Tribune","article_publisher":"https:\/\/www.facebook.com\/MonacoTribune","article_published_time":"2021-10-15T16:46:37+00:00","article_modified_time":"2021-10-15T16:46:41+00:00","og_image":[{"width":1200,"height":900,"url":"https:\/\/www.monaco-tribune.com\/wp-content\/uploads\/2021\/10\/lorena-baricalla.jpeg","type":"image\/jpeg"}],"author":"Camille Esteve","twitter_card":"summary_large_image","twitter_creator":"@MonacoTribune","twitter_site":"@MonacoTribune","schema":{"@context":"https:\/\/schema.org","@graph":[{"@type":"NewsArticle","@id":"https:\/\/www.monaco-tribune.com\/it\/2021\/10\/una-monegasca-lancia-il-suo-show-televisivo-negli-stati-uniti\/#article","isPartOf":{"@id":"https:\/\/www.monaco-tribune.com\/it\/2021\/10\/una-monegasca-lancia-il-suo-show-televisivo-negli-stati-uniti\/"},"author":{"name":"Camille Esteve","@id":"https:\/\/www.monaco-tribune.com\/it\/#\/schema\/person\/a855d420fff4d03637641d60b93ac62e"},"headline":"Una monegasca lancia il suo show televisivo negli Stati Uniti","datePublished":"2021-10-15T16:46:37+00:00","dateModified":"2021-10-15T16:46:41+00:00","mainEntityOfPage":{"@id":"https:\/\/www.monaco-tribune.com\/it\/2021\/10\/una-monegasca-lancia-il-suo-show-televisivo-negli-stati-uniti\/"},"wordCount":446,"publisher":{"@id":"https:\/\/www.monaco-tribune.com\/it\/#organization"},"image":{"@id":"https:\/\/www.monaco-tribune.com\/it\/2021\/10\/una-monegasca-lancia-il-suo-show-televisivo-negli-stati-uniti\/#primaryimage"},"thumbnailUrl":"https:\/\/www.monaco-tribune.com\/wp-content\/uploads\/2021\/10\/lorena-baricalla.jpeg","articleSection":["Cosa fare","La nostra scelta","Notizie"],"inLanguage":"it-IT","copyrightYear":"2021","copyrightHolder":{"@id":"https:\/\/www.monaco-tribune.com\/#organization"}},{"@type":"WebPage","@id":"https:\/\/www.monaco-tribune.com\/it\/2021\/10\/una-monegasca-lancia-il-suo-show-televisivo-negli-stati-uniti\/","url":"https:\/\/www.monaco-tribune.com\/it\/2021\/10\/una-monegasca-lancia-il-suo-show-televisivo-negli-stati-uniti\/","name":"Una monegasca lancia il suo show televisivo negli Stati Uniti","isPartOf":{"@id":"https:\/\/www.monaco-tribune.com\/it\/#website"},"primaryImageOfPage":{"@id":"https:\/\/www.monaco-tribune.com\/it\/2021\/10\/una-monegasca-lancia-il-suo-show-televisivo-negli-stati-uniti\/#primaryimage"},"image":{"@id":"https:\/\/www.monaco-tribune.com\/it\/2021\/10\/una-monegasca-lancia-il-suo-show-televisivo-negli-stati-uniti\/#primaryimage"},"thumbnailUrl":"https:\/\/www.monaco-tribune.com\/wp-content\/uploads\/2021\/10\/lorena-baricalla.jpeg","datePublished":"2021-10-15T16:46:37+00:00","dateModified":"2021-10-15T16:46:41+00:00","description":"L'artista internazionale Lorena Baricalla arriver\u00e0 presto sul piccolo schermo con il suo nuovo programma Lorena &amp; Friends. Ballerina, cantante lirica,","breadcrumb":{"@id":"https:\/\/www.monaco-tribune.com\/it\/2021\/10\/una-monegasca-lancia-il-suo-show-televisivo-negli-stati-uniti\/#breadcrumb"},"inLanguage":"it-IT","potentialAction":[{"@type":"ReadAction","target":["https:\/\/www.monaco-tribune.com\/it\/2021\/10\/una-monegasca-lancia-il-suo-show-televisivo-negli-stati-uniti\/"]}]},{"@type":"ImageObject","inLanguage":"it-IT","@id":"https:\/\/www.monaco-tribune.com\/it\/2021\/10\/una-monegasca-lancia-il-suo-show-televisivo-negli-stati-uniti\/#primaryimage","url":"https:\/\/www.monaco-tribune.com\/wp-content\/uploads\/2021\/10\/lorena-baricalla.jpeg","contentUrl":"https:\/\/www.monaco-tribune.com\/wp-content\/uploads\/2021\/10\/lorena-baricalla.jpeg","width":1200,"height":900,"caption":"Beno\u00eet Sorre"},{"@type":"BreadcrumbList","@id":"https:\/\/www.monaco-tribune.com\/it\/2021\/10\/una-monegasca-lancia-il-suo-show-televisivo-negli-stati-uniti\/#breadcrumb","itemListElement":[{"@type":"ListItem","position":1,"name":"Accueil","item":"https:\/\/www.monaco-tribune.com\/it\/"},{"@type":"ListItem","position":2,"name":"Una monegasca lancia il suo show televisivo negli Stati Uniti"}]},{"@type":"WebSite","@id":"https:\/\/www.monaco-tribune.com\/it\/#website","url":"https:\/\/www.monaco-tribune.com\/it\/","name":"Monaco Tribune","description":"Monaco : actualit\u00e9s \u00e9conomiques, politiques, culturelles et sportives de Monaco et de la French Riviera.","publisher":{"@id":"https:\/\/www.monaco-tribune.com\/it\/#organization"},"potentialAction":[{"@type":"SearchAction","target":{"@type":"EntryPoint","urlTemplate":"https:\/\/www.monaco-tribune.com\/it\/?s={search_term_string}"},"query-input":{"@type":"PropertyValueSpecification","valueRequired":true,"valueName":"search_term_string"}}],"inLanguage":"it-IT"},{"@type":"Organization","@id":"https:\/\/www.monaco-tribune.com\/it\/#organization","name":"Monaco Tribune","url":"https:\/\/www.monaco-tribune.com\/it\/","logo":{"@type":"ImageObject","inLanguage":"it-IT","@id":"https:\/\/www.monaco-tribune.com\/it\/#\/schema\/logo\/image\/","url":"https:\/\/www.monaco-tribune.com\/wp-content\/uploads\/2022\/11\/logo-monaco-tribune.png","contentUrl":"https:\/\/www.monaco-tribune.com\/wp-content\/uploads\/2022\/11\/logo-monaco-tribune.png","width":1548,"height":600,"caption":"Monaco Tribune"},"image":{"@id":"https:\/\/www.monaco-tribune.com\/it\/#\/schema\/logo\/image\/"},"sameAs":["https:\/\/www.facebook.com\/MonacoTribune","https:\/\/x.com\/MonacoTribune","https:\/\/www.instagram.com\/monacotribune\/","https:\/\/www.linkedin.com\/company\/monaco-tribune","https:\/\/www.youtube.com\/channel\/UCHle1MnG6hw1y4lWKijVbMA"]},{"@type":"Person","@id":"https:\/\/www.monaco-tribune.com\/it\/#\/schema\/person\/a855d420fff4d03637641d60b93ac62e","name":"Camille Esteve","image":{"@type":"ImageObject","inLanguage":"it-IT","@id":"https:\/\/secure.gravatar.com\/avatar\/eaaa2355a7bb56c0018a391c20a55bf9b4690e3f493231dd850e612bfa6ce161?s=96&d=mm&r=g","url":"https:\/\/secure.gravatar.com\/avatar\/eaaa2355a7bb56c0018a391c20a55bf9b4690e3f493231dd850e612bfa6ce161?s=96&d=mm&r=g","contentUrl":"https:\/\/secure.gravatar.com\/avatar\/eaaa2355a7bb56c0018a391c20a55bf9b4690e3f493231dd850e612bfa6ce161?s=96&d=mm&r=g","caption":"Camille Esteve"},"url":"https:\/\/www.monaco-tribune.com\/it\/author\/camilleesteve\/"}]}},"_links":{"self":[{"href":"https:\/\/www.monaco-tribune.com\/it\/wp-json\/wp\/v2\/posts\/96414","targetHints":{"allow":["GET"]}}],"collection":[{"href":"https:\/\/www.monaco-tribune.com\/it\/wp-json\/wp\/v2\/posts"}],"about":[{"href":"https:\/\/www.monaco-tribune.com\/it\/wp-json\/wp\/v2\/types\/post"}],"author":[{"embeddable":true,"href":"https:\/\/www.monaco-tribune.com\/it\/wp-json\/wp\/v2\/users\/60"}],"replies":[{"embeddable":true,"href":"https:\/\/www.monaco-tribune.com\/it\/wp-json\/wp\/v2\/comments?post=96414"}],"version-history":[{"count":0,"href":"https:\/\/www.monaco-tribune.com\/it\/wp-json\/wp\/v2\/posts\/96414\/revisions"}],"wp:featuredmedia":[{"embeddable":true,"href":"https:\/\/www.monaco-tribune.com\/it\/wp-json\/wp\/v2\/media\/96153"}],"wp:attachment":[{"href":"https:\/\/www.monaco-tribune.com\/it\/wp-json\/wp\/v2\/media?parent=96414"}],"wp:term":[{"taxonomy":"category","embeddable":true,"href":"https:\/\/www.monaco-tribune.com\/it\/wp-json\/wp\/v2\/categories?post=96414"},{"taxonomy":"post_tag","embeddable":true,"href":"https:\/\/www.monaco-tribune.com\/it\/wp-json\/wp\/v2\/tags?post=96414"},{"taxonomy":"sectag","embeddable":true,"href":"https:\/\/www.monaco-tribune.com\/it\/wp-json\/wp\/v2\/post_sectags?post=96414"},{"taxonomy":"format","embeddable":true,"href":"https:\/\/www.monaco-tribune.com\/it\/wp-json\/wp\/v2\/post_format?post=96414"}],"curies":[{"name":"wp","href":"https:\/\/api.w.org\/{rel}","templated":true}]}}