{"id":97726,"date":"2021-10-25T17:21:57","date_gmt":"2021-10-25T15:21:57","guid":{"rendered":"https:\/\/www.monaco-tribune.com\/2021\/10\/due-spettacoli-gratuiti-per-la-festa-nazionale-2021\/"},"modified":"2021-10-25T17:22:00","modified_gmt":"2021-10-25T15:22:00","slug":"due-spettacoli-gratuiti-per-la-festa-nazionale-2021","status":"publish","type":"post","link":"https:\/\/www.monaco-tribune.com\/it\/2021\/10\/due-spettacoli-gratuiti-per-la-festa-nazionale-2021\/","title":{"rendered":"Due spettacoli gratuiti per la Festa Nazionale 2021"},"content":{"rendered":"\n<p><strong>Il 10, il 18 e il 19 novembre si festegger\u00e0 la Festa nazionale 2021. Quest&#8217;anno, ci saranno due spettacoli gratuiti.<\/strong><\/p>\n\n<p>I festeggiamenti si avvicinano! Per celebrare la Festa nazionale con tutti gli abitanti, il Governo quest&#8217;anno propone due spettacoli gratuiti all&#8217;<a href=\"https:\/\/www.espaceleoferre.mc\/\">Espace L\u00e9o Ferr\u00e9<\/a>. Anche se non \u00e8 necessario acquistare il biglietto, \u00e8 comunque richiesto di prenotare il vostro posto in anticipo andando a ritirare l&#8217;invito.<\/p>\n\n<p>I cittadini monegaschi e i loro coniugi potranno ritirare l&#8217;invito all&#8217;Espace L\u00e9o Ferr\u00e9 mercoled\u00ec 27 ottobre dalle 9:00 alle 16:00, oppure gioved\u00ec 28 ottobre dalle 9:00 alle 16:00 insieme agli altri residenti. Attenzione, per\u00f2, il numero di posti \u00e8 limitato.<\/p>\n\n<h2 class=\"wp-block-heading\" id=\"h-gainsbourg-for-kids-et-la-com-die-musicale-improvis-e\">&#8220;Gainsbourg for Kids&#8221; e &#8220;La Com\u00e9die musicale improvis\u00e9e&#8221;.<\/h2>\n\n<p>In programma per mercoled\u00ec 10 novembre alle 15:00, uno spettacolo perfetto per tutta la famiglia. &#8220;Gainsbourg for Kids&#8221; render\u00e0 omaggio al grande cantante francese, reinterpretato dal trio di artisti Wanted Joe Dassin. Lo spettacolo \u00e8 aperto ai bambini a partire dai 6 anni, che dovranno essere accompagnati da un adulto.<\/p>\n\n<p>Il 18 e il 19 novembre si continua a suon di musica con &#8220;La Com\u00e9die musicale improvis\u00e9e&#8221;, sempre all&#8217;Espace L\u00e9o Ferr\u00e9. Sarete voi a decidere il tema della serata poco prima dello spettacolo: i dieci attori\/ballerini\/musicisti\/cantanti costruiranno lo spettacolo davanti ai vostri occhi. Un illustratore e un presentatore renderanno la performance ancora pi\u00f9 sorprendente!<\/p>\n","protected":false},"excerpt":{"rendered":"<p>Il 10, il 18 e il 19 novembre si festegger\u00e0 la Festa nazionale 2021. Quest&#8217;anno, ci saranno due spettacoli gratuiti. [&hellip;]<\/p>\n","protected":false},"author":57,"featured_media":97286,"comment_status":"closed","ping_status":"closed","sticky":false,"template":"","format":"standard","meta":{"_acf_changed":false,"footnotes":""},"categories":[1738],"tags":[],"post_sectags":[],"post_format":[2471],"class_list":["post-97726","post","type-post","status-publish","format-standard","has-post-thumbnail","hentry","category-notizie","format-evento"],"acf":[],"yoast_head":"<!-- This site is optimized with the Yoast SEO Premium plugin v27.5 (Yoast SEO v27.5) - https:\/\/yoast.com\/product\/yoast-seo-premium-wordpress\/ -->\n<title>Due spettacoli gratuiti per la Festa Nazionale 2021<\/title>\n<meta name=\"description\" content=\"Il 10, il 18 e il 19 novembre si festegger\u00e0 la Festa nazionale 2021. Quest&#039;anno, ci saranno due spettacoli gratuiti. I festeggiamenti si avvicinano! Per\" \/>\n<meta name=\"robots\" content=\"index, follow, max-snippet:-1, max-image-preview:large, max-video-preview:-1\" \/>\n<link rel=\"canonical\" href=\"https:\/\/www.monaco-tribune.com\/it\/2021\/10\/due-spettacoli-gratuiti-per-la-festa-nazionale-2021\/\" \/>\n<meta property=\"og:locale\" content=\"it_IT\" \/>\n<meta property=\"og:type\" content=\"article\" \/>\n<meta property=\"og:title\" content=\"Due spettacoli gratuiti per la Festa Nazionale 2021 - Monaco Tribune\" \/>\n<meta property=\"og:description\" content=\"Il 10, il 18 e il 19 novembre si festegger\u00e0 la Festa nazionale 2021. Quest&#039;anno, ci saranno due spettacoli gratuiti. I festeggiamenti si avvicinano! Per\" \/>\n<meta property=\"og:url\" content=\"https:\/\/www.monaco-tribune.com\/it\/2021\/10\/due-spettacoli-gratuiti-per-la-festa-nazionale-2021\/\" \/>\n<meta property=\"og:site_name\" content=\"Monaco Tribune\" \/>\n<meta property=\"article:publisher\" content=\"https:\/\/www.facebook.com\/MonacoTribune\" \/>\n<meta property=\"article:published_time\" content=\"2021-10-25T15:21:57+00:00\" \/>\n<meta property=\"article:modified_time\" content=\"2021-10-25T15:22:00+00:00\" \/>\n<meta property=\"og:image\" content=\"https:\/\/www.monaco-tribune.com\/wp-content\/uploads\/2021\/10\/1634823275.jpg\" \/>\n\t<meta property=\"og:image:width\" content=\"1000\" \/>\n\t<meta property=\"og:image:height\" content=\"666\" \/>\n\t<meta property=\"og:image:type\" content=\"image\/jpeg\" \/>\n<meta name=\"author\" content=\"Josepha Toquereau\" \/>\n<meta name=\"twitter:card\" content=\"summary_large_image\" \/>\n<meta name=\"twitter:creator\" content=\"@MonacoTribune\" \/>\n<meta name=\"twitter:site\" content=\"@MonacoTribune\" \/>\n<script type=\"application\/ld+json\" class=\"yoast-schema-graph\">{\"@context\":\"https:\\\/\\\/schema.org\",\"@graph\":[{\"@type\":\"NewsArticle\",\"@id\":\"https:\\\/\\\/www.monaco-tribune.com\\\/it\\\/2021\\\/10\\\/due-spettacoli-gratuiti-per-la-festa-nazionale-2021\\\/#article\",\"isPartOf\":{\"@id\":\"https:\\\/\\\/www.monaco-tribune.com\\\/it\\\/2021\\\/10\\\/due-spettacoli-gratuiti-per-la-festa-nazionale-2021\\\/\"},\"author\":{\"name\":\"Josepha Toquereau\",\"@id\":\"https:\\\/\\\/www.monaco-tribune.com\\\/it\\\/#\\\/schema\\\/person\\\/c8eeb5e36b6ed3782736273e5eb7d764\"},\"headline\":\"Due spettacoli gratuiti per la Festa Nazionale 2021\",\"datePublished\":\"2021-10-25T15:21:57+00:00\",\"dateModified\":\"2021-10-25T15:22:00+00:00\",\"mainEntityOfPage\":{\"@id\":\"https:\\\/\\\/www.monaco-tribune.com\\\/it\\\/2021\\\/10\\\/due-spettacoli-gratuiti-per-la-festa-nazionale-2021\\\/\"},\"wordCount\":222,\"publisher\":{\"@id\":\"https:\\\/\\\/www.monaco-tribune.com\\\/it\\\/#organization\"},\"image\":{\"@id\":\"https:\\\/\\\/www.monaco-tribune.com\\\/it\\\/2021\\\/10\\\/due-spettacoli-gratuiti-per-la-festa-nazionale-2021\\\/#primaryimage\"},\"thumbnailUrl\":\"https:\\\/\\\/www.monaco-tribune.com\\\/wp-content\\\/uploads\\\/2021\\\/10\\\/1634823275.jpg\",\"articleSection\":[\"Notizie\"],\"inLanguage\":\"it-IT\",\"copyrightYear\":\"2021\",\"copyrightHolder\":{\"@id\":\"https:\\\/\\\/www.monaco-tribune.com\\\/#organization\"}},{\"@type\":\"WebPage\",\"@id\":\"https:\\\/\\\/www.monaco-tribune.com\\\/it\\\/2021\\\/10\\\/due-spettacoli-gratuiti-per-la-festa-nazionale-2021\\\/\",\"url\":\"https:\\\/\\\/www.monaco-tribune.com\\\/it\\\/2021\\\/10\\\/due-spettacoli-gratuiti-per-la-festa-nazionale-2021\\\/\",\"name\":\"Due spettacoli gratuiti per la Festa Nazionale 2021\",\"isPartOf\":{\"@id\":\"https:\\\/\\\/www.monaco-tribune.com\\\/it\\\/#website\"},\"primaryImageOfPage\":{\"@id\":\"https:\\\/\\\/www.monaco-tribune.com\\\/it\\\/2021\\\/10\\\/due-spettacoli-gratuiti-per-la-festa-nazionale-2021\\\/#primaryimage\"},\"image\":{\"@id\":\"https:\\\/\\\/www.monaco-tribune.com\\\/it\\\/2021\\\/10\\\/due-spettacoli-gratuiti-per-la-festa-nazionale-2021\\\/#primaryimage\"},\"thumbnailUrl\":\"https:\\\/\\\/www.monaco-tribune.com\\\/wp-content\\\/uploads\\\/2021\\\/10\\\/1634823275.jpg\",\"datePublished\":\"2021-10-25T15:21:57+00:00\",\"dateModified\":\"2021-10-25T15:22:00+00:00\",\"description\":\"Il 10, il 18 e il 19 novembre si festegger\u00e0 la Festa nazionale 2021. Quest'anno, ci saranno due spettacoli gratuiti. I festeggiamenti si avvicinano! Per\",\"breadcrumb\":{\"@id\":\"https:\\\/\\\/www.monaco-tribune.com\\\/it\\\/2021\\\/10\\\/due-spettacoli-gratuiti-per-la-festa-nazionale-2021\\\/#breadcrumb\"},\"inLanguage\":\"it-IT\",\"potentialAction\":[{\"@type\":\"ReadAction\",\"target\":[\"https:\\\/\\\/www.monaco-tribune.com\\\/it\\\/2021\\\/10\\\/due-spettacoli-gratuiti-per-la-festa-nazionale-2021\\\/\"]}]},{\"@type\":\"ImageObject\",\"inLanguage\":\"it-IT\",\"@id\":\"https:\\\/\\\/www.monaco-tribune.com\\\/it\\\/2021\\\/10\\\/due-spettacoli-gratuiti-per-la-festa-nazionale-2021\\\/#primaryimage\",\"url\":\"https:\\\/\\\/www.monaco-tribune.com\\\/wp-content\\\/uploads\\\/2021\\\/10\\\/1634823275.jpg\",\"contentUrl\":\"https:\\\/\\\/www.monaco-tribune.com\\\/wp-content\\\/uploads\\\/2021\\\/10\\\/1634823275.jpg\",\"width\":1000,\"height\":666,\"caption\":\"Christine Coquilleau\"},{\"@type\":\"BreadcrumbList\",\"@id\":\"https:\\\/\\\/www.monaco-tribune.com\\\/it\\\/2021\\\/10\\\/due-spettacoli-gratuiti-per-la-festa-nazionale-2021\\\/#breadcrumb\",\"itemListElement\":[{\"@type\":\"ListItem\",\"position\":1,\"name\":\"Accueil\",\"item\":\"https:\\\/\\\/www.monaco-tribune.com\\\/it\\\/\"},{\"@type\":\"ListItem\",\"position\":2,\"name\":\"Due spettacoli gratuiti per la Festa Nazionale 2021\"}]},{\"@type\":\"WebSite\",\"@id\":\"https:\\\/\\\/www.monaco-tribune.com\\\/it\\\/#website\",\"url\":\"https:\\\/\\\/www.monaco-tribune.com\\\/it\\\/\",\"name\":\"Monaco Tribune\",\"description\":\"Monaco : actualit\u00e9s \u00e9conomiques, politiques, culturelles et sportives de Monaco et de la French Riviera.\",\"publisher\":{\"@id\":\"https:\\\/\\\/www.monaco-tribune.com\\\/it\\\/#organization\"},\"potentialAction\":[{\"@type\":\"SearchAction\",\"target\":{\"@type\":\"EntryPoint\",\"urlTemplate\":\"https:\\\/\\\/www.monaco-tribune.com\\\/it\\\/?s={search_term_string}\"},\"query-input\":{\"@type\":\"PropertyValueSpecification\",\"valueRequired\":true,\"valueName\":\"search_term_string\"}}],\"inLanguage\":\"it-IT\"},{\"@type\":\"Organization\",\"@id\":\"https:\\\/\\\/www.monaco-tribune.com\\\/it\\\/#organization\",\"name\":\"Monaco Tribune\",\"url\":\"https:\\\/\\\/www.monaco-tribune.com\\\/it\\\/\",\"logo\":{\"@type\":\"ImageObject\",\"inLanguage\":\"it-IT\",\"@id\":\"https:\\\/\\\/www.monaco-tribune.com\\\/it\\\/#\\\/schema\\\/logo\\\/image\\\/\",\"url\":\"https:\\\/\\\/www.monaco-tribune.com\\\/wp-content\\\/uploads\\\/2022\\\/11\\\/logo-monaco-tribune.png\",\"contentUrl\":\"https:\\\/\\\/www.monaco-tribune.com\\\/wp-content\\\/uploads\\\/2022\\\/11\\\/logo-monaco-tribune.png\",\"width\":1548,\"height\":600,\"caption\":\"Monaco Tribune\"},\"image\":{\"@id\":\"https:\\\/\\\/www.monaco-tribune.com\\\/it\\\/#\\\/schema\\\/logo\\\/image\\\/\"},\"sameAs\":[\"https:\\\/\\\/www.facebook.com\\\/MonacoTribune\",\"https:\\\/\\\/x.com\\\/MonacoTribune\",\"https:\\\/\\\/www.instagram.com\\\/monacotribune\\\/\",\"https:\\\/\\\/www.linkedin.com\\\/company\\\/monaco-tribune\",\"https:\\\/\\\/www.youtube.com\\\/channel\\\/UCHle1MnG6hw1y4lWKijVbMA\"]},{\"@type\":\"Person\",\"@id\":\"https:\\\/\\\/www.monaco-tribune.com\\\/it\\\/#\\\/schema\\\/person\\\/c8eeb5e36b6ed3782736273e5eb7d764\",\"name\":\"Josepha Toquereau\",\"image\":{\"@type\":\"ImageObject\",\"inLanguage\":\"it-IT\",\"@id\":\"https:\\\/\\\/secure.gravatar.com\\\/avatar\\\/3e06e87605717b00d3b9743f79fca038480454ef05226ef9de5dfa9577c3363f?s=96&d=mm&r=g\",\"url\":\"https:\\\/\\\/secure.gravatar.com\\\/avatar\\\/3e06e87605717b00d3b9743f79fca038480454ef05226ef9de5dfa9577c3363f?s=96&d=mm&r=g\",\"contentUrl\":\"https:\\\/\\\/secure.gravatar.com\\\/avatar\\\/3e06e87605717b00d3b9743f79fca038480454ef05226ef9de5dfa9577c3363f?s=96&d=mm&r=g\",\"caption\":\"Josepha Toquereau\"},\"url\":\"https:\\\/\\\/www.monaco-tribune.com\\\/it\\\/author\\\/josephatoquereau\\\/\"}]}<\/script>\n<!-- \/ Yoast SEO Premium plugin. -->","yoast_head_json":{"title":"Due spettacoli gratuiti per la Festa Nazionale 2021","description":"Il 10, il 18 e il 19 novembre si festegger\u00e0 la Festa nazionale 2021. Quest'anno, ci saranno due spettacoli gratuiti. I festeggiamenti si avvicinano! Per","robots":{"index":"index","follow":"follow","max-snippet":"max-snippet:-1","max-image-preview":"max-image-preview:large","max-video-preview":"max-video-preview:-1"},"canonical":"https:\/\/www.monaco-tribune.com\/it\/2021\/10\/due-spettacoli-gratuiti-per-la-festa-nazionale-2021\/","og_locale":"it_IT","og_type":"article","og_title":"Due spettacoli gratuiti per la Festa Nazionale 2021 - Monaco Tribune","og_description":"Il 10, il 18 e il 19 novembre si festegger\u00e0 la Festa nazionale 2021. Quest'anno, ci saranno due spettacoli gratuiti. I festeggiamenti si avvicinano! Per","og_url":"https:\/\/www.monaco-tribune.com\/it\/2021\/10\/due-spettacoli-gratuiti-per-la-festa-nazionale-2021\/","og_site_name":"Monaco Tribune","article_publisher":"https:\/\/www.facebook.com\/MonacoTribune","article_published_time":"2021-10-25T15:21:57+00:00","article_modified_time":"2021-10-25T15:22:00+00:00","og_image":[{"width":1000,"height":666,"url":"https:\/\/www.monaco-tribune.com\/wp-content\/uploads\/2021\/10\/1634823275.jpg","type":"image\/jpeg"}],"author":"Josepha Toquereau","twitter_card":"summary_large_image","twitter_creator":"@MonacoTribune","twitter_site":"@MonacoTribune","schema":{"@context":"https:\/\/schema.org","@graph":[{"@type":"NewsArticle","@id":"https:\/\/www.monaco-tribune.com\/it\/2021\/10\/due-spettacoli-gratuiti-per-la-festa-nazionale-2021\/#article","isPartOf":{"@id":"https:\/\/www.monaco-tribune.com\/it\/2021\/10\/due-spettacoli-gratuiti-per-la-festa-nazionale-2021\/"},"author":{"name":"Josepha Toquereau","@id":"https:\/\/www.monaco-tribune.com\/it\/#\/schema\/person\/c8eeb5e36b6ed3782736273e5eb7d764"},"headline":"Due spettacoli gratuiti per la Festa Nazionale 2021","datePublished":"2021-10-25T15:21:57+00:00","dateModified":"2021-10-25T15:22:00+00:00","mainEntityOfPage":{"@id":"https:\/\/www.monaco-tribune.com\/it\/2021\/10\/due-spettacoli-gratuiti-per-la-festa-nazionale-2021\/"},"wordCount":222,"publisher":{"@id":"https:\/\/www.monaco-tribune.com\/it\/#organization"},"image":{"@id":"https:\/\/www.monaco-tribune.com\/it\/2021\/10\/due-spettacoli-gratuiti-per-la-festa-nazionale-2021\/#primaryimage"},"thumbnailUrl":"https:\/\/www.monaco-tribune.com\/wp-content\/uploads\/2021\/10\/1634823275.jpg","articleSection":["Notizie"],"inLanguage":"it-IT","copyrightYear":"2021","copyrightHolder":{"@id":"https:\/\/www.monaco-tribune.com\/#organization"}},{"@type":"WebPage","@id":"https:\/\/www.monaco-tribune.com\/it\/2021\/10\/due-spettacoli-gratuiti-per-la-festa-nazionale-2021\/","url":"https:\/\/www.monaco-tribune.com\/it\/2021\/10\/due-spettacoli-gratuiti-per-la-festa-nazionale-2021\/","name":"Due spettacoli gratuiti per la Festa Nazionale 2021","isPartOf":{"@id":"https:\/\/www.monaco-tribune.com\/it\/#website"},"primaryImageOfPage":{"@id":"https:\/\/www.monaco-tribune.com\/it\/2021\/10\/due-spettacoli-gratuiti-per-la-festa-nazionale-2021\/#primaryimage"},"image":{"@id":"https:\/\/www.monaco-tribune.com\/it\/2021\/10\/due-spettacoli-gratuiti-per-la-festa-nazionale-2021\/#primaryimage"},"thumbnailUrl":"https:\/\/www.monaco-tribune.com\/wp-content\/uploads\/2021\/10\/1634823275.jpg","datePublished":"2021-10-25T15:21:57+00:00","dateModified":"2021-10-25T15:22:00+00:00","description":"Il 10, il 18 e il 19 novembre si festegger\u00e0 la Festa nazionale 2021. Quest'anno, ci saranno due spettacoli gratuiti. I festeggiamenti si avvicinano! Per","breadcrumb":{"@id":"https:\/\/www.monaco-tribune.com\/it\/2021\/10\/due-spettacoli-gratuiti-per-la-festa-nazionale-2021\/#breadcrumb"},"inLanguage":"it-IT","potentialAction":[{"@type":"ReadAction","target":["https:\/\/www.monaco-tribune.com\/it\/2021\/10\/due-spettacoli-gratuiti-per-la-festa-nazionale-2021\/"]}]},{"@type":"ImageObject","inLanguage":"it-IT","@id":"https:\/\/www.monaco-tribune.com\/it\/2021\/10\/due-spettacoli-gratuiti-per-la-festa-nazionale-2021\/#primaryimage","url":"https:\/\/www.monaco-tribune.com\/wp-content\/uploads\/2021\/10\/1634823275.jpg","contentUrl":"https:\/\/www.monaco-tribune.com\/wp-content\/uploads\/2021\/10\/1634823275.jpg","width":1000,"height":666,"caption":"Christine Coquilleau"},{"@type":"BreadcrumbList","@id":"https:\/\/www.monaco-tribune.com\/it\/2021\/10\/due-spettacoli-gratuiti-per-la-festa-nazionale-2021\/#breadcrumb","itemListElement":[{"@type":"ListItem","position":1,"name":"Accueil","item":"https:\/\/www.monaco-tribune.com\/it\/"},{"@type":"ListItem","position":2,"name":"Due spettacoli gratuiti per la Festa Nazionale 2021"}]},{"@type":"WebSite","@id":"https:\/\/www.monaco-tribune.com\/it\/#website","url":"https:\/\/www.monaco-tribune.com\/it\/","name":"Monaco Tribune","description":"Monaco : actualit\u00e9s \u00e9conomiques, politiques, culturelles et sportives de Monaco et de la French Riviera.","publisher":{"@id":"https:\/\/www.monaco-tribune.com\/it\/#organization"},"potentialAction":[{"@type":"SearchAction","target":{"@type":"EntryPoint","urlTemplate":"https:\/\/www.monaco-tribune.com\/it\/?s={search_term_string}"},"query-input":{"@type":"PropertyValueSpecification","valueRequired":true,"valueName":"search_term_string"}}],"inLanguage":"it-IT"},{"@type":"Organization","@id":"https:\/\/www.monaco-tribune.com\/it\/#organization","name":"Monaco Tribune","url":"https:\/\/www.monaco-tribune.com\/it\/","logo":{"@type":"ImageObject","inLanguage":"it-IT","@id":"https:\/\/www.monaco-tribune.com\/it\/#\/schema\/logo\/image\/","url":"https:\/\/www.monaco-tribune.com\/wp-content\/uploads\/2022\/11\/logo-monaco-tribune.png","contentUrl":"https:\/\/www.monaco-tribune.com\/wp-content\/uploads\/2022\/11\/logo-monaco-tribune.png","width":1548,"height":600,"caption":"Monaco Tribune"},"image":{"@id":"https:\/\/www.monaco-tribune.com\/it\/#\/schema\/logo\/image\/"},"sameAs":["https:\/\/www.facebook.com\/MonacoTribune","https:\/\/x.com\/MonacoTribune","https:\/\/www.instagram.com\/monacotribune\/","https:\/\/www.linkedin.com\/company\/monaco-tribune","https:\/\/www.youtube.com\/channel\/UCHle1MnG6hw1y4lWKijVbMA"]},{"@type":"Person","@id":"https:\/\/www.monaco-tribune.com\/it\/#\/schema\/person\/c8eeb5e36b6ed3782736273e5eb7d764","name":"Josepha Toquereau","image":{"@type":"ImageObject","inLanguage":"it-IT","@id":"https:\/\/secure.gravatar.com\/avatar\/3e06e87605717b00d3b9743f79fca038480454ef05226ef9de5dfa9577c3363f?s=96&d=mm&r=g","url":"https:\/\/secure.gravatar.com\/avatar\/3e06e87605717b00d3b9743f79fca038480454ef05226ef9de5dfa9577c3363f?s=96&d=mm&r=g","contentUrl":"https:\/\/secure.gravatar.com\/avatar\/3e06e87605717b00d3b9743f79fca038480454ef05226ef9de5dfa9577c3363f?s=96&d=mm&r=g","caption":"Josepha Toquereau"},"url":"https:\/\/www.monaco-tribune.com\/it\/author\/josephatoquereau\/"}]}},"_links":{"self":[{"href":"https:\/\/www.monaco-tribune.com\/it\/wp-json\/wp\/v2\/posts\/97726","targetHints":{"allow":["GET"]}}],"collection":[{"href":"https:\/\/www.monaco-tribune.com\/it\/wp-json\/wp\/v2\/posts"}],"about":[{"href":"https:\/\/www.monaco-tribune.com\/it\/wp-json\/wp\/v2\/types\/post"}],"author":[{"embeddable":true,"href":"https:\/\/www.monaco-tribune.com\/it\/wp-json\/wp\/v2\/users\/57"}],"replies":[{"embeddable":true,"href":"https:\/\/www.monaco-tribune.com\/it\/wp-json\/wp\/v2\/comments?post=97726"}],"version-history":[{"count":0,"href":"https:\/\/www.monaco-tribune.com\/it\/wp-json\/wp\/v2\/posts\/97726\/revisions"}],"wp:featuredmedia":[{"embeddable":true,"href":"https:\/\/www.monaco-tribune.com\/it\/wp-json\/wp\/v2\/media\/97286"}],"wp:attachment":[{"href":"https:\/\/www.monaco-tribune.com\/it\/wp-json\/wp\/v2\/media?parent=97726"}],"wp:term":[{"taxonomy":"category","embeddable":true,"href":"https:\/\/www.monaco-tribune.com\/it\/wp-json\/wp\/v2\/categories?post=97726"},{"taxonomy":"post_tag","embeddable":true,"href":"https:\/\/www.monaco-tribune.com\/it\/wp-json\/wp\/v2\/tags?post=97726"},{"taxonomy":"sectag","embeddable":true,"href":"https:\/\/www.monaco-tribune.com\/it\/wp-json\/wp\/v2\/post_sectags?post=97726"},{"taxonomy":"format","embeddable":true,"href":"https:\/\/www.monaco-tribune.com\/it\/wp-json\/wp\/v2\/post_format?post=97726"}],"curies":[{"name":"wp","href":"https:\/\/api.w.org\/{rel}","templated":true}]}}