{"id":97980,"date":"2021-10-27T15:46:07","date_gmt":"2021-10-27T13:46:07","guid":{"rendered":"https:\/\/www.monaco-tribune.com\/2021\/10\/bilancio-suppletivo-e-case-popolari-i-punti-salienti-delle-sedute-di-ottobre-del-consiglio-nazionale\/"},"modified":"2021-10-27T15:46:13","modified_gmt":"2021-10-27T13:46:13","slug":"bilancio-suppletivo-e-case-popolari-i-punti-salienti-delle-sedute-di-ottobre-del-consiglio-nazionale","status":"publish","type":"post","link":"https:\/\/www.monaco-tribune.com\/it\/2021\/10\/bilancio-suppletivo-e-case-popolari-i-punti-salienti-delle-sedute-di-ottobre-del-consiglio-nazionale\/","title":{"rendered":"Bilancio suppletivo e case popolari. I punti salienti delle sedute di ottobre del Consiglio Nazionale"},"content":{"rendered":"\n<p><strong>Durante le prime settimane di ottobre, il Consiglio nazionale di Monaco si \u00e8 riunito per votare, tra le altre cose, il bilancio suppletivo per il 2021. Il deficit di 71,5 milioni di euro dello scorso giugno \u00e8 sceso a 8,8 milioni.<\/strong><\/p>\n\n<h2 class=\"wp-block-heading\" id=\"h-un-budget-presque-l-quilibre\">Un bilancio quasi&#8230; bilanciato<\/h2>\n\n<p>Questa inversione di tendenza \u00e8 dovuta a un aumento delle entrate del Principato pari al 17%, grazie alla stagione estiva, all&#8217;IVA sugli immobili e alle entrate del settore finanziario.<\/p>\n\n<p>Le spese, invece, sono principalmente legate alla pandemia, anche se i costi delle attrezzature e degli investimenti sono stati particolarmente elevati quest&#8217;anno, soprattutto con la consegna del complesso del Larvotto.<\/p>\n\n<p>A proposito della pandemia, le diverse Contabilit\u00e0 speciali del Tesoro (CST) sono state mobilitate per coprire le spese delle misure sociali, ovvero i\u00a0<a href=\"https:\/\/www.monaco-tribune.com\/it\/2020\/09\/75-milioni-di-euro-per-rilanciare-leconomia-monegasca\/\">Fondi Bianco, Rosso e Bianco, Blu e il Fondo Verde Nazionale<\/a>. Spese che hanno aperto un dibattito tra il Presidente del Consiglio Nazionale, il Presidente della Commissione delle Finanze e dell&#8217;Economia Nazionale, il Ministro delle Finanze e dell&#8217;Economia e il Direttore del Bilancio e del Tesoro. Il motivo? Le iscrizioni in bilancio provvisorie hanno registrato un saldo negativo di 185 milioni di euro.<\/p>\n\n<p>Tuttavia, St\u00e9phane Valeri, presidente del Consiglio nazionale, ritiene che grazie alle entrate generate, questo budget &#8220;che conta 9 milioni aggiunti a un conto speciale della tesoreria, rappresenta in definitiva un bilancio equilibrato per il 2021&#8221;.<\/p>\n\n<p>St\u00e9phane Valeri ha anche espresso la sua gioia nell&#8217;assistere a una relazione &#8220;pacifica ed efficiente&#8221; tra il governo del Principe e il Consiglio Nazionale.<\/p>\n\n<div class=\"wp-block-image\"><figure class=\"aligncenter size-large\"><img loading=\"lazy\" decoding=\"async\" width=\"1024\" height=\"683\" src=\"https:\/\/www.monaco-tribune.com\/wp-content\/uploads\/2021\/10\/conseil-national-3-1024x683.jpeg\" alt=\"Consiglio nazionale di Monaco\" class=\"wp-image-97609\" srcset=\"https:\/\/www.monaco-tribune.com\/wp-content\/uploads\/2021\/10\/conseil-national-3-1024x683.jpeg 1024w, https:\/\/www.monaco-tribune.com\/wp-content\/uploads\/2021\/10\/conseil-national-3-450x300.jpeg 450w, https:\/\/www.monaco-tribune.com\/wp-content\/uploads\/2021\/10\/conseil-national-3-225x150.jpeg 225w, https:\/\/www.monaco-tribune.com\/wp-content\/uploads\/2021\/10\/conseil-national-3-768x512.jpeg 768w, https:\/\/www.monaco-tribune.com\/wp-content\/uploads\/2021\/10\/conseil-national-3-175x117.jpeg 175w, https:\/\/www.monaco-tribune.com\/wp-content\/uploads\/2021\/10\/conseil-national-3.jpeg 1200w\" sizes=\"auto, (max-width: 1024px) 100vw, 1024px\" \/><figcaption><em>\u00a9 Consiglio nazionale<\/em><\/figcaption><\/figure><\/div>\n\n<p><strong>&gt;&gt; LEGGI ANCHE: <\/strong><a href=\"https:\/\/www.monaco-tribune.com\/it\/2021\/10\/verso-la-regolamentazione-degli-agenti-immobiliari\/\">Verso la regolamentazione degli agenti immobiliari<\/a><\/p>\n\n<h2 class=\"has-text-align-center wp-block-heading\" id=\"h-600-logements-livr-s-d-ici-2023\">600 case da consegnare entro il 2023<\/h2>\n\n<p>Oltre alle discussioni sull&#8217;equilibrio del bilancio, in aula sono stati esaminati diversi punti. In particolare, \u00e8 stata confermata la consegna di pi\u00f9 di 600 case popolari entro il 2023. Gli appartamenti Testimonio II, II bis e quelli del Palais Honoria saranno consegnati con cucine completamente attrezzate per facilitare e accelerare il processo.<\/p>\n\n<h2 class=\"has-text-align-center wp-block-heading\" id=\"h-l-op-ration-carlo-reconduite-en-d-cembre\">L&#8217;operazione &#8220;CARLO&#8221; ricomincia a dicembre<\/h2>\n\n<p>Anche l&#8217;operazione &#8220;CARLO&#8221; sar\u00e0 rinnovata alla fine del 2021 con le stesse modalit\u00e0 dell&#8217;anno scorso. Questa iniziativa &#8220;garantisce che il bonus venga speso esclusivamente nei negozi di Monaco, e quindi inietta immediatamente nuova moneta nell&#8217;economia locale&#8221;. Grazie a questo bonus d&#8217;eccezione, all&#8217;inizio di dicembre saranno distribuiti tra tutti i dipendenti pubblici 6,5 milioni di euro, sotto forma di buoni d&#8217;acquisto e da spendere nei negozi monegaschi.<\/p>\n\n<p><strong>&gt;&gt; LEGGI ANCHE: <\/strong><a href=\"https:\/\/www.monaco-tribune.com\/it\/2021\/04\/carlo-app-cosi-riparte-leconomia-locale-di-monaco\/\">Carlo App: cos\u00ec riparte l\u2019economia locale di Monaco<\/a><\/p>\n\n<h2 class=\"has-text-align-center wp-block-heading\" id=\"h-le-ticket-mod-rateur-au-coeur-des-d-bats\">Il ticket al centro del dibattito<\/h2>\n\n<p>Sempre a proposito della pandemia, un altro argomento che ha suscitato un vivace dibattito \u00e8 stato il ticket che permette ai pensionati del CHPG che vivono in Francia di essere coperti al 100% quando ricevono cure mediche nel centro ospedaliero monegasco. St\u00e9phane Valeri ha chiesto &#8220;un&#8217;inversione di questa misura che non \u00e8 giustificata, soprattutto perch\u00e9 \u00e8 stata presa senza consultare i rappresentanti del personale&#8221;.<\/p>\n\n<h2 class=\"has-text-align-center wp-block-heading\" id=\"h-les-bus-gratuits-monaco\">Autobus gratuiti a Monaco<\/h2>\n\n<p>Un altro argomento discusso dal Consiglio Nazionale \u00e8 stato l&#8217;uso gratuito degli autobus nel Principato. Il dispositivo \u00e8 stato approvato dal governo, ma i test sono stati rinviati a causa della pandemia. Il presidente del Consiglio ha suggerito di testare gli autobus gratuiti ad aprile\/maggio 2022. Il ministro Pierre Dartout ha inoltre proposto diversi progetti per migliorare il servizio.<\/p>\n\n<h2 class=\"has-text-align-center wp-block-heading\" id=\"h-le-traitement-des-d-chets-un-enjeu-multiple\">Trattamento dei rifiuti: &#8220;una sfida su pi\u00f9 fronti&#8221;<\/h2>\n\n<p>Infine, uno dei punti salienti \u00e8 stato l&#8217;ambiente. St\u00e9phane Valeri ha parlato della ricostruzione dell&#8217;impianto di trattamento dei rifiuti: &#8220;\u00c8 una sfida su pi\u00f9 fronti: la sovranit\u00e0, la qualit\u00e0 dell&#8217;aria, le questioni economiche, il rendimento energetico e, naturalmente, il rispetto degli impegni presi dal nostro paese nei confronti dell&#8217;ambiente.&#8221; Da parte sua, Pierre Dartout ha affermato che la cooperazione con la Francia \u00e8 essenziale, visto che ogni anno 400.000 tonnellate di rifiuti dei cantieri monegaschi sono inviati nel paese.<\/p>\n\n<p><strong>&gt;&gt; LEGGI ANCHE: <\/strong><a href=\"https:\/\/www.monaco-tribune.com\/it\/2021\/10\/sviluppo-sostenibile-5-punti-chiave-della-conferenza-sulla-transizione-energetica-di-monaco\/\">Sviluppo sostenibile: 5 punti chiave della conferenza sulla transizione energetica di Monaco<\/a><\/p>\n\n<p> <\/p>\n","protected":false},"excerpt":{"rendered":"<p>Durante le prime settimane di ottobre, il Consiglio nazionale di Monaco si \u00e8 riunito per votare, tra le altre cose, [&hellip;]<\/p>\n","protected":false},"author":60,"featured_media":97605,"comment_status":"closed","ping_status":"closed","sticky":false,"template":"","format":"standard","meta":{"_acf_changed":false,"footnotes":""},"categories":[1826,1738,1752],"tags":[],"post_sectags":[],"post_format":[2486],"class_list":["post-97980","post","type-post","status-publish","format-standard","has-post-thumbnail","hentry","category-la-nostra-scelta","category-notizie","category-societa","format-servizio"],"acf":[],"yoast_head":"<!-- This site is optimized with the Yoast SEO Premium plugin v26.8 (Yoast SEO v27.4) - https:\/\/yoast.com\/product\/yoast-seo-premium-wordpress\/ -->\n<title>Bilancio suppletivo e case popolari. I punti salienti delle sedute di ottobre del Consiglio Nazionale<\/title>\n<meta name=\"description\" content=\"Durante le prime settimane di ottobre, il Consiglio nazionale di Monaco si \u00e8 riunito per votare, tra le altre cose, il bilancio suppletivo per il 2021. Il\" \/>\n<meta name=\"robots\" content=\"index, follow, max-snippet:-1, max-image-preview:large, max-video-preview:-1\" \/>\n<link rel=\"canonical\" href=\"https:\/\/www.monaco-tribune.com\/it\/2021\/10\/bilancio-suppletivo-e-case-popolari-i-punti-salienti-delle-sedute-di-ottobre-del-consiglio-nazionale\/\" \/>\n<meta property=\"og:locale\" content=\"it_IT\" \/>\n<meta property=\"og:type\" content=\"article\" \/>\n<meta property=\"og:title\" content=\"Bilancio suppletivo e case popolari. I punti salienti delle sedute di ottobre del Consiglio Nazionale - Monaco Tribune\" \/>\n<meta property=\"og:description\" content=\"Durante le prime settimane di ottobre, il Consiglio nazionale di Monaco si \u00e8 riunito per votare, tra le altre cose, il bilancio suppletivo per il 2021. Il\" \/>\n<meta property=\"og:url\" content=\"https:\/\/www.monaco-tribune.com\/it\/2021\/10\/bilancio-suppletivo-e-case-popolari-i-punti-salienti-delle-sedute-di-ottobre-del-consiglio-nazionale\/\" \/>\n<meta property=\"og:site_name\" content=\"Monaco Tribune\" \/>\n<meta property=\"article:publisher\" content=\"https:\/\/www.facebook.com\/MonacoTribune\" \/>\n<meta property=\"article:published_time\" content=\"2021-10-27T13:46:07+00:00\" \/>\n<meta property=\"article:modified_time\" content=\"2021-10-27T13:46:13+00:00\" \/>\n<meta property=\"og:image\" content=\"https:\/\/www.monaco-tribune.com\/wp-content\/uploads\/2021\/10\/conseil-national-2.jpeg\" \/>\n\t<meta property=\"og:image:width\" content=\"1200\" \/>\n\t<meta property=\"og:image:height\" content=\"800\" \/>\n\t<meta property=\"og:image:type\" content=\"image\/jpeg\" \/>\n<meta name=\"author\" content=\"Camille Esteve\" \/>\n<meta name=\"twitter:card\" content=\"summary_large_image\" \/>\n<meta name=\"twitter:creator\" content=\"@MonacoTribune\" \/>\n<meta name=\"twitter:site\" content=\"@MonacoTribune\" \/>\n<script type=\"application\/ld+json\" class=\"yoast-schema-graph\">{\"@context\":\"https:\\\/\\\/schema.org\",\"@graph\":[{\"@type\":\"NewsArticle\",\"@id\":\"https:\\\/\\\/www.monaco-tribune.com\\\/it\\\/2021\\\/10\\\/bilancio-suppletivo-e-case-popolari-i-punti-salienti-delle-sedute-di-ottobre-del-consiglio-nazionale\\\/#article\",\"isPartOf\":{\"@id\":\"https:\\\/\\\/www.monaco-tribune.com\\\/it\\\/2021\\\/10\\\/bilancio-suppletivo-e-case-popolari-i-punti-salienti-delle-sedute-di-ottobre-del-consiglio-nazionale\\\/\"},\"author\":{\"name\":\"Camille Esteve\",\"@id\":\"https:\\\/\\\/www.monaco-tribune.com\\\/it\\\/#\\\/schema\\\/person\\\/a855d420fff4d03637641d60b93ac62e\"},\"headline\":\"Bilancio suppletivo e case popolari. I punti salienti delle sedute di ottobre del Consiglio Nazionale\",\"datePublished\":\"2021-10-27T13:46:07+00:00\",\"dateModified\":\"2021-10-27T13:46:13+00:00\",\"mainEntityOfPage\":{\"@id\":\"https:\\\/\\\/www.monaco-tribune.com\\\/it\\\/2021\\\/10\\\/bilancio-suppletivo-e-case-popolari-i-punti-salienti-delle-sedute-di-ottobre-del-consiglio-nazionale\\\/\"},\"wordCount\":650,\"publisher\":{\"@id\":\"https:\\\/\\\/www.monaco-tribune.com\\\/it\\\/#organization\"},\"image\":{\"@id\":\"https:\\\/\\\/www.monaco-tribune.com\\\/it\\\/2021\\\/10\\\/bilancio-suppletivo-e-case-popolari-i-punti-salienti-delle-sedute-di-ottobre-del-consiglio-nazionale\\\/#primaryimage\"},\"thumbnailUrl\":\"https:\\\/\\\/www.monaco-tribune.com\\\/wp-content\\\/uploads\\\/2021\\\/10\\\/conseil-national-2.jpeg\",\"articleSection\":[\"La nostra scelta\",\"Notizie\",\"Societ\u00e0\"],\"inLanguage\":\"it-IT\",\"copyrightYear\":\"2021\",\"copyrightHolder\":{\"@id\":\"https:\\\/\\\/www.monaco-tribune.com\\\/#organization\"}},{\"@type\":\"WebPage\",\"@id\":\"https:\\\/\\\/www.monaco-tribune.com\\\/it\\\/2021\\\/10\\\/bilancio-suppletivo-e-case-popolari-i-punti-salienti-delle-sedute-di-ottobre-del-consiglio-nazionale\\\/\",\"url\":\"https:\\\/\\\/www.monaco-tribune.com\\\/it\\\/2021\\\/10\\\/bilancio-suppletivo-e-case-popolari-i-punti-salienti-delle-sedute-di-ottobre-del-consiglio-nazionale\\\/\",\"name\":\"Bilancio suppletivo e case popolari. I punti salienti delle sedute di ottobre del Consiglio Nazionale\",\"isPartOf\":{\"@id\":\"https:\\\/\\\/www.monaco-tribune.com\\\/it\\\/#website\"},\"primaryImageOfPage\":{\"@id\":\"https:\\\/\\\/www.monaco-tribune.com\\\/it\\\/2021\\\/10\\\/bilancio-suppletivo-e-case-popolari-i-punti-salienti-delle-sedute-di-ottobre-del-consiglio-nazionale\\\/#primaryimage\"},\"image\":{\"@id\":\"https:\\\/\\\/www.monaco-tribune.com\\\/it\\\/2021\\\/10\\\/bilancio-suppletivo-e-case-popolari-i-punti-salienti-delle-sedute-di-ottobre-del-consiglio-nazionale\\\/#primaryimage\"},\"thumbnailUrl\":\"https:\\\/\\\/www.monaco-tribune.com\\\/wp-content\\\/uploads\\\/2021\\\/10\\\/conseil-national-2.jpeg\",\"datePublished\":\"2021-10-27T13:46:07+00:00\",\"dateModified\":\"2021-10-27T13:46:13+00:00\",\"description\":\"Durante le prime settimane di ottobre, il Consiglio nazionale di Monaco si \u00e8 riunito per votare, tra le altre cose, il bilancio suppletivo per il 2021. Il\",\"breadcrumb\":{\"@id\":\"https:\\\/\\\/www.monaco-tribune.com\\\/it\\\/2021\\\/10\\\/bilancio-suppletivo-e-case-popolari-i-punti-salienti-delle-sedute-di-ottobre-del-consiglio-nazionale\\\/#breadcrumb\"},\"inLanguage\":\"it-IT\",\"potentialAction\":[{\"@type\":\"ReadAction\",\"target\":[\"https:\\\/\\\/www.monaco-tribune.com\\\/it\\\/2021\\\/10\\\/bilancio-suppletivo-e-case-popolari-i-punti-salienti-delle-sedute-di-ottobre-del-consiglio-nazionale\\\/\"]}]},{\"@type\":\"ImageObject\",\"inLanguage\":\"it-IT\",\"@id\":\"https:\\\/\\\/www.monaco-tribune.com\\\/it\\\/2021\\\/10\\\/bilancio-suppletivo-e-case-popolari-i-punti-salienti-delle-sedute-di-ottobre-del-consiglio-nazionale\\\/#primaryimage\",\"url\":\"https:\\\/\\\/www.monaco-tribune.com\\\/wp-content\\\/uploads\\\/2021\\\/10\\\/conseil-national-2.jpeg\",\"contentUrl\":\"https:\\\/\\\/www.monaco-tribune.com\\\/wp-content\\\/uploads\\\/2021\\\/10\\\/conseil-national-2.jpeg\",\"width\":1200,\"height\":800,\"caption\":\"Conseil national\"},{\"@type\":\"BreadcrumbList\",\"@id\":\"https:\\\/\\\/www.monaco-tribune.com\\\/it\\\/2021\\\/10\\\/bilancio-suppletivo-e-case-popolari-i-punti-salienti-delle-sedute-di-ottobre-del-consiglio-nazionale\\\/#breadcrumb\",\"itemListElement\":[{\"@type\":\"ListItem\",\"position\":1,\"name\":\"Accueil\",\"item\":\"https:\\\/\\\/www.monaco-tribune.com\\\/it\\\/\"},{\"@type\":\"ListItem\",\"position\":2,\"name\":\"Bilancio suppletivo e case popolari. I punti salienti delle sedute di ottobre del Consiglio Nazionale\"}]},{\"@type\":\"WebSite\",\"@id\":\"https:\\\/\\\/www.monaco-tribune.com\\\/it\\\/#website\",\"url\":\"https:\\\/\\\/www.monaco-tribune.com\\\/it\\\/\",\"name\":\"Monaco Tribune\",\"description\":\"Monaco : actualit\u00e9s \u00e9conomiques, politiques, culturelles et sportives de Monaco et de la French Riviera.\",\"publisher\":{\"@id\":\"https:\\\/\\\/www.monaco-tribune.com\\\/it\\\/#organization\"},\"potentialAction\":[{\"@type\":\"SearchAction\",\"target\":{\"@type\":\"EntryPoint\",\"urlTemplate\":\"https:\\\/\\\/www.monaco-tribune.com\\\/it\\\/?s={search_term_string}\"},\"query-input\":{\"@type\":\"PropertyValueSpecification\",\"valueRequired\":true,\"valueName\":\"search_term_string\"}}],\"inLanguage\":\"it-IT\"},{\"@type\":\"Organization\",\"@id\":\"https:\\\/\\\/www.monaco-tribune.com\\\/it\\\/#organization\",\"name\":\"Monaco Tribune\",\"url\":\"https:\\\/\\\/www.monaco-tribune.com\\\/it\\\/\",\"logo\":{\"@type\":\"ImageObject\",\"inLanguage\":\"it-IT\",\"@id\":\"https:\\\/\\\/www.monaco-tribune.com\\\/it\\\/#\\\/schema\\\/logo\\\/image\\\/\",\"url\":\"https:\\\/\\\/www.monaco-tribune.com\\\/wp-content\\\/uploads\\\/2022\\\/11\\\/logo-monaco-tribune.png\",\"contentUrl\":\"https:\\\/\\\/www.monaco-tribune.com\\\/wp-content\\\/uploads\\\/2022\\\/11\\\/logo-monaco-tribune.png\",\"width\":1548,\"height\":600,\"caption\":\"Monaco Tribune\"},\"image\":{\"@id\":\"https:\\\/\\\/www.monaco-tribune.com\\\/it\\\/#\\\/schema\\\/logo\\\/image\\\/\"},\"sameAs\":[\"https:\\\/\\\/www.facebook.com\\\/MonacoTribune\",\"https:\\\/\\\/x.com\\\/MonacoTribune\",\"https:\\\/\\\/www.instagram.com\\\/monacotribune\\\/\",\"https:\\\/\\\/www.linkedin.com\\\/company\\\/monaco-tribune\",\"https:\\\/\\\/www.youtube.com\\\/channel\\\/UCHle1MnG6hw1y4lWKijVbMA\"]},{\"@type\":\"Person\",\"@id\":\"https:\\\/\\\/www.monaco-tribune.com\\\/it\\\/#\\\/schema\\\/person\\\/a855d420fff4d03637641d60b93ac62e\",\"name\":\"Camille Esteve\",\"image\":{\"@type\":\"ImageObject\",\"inLanguage\":\"it-IT\",\"@id\":\"https:\\\/\\\/secure.gravatar.com\\\/avatar\\\/eaaa2355a7bb56c0018a391c20a55bf9b4690e3f493231dd850e612bfa6ce161?s=96&d=mm&r=g\",\"url\":\"https:\\\/\\\/secure.gravatar.com\\\/avatar\\\/eaaa2355a7bb56c0018a391c20a55bf9b4690e3f493231dd850e612bfa6ce161?s=96&d=mm&r=g\",\"contentUrl\":\"https:\\\/\\\/secure.gravatar.com\\\/avatar\\\/eaaa2355a7bb56c0018a391c20a55bf9b4690e3f493231dd850e612bfa6ce161?s=96&d=mm&r=g\",\"caption\":\"Camille Esteve\"},\"url\":\"https:\\\/\\\/www.monaco-tribune.com\\\/it\\\/author\\\/camilleesteve\\\/\"}]}<\/script>\n<!-- \/ Yoast SEO Premium plugin. -->","yoast_head_json":{"title":"Bilancio suppletivo e case popolari. I punti salienti delle sedute di ottobre del Consiglio Nazionale","description":"Durante le prime settimane di ottobre, il Consiglio nazionale di Monaco si \u00e8 riunito per votare, tra le altre cose, il bilancio suppletivo per il 2021. Il","robots":{"index":"index","follow":"follow","max-snippet":"max-snippet:-1","max-image-preview":"max-image-preview:large","max-video-preview":"max-video-preview:-1"},"canonical":"https:\/\/www.monaco-tribune.com\/it\/2021\/10\/bilancio-suppletivo-e-case-popolari-i-punti-salienti-delle-sedute-di-ottobre-del-consiglio-nazionale\/","og_locale":"it_IT","og_type":"article","og_title":"Bilancio suppletivo e case popolari. I punti salienti delle sedute di ottobre del Consiglio Nazionale - Monaco Tribune","og_description":"Durante le prime settimane di ottobre, il Consiglio nazionale di Monaco si \u00e8 riunito per votare, tra le altre cose, il bilancio suppletivo per il 2021. Il","og_url":"https:\/\/www.monaco-tribune.com\/it\/2021\/10\/bilancio-suppletivo-e-case-popolari-i-punti-salienti-delle-sedute-di-ottobre-del-consiglio-nazionale\/","og_site_name":"Monaco Tribune","article_publisher":"https:\/\/www.facebook.com\/MonacoTribune","article_published_time":"2021-10-27T13:46:07+00:00","article_modified_time":"2021-10-27T13:46:13+00:00","og_image":[{"width":1200,"height":800,"url":"https:\/\/www.monaco-tribune.com\/wp-content\/uploads\/2021\/10\/conseil-national-2.jpeg","type":"image\/jpeg"}],"author":"Camille Esteve","twitter_card":"summary_large_image","twitter_creator":"@MonacoTribune","twitter_site":"@MonacoTribune","schema":{"@context":"https:\/\/schema.org","@graph":[{"@type":"NewsArticle","@id":"https:\/\/www.monaco-tribune.com\/it\/2021\/10\/bilancio-suppletivo-e-case-popolari-i-punti-salienti-delle-sedute-di-ottobre-del-consiglio-nazionale\/#article","isPartOf":{"@id":"https:\/\/www.monaco-tribune.com\/it\/2021\/10\/bilancio-suppletivo-e-case-popolari-i-punti-salienti-delle-sedute-di-ottobre-del-consiglio-nazionale\/"},"author":{"name":"Camille Esteve","@id":"https:\/\/www.monaco-tribune.com\/it\/#\/schema\/person\/a855d420fff4d03637641d60b93ac62e"},"headline":"Bilancio suppletivo e case popolari. I punti salienti delle sedute di ottobre del Consiglio Nazionale","datePublished":"2021-10-27T13:46:07+00:00","dateModified":"2021-10-27T13:46:13+00:00","mainEntityOfPage":{"@id":"https:\/\/www.monaco-tribune.com\/it\/2021\/10\/bilancio-suppletivo-e-case-popolari-i-punti-salienti-delle-sedute-di-ottobre-del-consiglio-nazionale\/"},"wordCount":650,"publisher":{"@id":"https:\/\/www.monaco-tribune.com\/it\/#organization"},"image":{"@id":"https:\/\/www.monaco-tribune.com\/it\/2021\/10\/bilancio-suppletivo-e-case-popolari-i-punti-salienti-delle-sedute-di-ottobre-del-consiglio-nazionale\/#primaryimage"},"thumbnailUrl":"https:\/\/www.monaco-tribune.com\/wp-content\/uploads\/2021\/10\/conseil-national-2.jpeg","articleSection":["La nostra scelta","Notizie","Societ\u00e0"],"inLanguage":"it-IT","copyrightYear":"2021","copyrightHolder":{"@id":"https:\/\/www.monaco-tribune.com\/#organization"}},{"@type":"WebPage","@id":"https:\/\/www.monaco-tribune.com\/it\/2021\/10\/bilancio-suppletivo-e-case-popolari-i-punti-salienti-delle-sedute-di-ottobre-del-consiglio-nazionale\/","url":"https:\/\/www.monaco-tribune.com\/it\/2021\/10\/bilancio-suppletivo-e-case-popolari-i-punti-salienti-delle-sedute-di-ottobre-del-consiglio-nazionale\/","name":"Bilancio suppletivo e case popolari. I punti salienti delle sedute di ottobre del Consiglio Nazionale","isPartOf":{"@id":"https:\/\/www.monaco-tribune.com\/it\/#website"},"primaryImageOfPage":{"@id":"https:\/\/www.monaco-tribune.com\/it\/2021\/10\/bilancio-suppletivo-e-case-popolari-i-punti-salienti-delle-sedute-di-ottobre-del-consiglio-nazionale\/#primaryimage"},"image":{"@id":"https:\/\/www.monaco-tribune.com\/it\/2021\/10\/bilancio-suppletivo-e-case-popolari-i-punti-salienti-delle-sedute-di-ottobre-del-consiglio-nazionale\/#primaryimage"},"thumbnailUrl":"https:\/\/www.monaco-tribune.com\/wp-content\/uploads\/2021\/10\/conseil-national-2.jpeg","datePublished":"2021-10-27T13:46:07+00:00","dateModified":"2021-10-27T13:46:13+00:00","description":"Durante le prime settimane di ottobre, il Consiglio nazionale di Monaco si \u00e8 riunito per votare, tra le altre cose, il bilancio suppletivo per il 2021. Il","breadcrumb":{"@id":"https:\/\/www.monaco-tribune.com\/it\/2021\/10\/bilancio-suppletivo-e-case-popolari-i-punti-salienti-delle-sedute-di-ottobre-del-consiglio-nazionale\/#breadcrumb"},"inLanguage":"it-IT","potentialAction":[{"@type":"ReadAction","target":["https:\/\/www.monaco-tribune.com\/it\/2021\/10\/bilancio-suppletivo-e-case-popolari-i-punti-salienti-delle-sedute-di-ottobre-del-consiglio-nazionale\/"]}]},{"@type":"ImageObject","inLanguage":"it-IT","@id":"https:\/\/www.monaco-tribune.com\/it\/2021\/10\/bilancio-suppletivo-e-case-popolari-i-punti-salienti-delle-sedute-di-ottobre-del-consiglio-nazionale\/#primaryimage","url":"https:\/\/www.monaco-tribune.com\/wp-content\/uploads\/2021\/10\/conseil-national-2.jpeg","contentUrl":"https:\/\/www.monaco-tribune.com\/wp-content\/uploads\/2021\/10\/conseil-national-2.jpeg","width":1200,"height":800,"caption":"Conseil national"},{"@type":"BreadcrumbList","@id":"https:\/\/www.monaco-tribune.com\/it\/2021\/10\/bilancio-suppletivo-e-case-popolari-i-punti-salienti-delle-sedute-di-ottobre-del-consiglio-nazionale\/#breadcrumb","itemListElement":[{"@type":"ListItem","position":1,"name":"Accueil","item":"https:\/\/www.monaco-tribune.com\/it\/"},{"@type":"ListItem","position":2,"name":"Bilancio suppletivo e case popolari. I punti salienti delle sedute di ottobre del Consiglio Nazionale"}]},{"@type":"WebSite","@id":"https:\/\/www.monaco-tribune.com\/it\/#website","url":"https:\/\/www.monaco-tribune.com\/it\/","name":"Monaco Tribune","description":"Monaco : actualit\u00e9s \u00e9conomiques, politiques, culturelles et sportives de Monaco et de la French Riviera.","publisher":{"@id":"https:\/\/www.monaco-tribune.com\/it\/#organization"},"potentialAction":[{"@type":"SearchAction","target":{"@type":"EntryPoint","urlTemplate":"https:\/\/www.monaco-tribune.com\/it\/?s={search_term_string}"},"query-input":{"@type":"PropertyValueSpecification","valueRequired":true,"valueName":"search_term_string"}}],"inLanguage":"it-IT"},{"@type":"Organization","@id":"https:\/\/www.monaco-tribune.com\/it\/#organization","name":"Monaco Tribune","url":"https:\/\/www.monaco-tribune.com\/it\/","logo":{"@type":"ImageObject","inLanguage":"it-IT","@id":"https:\/\/www.monaco-tribune.com\/it\/#\/schema\/logo\/image\/","url":"https:\/\/www.monaco-tribune.com\/wp-content\/uploads\/2022\/11\/logo-monaco-tribune.png","contentUrl":"https:\/\/www.monaco-tribune.com\/wp-content\/uploads\/2022\/11\/logo-monaco-tribune.png","width":1548,"height":600,"caption":"Monaco Tribune"},"image":{"@id":"https:\/\/www.monaco-tribune.com\/it\/#\/schema\/logo\/image\/"},"sameAs":["https:\/\/www.facebook.com\/MonacoTribune","https:\/\/x.com\/MonacoTribune","https:\/\/www.instagram.com\/monacotribune\/","https:\/\/www.linkedin.com\/company\/monaco-tribune","https:\/\/www.youtube.com\/channel\/UCHle1MnG6hw1y4lWKijVbMA"]},{"@type":"Person","@id":"https:\/\/www.monaco-tribune.com\/it\/#\/schema\/person\/a855d420fff4d03637641d60b93ac62e","name":"Camille Esteve","image":{"@type":"ImageObject","inLanguage":"it-IT","@id":"https:\/\/secure.gravatar.com\/avatar\/eaaa2355a7bb56c0018a391c20a55bf9b4690e3f493231dd850e612bfa6ce161?s=96&d=mm&r=g","url":"https:\/\/secure.gravatar.com\/avatar\/eaaa2355a7bb56c0018a391c20a55bf9b4690e3f493231dd850e612bfa6ce161?s=96&d=mm&r=g","contentUrl":"https:\/\/secure.gravatar.com\/avatar\/eaaa2355a7bb56c0018a391c20a55bf9b4690e3f493231dd850e612bfa6ce161?s=96&d=mm&r=g","caption":"Camille Esteve"},"url":"https:\/\/www.monaco-tribune.com\/it\/author\/camilleesteve\/"}]}},"_links":{"self":[{"href":"https:\/\/www.monaco-tribune.com\/it\/wp-json\/wp\/v2\/posts\/97980","targetHints":{"allow":["GET"]}}],"collection":[{"href":"https:\/\/www.monaco-tribune.com\/it\/wp-json\/wp\/v2\/posts"}],"about":[{"href":"https:\/\/www.monaco-tribune.com\/it\/wp-json\/wp\/v2\/types\/post"}],"author":[{"embeddable":true,"href":"https:\/\/www.monaco-tribune.com\/it\/wp-json\/wp\/v2\/users\/60"}],"replies":[{"embeddable":true,"href":"https:\/\/www.monaco-tribune.com\/it\/wp-json\/wp\/v2\/comments?post=97980"}],"version-history":[{"count":0,"href":"https:\/\/www.monaco-tribune.com\/it\/wp-json\/wp\/v2\/posts\/97980\/revisions"}],"wp:featuredmedia":[{"embeddable":true,"href":"https:\/\/www.monaco-tribune.com\/it\/wp-json\/wp\/v2\/media\/97605"}],"wp:attachment":[{"href":"https:\/\/www.monaco-tribune.com\/it\/wp-json\/wp\/v2\/media?parent=97980"}],"wp:term":[{"taxonomy":"category","embeddable":true,"href":"https:\/\/www.monaco-tribune.com\/it\/wp-json\/wp\/v2\/categories?post=97980"},{"taxonomy":"post_tag","embeddable":true,"href":"https:\/\/www.monaco-tribune.com\/it\/wp-json\/wp\/v2\/tags?post=97980"},{"taxonomy":"sectag","embeddable":true,"href":"https:\/\/www.monaco-tribune.com\/it\/wp-json\/wp\/v2\/post_sectags?post=97980"},{"taxonomy":"format","embeddable":true,"href":"https:\/\/www.monaco-tribune.com\/it\/wp-json\/wp\/v2\/post_format?post=97980"}],"curies":[{"name":"wp","href":"https:\/\/api.w.org\/{rel}","templated":true}]}}