{"id":98008,"date":"2021-10-27T17:37:59","date_gmt":"2021-10-27T15:37:59","guid":{"rendered":"https:\/\/www.monaco-tribune.com\/2021\/10\/sergey-dyadechko-suscita-interesse-nella-stampa-spagnola\/"},"modified":"2021-10-27T17:38:03","modified_gmt":"2021-10-27T15:38:03","slug":"sergey-dyadechko-suscita-interesse-nella-stampa-spagnola","status":"publish","type":"post","link":"https:\/\/www.monaco-tribune.com\/it\/2021\/10\/sergey-dyadechko-suscita-interesse-nella-stampa-spagnola\/","title":{"rendered":"Sergey Dyadechko suscita interesse nella stampa spagnola"},"content":{"rendered":"\n<p><strong>Poco dopo l&#8217;incontro tra il Real Madrid e l&#8217;AS Monaco Basket, vinto dalla squadra madrilena (94-86), la stampa spagnola ha mostrato il suo interesse nel presidente del Roca Team, Sergey Dyadechko.<\/strong><\/p>\n\n<p>Le fantastiche avventure del Roca Team non sono passate inosservate sull&#8217;altro versante dei Pireni. Principale artefice di un&#8217;ascesa che ha condotto l&#8217;AS Monaco Basket dalla Pro B alle vette del campionato europeo, il presidente del club, Sergey Dyadechko, \u00e8 stato fonte d&#8217;ispirazione per i nostri vicini spagnoli. Perch\u00e9 il successo dell&#8217;AS Monaco Basket, \u00e8 anche il successo di Sergey Dyadechko.<\/p>\n\n<p>Secondo ABC, il quotidiano della capitale spagnola, il presidente dell&#8217;ASM Basket \u00e8 la vera star della squadra monegasca. Come rivela ABC, ma anche AS, il fondatore della banca Rodovid, implicata in un presunto sistema piramidale, \u00e8 atterrato a Monaco nel 2012 per sfuggire da un tentato omicidio nel suo paese.<\/p>\n\n<p><strong>&gt;&gt; LEGGI ANCHE: <\/strong><a href=\"https:\/\/www.monaco-tribune.com\/it\/2021\/09\/as-monaco-basket-3-buone-ragioni-per-sperare-in-una-nuova-stagione-indimenticabile\/\">AS Monaco Basket: 3 buone ragioni per sperare in una nuova stagione indimenticabile<\/a><\/p>\n\n<h2 class=\"wp-block-heading\" id=\"h-il-a-chapp-la-mort-en-ukraine\">Sopravvissuto a un tentato omicidio in Ucraina<\/h2>\n\n<p>Dopo aver subito un attacco ed essere sfuggito a ventisei proiettili a bordo della sua Mercedes, Sergey Dyadechko ha deciso di lasciare l&#8217;Ucraina. Un paese che l&#8217;ha visto realizzare i suoi primi traguardi nel mondo del basket, specialmente in quegli anni a capo del BC Donetsk, la squadra della sua infanzia.<\/p>\n\n<p>Dietro le tante iniziative intraprese per promuovere il basket nel suo paese, si nasconde il suo amore incondizionato per questo sport. Un amore che risale direttamente alla sua infanzia, quando vide con i suoi occhi il gigante Vladimir Tkachenko e l&#8217;attaccante Sarunas Marculionis, campioni indiscussi dell&#8217;URSS negli anni &#8217;80. Oggi, questa passione l&#8217;ha seguito sulla Rocca e l&#8217;ha portato al successo che conosciamo.<\/p>\n\n<p><strong>&gt;&gt; LEGGI ANCHE: <\/strong><a href=\"https:\/\/www.monaco-tribune.com\/it\/2021\/05\/oleksiy-yefimov-il-giovane-architetto-del-roca-team\/\">Oleksiy Yefimov, il giovane architetto del Roca Team<\/a><\/p>\n","protected":false},"excerpt":{"rendered":"<p>Poco dopo l&#8217;incontro tra il Real Madrid e l&#8217;AS Monaco Basket, vinto dalla squadra madrilena (94-86), la stampa spagnola ha [&hellip;]<\/p>\n","protected":false},"author":24,"featured_media":47587,"comment_status":"closed","ping_status":"closed","sticky":false,"template":"","format":"standard","meta":{"_acf_changed":false,"footnotes":""},"categories":[1738,1743],"tags":[3001],"post_sectags":[],"post_format":[2478],"class_list":["post-98008","post","type-post","status-publish","format-standard","has-post-thumbnail","hentry","category-notizie","category-sport-it","tag-roca-team-it","format-notizia"],"acf":[],"yoast_head":"<!-- This site is optimized with the Yoast SEO Premium plugin v26.8 (Yoast SEO v27.4) - https:\/\/yoast.com\/product\/yoast-seo-premium-wordpress\/ -->\n<title>Sergey Dyadechko suscita interesse nella stampa spagnola<\/title>\n<meta name=\"description\" content=\"Poco dopo l&#039;incontro tra il Real Madrid e l&#039;AS Monaco Basket, vinto dalla squadra madrilena (94-86), la stampa spagnola ha mostrato il suo interesse nel\" \/>\n<meta name=\"robots\" content=\"index, follow, max-snippet:-1, max-image-preview:large, max-video-preview:-1\" \/>\n<link rel=\"canonical\" href=\"https:\/\/www.monaco-tribune.com\/it\/2021\/10\/sergey-dyadechko-suscita-interesse-nella-stampa-spagnola\/\" \/>\n<meta property=\"og:locale\" content=\"it_IT\" \/>\n<meta property=\"og:type\" content=\"article\" \/>\n<meta property=\"og:title\" content=\"Sergey Dyadechko suscita interesse nella stampa spagnola - Monaco Tribune\" \/>\n<meta property=\"og:description\" content=\"Poco dopo l&#039;incontro tra il Real Madrid e l&#039;AS Monaco Basket, vinto dalla squadra madrilena (94-86), la stampa spagnola ha mostrato il suo interesse nel\" \/>\n<meta property=\"og:url\" content=\"https:\/\/www.monaco-tribune.com\/it\/2021\/10\/sergey-dyadechko-suscita-interesse-nella-stampa-spagnola\/\" \/>\n<meta property=\"og:site_name\" content=\"Monaco Tribune\" \/>\n<meta property=\"article:publisher\" content=\"https:\/\/www.facebook.com\/MonacoTribune\" \/>\n<meta property=\"article:published_time\" content=\"2021-10-27T15:37:59+00:00\" \/>\n<meta property=\"article:modified_time\" content=\"2021-10-27T15:38:03+00:00\" \/>\n<meta property=\"og:image\" content=\"https:\/\/www.monaco-tribune.com\/wp-content\/uploads\/2020\/11\/sergey-dyadechko-min-1.jpg\" \/>\n\t<meta property=\"og:image:width\" content=\"1200\" \/>\n\t<meta property=\"og:image:height\" content=\"680\" \/>\n\t<meta property=\"og:image:type\" content=\"image\/jpeg\" \/>\n<meta name=\"author\" content=\"Romain Boisaubert\" \/>\n<meta name=\"twitter:card\" content=\"summary_large_image\" \/>\n<meta name=\"twitter:creator\" content=\"@MonacoTribune\" \/>\n<meta name=\"twitter:site\" content=\"@MonacoTribune\" \/>\n<script type=\"application\/ld+json\" class=\"yoast-schema-graph\">{\"@context\":\"https:\\\/\\\/schema.org\",\"@graph\":[{\"@type\":\"NewsArticle\",\"@id\":\"https:\\\/\\\/www.monaco-tribune.com\\\/it\\\/2021\\\/10\\\/sergey-dyadechko-suscita-interesse-nella-stampa-spagnola\\\/#article\",\"isPartOf\":{\"@id\":\"https:\\\/\\\/www.monaco-tribune.com\\\/it\\\/2021\\\/10\\\/sergey-dyadechko-suscita-interesse-nella-stampa-spagnola\\\/\"},\"author\":{\"name\":\"Romain Boisaubert\",\"@id\":\"https:\\\/\\\/www.monaco-tribune.com\\\/it\\\/#\\\/schema\\\/person\\\/330a3732947cf8cb41b2533a0eadd62e\"},\"headline\":\"Sergey Dyadechko suscita interesse nella stampa spagnola\",\"datePublished\":\"2021-10-27T15:37:59+00:00\",\"dateModified\":\"2021-10-27T15:38:03+00:00\",\"mainEntityOfPage\":{\"@id\":\"https:\\\/\\\/www.monaco-tribune.com\\\/it\\\/2021\\\/10\\\/sergey-dyadechko-suscita-interesse-nella-stampa-spagnola\\\/\"},\"wordCount\":305,\"publisher\":{\"@id\":\"https:\\\/\\\/www.monaco-tribune.com\\\/it\\\/#organization\"},\"image\":{\"@id\":\"https:\\\/\\\/www.monaco-tribune.com\\\/it\\\/2021\\\/10\\\/sergey-dyadechko-suscita-interesse-nella-stampa-spagnola\\\/#primaryimage\"},\"thumbnailUrl\":\"https:\\\/\\\/www.monaco-tribune.com\\\/wp-content\\\/uploads\\\/2020\\\/11\\\/sergey-dyadechko-min-1.jpg\",\"keywords\":[\"Roca Team\"],\"articleSection\":[\"Notizie\",\"Sport\"],\"inLanguage\":\"it-IT\",\"copyrightYear\":\"2021\",\"copyrightHolder\":{\"@id\":\"https:\\\/\\\/www.monaco-tribune.com\\\/#organization\"}},{\"@type\":\"WebPage\",\"@id\":\"https:\\\/\\\/www.monaco-tribune.com\\\/it\\\/2021\\\/10\\\/sergey-dyadechko-suscita-interesse-nella-stampa-spagnola\\\/\",\"url\":\"https:\\\/\\\/www.monaco-tribune.com\\\/it\\\/2021\\\/10\\\/sergey-dyadechko-suscita-interesse-nella-stampa-spagnola\\\/\",\"name\":\"Sergey Dyadechko suscita interesse nella stampa spagnola\",\"isPartOf\":{\"@id\":\"https:\\\/\\\/www.monaco-tribune.com\\\/it\\\/#website\"},\"primaryImageOfPage\":{\"@id\":\"https:\\\/\\\/www.monaco-tribune.com\\\/it\\\/2021\\\/10\\\/sergey-dyadechko-suscita-interesse-nella-stampa-spagnola\\\/#primaryimage\"},\"image\":{\"@id\":\"https:\\\/\\\/www.monaco-tribune.com\\\/it\\\/2021\\\/10\\\/sergey-dyadechko-suscita-interesse-nella-stampa-spagnola\\\/#primaryimage\"},\"thumbnailUrl\":\"https:\\\/\\\/www.monaco-tribune.com\\\/wp-content\\\/uploads\\\/2020\\\/11\\\/sergey-dyadechko-min-1.jpg\",\"datePublished\":\"2021-10-27T15:37:59+00:00\",\"dateModified\":\"2021-10-27T15:38:03+00:00\",\"description\":\"Poco dopo l'incontro tra il Real Madrid e l'AS Monaco Basket, vinto dalla squadra madrilena (94-86), la stampa spagnola ha mostrato il suo interesse nel\",\"breadcrumb\":{\"@id\":\"https:\\\/\\\/www.monaco-tribune.com\\\/it\\\/2021\\\/10\\\/sergey-dyadechko-suscita-interesse-nella-stampa-spagnola\\\/#breadcrumb\"},\"inLanguage\":\"it-IT\",\"potentialAction\":[{\"@type\":\"ReadAction\",\"target\":[\"https:\\\/\\\/www.monaco-tribune.com\\\/it\\\/2021\\\/10\\\/sergey-dyadechko-suscita-interesse-nella-stampa-spagnola\\\/\"]}]},{\"@type\":\"ImageObject\",\"inLanguage\":\"it-IT\",\"@id\":\"https:\\\/\\\/www.monaco-tribune.com\\\/it\\\/2021\\\/10\\\/sergey-dyadechko-suscita-interesse-nella-stampa-spagnola\\\/#primaryimage\",\"url\":\"https:\\\/\\\/www.monaco-tribune.com\\\/wp-content\\\/uploads\\\/2020\\\/11\\\/sergey-dyadechko-min-1.jpg\",\"contentUrl\":\"https:\\\/\\\/www.monaco-tribune.com\\\/wp-content\\\/uploads\\\/2020\\\/11\\\/sergey-dyadechko-min-1.jpg\",\"width\":1200,\"height\":680,\"caption\":\"Sergei Dyadechko\"},{\"@type\":\"BreadcrumbList\",\"@id\":\"https:\\\/\\\/www.monaco-tribune.com\\\/it\\\/2021\\\/10\\\/sergey-dyadechko-suscita-interesse-nella-stampa-spagnola\\\/#breadcrumb\",\"itemListElement\":[{\"@type\":\"ListItem\",\"position\":1,\"name\":\"Accueil\",\"item\":\"https:\\\/\\\/www.monaco-tribune.com\\\/it\\\/\"},{\"@type\":\"ListItem\",\"position\":2,\"name\":\"Sergey Dyadechko suscita interesse nella stampa spagnola\"}]},{\"@type\":\"WebSite\",\"@id\":\"https:\\\/\\\/www.monaco-tribune.com\\\/it\\\/#website\",\"url\":\"https:\\\/\\\/www.monaco-tribune.com\\\/it\\\/\",\"name\":\"Monaco Tribune\",\"description\":\"Monaco : actualit\u00e9s \u00e9conomiques, politiques, culturelles et sportives de Monaco et de la French Riviera.\",\"publisher\":{\"@id\":\"https:\\\/\\\/www.monaco-tribune.com\\\/it\\\/#organization\"},\"potentialAction\":[{\"@type\":\"SearchAction\",\"target\":{\"@type\":\"EntryPoint\",\"urlTemplate\":\"https:\\\/\\\/www.monaco-tribune.com\\\/it\\\/?s={search_term_string}\"},\"query-input\":{\"@type\":\"PropertyValueSpecification\",\"valueRequired\":true,\"valueName\":\"search_term_string\"}}],\"inLanguage\":\"it-IT\"},{\"@type\":\"Organization\",\"@id\":\"https:\\\/\\\/www.monaco-tribune.com\\\/it\\\/#organization\",\"name\":\"Monaco Tribune\",\"url\":\"https:\\\/\\\/www.monaco-tribune.com\\\/it\\\/\",\"logo\":{\"@type\":\"ImageObject\",\"inLanguage\":\"it-IT\",\"@id\":\"https:\\\/\\\/www.monaco-tribune.com\\\/it\\\/#\\\/schema\\\/logo\\\/image\\\/\",\"url\":\"https:\\\/\\\/www.monaco-tribune.com\\\/wp-content\\\/uploads\\\/2022\\\/11\\\/logo-monaco-tribune.png\",\"contentUrl\":\"https:\\\/\\\/www.monaco-tribune.com\\\/wp-content\\\/uploads\\\/2022\\\/11\\\/logo-monaco-tribune.png\",\"width\":1548,\"height\":600,\"caption\":\"Monaco Tribune\"},\"image\":{\"@id\":\"https:\\\/\\\/www.monaco-tribune.com\\\/it\\\/#\\\/schema\\\/logo\\\/image\\\/\"},\"sameAs\":[\"https:\\\/\\\/www.facebook.com\\\/MonacoTribune\",\"https:\\\/\\\/x.com\\\/MonacoTribune\",\"https:\\\/\\\/www.instagram.com\\\/monacotribune\\\/\",\"https:\\\/\\\/www.linkedin.com\\\/company\\\/monaco-tribune\",\"https:\\\/\\\/www.youtube.com\\\/channel\\\/UCHle1MnG6hw1y4lWKijVbMA\"]},{\"@type\":\"Person\",\"@id\":\"https:\\\/\\\/www.monaco-tribune.com\\\/it\\\/#\\\/schema\\\/person\\\/330a3732947cf8cb41b2533a0eadd62e\",\"name\":\"Romain Boisaubert\",\"image\":{\"@type\":\"ImageObject\",\"inLanguage\":\"it-IT\",\"@id\":\"https:\\\/\\\/secure.gravatar.com\\\/avatar\\\/f8b90d41f1eabd1cbe4cf59e09d8db41a697d51919bf2dfe727589a24a4a4d54?s=96&d=mm&r=g\",\"url\":\"https:\\\/\\\/secure.gravatar.com\\\/avatar\\\/f8b90d41f1eabd1cbe4cf59e09d8db41a697d51919bf2dfe727589a24a4a4d54?s=96&d=mm&r=g\",\"contentUrl\":\"https:\\\/\\\/secure.gravatar.com\\\/avatar\\\/f8b90d41f1eabd1cbe4cf59e09d8db41a697d51919bf2dfe727589a24a4a4d54?s=96&d=mm&r=g\",\"caption\":\"Romain Boisaubert\"},\"description\":\"Test bio\",\"url\":\"https:\\\/\\\/www.monaco-tribune.com\\\/it\\\/author\\\/romain-boisaubert\\\/\"}]}<\/script>\n<!-- \/ Yoast SEO Premium plugin. -->","yoast_head_json":{"title":"Sergey Dyadechko suscita interesse nella stampa spagnola","description":"Poco dopo l'incontro tra il Real Madrid e l'AS Monaco Basket, vinto dalla squadra madrilena (94-86), la stampa spagnola ha mostrato il suo interesse nel","robots":{"index":"index","follow":"follow","max-snippet":"max-snippet:-1","max-image-preview":"max-image-preview:large","max-video-preview":"max-video-preview:-1"},"canonical":"https:\/\/www.monaco-tribune.com\/it\/2021\/10\/sergey-dyadechko-suscita-interesse-nella-stampa-spagnola\/","og_locale":"it_IT","og_type":"article","og_title":"Sergey Dyadechko suscita interesse nella stampa spagnola - Monaco Tribune","og_description":"Poco dopo l'incontro tra il Real Madrid e l'AS Monaco Basket, vinto dalla squadra madrilena (94-86), la stampa spagnola ha mostrato il suo interesse nel","og_url":"https:\/\/www.monaco-tribune.com\/it\/2021\/10\/sergey-dyadechko-suscita-interesse-nella-stampa-spagnola\/","og_site_name":"Monaco Tribune","article_publisher":"https:\/\/www.facebook.com\/MonacoTribune","article_published_time":"2021-10-27T15:37:59+00:00","article_modified_time":"2021-10-27T15:38:03+00:00","og_image":[{"width":1200,"height":680,"url":"https:\/\/www.monaco-tribune.com\/wp-content\/uploads\/2020\/11\/sergey-dyadechko-min-1.jpg","type":"image\/jpeg"}],"author":"Romain Boisaubert","twitter_card":"summary_large_image","twitter_creator":"@MonacoTribune","twitter_site":"@MonacoTribune","schema":{"@context":"https:\/\/schema.org","@graph":[{"@type":"NewsArticle","@id":"https:\/\/www.monaco-tribune.com\/it\/2021\/10\/sergey-dyadechko-suscita-interesse-nella-stampa-spagnola\/#article","isPartOf":{"@id":"https:\/\/www.monaco-tribune.com\/it\/2021\/10\/sergey-dyadechko-suscita-interesse-nella-stampa-spagnola\/"},"author":{"name":"Romain Boisaubert","@id":"https:\/\/www.monaco-tribune.com\/it\/#\/schema\/person\/330a3732947cf8cb41b2533a0eadd62e"},"headline":"Sergey Dyadechko suscita interesse nella stampa spagnola","datePublished":"2021-10-27T15:37:59+00:00","dateModified":"2021-10-27T15:38:03+00:00","mainEntityOfPage":{"@id":"https:\/\/www.monaco-tribune.com\/it\/2021\/10\/sergey-dyadechko-suscita-interesse-nella-stampa-spagnola\/"},"wordCount":305,"publisher":{"@id":"https:\/\/www.monaco-tribune.com\/it\/#organization"},"image":{"@id":"https:\/\/www.monaco-tribune.com\/it\/2021\/10\/sergey-dyadechko-suscita-interesse-nella-stampa-spagnola\/#primaryimage"},"thumbnailUrl":"https:\/\/www.monaco-tribune.com\/wp-content\/uploads\/2020\/11\/sergey-dyadechko-min-1.jpg","keywords":["Roca Team"],"articleSection":["Notizie","Sport"],"inLanguage":"it-IT","copyrightYear":"2021","copyrightHolder":{"@id":"https:\/\/www.monaco-tribune.com\/#organization"}},{"@type":"WebPage","@id":"https:\/\/www.monaco-tribune.com\/it\/2021\/10\/sergey-dyadechko-suscita-interesse-nella-stampa-spagnola\/","url":"https:\/\/www.monaco-tribune.com\/it\/2021\/10\/sergey-dyadechko-suscita-interesse-nella-stampa-spagnola\/","name":"Sergey Dyadechko suscita interesse nella stampa spagnola","isPartOf":{"@id":"https:\/\/www.monaco-tribune.com\/it\/#website"},"primaryImageOfPage":{"@id":"https:\/\/www.monaco-tribune.com\/it\/2021\/10\/sergey-dyadechko-suscita-interesse-nella-stampa-spagnola\/#primaryimage"},"image":{"@id":"https:\/\/www.monaco-tribune.com\/it\/2021\/10\/sergey-dyadechko-suscita-interesse-nella-stampa-spagnola\/#primaryimage"},"thumbnailUrl":"https:\/\/www.monaco-tribune.com\/wp-content\/uploads\/2020\/11\/sergey-dyadechko-min-1.jpg","datePublished":"2021-10-27T15:37:59+00:00","dateModified":"2021-10-27T15:38:03+00:00","description":"Poco dopo l'incontro tra il Real Madrid e l'AS Monaco Basket, vinto dalla squadra madrilena (94-86), la stampa spagnola ha mostrato il suo interesse nel","breadcrumb":{"@id":"https:\/\/www.monaco-tribune.com\/it\/2021\/10\/sergey-dyadechko-suscita-interesse-nella-stampa-spagnola\/#breadcrumb"},"inLanguage":"it-IT","potentialAction":[{"@type":"ReadAction","target":["https:\/\/www.monaco-tribune.com\/it\/2021\/10\/sergey-dyadechko-suscita-interesse-nella-stampa-spagnola\/"]}]},{"@type":"ImageObject","inLanguage":"it-IT","@id":"https:\/\/www.monaco-tribune.com\/it\/2021\/10\/sergey-dyadechko-suscita-interesse-nella-stampa-spagnola\/#primaryimage","url":"https:\/\/www.monaco-tribune.com\/wp-content\/uploads\/2020\/11\/sergey-dyadechko-min-1.jpg","contentUrl":"https:\/\/www.monaco-tribune.com\/wp-content\/uploads\/2020\/11\/sergey-dyadechko-min-1.jpg","width":1200,"height":680,"caption":"Sergei Dyadechko"},{"@type":"BreadcrumbList","@id":"https:\/\/www.monaco-tribune.com\/it\/2021\/10\/sergey-dyadechko-suscita-interesse-nella-stampa-spagnola\/#breadcrumb","itemListElement":[{"@type":"ListItem","position":1,"name":"Accueil","item":"https:\/\/www.monaco-tribune.com\/it\/"},{"@type":"ListItem","position":2,"name":"Sergey Dyadechko suscita interesse nella stampa spagnola"}]},{"@type":"WebSite","@id":"https:\/\/www.monaco-tribune.com\/it\/#website","url":"https:\/\/www.monaco-tribune.com\/it\/","name":"Monaco Tribune","description":"Monaco : actualit\u00e9s \u00e9conomiques, politiques, culturelles et sportives de Monaco et de la French Riviera.","publisher":{"@id":"https:\/\/www.monaco-tribune.com\/it\/#organization"},"potentialAction":[{"@type":"SearchAction","target":{"@type":"EntryPoint","urlTemplate":"https:\/\/www.monaco-tribune.com\/it\/?s={search_term_string}"},"query-input":{"@type":"PropertyValueSpecification","valueRequired":true,"valueName":"search_term_string"}}],"inLanguage":"it-IT"},{"@type":"Organization","@id":"https:\/\/www.monaco-tribune.com\/it\/#organization","name":"Monaco Tribune","url":"https:\/\/www.monaco-tribune.com\/it\/","logo":{"@type":"ImageObject","inLanguage":"it-IT","@id":"https:\/\/www.monaco-tribune.com\/it\/#\/schema\/logo\/image\/","url":"https:\/\/www.monaco-tribune.com\/wp-content\/uploads\/2022\/11\/logo-monaco-tribune.png","contentUrl":"https:\/\/www.monaco-tribune.com\/wp-content\/uploads\/2022\/11\/logo-monaco-tribune.png","width":1548,"height":600,"caption":"Monaco Tribune"},"image":{"@id":"https:\/\/www.monaco-tribune.com\/it\/#\/schema\/logo\/image\/"},"sameAs":["https:\/\/www.facebook.com\/MonacoTribune","https:\/\/x.com\/MonacoTribune","https:\/\/www.instagram.com\/monacotribune\/","https:\/\/www.linkedin.com\/company\/monaco-tribune","https:\/\/www.youtube.com\/channel\/UCHle1MnG6hw1y4lWKijVbMA"]},{"@type":"Person","@id":"https:\/\/www.monaco-tribune.com\/it\/#\/schema\/person\/330a3732947cf8cb41b2533a0eadd62e","name":"Romain Boisaubert","image":{"@type":"ImageObject","inLanguage":"it-IT","@id":"https:\/\/secure.gravatar.com\/avatar\/f8b90d41f1eabd1cbe4cf59e09d8db41a697d51919bf2dfe727589a24a4a4d54?s=96&d=mm&r=g","url":"https:\/\/secure.gravatar.com\/avatar\/f8b90d41f1eabd1cbe4cf59e09d8db41a697d51919bf2dfe727589a24a4a4d54?s=96&d=mm&r=g","contentUrl":"https:\/\/secure.gravatar.com\/avatar\/f8b90d41f1eabd1cbe4cf59e09d8db41a697d51919bf2dfe727589a24a4a4d54?s=96&d=mm&r=g","caption":"Romain Boisaubert"},"description":"Test bio","url":"https:\/\/www.monaco-tribune.com\/it\/author\/romain-boisaubert\/"}]}},"_links":{"self":[{"href":"https:\/\/www.monaco-tribune.com\/it\/wp-json\/wp\/v2\/posts\/98008","targetHints":{"allow":["GET"]}}],"collection":[{"href":"https:\/\/www.monaco-tribune.com\/it\/wp-json\/wp\/v2\/posts"}],"about":[{"href":"https:\/\/www.monaco-tribune.com\/it\/wp-json\/wp\/v2\/types\/post"}],"author":[{"embeddable":true,"href":"https:\/\/www.monaco-tribune.com\/it\/wp-json\/wp\/v2\/users\/24"}],"replies":[{"embeddable":true,"href":"https:\/\/www.monaco-tribune.com\/it\/wp-json\/wp\/v2\/comments?post=98008"}],"version-history":[{"count":0,"href":"https:\/\/www.monaco-tribune.com\/it\/wp-json\/wp\/v2\/posts\/98008\/revisions"}],"wp:featuredmedia":[{"embeddable":true,"href":"https:\/\/www.monaco-tribune.com\/it\/wp-json\/wp\/v2\/media\/47587"}],"wp:attachment":[{"href":"https:\/\/www.monaco-tribune.com\/it\/wp-json\/wp\/v2\/media?parent=98008"}],"wp:term":[{"taxonomy":"category","embeddable":true,"href":"https:\/\/www.monaco-tribune.com\/it\/wp-json\/wp\/v2\/categories?post=98008"},{"taxonomy":"post_tag","embeddable":true,"href":"https:\/\/www.monaco-tribune.com\/it\/wp-json\/wp\/v2\/tags?post=98008"},{"taxonomy":"sectag","embeddable":true,"href":"https:\/\/www.monaco-tribune.com\/it\/wp-json\/wp\/v2\/post_sectags?post=98008"},{"taxonomy":"format","embeddable":true,"href":"https:\/\/www.monaco-tribune.com\/it\/wp-json\/wp\/v2\/post_format?post=98008"}],"curies":[{"name":"wp","href":"https:\/\/api.w.org\/{rel}","templated":true}]}}