{"id":98456,"date":"2021-11-03T17:17:27","date_gmt":"2021-11-03T16:17:27","guid":{"rendered":"https:\/\/www.monaco-tribune.com\/2021\/11\/cop26-il-principe-alberto-ii-invita-a-un-impegno-serio-per-salvaguardare-gli-oceani\/"},"modified":"2021-11-03T17:19:39","modified_gmt":"2021-11-03T16:19:39","slug":"cop26-il-principe-alberto-ii-invita-a-un-impegno-serio-per-salvaguardare-gli-oceani","status":"publish","type":"post","link":"https:\/\/www.monaco-tribune.com\/it\/2021\/11\/cop26-il-principe-alberto-ii-invita-a-un-impegno-serio-per-salvaguardare-gli-oceani\/","title":{"rendered":"COP26: Il Principe Alberto II invita a un impegno serio per la salvaguardia degli oceani"},"content":{"rendered":"\n<p><strong>L&#8217;iniziativa &#8220;Because the Ocean&#8221; ci ricorda che per preservare il clima dobbiamo prima salvaguardare gli oceani.<\/strong><\/p>\n\n\n\n<p>Il 31 ottobre, si \u00e8 tenuta la prima giornata della COP26. Durante un evento speciale organizzato all&#8217;Universit\u00e0 di Edimburgo, il Principe Alberto II, insieme a tanti altri leader mondiali, ha lanciato la terza dichiarazione dell&#8217;iniziativa &#8220;Because the Ocean&#8221;.<\/p>\n\n\n\n<p>Questa dichiarazione \u00e8 un appello a prendere seriamente in considerazione il legame che unisce gli oceani, il clima e la biodiversit\u00e0 e a proporre soluzioni pi\u00f9 ambiziose per proteggere le nostre acque e lottare contro il riscaldamento globale.<\/p>\n\n\n\n<p><strong>&gt;&gt; LEGGI ANCHE:<\/strong> <a href=\"https:\/\/www.monaco-tribune.com\/it\/2021\/08\/cambiamenti-climatici-come-cambiera-la-vita-nel-principato\/\">Cambiamenti climatici: come cambier\u00e0 la vita nel Principato?<\/a><\/p>\n\n\n\n<h2 class=\"wp-block-heading\" id=\"h-un-impegno-a-lungo-termine\">Un impegno a lungo termine<\/h2>\n\n\n\n<p>I firmatari dovranno impegnarsi per eliminare progressivamente le emissioni di gas effetto serra legate al trasporto marittimo internazionale. Si impegneranno, inoltre, a incentivare lo sviluppo di fonti rinnovabili di energia marina pulita e a sostenere l&#8217;intensificazione di risorse pubbliche e private a sostegno dell&#8217;adattamento al clima e dell&#8217;attenuazione dei suoi effetti sull&#8217;oceano. Infine, le parti dovranno impegnarsi a collaborare con l&#8217;IPCC per ottenere questi obiettivi nel miglior modo possibile.<\/p>\n\n\n\n<p>Dopo aver ricordato il ruolo essenziale dell&#8217;oceano nel controllare il clima, assorbendo oltre il 25% di emissioni di CO2 e il 90% del calore in eccesso dovuto al riscaldamento globale, il Principe Sovrano ha dichiarato: &#8220;Dobbiamo esplorare tutte le potenzialit\u00e0 dell&#8217;oceano e sforzarci di conoscerlo pi\u00f9 a fondo, sviluppare strumenti di conservazione, incrementare le risorse impiegate per promuoverlo, migliorarne la gestione e prendere in maggior considerazione le problematiche legate a esso in tutte le negoziazioni delle Nazioni Unite&#8221;.<\/p>\n\n\n\n<p>Il 2 novembre, il Principe Alberto ha anche espresso il suo rammarico nel ritardo accumulato nell&#8217;ambito dell&#8217;Accordo di Parigi del 2015 e del cambiamento climatico. Ciononostante, non perde la speranza e ricorda che oggi &#8220;esistono le soluzioni per salvaguardare la natura e permettere al genere umano di evolversi&#8221;.<\/p>\n\n\n\n<p><strong>&gt;&gt; LEGGI ANCHE: <\/strong><a href=\"https:\/\/www.monaco-tribune.com\/it\/2021\/09\/congresso-mondiale-della-natura-il-discorso-di-principe-alberto-sulla-salvaguardia-degli-oceani\/\">Congresso Mondiale della Natura: il discorso di Principe Alberto sulla salvaguardia degli oceani<\/a><\/p>\n","protected":false},"excerpt":{"rendered":"<p>L&#8217;iniziativa &#8220;Because the Ocean&#8221; ci ricorda che per preservare il clima dobbiamo prima salvaguardare gli oceani. Il 31 ottobre, si [&hellip;]<\/p>\n","protected":false},"author":60,"featured_media":98442,"comment_status":"closed","ping_status":"closed","sticky":false,"template":"","format":"standard","meta":{"_acf_changed":false,"footnotes":""},"categories":[1839,1826,1738],"tags":[],"post_sectags":[],"post_format":[2478],"class_list":["post-98456","post","type-post","status-publish","format-standard","has-post-thumbnail","hentry","category-green","category-la-nostra-scelta","category-notizie","format-notizia"],"acf":[],"yoast_head":"<!-- This site is optimized with the Yoast SEO Premium plugin v26.8 (Yoast SEO v27.4) - https:\/\/yoast.com\/product\/yoast-seo-premium-wordpress\/ -->\n<title>COP26: Il Principe Alberto II invita a un impegno serio per la salvaguardia degli oceani<\/title>\n<meta name=\"description\" content=\"L&#039;iniziativa &quot;Because the Ocean&quot; ci ricorda che per preservare il clima dobbiamo prima salvaguardare gli oceani. Il 31 ottobre, si \u00e8 tenuta la prima\" \/>\n<meta name=\"robots\" content=\"index, follow, max-snippet:-1, max-image-preview:large, max-video-preview:-1\" \/>\n<link rel=\"canonical\" href=\"https:\/\/www.monaco-tribune.com\/it\/2021\/11\/cop26-il-principe-alberto-ii-invita-a-un-impegno-serio-per-salvaguardare-gli-oceani\/\" \/>\n<meta property=\"og:locale\" content=\"it_IT\" \/>\n<meta property=\"og:type\" content=\"article\" \/>\n<meta property=\"og:title\" content=\"COP26: Il Principe Alberto II invita a un impegno serio per la salvaguardia degli oceani - Monaco Tribune\" \/>\n<meta property=\"og:description\" content=\"L&#039;iniziativa &quot;Because the Ocean&quot; ci ricorda che per preservare il clima dobbiamo prima salvaguardare gli oceani. Il 31 ottobre, si \u00e8 tenuta la prima\" \/>\n<meta property=\"og:url\" content=\"https:\/\/www.monaco-tribune.com\/it\/2021\/11\/cop26-il-principe-alberto-ii-invita-a-un-impegno-serio-per-salvaguardare-gli-oceani\/\" \/>\n<meta property=\"og:site_name\" content=\"Monaco Tribune\" \/>\n<meta property=\"article:publisher\" content=\"https:\/\/www.facebook.com\/MonacoTribune\" \/>\n<meta property=\"article:published_time\" content=\"2021-11-03T16:17:27+00:00\" \/>\n<meta property=\"article:modified_time\" content=\"2021-11-03T16:19:39+00:00\" \/>\n<meta property=\"og:image\" content=\"https:\/\/www.monaco-tribune.com\/wp-content\/uploads\/2021\/11\/cop26.jpeg\" \/>\n\t<meta property=\"og:image:width\" content=\"1200\" \/>\n\t<meta property=\"og:image:height\" content=\"800\" \/>\n\t<meta property=\"og:image:type\" content=\"image\/jpeg\" \/>\n<meta name=\"author\" content=\"Camille Esteve\" \/>\n<meta name=\"twitter:card\" content=\"summary_large_image\" \/>\n<meta name=\"twitter:creator\" content=\"@MonacoTribune\" \/>\n<meta name=\"twitter:site\" content=\"@MonacoTribune\" \/>\n<script type=\"application\/ld+json\" class=\"yoast-schema-graph\">{\"@context\":\"https:\\\/\\\/schema.org\",\"@graph\":[{\"@type\":\"NewsArticle\",\"@id\":\"https:\\\/\\\/www.monaco-tribune.com\\\/it\\\/2021\\\/11\\\/cop26-il-principe-alberto-ii-invita-a-un-impegno-serio-per-salvaguardare-gli-oceani\\\/#article\",\"isPartOf\":{\"@id\":\"https:\\\/\\\/www.monaco-tribune.com\\\/it\\\/2021\\\/11\\\/cop26-il-principe-alberto-ii-invita-a-un-impegno-serio-per-salvaguardare-gli-oceani\\\/\"},\"author\":{\"name\":\"Camille Esteve\",\"@id\":\"https:\\\/\\\/www.monaco-tribune.com\\\/it\\\/#\\\/schema\\\/person\\\/a855d420fff4d03637641d60b93ac62e\"},\"headline\":\"COP26: Il Principe Alberto II invita a un impegno serio per la salvaguardia degli oceani\",\"datePublished\":\"2021-11-03T16:17:27+00:00\",\"dateModified\":\"2021-11-03T16:19:39+00:00\",\"mainEntityOfPage\":{\"@id\":\"https:\\\/\\\/www.monaco-tribune.com\\\/it\\\/2021\\\/11\\\/cop26-il-principe-alberto-ii-invita-a-un-impegno-serio-per-salvaguardare-gli-oceani\\\/\"},\"wordCount\":341,\"publisher\":{\"@id\":\"https:\\\/\\\/www.monaco-tribune.com\\\/it\\\/#organization\"},\"image\":{\"@id\":\"https:\\\/\\\/www.monaco-tribune.com\\\/it\\\/2021\\\/11\\\/cop26-il-principe-alberto-ii-invita-a-un-impegno-serio-per-salvaguardare-gli-oceani\\\/#primaryimage\"},\"thumbnailUrl\":\"https:\\\/\\\/www.monaco-tribune.com\\\/wp-content\\\/uploads\\\/2021\\\/11\\\/cop26.jpeg\",\"articleSection\":[\"Green\",\"La nostra scelta\",\"Notizie\"],\"inLanguage\":\"it-IT\",\"copyrightYear\":\"2021\",\"copyrightHolder\":{\"@id\":\"https:\\\/\\\/www.monaco-tribune.com\\\/#organization\"}},{\"@type\":\"WebPage\",\"@id\":\"https:\\\/\\\/www.monaco-tribune.com\\\/it\\\/2021\\\/11\\\/cop26-il-principe-alberto-ii-invita-a-un-impegno-serio-per-salvaguardare-gli-oceani\\\/\",\"url\":\"https:\\\/\\\/www.monaco-tribune.com\\\/it\\\/2021\\\/11\\\/cop26-il-principe-alberto-ii-invita-a-un-impegno-serio-per-salvaguardare-gli-oceani\\\/\",\"name\":\"COP26: Il Principe Alberto II invita a un impegno serio per la salvaguardia degli oceani\",\"isPartOf\":{\"@id\":\"https:\\\/\\\/www.monaco-tribune.com\\\/it\\\/#website\"},\"primaryImageOfPage\":{\"@id\":\"https:\\\/\\\/www.monaco-tribune.com\\\/it\\\/2021\\\/11\\\/cop26-il-principe-alberto-ii-invita-a-un-impegno-serio-per-salvaguardare-gli-oceani\\\/#primaryimage\"},\"image\":{\"@id\":\"https:\\\/\\\/www.monaco-tribune.com\\\/it\\\/2021\\\/11\\\/cop26-il-principe-alberto-ii-invita-a-un-impegno-serio-per-salvaguardare-gli-oceani\\\/#primaryimage\"},\"thumbnailUrl\":\"https:\\\/\\\/www.monaco-tribune.com\\\/wp-content\\\/uploads\\\/2021\\\/11\\\/cop26.jpeg\",\"datePublished\":\"2021-11-03T16:17:27+00:00\",\"dateModified\":\"2021-11-03T16:19:39+00:00\",\"description\":\"L'iniziativa \\\"Because the Ocean\\\" ci ricorda che per preservare il clima dobbiamo prima salvaguardare gli oceani. Il 31 ottobre, si \u00e8 tenuta la prima\",\"breadcrumb\":{\"@id\":\"https:\\\/\\\/www.monaco-tribune.com\\\/it\\\/2021\\\/11\\\/cop26-il-principe-alberto-ii-invita-a-un-impegno-serio-per-salvaguardare-gli-oceani\\\/#breadcrumb\"},\"inLanguage\":\"it-IT\",\"potentialAction\":[{\"@type\":\"ReadAction\",\"target\":[\"https:\\\/\\\/www.monaco-tribune.com\\\/it\\\/2021\\\/11\\\/cop26-il-principe-alberto-ii-invita-a-un-impegno-serio-per-salvaguardare-gli-oceani\\\/\"]}]},{\"@type\":\"ImageObject\",\"inLanguage\":\"it-IT\",\"@id\":\"https:\\\/\\\/www.monaco-tribune.com\\\/it\\\/2021\\\/11\\\/cop26-il-principe-alberto-ii-invita-a-un-impegno-serio-per-salvaguardare-gli-oceani\\\/#primaryimage\",\"url\":\"https:\\\/\\\/www.monaco-tribune.com\\\/wp-content\\\/uploads\\\/2021\\\/11\\\/cop26.jpeg\",\"contentUrl\":\"https:\\\/\\\/www.monaco-tribune.com\\\/wp-content\\\/uploads\\\/2021\\\/11\\\/cop26.jpeg\",\"width\":1200,\"height\":800,\"caption\":\"Gaetan Luci \\\/ Palais Princier\"},{\"@type\":\"BreadcrumbList\",\"@id\":\"https:\\\/\\\/www.monaco-tribune.com\\\/it\\\/2021\\\/11\\\/cop26-il-principe-alberto-ii-invita-a-un-impegno-serio-per-salvaguardare-gli-oceani\\\/#breadcrumb\",\"itemListElement\":[{\"@type\":\"ListItem\",\"position\":1,\"name\":\"Accueil\",\"item\":\"https:\\\/\\\/www.monaco-tribune.com\\\/it\\\/\"},{\"@type\":\"ListItem\",\"position\":2,\"name\":\"COP26: Il Principe Alberto II invita a un impegno serio per la salvaguardia degli oceani\"}]},{\"@type\":\"WebSite\",\"@id\":\"https:\\\/\\\/www.monaco-tribune.com\\\/it\\\/#website\",\"url\":\"https:\\\/\\\/www.monaco-tribune.com\\\/it\\\/\",\"name\":\"Monaco Tribune\",\"description\":\"Monaco : actualit\u00e9s \u00e9conomiques, politiques, culturelles et sportives de Monaco et de la French Riviera.\",\"publisher\":{\"@id\":\"https:\\\/\\\/www.monaco-tribune.com\\\/it\\\/#organization\"},\"potentialAction\":[{\"@type\":\"SearchAction\",\"target\":{\"@type\":\"EntryPoint\",\"urlTemplate\":\"https:\\\/\\\/www.monaco-tribune.com\\\/it\\\/?s={search_term_string}\"},\"query-input\":{\"@type\":\"PropertyValueSpecification\",\"valueRequired\":true,\"valueName\":\"search_term_string\"}}],\"inLanguage\":\"it-IT\"},{\"@type\":\"Organization\",\"@id\":\"https:\\\/\\\/www.monaco-tribune.com\\\/it\\\/#organization\",\"name\":\"Monaco Tribune\",\"url\":\"https:\\\/\\\/www.monaco-tribune.com\\\/it\\\/\",\"logo\":{\"@type\":\"ImageObject\",\"inLanguage\":\"it-IT\",\"@id\":\"https:\\\/\\\/www.monaco-tribune.com\\\/it\\\/#\\\/schema\\\/logo\\\/image\\\/\",\"url\":\"https:\\\/\\\/www.monaco-tribune.com\\\/wp-content\\\/uploads\\\/2022\\\/11\\\/logo-monaco-tribune.png\",\"contentUrl\":\"https:\\\/\\\/www.monaco-tribune.com\\\/wp-content\\\/uploads\\\/2022\\\/11\\\/logo-monaco-tribune.png\",\"width\":1548,\"height\":600,\"caption\":\"Monaco Tribune\"},\"image\":{\"@id\":\"https:\\\/\\\/www.monaco-tribune.com\\\/it\\\/#\\\/schema\\\/logo\\\/image\\\/\"},\"sameAs\":[\"https:\\\/\\\/www.facebook.com\\\/MonacoTribune\",\"https:\\\/\\\/x.com\\\/MonacoTribune\",\"https:\\\/\\\/www.instagram.com\\\/monacotribune\\\/\",\"https:\\\/\\\/www.linkedin.com\\\/company\\\/monaco-tribune\",\"https:\\\/\\\/www.youtube.com\\\/channel\\\/UCHle1MnG6hw1y4lWKijVbMA\"]},{\"@type\":\"Person\",\"@id\":\"https:\\\/\\\/www.monaco-tribune.com\\\/it\\\/#\\\/schema\\\/person\\\/a855d420fff4d03637641d60b93ac62e\",\"name\":\"Camille Esteve\",\"image\":{\"@type\":\"ImageObject\",\"inLanguage\":\"it-IT\",\"@id\":\"https:\\\/\\\/secure.gravatar.com\\\/avatar\\\/eaaa2355a7bb56c0018a391c20a55bf9b4690e3f493231dd850e612bfa6ce161?s=96&d=mm&r=g\",\"url\":\"https:\\\/\\\/secure.gravatar.com\\\/avatar\\\/eaaa2355a7bb56c0018a391c20a55bf9b4690e3f493231dd850e612bfa6ce161?s=96&d=mm&r=g\",\"contentUrl\":\"https:\\\/\\\/secure.gravatar.com\\\/avatar\\\/eaaa2355a7bb56c0018a391c20a55bf9b4690e3f493231dd850e612bfa6ce161?s=96&d=mm&r=g\",\"caption\":\"Camille Esteve\"},\"url\":\"https:\\\/\\\/www.monaco-tribune.com\\\/it\\\/author\\\/camilleesteve\\\/\"}]}<\/script>\n<!-- \/ Yoast SEO Premium plugin. -->","yoast_head_json":{"title":"COP26: Il Principe Alberto II invita a un impegno serio per la salvaguardia degli oceani","description":"L'iniziativa \"Because the Ocean\" ci ricorda che per preservare il clima dobbiamo prima salvaguardare gli oceani. Il 31 ottobre, si \u00e8 tenuta la prima","robots":{"index":"index","follow":"follow","max-snippet":"max-snippet:-1","max-image-preview":"max-image-preview:large","max-video-preview":"max-video-preview:-1"},"canonical":"https:\/\/www.monaco-tribune.com\/it\/2021\/11\/cop26-il-principe-alberto-ii-invita-a-un-impegno-serio-per-salvaguardare-gli-oceani\/","og_locale":"it_IT","og_type":"article","og_title":"COP26: Il Principe Alberto II invita a un impegno serio per la salvaguardia degli oceani - Monaco Tribune","og_description":"L'iniziativa \"Because the Ocean\" ci ricorda che per preservare il clima dobbiamo prima salvaguardare gli oceani. Il 31 ottobre, si \u00e8 tenuta la prima","og_url":"https:\/\/www.monaco-tribune.com\/it\/2021\/11\/cop26-il-principe-alberto-ii-invita-a-un-impegno-serio-per-salvaguardare-gli-oceani\/","og_site_name":"Monaco Tribune","article_publisher":"https:\/\/www.facebook.com\/MonacoTribune","article_published_time":"2021-11-03T16:17:27+00:00","article_modified_time":"2021-11-03T16:19:39+00:00","og_image":[{"width":1200,"height":800,"url":"https:\/\/www.monaco-tribune.com\/wp-content\/uploads\/2021\/11\/cop26.jpeg","type":"image\/jpeg"}],"author":"Camille Esteve","twitter_card":"summary_large_image","twitter_creator":"@MonacoTribune","twitter_site":"@MonacoTribune","schema":{"@context":"https:\/\/schema.org","@graph":[{"@type":"NewsArticle","@id":"https:\/\/www.monaco-tribune.com\/it\/2021\/11\/cop26-il-principe-alberto-ii-invita-a-un-impegno-serio-per-salvaguardare-gli-oceani\/#article","isPartOf":{"@id":"https:\/\/www.monaco-tribune.com\/it\/2021\/11\/cop26-il-principe-alberto-ii-invita-a-un-impegno-serio-per-salvaguardare-gli-oceani\/"},"author":{"name":"Camille Esteve","@id":"https:\/\/www.monaco-tribune.com\/it\/#\/schema\/person\/a855d420fff4d03637641d60b93ac62e"},"headline":"COP26: Il Principe Alberto II invita a un impegno serio per la salvaguardia degli oceani","datePublished":"2021-11-03T16:17:27+00:00","dateModified":"2021-11-03T16:19:39+00:00","mainEntityOfPage":{"@id":"https:\/\/www.monaco-tribune.com\/it\/2021\/11\/cop26-il-principe-alberto-ii-invita-a-un-impegno-serio-per-salvaguardare-gli-oceani\/"},"wordCount":341,"publisher":{"@id":"https:\/\/www.monaco-tribune.com\/it\/#organization"},"image":{"@id":"https:\/\/www.monaco-tribune.com\/it\/2021\/11\/cop26-il-principe-alberto-ii-invita-a-un-impegno-serio-per-salvaguardare-gli-oceani\/#primaryimage"},"thumbnailUrl":"https:\/\/www.monaco-tribune.com\/wp-content\/uploads\/2021\/11\/cop26.jpeg","articleSection":["Green","La nostra scelta","Notizie"],"inLanguage":"it-IT","copyrightYear":"2021","copyrightHolder":{"@id":"https:\/\/www.monaco-tribune.com\/#organization"}},{"@type":"WebPage","@id":"https:\/\/www.monaco-tribune.com\/it\/2021\/11\/cop26-il-principe-alberto-ii-invita-a-un-impegno-serio-per-salvaguardare-gli-oceani\/","url":"https:\/\/www.monaco-tribune.com\/it\/2021\/11\/cop26-il-principe-alberto-ii-invita-a-un-impegno-serio-per-salvaguardare-gli-oceani\/","name":"COP26: Il Principe Alberto II invita a un impegno serio per la salvaguardia degli oceani","isPartOf":{"@id":"https:\/\/www.monaco-tribune.com\/it\/#website"},"primaryImageOfPage":{"@id":"https:\/\/www.monaco-tribune.com\/it\/2021\/11\/cop26-il-principe-alberto-ii-invita-a-un-impegno-serio-per-salvaguardare-gli-oceani\/#primaryimage"},"image":{"@id":"https:\/\/www.monaco-tribune.com\/it\/2021\/11\/cop26-il-principe-alberto-ii-invita-a-un-impegno-serio-per-salvaguardare-gli-oceani\/#primaryimage"},"thumbnailUrl":"https:\/\/www.monaco-tribune.com\/wp-content\/uploads\/2021\/11\/cop26.jpeg","datePublished":"2021-11-03T16:17:27+00:00","dateModified":"2021-11-03T16:19:39+00:00","description":"L'iniziativa \"Because the Ocean\" ci ricorda che per preservare il clima dobbiamo prima salvaguardare gli oceani. Il 31 ottobre, si \u00e8 tenuta la prima","breadcrumb":{"@id":"https:\/\/www.monaco-tribune.com\/it\/2021\/11\/cop26-il-principe-alberto-ii-invita-a-un-impegno-serio-per-salvaguardare-gli-oceani\/#breadcrumb"},"inLanguage":"it-IT","potentialAction":[{"@type":"ReadAction","target":["https:\/\/www.monaco-tribune.com\/it\/2021\/11\/cop26-il-principe-alberto-ii-invita-a-un-impegno-serio-per-salvaguardare-gli-oceani\/"]}]},{"@type":"ImageObject","inLanguage":"it-IT","@id":"https:\/\/www.monaco-tribune.com\/it\/2021\/11\/cop26-il-principe-alberto-ii-invita-a-un-impegno-serio-per-salvaguardare-gli-oceani\/#primaryimage","url":"https:\/\/www.monaco-tribune.com\/wp-content\/uploads\/2021\/11\/cop26.jpeg","contentUrl":"https:\/\/www.monaco-tribune.com\/wp-content\/uploads\/2021\/11\/cop26.jpeg","width":1200,"height":800,"caption":"Gaetan Luci \/ Palais Princier"},{"@type":"BreadcrumbList","@id":"https:\/\/www.monaco-tribune.com\/it\/2021\/11\/cop26-il-principe-alberto-ii-invita-a-un-impegno-serio-per-salvaguardare-gli-oceani\/#breadcrumb","itemListElement":[{"@type":"ListItem","position":1,"name":"Accueil","item":"https:\/\/www.monaco-tribune.com\/it\/"},{"@type":"ListItem","position":2,"name":"COP26: Il Principe Alberto II invita a un impegno serio per la salvaguardia degli oceani"}]},{"@type":"WebSite","@id":"https:\/\/www.monaco-tribune.com\/it\/#website","url":"https:\/\/www.monaco-tribune.com\/it\/","name":"Monaco Tribune","description":"Monaco : actualit\u00e9s \u00e9conomiques, politiques, culturelles et sportives de Monaco et de la French Riviera.","publisher":{"@id":"https:\/\/www.monaco-tribune.com\/it\/#organization"},"potentialAction":[{"@type":"SearchAction","target":{"@type":"EntryPoint","urlTemplate":"https:\/\/www.monaco-tribune.com\/it\/?s={search_term_string}"},"query-input":{"@type":"PropertyValueSpecification","valueRequired":true,"valueName":"search_term_string"}}],"inLanguage":"it-IT"},{"@type":"Organization","@id":"https:\/\/www.monaco-tribune.com\/it\/#organization","name":"Monaco Tribune","url":"https:\/\/www.monaco-tribune.com\/it\/","logo":{"@type":"ImageObject","inLanguage":"it-IT","@id":"https:\/\/www.monaco-tribune.com\/it\/#\/schema\/logo\/image\/","url":"https:\/\/www.monaco-tribune.com\/wp-content\/uploads\/2022\/11\/logo-monaco-tribune.png","contentUrl":"https:\/\/www.monaco-tribune.com\/wp-content\/uploads\/2022\/11\/logo-monaco-tribune.png","width":1548,"height":600,"caption":"Monaco Tribune"},"image":{"@id":"https:\/\/www.monaco-tribune.com\/it\/#\/schema\/logo\/image\/"},"sameAs":["https:\/\/www.facebook.com\/MonacoTribune","https:\/\/x.com\/MonacoTribune","https:\/\/www.instagram.com\/monacotribune\/","https:\/\/www.linkedin.com\/company\/monaco-tribune","https:\/\/www.youtube.com\/channel\/UCHle1MnG6hw1y4lWKijVbMA"]},{"@type":"Person","@id":"https:\/\/www.monaco-tribune.com\/it\/#\/schema\/person\/a855d420fff4d03637641d60b93ac62e","name":"Camille Esteve","image":{"@type":"ImageObject","inLanguage":"it-IT","@id":"https:\/\/secure.gravatar.com\/avatar\/eaaa2355a7bb56c0018a391c20a55bf9b4690e3f493231dd850e612bfa6ce161?s=96&d=mm&r=g","url":"https:\/\/secure.gravatar.com\/avatar\/eaaa2355a7bb56c0018a391c20a55bf9b4690e3f493231dd850e612bfa6ce161?s=96&d=mm&r=g","contentUrl":"https:\/\/secure.gravatar.com\/avatar\/eaaa2355a7bb56c0018a391c20a55bf9b4690e3f493231dd850e612bfa6ce161?s=96&d=mm&r=g","caption":"Camille Esteve"},"url":"https:\/\/www.monaco-tribune.com\/it\/author\/camilleesteve\/"}]}},"_links":{"self":[{"href":"https:\/\/www.monaco-tribune.com\/it\/wp-json\/wp\/v2\/posts\/98456","targetHints":{"allow":["GET"]}}],"collection":[{"href":"https:\/\/www.monaco-tribune.com\/it\/wp-json\/wp\/v2\/posts"}],"about":[{"href":"https:\/\/www.monaco-tribune.com\/it\/wp-json\/wp\/v2\/types\/post"}],"author":[{"embeddable":true,"href":"https:\/\/www.monaco-tribune.com\/it\/wp-json\/wp\/v2\/users\/60"}],"replies":[{"embeddable":true,"href":"https:\/\/www.monaco-tribune.com\/it\/wp-json\/wp\/v2\/comments?post=98456"}],"version-history":[{"count":0,"href":"https:\/\/www.monaco-tribune.com\/it\/wp-json\/wp\/v2\/posts\/98456\/revisions"}],"wp:featuredmedia":[{"embeddable":true,"href":"https:\/\/www.monaco-tribune.com\/it\/wp-json\/wp\/v2\/media\/98442"}],"wp:attachment":[{"href":"https:\/\/www.monaco-tribune.com\/it\/wp-json\/wp\/v2\/media?parent=98456"}],"wp:term":[{"taxonomy":"category","embeddable":true,"href":"https:\/\/www.monaco-tribune.com\/it\/wp-json\/wp\/v2\/categories?post=98456"},{"taxonomy":"post_tag","embeddable":true,"href":"https:\/\/www.monaco-tribune.com\/it\/wp-json\/wp\/v2\/tags?post=98456"},{"taxonomy":"sectag","embeddable":true,"href":"https:\/\/www.monaco-tribune.com\/it\/wp-json\/wp\/v2\/post_sectags?post=98456"},{"taxonomy":"format","embeddable":true,"href":"https:\/\/www.monaco-tribune.com\/it\/wp-json\/wp\/v2\/post_format?post=98456"}],"curies":[{"name":"wp","href":"https:\/\/api.w.org\/{rel}","templated":true}]}}